{"id":65798,"date":"2018-01-12T17:40:12","date_gmt":"2018-01-12T23:40:12","guid":{"rendered":"https:\/\/centrourbano.com\/?p=65798"},"modified":"2018-01-12T17:45:21","modified_gmt":"2018-01-12T23:45:21","slug":"convocatoria-propuestas-urbanas","status":"publish","type":"post","link":"https:\/\/centrourbano.com\/revista\/urbanismo\/convocatoria-propuestas-urbanas\/","title":{"rendered":"Inicia convocatoria para generar 10 propuestas urbanas"},"content":{"rendered":"<p><em>Tienes hasta el 19 de enero para enviar tu idea de como organizar mejor las ciudades<\/em><br \/>\n<!--more--><\/p>\n<p>La convocatoria \u201910 propuestas urbanas\u2019 es una iniciativa de la sociedad civil surgida a partir de una idea del C<a href=\"https:\/\/comunicacion081.wixsite.com\/colegiodeurbanistas\" target=\"_blank\" rel=\"noopener noreferrer\"><strong>olegio de Urbanistas de M\u00e9xico<\/strong><\/a> y <a href=\"http:\/\/foropolis.org\" target=\"_blank\" rel=\"noopener noreferrer\"><strong>Foropolis M\u00e9xico<\/strong><\/a>, en la que diferentes organizaciones de urbanismo y territorio, as\u00ed como instituciones acad\u00e9micas, para crear una agenda con las mejores propuestas y presentarlas a quienes contiendan en las pr\u00f3ximas elecciones.<\/p>\n<p>El objetivo es vincular a quienes tengan ideas para mejorar la vida en la ciudad o la gesti\u00f3n de su territorio con los futuros tomadores de decisiones. Las propuestas pueden enviarse de forma individual o en equipos de hasta cinco personas, la autor\u00eda debe ser de ellos a nombre personal o de otras organizaciones.<\/p>\n<p>Se procurar\u00e1 que la selecci\u00f3n de propuestas que integrar\u00e1 las 10 Propuestas Urbanas ganadoras sea tem\u00e1ticamente diversa. Cada propuesta urbana podr\u00e1 inscribirse hasta en tres de las 10 categor\u00edas:<\/p>\n<ul>\n<li>Comprender la ciudad<\/li>\n<li>Culturas y espacio urbano<\/li>\n<li>Desarrollo tecnol\u00f3gico<\/li>\n<li>Econom\u00eda<\/li>\n<li>Gesti\u00f3n social del h\u00e1bitat<\/li>\n<li>Infraestructura, equipamientos y servicios<\/li>\n<li>Marco jur\u00eddico<\/li>\n<li>Medio ambiente<\/li>\n<li>Paisaje y patrimonio<\/li>\n<li>Suelo<\/li>\n<\/ul>\n<p>De igual forma, deber\u00e1n representar un beneficio en al menos tres de las cinco categor\u00edas: ambiental, cultural, econ\u00f3mico, pol\u00edtico y social.<\/p>\n<p>La convocatoria consta de diferentes etapas, la primera es el env\u00edo de la propuesta urbana, cuya fecha l\u00edmite para hacerlo es el 19 de enero a trav\u00e9s del sitio <a href=\"https:\/\/www.10propuestasurbanas.org\" target=\"_blank\" rel=\"noopener noreferrer\"><strong>10propuestasurbanas.org<\/strong><\/a>.<\/p>\n<p>La segunda etapa consiste en que los participantes seleccionados realicen un video de m\u00e1ximo dos minutos donde expliquen la importancia de implementar su propuesta en M\u00e9xico, adem\u00e1s de preparar una breve s\u00edntesis curricular.<\/p>\n<p>Los que pasen esta etapa tendr\u00e1n entonces que armar su petici\u00f3n en change.org, las dos con m\u00e1s firmas ser\u00e1n las 10 ganadoras.<\/p>\n<p>Para la etapa final, los ganadores se reunir\u00e1n en la Ciudad de M\u00e9xico para un recorrido urbano y presentar las propuestas en un foro para promover que partidos pol\u00edticos y candidatos firmen la propuesta como compromiso de campa\u00f1a.<\/p>\n<p>Para conocer las propuestas del 2017, obtener m\u00e1s detalles y descargar la convocatoria completa entra a la p\u00e1gina <a href=\"https:\/\/www.10propuestasurbanas.org\" target=\"_blank\" rel=\"noopener noreferrer\"><strong>10propuestasurbanas.org<\/strong><\/a>.<\/p>\n<p>&nbsp;<\/p>\n","protected":false},"excerpt":{"rendered":"<p>Tienes hasta el 19 de enero para enviar tu idea de como organizar mejor las ciudades<\/p>\n","protected":false},"author":45,"featured_media":62389,"comment_status":"open","ping_status":"closed","sticky":false,"template":"","format":"standard","meta":{"om_disable_all_campaigns":false,"inline_featured_image":false,"_monsterinsights_skip_tracking":false,"_monsterinsights_sitenote_active":false,"_monsterinsights_sitenote_note":"","_monsterinsights_sitenote_category":0,"footnotes":""},"categories":[10612,82],"tags":[12431,211,6086,956,12432],"class_list":["post-65798","post","type-post","status-publish","format-standard","has-post-thumbnail","hentry","category-convocatorias","category-urbanismo","tag-10-propuestas-urbanas","tag-ciudades","tag-colegio-de-urbanistas-de-mexico","tag-convocatoria","tag-foropolis-mexico"],"yoast_head":"<!-- This site is optimized with the Yoast SEO plugin v27.4 - https:\/\/yoast.com\/product\/yoast-seo-wordpress\/ -->\n<title>Inicia convocatoria para generar 10 propuestas urbanas -<\/title>\n<meta name=\"description\" content=\"Tienes hasta el 19 de enero para enviar tu idea de como organizar mejor las ciudades\" \/>\n<meta name=\"robots\" content=\"index, follow, max-snippet:-1, max-image-preview:large, max-video-preview:-1\" \/>\n<link rel=\"canonical\" href=\"https:\/\/centrourbano.com\/revista\/urbanismo\/convocatoria-propuestas-urbanas\/\" \/>\n<meta property=\"og:locale\" content=\"es_ES\" \/>\n<meta property=\"og:type\" content=\"article\" \/>\n<meta property=\"og:title\" content=\"Inicia convocatoria para generar 10 propuestas urbanas -\" \/>\n<meta property=\"og:description\" content=\"Tienes hasta el 19 de enero para enviar tu idea de como organizar mejor las ciudades\" \/>\n<meta property=\"og:url\" content=\"https:\/\/centrourbano.com\/revista\/urbanismo\/convocatoria-propuestas-urbanas\/\" \/>\n<meta property=\"og:site_name\" content=\"Centro Urbano\" \/>\n<meta property=\"article:publisher\" content=\"https:\/\/www.facebook.com\/portalcentrourbano\" \/>\n<meta property=\"article:published_time\" content=\"2018-01-12T23:40:12+00:00\" \/>\n<meta property=\"article:modified_time\" content=\"2018-01-12T23:45:21+00:00\" \/>\n<meta property=\"og:image\" content=\"https:\/\/centrourbano.com\/revista\/wp-content\/uploads\/Hoy-se-festeja-el-D\u00eda-Mundial-del-Urbanismo.jpg\" \/>\n\t<meta property=\"og:image:width\" content=\"360\" \/>\n\t<meta property=\"og:image:height\" content=\"229\" \/>\n\t<meta property=\"og:image:type\" content=\"image\/jpeg\" \/>\n<meta name=\"author\" content=\"Hanae Pacheco\" \/>\n<meta name=\"twitter:card\" content=\"summary_large_image\" \/>\n<meta name=\"twitter:creator\" content=\"@CentroUrbano\" \/>\n<meta name=\"twitter:site\" content=\"@CentroUrbano\" \/>\n<meta name=\"twitter:label1\" content=\"Escrito por\" \/>\n\t<meta name=\"twitter:data1\" content=\"Hanae Pacheco\" \/>\n\t<meta name=\"twitter:label2\" content=\"Tiempo de lectura\" \/>\n\t<meta name=\"twitter:data2\" content=\"2 minutos\" \/>\n<script type=\"application\/ld+json\" class=\"yoast-schema-graph\">{\"@context\":\"https:\\\/\\\/schema.org\",\"@graph\":[{\"@type\":\"Article\",\"@id\":\"https:\\\/\\\/centrourbano.com\\\/revista\\\/urbanismo\\\/convocatoria-propuestas-urbanas\\\/#article\",\"isPartOf\":{\"@id\":\"https:\\\/\\\/centrourbano.com\\\/revista\\\/urbanismo\\\/convocatoria-propuestas-urbanas\\\/\"},\"author\":{\"name\":\"Hanae Pacheco\",\"@id\":\"https:\\\/\\\/centrourbano.com\\\/revista\\\/#\\\/schema\\\/person\\\/db5aba19153b4dc77f48808c4c2e7027\"},\"headline\":\"Inicia convocatoria para generar 10 propuestas urbanas\",\"datePublished\":\"2018-01-12T23:40:12+00:00\",\"dateModified\":\"2018-01-12T23:45:21+00:00\",\"mainEntityOfPage\":{\"@id\":\"https:\\\/\\\/centrourbano.com\\\/revista\\\/urbanismo\\\/convocatoria-propuestas-urbanas\\\/\"},\"wordCount\":384,\"commentCount\":0,\"publisher\":{\"@id\":\"https:\\\/\\\/centrourbano.com\\\/revista\\\/#organization\"},\"image\":{\"@id\":\"https:\\\/\\\/centrourbano.com\\\/revista\\\/urbanismo\\\/convocatoria-propuestas-urbanas\\\/#primaryimage\"},\"thumbnailUrl\":\"https:\\\/\\\/centrourbano.com\\\/revista\\\/wp-content\\\/uploads\\\/Hoy-se-festeja-el-D\u00eda-Mundial-del-Urbanismo.jpg\",\"keywords\":[\"10 propuestas urbanas\",\"ciudades\",\"Colegio de Urbanistas de M\u00e9xico\",\"Convocatoria\",\"Foropolis M\u00e9xico\"],\"articleSection\":[\"Convocatorias\",\"Urbanismo\"],\"inLanguage\":\"es\",\"potentialAction\":[{\"@type\":\"CommentAction\",\"name\":\"Comment\",\"target\":[\"https:\\\/\\\/centrourbano.com\\\/revista\\\/urbanismo\\\/convocatoria-propuestas-urbanas\\\/#respond\"]}]},{\"@type\":\"WebPage\",\"@id\":\"https:\\\/\\\/centrourbano.com\\\/revista\\\/urbanismo\\\/convocatoria-propuestas-urbanas\\\/\",\"url\":\"https:\\\/\\\/centrourbano.com\\\/revista\\\/urbanismo\\\/convocatoria-propuestas-urbanas\\\/\",\"name\":\"Inicia convocatoria para generar 10 propuestas urbanas -\",\"isPartOf\":{\"@id\":\"https:\\\/\\\/centrourbano.com\\\/revista\\\/#website\"},\"primaryImageOfPage\":{\"@id\":\"https:\\\/\\\/centrourbano.com\\\/revista\\\/urbanismo\\\/convocatoria-propuestas-urbanas\\\/#primaryimage\"},\"image\":{\"@id\":\"https:\\\/\\\/centrourbano.com\\\/revista\\\/urbanismo\\\/convocatoria-propuestas-urbanas\\\/#primaryimage\"},\"thumbnailUrl\":\"https:\\\/\\\/centrourbano.com\\\/revista\\\/wp-content\\\/uploads\\\/Hoy-se-festeja-el-D\u00eda-Mundial-del-Urbanismo.jpg\",\"datePublished\":\"2018-01-12T23:40:12+00:00\",\"dateModified\":\"2018-01-12T23:45:21+00:00\",\"description\":\"Tienes hasta el 19 de enero para enviar tu idea de como organizar mejor las ciudades\",\"breadcrumb\":{\"@id\":\"https:\\\/\\\/centrourbano.com\\\/revista\\\/urbanismo\\\/convocatoria-propuestas-urbanas\\\/#breadcrumb\"},\"inLanguage\":\"es\",\"potentialAction\":[{\"@type\":\"ReadAction\",\"target\":[\"https:\\\/\\\/centrourbano.com\\\/revista\\\/urbanismo\\\/convocatoria-propuestas-urbanas\\\/\"]}]},{\"@type\":\"ImageObject\",\"inLanguage\":\"es\",\"@id\":\"https:\\\/\\\/centrourbano.com\\\/revista\\\/urbanismo\\\/convocatoria-propuestas-urbanas\\\/#primaryimage\",\"url\":\"https:\\\/\\\/centrourbano.com\\\/revista\\\/wp-content\\\/uploads\\\/Hoy-se-festeja-el-D\u00eda-Mundial-del-Urbanismo.jpg\",\"contentUrl\":\"https:\\\/\\\/centrourbano.com\\\/revista\\\/wp-content\\\/uploads\\\/Hoy-se-festeja-el-D\u00eda-Mundial-del-Urbanismo.jpg\",\"width\":360,\"height\":229,\"caption\":\"El objetivo es reflexionar sobre la ciudad en la que viven las personas y la que buscan a futuro\"},{\"@type\":\"BreadcrumbList\",\"@id\":\"https:\\\/\\\/centrourbano.com\\\/revista\\\/urbanismo\\\/convocatoria-propuestas-urbanas\\\/#breadcrumb\",\"itemListElement\":[{\"@type\":\"ListItem\",\"position\":1,\"name\":\"Portada\",\"item\":\"https:\\\/\\\/centrourbano.com\\\/revista\\\/\"},{\"@type\":\"ListItem\",\"position\":2,\"name\":\"Inicia convocatoria para generar 10 propuestas urbanas\"}]},{\"@type\":\"WebSite\",\"@id\":\"https:\\\/\\\/centrourbano.com\\\/revista\\\/#website\",\"url\":\"https:\\\/\\\/centrourbano.com\\\/revista\\\/\",\"name\":\"Centro Urbano\",\"description\":\"Medio especializado en los sectores vivienda, inmobiliario, construcci\u00f3n, arquitectura y urbanismo.\",\"publisher\":{\"@id\":\"https:\\\/\\\/centrourbano.com\\\/revista\\\/#organization\"},\"potentialAction\":[{\"@type\":\"SearchAction\",\"target\":{\"@type\":\"EntryPoint\",\"urlTemplate\":\"https:\\\/\\\/centrourbano.com\\\/revista\\\/?s={search_term_string}\"},\"query-input\":{\"@type\":\"PropertyValueSpecification\",\"valueRequired\":true,\"valueName\":\"search_term_string\"}}],\"inLanguage\":\"es\"},{\"@type\":\"Organization\",\"@id\":\"https:\\\/\\\/centrourbano.com\\\/revista\\\/#organization\",\"name\":\"Centro Urbano\",\"url\":\"https:\\\/\\\/centrourbano.com\\\/revista\\\/\",\"logo\":{\"@type\":\"ImageObject\",\"inLanguage\":\"es\",\"@id\":\"https:\\\/\\\/centrourbano.com\\\/revista\\\/#\\\/schema\\\/logo\\\/image\\\/\",\"url\":\"https:\\\/\\\/centrourbano.com\\\/revista\\\/wp-content\\\/uploads\\\/web_CU_logo-1.png\",\"contentUrl\":\"https:\\\/\\\/centrourbano.com\\\/revista\\\/wp-content\\\/uploads\\\/web_CU_logo-1.png\",\"width\":350,\"height\":91,\"caption\":\"Centro Urbano\"},\"image\":{\"@id\":\"https:\\\/\\\/centrourbano.com\\\/revista\\\/#\\\/schema\\\/logo\\\/image\\\/\"},\"sameAs\":[\"https:\\\/\\\/www.facebook.com\\\/portalcentrourbano\",\"https:\\\/\\\/x.com\\\/CentroUrbano\",\"https:\\\/\\\/www.instagram.com\\\/centro_urbano\\\/\",\"https:\\\/\\\/www.linkedin.com\\\/company\\\/centro-urbano\\\/\",\"http:\\\/\\\/www.youtube.com\\\/user\\\/portalcentrourbano\"]},{\"@type\":\"Person\",\"@id\":\"https:\\\/\\\/centrourbano.com\\\/revista\\\/#\\\/schema\\\/person\\\/db5aba19153b4dc77f48808c4c2e7027\",\"name\":\"Hanae Pacheco\",\"image\":{\"@type\":\"ImageObject\",\"inLanguage\":\"es\",\"@id\":\"https:\\\/\\\/secure.gravatar.com\\\/avatar\\\/85378918db488c7c72bd7acaea6909bbfd5df076ffaf5e56cf397f98ef67f72d?s=96&d=mm&r=g\",\"url\":\"https:\\\/\\\/secure.gravatar.com\\\/avatar\\\/85378918db488c7c72bd7acaea6909bbfd5df076ffaf5e56cf397f98ef67f72d?s=96&d=mm&r=g\",\"contentUrl\":\"https:\\\/\\\/secure.gravatar.com\\\/avatar\\\/85378918db488c7c72bd7acaea6909bbfd5df076ffaf5e56cf397f98ef67f72d?s=96&d=mm&r=g\",\"caption\":\"Hanae Pacheco\"},\"url\":\"https:\\\/\\\/centrourbano.com\\\/revista\\\/author\\\/hanae-pacheco\\\/\"}]}<\/script>\n<!-- \/ Yoast SEO plugin. -->","yoast_head_json":{"title":"Inicia convocatoria para generar 10 propuestas urbanas -","description":"Tienes hasta el 19 de enero para enviar tu idea de como organizar mejor las ciudades","robots":{"index":"index","follow":"follow","max-snippet":"max-snippet:-1","max-image-preview":"max-image-preview:large","max-video-preview":"max-video-preview:-1"},"canonical":"https:\/\/centrourbano.com\/revista\/urbanismo\/convocatoria-propuestas-urbanas\/","og_locale":"es_ES","og_type":"article","og_title":"Inicia convocatoria para generar 10 propuestas urbanas -","og_description":"Tienes hasta el 19 de enero para enviar tu idea de como organizar mejor las ciudades","og_url":"https:\/\/centrourbano.com\/revista\/urbanismo\/convocatoria-propuestas-urbanas\/","og_site_name":"Centro Urbano","article_publisher":"https:\/\/www.facebook.com\/portalcentrourbano","article_published_time":"2018-01-12T23:40:12+00:00","article_modified_time":"2018-01-12T23:45:21+00:00","og_image":[{"width":360,"height":229,"url":"https:\/\/centrourbano.com\/revista\/wp-content\/uploads\/Hoy-se-festeja-el-D\u00eda-Mundial-del-Urbanismo.jpg","type":"image\/jpeg"}],"author":"Hanae Pacheco","twitter_card":"summary_large_image","twitter_creator":"@CentroUrbano","twitter_site":"@CentroUrbano","twitter_misc":{"Escrito por":"Hanae Pacheco","Tiempo de lectura":"2 minutos"},"schema":{"@context":"https:\/\/schema.org","@graph":[{"@type":"Article","@id":"https:\/\/centrourbano.com\/revista\/urbanismo\/convocatoria-propuestas-urbanas\/#article","isPartOf":{"@id":"https:\/\/centrourbano.com\/revista\/urbanismo\/convocatoria-propuestas-urbanas\/"},"author":{"name":"Hanae Pacheco","@id":"https:\/\/centrourbano.com\/revista\/#\/schema\/person\/db5aba19153b4dc77f48808c4c2e7027"},"headline":"Inicia convocatoria para generar 10 propuestas urbanas","datePublished":"2018-01-12T23:40:12+00:00","dateModified":"2018-01-12T23:45:21+00:00","mainEntityOfPage":{"@id":"https:\/\/centrourbano.com\/revista\/urbanismo\/convocatoria-propuestas-urbanas\/"},"wordCount":384,"commentCount":0,"publisher":{"@id":"https:\/\/centrourbano.com\/revista\/#organization"},"image":{"@id":"https:\/\/centrourbano.com\/revista\/urbanismo\/convocatoria-propuestas-urbanas\/#primaryimage"},"thumbnailUrl":"https:\/\/centrourbano.com\/revista\/wp-content\/uploads\/Hoy-se-festeja-el-D\u00eda-Mundial-del-Urbanismo.jpg","keywords":["10 propuestas urbanas","ciudades","Colegio de Urbanistas de M\u00e9xico","Convocatoria","Foropolis M\u00e9xico"],"articleSection":["Convocatorias","Urbanismo"],"inLanguage":"es","potentialAction":[{"@type":"CommentAction","name":"Comment","target":["https:\/\/centrourbano.com\/revista\/urbanismo\/convocatoria-propuestas-urbanas\/#respond"]}]},{"@type":"WebPage","@id":"https:\/\/centrourbano.com\/revista\/urbanismo\/convocatoria-propuestas-urbanas\/","url":"https:\/\/centrourbano.com\/revista\/urbanismo\/convocatoria-propuestas-urbanas\/","name":"Inicia convocatoria para generar 10 propuestas urbanas -","isPartOf":{"@id":"https:\/\/centrourbano.com\/revista\/#website"},"primaryImageOfPage":{"@id":"https:\/\/centrourbano.com\/revista\/urbanismo\/convocatoria-propuestas-urbanas\/#primaryimage"},"image":{"@id":"https:\/\/centrourbano.com\/revista\/urbanismo\/convocatoria-propuestas-urbanas\/#primaryimage"},"thumbnailUrl":"https:\/\/centrourbano.com\/revista\/wp-content\/uploads\/Hoy-se-festeja-el-D\u00eda-Mundial-del-Urbanismo.jpg","datePublished":"2018-01-12T23:40:12+00:00","dateModified":"2018-01-12T23:45:21+00:00","description":"Tienes hasta el 19 de enero para enviar tu idea de como organizar mejor las ciudades","breadcrumb":{"@id":"https:\/\/centrourbano.com\/revista\/urbanismo\/convocatoria-propuestas-urbanas\/#breadcrumb"},"inLanguage":"es","potentialAction":[{"@type":"ReadAction","target":["https:\/\/centrourbano.com\/revista\/urbanismo\/convocatoria-propuestas-urbanas\/"]}]},{"@type":"ImageObject","inLanguage":"es","@id":"https:\/\/centrourbano.com\/revista\/urbanismo\/convocatoria-propuestas-urbanas\/#primaryimage","url":"https:\/\/centrourbano.com\/revista\/wp-content\/uploads\/Hoy-se-festeja-el-D\u00eda-Mundial-del-Urbanismo.jpg","contentUrl":"https:\/\/centrourbano.com\/revista\/wp-content\/uploads\/Hoy-se-festeja-el-D\u00eda-Mundial-del-Urbanismo.jpg","width":360,"height":229,"caption":"El objetivo es reflexionar sobre la ciudad en la que viven las personas y la que buscan a futuro"},{"@type":"BreadcrumbList","@id":"https:\/\/centrourbano.com\/revista\/urbanismo\/convocatoria-propuestas-urbanas\/#breadcrumb","itemListElement":[{"@type":"ListItem","position":1,"name":"Portada","item":"https:\/\/centrourbano.com\/revista\/"},{"@type":"ListItem","position":2,"name":"Inicia convocatoria para generar 10 propuestas urbanas"}]},{"@type":"WebSite","@id":"https:\/\/centrourbano.com\/revista\/#website","url":"https:\/\/centrourbano.com\/revista\/","name":"Centro Urbano","description":"Medio especializado en los sectores vivienda, inmobiliario, construcci\u00f3n, arquitectura y urbanismo.","publisher":{"@id":"https:\/\/centrourbano.com\/revista\/#organization"},"potentialAction":[{"@type":"SearchAction","target":{"@type":"EntryPoint","urlTemplate":"https:\/\/centrourbano.com\/revista\/?s={search_term_string}"},"query-input":{"@type":"PropertyValueSpecification","valueRequired":true,"valueName":"search_term_string"}}],"inLanguage":"es"},{"@type":"Organization","@id":"https:\/\/centrourbano.com\/revista\/#organization","name":"Centro Urbano","url":"https:\/\/centrourbano.com\/revista\/","logo":{"@type":"ImageObject","inLanguage":"es","@id":"https:\/\/centrourbano.com\/revista\/#\/schema\/logo\/image\/","url":"https:\/\/centrourbano.com\/revista\/wp-content\/uploads\/web_CU_logo-1.png","contentUrl":"https:\/\/centrourbano.com\/revista\/wp-content\/uploads\/web_CU_logo-1.png","width":350,"height":91,"caption":"Centro Urbano"},"image":{"@id":"https:\/\/centrourbano.com\/revista\/#\/schema\/logo\/image\/"},"sameAs":["https:\/\/www.facebook.com\/portalcentrourbano","https:\/\/x.com\/CentroUrbano","https:\/\/www.instagram.com\/centro_urbano\/","https:\/\/www.linkedin.com\/company\/centro-urbano\/","http:\/\/www.youtube.com\/user\/portalcentrourbano"]},{"@type":"Person","@id":"https:\/\/centrourbano.com\/revista\/#\/schema\/person\/db5aba19153b4dc77f48808c4c2e7027","name":"Hanae Pacheco","image":{"@type":"ImageObject","inLanguage":"es","@id":"https:\/\/secure.gravatar.com\/avatar\/85378918db488c7c72bd7acaea6909bbfd5df076ffaf5e56cf397f98ef67f72d?s=96&d=mm&r=g","url":"https:\/\/secure.gravatar.com\/avatar\/85378918db488c7c72bd7acaea6909bbfd5df076ffaf5e56cf397f98ef67f72d?s=96&d=mm&r=g","contentUrl":"https:\/\/secure.gravatar.com\/avatar\/85378918db488c7c72bd7acaea6909bbfd5df076ffaf5e56cf397f98ef67f72d?s=96&d=mm&r=g","caption":"Hanae Pacheco"},"url":"https:\/\/centrourbano.com\/revista\/author\/hanae-pacheco\/"}]}},"_links":{"self":[{"href":"https:\/\/centrourbano.com\/revista\/wp-json\/wp\/v2\/posts\/65798","targetHints":{"allow":["GET"]}}],"collection":[{"href":"https:\/\/centrourbano.com\/revista\/wp-json\/wp\/v2\/posts"}],"about":[{"href":"https:\/\/centrourbano.com\/revista\/wp-json\/wp\/v2\/types\/post"}],"author":[{"embeddable":true,"href":"https:\/\/centrourbano.com\/revista\/wp-json\/wp\/v2\/users\/45"}],"replies":[{"embeddable":true,"href":"https:\/\/centrourbano.com\/revista\/wp-json\/wp\/v2\/comments?post=65798"}],"version-history":[{"count":2,"href":"https:\/\/centrourbano.com\/revista\/wp-json\/wp\/v2\/posts\/65798\/revisions"}],"predecessor-version":[{"id":65802,"href":"https:\/\/centrourbano.com\/revista\/wp-json\/wp\/v2\/posts\/65798\/revisions\/65802"}],"wp:featuredmedia":[{"embeddable":true,"href":"https:\/\/centrourbano.com\/revista\/wp-json\/wp\/v2\/media\/62389"}],"wp:attachment":[{"href":"https:\/\/centrourbano.com\/revista\/wp-json\/wp\/v2\/media?parent=65798"}],"wp:term":[{"taxonomy":"category","embeddable":true,"href":"https:\/\/centrourbano.com\/revista\/wp-json\/wp\/v2\/categories?post=65798"},{"taxonomy":"post_tag","embeddable":true,"href":"https:\/\/centrourbano.com\/revista\/wp-json\/wp\/v2\/tags?post=65798"}],"curies":[{"name":"wp","href":"https:\/\/api.w.org\/{rel}","templated":true}]}}