{"id":65781,"date":"2017-12-12T16:04:53","date_gmt":"2017-12-12T22:04:53","guid":{"rendered":"https:\/\/centrourbano.com\/?p=65781"},"modified":"2018-01-12T16:21:59","modified_gmt":"2018-01-12T22:21:59","slug":"la-adi-demostro-compromiso-social-la-cdmx","status":"publish","type":"post","link":"https:\/\/centrourbano.com\/revista\/publicaciones\/revista-inversion-inmobiliaria\/la-adi-demostro-compromiso-social-la-cdmx\/","title":{"rendered":"La ADI demostr\u00f3 su compromiso social con la CDMX"},"content":{"rendered":"<p><em>Los socios de la organizaci\u00f3n no escatimaron esfuerzos ante el llamado del gobierno local para los trabajos de reconstrucci\u00f3n<\/em><br \/>\n<!--more--><\/p>\n<p>La Asociaci\u00f3n de Desarrolladores Inmobiliarios (ADI) no se qued\u00f3 inm\u00f3vil ante la tragedia que se present\u00f3 en el Ciudad de M\u00e9xico el 19 de septiembre, desde el primer momento atendieron el llamado del gobierno de la Ciudad de M\u00e9xico para ayudar en las labores de b\u00fasqueda de personas y la remoci\u00f3n de escombros. <\/p>\n<p>Mar\u00eda Jos\u00e9 Fern\u00e1ndez, directora general de la ADI, explic\u00f3 que la tarde del 19 de septiembre todos los socios atendieron a la convocatoria que se hizo, el apoyo que se brind\u00f3 fue con maquinaria pesada, herramientas, personal t\u00e9cnico y trabajadores, quienes no s\u00f3lo se abocaron al rescate de la gente, sino tambi\u00e9n en la revisi\u00f3n de inmuebles para detectar fallos estructurales.  <\/p>\n<p>\u201cEl jefe de Gobierno se dio cuenta que est\u00e1bamos ofreciendo much\u00edsimo apoyo, que ten\u00edamos todo lo que requer\u00eda el gobierno, por lo que se dio una alianza, ya que el sector inmobiliario es un sector natural para atender una demanda de este tipo.<\/p>\n<p>\u201cEl presidente de la ADI, Salvador Daniel, convoc\u00f3 a una reuni\u00f3n extraordinaria para decirle a todos los asociados que hab\u00edamos tenido esta solicitud del gobierno, que ya hab\u00edamos tenido una reuni\u00f3n con el comit\u00e9 ejecutivo y los socios decidieron participar\u201d, relat\u00f3.<\/p>\n<p><a href=\"https:\/\/centrourbano.com\/2017\/12\/12\/revista-inversion-inmobiliaria-noviembre-diciembre-2017\/\" rel=\"noopener\" target=\"_blank\">Lee la nota completa aqu\u00ed<\/a> <\/p>\n","protected":false},"excerpt":{"rendered":"<p>Los socios de la organizaci\u00f3n no escatimaron esfuerzos ante el llamado del gobierno local para los trabajos de reconstrucci\u00f3n<\/p>\n","protected":false},"author":37,"featured_media":65785,"comment_status":"open","ping_status":"closed","sticky":false,"template":"","format":"standard","meta":{"om_disable_all_campaigns":false,"inline_featured_image":false,"_monsterinsights_skip_tracking":false,"_monsterinsights_sitenote_active":false,"_monsterinsights_sitenote_note":"","_monsterinsights_sitenote_category":0,"footnotes":""},"categories":[4,7115],"tags":[1109,290,4890,6840,12430,1441],"class_list":["post-65781","post","type-post","status-publish","format-standard","has-post-thumbnail","hentry","category-publicaciones","category-revista-inversion-inmobiliaria","tag-adi","tag-ciudad-de-mexico","tag-desarrolladores-inmobiliarios","tag-maria-jose-fernandez","tag-reconstrucion","tag-sismo"],"yoast_head":"<!-- This site is optimized with the Yoast SEO plugin v27.5 - https:\/\/yoast.com\/product\/yoast-seo-wordpress\/ -->\n<title>La ADI demostr\u00f3 su compromiso social con la CDMX -<\/title>\n<meta name=\"description\" content=\"La Asociaci\u00f3n de Desarrolladores Inmobiliarios (ADI) no se qued\u00f3 inm\u00f3vil ante la tragedia que se present\u00f3 en el Ciudad de M\u00e9xico el 19 de septiembre, desde el primer momento atendieron el llamado del gobierno de la Ciudad de M\u00e9xico para ayudar en las labores de b\u00fasqueda de personas y la remoci\u00f3n de escombros.\" \/>\n<meta name=\"robots\" content=\"index, follow, max-snippet:-1, max-image-preview:large, max-video-preview:-1\" \/>\n<link rel=\"canonical\" href=\"https:\/\/centrourbano.com\/revista\/publicaciones\/revista-inversion-inmobiliaria\/la-adi-demostro-compromiso-social-la-cdmx\/\" \/>\n<meta property=\"og:locale\" content=\"es_ES\" \/>\n<meta property=\"og:type\" content=\"article\" \/>\n<meta property=\"og:title\" content=\"La ADI demostr\u00f3 su compromiso social con la CDMX -\" \/>\n<meta property=\"og:description\" content=\"La Asociaci\u00f3n de Desarrolladores Inmobiliarios (ADI) no se qued\u00f3 inm\u00f3vil ante la tragedia que se present\u00f3 en el Ciudad de M\u00e9xico el 19 de septiembre, desde el primer momento atendieron el llamado del gobierno de la Ciudad de M\u00e9xico para ayudar en las labores de b\u00fasqueda de personas y la remoci\u00f3n de escombros.\" \/>\n<meta property=\"og:url\" content=\"https:\/\/centrourbano.com\/revista\/publicaciones\/revista-inversion-inmobiliaria\/la-adi-demostro-compromiso-social-la-cdmx\/\" \/>\n<meta property=\"og:site_name\" content=\"Centro Urbano\" \/>\n<meta property=\"article:publisher\" content=\"https:\/\/www.facebook.com\/portalcentrourbano\" \/>\n<meta property=\"article:published_time\" content=\"2017-12-12T22:04:53+00:00\" \/>\n<meta property=\"article:modified_time\" content=\"2018-01-12T22:21:59+00:00\" \/>\n<meta property=\"og:image\" content=\"https:\/\/centrourbano.com\/revista\/wp-content\/uploads\/MARIA-JOSE-FERNANDEZ-1-2.jpg\" \/>\n\t<meta property=\"og:image:width\" content=\"2000\" \/>\n\t<meta property=\"og:image:height\" content=\"1796\" \/>\n\t<meta property=\"og:image:type\" content=\"image\/jpeg\" \/>\n<meta name=\"author\" content=\"Diego Rodr\u00edguez\" \/>\n<meta name=\"twitter:card\" content=\"summary_large_image\" \/>\n<meta name=\"twitter:creator\" content=\"@CentroUrbano\" \/>\n<meta name=\"twitter:site\" content=\"@CentroUrbano\" \/>\n<meta name=\"twitter:label1\" content=\"Escrito por\" \/>\n\t<meta name=\"twitter:data1\" content=\"Diego Rodr\u00edguez\" \/>\n\t<meta name=\"twitter:label2\" content=\"Tiempo de lectura\" \/>\n\t<meta name=\"twitter:data2\" content=\"1 minuto\" \/>\n<script type=\"application\/ld+json\" class=\"yoast-schema-graph\">{\"@context\":\"https:\\\/\\\/schema.org\",\"@graph\":[{\"@type\":\"Article\",\"@id\":\"https:\\\/\\\/centrourbano.com\\\/revista\\\/publicaciones\\\/revista-inversion-inmobiliaria\\\/la-adi-demostro-compromiso-social-la-cdmx\\\/#article\",\"isPartOf\":{\"@id\":\"https:\\\/\\\/centrourbano.com\\\/revista\\\/publicaciones\\\/revista-inversion-inmobiliaria\\\/la-adi-demostro-compromiso-social-la-cdmx\\\/\"},\"author\":{\"name\":\"Diego Rodr\u00edguez\",\"@id\":\"https:\\\/\\\/centrourbano.com\\\/revista\\\/#\\\/schema\\\/person\\\/dbdc8d1d633eb3e0461138eedc8a0615\"},\"headline\":\"La ADI demostr\u00f3 su compromiso social con la CDMX\",\"datePublished\":\"2017-12-12T22:04:53+00:00\",\"dateModified\":\"2018-01-12T22:21:59+00:00\",\"mainEntityOfPage\":{\"@id\":\"https:\\\/\\\/centrourbano.com\\\/revista\\\/publicaciones\\\/revista-inversion-inmobiliaria\\\/la-adi-demostro-compromiso-social-la-cdmx\\\/\"},\"wordCount\":251,\"commentCount\":0,\"publisher\":{\"@id\":\"https:\\\/\\\/centrourbano.com\\\/revista\\\/#organization\"},\"image\":{\"@id\":\"https:\\\/\\\/centrourbano.com\\\/revista\\\/publicaciones\\\/revista-inversion-inmobiliaria\\\/la-adi-demostro-compromiso-social-la-cdmx\\\/#primaryimage\"},\"thumbnailUrl\":\"https:\\\/\\\/centrourbano.com\\\/revista\\\/wp-content\\\/uploads\\\/MARIA-JOSE-FERNANDEZ-1-2.jpg\",\"keywords\":[\"ADI\",\"ciudad de M\u00e9xico\",\"desarrolladores inmobiliarios\",\"Mar\u00eda Jos\u00e9 Fern\u00e1ndez\",\"Reconstruci\u00f3n\",\"Sismo\"],\"articleSection\":[\"Publicaciones\",\"Revista Inversi\u00f3n Inmobiliaria\"],\"inLanguage\":\"es\",\"potentialAction\":[{\"@type\":\"CommentAction\",\"name\":\"Comment\",\"target\":[\"https:\\\/\\\/centrourbano.com\\\/revista\\\/publicaciones\\\/revista-inversion-inmobiliaria\\\/la-adi-demostro-compromiso-social-la-cdmx\\\/#respond\"]}]},{\"@type\":\"WebPage\",\"@id\":\"https:\\\/\\\/centrourbano.com\\\/revista\\\/publicaciones\\\/revista-inversion-inmobiliaria\\\/la-adi-demostro-compromiso-social-la-cdmx\\\/\",\"url\":\"https:\\\/\\\/centrourbano.com\\\/revista\\\/publicaciones\\\/revista-inversion-inmobiliaria\\\/la-adi-demostro-compromiso-social-la-cdmx\\\/\",\"name\":\"La ADI demostr\u00f3 su compromiso social con la CDMX -\",\"isPartOf\":{\"@id\":\"https:\\\/\\\/centrourbano.com\\\/revista\\\/#website\"},\"primaryImageOfPage\":{\"@id\":\"https:\\\/\\\/centrourbano.com\\\/revista\\\/publicaciones\\\/revista-inversion-inmobiliaria\\\/la-adi-demostro-compromiso-social-la-cdmx\\\/#primaryimage\"},\"image\":{\"@id\":\"https:\\\/\\\/centrourbano.com\\\/revista\\\/publicaciones\\\/revista-inversion-inmobiliaria\\\/la-adi-demostro-compromiso-social-la-cdmx\\\/#primaryimage\"},\"thumbnailUrl\":\"https:\\\/\\\/centrourbano.com\\\/revista\\\/wp-content\\\/uploads\\\/MARIA-JOSE-FERNANDEZ-1-2.jpg\",\"datePublished\":\"2017-12-12T22:04:53+00:00\",\"dateModified\":\"2018-01-12T22:21:59+00:00\",\"description\":\"La Asociaci\u00f3n de Desarrolladores Inmobiliarios (ADI) no se qued\u00f3 inm\u00f3vil ante la tragedia que se present\u00f3 en el Ciudad de M\u00e9xico el 19 de septiembre, desde el primer momento atendieron el llamado del gobierno de la Ciudad de M\u00e9xico para ayudar en las labores de b\u00fasqueda de personas y la remoci\u00f3n de escombros.\",\"breadcrumb\":{\"@id\":\"https:\\\/\\\/centrourbano.com\\\/revista\\\/publicaciones\\\/revista-inversion-inmobiliaria\\\/la-adi-demostro-compromiso-social-la-cdmx\\\/#breadcrumb\"},\"inLanguage\":\"es\",\"potentialAction\":[{\"@type\":\"ReadAction\",\"target\":[\"https:\\\/\\\/centrourbano.com\\\/revista\\\/publicaciones\\\/revista-inversion-inmobiliaria\\\/la-adi-demostro-compromiso-social-la-cdmx\\\/\"]}]},{\"@type\":\"ImageObject\",\"inLanguage\":\"es\",\"@id\":\"https:\\\/\\\/centrourbano.com\\\/revista\\\/publicaciones\\\/revista-inversion-inmobiliaria\\\/la-adi-demostro-compromiso-social-la-cdmx\\\/#primaryimage\",\"url\":\"https:\\\/\\\/centrourbano.com\\\/revista\\\/wp-content\\\/uploads\\\/MARIA-JOSE-FERNANDEZ-1-2.jpg\",\"contentUrl\":\"https:\\\/\\\/centrourbano.com\\\/revista\\\/wp-content\\\/uploads\\\/MARIA-JOSE-FERNANDEZ-1-2.jpg\",\"width\":2000,\"height\":1796,\"caption\":\"Los socios de la organizaci\u00f3n no escatimaron esfuerzos ante el llamado del gobierno local para los trabajos de reconstrucci\u00f3n\"},{\"@type\":\"BreadcrumbList\",\"@id\":\"https:\\\/\\\/centrourbano.com\\\/revista\\\/publicaciones\\\/revista-inversion-inmobiliaria\\\/la-adi-demostro-compromiso-social-la-cdmx\\\/#breadcrumb\",\"itemListElement\":[{\"@type\":\"ListItem\",\"position\":1,\"name\":\"Portada\",\"item\":\"https:\\\/\\\/centrourbano.com\\\/revista\\\/\"},{\"@type\":\"ListItem\",\"position\":2,\"name\":\"La ADI demostr\u00f3 su compromiso social con la CDMX\"}]},{\"@type\":\"WebSite\",\"@id\":\"https:\\\/\\\/centrourbano.com\\\/revista\\\/#website\",\"url\":\"https:\\\/\\\/centrourbano.com\\\/revista\\\/\",\"name\":\"Centro Urbano\",\"description\":\"Medio especializado en los sectores vivienda, inmobiliario, construcci\u00f3n, arquitectura y urbanismo.\",\"publisher\":{\"@id\":\"https:\\\/\\\/centrourbano.com\\\/revista\\\/#organization\"},\"potentialAction\":[{\"@type\":\"SearchAction\",\"target\":{\"@type\":\"EntryPoint\",\"urlTemplate\":\"https:\\\/\\\/centrourbano.com\\\/revista\\\/?s={search_term_string}\"},\"query-input\":{\"@type\":\"PropertyValueSpecification\",\"valueRequired\":true,\"valueName\":\"search_term_string\"}}],\"inLanguage\":\"es\"},{\"@type\":\"Organization\",\"@id\":\"https:\\\/\\\/centrourbano.com\\\/revista\\\/#organization\",\"name\":\"Centro Urbano\",\"url\":\"https:\\\/\\\/centrourbano.com\\\/revista\\\/\",\"logo\":{\"@type\":\"ImageObject\",\"inLanguage\":\"es\",\"@id\":\"https:\\\/\\\/centrourbano.com\\\/revista\\\/#\\\/schema\\\/logo\\\/image\\\/\",\"url\":\"https:\\\/\\\/centrourbano.com\\\/revista\\\/wp-content\\\/uploads\\\/web_CU_logo-1.png\",\"contentUrl\":\"https:\\\/\\\/centrourbano.com\\\/revista\\\/wp-content\\\/uploads\\\/web_CU_logo-1.png\",\"width\":350,\"height\":91,\"caption\":\"Centro Urbano\"},\"image\":{\"@id\":\"https:\\\/\\\/centrourbano.com\\\/revista\\\/#\\\/schema\\\/logo\\\/image\\\/\"},\"sameAs\":[\"https:\\\/\\\/www.facebook.com\\\/portalcentrourbano\",\"https:\\\/\\\/x.com\\\/CentroUrbano\",\"https:\\\/\\\/www.instagram.com\\\/centro_urbano\\\/\",\"https:\\\/\\\/www.linkedin.com\\\/company\\\/centro-urbano\\\/\",\"http:\\\/\\\/www.youtube.com\\\/user\\\/portalcentrourbano\"]},{\"@type\":\"Person\",\"@id\":\"https:\\\/\\\/centrourbano.com\\\/revista\\\/#\\\/schema\\\/person\\\/dbdc8d1d633eb3e0461138eedc8a0615\",\"name\":\"Diego Rodr\u00edguez\",\"image\":{\"@type\":\"ImageObject\",\"inLanguage\":\"es\",\"@id\":\"https:\\\/\\\/secure.gravatar.com\\\/avatar\\\/d217565525df2df5d4e7265d47758506f41845ed9529510921a7625d8365789d?s=96&d=mm&r=g\",\"url\":\"https:\\\/\\\/secure.gravatar.com\\\/avatar\\\/d217565525df2df5d4e7265d47758506f41845ed9529510921a7625d8365789d?s=96&d=mm&r=g\",\"contentUrl\":\"https:\\\/\\\/secure.gravatar.com\\\/avatar\\\/d217565525df2df5d4e7265d47758506f41845ed9529510921a7625d8365789d?s=96&d=mm&r=g\",\"caption\":\"Diego Rodr\u00edguez\"},\"description\":\"Egresado de la Facultad de Estudios Superiores Acatl\u00e1n de la carrera en Comunicaci\u00f3n, con especialidad en medios escritos. Reportero del desaparecido peri\u00f3dico Nuestro M\u00e9xico, en donde cubri\u00f3 las fuentes delegacionales y Asamblea Legislativa. Tambi\u00e9n trabaj\u00f3 en la Coordinaci\u00f3n de Comunicaci\u00f3n Social en la delegaci\u00f3n \u00c1lvaro Obreg\u00f3n. Le gusta leer novelas y cuentos.\",\"url\":\"https:\\\/\\\/centrourbano.com\\\/revista\\\/author\\\/diegorodriguez\\\/\"}]}<\/script>\n<!-- \/ Yoast SEO plugin. -->","yoast_head_json":{"title":"La ADI demostr\u00f3 su compromiso social con la CDMX -","description":"La Asociaci\u00f3n de Desarrolladores Inmobiliarios (ADI) no se qued\u00f3 inm\u00f3vil ante la tragedia que se present\u00f3 en el Ciudad de M\u00e9xico el 19 de septiembre, desde el primer momento atendieron el llamado del gobierno de la Ciudad de M\u00e9xico para ayudar en las labores de b\u00fasqueda de personas y la remoci\u00f3n de escombros.","robots":{"index":"index","follow":"follow","max-snippet":"max-snippet:-1","max-image-preview":"max-image-preview:large","max-video-preview":"max-video-preview:-1"},"canonical":"https:\/\/centrourbano.com\/revista\/publicaciones\/revista-inversion-inmobiliaria\/la-adi-demostro-compromiso-social-la-cdmx\/","og_locale":"es_ES","og_type":"article","og_title":"La ADI demostr\u00f3 su compromiso social con la CDMX -","og_description":"La Asociaci\u00f3n de Desarrolladores Inmobiliarios (ADI) no se qued\u00f3 inm\u00f3vil ante la tragedia que se present\u00f3 en el Ciudad de M\u00e9xico el 19 de septiembre, desde el primer momento atendieron el llamado del gobierno de la Ciudad de M\u00e9xico para ayudar en las labores de b\u00fasqueda de personas y la remoci\u00f3n de escombros.","og_url":"https:\/\/centrourbano.com\/revista\/publicaciones\/revista-inversion-inmobiliaria\/la-adi-demostro-compromiso-social-la-cdmx\/","og_site_name":"Centro Urbano","article_publisher":"https:\/\/www.facebook.com\/portalcentrourbano","article_published_time":"2017-12-12T22:04:53+00:00","article_modified_time":"2018-01-12T22:21:59+00:00","og_image":[{"width":2000,"height":1796,"url":"https:\/\/centrourbano.com\/revista\/wp-content\/uploads\/MARIA-JOSE-FERNANDEZ-1-2.jpg","type":"image\/jpeg"}],"author":"Diego Rodr\u00edguez","twitter_card":"summary_large_image","twitter_creator":"@CentroUrbano","twitter_site":"@CentroUrbano","twitter_misc":{"Escrito por":"Diego Rodr\u00edguez","Tiempo de lectura":"1 minuto"},"schema":{"@context":"https:\/\/schema.org","@graph":[{"@type":"Article","@id":"https:\/\/centrourbano.com\/revista\/publicaciones\/revista-inversion-inmobiliaria\/la-adi-demostro-compromiso-social-la-cdmx\/#article","isPartOf":{"@id":"https:\/\/centrourbano.com\/revista\/publicaciones\/revista-inversion-inmobiliaria\/la-adi-demostro-compromiso-social-la-cdmx\/"},"author":{"name":"Diego Rodr\u00edguez","@id":"https:\/\/centrourbano.com\/revista\/#\/schema\/person\/dbdc8d1d633eb3e0461138eedc8a0615"},"headline":"La ADI demostr\u00f3 su compromiso social con la CDMX","datePublished":"2017-12-12T22:04:53+00:00","dateModified":"2018-01-12T22:21:59+00:00","mainEntityOfPage":{"@id":"https:\/\/centrourbano.com\/revista\/publicaciones\/revista-inversion-inmobiliaria\/la-adi-demostro-compromiso-social-la-cdmx\/"},"wordCount":251,"commentCount":0,"publisher":{"@id":"https:\/\/centrourbano.com\/revista\/#organization"},"image":{"@id":"https:\/\/centrourbano.com\/revista\/publicaciones\/revista-inversion-inmobiliaria\/la-adi-demostro-compromiso-social-la-cdmx\/#primaryimage"},"thumbnailUrl":"https:\/\/centrourbano.com\/revista\/wp-content\/uploads\/MARIA-JOSE-FERNANDEZ-1-2.jpg","keywords":["ADI","ciudad de M\u00e9xico","desarrolladores inmobiliarios","Mar\u00eda Jos\u00e9 Fern\u00e1ndez","Reconstruci\u00f3n","Sismo"],"articleSection":["Publicaciones","Revista Inversi\u00f3n Inmobiliaria"],"inLanguage":"es","potentialAction":[{"@type":"CommentAction","name":"Comment","target":["https:\/\/centrourbano.com\/revista\/publicaciones\/revista-inversion-inmobiliaria\/la-adi-demostro-compromiso-social-la-cdmx\/#respond"]}]},{"@type":"WebPage","@id":"https:\/\/centrourbano.com\/revista\/publicaciones\/revista-inversion-inmobiliaria\/la-adi-demostro-compromiso-social-la-cdmx\/","url":"https:\/\/centrourbano.com\/revista\/publicaciones\/revista-inversion-inmobiliaria\/la-adi-demostro-compromiso-social-la-cdmx\/","name":"La ADI demostr\u00f3 su compromiso social con la CDMX -","isPartOf":{"@id":"https:\/\/centrourbano.com\/revista\/#website"},"primaryImageOfPage":{"@id":"https:\/\/centrourbano.com\/revista\/publicaciones\/revista-inversion-inmobiliaria\/la-adi-demostro-compromiso-social-la-cdmx\/#primaryimage"},"image":{"@id":"https:\/\/centrourbano.com\/revista\/publicaciones\/revista-inversion-inmobiliaria\/la-adi-demostro-compromiso-social-la-cdmx\/#primaryimage"},"thumbnailUrl":"https:\/\/centrourbano.com\/revista\/wp-content\/uploads\/MARIA-JOSE-FERNANDEZ-1-2.jpg","datePublished":"2017-12-12T22:04:53+00:00","dateModified":"2018-01-12T22:21:59+00:00","description":"La Asociaci\u00f3n de Desarrolladores Inmobiliarios (ADI) no se qued\u00f3 inm\u00f3vil ante la tragedia que se present\u00f3 en el Ciudad de M\u00e9xico el 19 de septiembre, desde el primer momento atendieron el llamado del gobierno de la Ciudad de M\u00e9xico para ayudar en las labores de b\u00fasqueda de personas y la remoci\u00f3n de escombros.","breadcrumb":{"@id":"https:\/\/centrourbano.com\/revista\/publicaciones\/revista-inversion-inmobiliaria\/la-adi-demostro-compromiso-social-la-cdmx\/#breadcrumb"},"inLanguage":"es","potentialAction":[{"@type":"ReadAction","target":["https:\/\/centrourbano.com\/revista\/publicaciones\/revista-inversion-inmobiliaria\/la-adi-demostro-compromiso-social-la-cdmx\/"]}]},{"@type":"ImageObject","inLanguage":"es","@id":"https:\/\/centrourbano.com\/revista\/publicaciones\/revista-inversion-inmobiliaria\/la-adi-demostro-compromiso-social-la-cdmx\/#primaryimage","url":"https:\/\/centrourbano.com\/revista\/wp-content\/uploads\/MARIA-JOSE-FERNANDEZ-1-2.jpg","contentUrl":"https:\/\/centrourbano.com\/revista\/wp-content\/uploads\/MARIA-JOSE-FERNANDEZ-1-2.jpg","width":2000,"height":1796,"caption":"Los socios de la organizaci\u00f3n no escatimaron esfuerzos ante el llamado del gobierno local para los trabajos de reconstrucci\u00f3n"},{"@type":"BreadcrumbList","@id":"https:\/\/centrourbano.com\/revista\/publicaciones\/revista-inversion-inmobiliaria\/la-adi-demostro-compromiso-social-la-cdmx\/#breadcrumb","itemListElement":[{"@type":"ListItem","position":1,"name":"Portada","item":"https:\/\/centrourbano.com\/revista\/"},{"@type":"ListItem","position":2,"name":"La ADI demostr\u00f3 su compromiso social con la CDMX"}]},{"@type":"WebSite","@id":"https:\/\/centrourbano.com\/revista\/#website","url":"https:\/\/centrourbano.com\/revista\/","name":"Centro Urbano","description":"Medio especializado en los sectores vivienda, inmobiliario, construcci\u00f3n, arquitectura y urbanismo.","publisher":{"@id":"https:\/\/centrourbano.com\/revista\/#organization"},"potentialAction":[{"@type":"SearchAction","target":{"@type":"EntryPoint","urlTemplate":"https:\/\/centrourbano.com\/revista\/?s={search_term_string}"},"query-input":{"@type":"PropertyValueSpecification","valueRequired":true,"valueName":"search_term_string"}}],"inLanguage":"es"},{"@type":"Organization","@id":"https:\/\/centrourbano.com\/revista\/#organization","name":"Centro Urbano","url":"https:\/\/centrourbano.com\/revista\/","logo":{"@type":"ImageObject","inLanguage":"es","@id":"https:\/\/centrourbano.com\/revista\/#\/schema\/logo\/image\/","url":"https:\/\/centrourbano.com\/revista\/wp-content\/uploads\/web_CU_logo-1.png","contentUrl":"https:\/\/centrourbano.com\/revista\/wp-content\/uploads\/web_CU_logo-1.png","width":350,"height":91,"caption":"Centro Urbano"},"image":{"@id":"https:\/\/centrourbano.com\/revista\/#\/schema\/logo\/image\/"},"sameAs":["https:\/\/www.facebook.com\/portalcentrourbano","https:\/\/x.com\/CentroUrbano","https:\/\/www.instagram.com\/centro_urbano\/","https:\/\/www.linkedin.com\/company\/centro-urbano\/","http:\/\/www.youtube.com\/user\/portalcentrourbano"]},{"@type":"Person","@id":"https:\/\/centrourbano.com\/revista\/#\/schema\/person\/dbdc8d1d633eb3e0461138eedc8a0615","name":"Diego Rodr\u00edguez","image":{"@type":"ImageObject","inLanguage":"es","@id":"https:\/\/secure.gravatar.com\/avatar\/d217565525df2df5d4e7265d47758506f41845ed9529510921a7625d8365789d?s=96&d=mm&r=g","url":"https:\/\/secure.gravatar.com\/avatar\/d217565525df2df5d4e7265d47758506f41845ed9529510921a7625d8365789d?s=96&d=mm&r=g","contentUrl":"https:\/\/secure.gravatar.com\/avatar\/d217565525df2df5d4e7265d47758506f41845ed9529510921a7625d8365789d?s=96&d=mm&r=g","caption":"Diego Rodr\u00edguez"},"description":"Egresado de la Facultad de Estudios Superiores Acatl\u00e1n de la carrera en Comunicaci\u00f3n, con especialidad en medios escritos. Reportero del desaparecido peri\u00f3dico Nuestro M\u00e9xico, en donde cubri\u00f3 las fuentes delegacionales y Asamblea Legislativa. Tambi\u00e9n trabaj\u00f3 en la Coordinaci\u00f3n de Comunicaci\u00f3n Social en la delegaci\u00f3n \u00c1lvaro Obreg\u00f3n. Le gusta leer novelas y cuentos.","url":"https:\/\/centrourbano.com\/revista\/author\/diegorodriguez\/"}]}},"_links":{"self":[{"href":"https:\/\/centrourbano.com\/revista\/wp-json\/wp\/v2\/posts\/65781","targetHints":{"allow":["GET"]}}],"collection":[{"href":"https:\/\/centrourbano.com\/revista\/wp-json\/wp\/v2\/posts"}],"about":[{"href":"https:\/\/centrourbano.com\/revista\/wp-json\/wp\/v2\/types\/post"}],"author":[{"embeddable":true,"href":"https:\/\/centrourbano.com\/revista\/wp-json\/wp\/v2\/users\/37"}],"replies":[{"embeddable":true,"href":"https:\/\/centrourbano.com\/revista\/wp-json\/wp\/v2\/comments?post=65781"}],"version-history":[{"count":1,"href":"https:\/\/centrourbano.com\/revista\/wp-json\/wp\/v2\/posts\/65781\/revisions"}],"predecessor-version":[{"id":65783,"href":"https:\/\/centrourbano.com\/revista\/wp-json\/wp\/v2\/posts\/65781\/revisions\/65783"}],"wp:featuredmedia":[{"embeddable":true,"href":"https:\/\/centrourbano.com\/revista\/wp-json\/wp\/v2\/media\/65785"}],"wp:attachment":[{"href":"https:\/\/centrourbano.com\/revista\/wp-json\/wp\/v2\/media?parent=65781"}],"wp:term":[{"taxonomy":"category","embeddable":true,"href":"https:\/\/centrourbano.com\/revista\/wp-json\/wp\/v2\/categories?post=65781"},{"taxonomy":"post_tag","embeddable":true,"href":"https:\/\/centrourbano.com\/revista\/wp-json\/wp\/v2\/tags?post=65781"}],"curies":[{"name":"wp","href":"https:\/\/api.w.org\/{rel}","templated":true}]}}