{"id":65741,"date":"2017-12-12T11:23:43","date_gmt":"2017-12-12T17:23:43","guid":{"rendered":"https:\/\/centrourbano.com\/?p=65741"},"modified":"2018-01-12T11:25:55","modified_gmt":"2018-01-12T17:25:55","slug":"atender-sismo-desde-ambito-legislativo","status":"publish","type":"post","link":"https:\/\/centrourbano.com\/revista\/publicaciones\/revista-inversion-inmobiliaria\/atender-sismo-desde-ambito-legislativo\/","title":{"rendered":"Atender el sismo desde el \u00e1mbito legislativo"},"content":{"rendered":"<p><em>Establecer nuevas normas y marcos para incrementar la resiliencia de la Ciudad de M\u00e9xico resulta fundamental tras la tragedia del 19 de septiembre. Diversas propuestas buscan otorgar seguridad a los capitalinos ante un nuevo movimiento tel\u00farico de gran magnitud <\/em><!--more--><\/p>\n<p>Las afectaciones que trajo el sismo del 19 de septiembre en la capital del pa\u00eds provocaron que diversos actores salieran al paso y pusieran sobre la mesa propuestas de cambio en t\u00e9rminos legislativos que otorguen a la Ciudad de M\u00e9xico resiliencia ante fen\u00f3menos naturales como los terremotos. <\/p>\n<p>En este escenario, no s\u00f3lo el gobierno local ha propuesto legislaciones como la referente a la reconstrucci\u00f3n, sino tambi\u00e9n otros actores de la escena pol\u00edtica lanzaron propuestas en materia de desarrollo urbano en las que se contempla una visi\u00f3n metropolitana que permita a la Ciudad ser resistente ante la llegada de cat\u00e1strofes de esta \u00edndole. <\/p>\n<p>De igual forma, legisladores plantearon la necesidad de establecer planes para revitalizar la ciudad a partir de estudios cient\u00edficos. Esto, destacaron, tiene por objeto garantizar la viabilidad de mantener construcciones en las zonas afectadas por el sismo, adem\u00e1s de identificar los riesgos en las distintas regiones de la capital, en aras de ajustar las normas y evitar afectaciones graves. <\/p>\n<p>Lee el texto completo <a href=\"https:\/\/centrourbano.com\/2017\/12\/12\/revista-inversion-inmobiliaria-noviembre-diciembre-2017\/\" rel=\"noopener\" target=\"_blank\">aqu\u00ed<\/a>. <\/p>\n","protected":false},"excerpt":{"rendered":"<p>Establecer nuevas normas y marcos para incrementar la resiliencia de la Ciudad de M\u00e9xico resulta fundamental tras la tragedia del 19 de septiembre. Diversas propuestas buscan otorgar seguridad a los capitalinos ante un nuevo movimiento tel\u00farico de gran magnitud<\/p>\n","protected":false},"author":47,"featured_media":41166,"comment_status":"open","ping_status":"closed","sticky":false,"template":"","format":"standard","meta":{"om_disable_all_campaigns":false,"inline_featured_image":false,"_monsterinsights_skip_tracking":false,"_monsterinsights_sitenote_active":false,"_monsterinsights_sitenote_note":"","_monsterinsights_sitenote_category":0,"footnotes":""},"categories":[4,7115],"tags":[11459,9179],"class_list":["post-65741","post","type-post","status-publish","format-standard","has-post-thumbnail","hentry","category-publicaciones","category-revista-inversion-inmobiliaria","tag-reconstruccion-cdmx","tag-revista-inversion-inmobiliaria"],"yoast_head":"<!-- This site is optimized with the Yoast SEO plugin v27.4 - https:\/\/yoast.com\/product\/yoast-seo-wordpress\/ -->\n<title>Atender el sismo desde el \u00e1mbito legislativo -<\/title>\n<meta name=\"description\" content=\"Las afectaciones que trajo el sismo del 19 de septiembre en la capital del pa\u00eds provocaron que diversos actores salieran al paso y pusieran sobre la mesa propuestas de cambio en t\u00e9rminos legislativos que otorguen a la Ciudad de M\u00e9xico resiliencia ante fen\u00f3menos naturales como los terremotos.\" \/>\n<meta name=\"robots\" content=\"index, follow, max-snippet:-1, max-image-preview:large, max-video-preview:-1\" \/>\n<link rel=\"canonical\" href=\"https:\/\/centrourbano.com\/revista\/publicaciones\/revista-inversion-inmobiliaria\/atender-sismo-desde-ambito-legislativo\/\" \/>\n<meta property=\"og:locale\" content=\"es_ES\" \/>\n<meta property=\"og:type\" content=\"article\" \/>\n<meta property=\"og:title\" content=\"Atender el sismo desde el \u00e1mbito legislativo -\" \/>\n<meta property=\"og:description\" content=\"Las afectaciones que trajo el sismo del 19 de septiembre en la capital del pa\u00eds provocaron que diversos actores salieran al paso y pusieran sobre la mesa propuestas de cambio en t\u00e9rminos legislativos que otorguen a la Ciudad de M\u00e9xico resiliencia ante fen\u00f3menos naturales como los terremotos.\" \/>\n<meta property=\"og:url\" content=\"https:\/\/centrourbano.com\/revista\/publicaciones\/revista-inversion-inmobiliaria\/atender-sismo-desde-ambito-legislativo\/\" \/>\n<meta property=\"og:site_name\" content=\"Centro Urbano\" \/>\n<meta property=\"article:publisher\" content=\"https:\/\/www.facebook.com\/portalcentrourbano\" \/>\n<meta property=\"article:published_time\" content=\"2017-12-12T17:23:43+00:00\" \/>\n<meta property=\"article:modified_time\" content=\"2018-01-12T17:25:55+00:00\" \/>\n<meta property=\"og:image\" content=\"https:\/\/centrourbano.com\/revista\/wp-content\/uploads\/La-CDMX-necesita-70-mil-viviendas-al-an\u0303o-scaled.jpg\" \/>\n\t<meta property=\"og:image:width\" content=\"2560\" \/>\n\t<meta property=\"og:image:height\" content=\"1611\" \/>\n\t<meta property=\"og:image:type\" content=\"image\/jpeg\" \/>\n<meta name=\"author\" content=\"Edgar Rosas\" \/>\n<meta name=\"twitter:card\" content=\"summary_large_image\" \/>\n<meta name=\"twitter:creator\" content=\"@https:\/\/twitter.com\/ERosasCU?s=09\" \/>\n<meta name=\"twitter:site\" content=\"@CentroUrbano\" \/>\n<meta name=\"twitter:label1\" content=\"Escrito por\" \/>\n\t<meta name=\"twitter:data1\" content=\"Edgar Rosas\" \/>\n\t<meta name=\"twitter:label2\" content=\"Tiempo de lectura\" \/>\n\t<meta name=\"twitter:data2\" content=\"1 minuto\" \/>\n<script type=\"application\/ld+json\" class=\"yoast-schema-graph\">{\"@context\":\"https:\\\/\\\/schema.org\",\"@graph\":[{\"@type\":\"Article\",\"@id\":\"https:\\\/\\\/centrourbano.com\\\/revista\\\/publicaciones\\\/revista-inversion-inmobiliaria\\\/atender-sismo-desde-ambito-legislativo\\\/#article\",\"isPartOf\":{\"@id\":\"https:\\\/\\\/centrourbano.com\\\/revista\\\/publicaciones\\\/revista-inversion-inmobiliaria\\\/atender-sismo-desde-ambito-legislativo\\\/\"},\"author\":{\"name\":\"Edgar Rosas\",\"@id\":\"https:\\\/\\\/centrourbano.com\\\/revista\\\/#\\\/schema\\\/person\\\/ff3c00651ce5b1630479d2cd0c2e3ac0\"},\"headline\":\"Atender el sismo desde el \u00e1mbito legislativo\",\"datePublished\":\"2017-12-12T17:23:43+00:00\",\"dateModified\":\"2018-01-12T17:25:55+00:00\",\"mainEntityOfPage\":{\"@id\":\"https:\\\/\\\/centrourbano.com\\\/revista\\\/publicaciones\\\/revista-inversion-inmobiliaria\\\/atender-sismo-desde-ambito-legislativo\\\/\"},\"wordCount\":224,\"commentCount\":0,\"publisher\":{\"@id\":\"https:\\\/\\\/centrourbano.com\\\/revista\\\/#organization\"},\"image\":{\"@id\":\"https:\\\/\\\/centrourbano.com\\\/revista\\\/publicaciones\\\/revista-inversion-inmobiliaria\\\/atender-sismo-desde-ambito-legislativo\\\/#primaryimage\"},\"thumbnailUrl\":\"https:\\\/\\\/centrourbano.com\\\/revista\\\/wp-content\\\/uploads\\\/La-CDMX-necesita-70-mil-viviendas-al-an\u0303o-scaled.jpg\",\"keywords\":[\"Reconstrucci\u00f3n CDMX\",\"Revista Inversi\u00f3n Inmobiliaria\"],\"articleSection\":[\"Publicaciones\",\"Revista Inversi\u00f3n Inmobiliaria\"],\"inLanguage\":\"es\",\"potentialAction\":[{\"@type\":\"CommentAction\",\"name\":\"Comment\",\"target\":[\"https:\\\/\\\/centrourbano.com\\\/revista\\\/publicaciones\\\/revista-inversion-inmobiliaria\\\/atender-sismo-desde-ambito-legislativo\\\/#respond\"]}]},{\"@type\":\"WebPage\",\"@id\":\"https:\\\/\\\/centrourbano.com\\\/revista\\\/publicaciones\\\/revista-inversion-inmobiliaria\\\/atender-sismo-desde-ambito-legislativo\\\/\",\"url\":\"https:\\\/\\\/centrourbano.com\\\/revista\\\/publicaciones\\\/revista-inversion-inmobiliaria\\\/atender-sismo-desde-ambito-legislativo\\\/\",\"name\":\"Atender el sismo desde el \u00e1mbito legislativo -\",\"isPartOf\":{\"@id\":\"https:\\\/\\\/centrourbano.com\\\/revista\\\/#website\"},\"primaryImageOfPage\":{\"@id\":\"https:\\\/\\\/centrourbano.com\\\/revista\\\/publicaciones\\\/revista-inversion-inmobiliaria\\\/atender-sismo-desde-ambito-legislativo\\\/#primaryimage\"},\"image\":{\"@id\":\"https:\\\/\\\/centrourbano.com\\\/revista\\\/publicaciones\\\/revista-inversion-inmobiliaria\\\/atender-sismo-desde-ambito-legislativo\\\/#primaryimage\"},\"thumbnailUrl\":\"https:\\\/\\\/centrourbano.com\\\/revista\\\/wp-content\\\/uploads\\\/La-CDMX-necesita-70-mil-viviendas-al-an\u0303o-scaled.jpg\",\"datePublished\":\"2017-12-12T17:23:43+00:00\",\"dateModified\":\"2018-01-12T17:25:55+00:00\",\"description\":\"Las afectaciones que trajo el sismo del 19 de septiembre en la capital del pa\u00eds provocaron que diversos actores salieran al paso y pusieran sobre la mesa propuestas de cambio en t\u00e9rminos legislativos que otorguen a la Ciudad de M\u00e9xico resiliencia ante fen\u00f3menos naturales como los terremotos.\",\"breadcrumb\":{\"@id\":\"https:\\\/\\\/centrourbano.com\\\/revista\\\/publicaciones\\\/revista-inversion-inmobiliaria\\\/atender-sismo-desde-ambito-legislativo\\\/#breadcrumb\"},\"inLanguage\":\"es\",\"potentialAction\":[{\"@type\":\"ReadAction\",\"target\":[\"https:\\\/\\\/centrourbano.com\\\/revista\\\/publicaciones\\\/revista-inversion-inmobiliaria\\\/atender-sismo-desde-ambito-legislativo\\\/\"]}]},{\"@type\":\"ImageObject\",\"inLanguage\":\"es\",\"@id\":\"https:\\\/\\\/centrourbano.com\\\/revista\\\/publicaciones\\\/revista-inversion-inmobiliaria\\\/atender-sismo-desde-ambito-legislativo\\\/#primaryimage\",\"url\":\"https:\\\/\\\/centrourbano.com\\\/revista\\\/wp-content\\\/uploads\\\/La-CDMX-necesita-70-mil-viviendas-al-an\u0303o-scaled.jpg\",\"contentUrl\":\"https:\\\/\\\/centrourbano.com\\\/revista\\\/wp-content\\\/uploads\\\/La-CDMX-necesita-70-mil-viviendas-al-an\u0303o-scaled.jpg\",\"width\":2560,\"height\":1611,\"caption\":\"Debido a tr\u00e1mites para rentar por s\u00ed solos, varios buscan compartir vivienda y as\u00ed poder conocer m\u00e1s de la cultura mexicana\"},{\"@type\":\"BreadcrumbList\",\"@id\":\"https:\\\/\\\/centrourbano.com\\\/revista\\\/publicaciones\\\/revista-inversion-inmobiliaria\\\/atender-sismo-desde-ambito-legislativo\\\/#breadcrumb\",\"itemListElement\":[{\"@type\":\"ListItem\",\"position\":1,\"name\":\"Portada\",\"item\":\"https:\\\/\\\/centrourbano.com\\\/revista\\\/\"},{\"@type\":\"ListItem\",\"position\":2,\"name\":\"Atender el sismo desde el \u00e1mbito legislativo\"}]},{\"@type\":\"WebSite\",\"@id\":\"https:\\\/\\\/centrourbano.com\\\/revista\\\/#website\",\"url\":\"https:\\\/\\\/centrourbano.com\\\/revista\\\/\",\"name\":\"Centro Urbano\",\"description\":\"Medio especializado en los sectores vivienda, inmobiliario, construcci\u00f3n, arquitectura y urbanismo.\",\"publisher\":{\"@id\":\"https:\\\/\\\/centrourbano.com\\\/revista\\\/#organization\"},\"potentialAction\":[{\"@type\":\"SearchAction\",\"target\":{\"@type\":\"EntryPoint\",\"urlTemplate\":\"https:\\\/\\\/centrourbano.com\\\/revista\\\/?s={search_term_string}\"},\"query-input\":{\"@type\":\"PropertyValueSpecification\",\"valueRequired\":true,\"valueName\":\"search_term_string\"}}],\"inLanguage\":\"es\"},{\"@type\":\"Organization\",\"@id\":\"https:\\\/\\\/centrourbano.com\\\/revista\\\/#organization\",\"name\":\"Centro Urbano\",\"url\":\"https:\\\/\\\/centrourbano.com\\\/revista\\\/\",\"logo\":{\"@type\":\"ImageObject\",\"inLanguage\":\"es\",\"@id\":\"https:\\\/\\\/centrourbano.com\\\/revista\\\/#\\\/schema\\\/logo\\\/image\\\/\",\"url\":\"https:\\\/\\\/centrourbano.com\\\/revista\\\/wp-content\\\/uploads\\\/web_CU_logo-1.png\",\"contentUrl\":\"https:\\\/\\\/centrourbano.com\\\/revista\\\/wp-content\\\/uploads\\\/web_CU_logo-1.png\",\"width\":350,\"height\":91,\"caption\":\"Centro Urbano\"},\"image\":{\"@id\":\"https:\\\/\\\/centrourbano.com\\\/revista\\\/#\\\/schema\\\/logo\\\/image\\\/\"},\"sameAs\":[\"https:\\\/\\\/www.facebook.com\\\/portalcentrourbano\",\"https:\\\/\\\/x.com\\\/CentroUrbano\",\"https:\\\/\\\/www.instagram.com\\\/centro_urbano\\\/\",\"https:\\\/\\\/www.linkedin.com\\\/company\\\/centro-urbano\\\/\",\"http:\\\/\\\/www.youtube.com\\\/user\\\/portalcentrourbano\"]},{\"@type\":\"Person\",\"@id\":\"https:\\\/\\\/centrourbano.com\\\/revista\\\/#\\\/schema\\\/person\\\/ff3c00651ce5b1630479d2cd0c2e3ac0\",\"name\":\"Edgar Rosas\",\"image\":{\"@type\":\"ImageObject\",\"inLanguage\":\"es\",\"@id\":\"https:\\\/\\\/secure.gravatar.com\\\/avatar\\\/94440c4283495211faa5300bf85e80061036b83fced868c3783aa1310b350d9c?s=96&d=mm&r=g\",\"url\":\"https:\\\/\\\/secure.gravatar.com\\\/avatar\\\/94440c4283495211faa5300bf85e80061036b83fced868c3783aa1310b350d9c?s=96&d=mm&r=g\",\"contentUrl\":\"https:\\\/\\\/secure.gravatar.com\\\/avatar\\\/94440c4283495211faa5300bf85e80061036b83fced868c3783aa1310b350d9c?s=96&d=mm&r=g\",\"caption\":\"Edgar Rosas\"},\"description\":\"Editor en Jefe de Centro Urbano. Egresado de la maestr\u00eda en Periodismo Pol\u00edtico de la Escuela de Periodismo Carlos Septi\u00e9n Garc\u00eda (EPCSG). Estudi\u00f3 la licenciatura en Comunicaci\u00f3n en la Universidad Mexicana. Amante de la cr\u00f3nica y el reportaje. Admirador de Vicente Le\u00f1ero y Miguel \u00c1ngel Granados Chapa.\",\"sameAs\":[\"https:\\\/\\\/x.com\\\/https:\\\/\\\/twitter.com\\\/ERosasCU?s=09\"],\"url\":\"https:\\\/\\\/centrourbano.com\\\/revista\\\/author\\\/edgar-rosas\\\/\"}]}<\/script>\n<!-- \/ Yoast SEO plugin. -->","yoast_head_json":{"title":"Atender el sismo desde el \u00e1mbito legislativo -","description":"Las afectaciones que trajo el sismo del 19 de septiembre en la capital del pa\u00eds provocaron que diversos actores salieran al paso y pusieran sobre la mesa propuestas de cambio en t\u00e9rminos legislativos que otorguen a la Ciudad de M\u00e9xico resiliencia ante fen\u00f3menos naturales como los terremotos.","robots":{"index":"index","follow":"follow","max-snippet":"max-snippet:-1","max-image-preview":"max-image-preview:large","max-video-preview":"max-video-preview:-1"},"canonical":"https:\/\/centrourbano.com\/revista\/publicaciones\/revista-inversion-inmobiliaria\/atender-sismo-desde-ambito-legislativo\/","og_locale":"es_ES","og_type":"article","og_title":"Atender el sismo desde el \u00e1mbito legislativo -","og_description":"Las afectaciones que trajo el sismo del 19 de septiembre en la capital del pa\u00eds provocaron que diversos actores salieran al paso y pusieran sobre la mesa propuestas de cambio en t\u00e9rminos legislativos que otorguen a la Ciudad de M\u00e9xico resiliencia ante fen\u00f3menos naturales como los terremotos.","og_url":"https:\/\/centrourbano.com\/revista\/publicaciones\/revista-inversion-inmobiliaria\/atender-sismo-desde-ambito-legislativo\/","og_site_name":"Centro Urbano","article_publisher":"https:\/\/www.facebook.com\/portalcentrourbano","article_published_time":"2017-12-12T17:23:43+00:00","article_modified_time":"2018-01-12T17:25:55+00:00","og_image":[{"width":2560,"height":1611,"url":"https:\/\/centrourbano.com\/revista\/wp-content\/uploads\/La-CDMX-necesita-70-mil-viviendas-al-an\u0303o-scaled.jpg","type":"image\/jpeg"}],"author":"Edgar Rosas","twitter_card":"summary_large_image","twitter_creator":"@https:\/\/twitter.com\/ERosasCU?s=09","twitter_site":"@CentroUrbano","twitter_misc":{"Escrito por":"Edgar Rosas","Tiempo de lectura":"1 minuto"},"schema":{"@context":"https:\/\/schema.org","@graph":[{"@type":"Article","@id":"https:\/\/centrourbano.com\/revista\/publicaciones\/revista-inversion-inmobiliaria\/atender-sismo-desde-ambito-legislativo\/#article","isPartOf":{"@id":"https:\/\/centrourbano.com\/revista\/publicaciones\/revista-inversion-inmobiliaria\/atender-sismo-desde-ambito-legislativo\/"},"author":{"name":"Edgar Rosas","@id":"https:\/\/centrourbano.com\/revista\/#\/schema\/person\/ff3c00651ce5b1630479d2cd0c2e3ac0"},"headline":"Atender el sismo desde el \u00e1mbito legislativo","datePublished":"2017-12-12T17:23:43+00:00","dateModified":"2018-01-12T17:25:55+00:00","mainEntityOfPage":{"@id":"https:\/\/centrourbano.com\/revista\/publicaciones\/revista-inversion-inmobiliaria\/atender-sismo-desde-ambito-legislativo\/"},"wordCount":224,"commentCount":0,"publisher":{"@id":"https:\/\/centrourbano.com\/revista\/#organization"},"image":{"@id":"https:\/\/centrourbano.com\/revista\/publicaciones\/revista-inversion-inmobiliaria\/atender-sismo-desde-ambito-legislativo\/#primaryimage"},"thumbnailUrl":"https:\/\/centrourbano.com\/revista\/wp-content\/uploads\/La-CDMX-necesita-70-mil-viviendas-al-an\u0303o-scaled.jpg","keywords":["Reconstrucci\u00f3n CDMX","Revista Inversi\u00f3n Inmobiliaria"],"articleSection":["Publicaciones","Revista Inversi\u00f3n Inmobiliaria"],"inLanguage":"es","potentialAction":[{"@type":"CommentAction","name":"Comment","target":["https:\/\/centrourbano.com\/revista\/publicaciones\/revista-inversion-inmobiliaria\/atender-sismo-desde-ambito-legislativo\/#respond"]}]},{"@type":"WebPage","@id":"https:\/\/centrourbano.com\/revista\/publicaciones\/revista-inversion-inmobiliaria\/atender-sismo-desde-ambito-legislativo\/","url":"https:\/\/centrourbano.com\/revista\/publicaciones\/revista-inversion-inmobiliaria\/atender-sismo-desde-ambito-legislativo\/","name":"Atender el sismo desde el \u00e1mbito legislativo -","isPartOf":{"@id":"https:\/\/centrourbano.com\/revista\/#website"},"primaryImageOfPage":{"@id":"https:\/\/centrourbano.com\/revista\/publicaciones\/revista-inversion-inmobiliaria\/atender-sismo-desde-ambito-legislativo\/#primaryimage"},"image":{"@id":"https:\/\/centrourbano.com\/revista\/publicaciones\/revista-inversion-inmobiliaria\/atender-sismo-desde-ambito-legislativo\/#primaryimage"},"thumbnailUrl":"https:\/\/centrourbano.com\/revista\/wp-content\/uploads\/La-CDMX-necesita-70-mil-viviendas-al-an\u0303o-scaled.jpg","datePublished":"2017-12-12T17:23:43+00:00","dateModified":"2018-01-12T17:25:55+00:00","description":"Las afectaciones que trajo el sismo del 19 de septiembre en la capital del pa\u00eds provocaron que diversos actores salieran al paso y pusieran sobre la mesa propuestas de cambio en t\u00e9rminos legislativos que otorguen a la Ciudad de M\u00e9xico resiliencia ante fen\u00f3menos naturales como los terremotos.","breadcrumb":{"@id":"https:\/\/centrourbano.com\/revista\/publicaciones\/revista-inversion-inmobiliaria\/atender-sismo-desde-ambito-legislativo\/#breadcrumb"},"inLanguage":"es","potentialAction":[{"@type":"ReadAction","target":["https:\/\/centrourbano.com\/revista\/publicaciones\/revista-inversion-inmobiliaria\/atender-sismo-desde-ambito-legislativo\/"]}]},{"@type":"ImageObject","inLanguage":"es","@id":"https:\/\/centrourbano.com\/revista\/publicaciones\/revista-inversion-inmobiliaria\/atender-sismo-desde-ambito-legislativo\/#primaryimage","url":"https:\/\/centrourbano.com\/revista\/wp-content\/uploads\/La-CDMX-necesita-70-mil-viviendas-al-an\u0303o-scaled.jpg","contentUrl":"https:\/\/centrourbano.com\/revista\/wp-content\/uploads\/La-CDMX-necesita-70-mil-viviendas-al-an\u0303o-scaled.jpg","width":2560,"height":1611,"caption":"Debido a tr\u00e1mites para rentar por s\u00ed solos, varios buscan compartir vivienda y as\u00ed poder conocer m\u00e1s de la cultura mexicana"},{"@type":"BreadcrumbList","@id":"https:\/\/centrourbano.com\/revista\/publicaciones\/revista-inversion-inmobiliaria\/atender-sismo-desde-ambito-legislativo\/#breadcrumb","itemListElement":[{"@type":"ListItem","position":1,"name":"Portada","item":"https:\/\/centrourbano.com\/revista\/"},{"@type":"ListItem","position":2,"name":"Atender el sismo desde el \u00e1mbito legislativo"}]},{"@type":"WebSite","@id":"https:\/\/centrourbano.com\/revista\/#website","url":"https:\/\/centrourbano.com\/revista\/","name":"Centro Urbano","description":"Medio especializado en los sectores vivienda, inmobiliario, construcci\u00f3n, arquitectura y urbanismo.","publisher":{"@id":"https:\/\/centrourbano.com\/revista\/#organization"},"potentialAction":[{"@type":"SearchAction","target":{"@type":"EntryPoint","urlTemplate":"https:\/\/centrourbano.com\/revista\/?s={search_term_string}"},"query-input":{"@type":"PropertyValueSpecification","valueRequired":true,"valueName":"search_term_string"}}],"inLanguage":"es"},{"@type":"Organization","@id":"https:\/\/centrourbano.com\/revista\/#organization","name":"Centro Urbano","url":"https:\/\/centrourbano.com\/revista\/","logo":{"@type":"ImageObject","inLanguage":"es","@id":"https:\/\/centrourbano.com\/revista\/#\/schema\/logo\/image\/","url":"https:\/\/centrourbano.com\/revista\/wp-content\/uploads\/web_CU_logo-1.png","contentUrl":"https:\/\/centrourbano.com\/revista\/wp-content\/uploads\/web_CU_logo-1.png","width":350,"height":91,"caption":"Centro Urbano"},"image":{"@id":"https:\/\/centrourbano.com\/revista\/#\/schema\/logo\/image\/"},"sameAs":["https:\/\/www.facebook.com\/portalcentrourbano","https:\/\/x.com\/CentroUrbano","https:\/\/www.instagram.com\/centro_urbano\/","https:\/\/www.linkedin.com\/company\/centro-urbano\/","http:\/\/www.youtube.com\/user\/portalcentrourbano"]},{"@type":"Person","@id":"https:\/\/centrourbano.com\/revista\/#\/schema\/person\/ff3c00651ce5b1630479d2cd0c2e3ac0","name":"Edgar Rosas","image":{"@type":"ImageObject","inLanguage":"es","@id":"https:\/\/secure.gravatar.com\/avatar\/94440c4283495211faa5300bf85e80061036b83fced868c3783aa1310b350d9c?s=96&d=mm&r=g","url":"https:\/\/secure.gravatar.com\/avatar\/94440c4283495211faa5300bf85e80061036b83fced868c3783aa1310b350d9c?s=96&d=mm&r=g","contentUrl":"https:\/\/secure.gravatar.com\/avatar\/94440c4283495211faa5300bf85e80061036b83fced868c3783aa1310b350d9c?s=96&d=mm&r=g","caption":"Edgar Rosas"},"description":"Editor en Jefe de Centro Urbano. Egresado de la maestr\u00eda en Periodismo Pol\u00edtico de la Escuela de Periodismo Carlos Septi\u00e9n Garc\u00eda (EPCSG). Estudi\u00f3 la licenciatura en Comunicaci\u00f3n en la Universidad Mexicana. Amante de la cr\u00f3nica y el reportaje. Admirador de Vicente Le\u00f1ero y Miguel \u00c1ngel Granados Chapa.","sameAs":["https:\/\/x.com\/https:\/\/twitter.com\/ERosasCU?s=09"],"url":"https:\/\/centrourbano.com\/revista\/author\/edgar-rosas\/"}]}},"_links":{"self":[{"href":"https:\/\/centrourbano.com\/revista\/wp-json\/wp\/v2\/posts\/65741","targetHints":{"allow":["GET"]}}],"collection":[{"href":"https:\/\/centrourbano.com\/revista\/wp-json\/wp\/v2\/posts"}],"about":[{"href":"https:\/\/centrourbano.com\/revista\/wp-json\/wp\/v2\/types\/post"}],"author":[{"embeddable":true,"href":"https:\/\/centrourbano.com\/revista\/wp-json\/wp\/v2\/users\/47"}],"replies":[{"embeddable":true,"href":"https:\/\/centrourbano.com\/revista\/wp-json\/wp\/v2\/comments?post=65741"}],"version-history":[{"count":1,"href":"https:\/\/centrourbano.com\/revista\/wp-json\/wp\/v2\/posts\/65741\/revisions"}],"predecessor-version":[{"id":65742,"href":"https:\/\/centrourbano.com\/revista\/wp-json\/wp\/v2\/posts\/65741\/revisions\/65742"}],"wp:featuredmedia":[{"embeddable":true,"href":"https:\/\/centrourbano.com\/revista\/wp-json\/wp\/v2\/media\/41166"}],"wp:attachment":[{"href":"https:\/\/centrourbano.com\/revista\/wp-json\/wp\/v2\/media?parent=65741"}],"wp:term":[{"taxonomy":"category","embeddable":true,"href":"https:\/\/centrourbano.com\/revista\/wp-json\/wp\/v2\/categories?post=65741"},{"taxonomy":"post_tag","embeddable":true,"href":"https:\/\/centrourbano.com\/revista\/wp-json\/wp\/v2\/tags?post=65741"}],"curies":[{"name":"wp","href":"https:\/\/api.w.org\/{rel}","templated":true}]}}