{"id":65670,"date":"2018-01-11T07:15:06","date_gmt":"2018-01-11T13:15:06","guid":{"rendered":"https:\/\/centrourbano.com\/?p=65670"},"modified":"2018-01-11T09:27:55","modified_gmt":"2018-01-11T15:27:55","slug":"sedatu-ha-repartido-61632-apoyos-reconstruir-oaxaca","status":"publish","type":"post","link":"https:\/\/centrourbano.com\/revista\/vivienda\/sedatu-ha-repartido-61632-apoyos-reconstruir-oaxaca\/","title":{"rendered":"Sedatu ha repartido 61,632 apoyos para reconstruir Oaxaca"},"content":{"rendered":"<p><em>Del total de acciones, 23,717 han sido para apoyar a familias con vivienda catalogadas en da\u00f1o total <\/em><!--more--><\/p>\n<p>La Secretar\u00eda de Desarrollo agrario Territorial y Urbano (Sedatu) report\u00f3 un avance del 95% en la entrega de tarjetas con recursos econ\u00f3micos para apoyar la reconstrucci\u00f3n de vivienda, con lo que hasta el momento se han desplazado 61,632 pl\u00e1sticos. <\/p>\n<p>As\u00ed lo dio a conocer la Rosario Robles Berlanga, titular de Sedatu, quien detall\u00f3 que, del total de tarjetas entregadas, 37,915 han sido para apoyar a familias cuyas viviendas presentaron da\u00f1os parciales y 23,717 para reconstruir casas con p\u00e9rdida total. <\/p>\n<p>En gira de trabajo por la entidad, la funcionaria entreg\u00f3 las primeras tarjetas de 2018. En total, se desplazaron 1,400 apoyos en beneficio de familias de Huajuapan de Le\u00f3n, Oaxaca. <\/p>\n<p>\u201cPara el gobierno de la Rep\u00fablica es fundamental transparentar el manejo de los recursos otorgados para la reconstrucci\u00f3n, porque no se vale que cuando se ve que est\u00e1n llegando los recursos levante la mano alguien, porque eso es ir en contra del propio pueblo\u201d, dijo. <\/p>\n<p>Durante el acto de entrega, Alejandro Murat, gobernador de la entidad, destac\u00f3 el trabajo conjunto que se ha dado desde el primer d\u00eda tras la tragedia. <\/p>\n","protected":false},"excerpt":{"rendered":"<p>Del total de acciones, 23,717 han sido para apoyar a familias con vivienda catalogadas en da\u00f1o total<\/p>\n","protected":false},"author":47,"featured_media":65671,"comment_status":"open","ping_status":"closed","sticky":false,"template":"","format":"standard","meta":{"om_disable_all_campaigns":false,"inline_featured_image":false,"_monsterinsights_skip_tracking":false,"_monsterinsights_sitenote_active":false,"_monsterinsights_sitenote_note":"","_monsterinsights_sitenote_category":0,"footnotes":""},"categories":[12],"tags":[501,2387,6255,60],"class_list":["post-65670","post","type-post","status-publish","format-standard","has-post-thumbnail","hentry","category-vivienda","tag-oaxaca","tag-reconstruccion","tag-rosario-robles-berlanga","tag-vivienda-2"],"yoast_head":"<!-- This site is optimized with the Yoast SEO plugin v27.4 - https:\/\/yoast.com\/product\/yoast-seo-wordpress\/ -->\n<title>Sedatu ha repartido 61,632 apoyos para reconstruir Oaxaca -<\/title>\n<meta name=\"description\" content=\"La Secretar\u00eda de Desarrollo agrario Territorial y Urbano (Sedatu) report\u00f3 un avance del 95% en la entrega de tarjetas con recursos econ\u00f3micos para apoyar la reconstrucci\u00f3n de vivienda, con lo que hasta el momento se han desplazado 61,632 pl\u00e1sticos.\" \/>\n<meta name=\"robots\" content=\"index, follow, max-snippet:-1, max-image-preview:large, max-video-preview:-1\" \/>\n<link rel=\"canonical\" href=\"https:\/\/centrourbano.com\/revista\/vivienda\/sedatu-ha-repartido-61632-apoyos-reconstruir-oaxaca\/\" \/>\n<meta property=\"og:locale\" content=\"es_ES\" \/>\n<meta property=\"og:type\" content=\"article\" \/>\n<meta property=\"og:title\" content=\"Sedatu ha repartido 61,632 apoyos para reconstruir Oaxaca -\" \/>\n<meta property=\"og:description\" content=\"La Secretar\u00eda de Desarrollo agrario Territorial y Urbano (Sedatu) report\u00f3 un avance del 95% en la entrega de tarjetas con recursos econ\u00f3micos para apoyar la reconstrucci\u00f3n de vivienda, con lo que hasta el momento se han desplazado 61,632 pl\u00e1sticos.\" \/>\n<meta property=\"og:url\" content=\"https:\/\/centrourbano.com\/revista\/vivienda\/sedatu-ha-repartido-61632-apoyos-reconstruir-oaxaca\/\" \/>\n<meta property=\"og:site_name\" content=\"Centro Urbano\" \/>\n<meta property=\"article:publisher\" content=\"https:\/\/www.facebook.com\/portalcentrourbano\" \/>\n<meta property=\"article:published_time\" content=\"2018-01-11T13:15:06+00:00\" \/>\n<meta property=\"article:modified_time\" content=\"2018-01-11T15:27:55+00:00\" \/>\n<meta property=\"og:image\" content=\"https:\/\/centrourbano.com\/revista\/wp-content\/uploads\/RRB_Oaxaca_Avance_Tarjetas.jpeg\" \/>\n\t<meta property=\"og:image:width\" content=\"800\" \/>\n\t<meta property=\"og:image:height\" content=\"533\" \/>\n\t<meta property=\"og:image:type\" content=\"image\/jpeg\" \/>\n<meta name=\"author\" content=\"Edgar Rosas\" \/>\n<meta name=\"twitter:card\" content=\"summary_large_image\" \/>\n<meta name=\"twitter:creator\" content=\"@https:\/\/twitter.com\/ERosasCU?s=09\" \/>\n<meta name=\"twitter:site\" content=\"@CentroUrbano\" \/>\n<meta name=\"twitter:label1\" content=\"Escrito por\" \/>\n\t<meta name=\"twitter:data1\" content=\"Edgar Rosas\" \/>\n\t<meta name=\"twitter:label2\" content=\"Tiempo de lectura\" \/>\n\t<meta name=\"twitter:data2\" content=\"1 minuto\" \/>\n<script type=\"application\/ld+json\" class=\"yoast-schema-graph\">{\"@context\":\"https:\\\/\\\/schema.org\",\"@graph\":[{\"@type\":\"Article\",\"@id\":\"https:\\\/\\\/centrourbano.com\\\/revista\\\/vivienda\\\/sedatu-ha-repartido-61632-apoyos-reconstruir-oaxaca\\\/#article\",\"isPartOf\":{\"@id\":\"https:\\\/\\\/centrourbano.com\\\/revista\\\/vivienda\\\/sedatu-ha-repartido-61632-apoyos-reconstruir-oaxaca\\\/\"},\"author\":{\"name\":\"Edgar Rosas\",\"@id\":\"https:\\\/\\\/centrourbano.com\\\/revista\\\/#\\\/schema\\\/person\\\/ff3c00651ce5b1630479d2cd0c2e3ac0\"},\"headline\":\"Sedatu ha repartido 61,632 apoyos para reconstruir Oaxaca\",\"datePublished\":\"2018-01-11T13:15:06+00:00\",\"dateModified\":\"2018-01-11T15:27:55+00:00\",\"mainEntityOfPage\":{\"@id\":\"https:\\\/\\\/centrourbano.com\\\/revista\\\/vivienda\\\/sedatu-ha-repartido-61632-apoyos-reconstruir-oaxaca\\\/\"},\"wordCount\":209,\"commentCount\":0,\"publisher\":{\"@id\":\"https:\\\/\\\/centrourbano.com\\\/revista\\\/#organization\"},\"image\":{\"@id\":\"https:\\\/\\\/centrourbano.com\\\/revista\\\/vivienda\\\/sedatu-ha-repartido-61632-apoyos-reconstruir-oaxaca\\\/#primaryimage\"},\"thumbnailUrl\":\"https:\\\/\\\/centrourbano.com\\\/revista\\\/wp-content\\\/uploads\\\/RRB_Oaxaca_Avance_Tarjetas.jpeg\",\"keywords\":[\"Oaxaca\",\"reconstrucci\u00f3n\",\"Rosario Robles Berlanga\",\"vivienda\"],\"articleSection\":[\"Vivienda\"],\"inLanguage\":\"es\",\"potentialAction\":[{\"@type\":\"CommentAction\",\"name\":\"Comment\",\"target\":[\"https:\\\/\\\/centrourbano.com\\\/revista\\\/vivienda\\\/sedatu-ha-repartido-61632-apoyos-reconstruir-oaxaca\\\/#respond\"]}]},{\"@type\":\"WebPage\",\"@id\":\"https:\\\/\\\/centrourbano.com\\\/revista\\\/vivienda\\\/sedatu-ha-repartido-61632-apoyos-reconstruir-oaxaca\\\/\",\"url\":\"https:\\\/\\\/centrourbano.com\\\/revista\\\/vivienda\\\/sedatu-ha-repartido-61632-apoyos-reconstruir-oaxaca\\\/\",\"name\":\"Sedatu ha repartido 61,632 apoyos para reconstruir Oaxaca -\",\"isPartOf\":{\"@id\":\"https:\\\/\\\/centrourbano.com\\\/revista\\\/#website\"},\"primaryImageOfPage\":{\"@id\":\"https:\\\/\\\/centrourbano.com\\\/revista\\\/vivienda\\\/sedatu-ha-repartido-61632-apoyos-reconstruir-oaxaca\\\/#primaryimage\"},\"image\":{\"@id\":\"https:\\\/\\\/centrourbano.com\\\/revista\\\/vivienda\\\/sedatu-ha-repartido-61632-apoyos-reconstruir-oaxaca\\\/#primaryimage\"},\"thumbnailUrl\":\"https:\\\/\\\/centrourbano.com\\\/revista\\\/wp-content\\\/uploads\\\/RRB_Oaxaca_Avance_Tarjetas.jpeg\",\"datePublished\":\"2018-01-11T13:15:06+00:00\",\"dateModified\":\"2018-01-11T15:27:55+00:00\",\"description\":\"La Secretar\u00eda de Desarrollo agrario Territorial y Urbano (Sedatu) report\u00f3 un avance del 95% en la entrega de tarjetas con recursos econ\u00f3micos para apoyar la reconstrucci\u00f3n de vivienda, con lo que hasta el momento se han desplazado 61,632 pl\u00e1sticos.\",\"breadcrumb\":{\"@id\":\"https:\\\/\\\/centrourbano.com\\\/revista\\\/vivienda\\\/sedatu-ha-repartido-61632-apoyos-reconstruir-oaxaca\\\/#breadcrumb\"},\"inLanguage\":\"es\",\"potentialAction\":[{\"@type\":\"ReadAction\",\"target\":[\"https:\\\/\\\/centrourbano.com\\\/revista\\\/vivienda\\\/sedatu-ha-repartido-61632-apoyos-reconstruir-oaxaca\\\/\"]}]},{\"@type\":\"ImageObject\",\"inLanguage\":\"es\",\"@id\":\"https:\\\/\\\/centrourbano.com\\\/revista\\\/vivienda\\\/sedatu-ha-repartido-61632-apoyos-reconstruir-oaxaca\\\/#primaryimage\",\"url\":\"https:\\\/\\\/centrourbano.com\\\/revista\\\/wp-content\\\/uploads\\\/RRB_Oaxaca_Avance_Tarjetas.jpeg\",\"contentUrl\":\"https:\\\/\\\/centrourbano.com\\\/revista\\\/wp-content\\\/uploads\\\/RRB_Oaxaca_Avance_Tarjetas.jpeg\",\"width\":800,\"height\":533,\"caption\":\"Del total de acciones, 23,717 han sido para apoyar a familias con vivienda catalogadas en da\u00f1o total\"},{\"@type\":\"BreadcrumbList\",\"@id\":\"https:\\\/\\\/centrourbano.com\\\/revista\\\/vivienda\\\/sedatu-ha-repartido-61632-apoyos-reconstruir-oaxaca\\\/#breadcrumb\",\"itemListElement\":[{\"@type\":\"ListItem\",\"position\":1,\"name\":\"Portada\",\"item\":\"https:\\\/\\\/centrourbano.com\\\/revista\\\/\"},{\"@type\":\"ListItem\",\"position\":2,\"name\":\"Sedatu ha repartido 61,632 apoyos para reconstruir Oaxaca\"}]},{\"@type\":\"WebSite\",\"@id\":\"https:\\\/\\\/centrourbano.com\\\/revista\\\/#website\",\"url\":\"https:\\\/\\\/centrourbano.com\\\/revista\\\/\",\"name\":\"Centro Urbano\",\"description\":\"Medio especializado en los sectores vivienda, inmobiliario, construcci\u00f3n, arquitectura y urbanismo.\",\"publisher\":{\"@id\":\"https:\\\/\\\/centrourbano.com\\\/revista\\\/#organization\"},\"potentialAction\":[{\"@type\":\"SearchAction\",\"target\":{\"@type\":\"EntryPoint\",\"urlTemplate\":\"https:\\\/\\\/centrourbano.com\\\/revista\\\/?s={search_term_string}\"},\"query-input\":{\"@type\":\"PropertyValueSpecification\",\"valueRequired\":true,\"valueName\":\"search_term_string\"}}],\"inLanguage\":\"es\"},{\"@type\":\"Organization\",\"@id\":\"https:\\\/\\\/centrourbano.com\\\/revista\\\/#organization\",\"name\":\"Centro Urbano\",\"url\":\"https:\\\/\\\/centrourbano.com\\\/revista\\\/\",\"logo\":{\"@type\":\"ImageObject\",\"inLanguage\":\"es\",\"@id\":\"https:\\\/\\\/centrourbano.com\\\/revista\\\/#\\\/schema\\\/logo\\\/image\\\/\",\"url\":\"https:\\\/\\\/centrourbano.com\\\/revista\\\/wp-content\\\/uploads\\\/web_CU_logo-1.png\",\"contentUrl\":\"https:\\\/\\\/centrourbano.com\\\/revista\\\/wp-content\\\/uploads\\\/web_CU_logo-1.png\",\"width\":350,\"height\":91,\"caption\":\"Centro Urbano\"},\"image\":{\"@id\":\"https:\\\/\\\/centrourbano.com\\\/revista\\\/#\\\/schema\\\/logo\\\/image\\\/\"},\"sameAs\":[\"https:\\\/\\\/www.facebook.com\\\/portalcentrourbano\",\"https:\\\/\\\/x.com\\\/CentroUrbano\",\"https:\\\/\\\/www.instagram.com\\\/centro_urbano\\\/\",\"https:\\\/\\\/www.linkedin.com\\\/company\\\/centro-urbano\\\/\",\"http:\\\/\\\/www.youtube.com\\\/user\\\/portalcentrourbano\"]},{\"@type\":\"Person\",\"@id\":\"https:\\\/\\\/centrourbano.com\\\/revista\\\/#\\\/schema\\\/person\\\/ff3c00651ce5b1630479d2cd0c2e3ac0\",\"name\":\"Edgar Rosas\",\"image\":{\"@type\":\"ImageObject\",\"inLanguage\":\"es\",\"@id\":\"https:\\\/\\\/secure.gravatar.com\\\/avatar\\\/94440c4283495211faa5300bf85e80061036b83fced868c3783aa1310b350d9c?s=96&d=mm&r=g\",\"url\":\"https:\\\/\\\/secure.gravatar.com\\\/avatar\\\/94440c4283495211faa5300bf85e80061036b83fced868c3783aa1310b350d9c?s=96&d=mm&r=g\",\"contentUrl\":\"https:\\\/\\\/secure.gravatar.com\\\/avatar\\\/94440c4283495211faa5300bf85e80061036b83fced868c3783aa1310b350d9c?s=96&d=mm&r=g\",\"caption\":\"Edgar Rosas\"},\"description\":\"Editor en Jefe de Centro Urbano. Egresado de la maestr\u00eda en Periodismo Pol\u00edtico de la Escuela de Periodismo Carlos Septi\u00e9n Garc\u00eda (EPCSG). Estudi\u00f3 la licenciatura en Comunicaci\u00f3n en la Universidad Mexicana. Amante de la cr\u00f3nica y el reportaje. Admirador de Vicente Le\u00f1ero y Miguel \u00c1ngel Granados Chapa.\",\"sameAs\":[\"https:\\\/\\\/x.com\\\/https:\\\/\\\/twitter.com\\\/ERosasCU?s=09\"],\"url\":\"https:\\\/\\\/centrourbano.com\\\/revista\\\/author\\\/edgar-rosas\\\/\"}]}<\/script>\n<!-- \/ Yoast SEO plugin. -->","yoast_head_json":{"title":"Sedatu ha repartido 61,632 apoyos para reconstruir Oaxaca -","description":"La Secretar\u00eda de Desarrollo agrario Territorial y Urbano (Sedatu) report\u00f3 un avance del 95% en la entrega de tarjetas con recursos econ\u00f3micos para apoyar la reconstrucci\u00f3n de vivienda, con lo que hasta el momento se han desplazado 61,632 pl\u00e1sticos.","robots":{"index":"index","follow":"follow","max-snippet":"max-snippet:-1","max-image-preview":"max-image-preview:large","max-video-preview":"max-video-preview:-1"},"canonical":"https:\/\/centrourbano.com\/revista\/vivienda\/sedatu-ha-repartido-61632-apoyos-reconstruir-oaxaca\/","og_locale":"es_ES","og_type":"article","og_title":"Sedatu ha repartido 61,632 apoyos para reconstruir Oaxaca -","og_description":"La Secretar\u00eda de Desarrollo agrario Territorial y Urbano (Sedatu) report\u00f3 un avance del 95% en la entrega de tarjetas con recursos econ\u00f3micos para apoyar la reconstrucci\u00f3n de vivienda, con lo que hasta el momento se han desplazado 61,632 pl\u00e1sticos.","og_url":"https:\/\/centrourbano.com\/revista\/vivienda\/sedatu-ha-repartido-61632-apoyos-reconstruir-oaxaca\/","og_site_name":"Centro Urbano","article_publisher":"https:\/\/www.facebook.com\/portalcentrourbano","article_published_time":"2018-01-11T13:15:06+00:00","article_modified_time":"2018-01-11T15:27:55+00:00","og_image":[{"width":800,"height":533,"url":"https:\/\/centrourbano.com\/revista\/wp-content\/uploads\/RRB_Oaxaca_Avance_Tarjetas.jpeg","type":"image\/jpeg"}],"author":"Edgar Rosas","twitter_card":"summary_large_image","twitter_creator":"@https:\/\/twitter.com\/ERosasCU?s=09","twitter_site":"@CentroUrbano","twitter_misc":{"Escrito por":"Edgar Rosas","Tiempo de lectura":"1 minuto"},"schema":{"@context":"https:\/\/schema.org","@graph":[{"@type":"Article","@id":"https:\/\/centrourbano.com\/revista\/vivienda\/sedatu-ha-repartido-61632-apoyos-reconstruir-oaxaca\/#article","isPartOf":{"@id":"https:\/\/centrourbano.com\/revista\/vivienda\/sedatu-ha-repartido-61632-apoyos-reconstruir-oaxaca\/"},"author":{"name":"Edgar Rosas","@id":"https:\/\/centrourbano.com\/revista\/#\/schema\/person\/ff3c00651ce5b1630479d2cd0c2e3ac0"},"headline":"Sedatu ha repartido 61,632 apoyos para reconstruir Oaxaca","datePublished":"2018-01-11T13:15:06+00:00","dateModified":"2018-01-11T15:27:55+00:00","mainEntityOfPage":{"@id":"https:\/\/centrourbano.com\/revista\/vivienda\/sedatu-ha-repartido-61632-apoyos-reconstruir-oaxaca\/"},"wordCount":209,"commentCount":0,"publisher":{"@id":"https:\/\/centrourbano.com\/revista\/#organization"},"image":{"@id":"https:\/\/centrourbano.com\/revista\/vivienda\/sedatu-ha-repartido-61632-apoyos-reconstruir-oaxaca\/#primaryimage"},"thumbnailUrl":"https:\/\/centrourbano.com\/revista\/wp-content\/uploads\/RRB_Oaxaca_Avance_Tarjetas.jpeg","keywords":["Oaxaca","reconstrucci\u00f3n","Rosario Robles Berlanga","vivienda"],"articleSection":["Vivienda"],"inLanguage":"es","potentialAction":[{"@type":"CommentAction","name":"Comment","target":["https:\/\/centrourbano.com\/revista\/vivienda\/sedatu-ha-repartido-61632-apoyos-reconstruir-oaxaca\/#respond"]}]},{"@type":"WebPage","@id":"https:\/\/centrourbano.com\/revista\/vivienda\/sedatu-ha-repartido-61632-apoyos-reconstruir-oaxaca\/","url":"https:\/\/centrourbano.com\/revista\/vivienda\/sedatu-ha-repartido-61632-apoyos-reconstruir-oaxaca\/","name":"Sedatu ha repartido 61,632 apoyos para reconstruir Oaxaca -","isPartOf":{"@id":"https:\/\/centrourbano.com\/revista\/#website"},"primaryImageOfPage":{"@id":"https:\/\/centrourbano.com\/revista\/vivienda\/sedatu-ha-repartido-61632-apoyos-reconstruir-oaxaca\/#primaryimage"},"image":{"@id":"https:\/\/centrourbano.com\/revista\/vivienda\/sedatu-ha-repartido-61632-apoyos-reconstruir-oaxaca\/#primaryimage"},"thumbnailUrl":"https:\/\/centrourbano.com\/revista\/wp-content\/uploads\/RRB_Oaxaca_Avance_Tarjetas.jpeg","datePublished":"2018-01-11T13:15:06+00:00","dateModified":"2018-01-11T15:27:55+00:00","description":"La Secretar\u00eda de Desarrollo agrario Territorial y Urbano (Sedatu) report\u00f3 un avance del 95% en la entrega de tarjetas con recursos econ\u00f3micos para apoyar la reconstrucci\u00f3n de vivienda, con lo que hasta el momento se han desplazado 61,632 pl\u00e1sticos.","breadcrumb":{"@id":"https:\/\/centrourbano.com\/revista\/vivienda\/sedatu-ha-repartido-61632-apoyos-reconstruir-oaxaca\/#breadcrumb"},"inLanguage":"es","potentialAction":[{"@type":"ReadAction","target":["https:\/\/centrourbano.com\/revista\/vivienda\/sedatu-ha-repartido-61632-apoyos-reconstruir-oaxaca\/"]}]},{"@type":"ImageObject","inLanguage":"es","@id":"https:\/\/centrourbano.com\/revista\/vivienda\/sedatu-ha-repartido-61632-apoyos-reconstruir-oaxaca\/#primaryimage","url":"https:\/\/centrourbano.com\/revista\/wp-content\/uploads\/RRB_Oaxaca_Avance_Tarjetas.jpeg","contentUrl":"https:\/\/centrourbano.com\/revista\/wp-content\/uploads\/RRB_Oaxaca_Avance_Tarjetas.jpeg","width":800,"height":533,"caption":"Del total de acciones, 23,717 han sido para apoyar a familias con vivienda catalogadas en da\u00f1o total"},{"@type":"BreadcrumbList","@id":"https:\/\/centrourbano.com\/revista\/vivienda\/sedatu-ha-repartido-61632-apoyos-reconstruir-oaxaca\/#breadcrumb","itemListElement":[{"@type":"ListItem","position":1,"name":"Portada","item":"https:\/\/centrourbano.com\/revista\/"},{"@type":"ListItem","position":2,"name":"Sedatu ha repartido 61,632 apoyos para reconstruir Oaxaca"}]},{"@type":"WebSite","@id":"https:\/\/centrourbano.com\/revista\/#website","url":"https:\/\/centrourbano.com\/revista\/","name":"Centro Urbano","description":"Medio especializado en los sectores vivienda, inmobiliario, construcci\u00f3n, arquitectura y urbanismo.","publisher":{"@id":"https:\/\/centrourbano.com\/revista\/#organization"},"potentialAction":[{"@type":"SearchAction","target":{"@type":"EntryPoint","urlTemplate":"https:\/\/centrourbano.com\/revista\/?s={search_term_string}"},"query-input":{"@type":"PropertyValueSpecification","valueRequired":true,"valueName":"search_term_string"}}],"inLanguage":"es"},{"@type":"Organization","@id":"https:\/\/centrourbano.com\/revista\/#organization","name":"Centro Urbano","url":"https:\/\/centrourbano.com\/revista\/","logo":{"@type":"ImageObject","inLanguage":"es","@id":"https:\/\/centrourbano.com\/revista\/#\/schema\/logo\/image\/","url":"https:\/\/centrourbano.com\/revista\/wp-content\/uploads\/web_CU_logo-1.png","contentUrl":"https:\/\/centrourbano.com\/revista\/wp-content\/uploads\/web_CU_logo-1.png","width":350,"height":91,"caption":"Centro Urbano"},"image":{"@id":"https:\/\/centrourbano.com\/revista\/#\/schema\/logo\/image\/"},"sameAs":["https:\/\/www.facebook.com\/portalcentrourbano","https:\/\/x.com\/CentroUrbano","https:\/\/www.instagram.com\/centro_urbano\/","https:\/\/www.linkedin.com\/company\/centro-urbano\/","http:\/\/www.youtube.com\/user\/portalcentrourbano"]},{"@type":"Person","@id":"https:\/\/centrourbano.com\/revista\/#\/schema\/person\/ff3c00651ce5b1630479d2cd0c2e3ac0","name":"Edgar Rosas","image":{"@type":"ImageObject","inLanguage":"es","@id":"https:\/\/secure.gravatar.com\/avatar\/94440c4283495211faa5300bf85e80061036b83fced868c3783aa1310b350d9c?s=96&d=mm&r=g","url":"https:\/\/secure.gravatar.com\/avatar\/94440c4283495211faa5300bf85e80061036b83fced868c3783aa1310b350d9c?s=96&d=mm&r=g","contentUrl":"https:\/\/secure.gravatar.com\/avatar\/94440c4283495211faa5300bf85e80061036b83fced868c3783aa1310b350d9c?s=96&d=mm&r=g","caption":"Edgar Rosas"},"description":"Editor en Jefe de Centro Urbano. Egresado de la maestr\u00eda en Periodismo Pol\u00edtico de la Escuela de Periodismo Carlos Septi\u00e9n Garc\u00eda (EPCSG). Estudi\u00f3 la licenciatura en Comunicaci\u00f3n en la Universidad Mexicana. Amante de la cr\u00f3nica y el reportaje. Admirador de Vicente Le\u00f1ero y Miguel \u00c1ngel Granados Chapa.","sameAs":["https:\/\/x.com\/https:\/\/twitter.com\/ERosasCU?s=09"],"url":"https:\/\/centrourbano.com\/revista\/author\/edgar-rosas\/"}]}},"_links":{"self":[{"href":"https:\/\/centrourbano.com\/revista\/wp-json\/wp\/v2\/posts\/65670","targetHints":{"allow":["GET"]}}],"collection":[{"href":"https:\/\/centrourbano.com\/revista\/wp-json\/wp\/v2\/posts"}],"about":[{"href":"https:\/\/centrourbano.com\/revista\/wp-json\/wp\/v2\/types\/post"}],"author":[{"embeddable":true,"href":"https:\/\/centrourbano.com\/revista\/wp-json\/wp\/v2\/users\/47"}],"replies":[{"embeddable":true,"href":"https:\/\/centrourbano.com\/revista\/wp-json\/wp\/v2\/comments?post=65670"}],"version-history":[{"count":1,"href":"https:\/\/centrourbano.com\/revista\/wp-json\/wp\/v2\/posts\/65670\/revisions"}],"predecessor-version":[{"id":65672,"href":"https:\/\/centrourbano.com\/revista\/wp-json\/wp\/v2\/posts\/65670\/revisions\/65672"}],"wp:featuredmedia":[{"embeddable":true,"href":"https:\/\/centrourbano.com\/revista\/wp-json\/wp\/v2\/media\/65671"}],"wp:attachment":[{"href":"https:\/\/centrourbano.com\/revista\/wp-json\/wp\/v2\/media?parent=65670"}],"wp:term":[{"taxonomy":"category","embeddable":true,"href":"https:\/\/centrourbano.com\/revista\/wp-json\/wp\/v2\/categories?post=65670"},{"taxonomy":"post_tag","embeddable":true,"href":"https:\/\/centrourbano.com\/revista\/wp-json\/wp\/v2\/tags?post=65670"}],"curies":[{"name":"wp","href":"https:\/\/api.w.org\/{rel}","templated":true}]}}