{"id":6562,"date":"2014-05-02T16:38:32","date_gmt":"2014-05-02T21:38:32","guid":{"rendered":"http:\/\/centrourbano.com\/?p=6562"},"modified":"2014-05-02T16:44:33","modified_gmt":"2014-05-02T21:44:33","slug":"miriam-saldana-dirigira-la-comision-de-vivienda","status":"publish","type":"post","link":"https:\/\/centrourbano.com\/revista\/vivienda\/miriam-saldana-dirigira-la-comision-de-vivienda\/","title":{"rendered":"Miriam Salda\u00f1a dirigir\u00e1 la Comisi\u00f3n de Vivienda"},"content":{"rendered":"<p>&nbsp;<\/p>\n<p><em>Genaro Cervantes Vega tuvo que dejar el cargo y ser\u00eda el nuevo coordinador del PT en la ALDF.<\/em><\/p>\n<p><em><!--more--><\/em><\/p>\n<p>La legisladora y coordinadora del Partido del Trabajo en la Asamblea Legislativa del Distrito Federal Miriam Salda\u00f1a Ch\u00e1irez fue designada como Presidenta de la Comisi\u00f3n de Vivienda para el periodo que resta a la presente legislatura.<\/p>\n<p>Por votaci\u00f3n un\u00e1nime de los integrantes de la Comisi\u00f3n de Gobierno fue realizado este cambio, para tener una mayor proyecci\u00f3n para la Comisi\u00f3n de Vivienda, la cual tiene como compromiso atender a los grupos vulnerables, por lo que expres\u00f3 que redoblar\u00e1 esfuerzos para atener el rezago que existe.<\/p>\n<p>Salda\u00f1a S\u00e1nchez se comprometi\u00f3 a mantener un di\u00e1logo abierto con todos los legisladores, con las \u00e1reas de administraci\u00f3n p\u00fablica como el Instituto de Vivienda del Distrito Federal y los representantes de las empresas de la construcci\u00f3n e inmobiliaria.<\/p>\n<p>Tras su nombramiento, Genaro Cervantes Vega, tambi\u00e9n perteneciente al PT, tuvo que entregarle la Comisi\u00f3n de Vivienda y se deja abierta la posibilidad de que pueda ser el nuevo l\u00edder en la Asamblea.<\/p>\n<p>Trascendi\u00f3 que los diputados locales iniciaron la\u00a0\u00faltima sesi\u00f3n a las 23:00 horas del mi\u00e9rcoles para realizar este nombramiento.<\/p>\n","protected":false},"excerpt":{"rendered":"<p>&nbsp; Genaro Cervantes Vega tuvo que dejar el cargo y ser\u00eda el nuevo coordinador del PT en la ALDF.<\/p>\n","protected":false},"author":77,"featured_media":0,"comment_status":"open","ping_status":"closed","sticky":false,"template":"","format":"standard","meta":{"inline_featured_image":false,"footnotes":""},"categories":[12],"tags":[332,1499,1500,1498,60],"class_list":["post-6562","post","type-post","status-publish","format-standard","hentry","category-vivienda","tag-aldf","tag-comision-de-vivienda-df","tag-miriam-saldana","tag-pt","tag-vivienda-2"],"yoast_head":"<!-- This site is optimized with the Yoast SEO plugin v28.4 - https:\/\/yoast.com\/product\/yoast-seo-wordpress\/ -->\n<title>Miriam Salda\u00f1a dirigir\u00e1 la Comisi\u00f3n de Vivienda -<\/title>\n<meta name=\"description\" content=\"&nbsp; Genaro Cervantes Vega tuvo que dejar el cargo y ser\u00eda el nuevo coordinador del PT en la ALDF. La legisladora y coordinadora del Partido del Trabajo\" \/>\n<meta name=\"robots\" content=\"index, follow, max-snippet:-1, max-image-preview:large, max-video-preview:-1\" \/>\n<link rel=\"canonical\" href=\"https:\/\/centrourbano.com\/revista\/vivienda\/miriam-saldana-dirigira-la-comision-de-vivienda\/\" \/>\n<meta property=\"og:locale\" content=\"es_ES\" \/>\n<meta property=\"og:type\" content=\"article\" \/>\n<meta property=\"og:title\" content=\"Miriam Salda\u00f1a dirigir\u00e1 la Comisi\u00f3n de Vivienda -\" \/>\n<meta property=\"og:description\" content=\"&nbsp; Genaro Cervantes Vega tuvo que dejar el cargo y ser\u00eda el nuevo coordinador del PT en la ALDF. La legisladora y coordinadora del Partido del Trabajo\" \/>\n<meta property=\"og:url\" content=\"https:\/\/centrourbano.com\/revista\/vivienda\/miriam-saldana-dirigira-la-comision-de-vivienda\/\" \/>\n<meta property=\"og:site_name\" content=\"Centro Urbano\" \/>\n<meta property=\"article:publisher\" content=\"https:\/\/www.facebook.com\/portalcentrourbano\" \/>\n<meta property=\"article:published_time\" content=\"2014-05-02T21:38:32+00:00\" \/>\n<meta property=\"article:modified_time\" content=\"2014-05-02T21:44:33+00:00\" \/>\n<meta property=\"og:image\" content=\"https:\/\/centrourbano.com\/revista\/wp-content\/uploads\/CU-logo.png\" \/>\n\t<meta property=\"og:image:width\" content=\"350\" \/>\n\t<meta property=\"og:image:height\" content=\"91\" \/>\n\t<meta property=\"og:image:type\" content=\"image\/png\" \/>\n<meta name=\"author\" content=\"G4A\" \/>\n<meta name=\"twitter:card\" content=\"summary_large_image\" \/>\n<meta name=\"twitter:creator\" content=\"@CentroUrbano\" \/>\n<meta name=\"twitter:site\" content=\"@CentroUrbano\" \/>\n<meta name=\"twitter:label1\" content=\"Escrito por\" \/>\n\t<meta name=\"twitter:data1\" content=\"G4A\" \/>\n\t<meta name=\"twitter:label2\" content=\"Tiempo de lectura\" \/>\n\t<meta name=\"twitter:data2\" content=\"1 minuto\" \/>\n<script type=\"application\/ld+json\" class=\"yoast-schema-graph\">{\"@context\":\"https:\\\/\\\/schema.org\",\"@graph\":[{\"@type\":\"Article\",\"@id\":\"https:\\\/\\\/centrourbano.com\\\/revista\\\/vivienda\\\/miriam-saldana-dirigira-la-comision-de-vivienda\\\/#article\",\"isPartOf\":{\"@id\":\"https:\\\/\\\/centrourbano.com\\\/revista\\\/vivienda\\\/miriam-saldana-dirigira-la-comision-de-vivienda\\\/\"},\"author\":{\"name\":\"G4A\",\"@id\":\"https:\\\/\\\/centrourbano.com\\\/revista\\\/#\\\/schema\\\/person\\\/370fa0ba2d8dd5bde3fdb8b62ad360aa\"},\"headline\":\"Miriam Salda\u00f1a dirigir\u00e1 la Comisi\u00f3n de Vivienda\",\"datePublished\":\"2014-05-02T21:38:32+00:00\",\"dateModified\":\"2014-05-02T21:44:33+00:00\",\"mainEntityOfPage\":{\"@id\":\"https:\\\/\\\/centrourbano.com\\\/revista\\\/vivienda\\\/miriam-saldana-dirigira-la-comision-de-vivienda\\\/\"},\"wordCount\":221,\"commentCount\":0,\"publisher\":{\"@id\":\"https:\\\/\\\/centrourbano.com\\\/revista\\\/#organization\"},\"keywords\":[\"ALDF\",\"Comisi\u00f3n de Vivienda DF\",\"Miriam Salda\u00f1a\",\"PT\",\"vivienda\"],\"articleSection\":[\"Vivienda\"],\"inLanguage\":\"es\"},{\"@type\":\"WebPage\",\"@id\":\"https:\\\/\\\/centrourbano.com\\\/revista\\\/vivienda\\\/miriam-saldana-dirigira-la-comision-de-vivienda\\\/\",\"url\":\"https:\\\/\\\/centrourbano.com\\\/revista\\\/vivienda\\\/miriam-saldana-dirigira-la-comision-de-vivienda\\\/\",\"name\":\"Miriam Salda\u00f1a dirigir\u00e1 la Comisi\u00f3n de Vivienda -\",\"isPartOf\":{\"@id\":\"https:\\\/\\\/centrourbano.com\\\/revista\\\/#website\"},\"datePublished\":\"2014-05-02T21:38:32+00:00\",\"dateModified\":\"2014-05-02T21:44:33+00:00\",\"description\":\"&nbsp; Genaro Cervantes Vega tuvo que dejar el cargo y ser\u00eda el nuevo coordinador del PT en la ALDF. La legisladora y coordinadora del Partido del Trabajo\",\"breadcrumb\":{\"@id\":\"https:\\\/\\\/centrourbano.com\\\/revista\\\/vivienda\\\/miriam-saldana-dirigira-la-comision-de-vivienda\\\/#breadcrumb\"},\"inLanguage\":\"es\",\"potentialAction\":[{\"@type\":\"ReadAction\",\"target\":[\"https:\\\/\\\/centrourbano.com\\\/revista\\\/vivienda\\\/miriam-saldana-dirigira-la-comision-de-vivienda\\\/\"]}]},{\"@type\":\"BreadcrumbList\",\"@id\":\"https:\\\/\\\/centrourbano.com\\\/revista\\\/vivienda\\\/miriam-saldana-dirigira-la-comision-de-vivienda\\\/#breadcrumb\",\"itemListElement\":[{\"@type\":\"ListItem\",\"position\":1,\"name\":\"Portada\",\"item\":\"https:\\\/\\\/centrourbano.com\\\/revista\\\/\"},{\"@type\":\"ListItem\",\"position\":2,\"name\":\"Miriam Salda\u00f1a dirigir\u00e1 la Comisi\u00f3n de Vivienda\"}]},{\"@type\":\"WebSite\",\"@id\":\"https:\\\/\\\/centrourbano.com\\\/revista\\\/#website\",\"url\":\"https:\\\/\\\/centrourbano.com\\\/revista\\\/\",\"name\":\"Centro Urbano\",\"description\":\"Medio especializado en los sectores vivienda, inmobiliario, construcci\u00f3n, arquitectura y urbanismo.\",\"publisher\":{\"@id\":\"https:\\\/\\\/centrourbano.com\\\/revista\\\/#organization\"},\"potentialAction\":[{\"@type\":\"SearchAction\",\"target\":{\"@type\":\"EntryPoint\",\"urlTemplate\":\"https:\\\/\\\/centrourbano.com\\\/revista\\\/?s={search_term_string}\"},\"query-input\":{\"@type\":\"PropertyValueSpecification\",\"valueRequired\":true,\"valueName\":\"search_term_string\"}}],\"inLanguage\":\"es\"},{\"@type\":\"Organization\",\"@id\":\"https:\\\/\\\/centrourbano.com\\\/revista\\\/#organization\",\"name\":\"Centro Urbano\",\"url\":\"https:\\\/\\\/centrourbano.com\\\/revista\\\/\",\"logo\":{\"@type\":\"ImageObject\",\"inLanguage\":\"es\",\"@id\":\"https:\\\/\\\/centrourbano.com\\\/revista\\\/#\\\/schema\\\/logo\\\/image\\\/\",\"url\":\"https:\\\/\\\/centrourbano.com\\\/revista\\\/wp-content\\\/uploads\\\/web_CU_logo-1.png\",\"contentUrl\":\"https:\\\/\\\/centrourbano.com\\\/revista\\\/wp-content\\\/uploads\\\/web_CU_logo-1.png\",\"width\":350,\"height\":91,\"caption\":\"Centro Urbano\"},\"image\":{\"@id\":\"https:\\\/\\\/centrourbano.com\\\/revista\\\/#\\\/schema\\\/logo\\\/image\\\/\"},\"sameAs\":[\"https:\\\/\\\/www.facebook.com\\\/portalcentrourbano\",\"https:\\\/\\\/x.com\\\/CentroUrbano\",\"https:\\\/\\\/www.instagram.com\\\/centro_urbano\\\/\",\"https:\\\/\\\/www.linkedin.com\\\/company\\\/centro-urbano\\\/\",\"http:\\\/\\\/www.youtube.com\\\/user\\\/portalcentrourbano\"]},{\"@type\":\"Person\",\"@id\":\"https:\\\/\\\/centrourbano.com\\\/revista\\\/#\\\/schema\\\/person\\\/370fa0ba2d8dd5bde3fdb8b62ad360aa\",\"name\":\"G4A\",\"image\":{\"@type\":\"ImageObject\",\"inLanguage\":\"es\",\"@id\":\"https:\\\/\\\/secure.gravatar.com\\\/avatar\\\/932a97121b13d5de5bbd8193c6c83d3b92c9eda0f39623607d4280e7a5778d97?s=96&d=mm&r=g\",\"url\":\"https:\\\/\\\/secure.gravatar.com\\\/avatar\\\/932a97121b13d5de5bbd8193c6c83d3b92c9eda0f39623607d4280e7a5778d97?s=96&d=mm&r=g\",\"contentUrl\":\"https:\\\/\\\/secure.gravatar.com\\\/avatar\\\/932a97121b13d5de5bbd8193c6c83d3b92c9eda0f39623607d4280e7a5778d97?s=96&d=mm&r=g\",\"caption\":\"G4A\"},\"url\":\"https:\\\/\\\/centrourbano.com\\\/revista\\\/author\\\/admin-g4a\\\/\"}]}<\/script>\n<!-- \/ Yoast SEO plugin. -->","yoast_head_json":{"title":"Miriam Salda\u00f1a dirigir\u00e1 la Comisi\u00f3n de Vivienda -","description":"&nbsp; Genaro Cervantes Vega tuvo que dejar el cargo y ser\u00eda el nuevo coordinador del PT en la ALDF. La legisladora y coordinadora del Partido del Trabajo","robots":{"index":"index","follow":"follow","max-snippet":"max-snippet:-1","max-image-preview":"max-image-preview:large","max-video-preview":"max-video-preview:-1"},"canonical":"https:\/\/centrourbano.com\/revista\/vivienda\/miriam-saldana-dirigira-la-comision-de-vivienda\/","og_locale":"es_ES","og_type":"article","og_title":"Miriam Salda\u00f1a dirigir\u00e1 la Comisi\u00f3n de Vivienda -","og_description":"&nbsp; Genaro Cervantes Vega tuvo que dejar el cargo y ser\u00eda el nuevo coordinador del PT en la ALDF. La legisladora y coordinadora del Partido del Trabajo","og_url":"https:\/\/centrourbano.com\/revista\/vivienda\/miriam-saldana-dirigira-la-comision-de-vivienda\/","og_site_name":"Centro Urbano","article_publisher":"https:\/\/www.facebook.com\/portalcentrourbano","article_published_time":"2014-05-02T21:38:32+00:00","article_modified_time":"2014-05-02T21:44:33+00:00","og_image":[{"width":350,"height":91,"url":"https:\/\/centrourbano.com\/revista\/wp-content\/uploads\/CU-logo.png","type":"image\/png"}],"author":"G4A","twitter_card":"summary_large_image","twitter_creator":"@CentroUrbano","twitter_site":"@CentroUrbano","twitter_misc":{"Escrito por":"G4A","Tiempo de lectura":"1 minuto"},"schema":{"@context":"https:\/\/schema.org","@graph":[{"@type":"Article","@id":"https:\/\/centrourbano.com\/revista\/vivienda\/miriam-saldana-dirigira-la-comision-de-vivienda\/#article","isPartOf":{"@id":"https:\/\/centrourbano.com\/revista\/vivienda\/miriam-saldana-dirigira-la-comision-de-vivienda\/"},"author":{"name":"G4A","@id":"https:\/\/centrourbano.com\/revista\/#\/schema\/person\/370fa0ba2d8dd5bde3fdb8b62ad360aa"},"headline":"Miriam Salda\u00f1a dirigir\u00e1 la Comisi\u00f3n de Vivienda","datePublished":"2014-05-02T21:38:32+00:00","dateModified":"2014-05-02T21:44:33+00:00","mainEntityOfPage":{"@id":"https:\/\/centrourbano.com\/revista\/vivienda\/miriam-saldana-dirigira-la-comision-de-vivienda\/"},"wordCount":221,"commentCount":0,"publisher":{"@id":"https:\/\/centrourbano.com\/revista\/#organization"},"keywords":["ALDF","Comisi\u00f3n de Vivienda DF","Miriam Salda\u00f1a","PT","vivienda"],"articleSection":["Vivienda"],"inLanguage":"es"},{"@type":"WebPage","@id":"https:\/\/centrourbano.com\/revista\/vivienda\/miriam-saldana-dirigira-la-comision-de-vivienda\/","url":"https:\/\/centrourbano.com\/revista\/vivienda\/miriam-saldana-dirigira-la-comision-de-vivienda\/","name":"Miriam Salda\u00f1a dirigir\u00e1 la Comisi\u00f3n de Vivienda -","isPartOf":{"@id":"https:\/\/centrourbano.com\/revista\/#website"},"datePublished":"2014-05-02T21:38:32+00:00","dateModified":"2014-05-02T21:44:33+00:00","description":"&nbsp; Genaro Cervantes Vega tuvo que dejar el cargo y ser\u00eda el nuevo coordinador del PT en la ALDF. La legisladora y coordinadora del Partido del Trabajo","breadcrumb":{"@id":"https:\/\/centrourbano.com\/revista\/vivienda\/miriam-saldana-dirigira-la-comision-de-vivienda\/#breadcrumb"},"inLanguage":"es","potentialAction":[{"@type":"ReadAction","target":["https:\/\/centrourbano.com\/revista\/vivienda\/miriam-saldana-dirigira-la-comision-de-vivienda\/"]}]},{"@type":"BreadcrumbList","@id":"https:\/\/centrourbano.com\/revista\/vivienda\/miriam-saldana-dirigira-la-comision-de-vivienda\/#breadcrumb","itemListElement":[{"@type":"ListItem","position":1,"name":"Portada","item":"https:\/\/centrourbano.com\/revista\/"},{"@type":"ListItem","position":2,"name":"Miriam Salda\u00f1a dirigir\u00e1 la Comisi\u00f3n de Vivienda"}]},{"@type":"WebSite","@id":"https:\/\/centrourbano.com\/revista\/#website","url":"https:\/\/centrourbano.com\/revista\/","name":"Centro Urbano","description":"Medio especializado en los sectores vivienda, inmobiliario, construcci\u00f3n, arquitectura y urbanismo.","publisher":{"@id":"https:\/\/centrourbano.com\/revista\/#organization"},"potentialAction":[{"@type":"SearchAction","target":{"@type":"EntryPoint","urlTemplate":"https:\/\/centrourbano.com\/revista\/?s={search_term_string}"},"query-input":{"@type":"PropertyValueSpecification","valueRequired":true,"valueName":"search_term_string"}}],"inLanguage":"es"},{"@type":"Organization","@id":"https:\/\/centrourbano.com\/revista\/#organization","name":"Centro Urbano","url":"https:\/\/centrourbano.com\/revista\/","logo":{"@type":"ImageObject","inLanguage":"es","@id":"https:\/\/centrourbano.com\/revista\/#\/schema\/logo\/image\/","url":"https:\/\/centrourbano.com\/revista\/wp-content\/uploads\/web_CU_logo-1.png","contentUrl":"https:\/\/centrourbano.com\/revista\/wp-content\/uploads\/web_CU_logo-1.png","width":350,"height":91,"caption":"Centro Urbano"},"image":{"@id":"https:\/\/centrourbano.com\/revista\/#\/schema\/logo\/image\/"},"sameAs":["https:\/\/www.facebook.com\/portalcentrourbano","https:\/\/x.com\/CentroUrbano","https:\/\/www.instagram.com\/centro_urbano\/","https:\/\/www.linkedin.com\/company\/centro-urbano\/","http:\/\/www.youtube.com\/user\/portalcentrourbano"]},{"@type":"Person","@id":"https:\/\/centrourbano.com\/revista\/#\/schema\/person\/370fa0ba2d8dd5bde3fdb8b62ad360aa","name":"G4A","image":{"@type":"ImageObject","inLanguage":"es","@id":"https:\/\/secure.gravatar.com\/avatar\/932a97121b13d5de5bbd8193c6c83d3b92c9eda0f39623607d4280e7a5778d97?s=96&d=mm&r=g","url":"https:\/\/secure.gravatar.com\/avatar\/932a97121b13d5de5bbd8193c6c83d3b92c9eda0f39623607d4280e7a5778d97?s=96&d=mm&r=g","contentUrl":"https:\/\/secure.gravatar.com\/avatar\/932a97121b13d5de5bbd8193c6c83d3b92c9eda0f39623607d4280e7a5778d97?s=96&d=mm&r=g","caption":"G4A"},"url":"https:\/\/centrourbano.com\/revista\/author\/admin-g4a\/"}]}},"_links":{"self":[{"href":"https:\/\/centrourbano.com\/revista\/wp-json\/wp\/v2\/posts\/6562","targetHints":{"allow":["GET"]}}],"collection":[{"href":"https:\/\/centrourbano.com\/revista\/wp-json\/wp\/v2\/posts"}],"about":[{"href":"https:\/\/centrourbano.com\/revista\/wp-json\/wp\/v2\/types\/post"}],"author":[{"embeddable":true,"href":"https:\/\/centrourbano.com\/revista\/wp-json\/wp\/v2\/users\/77"}],"replies":[{"embeddable":true,"href":"https:\/\/centrourbano.com\/revista\/wp-json\/wp\/v2\/comments?post=6562"}],"version-history":[{"count":0,"href":"https:\/\/centrourbano.com\/revista\/wp-json\/wp\/v2\/posts\/6562\/revisions"}],"wp:attachment":[{"href":"https:\/\/centrourbano.com\/revista\/wp-json\/wp\/v2\/media?parent=6562"}],"wp:term":[{"taxonomy":"category","embeddable":true,"href":"https:\/\/centrourbano.com\/revista\/wp-json\/wp\/v2\/categories?post=6562"},{"taxonomy":"post_tag","embeddable":true,"href":"https:\/\/centrourbano.com\/revista\/wp-json\/wp\/v2\/tags?post=6562"}],"curies":[{"name":"wp","href":"https:\/\/api.w.org\/{rel}","templated":true}]}}