{"id":65492,"date":"2017-09-28T15:25:20","date_gmt":"2017-09-28T20:25:20","guid":{"rendered":"https:\/\/centrourbano.com\/?p=65492"},"modified":"2018-01-09T13:28:04","modified_gmt":"2018-01-09T19:28:04","slug":"industria-la-vivienda-abre-brecha-panorama-incertidumbre","status":"publish","type":"post","link":"https:\/\/centrourbano.com\/revista\/publicaciones\/revista-vivienda\/industria-la-vivienda-abre-brecha-panorama-incertidumbre\/","title":{"rendered":"Industria de la vivienda abre brecha en panorama de incertidumbre"},"content":{"rendered":"<p><em>Ante un escenario complejo como el pronosticado para 2017, la industria de la vivienda se adapta para mantener un ritmo destacable y as\u00ed, no s\u00f3lo continuar como motor de la econom\u00eda, sino elevar la calidad de vida de las familias al ofrecer soluciones habitacionales id\u00f3neas<\/em><!--more--><\/p>\n<p>La Ciudad y el Estado de M\u00e9xico se mantienen como dos de las entidades con el mayor reto en materia de vivienda; y durante los primeros seis meses del a\u00f1o, los desarrolladores con presencia en el Valle de M\u00e9xico han trabajado para mantener el ritmo de la industria y atender a los habitantes de la regi\u00f3n.<\/p>\n<p>De acuerdo con datos del Registro \u00danico de Vivienda (RUV), al cierre de junio, el n\u00famero de unidades vigentes inscritas en la plataforma ascend\u00eda a 54,976, de las cuales 14,724 corresponden a la Ciudad de M\u00e9xico y 40,252 al Estado de M\u00e9xico. En relaci\u00f3n al precio promedio, el RUV reporta 755,451 pesos para la capital del pa\u00eds y 547,653 en territorio mexiquense.<\/p>\n<p>En cuanto a la demanda de vivienda, durante 2016, la Ciudad de M\u00e9xico se posicion\u00f3 como una donde la necesidad de vivienda se ubic\u00f3 muy por arriba de lo registrado a nivel nacional. As\u00ed, la capital del pa\u00eds demand\u00f3 83,375 viviendas, cifra 128.64% por arriba de la demanda promedio nacional. En este rubro, el Estado de M\u00e9xico registr\u00f3 una exigencia de vivienda del orden de las 68,187 unidades.<\/p>\n<p><a href=\"https:\/\/centrourbano.com\/2017\/09\/28\/revista-vivienda-septiembre-octubre-2017\/\" target=\"_blank\" rel=\"noopener noreferrer\"><strong>Lee el texto completo aqu\u00ed<\/strong><\/a><\/p>\n","protected":false},"excerpt":{"rendered":"<p>Ante un escenario complejo como el pronosticado para 2017, la industria de la vivienda se adapta para mantener un ritmo destacable y as\u00ed, no s\u00f3lo continuar como motor de la econom\u00eda, sino elevar la calidad de vida de las familias al ofrecer soluciones habitacionales id\u00f3neas<\/p>\n","protected":false},"author":77,"featured_media":57179,"comment_status":"open","ping_status":"closed","sticky":false,"template":"","format":"standard","meta":{"inline_featured_image":false,"footnotes":""},"categories":[4,7860],"tags":[985,2310],"class_list":["post-65492","post","type-post","status-publish","format-standard","has-post-thumbnail","hentry","category-publicaciones","category-revista-vivienda","tag-canadevi-vm","tag-revista-vivienda"],"yoast_head":"<!-- This site is optimized with the Yoast SEO plugin v28.4 - https:\/\/yoast.com\/product\/yoast-seo-wordpress\/ -->\n<title>Industria de la vivienda abre brecha en panorama de incertidumbre -<\/title>\n<meta name=\"description\" content=\"La Ciudad y el Estado de M\u00e9xico se mantienen como dos de las entidades con el mayor reto en materia de vivienda; y durante los primeros seis meses del a\u00f1o, los desarrolladores con presencia en el Valle de M\u00e9xico han trabajado para mantener el ritmo de la industria y atender a los habitantes de la regi\u00f3n.\" \/>\n<meta name=\"robots\" content=\"index, follow, max-snippet:-1, max-image-preview:large, max-video-preview:-1\" \/>\n<link rel=\"canonical\" href=\"https:\/\/centrourbano.com\/revista\/publicaciones\/revista-vivienda\/industria-la-vivienda-abre-brecha-panorama-incertidumbre\/\" \/>\n<meta property=\"og:locale\" content=\"es_ES\" \/>\n<meta property=\"og:type\" content=\"article\" \/>\n<meta property=\"og:title\" content=\"Industria de la vivienda abre brecha en panorama de incertidumbre -\" \/>\n<meta property=\"og:description\" content=\"La Ciudad y el Estado de M\u00e9xico se mantienen como dos de las entidades con el mayor reto en materia de vivienda; y durante los primeros seis meses del a\u00f1o, los desarrolladores con presencia en el Valle de M\u00e9xico han trabajado para mantener el ritmo de la industria y atender a los habitantes de la regi\u00f3n.\" \/>\n<meta property=\"og:url\" content=\"https:\/\/centrourbano.com\/revista\/publicaciones\/revista-vivienda\/industria-la-vivienda-abre-brecha-panorama-incertidumbre\/\" \/>\n<meta property=\"og:site_name\" content=\"Centro Urbano\" \/>\n<meta property=\"article:publisher\" content=\"https:\/\/www.facebook.com\/portalcentrourbano\" \/>\n<meta property=\"article:published_time\" content=\"2017-09-28T20:25:20+00:00\" \/>\n<meta property=\"article:modified_time\" content=\"2018-01-09T19:28:04+00:00\" \/>\n<meta property=\"og:image\" content=\"https:\/\/centrourbano.com\/revista\/wp-content\/uploads\/Ciudad-de-Mexico.jpg\" \/>\n\t<meta property=\"og:image:width\" content=\"720\" \/>\n\t<meta property=\"og:image:height\" content=\"365\" \/>\n\t<meta property=\"og:image:type\" content=\"image\/jpeg\" \/>\n<meta name=\"author\" content=\"G4A\" \/>\n<meta name=\"twitter:card\" content=\"summary_large_image\" \/>\n<meta name=\"twitter:creator\" content=\"@CentroUrbano\" \/>\n<meta name=\"twitter:site\" content=\"@CentroUrbano\" \/>\n<meta name=\"twitter:label1\" content=\"Escrito por\" \/>\n\t<meta name=\"twitter:data1\" content=\"G4A\" \/>\n\t<meta name=\"twitter:label2\" content=\"Tiempo de lectura\" \/>\n\t<meta name=\"twitter:data2\" content=\"1 minuto\" \/>\n<script type=\"application\/ld+json\" class=\"yoast-schema-graph\">{\"@context\":\"https:\\\/\\\/schema.org\",\"@graph\":[{\"@type\":\"Article\",\"@id\":\"https:\\\/\\\/centrourbano.com\\\/revista\\\/publicaciones\\\/revista-vivienda\\\/industria-la-vivienda-abre-brecha-panorama-incertidumbre\\\/#article\",\"isPartOf\":{\"@id\":\"https:\\\/\\\/centrourbano.com\\\/revista\\\/publicaciones\\\/revista-vivienda\\\/industria-la-vivienda-abre-brecha-panorama-incertidumbre\\\/\"},\"author\":{\"name\":\"G4A\",\"@id\":\"https:\\\/\\\/centrourbano.com\\\/revista\\\/#\\\/schema\\\/person\\\/370fa0ba2d8dd5bde3fdb8b62ad360aa\"},\"headline\":\"Industria de la vivienda abre brecha en panorama de incertidumbre\",\"datePublished\":\"2017-09-28T20:25:20+00:00\",\"dateModified\":\"2018-01-09T19:28:04+00:00\",\"mainEntityOfPage\":{\"@id\":\"https:\\\/\\\/centrourbano.com\\\/revista\\\/publicaciones\\\/revista-vivienda\\\/industria-la-vivienda-abre-brecha-panorama-incertidumbre\\\/\"},\"wordCount\":252,\"commentCount\":0,\"publisher\":{\"@id\":\"https:\\\/\\\/centrourbano.com\\\/revista\\\/#organization\"},\"image\":{\"@id\":\"https:\\\/\\\/centrourbano.com\\\/revista\\\/publicaciones\\\/revista-vivienda\\\/industria-la-vivienda-abre-brecha-panorama-incertidumbre\\\/#primaryimage\"},\"thumbnailUrl\":\"https:\\\/\\\/centrourbano.com\\\/revista\\\/wp-content\\\/uploads\\\/Ciudad-de-Mexico.jpg\",\"keywords\":[\"Canadevi VM\",\"Revista Vivienda\"],\"articleSection\":[\"Publicaciones\",\"Revista Vivienda\"],\"inLanguage\":\"es\"},{\"@type\":\"WebPage\",\"@id\":\"https:\\\/\\\/centrourbano.com\\\/revista\\\/publicaciones\\\/revista-vivienda\\\/industria-la-vivienda-abre-brecha-panorama-incertidumbre\\\/\",\"url\":\"https:\\\/\\\/centrourbano.com\\\/revista\\\/publicaciones\\\/revista-vivienda\\\/industria-la-vivienda-abre-brecha-panorama-incertidumbre\\\/\",\"name\":\"Industria de la vivienda abre brecha en panorama de incertidumbre -\",\"isPartOf\":{\"@id\":\"https:\\\/\\\/centrourbano.com\\\/revista\\\/#website\"},\"primaryImageOfPage\":{\"@id\":\"https:\\\/\\\/centrourbano.com\\\/revista\\\/publicaciones\\\/revista-vivienda\\\/industria-la-vivienda-abre-brecha-panorama-incertidumbre\\\/#primaryimage\"},\"image\":{\"@id\":\"https:\\\/\\\/centrourbano.com\\\/revista\\\/publicaciones\\\/revista-vivienda\\\/industria-la-vivienda-abre-brecha-panorama-incertidumbre\\\/#primaryimage\"},\"thumbnailUrl\":\"https:\\\/\\\/centrourbano.com\\\/revista\\\/wp-content\\\/uploads\\\/Ciudad-de-Mexico.jpg\",\"datePublished\":\"2017-09-28T20:25:20+00:00\",\"dateModified\":\"2018-01-09T19:28:04+00:00\",\"description\":\"La Ciudad y el Estado de M\u00e9xico se mantienen como dos de las entidades con el mayor reto en materia de vivienda; y durante los primeros seis meses del a\u00f1o, los desarrolladores con presencia en el Valle de M\u00e9xico han trabajado para mantener el ritmo de la industria y atender a los habitantes de la regi\u00f3n.\",\"breadcrumb\":{\"@id\":\"https:\\\/\\\/centrourbano.com\\\/revista\\\/publicaciones\\\/revista-vivienda\\\/industria-la-vivienda-abre-brecha-panorama-incertidumbre\\\/#breadcrumb\"},\"inLanguage\":\"es\",\"potentialAction\":[{\"@type\":\"ReadAction\",\"target\":[\"https:\\\/\\\/centrourbano.com\\\/revista\\\/publicaciones\\\/revista-vivienda\\\/industria-la-vivienda-abre-brecha-panorama-incertidumbre\\\/\"]}]},{\"@type\":\"ImageObject\",\"inLanguage\":\"es\",\"@id\":\"https:\\\/\\\/centrourbano.com\\\/revista\\\/publicaciones\\\/revista-vivienda\\\/industria-la-vivienda-abre-brecha-panorama-incertidumbre\\\/#primaryimage\",\"url\":\"https:\\\/\\\/centrourbano.com\\\/revista\\\/wp-content\\\/uploads\\\/Ciudad-de-Mexico.jpg\",\"contentUrl\":\"https:\\\/\\\/centrourbano.com\\\/revista\\\/wp-content\\\/uploads\\\/Ciudad-de-Mexico.jpg\",\"width\":720,\"height\":365,\"caption\":\"Se estima que para 2030 la poblaci\u00f3n mundial que vive en zonas urbanas aumentar\u00e1 60 por ciento\"},{\"@type\":\"BreadcrumbList\",\"@id\":\"https:\\\/\\\/centrourbano.com\\\/revista\\\/publicaciones\\\/revista-vivienda\\\/industria-la-vivienda-abre-brecha-panorama-incertidumbre\\\/#breadcrumb\",\"itemListElement\":[{\"@type\":\"ListItem\",\"position\":1,\"name\":\"Portada\",\"item\":\"https:\\\/\\\/centrourbano.com\\\/revista\\\/\"},{\"@type\":\"ListItem\",\"position\":2,\"name\":\"Industria de la vivienda abre brecha en panorama de incertidumbre\"}]},{\"@type\":\"WebSite\",\"@id\":\"https:\\\/\\\/centrourbano.com\\\/revista\\\/#website\",\"url\":\"https:\\\/\\\/centrourbano.com\\\/revista\\\/\",\"name\":\"Centro Urbano\",\"description\":\"Medio especializado en los sectores vivienda, inmobiliario, construcci\u00f3n, arquitectura y urbanismo.\",\"publisher\":{\"@id\":\"https:\\\/\\\/centrourbano.com\\\/revista\\\/#organization\"},\"potentialAction\":[{\"@type\":\"SearchAction\",\"target\":{\"@type\":\"EntryPoint\",\"urlTemplate\":\"https:\\\/\\\/centrourbano.com\\\/revista\\\/?s={search_term_string}\"},\"query-input\":{\"@type\":\"PropertyValueSpecification\",\"valueRequired\":true,\"valueName\":\"search_term_string\"}}],\"inLanguage\":\"es\"},{\"@type\":\"Organization\",\"@id\":\"https:\\\/\\\/centrourbano.com\\\/revista\\\/#organization\",\"name\":\"Centro Urbano\",\"url\":\"https:\\\/\\\/centrourbano.com\\\/revista\\\/\",\"logo\":{\"@type\":\"ImageObject\",\"inLanguage\":\"es\",\"@id\":\"https:\\\/\\\/centrourbano.com\\\/revista\\\/#\\\/schema\\\/logo\\\/image\\\/\",\"url\":\"https:\\\/\\\/centrourbano.com\\\/revista\\\/wp-content\\\/uploads\\\/web_CU_logo-1.png\",\"contentUrl\":\"https:\\\/\\\/centrourbano.com\\\/revista\\\/wp-content\\\/uploads\\\/web_CU_logo-1.png\",\"width\":350,\"height\":91,\"caption\":\"Centro Urbano\"},\"image\":{\"@id\":\"https:\\\/\\\/centrourbano.com\\\/revista\\\/#\\\/schema\\\/logo\\\/image\\\/\"},\"sameAs\":[\"https:\\\/\\\/www.facebook.com\\\/portalcentrourbano\",\"https:\\\/\\\/x.com\\\/CentroUrbano\",\"https:\\\/\\\/www.instagram.com\\\/centro_urbano\\\/\",\"https:\\\/\\\/www.linkedin.com\\\/company\\\/centro-urbano\\\/\",\"http:\\\/\\\/www.youtube.com\\\/user\\\/portalcentrourbano\"]},{\"@type\":\"Person\",\"@id\":\"https:\\\/\\\/centrourbano.com\\\/revista\\\/#\\\/schema\\\/person\\\/370fa0ba2d8dd5bde3fdb8b62ad360aa\",\"name\":\"G4A\",\"image\":{\"@type\":\"ImageObject\",\"inLanguage\":\"es\",\"@id\":\"https:\\\/\\\/secure.gravatar.com\\\/avatar\\\/932a97121b13d5de5bbd8193c6c83d3b92c9eda0f39623607d4280e7a5778d97?s=96&d=mm&r=g\",\"url\":\"https:\\\/\\\/secure.gravatar.com\\\/avatar\\\/932a97121b13d5de5bbd8193c6c83d3b92c9eda0f39623607d4280e7a5778d97?s=96&d=mm&r=g\",\"contentUrl\":\"https:\\\/\\\/secure.gravatar.com\\\/avatar\\\/932a97121b13d5de5bbd8193c6c83d3b92c9eda0f39623607d4280e7a5778d97?s=96&d=mm&r=g\",\"caption\":\"G4A\"},\"url\":\"https:\\\/\\\/centrourbano.com\\\/revista\\\/author\\\/admin-g4a\\\/\"}]}<\/script>\n<!-- \/ Yoast SEO plugin. -->","yoast_head_json":{"title":"Industria de la vivienda abre brecha en panorama de incertidumbre -","description":"La Ciudad y el Estado de M\u00e9xico se mantienen como dos de las entidades con el mayor reto en materia de vivienda; y durante los primeros seis meses del a\u00f1o, los desarrolladores con presencia en el Valle de M\u00e9xico han trabajado para mantener el ritmo de la industria y atender a los habitantes de la regi\u00f3n.","robots":{"index":"index","follow":"follow","max-snippet":"max-snippet:-1","max-image-preview":"max-image-preview:large","max-video-preview":"max-video-preview:-1"},"canonical":"https:\/\/centrourbano.com\/revista\/publicaciones\/revista-vivienda\/industria-la-vivienda-abre-brecha-panorama-incertidumbre\/","og_locale":"es_ES","og_type":"article","og_title":"Industria de la vivienda abre brecha en panorama de incertidumbre -","og_description":"La Ciudad y el Estado de M\u00e9xico se mantienen como dos de las entidades con el mayor reto en materia de vivienda; y durante los primeros seis meses del a\u00f1o, los desarrolladores con presencia en el Valle de M\u00e9xico han trabajado para mantener el ritmo de la industria y atender a los habitantes de la regi\u00f3n.","og_url":"https:\/\/centrourbano.com\/revista\/publicaciones\/revista-vivienda\/industria-la-vivienda-abre-brecha-panorama-incertidumbre\/","og_site_name":"Centro Urbano","article_publisher":"https:\/\/www.facebook.com\/portalcentrourbano","article_published_time":"2017-09-28T20:25:20+00:00","article_modified_time":"2018-01-09T19:28:04+00:00","og_image":[{"width":720,"height":365,"url":"https:\/\/centrourbano.com\/revista\/wp-content\/uploads\/Ciudad-de-Mexico.jpg","type":"image\/jpeg"}],"author":"G4A","twitter_card":"summary_large_image","twitter_creator":"@CentroUrbano","twitter_site":"@CentroUrbano","twitter_misc":{"Escrito por":"G4A","Tiempo de lectura":"1 minuto"},"schema":{"@context":"https:\/\/schema.org","@graph":[{"@type":"Article","@id":"https:\/\/centrourbano.com\/revista\/publicaciones\/revista-vivienda\/industria-la-vivienda-abre-brecha-panorama-incertidumbre\/#article","isPartOf":{"@id":"https:\/\/centrourbano.com\/revista\/publicaciones\/revista-vivienda\/industria-la-vivienda-abre-brecha-panorama-incertidumbre\/"},"author":{"name":"G4A","@id":"https:\/\/centrourbano.com\/revista\/#\/schema\/person\/370fa0ba2d8dd5bde3fdb8b62ad360aa"},"headline":"Industria de la vivienda abre brecha en panorama de incertidumbre","datePublished":"2017-09-28T20:25:20+00:00","dateModified":"2018-01-09T19:28:04+00:00","mainEntityOfPage":{"@id":"https:\/\/centrourbano.com\/revista\/publicaciones\/revista-vivienda\/industria-la-vivienda-abre-brecha-panorama-incertidumbre\/"},"wordCount":252,"commentCount":0,"publisher":{"@id":"https:\/\/centrourbano.com\/revista\/#organization"},"image":{"@id":"https:\/\/centrourbano.com\/revista\/publicaciones\/revista-vivienda\/industria-la-vivienda-abre-brecha-panorama-incertidumbre\/#primaryimage"},"thumbnailUrl":"https:\/\/centrourbano.com\/revista\/wp-content\/uploads\/Ciudad-de-Mexico.jpg","keywords":["Canadevi VM","Revista Vivienda"],"articleSection":["Publicaciones","Revista Vivienda"],"inLanguage":"es"},{"@type":"WebPage","@id":"https:\/\/centrourbano.com\/revista\/publicaciones\/revista-vivienda\/industria-la-vivienda-abre-brecha-panorama-incertidumbre\/","url":"https:\/\/centrourbano.com\/revista\/publicaciones\/revista-vivienda\/industria-la-vivienda-abre-brecha-panorama-incertidumbre\/","name":"Industria de la vivienda abre brecha en panorama de incertidumbre -","isPartOf":{"@id":"https:\/\/centrourbano.com\/revista\/#website"},"primaryImageOfPage":{"@id":"https:\/\/centrourbano.com\/revista\/publicaciones\/revista-vivienda\/industria-la-vivienda-abre-brecha-panorama-incertidumbre\/#primaryimage"},"image":{"@id":"https:\/\/centrourbano.com\/revista\/publicaciones\/revista-vivienda\/industria-la-vivienda-abre-brecha-panorama-incertidumbre\/#primaryimage"},"thumbnailUrl":"https:\/\/centrourbano.com\/revista\/wp-content\/uploads\/Ciudad-de-Mexico.jpg","datePublished":"2017-09-28T20:25:20+00:00","dateModified":"2018-01-09T19:28:04+00:00","description":"La Ciudad y el Estado de M\u00e9xico se mantienen como dos de las entidades con el mayor reto en materia de vivienda; y durante los primeros seis meses del a\u00f1o, los desarrolladores con presencia en el Valle de M\u00e9xico han trabajado para mantener el ritmo de la industria y atender a los habitantes de la regi\u00f3n.","breadcrumb":{"@id":"https:\/\/centrourbano.com\/revista\/publicaciones\/revista-vivienda\/industria-la-vivienda-abre-brecha-panorama-incertidumbre\/#breadcrumb"},"inLanguage":"es","potentialAction":[{"@type":"ReadAction","target":["https:\/\/centrourbano.com\/revista\/publicaciones\/revista-vivienda\/industria-la-vivienda-abre-brecha-panorama-incertidumbre\/"]}]},{"@type":"ImageObject","inLanguage":"es","@id":"https:\/\/centrourbano.com\/revista\/publicaciones\/revista-vivienda\/industria-la-vivienda-abre-brecha-panorama-incertidumbre\/#primaryimage","url":"https:\/\/centrourbano.com\/revista\/wp-content\/uploads\/Ciudad-de-Mexico.jpg","contentUrl":"https:\/\/centrourbano.com\/revista\/wp-content\/uploads\/Ciudad-de-Mexico.jpg","width":720,"height":365,"caption":"Se estima que para 2030 la poblaci\u00f3n mundial que vive en zonas urbanas aumentar\u00e1 60 por ciento"},{"@type":"BreadcrumbList","@id":"https:\/\/centrourbano.com\/revista\/publicaciones\/revista-vivienda\/industria-la-vivienda-abre-brecha-panorama-incertidumbre\/#breadcrumb","itemListElement":[{"@type":"ListItem","position":1,"name":"Portada","item":"https:\/\/centrourbano.com\/revista\/"},{"@type":"ListItem","position":2,"name":"Industria de la vivienda abre brecha en panorama de incertidumbre"}]},{"@type":"WebSite","@id":"https:\/\/centrourbano.com\/revista\/#website","url":"https:\/\/centrourbano.com\/revista\/","name":"Centro Urbano","description":"Medio especializado en los sectores vivienda, inmobiliario, construcci\u00f3n, arquitectura y urbanismo.","publisher":{"@id":"https:\/\/centrourbano.com\/revista\/#organization"},"potentialAction":[{"@type":"SearchAction","target":{"@type":"EntryPoint","urlTemplate":"https:\/\/centrourbano.com\/revista\/?s={search_term_string}"},"query-input":{"@type":"PropertyValueSpecification","valueRequired":true,"valueName":"search_term_string"}}],"inLanguage":"es"},{"@type":"Organization","@id":"https:\/\/centrourbano.com\/revista\/#organization","name":"Centro Urbano","url":"https:\/\/centrourbano.com\/revista\/","logo":{"@type":"ImageObject","inLanguage":"es","@id":"https:\/\/centrourbano.com\/revista\/#\/schema\/logo\/image\/","url":"https:\/\/centrourbano.com\/revista\/wp-content\/uploads\/web_CU_logo-1.png","contentUrl":"https:\/\/centrourbano.com\/revista\/wp-content\/uploads\/web_CU_logo-1.png","width":350,"height":91,"caption":"Centro Urbano"},"image":{"@id":"https:\/\/centrourbano.com\/revista\/#\/schema\/logo\/image\/"},"sameAs":["https:\/\/www.facebook.com\/portalcentrourbano","https:\/\/x.com\/CentroUrbano","https:\/\/www.instagram.com\/centro_urbano\/","https:\/\/www.linkedin.com\/company\/centro-urbano\/","http:\/\/www.youtube.com\/user\/portalcentrourbano"]},{"@type":"Person","@id":"https:\/\/centrourbano.com\/revista\/#\/schema\/person\/370fa0ba2d8dd5bde3fdb8b62ad360aa","name":"G4A","image":{"@type":"ImageObject","inLanguage":"es","@id":"https:\/\/secure.gravatar.com\/avatar\/932a97121b13d5de5bbd8193c6c83d3b92c9eda0f39623607d4280e7a5778d97?s=96&d=mm&r=g","url":"https:\/\/secure.gravatar.com\/avatar\/932a97121b13d5de5bbd8193c6c83d3b92c9eda0f39623607d4280e7a5778d97?s=96&d=mm&r=g","contentUrl":"https:\/\/secure.gravatar.com\/avatar\/932a97121b13d5de5bbd8193c6c83d3b92c9eda0f39623607d4280e7a5778d97?s=96&d=mm&r=g","caption":"G4A"},"url":"https:\/\/centrourbano.com\/revista\/author\/admin-g4a\/"}]}},"_links":{"self":[{"href":"https:\/\/centrourbano.com\/revista\/wp-json\/wp\/v2\/posts\/65492","targetHints":{"allow":["GET"]}}],"collection":[{"href":"https:\/\/centrourbano.com\/revista\/wp-json\/wp\/v2\/posts"}],"about":[{"href":"https:\/\/centrourbano.com\/revista\/wp-json\/wp\/v2\/types\/post"}],"author":[{"embeddable":true,"href":"https:\/\/centrourbano.com\/revista\/wp-json\/wp\/v2\/users\/77"}],"replies":[{"embeddable":true,"href":"https:\/\/centrourbano.com\/revista\/wp-json\/wp\/v2\/comments?post=65492"}],"version-history":[{"count":2,"href":"https:\/\/centrourbano.com\/revista\/wp-json\/wp\/v2\/posts\/65492\/revisions"}],"predecessor-version":[{"id":65546,"href":"https:\/\/centrourbano.com\/revista\/wp-json\/wp\/v2\/posts\/65492\/revisions\/65546"}],"wp:featuredmedia":[{"embeddable":true,"href":"https:\/\/centrourbano.com\/revista\/wp-json\/wp\/v2\/media\/57179"}],"wp:attachment":[{"href":"https:\/\/centrourbano.com\/revista\/wp-json\/wp\/v2\/media?parent=65492"}],"wp:term":[{"taxonomy":"category","embeddable":true,"href":"https:\/\/centrourbano.com\/revista\/wp-json\/wp\/v2\/categories?post=65492"},{"taxonomy":"post_tag","embeddable":true,"href":"https:\/\/centrourbano.com\/revista\/wp-json\/wp\/v2\/tags?post=65492"}],"curies":[{"name":"wp","href":"https:\/\/api.w.org\/{rel}","templated":true}]}}