{"id":65265,"date":"2018-01-04T10:24:30","date_gmt":"2018-01-04T16:24:30","guid":{"rendered":"https:\/\/centrourbano.com\/?p=65265"},"modified":"2018-01-04T10:24:30","modified_gmt":"2018-01-04T16:24:30","slug":"archivos-del-registro-civil","status":"publish","type":"post","link":"https:\/\/centrourbano.com\/revista\/construccion\/archivos-del-registro-civil\/","title":{"rendered":"Rehabilitar\u00e1n archivos del Registro Civil"},"content":{"rendered":"<p><em>Ingenieros, directores responsables de obra y expertos en seguridad estructural supervisar\u00e1n trabajos\u00a0<\/em><!--more--><\/p>\n<p>Los archivos del <strong>Registro Civil de la Ciudad de M\u00e9xico<\/strong>, ser\u00e1n rehabilitados, por primera vez, de forma integral, estas labores ser\u00e1n realizadas con la coordinaci\u00f3n de una especialista de la <strong>Escuela de Archivoman\u00eda<\/strong> y <strong>Biblioteconom\u00eda del Instituto Polit\u00e9cnico Nacional<\/strong>.<\/p>\n<p>La directora general del Registro Civil, <strong>Claudia Luengas Escudero<\/strong>, explic\u00f3 que el sismo del 19 de septiembre provoc\u00f3 el colapso de 50 anaqueles, que ser\u00e1n sustituidos por otros mejorados y dictaminados por el <strong>Instituto para la Seguridad de las Construcciones de la CDMX<\/strong>.<\/p>\n<p>\u00abEn los trabajos derivados de las afectaciones, tendremos una profesionista avalada por ingenieros, directores responsables de obra y expertos en seguridad que supervisar\u00e1n las estructuras capaces de resistir un sismo superior al que tuvimos\u201d, dijo.<\/p>\n<p>Los nuevos anaqueles de cinco y seis niveles cumplir\u00e1n los est\u00e1ndares de seguridad en torno a grosor, caracter\u00edsticas de escuadras y medidas especiales de estabilidad, acorde al peso de los libros.<\/p>\n<p>El fen\u00f3meno natural afect\u00f3 casi 30% del total de los muebles que contienen el registro de identidad y estado civil de las personas. Luengas Escudero enfatiz\u00f3 que la coordinadora del proyecto de rehabilitaci\u00f3n deber\u00e1 apegarse, en los aspectos topogr\u00e1ficos y archiv\u00edsticos, a la<strong> Ley de Archivos<\/strong>.<\/p>\n<p>La nueva organizaci\u00f3n del acervo, prev\u00e9 ganar espacio en los casi 800 metros cuadrados que ocupa el archivo, a fin de facilitar la movilidad y a futuro, integrar m\u00e1s bater\u00edas.<\/p>\n<p>\u00abMediante la reordenaci\u00f3n integral ganaremos espacio en las b\u00f3vedas con las dimensiones actuales y, a la par, permitir planear un crecimiento del predio actual; contar con la supervisi\u00f3n de una especialista y la multidisciplinariedad de todos los involucrados, dar\u00e1 un mejor reordenamiento y rehabilitaci\u00f3n\u201d, resalt\u00f3.<\/p>\n<p>La directora de general del Registro Civil, mencion\u00f3 que m\u00e1s da\u00f1os generados resultaron en cinco de los 50 pilotes que sostienen al inmueble.<\/p>\n<p>\u201cInmediatamente fueron atendidos, la cuesti\u00f3n estructural del edificio est\u00e1 asegurada y el mantenimiento es permanente; todas las medidas de protecci\u00f3n civil y de seguridad contin\u00faan en\u00a0 revisi\u00f3n y\u00a0 son replanteadas\u00bb, a\u00f1adi\u00f3.<\/p>\n<p>Mencion\u00f3 que gracias al proceso de modernizaci\u00f3n y digitalizaci\u00f3n de esta dependencia, los tr\u00e1mites est\u00e1n garantizados.<\/p>\n<p>\u201cEl Registro Civil de la capital incorpor\u00f3, recientemente, nuevos procedimientos tecnol\u00f3gicos que agilizan la atenci\u00f3n y los servicios, esto ha coadyuvado a desahogar sin problema alguno las necesidades de la poblaci\u00f3n\u201d, concluy\u00f3.<\/p>\n","protected":false},"excerpt":{"rendered":"<p>Ingenieros, directores responsables de obra y expertos en seguridad estructural supervisar\u00e1n trabajos\u00a0<\/p>\n","protected":false},"author":58,"featured_media":65266,"comment_status":"open","ping_status":"closed","sticky":false,"template":"","format":"standard","meta":{"om_disable_all_campaigns":false,"inline_featured_image":false,"_monsterinsights_skip_tracking":false,"_monsterinsights_sitenote_active":false,"_monsterinsights_sitenote_note":"","_monsterinsights_sitenote_category":0,"footnotes":""},"categories":[14],"tags":[8499,290,12360,22,12361,12359],"class_list":["post-65265","post","type-post","status-publish","format-standard","has-post-thumbnail","hentry","category-construccion","tag-centro-de-rehabilitacion-infantil","tag-ciudad-de-mexico","tag-claudia-luengas-escudero","tag-construccion-2","tag-ley-de-archivos","tag-registro-civil"],"yoast_head":"<!-- This site is optimized with the Yoast SEO plugin v27.4 - https:\/\/yoast.com\/product\/yoast-seo-wordpress\/ -->\n<title>Rehabilitar\u00e1n archivos del Registro Civil en CDMX<\/title>\n<meta name=\"description\" content=\"La rehabilitaci\u00f3n de los archivos del Registro Civil ser\u00e1 supervisada por ingenieros, directores responsables de obra y expertos en seguridad estructural.\" \/>\n<meta name=\"robots\" content=\"index, follow, max-snippet:-1, max-image-preview:large, max-video-preview:-1\" \/>\n<link rel=\"canonical\" href=\"https:\/\/centrourbano.com\/revista\/construccion\/archivos-del-registro-civil\/\" \/>\n<meta property=\"og:locale\" content=\"es_ES\" \/>\n<meta property=\"og:type\" content=\"article\" \/>\n<meta property=\"og:title\" content=\"Rehabilitar\u00e1n archivos del Registro Civil en CDMX\" \/>\n<meta property=\"og:description\" content=\"La rehabilitaci\u00f3n de los archivos del Registro Civil ser\u00e1 supervisada por ingenieros, directores responsables de obra y expertos en seguridad estructural.\" \/>\n<meta property=\"og:url\" content=\"https:\/\/centrourbano.com\/revista\/construccion\/archivos-del-registro-civil\/\" \/>\n<meta property=\"og:site_name\" content=\"Centro Urbano\" \/>\n<meta property=\"article:publisher\" content=\"https:\/\/www.facebook.com\/portalcentrourbano\" \/>\n<meta property=\"article:published_time\" content=\"2018-01-04T16:24:30+00:00\" \/>\n<meta property=\"og:image\" content=\"https:\/\/centrourbano.com\/revista\/wp-content\/uploads\/fachada-2.jpg\" \/>\n\t<meta property=\"og:image:width\" content=\"3630\" \/>\n\t<meta property=\"og:image:height\" content=\"2815\" \/>\n\t<meta property=\"og:image:type\" content=\"image\/jpeg\" \/>\n<meta name=\"author\" content=\"Estefan\u00eda Tinajero\" \/>\n<meta name=\"twitter:card\" content=\"summary_large_image\" \/>\n<meta name=\"twitter:creator\" content=\"@CentroUrbano\" \/>\n<meta name=\"twitter:site\" content=\"@CentroUrbano\" \/>\n<meta name=\"twitter:label1\" content=\"Escrito por\" \/>\n\t<meta name=\"twitter:data1\" content=\"Estefan\u00eda Tinajero\" \/>\n\t<meta name=\"twitter:label2\" content=\"Tiempo de lectura\" \/>\n\t<meta name=\"twitter:data2\" content=\"2 minutos\" \/>\n<script type=\"application\/ld+json\" class=\"yoast-schema-graph\">{\"@context\":\"https:\\\/\\\/schema.org\",\"@graph\":[{\"@type\":\"Article\",\"@id\":\"https:\\\/\\\/centrourbano.com\\\/revista\\\/construccion\\\/archivos-del-registro-civil\\\/#article\",\"isPartOf\":{\"@id\":\"https:\\\/\\\/centrourbano.com\\\/revista\\\/construccion\\\/archivos-del-registro-civil\\\/\"},\"author\":{\"name\":\"Estefan\u00eda Tinajero\",\"@id\":\"https:\\\/\\\/centrourbano.com\\\/revista\\\/#\\\/schema\\\/person\\\/06fb7b616ffe9a532503d1802d45f183\"},\"headline\":\"Rehabilitar\u00e1n archivos del Registro Civil\",\"datePublished\":\"2018-01-04T16:24:30+00:00\",\"mainEntityOfPage\":{\"@id\":\"https:\\\/\\\/centrourbano.com\\\/revista\\\/construccion\\\/archivos-del-registro-civil\\\/\"},\"wordCount\":422,\"commentCount\":0,\"publisher\":{\"@id\":\"https:\\\/\\\/centrourbano.com\\\/revista\\\/#organization\"},\"image\":{\"@id\":\"https:\\\/\\\/centrourbano.com\\\/revista\\\/construccion\\\/archivos-del-registro-civil\\\/#primaryimage\"},\"thumbnailUrl\":\"https:\\\/\\\/centrourbano.com\\\/revista\\\/wp-content\\\/uploads\\\/fachada-2.jpg\",\"keywords\":[\"Centro de rehabilitaci\u00f3n infantil\",\"ciudad de M\u00e9xico\",\"Claudia Luengas Escudero\",\"construcci\u00f3n\",\"Ley de Archivos\",\"Registro Civil\"],\"articleSection\":[\"Construcci\u00f3n\"],\"inLanguage\":\"es\",\"potentialAction\":[{\"@type\":\"CommentAction\",\"name\":\"Comment\",\"target\":[\"https:\\\/\\\/centrourbano.com\\\/revista\\\/construccion\\\/archivos-del-registro-civil\\\/#respond\"]}]},{\"@type\":\"WebPage\",\"@id\":\"https:\\\/\\\/centrourbano.com\\\/revista\\\/construccion\\\/archivos-del-registro-civil\\\/\",\"url\":\"https:\\\/\\\/centrourbano.com\\\/revista\\\/construccion\\\/archivos-del-registro-civil\\\/\",\"name\":\"Rehabilitar\u00e1n archivos del Registro Civil en CDMX\",\"isPartOf\":{\"@id\":\"https:\\\/\\\/centrourbano.com\\\/revista\\\/#website\"},\"primaryImageOfPage\":{\"@id\":\"https:\\\/\\\/centrourbano.com\\\/revista\\\/construccion\\\/archivos-del-registro-civil\\\/#primaryimage\"},\"image\":{\"@id\":\"https:\\\/\\\/centrourbano.com\\\/revista\\\/construccion\\\/archivos-del-registro-civil\\\/#primaryimage\"},\"thumbnailUrl\":\"https:\\\/\\\/centrourbano.com\\\/revista\\\/wp-content\\\/uploads\\\/fachada-2.jpg\",\"datePublished\":\"2018-01-04T16:24:30+00:00\",\"description\":\"La rehabilitaci\u00f3n de los archivos del Registro Civil ser\u00e1 supervisada por ingenieros, directores responsables de obra y expertos en seguridad estructural.\",\"breadcrumb\":{\"@id\":\"https:\\\/\\\/centrourbano.com\\\/revista\\\/construccion\\\/archivos-del-registro-civil\\\/#breadcrumb\"},\"inLanguage\":\"es\",\"potentialAction\":[{\"@type\":\"ReadAction\",\"target\":[\"https:\\\/\\\/centrourbano.com\\\/revista\\\/construccion\\\/archivos-del-registro-civil\\\/\"]}]},{\"@type\":\"ImageObject\",\"inLanguage\":\"es\",\"@id\":\"https:\\\/\\\/centrourbano.com\\\/revista\\\/construccion\\\/archivos-del-registro-civil\\\/#primaryimage\",\"url\":\"https:\\\/\\\/centrourbano.com\\\/revista\\\/wp-content\\\/uploads\\\/fachada-2.jpg\",\"contentUrl\":\"https:\\\/\\\/centrourbano.com\\\/revista\\\/wp-content\\\/uploads\\\/fachada-2.jpg\",\"width\":3630,\"height\":2815,\"caption\":\"Ingenieros, directores responsables de obra y expertos en seguridad estructural supervisar\u00e1n trabajos\"},{\"@type\":\"BreadcrumbList\",\"@id\":\"https:\\\/\\\/centrourbano.com\\\/revista\\\/construccion\\\/archivos-del-registro-civil\\\/#breadcrumb\",\"itemListElement\":[{\"@type\":\"ListItem\",\"position\":1,\"name\":\"Portada\",\"item\":\"https:\\\/\\\/centrourbano.com\\\/revista\\\/\"},{\"@type\":\"ListItem\",\"position\":2,\"name\":\"Rehabilitar\u00e1n archivos del Registro Civil\"}]},{\"@type\":\"WebSite\",\"@id\":\"https:\\\/\\\/centrourbano.com\\\/revista\\\/#website\",\"url\":\"https:\\\/\\\/centrourbano.com\\\/revista\\\/\",\"name\":\"Centro Urbano\",\"description\":\"Medio especializado en los sectores vivienda, inmobiliario, construcci\u00f3n, arquitectura y urbanismo.\",\"publisher\":{\"@id\":\"https:\\\/\\\/centrourbano.com\\\/revista\\\/#organization\"},\"potentialAction\":[{\"@type\":\"SearchAction\",\"target\":{\"@type\":\"EntryPoint\",\"urlTemplate\":\"https:\\\/\\\/centrourbano.com\\\/revista\\\/?s={search_term_string}\"},\"query-input\":{\"@type\":\"PropertyValueSpecification\",\"valueRequired\":true,\"valueName\":\"search_term_string\"}}],\"inLanguage\":\"es\"},{\"@type\":\"Organization\",\"@id\":\"https:\\\/\\\/centrourbano.com\\\/revista\\\/#organization\",\"name\":\"Centro Urbano\",\"url\":\"https:\\\/\\\/centrourbano.com\\\/revista\\\/\",\"logo\":{\"@type\":\"ImageObject\",\"inLanguage\":\"es\",\"@id\":\"https:\\\/\\\/centrourbano.com\\\/revista\\\/#\\\/schema\\\/logo\\\/image\\\/\",\"url\":\"https:\\\/\\\/centrourbano.com\\\/revista\\\/wp-content\\\/uploads\\\/web_CU_logo-1.png\",\"contentUrl\":\"https:\\\/\\\/centrourbano.com\\\/revista\\\/wp-content\\\/uploads\\\/web_CU_logo-1.png\",\"width\":350,\"height\":91,\"caption\":\"Centro Urbano\"},\"image\":{\"@id\":\"https:\\\/\\\/centrourbano.com\\\/revista\\\/#\\\/schema\\\/logo\\\/image\\\/\"},\"sameAs\":[\"https:\\\/\\\/www.facebook.com\\\/portalcentrourbano\",\"https:\\\/\\\/x.com\\\/CentroUrbano\",\"https:\\\/\\\/www.instagram.com\\\/centro_urbano\\\/\",\"https:\\\/\\\/www.linkedin.com\\\/company\\\/centro-urbano\\\/\",\"http:\\\/\\\/www.youtube.com\\\/user\\\/portalcentrourbano\"]},{\"@type\":\"Person\",\"@id\":\"https:\\\/\\\/centrourbano.com\\\/revista\\\/#\\\/schema\\\/person\\\/06fb7b616ffe9a532503d1802d45f183\",\"name\":\"Estefan\u00eda Tinajero\",\"image\":{\"@type\":\"ImageObject\",\"inLanguage\":\"es\",\"@id\":\"https:\\\/\\\/secure.gravatar.com\\\/avatar\\\/95fc41fe7c8f23c2faf4cd63393812a7d8257b5ddd3a652ffbd4a5c15769714f?s=96&d=mm&r=g\",\"url\":\"https:\\\/\\\/secure.gravatar.com\\\/avatar\\\/95fc41fe7c8f23c2faf4cd63393812a7d8257b5ddd3a652ffbd4a5c15769714f?s=96&d=mm&r=g\",\"contentUrl\":\"https:\\\/\\\/secure.gravatar.com\\\/avatar\\\/95fc41fe7c8f23c2faf4cd63393812a7d8257b5ddd3a652ffbd4a5c15769714f?s=96&d=mm&r=g\",\"caption\":\"Estefan\u00eda Tinajero\"},\"url\":\"https:\\\/\\\/centrourbano.com\\\/revista\\\/author\\\/estefania-tinajero\\\/\"}]}<\/script>\n<!-- \/ Yoast SEO plugin. -->","yoast_head_json":{"title":"Rehabilitar\u00e1n archivos del Registro Civil en CDMX","description":"La rehabilitaci\u00f3n de los archivos del Registro Civil ser\u00e1 supervisada por ingenieros, directores responsables de obra y expertos en seguridad estructural.","robots":{"index":"index","follow":"follow","max-snippet":"max-snippet:-1","max-image-preview":"max-image-preview:large","max-video-preview":"max-video-preview:-1"},"canonical":"https:\/\/centrourbano.com\/revista\/construccion\/archivos-del-registro-civil\/","og_locale":"es_ES","og_type":"article","og_title":"Rehabilitar\u00e1n archivos del Registro Civil en CDMX","og_description":"La rehabilitaci\u00f3n de los archivos del Registro Civil ser\u00e1 supervisada por ingenieros, directores responsables de obra y expertos en seguridad estructural.","og_url":"https:\/\/centrourbano.com\/revista\/construccion\/archivos-del-registro-civil\/","og_site_name":"Centro Urbano","article_publisher":"https:\/\/www.facebook.com\/portalcentrourbano","article_published_time":"2018-01-04T16:24:30+00:00","og_image":[{"width":3630,"height":2815,"url":"https:\/\/centrourbano.com\/revista\/wp-content\/uploads\/fachada-2.jpg","type":"image\/jpeg"}],"author":"Estefan\u00eda Tinajero","twitter_card":"summary_large_image","twitter_creator":"@CentroUrbano","twitter_site":"@CentroUrbano","twitter_misc":{"Escrito por":"Estefan\u00eda Tinajero","Tiempo de lectura":"2 minutos"},"schema":{"@context":"https:\/\/schema.org","@graph":[{"@type":"Article","@id":"https:\/\/centrourbano.com\/revista\/construccion\/archivos-del-registro-civil\/#article","isPartOf":{"@id":"https:\/\/centrourbano.com\/revista\/construccion\/archivos-del-registro-civil\/"},"author":{"name":"Estefan\u00eda Tinajero","@id":"https:\/\/centrourbano.com\/revista\/#\/schema\/person\/06fb7b616ffe9a532503d1802d45f183"},"headline":"Rehabilitar\u00e1n archivos del Registro Civil","datePublished":"2018-01-04T16:24:30+00:00","mainEntityOfPage":{"@id":"https:\/\/centrourbano.com\/revista\/construccion\/archivos-del-registro-civil\/"},"wordCount":422,"commentCount":0,"publisher":{"@id":"https:\/\/centrourbano.com\/revista\/#organization"},"image":{"@id":"https:\/\/centrourbano.com\/revista\/construccion\/archivos-del-registro-civil\/#primaryimage"},"thumbnailUrl":"https:\/\/centrourbano.com\/revista\/wp-content\/uploads\/fachada-2.jpg","keywords":["Centro de rehabilitaci\u00f3n infantil","ciudad de M\u00e9xico","Claudia Luengas Escudero","construcci\u00f3n","Ley de Archivos","Registro Civil"],"articleSection":["Construcci\u00f3n"],"inLanguage":"es","potentialAction":[{"@type":"CommentAction","name":"Comment","target":["https:\/\/centrourbano.com\/revista\/construccion\/archivos-del-registro-civil\/#respond"]}]},{"@type":"WebPage","@id":"https:\/\/centrourbano.com\/revista\/construccion\/archivos-del-registro-civil\/","url":"https:\/\/centrourbano.com\/revista\/construccion\/archivos-del-registro-civil\/","name":"Rehabilitar\u00e1n archivos del Registro Civil en CDMX","isPartOf":{"@id":"https:\/\/centrourbano.com\/revista\/#website"},"primaryImageOfPage":{"@id":"https:\/\/centrourbano.com\/revista\/construccion\/archivos-del-registro-civil\/#primaryimage"},"image":{"@id":"https:\/\/centrourbano.com\/revista\/construccion\/archivos-del-registro-civil\/#primaryimage"},"thumbnailUrl":"https:\/\/centrourbano.com\/revista\/wp-content\/uploads\/fachada-2.jpg","datePublished":"2018-01-04T16:24:30+00:00","description":"La rehabilitaci\u00f3n de los archivos del Registro Civil ser\u00e1 supervisada por ingenieros, directores responsables de obra y expertos en seguridad estructural.","breadcrumb":{"@id":"https:\/\/centrourbano.com\/revista\/construccion\/archivos-del-registro-civil\/#breadcrumb"},"inLanguage":"es","potentialAction":[{"@type":"ReadAction","target":["https:\/\/centrourbano.com\/revista\/construccion\/archivos-del-registro-civil\/"]}]},{"@type":"ImageObject","inLanguage":"es","@id":"https:\/\/centrourbano.com\/revista\/construccion\/archivos-del-registro-civil\/#primaryimage","url":"https:\/\/centrourbano.com\/revista\/wp-content\/uploads\/fachada-2.jpg","contentUrl":"https:\/\/centrourbano.com\/revista\/wp-content\/uploads\/fachada-2.jpg","width":3630,"height":2815,"caption":"Ingenieros, directores responsables de obra y expertos en seguridad estructural supervisar\u00e1n trabajos"},{"@type":"BreadcrumbList","@id":"https:\/\/centrourbano.com\/revista\/construccion\/archivos-del-registro-civil\/#breadcrumb","itemListElement":[{"@type":"ListItem","position":1,"name":"Portada","item":"https:\/\/centrourbano.com\/revista\/"},{"@type":"ListItem","position":2,"name":"Rehabilitar\u00e1n archivos del Registro Civil"}]},{"@type":"WebSite","@id":"https:\/\/centrourbano.com\/revista\/#website","url":"https:\/\/centrourbano.com\/revista\/","name":"Centro Urbano","description":"Medio especializado en los sectores vivienda, inmobiliario, construcci\u00f3n, arquitectura y urbanismo.","publisher":{"@id":"https:\/\/centrourbano.com\/revista\/#organization"},"potentialAction":[{"@type":"SearchAction","target":{"@type":"EntryPoint","urlTemplate":"https:\/\/centrourbano.com\/revista\/?s={search_term_string}"},"query-input":{"@type":"PropertyValueSpecification","valueRequired":true,"valueName":"search_term_string"}}],"inLanguage":"es"},{"@type":"Organization","@id":"https:\/\/centrourbano.com\/revista\/#organization","name":"Centro Urbano","url":"https:\/\/centrourbano.com\/revista\/","logo":{"@type":"ImageObject","inLanguage":"es","@id":"https:\/\/centrourbano.com\/revista\/#\/schema\/logo\/image\/","url":"https:\/\/centrourbano.com\/revista\/wp-content\/uploads\/web_CU_logo-1.png","contentUrl":"https:\/\/centrourbano.com\/revista\/wp-content\/uploads\/web_CU_logo-1.png","width":350,"height":91,"caption":"Centro Urbano"},"image":{"@id":"https:\/\/centrourbano.com\/revista\/#\/schema\/logo\/image\/"},"sameAs":["https:\/\/www.facebook.com\/portalcentrourbano","https:\/\/x.com\/CentroUrbano","https:\/\/www.instagram.com\/centro_urbano\/","https:\/\/www.linkedin.com\/company\/centro-urbano\/","http:\/\/www.youtube.com\/user\/portalcentrourbano"]},{"@type":"Person","@id":"https:\/\/centrourbano.com\/revista\/#\/schema\/person\/06fb7b616ffe9a532503d1802d45f183","name":"Estefan\u00eda Tinajero","image":{"@type":"ImageObject","inLanguage":"es","@id":"https:\/\/secure.gravatar.com\/avatar\/95fc41fe7c8f23c2faf4cd63393812a7d8257b5ddd3a652ffbd4a5c15769714f?s=96&d=mm&r=g","url":"https:\/\/secure.gravatar.com\/avatar\/95fc41fe7c8f23c2faf4cd63393812a7d8257b5ddd3a652ffbd4a5c15769714f?s=96&d=mm&r=g","contentUrl":"https:\/\/secure.gravatar.com\/avatar\/95fc41fe7c8f23c2faf4cd63393812a7d8257b5ddd3a652ffbd4a5c15769714f?s=96&d=mm&r=g","caption":"Estefan\u00eda Tinajero"},"url":"https:\/\/centrourbano.com\/revista\/author\/estefania-tinajero\/"}]}},"_links":{"self":[{"href":"https:\/\/centrourbano.com\/revista\/wp-json\/wp\/v2\/posts\/65265","targetHints":{"allow":["GET"]}}],"collection":[{"href":"https:\/\/centrourbano.com\/revista\/wp-json\/wp\/v2\/posts"}],"about":[{"href":"https:\/\/centrourbano.com\/revista\/wp-json\/wp\/v2\/types\/post"}],"author":[{"embeddable":true,"href":"https:\/\/centrourbano.com\/revista\/wp-json\/wp\/v2\/users\/58"}],"replies":[{"embeddable":true,"href":"https:\/\/centrourbano.com\/revista\/wp-json\/wp\/v2\/comments?post=65265"}],"version-history":[{"count":4,"href":"https:\/\/centrourbano.com\/revista\/wp-json\/wp\/v2\/posts\/65265\/revisions"}],"predecessor-version":[{"id":65273,"href":"https:\/\/centrourbano.com\/revista\/wp-json\/wp\/v2\/posts\/65265\/revisions\/65273"}],"wp:featuredmedia":[{"embeddable":true,"href":"https:\/\/centrourbano.com\/revista\/wp-json\/wp\/v2\/media\/65266"}],"wp:attachment":[{"href":"https:\/\/centrourbano.com\/revista\/wp-json\/wp\/v2\/media?parent=65265"}],"wp:term":[{"taxonomy":"category","embeddable":true,"href":"https:\/\/centrourbano.com\/revista\/wp-json\/wp\/v2\/categories?post=65265"},{"taxonomy":"post_tag","embeddable":true,"href":"https:\/\/centrourbano.com\/revista\/wp-json\/wp\/v2\/tags?post=65265"}],"curies":[{"name":"wp","href":"https:\/\/api.w.org\/{rel}","templated":true}]}}