{"id":64441,"date":"2017-12-19T17:25:17","date_gmt":"2017-12-19T23:25:17","guid":{"rendered":"https:\/\/centrourbano.com\/?p=64441"},"modified":"2017-12-19T17:27:43","modified_gmt":"2017-12-19T23:27:43","slug":"tres-meses-lento-avance-reconstruccion-cdmx-ludlow","status":"publish","type":"post","link":"https:\/\/centrourbano.com\/revista\/vivienda\/tres-meses-lento-avance-reconstruccion-cdmx-ludlow\/","title":{"rendered":"A 3 meses,lento avance en reconstrucci\u00f3n CDMX: Ludlow"},"content":{"rendered":"<p><em>La legisladora priista se\u00f1al\u00f3 que las autoridades se han visto rebasadas en cuanto a las labores para dictaminar situaci\u00f3n de edificios  <\/em><!--more--><\/p>\n<p>Las labores de reconstrucci\u00f3n en la Ciudad de M\u00e9xico presentan un avance lento, esto ante la falta de coordinaci\u00f3n e inconsistencia del trabajo por parte de las autoridades capitalinas, se\u00f1al\u00f3 Dunia Ludlow, presidenta de la Comisi\u00f3n de Vivienda de la Asamblea Legislativa del Distrito Federal (ALDF). <\/p>\n<p>Al presentar un balance de las acciones a tres meses del sismo del pasado 19 de septiembre, la legisladora se\u00f1al\u00f3 que las autoridades se han visto rebasadas en el proceso de dictaminar los da\u00f1os ocasionados por el movimiento tel\u00farico. Dijo que esta situaci\u00f3n ha retardado el proceso de demolici\u00f3n de los edificios. <\/p>\n<p>En este sentido, se\u00f1al\u00f3 que, con fecha de corte al 13 de diciembre, se reportaron de 700 a 800 edificios se catalogaron como inmuebles con riesgo para la seguridad de las personas. De este universo, dijo, 329 ya hab\u00edan sido valorados por el Instituto para la Seguridad de las Construcciones.<\/p>\n<p>A\u00f1adi\u00f3 que, hasta el momento, 102 edificios han sido catalogados para demolici\u00f3n, sin embargo, apunt\u00f3, \u201cs\u00f3lo se han integrado 35 expedientes por parte del Comit\u00e9 de Emergencia, lo cual es lento y grave\u201d. <\/p>\n<p>\u201cLos rezagos obedecen a la desarticulaci\u00f3n con la cual est\u00e1n trabajando las autoridades, la inexistencia de bases de datos y acervos documentales que otorguen certeza a damnificados sobre el futuro de sus inmuebles\u201d, dijo. <\/p>\n<p>Entre otros puntos que han retazado el proceso de reconstrucci\u00f3n, explic\u00f3 la diputada, se encuentra la falta de participaci\u00f3n por parte de la ciudadana. Dijo que este hecho obedece a la falta de comunicaci\u00f3n y transparencia por parte del gobierno. <\/p>\n<p>Aunado a lo anterior se\u00f1al\u00f3 que existe un rezago tecnol\u00f3gico para afrontar la emergencia. Dijo que esta situaci\u00f3n impide realizar un censo y un diagn\u00f3stico adecuado del sismo para poder implementar las medidas adecuadas.<\/p>\n","protected":false},"excerpt":{"rendered":"<p>La legisladora priista se\u00f1al\u00f3 que las autoridades se han visto rebasadas en cuanto a las labores para dictaminar situaci\u00f3n de edificios<\/p>\n","protected":false},"author":47,"featured_media":64443,"comment_status":"open","ping_status":"closed","sticky":false,"template":"","format":"standard","meta":{"om_disable_all_campaigns":false,"inline_featured_image":false,"_monsterinsights_skip_tracking":false,"_monsterinsights_sitenote_active":false,"_monsterinsights_sitenote_note":"","_monsterinsights_sitenote_category":0,"footnotes":""},"categories":[14,12],"tags":[12247,11965,7929,2387,1441],"class_list":["post-64441","post","type-post","status-publish","format-standard","has-post-thumbnail","hentry","category-construccion","category-vivienda","tag-balance","tag-comision-de-vivienda-aldf","tag-dunia-ludlow-deloya","tag-reconstruccion","tag-sismo"],"yoast_head":"<!-- This site is optimized with the Yoast SEO plugin v27.4 - https:\/\/yoast.com\/product\/yoast-seo-wordpress\/ -->\n<title>A 3 meses,lento avance en reconstrucci\u00f3n CDMX: Ludlow -<\/title>\n<meta name=\"description\" content=\"Las labores de reconstrucci\u00f3n en la Ciudad de M\u00e9xico presentan un avance lento, esto ante la falta de coordinaci\u00f3n e inconsistencia del trabajo por parte de las autoridades capitalinas, se\u00f1al\u00f3 Dunia Ludlow, presidenta de la Comisi\u00f3n de Vivienda de la Asamblea Legislativa del Distrito Federal (ALDF).\" \/>\n<meta name=\"robots\" content=\"index, follow, max-snippet:-1, max-image-preview:large, max-video-preview:-1\" \/>\n<link rel=\"canonical\" href=\"https:\/\/centrourbano.com\/revista\/vivienda\/tres-meses-lento-avance-reconstruccion-cdmx-ludlow\/\" \/>\n<meta property=\"og:locale\" content=\"es_ES\" \/>\n<meta property=\"og:type\" content=\"article\" \/>\n<meta property=\"og:title\" content=\"A 3 meses,lento avance en reconstrucci\u00f3n CDMX: Ludlow -\" \/>\n<meta property=\"og:description\" content=\"Las labores de reconstrucci\u00f3n en la Ciudad de M\u00e9xico presentan un avance lento, esto ante la falta de coordinaci\u00f3n e inconsistencia del trabajo por parte de las autoridades capitalinas, se\u00f1al\u00f3 Dunia Ludlow, presidenta de la Comisi\u00f3n de Vivienda de la Asamblea Legislativa del Distrito Federal (ALDF).\" \/>\n<meta property=\"og:url\" content=\"https:\/\/centrourbano.com\/revista\/vivienda\/tres-meses-lento-avance-reconstruccion-cdmx-ludlow\/\" \/>\n<meta property=\"og:site_name\" content=\"Centro Urbano\" \/>\n<meta property=\"article:publisher\" content=\"https:\/\/www.facebook.com\/portalcentrourbano\" \/>\n<meta property=\"article:published_time\" content=\"2017-12-19T23:25:17+00:00\" \/>\n<meta property=\"article:modified_time\" content=\"2017-12-19T23:27:43+00:00\" \/>\n<meta property=\"og:image\" content=\"https:\/\/centrourbano.com\/revista\/wp-content\/uploads\/DuniaLudlow_Reconstrucci\u00f3n_Balance_TresMeses.jpeg\" \/>\n\t<meta property=\"og:image:width\" content=\"800\" \/>\n\t<meta property=\"og:image:height\" content=\"533\" \/>\n\t<meta property=\"og:image:type\" content=\"image\/jpeg\" \/>\n<meta name=\"author\" content=\"Edgar Rosas\" \/>\n<meta name=\"twitter:card\" content=\"summary_large_image\" \/>\n<meta name=\"twitter:creator\" content=\"@https:\/\/twitter.com\/ERosasCU?s=09\" \/>\n<meta name=\"twitter:site\" content=\"@CentroUrbano\" \/>\n<meta name=\"twitter:label1\" content=\"Escrito por\" \/>\n\t<meta name=\"twitter:data1\" content=\"Edgar Rosas\" \/>\n\t<meta name=\"twitter:label2\" content=\"Tiempo de lectura\" \/>\n\t<meta name=\"twitter:data2\" content=\"2 minutos\" \/>\n<script type=\"application\/ld+json\" class=\"yoast-schema-graph\">{\"@context\":\"https:\\\/\\\/schema.org\",\"@graph\":[{\"@type\":\"Article\",\"@id\":\"https:\\\/\\\/centrourbano.com\\\/revista\\\/vivienda\\\/tres-meses-lento-avance-reconstruccion-cdmx-ludlow\\\/#article\",\"isPartOf\":{\"@id\":\"https:\\\/\\\/centrourbano.com\\\/revista\\\/vivienda\\\/tres-meses-lento-avance-reconstruccion-cdmx-ludlow\\\/\"},\"author\":{\"name\":\"Edgar Rosas\",\"@id\":\"https:\\\/\\\/centrourbano.com\\\/revista\\\/#\\\/schema\\\/person\\\/ff3c00651ce5b1630479d2cd0c2e3ac0\"},\"headline\":\"A 3 meses,lento avance en reconstrucci\u00f3n CDMX: Ludlow\",\"datePublished\":\"2017-12-19T23:25:17+00:00\",\"dateModified\":\"2017-12-19T23:27:43+00:00\",\"mainEntityOfPage\":{\"@id\":\"https:\\\/\\\/centrourbano.com\\\/revista\\\/vivienda\\\/tres-meses-lento-avance-reconstruccion-cdmx-ludlow\\\/\"},\"wordCount\":338,\"commentCount\":0,\"publisher\":{\"@id\":\"https:\\\/\\\/centrourbano.com\\\/revista\\\/#organization\"},\"image\":{\"@id\":\"https:\\\/\\\/centrourbano.com\\\/revista\\\/vivienda\\\/tres-meses-lento-avance-reconstruccion-cdmx-ludlow\\\/#primaryimage\"},\"thumbnailUrl\":\"https:\\\/\\\/centrourbano.com\\\/revista\\\/wp-content\\\/uploads\\\/DuniaLudlow_Reconstrucci\u00f3n_Balance_TresMeses.jpeg\",\"keywords\":[\"balance\",\"Comisi\u00f3n de Vivienda ALDF\",\"Dunia Ludlow Deloya\",\"reconstrucci\u00f3n\",\"Sismo\"],\"articleSection\":[\"Construcci\u00f3n\",\"Vivienda\"],\"inLanguage\":\"es\",\"potentialAction\":[{\"@type\":\"CommentAction\",\"name\":\"Comment\",\"target\":[\"https:\\\/\\\/centrourbano.com\\\/revista\\\/vivienda\\\/tres-meses-lento-avance-reconstruccion-cdmx-ludlow\\\/#respond\"]}]},{\"@type\":\"WebPage\",\"@id\":\"https:\\\/\\\/centrourbano.com\\\/revista\\\/vivienda\\\/tres-meses-lento-avance-reconstruccion-cdmx-ludlow\\\/\",\"url\":\"https:\\\/\\\/centrourbano.com\\\/revista\\\/vivienda\\\/tres-meses-lento-avance-reconstruccion-cdmx-ludlow\\\/\",\"name\":\"A 3 meses,lento avance en reconstrucci\u00f3n CDMX: Ludlow -\",\"isPartOf\":{\"@id\":\"https:\\\/\\\/centrourbano.com\\\/revista\\\/#website\"},\"primaryImageOfPage\":{\"@id\":\"https:\\\/\\\/centrourbano.com\\\/revista\\\/vivienda\\\/tres-meses-lento-avance-reconstruccion-cdmx-ludlow\\\/#primaryimage\"},\"image\":{\"@id\":\"https:\\\/\\\/centrourbano.com\\\/revista\\\/vivienda\\\/tres-meses-lento-avance-reconstruccion-cdmx-ludlow\\\/#primaryimage\"},\"thumbnailUrl\":\"https:\\\/\\\/centrourbano.com\\\/revista\\\/wp-content\\\/uploads\\\/DuniaLudlow_Reconstrucci\u00f3n_Balance_TresMeses.jpeg\",\"datePublished\":\"2017-12-19T23:25:17+00:00\",\"dateModified\":\"2017-12-19T23:27:43+00:00\",\"description\":\"Las labores de reconstrucci\u00f3n en la Ciudad de M\u00e9xico presentan un avance lento, esto ante la falta de coordinaci\u00f3n e inconsistencia del trabajo por parte de las autoridades capitalinas, se\u00f1al\u00f3 Dunia Ludlow, presidenta de la Comisi\u00f3n de Vivienda de la Asamblea Legislativa del Distrito Federal (ALDF).\",\"breadcrumb\":{\"@id\":\"https:\\\/\\\/centrourbano.com\\\/revista\\\/vivienda\\\/tres-meses-lento-avance-reconstruccion-cdmx-ludlow\\\/#breadcrumb\"},\"inLanguage\":\"es\",\"potentialAction\":[{\"@type\":\"ReadAction\",\"target\":[\"https:\\\/\\\/centrourbano.com\\\/revista\\\/vivienda\\\/tres-meses-lento-avance-reconstruccion-cdmx-ludlow\\\/\"]}]},{\"@type\":\"ImageObject\",\"inLanguage\":\"es\",\"@id\":\"https:\\\/\\\/centrourbano.com\\\/revista\\\/vivienda\\\/tres-meses-lento-avance-reconstruccion-cdmx-ludlow\\\/#primaryimage\",\"url\":\"https:\\\/\\\/centrourbano.com\\\/revista\\\/wp-content\\\/uploads\\\/DuniaLudlow_Reconstrucci\u00f3n_Balance_TresMeses.jpeg\",\"contentUrl\":\"https:\\\/\\\/centrourbano.com\\\/revista\\\/wp-content\\\/uploads\\\/DuniaLudlow_Reconstrucci\u00f3n_Balance_TresMeses.jpeg\",\"width\":800,\"height\":533,\"caption\":\"La legisladora priista se\u00f1al\u00f3 que las autoridades se han visto rebasadas en cuanto a las labores para dictaminar situaci\u00f3n de edificios\"},{\"@type\":\"BreadcrumbList\",\"@id\":\"https:\\\/\\\/centrourbano.com\\\/revista\\\/vivienda\\\/tres-meses-lento-avance-reconstruccion-cdmx-ludlow\\\/#breadcrumb\",\"itemListElement\":[{\"@type\":\"ListItem\",\"position\":1,\"name\":\"Portada\",\"item\":\"https:\\\/\\\/centrourbano.com\\\/revista\\\/\"},{\"@type\":\"ListItem\",\"position\":2,\"name\":\"A 3 meses,lento avance en reconstrucci\u00f3n CDMX: Ludlow\"}]},{\"@type\":\"WebSite\",\"@id\":\"https:\\\/\\\/centrourbano.com\\\/revista\\\/#website\",\"url\":\"https:\\\/\\\/centrourbano.com\\\/revista\\\/\",\"name\":\"Centro Urbano\",\"description\":\"Medio especializado en los sectores vivienda, inmobiliario, construcci\u00f3n, arquitectura y urbanismo.\",\"publisher\":{\"@id\":\"https:\\\/\\\/centrourbano.com\\\/revista\\\/#organization\"},\"potentialAction\":[{\"@type\":\"SearchAction\",\"target\":{\"@type\":\"EntryPoint\",\"urlTemplate\":\"https:\\\/\\\/centrourbano.com\\\/revista\\\/?s={search_term_string}\"},\"query-input\":{\"@type\":\"PropertyValueSpecification\",\"valueRequired\":true,\"valueName\":\"search_term_string\"}}],\"inLanguage\":\"es\"},{\"@type\":\"Organization\",\"@id\":\"https:\\\/\\\/centrourbano.com\\\/revista\\\/#organization\",\"name\":\"Centro Urbano\",\"url\":\"https:\\\/\\\/centrourbano.com\\\/revista\\\/\",\"logo\":{\"@type\":\"ImageObject\",\"inLanguage\":\"es\",\"@id\":\"https:\\\/\\\/centrourbano.com\\\/revista\\\/#\\\/schema\\\/logo\\\/image\\\/\",\"url\":\"https:\\\/\\\/centrourbano.com\\\/revista\\\/wp-content\\\/uploads\\\/web_CU_logo-1.png\",\"contentUrl\":\"https:\\\/\\\/centrourbano.com\\\/revista\\\/wp-content\\\/uploads\\\/web_CU_logo-1.png\",\"width\":350,\"height\":91,\"caption\":\"Centro Urbano\"},\"image\":{\"@id\":\"https:\\\/\\\/centrourbano.com\\\/revista\\\/#\\\/schema\\\/logo\\\/image\\\/\"},\"sameAs\":[\"https:\\\/\\\/www.facebook.com\\\/portalcentrourbano\",\"https:\\\/\\\/x.com\\\/CentroUrbano\",\"https:\\\/\\\/www.instagram.com\\\/centro_urbano\\\/\",\"https:\\\/\\\/www.linkedin.com\\\/company\\\/centro-urbano\\\/\",\"http:\\\/\\\/www.youtube.com\\\/user\\\/portalcentrourbano\"]},{\"@type\":\"Person\",\"@id\":\"https:\\\/\\\/centrourbano.com\\\/revista\\\/#\\\/schema\\\/person\\\/ff3c00651ce5b1630479d2cd0c2e3ac0\",\"name\":\"Edgar Rosas\",\"image\":{\"@type\":\"ImageObject\",\"inLanguage\":\"es\",\"@id\":\"https:\\\/\\\/secure.gravatar.com\\\/avatar\\\/94440c4283495211faa5300bf85e80061036b83fced868c3783aa1310b350d9c?s=96&d=mm&r=g\",\"url\":\"https:\\\/\\\/secure.gravatar.com\\\/avatar\\\/94440c4283495211faa5300bf85e80061036b83fced868c3783aa1310b350d9c?s=96&d=mm&r=g\",\"contentUrl\":\"https:\\\/\\\/secure.gravatar.com\\\/avatar\\\/94440c4283495211faa5300bf85e80061036b83fced868c3783aa1310b350d9c?s=96&d=mm&r=g\",\"caption\":\"Edgar Rosas\"},\"description\":\"Editor en Jefe de Centro Urbano. Egresado de la maestr\u00eda en Periodismo Pol\u00edtico de la Escuela de Periodismo Carlos Septi\u00e9n Garc\u00eda (EPCSG). Estudi\u00f3 la licenciatura en Comunicaci\u00f3n en la Universidad Mexicana. Amante de la cr\u00f3nica y el reportaje. Admirador de Vicente Le\u00f1ero y Miguel \u00c1ngel Granados Chapa.\",\"sameAs\":[\"https:\\\/\\\/x.com\\\/https:\\\/\\\/twitter.com\\\/ERosasCU?s=09\"],\"url\":\"https:\\\/\\\/centrourbano.com\\\/revista\\\/author\\\/edgar-rosas\\\/\"}]}<\/script>\n<!-- \/ Yoast SEO plugin. -->","yoast_head_json":{"title":"A 3 meses,lento avance en reconstrucci\u00f3n CDMX: Ludlow -","description":"Las labores de reconstrucci\u00f3n en la Ciudad de M\u00e9xico presentan un avance lento, esto ante la falta de coordinaci\u00f3n e inconsistencia del trabajo por parte de las autoridades capitalinas, se\u00f1al\u00f3 Dunia Ludlow, presidenta de la Comisi\u00f3n de Vivienda de la Asamblea Legislativa del Distrito Federal (ALDF).","robots":{"index":"index","follow":"follow","max-snippet":"max-snippet:-1","max-image-preview":"max-image-preview:large","max-video-preview":"max-video-preview:-1"},"canonical":"https:\/\/centrourbano.com\/revista\/vivienda\/tres-meses-lento-avance-reconstruccion-cdmx-ludlow\/","og_locale":"es_ES","og_type":"article","og_title":"A 3 meses,lento avance en reconstrucci\u00f3n CDMX: Ludlow -","og_description":"Las labores de reconstrucci\u00f3n en la Ciudad de M\u00e9xico presentan un avance lento, esto ante la falta de coordinaci\u00f3n e inconsistencia del trabajo por parte de las autoridades capitalinas, se\u00f1al\u00f3 Dunia Ludlow, presidenta de la Comisi\u00f3n de Vivienda de la Asamblea Legislativa del Distrito Federal (ALDF).","og_url":"https:\/\/centrourbano.com\/revista\/vivienda\/tres-meses-lento-avance-reconstruccion-cdmx-ludlow\/","og_site_name":"Centro Urbano","article_publisher":"https:\/\/www.facebook.com\/portalcentrourbano","article_published_time":"2017-12-19T23:25:17+00:00","article_modified_time":"2017-12-19T23:27:43+00:00","og_image":[{"width":800,"height":533,"url":"https:\/\/centrourbano.com\/revista\/wp-content\/uploads\/DuniaLudlow_Reconstrucci\u00f3n_Balance_TresMeses.jpeg","type":"image\/jpeg"}],"author":"Edgar Rosas","twitter_card":"summary_large_image","twitter_creator":"@https:\/\/twitter.com\/ERosasCU?s=09","twitter_site":"@CentroUrbano","twitter_misc":{"Escrito por":"Edgar Rosas","Tiempo de lectura":"2 minutos"},"schema":{"@context":"https:\/\/schema.org","@graph":[{"@type":"Article","@id":"https:\/\/centrourbano.com\/revista\/vivienda\/tres-meses-lento-avance-reconstruccion-cdmx-ludlow\/#article","isPartOf":{"@id":"https:\/\/centrourbano.com\/revista\/vivienda\/tres-meses-lento-avance-reconstruccion-cdmx-ludlow\/"},"author":{"name":"Edgar Rosas","@id":"https:\/\/centrourbano.com\/revista\/#\/schema\/person\/ff3c00651ce5b1630479d2cd0c2e3ac0"},"headline":"A 3 meses,lento avance en reconstrucci\u00f3n CDMX: Ludlow","datePublished":"2017-12-19T23:25:17+00:00","dateModified":"2017-12-19T23:27:43+00:00","mainEntityOfPage":{"@id":"https:\/\/centrourbano.com\/revista\/vivienda\/tres-meses-lento-avance-reconstruccion-cdmx-ludlow\/"},"wordCount":338,"commentCount":0,"publisher":{"@id":"https:\/\/centrourbano.com\/revista\/#organization"},"image":{"@id":"https:\/\/centrourbano.com\/revista\/vivienda\/tres-meses-lento-avance-reconstruccion-cdmx-ludlow\/#primaryimage"},"thumbnailUrl":"https:\/\/centrourbano.com\/revista\/wp-content\/uploads\/DuniaLudlow_Reconstrucci\u00f3n_Balance_TresMeses.jpeg","keywords":["balance","Comisi\u00f3n de Vivienda ALDF","Dunia Ludlow Deloya","reconstrucci\u00f3n","Sismo"],"articleSection":["Construcci\u00f3n","Vivienda"],"inLanguage":"es","potentialAction":[{"@type":"CommentAction","name":"Comment","target":["https:\/\/centrourbano.com\/revista\/vivienda\/tres-meses-lento-avance-reconstruccion-cdmx-ludlow\/#respond"]}]},{"@type":"WebPage","@id":"https:\/\/centrourbano.com\/revista\/vivienda\/tres-meses-lento-avance-reconstruccion-cdmx-ludlow\/","url":"https:\/\/centrourbano.com\/revista\/vivienda\/tres-meses-lento-avance-reconstruccion-cdmx-ludlow\/","name":"A 3 meses,lento avance en reconstrucci\u00f3n CDMX: Ludlow -","isPartOf":{"@id":"https:\/\/centrourbano.com\/revista\/#website"},"primaryImageOfPage":{"@id":"https:\/\/centrourbano.com\/revista\/vivienda\/tres-meses-lento-avance-reconstruccion-cdmx-ludlow\/#primaryimage"},"image":{"@id":"https:\/\/centrourbano.com\/revista\/vivienda\/tres-meses-lento-avance-reconstruccion-cdmx-ludlow\/#primaryimage"},"thumbnailUrl":"https:\/\/centrourbano.com\/revista\/wp-content\/uploads\/DuniaLudlow_Reconstrucci\u00f3n_Balance_TresMeses.jpeg","datePublished":"2017-12-19T23:25:17+00:00","dateModified":"2017-12-19T23:27:43+00:00","description":"Las labores de reconstrucci\u00f3n en la Ciudad de M\u00e9xico presentan un avance lento, esto ante la falta de coordinaci\u00f3n e inconsistencia del trabajo por parte de las autoridades capitalinas, se\u00f1al\u00f3 Dunia Ludlow, presidenta de la Comisi\u00f3n de Vivienda de la Asamblea Legislativa del Distrito Federal (ALDF).","breadcrumb":{"@id":"https:\/\/centrourbano.com\/revista\/vivienda\/tres-meses-lento-avance-reconstruccion-cdmx-ludlow\/#breadcrumb"},"inLanguage":"es","potentialAction":[{"@type":"ReadAction","target":["https:\/\/centrourbano.com\/revista\/vivienda\/tres-meses-lento-avance-reconstruccion-cdmx-ludlow\/"]}]},{"@type":"ImageObject","inLanguage":"es","@id":"https:\/\/centrourbano.com\/revista\/vivienda\/tres-meses-lento-avance-reconstruccion-cdmx-ludlow\/#primaryimage","url":"https:\/\/centrourbano.com\/revista\/wp-content\/uploads\/DuniaLudlow_Reconstrucci\u00f3n_Balance_TresMeses.jpeg","contentUrl":"https:\/\/centrourbano.com\/revista\/wp-content\/uploads\/DuniaLudlow_Reconstrucci\u00f3n_Balance_TresMeses.jpeg","width":800,"height":533,"caption":"La legisladora priista se\u00f1al\u00f3 que las autoridades se han visto rebasadas en cuanto a las labores para dictaminar situaci\u00f3n de edificios"},{"@type":"BreadcrumbList","@id":"https:\/\/centrourbano.com\/revista\/vivienda\/tres-meses-lento-avance-reconstruccion-cdmx-ludlow\/#breadcrumb","itemListElement":[{"@type":"ListItem","position":1,"name":"Portada","item":"https:\/\/centrourbano.com\/revista\/"},{"@type":"ListItem","position":2,"name":"A 3 meses,lento avance en reconstrucci\u00f3n CDMX: Ludlow"}]},{"@type":"WebSite","@id":"https:\/\/centrourbano.com\/revista\/#website","url":"https:\/\/centrourbano.com\/revista\/","name":"Centro Urbano","description":"Medio especializado en los sectores vivienda, inmobiliario, construcci\u00f3n, arquitectura y urbanismo.","publisher":{"@id":"https:\/\/centrourbano.com\/revista\/#organization"},"potentialAction":[{"@type":"SearchAction","target":{"@type":"EntryPoint","urlTemplate":"https:\/\/centrourbano.com\/revista\/?s={search_term_string}"},"query-input":{"@type":"PropertyValueSpecification","valueRequired":true,"valueName":"search_term_string"}}],"inLanguage":"es"},{"@type":"Organization","@id":"https:\/\/centrourbano.com\/revista\/#organization","name":"Centro Urbano","url":"https:\/\/centrourbano.com\/revista\/","logo":{"@type":"ImageObject","inLanguage":"es","@id":"https:\/\/centrourbano.com\/revista\/#\/schema\/logo\/image\/","url":"https:\/\/centrourbano.com\/revista\/wp-content\/uploads\/web_CU_logo-1.png","contentUrl":"https:\/\/centrourbano.com\/revista\/wp-content\/uploads\/web_CU_logo-1.png","width":350,"height":91,"caption":"Centro Urbano"},"image":{"@id":"https:\/\/centrourbano.com\/revista\/#\/schema\/logo\/image\/"},"sameAs":["https:\/\/www.facebook.com\/portalcentrourbano","https:\/\/x.com\/CentroUrbano","https:\/\/www.instagram.com\/centro_urbano\/","https:\/\/www.linkedin.com\/company\/centro-urbano\/","http:\/\/www.youtube.com\/user\/portalcentrourbano"]},{"@type":"Person","@id":"https:\/\/centrourbano.com\/revista\/#\/schema\/person\/ff3c00651ce5b1630479d2cd0c2e3ac0","name":"Edgar Rosas","image":{"@type":"ImageObject","inLanguage":"es","@id":"https:\/\/secure.gravatar.com\/avatar\/94440c4283495211faa5300bf85e80061036b83fced868c3783aa1310b350d9c?s=96&d=mm&r=g","url":"https:\/\/secure.gravatar.com\/avatar\/94440c4283495211faa5300bf85e80061036b83fced868c3783aa1310b350d9c?s=96&d=mm&r=g","contentUrl":"https:\/\/secure.gravatar.com\/avatar\/94440c4283495211faa5300bf85e80061036b83fced868c3783aa1310b350d9c?s=96&d=mm&r=g","caption":"Edgar Rosas"},"description":"Editor en Jefe de Centro Urbano. Egresado de la maestr\u00eda en Periodismo Pol\u00edtico de la Escuela de Periodismo Carlos Septi\u00e9n Garc\u00eda (EPCSG). Estudi\u00f3 la licenciatura en Comunicaci\u00f3n en la Universidad Mexicana. Amante de la cr\u00f3nica y el reportaje. Admirador de Vicente Le\u00f1ero y Miguel \u00c1ngel Granados Chapa.","sameAs":["https:\/\/x.com\/https:\/\/twitter.com\/ERosasCU?s=09"],"url":"https:\/\/centrourbano.com\/revista\/author\/edgar-rosas\/"}]}},"_links":{"self":[{"href":"https:\/\/centrourbano.com\/revista\/wp-json\/wp\/v2\/posts\/64441","targetHints":{"allow":["GET"]}}],"collection":[{"href":"https:\/\/centrourbano.com\/revista\/wp-json\/wp\/v2\/posts"}],"about":[{"href":"https:\/\/centrourbano.com\/revista\/wp-json\/wp\/v2\/types\/post"}],"author":[{"embeddable":true,"href":"https:\/\/centrourbano.com\/revista\/wp-json\/wp\/v2\/users\/47"}],"replies":[{"embeddable":true,"href":"https:\/\/centrourbano.com\/revista\/wp-json\/wp\/v2\/comments?post=64441"}],"version-history":[{"count":3,"href":"https:\/\/centrourbano.com\/revista\/wp-json\/wp\/v2\/posts\/64441\/revisions"}],"predecessor-version":[{"id":64447,"href":"https:\/\/centrourbano.com\/revista\/wp-json\/wp\/v2\/posts\/64441\/revisions\/64447"}],"wp:featuredmedia":[{"embeddable":true,"href":"https:\/\/centrourbano.com\/revista\/wp-json\/wp\/v2\/media\/64443"}],"wp:attachment":[{"href":"https:\/\/centrourbano.com\/revista\/wp-json\/wp\/v2\/media?parent=64441"}],"wp:term":[{"taxonomy":"category","embeddable":true,"href":"https:\/\/centrourbano.com\/revista\/wp-json\/wp\/v2\/categories?post=64441"},{"taxonomy":"post_tag","embeddable":true,"href":"https:\/\/centrourbano.com\/revista\/wp-json\/wp\/v2\/tags?post=64441"}],"curies":[{"name":"wp","href":"https:\/\/api.w.org\/{rel}","templated":true}]}}