{"id":6432,"date":"2014-04-29T09:35:34","date_gmt":"2014-04-29T14:35:34","guid":{"rendered":"http:\/\/centrourbano.com\/?p=6432"},"modified":"2014-04-29T09:35:34","modified_gmt":"2014-04-29T14:35:34","slug":"aumentan-inmuebles-con-certificacion-leed","status":"publish","type":"post","link":"https:\/\/centrourbano.com\/revista\/arquitectura-2\/aumentan-inmuebles-con-certificacion-leed\/","title":{"rendered":"Aumentan inmuebles con certificaci\u00f3n LEED"},"content":{"rendered":"<p>Son necesarios incentivos fiscales para construir con certificaciones sustentables: Alejandro Alfaro<b><\/b><!--more--><\/p>\n<p>Para que M\u00e9xico tenga m\u00e1s edificios de certificaci\u00f3n LEED (Leadership in Energy &amp; Environmental Design) son necesarios m\u00e1s incentivos fiscales que permitan al desarrollador construir edificios o centros comerciales de este tipo, en comparaci\u00f3n con otros pa\u00edses, s\u00ed existe el incentivo en permisos de construcci\u00f3n, reducci\u00f3n en costos de agua o electricidad que posibiliten a la empresa absorber gastos iniciales que implican un proceso de certificaci\u00f3n, advierte Alejando Alfaro, director de Proyectos M\u00e9xico de la empresa PGAL.<\/p>\n<p>Hace 7 u 8 a\u00f1os cuando comenz\u00f3 el proceso de certificaci\u00f3n en M\u00e9xico s\u00f3lo exist\u00eda un edificio certificado, Centro Internacional de Negocios en Chihuahua, le sigui\u00f3 un banco ubicado en Paseo de la Reforma y exist\u00edan tres m\u00e1s en proceso de certificaci\u00f3n.<\/p>\n<p>De acuerdo con Alejando Alfaro, en la actualidad hay cerca de 70 edificios certificados y m\u00e1s de 450 en proceso en M\u00e9xico, considera que el mercado ha cambiado y la gente ha visto los beneficios que genera un proceso como \u00e9ste, no solo en los negocios sino en el impacto ambiental de la zona.<\/p>\n<p>\u201cLa certificaci\u00f3n no necesariamente es un costo adicional, nosotros hemos certificado edificios al precio de uno convencional porque nada m\u00e1s es un proceso al que se le da seguimiento. Existe desafortunadamente la idea de que LEED es caro, pero solo se debe saber desarrollar una serie de puntos y el \u00e9xito est\u00e1 en que sea un proceso de desarrollo integral desde el d\u00eda uno\u201d, complement\u00f3.<\/p>\n<p>De manera general explic\u00f3 que LEED es un proceso de certificaci\u00f3n en el cual se hace una calificaci\u00f3n con base a unos puntos que involucran la sustentabilidad del terreno, ahorro de agua, energ\u00eda y el tipo de materiales con el que se est\u00e1 desarrollando.<\/p>\n<p>LEED se divide en dise\u00f1o, construcci\u00f3n y mantenimiento; donde se considera desde la planeaci\u00f3n, dise\u00f1o, arquitectura y las ingenier\u00edas, \u201cah\u00ed est\u00e1 m\u00e1s o menos el 45 o 50 por ciento de la planeaci\u00f3n de un proyecto LEED, el restante est\u00e1 en la obra: c\u00f3mo ingresan los camiones, c\u00f3mo se mantiene limpia la calle, la banqueta, la guarnici\u00f3n y evitar la sedimentaci\u00f3n, erosi\u00f3n y contaminaci\u00f3n\u201d, explic\u00f3 el especialista Alfaro.<\/p>\n<p>Respecto a la puntuaci\u00f3n de un proyecto LEED, refiere que el 25 por ciento est\u00e1 en el dise\u00f1o, que sumado a una buena planeaci\u00f3n pr\u00e1cticamente se tiene la certificaci\u00f3n segura, es importante la orientaci\u00f3n de acuerdo a la zona geogr\u00e1fica donde se ubique el edificio.<\/p>\n<p>El despacho de PGAL colabora en el proyecto de Miyana donde resalta la ubicaci\u00f3n, l\u00edneas de transporte, ecobici en un espacio donde la persona pueda vivir y entretenerse sin usar el veh\u00edculo y destaca que \u201ccon las \u00e1reas verdes rompemos la isla de calor y creamos espejos de agua, \u00e1rboles donde se hace un ambiente propicio para generar la interacci\u00f3n humana al exterior\u201d, concluy\u00f3 el especialista.<\/p>\n","protected":false},"excerpt":{"rendered":"<p>Son necesarios incentivos fiscales para construir con certificaciones sustentables: Alejandro Alfaro<\/p>\n","protected":false},"author":12,"featured_media":0,"comment_status":"open","ping_status":"closed","sticky":false,"template":"","format":"standard","meta":{"om_disable_all_campaigns":false,"inline_featured_image":false,"_monsterinsights_skip_tracking":false,"_monsterinsights_sitenote_active":false,"_monsterinsights_sitenote_note":"","_monsterinsights_sitenote_category":0,"footnotes":""},"categories":[81],"tags":[1349,1471,1472],"class_list":["post-6432","post","type-post","status-publish","format-standard","hentry","category-arquitectura-2","tag-alejandro-alfaro","tag-edificios-leed","tag-pgal"],"yoast_head":"<!-- This site is optimized with the Yoast SEO plugin v27.4 - https:\/\/yoast.com\/product\/yoast-seo-wordpress\/ -->\n<title>Aumentan inmuebles con certificaci\u00f3n LEED -<\/title>\n<meta name=\"description\" content=\"Son necesarios incentivos fiscales para construir con certificaciones sustentables: Alejandro Alfaro Para que M\u00e9xico tenga m\u00e1s edificios de certificaci\u00f3n\" \/>\n<meta name=\"robots\" content=\"index, follow, max-snippet:-1, max-image-preview:large, max-video-preview:-1\" \/>\n<link rel=\"canonical\" href=\"https:\/\/centrourbano.com\/revista\/arquitectura-2\/aumentan-inmuebles-con-certificacion-leed\/\" \/>\n<meta property=\"og:locale\" content=\"es_ES\" \/>\n<meta property=\"og:type\" content=\"article\" \/>\n<meta property=\"og:title\" content=\"Aumentan inmuebles con certificaci\u00f3n LEED -\" \/>\n<meta property=\"og:description\" content=\"Son necesarios incentivos fiscales para construir con certificaciones sustentables: Alejandro Alfaro Para que M\u00e9xico tenga m\u00e1s edificios de certificaci\u00f3n\" \/>\n<meta property=\"og:url\" content=\"https:\/\/centrourbano.com\/revista\/arquitectura-2\/aumentan-inmuebles-con-certificacion-leed\/\" \/>\n<meta property=\"og:site_name\" content=\"Centro Urbano\" \/>\n<meta property=\"article:publisher\" content=\"https:\/\/www.facebook.com\/portalcentrourbano\" \/>\n<meta property=\"article:published_time\" content=\"2014-04-29T14:35:34+00:00\" \/>\n<meta property=\"og:image\" content=\"https:\/\/centrourbano.com\/revista\/wp-content\/uploads\/CU-logo.png\" \/>\n\t<meta property=\"og:image:width\" content=\"350\" \/>\n\t<meta property=\"og:image:height\" content=\"91\" \/>\n\t<meta property=\"og:image:type\" content=\"image\/png\" \/>\n<meta name=\"author\" content=\"Catalina Mart\u00ednez\" \/>\n<meta name=\"twitter:card\" content=\"summary_large_image\" \/>\n<meta name=\"twitter:creator\" content=\"@CentroUrbano\" \/>\n<meta name=\"twitter:site\" content=\"@CentroUrbano\" \/>\n<meta name=\"twitter:label1\" content=\"Escrito por\" \/>\n\t<meta name=\"twitter:data1\" content=\"Catalina Mart\u00ednez\" \/>\n\t<meta name=\"twitter:label2\" content=\"Tiempo de lectura\" \/>\n\t<meta name=\"twitter:data2\" content=\"3 minutos\" \/>\n<script type=\"application\/ld+json\" class=\"yoast-schema-graph\">{\"@context\":\"https:\\\/\\\/schema.org\",\"@graph\":[{\"@type\":\"Article\",\"@id\":\"https:\\\/\\\/centrourbano.com\\\/revista\\\/arquitectura-2\\\/aumentan-inmuebles-con-certificacion-leed\\\/#article\",\"isPartOf\":{\"@id\":\"https:\\\/\\\/centrourbano.com\\\/revista\\\/arquitectura-2\\\/aumentan-inmuebles-con-certificacion-leed\\\/\"},\"author\":{\"name\":\"Catalina Mart\u00ednez\",\"@id\":\"https:\\\/\\\/centrourbano.com\\\/revista\\\/#\\\/schema\\\/person\\\/d8c4809c47856b5069984dd69234ce97\"},\"headline\":\"Aumentan inmuebles con certificaci\u00f3n LEED\",\"datePublished\":\"2014-04-29T14:35:34+00:00\",\"mainEntityOfPage\":{\"@id\":\"https:\\\/\\\/centrourbano.com\\\/revista\\\/arquitectura-2\\\/aumentan-inmuebles-con-certificacion-leed\\\/\"},\"wordCount\":521,\"commentCount\":0,\"publisher\":{\"@id\":\"https:\\\/\\\/centrourbano.com\\\/revista\\\/#organization\"},\"keywords\":[\"Alejandro Alfaro\",\"Edificios LEED\",\"PGAL\"],\"articleSection\":[\"Arquitectura\"],\"inLanguage\":\"es\",\"potentialAction\":[{\"@type\":\"CommentAction\",\"name\":\"Comment\",\"target\":[\"https:\\\/\\\/centrourbano.com\\\/revista\\\/arquitectura-2\\\/aumentan-inmuebles-con-certificacion-leed\\\/#respond\"]}]},{\"@type\":\"WebPage\",\"@id\":\"https:\\\/\\\/centrourbano.com\\\/revista\\\/arquitectura-2\\\/aumentan-inmuebles-con-certificacion-leed\\\/\",\"url\":\"https:\\\/\\\/centrourbano.com\\\/revista\\\/arquitectura-2\\\/aumentan-inmuebles-con-certificacion-leed\\\/\",\"name\":\"Aumentan inmuebles con certificaci\u00f3n LEED -\",\"isPartOf\":{\"@id\":\"https:\\\/\\\/centrourbano.com\\\/revista\\\/#website\"},\"datePublished\":\"2014-04-29T14:35:34+00:00\",\"description\":\"Son necesarios incentivos fiscales para construir con certificaciones sustentables: Alejandro Alfaro Para que M\u00e9xico tenga m\u00e1s edificios de certificaci\u00f3n\",\"breadcrumb\":{\"@id\":\"https:\\\/\\\/centrourbano.com\\\/revista\\\/arquitectura-2\\\/aumentan-inmuebles-con-certificacion-leed\\\/#breadcrumb\"},\"inLanguage\":\"es\",\"potentialAction\":[{\"@type\":\"ReadAction\",\"target\":[\"https:\\\/\\\/centrourbano.com\\\/revista\\\/arquitectura-2\\\/aumentan-inmuebles-con-certificacion-leed\\\/\"]}]},{\"@type\":\"BreadcrumbList\",\"@id\":\"https:\\\/\\\/centrourbano.com\\\/revista\\\/arquitectura-2\\\/aumentan-inmuebles-con-certificacion-leed\\\/#breadcrumb\",\"itemListElement\":[{\"@type\":\"ListItem\",\"position\":1,\"name\":\"Portada\",\"item\":\"https:\\\/\\\/centrourbano.com\\\/revista\\\/\"},{\"@type\":\"ListItem\",\"position\":2,\"name\":\"Aumentan inmuebles con certificaci\u00f3n LEED\"}]},{\"@type\":\"WebSite\",\"@id\":\"https:\\\/\\\/centrourbano.com\\\/revista\\\/#website\",\"url\":\"https:\\\/\\\/centrourbano.com\\\/revista\\\/\",\"name\":\"Centro Urbano\",\"description\":\"Medio especializado en los sectores vivienda, inmobiliario, construcci\u00f3n, arquitectura y urbanismo.\",\"publisher\":{\"@id\":\"https:\\\/\\\/centrourbano.com\\\/revista\\\/#organization\"},\"potentialAction\":[{\"@type\":\"SearchAction\",\"target\":{\"@type\":\"EntryPoint\",\"urlTemplate\":\"https:\\\/\\\/centrourbano.com\\\/revista\\\/?s={search_term_string}\"},\"query-input\":{\"@type\":\"PropertyValueSpecification\",\"valueRequired\":true,\"valueName\":\"search_term_string\"}}],\"inLanguage\":\"es\"},{\"@type\":\"Organization\",\"@id\":\"https:\\\/\\\/centrourbano.com\\\/revista\\\/#organization\",\"name\":\"Centro Urbano\",\"url\":\"https:\\\/\\\/centrourbano.com\\\/revista\\\/\",\"logo\":{\"@type\":\"ImageObject\",\"inLanguage\":\"es\",\"@id\":\"https:\\\/\\\/centrourbano.com\\\/revista\\\/#\\\/schema\\\/logo\\\/image\\\/\",\"url\":\"https:\\\/\\\/centrourbano.com\\\/revista\\\/wp-content\\\/uploads\\\/web_CU_logo-1.png\",\"contentUrl\":\"https:\\\/\\\/centrourbano.com\\\/revista\\\/wp-content\\\/uploads\\\/web_CU_logo-1.png\",\"width\":350,\"height\":91,\"caption\":\"Centro Urbano\"},\"image\":{\"@id\":\"https:\\\/\\\/centrourbano.com\\\/revista\\\/#\\\/schema\\\/logo\\\/image\\\/\"},\"sameAs\":[\"https:\\\/\\\/www.facebook.com\\\/portalcentrourbano\",\"https:\\\/\\\/x.com\\\/CentroUrbano\",\"https:\\\/\\\/www.instagram.com\\\/centro_urbano\\\/\",\"https:\\\/\\\/www.linkedin.com\\\/company\\\/centro-urbano\\\/\",\"http:\\\/\\\/www.youtube.com\\\/user\\\/portalcentrourbano\"]},{\"@type\":\"Person\",\"@id\":\"https:\\\/\\\/centrourbano.com\\\/revista\\\/#\\\/schema\\\/person\\\/d8c4809c47856b5069984dd69234ce97\",\"name\":\"Catalina Mart\u00ednez\",\"image\":{\"@type\":\"ImageObject\",\"inLanguage\":\"es\",\"@id\":\"https:\\\/\\\/secure.gravatar.com\\\/avatar\\\/70f80737674b194772cc0988b688478e3538df4ef1296d51988a5033d0fbd521?s=96&d=mm&r=g\",\"url\":\"https:\\\/\\\/secure.gravatar.com\\\/avatar\\\/70f80737674b194772cc0988b688478e3538df4ef1296d51988a5033d0fbd521?s=96&d=mm&r=g\",\"contentUrl\":\"https:\\\/\\\/secure.gravatar.com\\\/avatar\\\/70f80737674b194772cc0988b688478e3538df4ef1296d51988a5033d0fbd521?s=96&d=mm&r=g\",\"caption\":\"Catalina Mart\u00ednez\"},\"description\":\"Periodista por decisi\u00f3n y necesidad, egresada de la Facultad de Ciencias Pol\u00edticas y Sociales (UNAM) comenz\u00f3 su experiencia laboral en el Diario Deportivo R\u00e9cord (\u00e1rea de Suplementos especiales y Revista especializada en futbol para Estados Unidos y M\u00e9xico, 90 minutos), adem\u00e1s particip\u00f3 en un proyecto editorial de la fuente tur\u00edstica. Reportera, co editora, jefa de informaci\u00f3n... apasionada de las letras, noticias, futbol, el reggae, las entrevistas y con hambre de informaci\u00f3n desde el nacimiento. Ahora se especializa en los Fibras, inmobiliario y Centro Urbano.\",\"url\":\"https:\\\/\\\/centrourbano.com\\\/revista\\\/author\\\/cata-martinez\\\/\"}]}<\/script>\n<!-- \/ Yoast SEO plugin. -->","yoast_head_json":{"title":"Aumentan inmuebles con certificaci\u00f3n LEED -","description":"Son necesarios incentivos fiscales para construir con certificaciones sustentables: Alejandro Alfaro Para que M\u00e9xico tenga m\u00e1s edificios de certificaci\u00f3n","robots":{"index":"index","follow":"follow","max-snippet":"max-snippet:-1","max-image-preview":"max-image-preview:large","max-video-preview":"max-video-preview:-1"},"canonical":"https:\/\/centrourbano.com\/revista\/arquitectura-2\/aumentan-inmuebles-con-certificacion-leed\/","og_locale":"es_ES","og_type":"article","og_title":"Aumentan inmuebles con certificaci\u00f3n LEED -","og_description":"Son necesarios incentivos fiscales para construir con certificaciones sustentables: Alejandro Alfaro Para que M\u00e9xico tenga m\u00e1s edificios de certificaci\u00f3n","og_url":"https:\/\/centrourbano.com\/revista\/arquitectura-2\/aumentan-inmuebles-con-certificacion-leed\/","og_site_name":"Centro Urbano","article_publisher":"https:\/\/www.facebook.com\/portalcentrourbano","article_published_time":"2014-04-29T14:35:34+00:00","og_image":[{"width":350,"height":91,"url":"https:\/\/centrourbano.com\/revista\/wp-content\/uploads\/CU-logo.png","type":"image\/png"}],"author":"Catalina Mart\u00ednez","twitter_card":"summary_large_image","twitter_creator":"@CentroUrbano","twitter_site":"@CentroUrbano","twitter_misc":{"Escrito por":"Catalina Mart\u00ednez","Tiempo de lectura":"3 minutos"},"schema":{"@context":"https:\/\/schema.org","@graph":[{"@type":"Article","@id":"https:\/\/centrourbano.com\/revista\/arquitectura-2\/aumentan-inmuebles-con-certificacion-leed\/#article","isPartOf":{"@id":"https:\/\/centrourbano.com\/revista\/arquitectura-2\/aumentan-inmuebles-con-certificacion-leed\/"},"author":{"name":"Catalina Mart\u00ednez","@id":"https:\/\/centrourbano.com\/revista\/#\/schema\/person\/d8c4809c47856b5069984dd69234ce97"},"headline":"Aumentan inmuebles con certificaci\u00f3n LEED","datePublished":"2014-04-29T14:35:34+00:00","mainEntityOfPage":{"@id":"https:\/\/centrourbano.com\/revista\/arquitectura-2\/aumentan-inmuebles-con-certificacion-leed\/"},"wordCount":521,"commentCount":0,"publisher":{"@id":"https:\/\/centrourbano.com\/revista\/#organization"},"keywords":["Alejandro Alfaro","Edificios LEED","PGAL"],"articleSection":["Arquitectura"],"inLanguage":"es","potentialAction":[{"@type":"CommentAction","name":"Comment","target":["https:\/\/centrourbano.com\/revista\/arquitectura-2\/aumentan-inmuebles-con-certificacion-leed\/#respond"]}]},{"@type":"WebPage","@id":"https:\/\/centrourbano.com\/revista\/arquitectura-2\/aumentan-inmuebles-con-certificacion-leed\/","url":"https:\/\/centrourbano.com\/revista\/arquitectura-2\/aumentan-inmuebles-con-certificacion-leed\/","name":"Aumentan inmuebles con certificaci\u00f3n LEED -","isPartOf":{"@id":"https:\/\/centrourbano.com\/revista\/#website"},"datePublished":"2014-04-29T14:35:34+00:00","description":"Son necesarios incentivos fiscales para construir con certificaciones sustentables: Alejandro Alfaro Para que M\u00e9xico tenga m\u00e1s edificios de certificaci\u00f3n","breadcrumb":{"@id":"https:\/\/centrourbano.com\/revista\/arquitectura-2\/aumentan-inmuebles-con-certificacion-leed\/#breadcrumb"},"inLanguage":"es","potentialAction":[{"@type":"ReadAction","target":["https:\/\/centrourbano.com\/revista\/arquitectura-2\/aumentan-inmuebles-con-certificacion-leed\/"]}]},{"@type":"BreadcrumbList","@id":"https:\/\/centrourbano.com\/revista\/arquitectura-2\/aumentan-inmuebles-con-certificacion-leed\/#breadcrumb","itemListElement":[{"@type":"ListItem","position":1,"name":"Portada","item":"https:\/\/centrourbano.com\/revista\/"},{"@type":"ListItem","position":2,"name":"Aumentan inmuebles con certificaci\u00f3n LEED"}]},{"@type":"WebSite","@id":"https:\/\/centrourbano.com\/revista\/#website","url":"https:\/\/centrourbano.com\/revista\/","name":"Centro Urbano","description":"Medio especializado en los sectores vivienda, inmobiliario, construcci\u00f3n, arquitectura y urbanismo.","publisher":{"@id":"https:\/\/centrourbano.com\/revista\/#organization"},"potentialAction":[{"@type":"SearchAction","target":{"@type":"EntryPoint","urlTemplate":"https:\/\/centrourbano.com\/revista\/?s={search_term_string}"},"query-input":{"@type":"PropertyValueSpecification","valueRequired":true,"valueName":"search_term_string"}}],"inLanguage":"es"},{"@type":"Organization","@id":"https:\/\/centrourbano.com\/revista\/#organization","name":"Centro Urbano","url":"https:\/\/centrourbano.com\/revista\/","logo":{"@type":"ImageObject","inLanguage":"es","@id":"https:\/\/centrourbano.com\/revista\/#\/schema\/logo\/image\/","url":"https:\/\/centrourbano.com\/revista\/wp-content\/uploads\/web_CU_logo-1.png","contentUrl":"https:\/\/centrourbano.com\/revista\/wp-content\/uploads\/web_CU_logo-1.png","width":350,"height":91,"caption":"Centro Urbano"},"image":{"@id":"https:\/\/centrourbano.com\/revista\/#\/schema\/logo\/image\/"},"sameAs":["https:\/\/www.facebook.com\/portalcentrourbano","https:\/\/x.com\/CentroUrbano","https:\/\/www.instagram.com\/centro_urbano\/","https:\/\/www.linkedin.com\/company\/centro-urbano\/","http:\/\/www.youtube.com\/user\/portalcentrourbano"]},{"@type":"Person","@id":"https:\/\/centrourbano.com\/revista\/#\/schema\/person\/d8c4809c47856b5069984dd69234ce97","name":"Catalina Mart\u00ednez","image":{"@type":"ImageObject","inLanguage":"es","@id":"https:\/\/secure.gravatar.com\/avatar\/70f80737674b194772cc0988b688478e3538df4ef1296d51988a5033d0fbd521?s=96&d=mm&r=g","url":"https:\/\/secure.gravatar.com\/avatar\/70f80737674b194772cc0988b688478e3538df4ef1296d51988a5033d0fbd521?s=96&d=mm&r=g","contentUrl":"https:\/\/secure.gravatar.com\/avatar\/70f80737674b194772cc0988b688478e3538df4ef1296d51988a5033d0fbd521?s=96&d=mm&r=g","caption":"Catalina Mart\u00ednez"},"description":"Periodista por decisi\u00f3n y necesidad, egresada de la Facultad de Ciencias Pol\u00edticas y Sociales (UNAM) comenz\u00f3 su experiencia laboral en el Diario Deportivo R\u00e9cord (\u00e1rea de Suplementos especiales y Revista especializada en futbol para Estados Unidos y M\u00e9xico, 90 minutos), adem\u00e1s particip\u00f3 en un proyecto editorial de la fuente tur\u00edstica. Reportera, co editora, jefa de informaci\u00f3n... apasionada de las letras, noticias, futbol, el reggae, las entrevistas y con hambre de informaci\u00f3n desde el nacimiento. Ahora se especializa en los Fibras, inmobiliario y Centro Urbano.","url":"https:\/\/centrourbano.com\/revista\/author\/cata-martinez\/"}]}},"_links":{"self":[{"href":"https:\/\/centrourbano.com\/revista\/wp-json\/wp\/v2\/posts\/6432","targetHints":{"allow":["GET"]}}],"collection":[{"href":"https:\/\/centrourbano.com\/revista\/wp-json\/wp\/v2\/posts"}],"about":[{"href":"https:\/\/centrourbano.com\/revista\/wp-json\/wp\/v2\/types\/post"}],"author":[{"embeddable":true,"href":"https:\/\/centrourbano.com\/revista\/wp-json\/wp\/v2\/users\/12"}],"replies":[{"embeddable":true,"href":"https:\/\/centrourbano.com\/revista\/wp-json\/wp\/v2\/comments?post=6432"}],"version-history":[{"count":0,"href":"https:\/\/centrourbano.com\/revista\/wp-json\/wp\/v2\/posts\/6432\/revisions"}],"wp:attachment":[{"href":"https:\/\/centrourbano.com\/revista\/wp-json\/wp\/v2\/media?parent=6432"}],"wp:term":[{"taxonomy":"category","embeddable":true,"href":"https:\/\/centrourbano.com\/revista\/wp-json\/wp\/v2\/categories?post=6432"},{"taxonomy":"post_tag","embeddable":true,"href":"https:\/\/centrourbano.com\/revista\/wp-json\/wp\/v2\/tags?post=6432"}],"curies":[{"name":"wp","href":"https:\/\/api.w.org\/{rel}","templated":true}]}}