{"id":64193,"date":"2017-12-14T07:15:41","date_gmt":"2017-12-14T13:15:41","guid":{"rendered":"https:\/\/centrourbano.com\/?p=64193"},"modified":"2017-12-14T09:21:31","modified_gmt":"2017-12-14T15:21:31","slug":"echale-casa-impulsara-reconstruccion-morelos","status":"publish","type":"post","link":"https:\/\/centrourbano.com\/revista\/vivienda\/echale-casa-impulsara-reconstruccion-morelos\/","title":{"rendered":"Apoyar\u00e1 &#8216;\u00c9chale a Tu Casa&#8217; reconstrucci\u00f3n de Morelos"},"content":{"rendered":"<p><em>La firma apoyar\u00e1 a familias damnificadas por el sismo con soluciones habitacionales <\/em><!--more--><\/p>\n<p>Unidos por Morelos y \u00c9chale a tu Casa firmaron un convenio de colaboraci\u00f3n, con el cual ambos organismos se comprometen a apoyar la reconstrucci\u00f3n de vivienda en la entidad, a trav\u00e9s de potenciar los recursos otorgados por la federaci\u00f3n y el gobierno para este fin. <\/p>\n<p>La firma del documento estuvo a cargo de Sergio Beltr\u00e1n Toto, coordinador t\u00e9cnico de Unidos Por Morelos, as\u00ed como y Francesco Piazzesi, presidente de \u00c9chale a Tu Casa. <\/p>\n<p>Con esta acci\u00f3n, se apoyar\u00e1n a familias de los municipios de Tepoztl\u00e1n, Tlayacapan, Tetela del Volc\u00e1n, Yecapixtla, Tlalnepantla y Totolapan, que resultaron afectadas por el sismo. <\/p>\n<p>\u201cSe decidi\u00f3 que \u00c9chale a Tu Casa ayudar\u00e1 en los cinco municipios de los Altos de Morelos porque es una desarrolladora de vivienda ecol\u00f3gica y adem\u00e1s planea y dise\u00f1a las casas considerando los usos, costumbres, cultura y formas de vida de cada comunidad\u201d, dijo Beltr\u00e1n Toro. <\/p>\n","protected":false},"excerpt":{"rendered":"<p>La firma apoyar\u00e1 a familias damnificadas por el sismo con soluciones habitacionales<\/p>\n","protected":false},"author":77,"featured_media":64194,"comment_status":"open","ping_status":"closed","sticky":false,"template":"","format":"standard","meta":{"inline_featured_image":false,"footnotes":""},"categories":[12],"tags":[6752,6795,295,2387,12218,60],"class_list":["post-64193","post","type-post","status-publish","format-standard","has-post-thumbnail","hentry","category-vivienda","tag-echale-a-tu-casa","tag-francesco-piazzesi","tag-morelos","tag-reconstruccion","tag-unidos-por-morelos","tag-vivienda-2"],"yoast_head":"<!-- This site is optimized with the Yoast SEO plugin v28.4 - https:\/\/yoast.com\/product\/yoast-seo-wordpress\/ -->\n<title>Apoyar\u00e1 &#039;\u00c9chale a Tu Casa&#039; reconstrucci\u00f3n de Morelos -<\/title>\n<meta name=\"description\" content=\"Unidos por Morelos y \u00c9chale a tu Casa firmaron un convenio de colaboraci\u00f3n, con el cual ambos organismos se comprometen a apoyar la reconstrucci\u00f3n de vivienda en la entidad, a trav\u00e9s de potenciar los recursos otorgados por la federaci\u00f3n y el gobierno para este fin.\" \/>\n<meta name=\"robots\" content=\"index, follow, max-snippet:-1, max-image-preview:large, max-video-preview:-1\" \/>\n<link rel=\"canonical\" href=\"https:\/\/centrourbano.com\/revista\/vivienda\/echale-casa-impulsara-reconstruccion-morelos\/\" \/>\n<meta property=\"og:locale\" content=\"es_ES\" \/>\n<meta property=\"og:type\" content=\"article\" \/>\n<meta property=\"og:title\" content=\"Apoyar\u00e1 &#039;\u00c9chale a Tu Casa&#039; reconstrucci\u00f3n de Morelos -\" \/>\n<meta property=\"og:description\" content=\"Unidos por Morelos y \u00c9chale a tu Casa firmaron un convenio de colaboraci\u00f3n, con el cual ambos organismos se comprometen a apoyar la reconstrucci\u00f3n de vivienda en la entidad, a trav\u00e9s de potenciar los recursos otorgados por la federaci\u00f3n y el gobierno para este fin.\" \/>\n<meta property=\"og:url\" content=\"https:\/\/centrourbano.com\/revista\/vivienda\/echale-casa-impulsara-reconstruccion-morelos\/\" \/>\n<meta property=\"og:site_name\" content=\"Centro Urbano\" \/>\n<meta property=\"article:publisher\" content=\"https:\/\/www.facebook.com\/portalcentrourbano\" \/>\n<meta property=\"article:published_time\" content=\"2017-12-14T13:15:41+00:00\" \/>\n<meta property=\"article:modified_time\" content=\"2017-12-14T15:21:31+00:00\" \/>\n<meta property=\"og:image\" content=\"https:\/\/centrourbano.com\/revista\/wp-content\/uploads\/\u00c9chaleATuCasa_Reconstrucci\u00f3n_Morelos.jpeg\" \/>\n\t<meta property=\"og:image:width\" content=\"800\" \/>\n\t<meta property=\"og:image:height\" content=\"533\" \/>\n\t<meta property=\"og:image:type\" content=\"image\/jpeg\" \/>\n<meta name=\"author\" content=\"G4A\" \/>\n<meta name=\"twitter:card\" content=\"summary_large_image\" \/>\n<meta name=\"twitter:creator\" content=\"@CentroUrbano\" \/>\n<meta name=\"twitter:site\" content=\"@CentroUrbano\" \/>\n<meta name=\"twitter:label1\" content=\"Escrito por\" \/>\n\t<meta name=\"twitter:data1\" content=\"G4A\" \/>\n\t<meta name=\"twitter:label2\" content=\"Tiempo de lectura\" \/>\n\t<meta name=\"twitter:data2\" content=\"1 minuto\" \/>\n<script type=\"application\/ld+json\" class=\"yoast-schema-graph\">{\"@context\":\"https:\\\/\\\/schema.org\",\"@graph\":[{\"@type\":\"Article\",\"@id\":\"https:\\\/\\\/centrourbano.com\\\/revista\\\/vivienda\\\/echale-casa-impulsara-reconstruccion-morelos\\\/#article\",\"isPartOf\":{\"@id\":\"https:\\\/\\\/centrourbano.com\\\/revista\\\/vivienda\\\/echale-casa-impulsara-reconstruccion-morelos\\\/\"},\"author\":{\"name\":\"G4A\",\"@id\":\"https:\\\/\\\/centrourbano.com\\\/revista\\\/#\\\/schema\\\/person\\\/370fa0ba2d8dd5bde3fdb8b62ad360aa\"},\"headline\":\"Apoyar\u00e1 &#8216;\u00c9chale a Tu Casa&#8217; reconstrucci\u00f3n de Morelos\",\"datePublished\":\"2017-12-14T13:15:41+00:00\",\"dateModified\":\"2017-12-14T15:21:31+00:00\",\"mainEntityOfPage\":{\"@id\":\"https:\\\/\\\/centrourbano.com\\\/revista\\\/vivienda\\\/echale-casa-impulsara-reconstruccion-morelos\\\/\"},\"wordCount\":180,\"commentCount\":0,\"publisher\":{\"@id\":\"https:\\\/\\\/centrourbano.com\\\/revista\\\/#organization\"},\"image\":{\"@id\":\"https:\\\/\\\/centrourbano.com\\\/revista\\\/vivienda\\\/echale-casa-impulsara-reconstruccion-morelos\\\/#primaryimage\"},\"thumbnailUrl\":\"https:\\\/\\\/centrourbano.com\\\/revista\\\/wp-content\\\/uploads\\\/\u00c9chaleATuCasa_Reconstrucci\u00f3n_Morelos.jpeg\",\"keywords\":[\"Echale a Tu casa\",\"Francesco Piazzesi\",\"Morelos\",\"reconstrucci\u00f3n\",\"Unidos Por Morelos\",\"vivienda\"],\"articleSection\":[\"Vivienda\"],\"inLanguage\":\"es\"},{\"@type\":\"WebPage\",\"@id\":\"https:\\\/\\\/centrourbano.com\\\/revista\\\/vivienda\\\/echale-casa-impulsara-reconstruccion-morelos\\\/\",\"url\":\"https:\\\/\\\/centrourbano.com\\\/revista\\\/vivienda\\\/echale-casa-impulsara-reconstruccion-morelos\\\/\",\"name\":\"Apoyar\u00e1 '\u00c9chale a Tu Casa' reconstrucci\u00f3n de Morelos -\",\"isPartOf\":{\"@id\":\"https:\\\/\\\/centrourbano.com\\\/revista\\\/#website\"},\"primaryImageOfPage\":{\"@id\":\"https:\\\/\\\/centrourbano.com\\\/revista\\\/vivienda\\\/echale-casa-impulsara-reconstruccion-morelos\\\/#primaryimage\"},\"image\":{\"@id\":\"https:\\\/\\\/centrourbano.com\\\/revista\\\/vivienda\\\/echale-casa-impulsara-reconstruccion-morelos\\\/#primaryimage\"},\"thumbnailUrl\":\"https:\\\/\\\/centrourbano.com\\\/revista\\\/wp-content\\\/uploads\\\/\u00c9chaleATuCasa_Reconstrucci\u00f3n_Morelos.jpeg\",\"datePublished\":\"2017-12-14T13:15:41+00:00\",\"dateModified\":\"2017-12-14T15:21:31+00:00\",\"description\":\"Unidos por Morelos y \u00c9chale a tu Casa firmaron un convenio de colaboraci\u00f3n, con el cual ambos organismos se comprometen a apoyar la reconstrucci\u00f3n de vivienda en la entidad, a trav\u00e9s de potenciar los recursos otorgados por la federaci\u00f3n y el gobierno para este fin.\",\"breadcrumb\":{\"@id\":\"https:\\\/\\\/centrourbano.com\\\/revista\\\/vivienda\\\/echale-casa-impulsara-reconstruccion-morelos\\\/#breadcrumb\"},\"inLanguage\":\"es\",\"potentialAction\":[{\"@type\":\"ReadAction\",\"target\":[\"https:\\\/\\\/centrourbano.com\\\/revista\\\/vivienda\\\/echale-casa-impulsara-reconstruccion-morelos\\\/\"]}]},{\"@type\":\"ImageObject\",\"inLanguage\":\"es\",\"@id\":\"https:\\\/\\\/centrourbano.com\\\/revista\\\/vivienda\\\/echale-casa-impulsara-reconstruccion-morelos\\\/#primaryimage\",\"url\":\"https:\\\/\\\/centrourbano.com\\\/revista\\\/wp-content\\\/uploads\\\/\u00c9chaleATuCasa_Reconstrucci\u00f3n_Morelos.jpeg\",\"contentUrl\":\"https:\\\/\\\/centrourbano.com\\\/revista\\\/wp-content\\\/uploads\\\/\u00c9chaleATuCasa_Reconstrucci\u00f3n_Morelos.jpeg\",\"width\":800,\"height\":533,\"caption\":\"La firma apoyar\u00e1 a familias damnificadas por el sismo con soluciones habitacionales\"},{\"@type\":\"BreadcrumbList\",\"@id\":\"https:\\\/\\\/centrourbano.com\\\/revista\\\/vivienda\\\/echale-casa-impulsara-reconstruccion-morelos\\\/#breadcrumb\",\"itemListElement\":[{\"@type\":\"ListItem\",\"position\":1,\"name\":\"Portada\",\"item\":\"https:\\\/\\\/centrourbano.com\\\/revista\\\/\"},{\"@type\":\"ListItem\",\"position\":2,\"name\":\"Apoyar\u00e1 &#8216;\u00c9chale a Tu Casa&#8217; reconstrucci\u00f3n de Morelos\"}]},{\"@type\":\"WebSite\",\"@id\":\"https:\\\/\\\/centrourbano.com\\\/revista\\\/#website\",\"url\":\"https:\\\/\\\/centrourbano.com\\\/revista\\\/\",\"name\":\"Centro Urbano\",\"description\":\"Medio especializado en los sectores vivienda, inmobiliario, construcci\u00f3n, arquitectura y urbanismo.\",\"publisher\":{\"@id\":\"https:\\\/\\\/centrourbano.com\\\/revista\\\/#organization\"},\"potentialAction\":[{\"@type\":\"SearchAction\",\"target\":{\"@type\":\"EntryPoint\",\"urlTemplate\":\"https:\\\/\\\/centrourbano.com\\\/revista\\\/?s={search_term_string}\"},\"query-input\":{\"@type\":\"PropertyValueSpecification\",\"valueRequired\":true,\"valueName\":\"search_term_string\"}}],\"inLanguage\":\"es\"},{\"@type\":\"Organization\",\"@id\":\"https:\\\/\\\/centrourbano.com\\\/revista\\\/#organization\",\"name\":\"Centro Urbano\",\"url\":\"https:\\\/\\\/centrourbano.com\\\/revista\\\/\",\"logo\":{\"@type\":\"ImageObject\",\"inLanguage\":\"es\",\"@id\":\"https:\\\/\\\/centrourbano.com\\\/revista\\\/#\\\/schema\\\/logo\\\/image\\\/\",\"url\":\"https:\\\/\\\/centrourbano.com\\\/revista\\\/wp-content\\\/uploads\\\/web_CU_logo-1.png\",\"contentUrl\":\"https:\\\/\\\/centrourbano.com\\\/revista\\\/wp-content\\\/uploads\\\/web_CU_logo-1.png\",\"width\":350,\"height\":91,\"caption\":\"Centro Urbano\"},\"image\":{\"@id\":\"https:\\\/\\\/centrourbano.com\\\/revista\\\/#\\\/schema\\\/logo\\\/image\\\/\"},\"sameAs\":[\"https:\\\/\\\/www.facebook.com\\\/portalcentrourbano\",\"https:\\\/\\\/x.com\\\/CentroUrbano\",\"https:\\\/\\\/www.instagram.com\\\/centro_urbano\\\/\",\"https:\\\/\\\/www.linkedin.com\\\/company\\\/centro-urbano\\\/\",\"http:\\\/\\\/www.youtube.com\\\/user\\\/portalcentrourbano\"]},{\"@type\":\"Person\",\"@id\":\"https:\\\/\\\/centrourbano.com\\\/revista\\\/#\\\/schema\\\/person\\\/370fa0ba2d8dd5bde3fdb8b62ad360aa\",\"name\":\"G4A\",\"image\":{\"@type\":\"ImageObject\",\"inLanguage\":\"es\",\"@id\":\"https:\\\/\\\/secure.gravatar.com\\\/avatar\\\/932a97121b13d5de5bbd8193c6c83d3b92c9eda0f39623607d4280e7a5778d97?s=96&d=mm&r=g\",\"url\":\"https:\\\/\\\/secure.gravatar.com\\\/avatar\\\/932a97121b13d5de5bbd8193c6c83d3b92c9eda0f39623607d4280e7a5778d97?s=96&d=mm&r=g\",\"contentUrl\":\"https:\\\/\\\/secure.gravatar.com\\\/avatar\\\/932a97121b13d5de5bbd8193c6c83d3b92c9eda0f39623607d4280e7a5778d97?s=96&d=mm&r=g\",\"caption\":\"G4A\"},\"url\":\"https:\\\/\\\/centrourbano.com\\\/revista\\\/author\\\/admin-g4a\\\/\"}]}<\/script>\n<!-- \/ Yoast SEO plugin. -->","yoast_head_json":{"title":"Apoyar\u00e1 '\u00c9chale a Tu Casa' reconstrucci\u00f3n de Morelos -","description":"Unidos por Morelos y \u00c9chale a tu Casa firmaron un convenio de colaboraci\u00f3n, con el cual ambos organismos se comprometen a apoyar la reconstrucci\u00f3n de vivienda en la entidad, a trav\u00e9s de potenciar los recursos otorgados por la federaci\u00f3n y el gobierno para este fin.","robots":{"index":"index","follow":"follow","max-snippet":"max-snippet:-1","max-image-preview":"max-image-preview:large","max-video-preview":"max-video-preview:-1"},"canonical":"https:\/\/centrourbano.com\/revista\/vivienda\/echale-casa-impulsara-reconstruccion-morelos\/","og_locale":"es_ES","og_type":"article","og_title":"Apoyar\u00e1 '\u00c9chale a Tu Casa' reconstrucci\u00f3n de Morelos -","og_description":"Unidos por Morelos y \u00c9chale a tu Casa firmaron un convenio de colaboraci\u00f3n, con el cual ambos organismos se comprometen a apoyar la reconstrucci\u00f3n de vivienda en la entidad, a trav\u00e9s de potenciar los recursos otorgados por la federaci\u00f3n y el gobierno para este fin.","og_url":"https:\/\/centrourbano.com\/revista\/vivienda\/echale-casa-impulsara-reconstruccion-morelos\/","og_site_name":"Centro Urbano","article_publisher":"https:\/\/www.facebook.com\/portalcentrourbano","article_published_time":"2017-12-14T13:15:41+00:00","article_modified_time":"2017-12-14T15:21:31+00:00","og_image":[{"width":800,"height":533,"url":"https:\/\/centrourbano.com\/revista\/wp-content\/uploads\/\u00c9chaleATuCasa_Reconstrucci\u00f3n_Morelos.jpeg","type":"image\/jpeg"}],"author":"G4A","twitter_card":"summary_large_image","twitter_creator":"@CentroUrbano","twitter_site":"@CentroUrbano","twitter_misc":{"Escrito por":"G4A","Tiempo de lectura":"1 minuto"},"schema":{"@context":"https:\/\/schema.org","@graph":[{"@type":"Article","@id":"https:\/\/centrourbano.com\/revista\/vivienda\/echale-casa-impulsara-reconstruccion-morelos\/#article","isPartOf":{"@id":"https:\/\/centrourbano.com\/revista\/vivienda\/echale-casa-impulsara-reconstruccion-morelos\/"},"author":{"name":"G4A","@id":"https:\/\/centrourbano.com\/revista\/#\/schema\/person\/370fa0ba2d8dd5bde3fdb8b62ad360aa"},"headline":"Apoyar\u00e1 &#8216;\u00c9chale a Tu Casa&#8217; reconstrucci\u00f3n de Morelos","datePublished":"2017-12-14T13:15:41+00:00","dateModified":"2017-12-14T15:21:31+00:00","mainEntityOfPage":{"@id":"https:\/\/centrourbano.com\/revista\/vivienda\/echale-casa-impulsara-reconstruccion-morelos\/"},"wordCount":180,"commentCount":0,"publisher":{"@id":"https:\/\/centrourbano.com\/revista\/#organization"},"image":{"@id":"https:\/\/centrourbano.com\/revista\/vivienda\/echale-casa-impulsara-reconstruccion-morelos\/#primaryimage"},"thumbnailUrl":"https:\/\/centrourbano.com\/revista\/wp-content\/uploads\/\u00c9chaleATuCasa_Reconstrucci\u00f3n_Morelos.jpeg","keywords":["Echale a Tu casa","Francesco Piazzesi","Morelos","reconstrucci\u00f3n","Unidos Por Morelos","vivienda"],"articleSection":["Vivienda"],"inLanguage":"es"},{"@type":"WebPage","@id":"https:\/\/centrourbano.com\/revista\/vivienda\/echale-casa-impulsara-reconstruccion-morelos\/","url":"https:\/\/centrourbano.com\/revista\/vivienda\/echale-casa-impulsara-reconstruccion-morelos\/","name":"Apoyar\u00e1 '\u00c9chale a Tu Casa' reconstrucci\u00f3n de Morelos -","isPartOf":{"@id":"https:\/\/centrourbano.com\/revista\/#website"},"primaryImageOfPage":{"@id":"https:\/\/centrourbano.com\/revista\/vivienda\/echale-casa-impulsara-reconstruccion-morelos\/#primaryimage"},"image":{"@id":"https:\/\/centrourbano.com\/revista\/vivienda\/echale-casa-impulsara-reconstruccion-morelos\/#primaryimage"},"thumbnailUrl":"https:\/\/centrourbano.com\/revista\/wp-content\/uploads\/\u00c9chaleATuCasa_Reconstrucci\u00f3n_Morelos.jpeg","datePublished":"2017-12-14T13:15:41+00:00","dateModified":"2017-12-14T15:21:31+00:00","description":"Unidos por Morelos y \u00c9chale a tu Casa firmaron un convenio de colaboraci\u00f3n, con el cual ambos organismos se comprometen a apoyar la reconstrucci\u00f3n de vivienda en la entidad, a trav\u00e9s de potenciar los recursos otorgados por la federaci\u00f3n y el gobierno para este fin.","breadcrumb":{"@id":"https:\/\/centrourbano.com\/revista\/vivienda\/echale-casa-impulsara-reconstruccion-morelos\/#breadcrumb"},"inLanguage":"es","potentialAction":[{"@type":"ReadAction","target":["https:\/\/centrourbano.com\/revista\/vivienda\/echale-casa-impulsara-reconstruccion-morelos\/"]}]},{"@type":"ImageObject","inLanguage":"es","@id":"https:\/\/centrourbano.com\/revista\/vivienda\/echale-casa-impulsara-reconstruccion-morelos\/#primaryimage","url":"https:\/\/centrourbano.com\/revista\/wp-content\/uploads\/\u00c9chaleATuCasa_Reconstrucci\u00f3n_Morelos.jpeg","contentUrl":"https:\/\/centrourbano.com\/revista\/wp-content\/uploads\/\u00c9chaleATuCasa_Reconstrucci\u00f3n_Morelos.jpeg","width":800,"height":533,"caption":"La firma apoyar\u00e1 a familias damnificadas por el sismo con soluciones habitacionales"},{"@type":"BreadcrumbList","@id":"https:\/\/centrourbano.com\/revista\/vivienda\/echale-casa-impulsara-reconstruccion-morelos\/#breadcrumb","itemListElement":[{"@type":"ListItem","position":1,"name":"Portada","item":"https:\/\/centrourbano.com\/revista\/"},{"@type":"ListItem","position":2,"name":"Apoyar\u00e1 &#8216;\u00c9chale a Tu Casa&#8217; reconstrucci\u00f3n de Morelos"}]},{"@type":"WebSite","@id":"https:\/\/centrourbano.com\/revista\/#website","url":"https:\/\/centrourbano.com\/revista\/","name":"Centro Urbano","description":"Medio especializado en los sectores vivienda, inmobiliario, construcci\u00f3n, arquitectura y urbanismo.","publisher":{"@id":"https:\/\/centrourbano.com\/revista\/#organization"},"potentialAction":[{"@type":"SearchAction","target":{"@type":"EntryPoint","urlTemplate":"https:\/\/centrourbano.com\/revista\/?s={search_term_string}"},"query-input":{"@type":"PropertyValueSpecification","valueRequired":true,"valueName":"search_term_string"}}],"inLanguage":"es"},{"@type":"Organization","@id":"https:\/\/centrourbano.com\/revista\/#organization","name":"Centro Urbano","url":"https:\/\/centrourbano.com\/revista\/","logo":{"@type":"ImageObject","inLanguage":"es","@id":"https:\/\/centrourbano.com\/revista\/#\/schema\/logo\/image\/","url":"https:\/\/centrourbano.com\/revista\/wp-content\/uploads\/web_CU_logo-1.png","contentUrl":"https:\/\/centrourbano.com\/revista\/wp-content\/uploads\/web_CU_logo-1.png","width":350,"height":91,"caption":"Centro Urbano"},"image":{"@id":"https:\/\/centrourbano.com\/revista\/#\/schema\/logo\/image\/"},"sameAs":["https:\/\/www.facebook.com\/portalcentrourbano","https:\/\/x.com\/CentroUrbano","https:\/\/www.instagram.com\/centro_urbano\/","https:\/\/www.linkedin.com\/company\/centro-urbano\/","http:\/\/www.youtube.com\/user\/portalcentrourbano"]},{"@type":"Person","@id":"https:\/\/centrourbano.com\/revista\/#\/schema\/person\/370fa0ba2d8dd5bde3fdb8b62ad360aa","name":"G4A","image":{"@type":"ImageObject","inLanguage":"es","@id":"https:\/\/secure.gravatar.com\/avatar\/932a97121b13d5de5bbd8193c6c83d3b92c9eda0f39623607d4280e7a5778d97?s=96&d=mm&r=g","url":"https:\/\/secure.gravatar.com\/avatar\/932a97121b13d5de5bbd8193c6c83d3b92c9eda0f39623607d4280e7a5778d97?s=96&d=mm&r=g","contentUrl":"https:\/\/secure.gravatar.com\/avatar\/932a97121b13d5de5bbd8193c6c83d3b92c9eda0f39623607d4280e7a5778d97?s=96&d=mm&r=g","caption":"G4A"},"url":"https:\/\/centrourbano.com\/revista\/author\/admin-g4a\/"}]}},"_links":{"self":[{"href":"https:\/\/centrourbano.com\/revista\/wp-json\/wp\/v2\/posts\/64193","targetHints":{"allow":["GET"]}}],"collection":[{"href":"https:\/\/centrourbano.com\/revista\/wp-json\/wp\/v2\/posts"}],"about":[{"href":"https:\/\/centrourbano.com\/revista\/wp-json\/wp\/v2\/types\/post"}],"author":[{"embeddable":true,"href":"https:\/\/centrourbano.com\/revista\/wp-json\/wp\/v2\/users\/77"}],"replies":[{"embeddable":true,"href":"https:\/\/centrourbano.com\/revista\/wp-json\/wp\/v2\/comments?post=64193"}],"version-history":[{"count":5,"href":"https:\/\/centrourbano.com\/revista\/wp-json\/wp\/v2\/posts\/64193\/revisions"}],"predecessor-version":[{"id":64201,"href":"https:\/\/centrourbano.com\/revista\/wp-json\/wp\/v2\/posts\/64193\/revisions\/64201"}],"wp:featuredmedia":[{"embeddable":true,"href":"https:\/\/centrourbano.com\/revista\/wp-json\/wp\/v2\/media\/64194"}],"wp:attachment":[{"href":"https:\/\/centrourbano.com\/revista\/wp-json\/wp\/v2\/media?parent=64193"}],"wp:term":[{"taxonomy":"category","embeddable":true,"href":"https:\/\/centrourbano.com\/revista\/wp-json\/wp\/v2\/categories?post=64193"},{"taxonomy":"post_tag","embeddable":true,"href":"https:\/\/centrourbano.com\/revista\/wp-json\/wp\/v2\/tags?post=64193"}],"curies":[{"name":"wp","href":"https:\/\/api.w.org\/{rel}","templated":true}]}}