{"id":64125,"date":"2017-12-12T17:09:45","date_gmt":"2017-12-12T23:09:45","guid":{"rendered":"https:\/\/centrourbano.com\/?p=64125"},"modified":"2017-12-12T17:10:20","modified_gmt":"2017-12-12T23:10:20","slug":"cancun-contara-con-dos-nuevos-hoteles-de-la-cadena-hilton","status":"publish","type":"post","link":"https:\/\/centrourbano.com\/revista\/inmobiliario\/cancun-contara-con-dos-nuevos-hoteles-de-la-cadena-hilton\/","title":{"rendered":"Canc\u00fan contar\u00e1 con dos nuevos hoteles de la cadena Hilton"},"content":{"rendered":"<p><em>El Waldorf Astoria Canc\u00fan ofrecer\u00e1 150 habitaciones y suites excepcionalmente decoradas, con terrazas frente al mar o manglares y balcones privados<!--more--><\/em><\/p>\n<p>Recientemente la cadena de hoteles Hilton dio a conocer sus planes para dar la bienvenida al lujoso Waldorf Astoria Canc\u00fan y al Resort Hilton Canc\u00fan todo incluido, los cuales se suman a la creciente cartera de la compa\u00f1\u00eda hotelera mundial en M\u00e9xico. <\/p>\n<p>El Waldorf Astoria Canc\u00fancontar\u00e1 con 150 habitaciones y suites excepcionalmente decoradas, con terrazas frente al mar o manglares y balcones privados. La propiedad contar\u00e1 con el exclusivo spa Waldorf Astoria, que integra las tradiciones sanadoras mexicanas con ingredientes nativos para tratamientos indulgentes, adem\u00e1s de instalaciones de fitness de \u00faltima generaci\u00f3n, dos piscinas de inmersi\u00f3n y dos exquisitas experiencias gastron\u00f3micas. <\/p>\n<p>El proyecto estar\u00e1 a cargo de la firma Parks Hospitality, la divisi\u00f3n de hoteler\u00eda de la desarrolladora que patrocina a Fibra Uno, mientras que los despachos de arquitectura SB Architects, EDSA y HBA dise\u00f1ar\u00e1n el mega resort, que estar\u00e1 ubicado en un terreno de 40 hect\u00e1reas, a 10 minutos del aeropuerto de Canc\u00fan.<\/p>\n<p>El hotel Hilton Canc\u00fan todo incluido, que cuenta con 600 elegantes habitaciones que ofrecen impresionantes vistas panor\u00e1micas, dar\u00e1 la bienvenida a los hu\u00e9spedes a relajarse en la playa, al lounge en el complejo de piscinas y a experimentar aventuras curadas en el arte, la gastronom\u00eda y la cultura locales. El hotel tambi\u00e9n tentar\u00e1 a los paladares con seis experiencias culinarias \u00fanicas con todo incluido.<\/p>\n<p>Actualmente, Hilton tiene una cartera de m\u00e1s de 100 hoteles y resorts abiertos y acogedores para los viajeros en Latinoam\u00e9rica, incluidos m\u00e1s de 50 en M\u00e9xico. La empresa busca activamente oportunidades adicionales de crecimiento en Am\u00e9rica Latina y actualmente cuenta con una s\u00f3lida cartera de m\u00e1s de 70 hoteles en toda la regi\u00f3n, incluidos cerca de 30 proyectos en M\u00e9xico. Este a\u00f1o, Hilton ha abierto siete hoteles en cuatro marcas en el pa\u00eds, incluido el debut en el mercado de la marca Conrad Hotels &#038; Resorts en San Luis Potos\u00ed.<\/p>\n","protected":false},"excerpt":{"rendered":"<p>El Waldorf Astoria Canc\u00fan ofrecer\u00e1 150 habitaciones y suites excepcionalmente decoradas, con terrazas frente al mar o manglares y balcones privados<\/p>\n","protected":false},"author":9,"featured_media":64130,"comment_status":"open","ping_status":"closed","sticky":false,"template":"","format":"standard","meta":{"om_disable_all_campaigns":false,"inline_featured_image":false,"_monsterinsights_skip_tracking":false,"_monsterinsights_sitenote_active":false,"_monsterinsights_sitenote_note":"","_monsterinsights_sitenote_category":0,"footnotes":""},"categories":[15],"tags":[],"class_list":["post-64125","post","type-post","status-publish","format-standard","has-post-thumbnail","hentry","category-inmobiliario"],"yoast_head":"<!-- This site is optimized with the Yoast SEO plugin v27.4 - https:\/\/yoast.com\/product\/yoast-seo-wordpress\/ -->\n<title>Canc\u00fan contar\u00e1 con dos nuevos hoteles de la cadena Hilton<\/title>\n<meta name=\"description\" content=\"El Waldorf Astoria Canc\u00fan ofrecer\u00e1 150 habitaciones y suites excepcionalmente decoradas, con terrazas frente al mar o manglares y balcones privados\" \/>\n<meta name=\"robots\" content=\"index, follow, max-snippet:-1, max-image-preview:large, max-video-preview:-1\" \/>\n<link rel=\"canonical\" href=\"https:\/\/centrourbano.com\/revista\/inmobiliario\/cancun-contara-con-dos-nuevos-hoteles-de-la-cadena-hilton\/\" \/>\n<meta property=\"og:locale\" content=\"es_ES\" \/>\n<meta property=\"og:type\" content=\"article\" \/>\n<meta property=\"og:title\" content=\"Canc\u00fan contar\u00e1 con dos nuevos hoteles de la cadena Hilton\" \/>\n<meta property=\"og:description\" content=\"El Waldorf Astoria Canc\u00fan ofrecer\u00e1 150 habitaciones y suites excepcionalmente decoradas, con terrazas frente al mar o manglares y balcones privados\" \/>\n<meta property=\"og:url\" content=\"https:\/\/centrourbano.com\/revista\/inmobiliario\/cancun-contara-con-dos-nuevos-hoteles-de-la-cadena-hilton\/\" \/>\n<meta property=\"og:site_name\" content=\"Centro Urbano\" \/>\n<meta property=\"article:publisher\" content=\"https:\/\/www.facebook.com\/portalcentrourbano\" \/>\n<meta property=\"article:published_time\" content=\"2017-12-12T23:09:45+00:00\" \/>\n<meta property=\"article:modified_time\" content=\"2017-12-12T23:10:20+00:00\" \/>\n<meta property=\"og:image\" content=\"https:\/\/centrourbano.com\/revista\/wp-content\/uploads\/Canc\u00fan-contar\u00e1-con-dos-nuevos-hoteles-de-la-cadena-Hilton.jpg\" \/>\n\t<meta property=\"og:image:width\" content=\"446\" \/>\n\t<meta property=\"og:image:height\" content=\"346\" \/>\n\t<meta property=\"og:image:type\" content=\"image\/jpeg\" \/>\n<meta name=\"author\" content=\"Dinorah Nava\" \/>\n<meta name=\"twitter:card\" content=\"summary_large_image\" \/>\n<meta name=\"twitter:creator\" content=\"@https:\/\/twitter.com\/Dinorah_Nava28\" \/>\n<meta name=\"twitter:site\" content=\"@CentroUrbano\" \/>\n<meta name=\"twitter:label1\" content=\"Escrito por\" \/>\n\t<meta name=\"twitter:data1\" content=\"Dinorah Nava\" \/>\n\t<meta name=\"twitter:label2\" content=\"Tiempo de lectura\" \/>\n\t<meta name=\"twitter:data2\" content=\"2 minutos\" \/>\n<script type=\"application\/ld+json\" class=\"yoast-schema-graph\">{\"@context\":\"https:\\\/\\\/schema.org\",\"@graph\":[{\"@type\":\"Article\",\"@id\":\"https:\\\/\\\/centrourbano.com\\\/revista\\\/inmobiliario\\\/cancun-contara-con-dos-nuevos-hoteles-de-la-cadena-hilton\\\/#article\",\"isPartOf\":{\"@id\":\"https:\\\/\\\/centrourbano.com\\\/revista\\\/inmobiliario\\\/cancun-contara-con-dos-nuevos-hoteles-de-la-cadena-hilton\\\/\"},\"author\":{\"name\":\"Dinorah Nava\",\"@id\":\"https:\\\/\\\/centrourbano.com\\\/revista\\\/#\\\/schema\\\/person\\\/b45db815d96831257ba428a3d5a5fbdc\"},\"headline\":\"Canc\u00fan contar\u00e1 con dos nuevos hoteles de la cadena Hilton\",\"datePublished\":\"2017-12-12T23:09:45+00:00\",\"dateModified\":\"2017-12-12T23:10:20+00:00\",\"mainEntityOfPage\":{\"@id\":\"https:\\\/\\\/centrourbano.com\\\/revista\\\/inmobiliario\\\/cancun-contara-con-dos-nuevos-hoteles-de-la-cadena-hilton\\\/\"},\"wordCount\":362,\"commentCount\":0,\"publisher\":{\"@id\":\"https:\\\/\\\/centrourbano.com\\\/revista\\\/#organization\"},\"image\":{\"@id\":\"https:\\\/\\\/centrourbano.com\\\/revista\\\/inmobiliario\\\/cancun-contara-con-dos-nuevos-hoteles-de-la-cadena-hilton\\\/#primaryimage\"},\"thumbnailUrl\":\"https:\\\/\\\/centrourbano.com\\\/revista\\\/wp-content\\\/uploads\\\/Canc\u00fan-contar\u00e1-con-dos-nuevos-hoteles-de-la-cadena-Hilton.jpg\",\"articleSection\":[\"Inmobiliario\"],\"inLanguage\":\"es\",\"potentialAction\":[{\"@type\":\"CommentAction\",\"name\":\"Comment\",\"target\":[\"https:\\\/\\\/centrourbano.com\\\/revista\\\/inmobiliario\\\/cancun-contara-con-dos-nuevos-hoteles-de-la-cadena-hilton\\\/#respond\"]}]},{\"@type\":\"WebPage\",\"@id\":\"https:\\\/\\\/centrourbano.com\\\/revista\\\/inmobiliario\\\/cancun-contara-con-dos-nuevos-hoteles-de-la-cadena-hilton\\\/\",\"url\":\"https:\\\/\\\/centrourbano.com\\\/revista\\\/inmobiliario\\\/cancun-contara-con-dos-nuevos-hoteles-de-la-cadena-hilton\\\/\",\"name\":\"Canc\u00fan contar\u00e1 con dos nuevos hoteles de la cadena Hilton\",\"isPartOf\":{\"@id\":\"https:\\\/\\\/centrourbano.com\\\/revista\\\/#website\"},\"primaryImageOfPage\":{\"@id\":\"https:\\\/\\\/centrourbano.com\\\/revista\\\/inmobiliario\\\/cancun-contara-con-dos-nuevos-hoteles-de-la-cadena-hilton\\\/#primaryimage\"},\"image\":{\"@id\":\"https:\\\/\\\/centrourbano.com\\\/revista\\\/inmobiliario\\\/cancun-contara-con-dos-nuevos-hoteles-de-la-cadena-hilton\\\/#primaryimage\"},\"thumbnailUrl\":\"https:\\\/\\\/centrourbano.com\\\/revista\\\/wp-content\\\/uploads\\\/Canc\u00fan-contar\u00e1-con-dos-nuevos-hoteles-de-la-cadena-Hilton.jpg\",\"datePublished\":\"2017-12-12T23:09:45+00:00\",\"dateModified\":\"2017-12-12T23:10:20+00:00\",\"description\":\"El Waldorf Astoria Canc\u00fan ofrecer\u00e1 150 habitaciones y suites excepcionalmente decoradas, con terrazas frente al mar o manglares y balcones privados\",\"breadcrumb\":{\"@id\":\"https:\\\/\\\/centrourbano.com\\\/revista\\\/inmobiliario\\\/cancun-contara-con-dos-nuevos-hoteles-de-la-cadena-hilton\\\/#breadcrumb\"},\"inLanguage\":\"es\",\"potentialAction\":[{\"@type\":\"ReadAction\",\"target\":[\"https:\\\/\\\/centrourbano.com\\\/revista\\\/inmobiliario\\\/cancun-contara-con-dos-nuevos-hoteles-de-la-cadena-hilton\\\/\"]}]},{\"@type\":\"ImageObject\",\"inLanguage\":\"es\",\"@id\":\"https:\\\/\\\/centrourbano.com\\\/revista\\\/inmobiliario\\\/cancun-contara-con-dos-nuevos-hoteles-de-la-cadena-hilton\\\/#primaryimage\",\"url\":\"https:\\\/\\\/centrourbano.com\\\/revista\\\/wp-content\\\/uploads\\\/Canc\u00fan-contar\u00e1-con-dos-nuevos-hoteles-de-la-cadena-Hilton.jpg\",\"contentUrl\":\"https:\\\/\\\/centrourbano.com\\\/revista\\\/wp-content\\\/uploads\\\/Canc\u00fan-contar\u00e1-con-dos-nuevos-hoteles-de-la-cadena-Hilton.jpg\",\"width\":446,\"height\":346,\"caption\":\"Canc\u00fan contar\u00e1 con dos nuevos hoteles de la cadena Hilton\"},{\"@type\":\"BreadcrumbList\",\"@id\":\"https:\\\/\\\/centrourbano.com\\\/revista\\\/inmobiliario\\\/cancun-contara-con-dos-nuevos-hoteles-de-la-cadena-hilton\\\/#breadcrumb\",\"itemListElement\":[{\"@type\":\"ListItem\",\"position\":1,\"name\":\"Portada\",\"item\":\"https:\\\/\\\/centrourbano.com\\\/revista\\\/\"},{\"@type\":\"ListItem\",\"position\":2,\"name\":\"Canc\u00fan contar\u00e1 con dos nuevos hoteles de la cadena Hilton\"}]},{\"@type\":\"WebSite\",\"@id\":\"https:\\\/\\\/centrourbano.com\\\/revista\\\/#website\",\"url\":\"https:\\\/\\\/centrourbano.com\\\/revista\\\/\",\"name\":\"Centro Urbano\",\"description\":\"Medio especializado en los sectores vivienda, inmobiliario, construcci\u00f3n, arquitectura y urbanismo.\",\"publisher\":{\"@id\":\"https:\\\/\\\/centrourbano.com\\\/revista\\\/#organization\"},\"potentialAction\":[{\"@type\":\"SearchAction\",\"target\":{\"@type\":\"EntryPoint\",\"urlTemplate\":\"https:\\\/\\\/centrourbano.com\\\/revista\\\/?s={search_term_string}\"},\"query-input\":{\"@type\":\"PropertyValueSpecification\",\"valueRequired\":true,\"valueName\":\"search_term_string\"}}],\"inLanguage\":\"es\"},{\"@type\":\"Organization\",\"@id\":\"https:\\\/\\\/centrourbano.com\\\/revista\\\/#organization\",\"name\":\"Centro Urbano\",\"url\":\"https:\\\/\\\/centrourbano.com\\\/revista\\\/\",\"logo\":{\"@type\":\"ImageObject\",\"inLanguage\":\"es\",\"@id\":\"https:\\\/\\\/centrourbano.com\\\/revista\\\/#\\\/schema\\\/logo\\\/image\\\/\",\"url\":\"https:\\\/\\\/centrourbano.com\\\/revista\\\/wp-content\\\/uploads\\\/web_CU_logo-1.png\",\"contentUrl\":\"https:\\\/\\\/centrourbano.com\\\/revista\\\/wp-content\\\/uploads\\\/web_CU_logo-1.png\",\"width\":350,\"height\":91,\"caption\":\"Centro Urbano\"},\"image\":{\"@id\":\"https:\\\/\\\/centrourbano.com\\\/revista\\\/#\\\/schema\\\/logo\\\/image\\\/\"},\"sameAs\":[\"https:\\\/\\\/www.facebook.com\\\/portalcentrourbano\",\"https:\\\/\\\/x.com\\\/CentroUrbano\",\"https:\\\/\\\/www.instagram.com\\\/centro_urbano\\\/\",\"https:\\\/\\\/www.linkedin.com\\\/company\\\/centro-urbano\\\/\",\"http:\\\/\\\/www.youtube.com\\\/user\\\/portalcentrourbano\"]},{\"@type\":\"Person\",\"@id\":\"https:\\\/\\\/centrourbano.com\\\/revista\\\/#\\\/schema\\\/person\\\/b45db815d96831257ba428a3d5a5fbdc\",\"name\":\"Dinorah Nava\",\"image\":{\"@type\":\"ImageObject\",\"inLanguage\":\"es\",\"@id\":\"https:\\\/\\\/secure.gravatar.com\\\/avatar\\\/f6ca6430c51d147f363940f84e1225aa4b8183885c11802cc3b042305a4ecc1a?s=96&d=mm&r=g\",\"url\":\"https:\\\/\\\/secure.gravatar.com\\\/avatar\\\/f6ca6430c51d147f363940f84e1225aa4b8183885c11802cc3b042305a4ecc1a?s=96&d=mm&r=g\",\"contentUrl\":\"https:\\\/\\\/secure.gravatar.com\\\/avatar\\\/f6ca6430c51d147f363940f84e1225aa4b8183885c11802cc3b042305a4ecc1a?s=96&d=mm&r=g\",\"caption\":\"Dinorah Nava\"},\"description\":\"Editora de Contenidos y Estrategias Digitales en Centro Urbano y Coeditora en Peri\u00f3dico Mi Casa. Egresada de la licenciatura en Comunicaci\u00f3n y Periodismo de la Facultad de Estudios Superiores Arag\u00f3n (UNAM). Amante de la edici\u00f3n y correcci\u00f3n de estilo, las redes sociales y el mundo digital. Especialista en temas son arquitectura, inmobiliario y urbanismo.\",\"sameAs\":[\"linkedin.com\\\/in\\\/dinorah-nava\",\"https:\\\/\\\/x.com\\\/https:\\\/\\\/twitter.com\\\/Dinorah_Nava28\"],\"url\":\"https:\\\/\\\/centrourbano.com\\\/revista\\\/author\\\/dinorah-nava\\\/\"}]}<\/script>\n<!-- \/ Yoast SEO plugin. -->","yoast_head_json":{"title":"Canc\u00fan contar\u00e1 con dos nuevos hoteles de la cadena Hilton","description":"El Waldorf Astoria Canc\u00fan ofrecer\u00e1 150 habitaciones y suites excepcionalmente decoradas, con terrazas frente al mar o manglares y balcones privados","robots":{"index":"index","follow":"follow","max-snippet":"max-snippet:-1","max-image-preview":"max-image-preview:large","max-video-preview":"max-video-preview:-1"},"canonical":"https:\/\/centrourbano.com\/revista\/inmobiliario\/cancun-contara-con-dos-nuevos-hoteles-de-la-cadena-hilton\/","og_locale":"es_ES","og_type":"article","og_title":"Canc\u00fan contar\u00e1 con dos nuevos hoteles de la cadena Hilton","og_description":"El Waldorf Astoria Canc\u00fan ofrecer\u00e1 150 habitaciones y suites excepcionalmente decoradas, con terrazas frente al mar o manglares y balcones privados","og_url":"https:\/\/centrourbano.com\/revista\/inmobiliario\/cancun-contara-con-dos-nuevos-hoteles-de-la-cadena-hilton\/","og_site_name":"Centro Urbano","article_publisher":"https:\/\/www.facebook.com\/portalcentrourbano","article_published_time":"2017-12-12T23:09:45+00:00","article_modified_time":"2017-12-12T23:10:20+00:00","og_image":[{"width":446,"height":346,"url":"https:\/\/centrourbano.com\/revista\/wp-content\/uploads\/Canc\u00fan-contar\u00e1-con-dos-nuevos-hoteles-de-la-cadena-Hilton.jpg","type":"image\/jpeg"}],"author":"Dinorah Nava","twitter_card":"summary_large_image","twitter_creator":"@https:\/\/twitter.com\/Dinorah_Nava28","twitter_site":"@CentroUrbano","twitter_misc":{"Escrito por":"Dinorah Nava","Tiempo de lectura":"2 minutos"},"schema":{"@context":"https:\/\/schema.org","@graph":[{"@type":"Article","@id":"https:\/\/centrourbano.com\/revista\/inmobiliario\/cancun-contara-con-dos-nuevos-hoteles-de-la-cadena-hilton\/#article","isPartOf":{"@id":"https:\/\/centrourbano.com\/revista\/inmobiliario\/cancun-contara-con-dos-nuevos-hoteles-de-la-cadena-hilton\/"},"author":{"name":"Dinorah Nava","@id":"https:\/\/centrourbano.com\/revista\/#\/schema\/person\/b45db815d96831257ba428a3d5a5fbdc"},"headline":"Canc\u00fan contar\u00e1 con dos nuevos hoteles de la cadena Hilton","datePublished":"2017-12-12T23:09:45+00:00","dateModified":"2017-12-12T23:10:20+00:00","mainEntityOfPage":{"@id":"https:\/\/centrourbano.com\/revista\/inmobiliario\/cancun-contara-con-dos-nuevos-hoteles-de-la-cadena-hilton\/"},"wordCount":362,"commentCount":0,"publisher":{"@id":"https:\/\/centrourbano.com\/revista\/#organization"},"image":{"@id":"https:\/\/centrourbano.com\/revista\/inmobiliario\/cancun-contara-con-dos-nuevos-hoteles-de-la-cadena-hilton\/#primaryimage"},"thumbnailUrl":"https:\/\/centrourbano.com\/revista\/wp-content\/uploads\/Canc\u00fan-contar\u00e1-con-dos-nuevos-hoteles-de-la-cadena-Hilton.jpg","articleSection":["Inmobiliario"],"inLanguage":"es","potentialAction":[{"@type":"CommentAction","name":"Comment","target":["https:\/\/centrourbano.com\/revista\/inmobiliario\/cancun-contara-con-dos-nuevos-hoteles-de-la-cadena-hilton\/#respond"]}]},{"@type":"WebPage","@id":"https:\/\/centrourbano.com\/revista\/inmobiliario\/cancun-contara-con-dos-nuevos-hoteles-de-la-cadena-hilton\/","url":"https:\/\/centrourbano.com\/revista\/inmobiliario\/cancun-contara-con-dos-nuevos-hoteles-de-la-cadena-hilton\/","name":"Canc\u00fan contar\u00e1 con dos nuevos hoteles de la cadena Hilton","isPartOf":{"@id":"https:\/\/centrourbano.com\/revista\/#website"},"primaryImageOfPage":{"@id":"https:\/\/centrourbano.com\/revista\/inmobiliario\/cancun-contara-con-dos-nuevos-hoteles-de-la-cadena-hilton\/#primaryimage"},"image":{"@id":"https:\/\/centrourbano.com\/revista\/inmobiliario\/cancun-contara-con-dos-nuevos-hoteles-de-la-cadena-hilton\/#primaryimage"},"thumbnailUrl":"https:\/\/centrourbano.com\/revista\/wp-content\/uploads\/Canc\u00fan-contar\u00e1-con-dos-nuevos-hoteles-de-la-cadena-Hilton.jpg","datePublished":"2017-12-12T23:09:45+00:00","dateModified":"2017-12-12T23:10:20+00:00","description":"El Waldorf Astoria Canc\u00fan ofrecer\u00e1 150 habitaciones y suites excepcionalmente decoradas, con terrazas frente al mar o manglares y balcones privados","breadcrumb":{"@id":"https:\/\/centrourbano.com\/revista\/inmobiliario\/cancun-contara-con-dos-nuevos-hoteles-de-la-cadena-hilton\/#breadcrumb"},"inLanguage":"es","potentialAction":[{"@type":"ReadAction","target":["https:\/\/centrourbano.com\/revista\/inmobiliario\/cancun-contara-con-dos-nuevos-hoteles-de-la-cadena-hilton\/"]}]},{"@type":"ImageObject","inLanguage":"es","@id":"https:\/\/centrourbano.com\/revista\/inmobiliario\/cancun-contara-con-dos-nuevos-hoteles-de-la-cadena-hilton\/#primaryimage","url":"https:\/\/centrourbano.com\/revista\/wp-content\/uploads\/Canc\u00fan-contar\u00e1-con-dos-nuevos-hoteles-de-la-cadena-Hilton.jpg","contentUrl":"https:\/\/centrourbano.com\/revista\/wp-content\/uploads\/Canc\u00fan-contar\u00e1-con-dos-nuevos-hoteles-de-la-cadena-Hilton.jpg","width":446,"height":346,"caption":"Canc\u00fan contar\u00e1 con dos nuevos hoteles de la cadena Hilton"},{"@type":"BreadcrumbList","@id":"https:\/\/centrourbano.com\/revista\/inmobiliario\/cancun-contara-con-dos-nuevos-hoteles-de-la-cadena-hilton\/#breadcrumb","itemListElement":[{"@type":"ListItem","position":1,"name":"Portada","item":"https:\/\/centrourbano.com\/revista\/"},{"@type":"ListItem","position":2,"name":"Canc\u00fan contar\u00e1 con dos nuevos hoteles de la cadena Hilton"}]},{"@type":"WebSite","@id":"https:\/\/centrourbano.com\/revista\/#website","url":"https:\/\/centrourbano.com\/revista\/","name":"Centro Urbano","description":"Medio especializado en los sectores vivienda, inmobiliario, construcci\u00f3n, arquitectura y urbanismo.","publisher":{"@id":"https:\/\/centrourbano.com\/revista\/#organization"},"potentialAction":[{"@type":"SearchAction","target":{"@type":"EntryPoint","urlTemplate":"https:\/\/centrourbano.com\/revista\/?s={search_term_string}"},"query-input":{"@type":"PropertyValueSpecification","valueRequired":true,"valueName":"search_term_string"}}],"inLanguage":"es"},{"@type":"Organization","@id":"https:\/\/centrourbano.com\/revista\/#organization","name":"Centro Urbano","url":"https:\/\/centrourbano.com\/revista\/","logo":{"@type":"ImageObject","inLanguage":"es","@id":"https:\/\/centrourbano.com\/revista\/#\/schema\/logo\/image\/","url":"https:\/\/centrourbano.com\/revista\/wp-content\/uploads\/web_CU_logo-1.png","contentUrl":"https:\/\/centrourbano.com\/revista\/wp-content\/uploads\/web_CU_logo-1.png","width":350,"height":91,"caption":"Centro Urbano"},"image":{"@id":"https:\/\/centrourbano.com\/revista\/#\/schema\/logo\/image\/"},"sameAs":["https:\/\/www.facebook.com\/portalcentrourbano","https:\/\/x.com\/CentroUrbano","https:\/\/www.instagram.com\/centro_urbano\/","https:\/\/www.linkedin.com\/company\/centro-urbano\/","http:\/\/www.youtube.com\/user\/portalcentrourbano"]},{"@type":"Person","@id":"https:\/\/centrourbano.com\/revista\/#\/schema\/person\/b45db815d96831257ba428a3d5a5fbdc","name":"Dinorah Nava","image":{"@type":"ImageObject","inLanguage":"es","@id":"https:\/\/secure.gravatar.com\/avatar\/f6ca6430c51d147f363940f84e1225aa4b8183885c11802cc3b042305a4ecc1a?s=96&d=mm&r=g","url":"https:\/\/secure.gravatar.com\/avatar\/f6ca6430c51d147f363940f84e1225aa4b8183885c11802cc3b042305a4ecc1a?s=96&d=mm&r=g","contentUrl":"https:\/\/secure.gravatar.com\/avatar\/f6ca6430c51d147f363940f84e1225aa4b8183885c11802cc3b042305a4ecc1a?s=96&d=mm&r=g","caption":"Dinorah Nava"},"description":"Editora de Contenidos y Estrategias Digitales en Centro Urbano y Coeditora en Peri\u00f3dico Mi Casa. Egresada de la licenciatura en Comunicaci\u00f3n y Periodismo de la Facultad de Estudios Superiores Arag\u00f3n (UNAM). Amante de la edici\u00f3n y correcci\u00f3n de estilo, las redes sociales y el mundo digital. Especialista en temas son arquitectura, inmobiliario y urbanismo.","sameAs":["linkedin.com\/in\/dinorah-nava","https:\/\/x.com\/https:\/\/twitter.com\/Dinorah_Nava28"],"url":"https:\/\/centrourbano.com\/revista\/author\/dinorah-nava\/"}]}},"_links":{"self":[{"href":"https:\/\/centrourbano.com\/revista\/wp-json\/wp\/v2\/posts\/64125","targetHints":{"allow":["GET"]}}],"collection":[{"href":"https:\/\/centrourbano.com\/revista\/wp-json\/wp\/v2\/posts"}],"about":[{"href":"https:\/\/centrourbano.com\/revista\/wp-json\/wp\/v2\/types\/post"}],"author":[{"embeddable":true,"href":"https:\/\/centrourbano.com\/revista\/wp-json\/wp\/v2\/users\/9"}],"replies":[{"embeddable":true,"href":"https:\/\/centrourbano.com\/revista\/wp-json\/wp\/v2\/comments?post=64125"}],"version-history":[{"count":2,"href":"https:\/\/centrourbano.com\/revista\/wp-json\/wp\/v2\/posts\/64125\/revisions"}],"predecessor-version":[{"id":64134,"href":"https:\/\/centrourbano.com\/revista\/wp-json\/wp\/v2\/posts\/64125\/revisions\/64134"}],"wp:featuredmedia":[{"embeddable":true,"href":"https:\/\/centrourbano.com\/revista\/wp-json\/wp\/v2\/media\/64130"}],"wp:attachment":[{"href":"https:\/\/centrourbano.com\/revista\/wp-json\/wp\/v2\/media?parent=64125"}],"wp:term":[{"taxonomy":"category","embeddable":true,"href":"https:\/\/centrourbano.com\/revista\/wp-json\/wp\/v2\/categories?post=64125"},{"taxonomy":"post_tag","embeddable":true,"href":"https:\/\/centrourbano.com\/revista\/wp-json\/wp\/v2\/tags?post=64125"}],"curies":[{"name":"wp","href":"https:\/\/api.w.org\/{rel}","templated":true}]}}