{"id":64069,"date":"2017-12-11T18:46:58","date_gmt":"2017-12-12T00:46:58","guid":{"rendered":"https:\/\/centrourbano.com\/?p=64069"},"modified":"2017-12-11T18:46:58","modified_gmt":"2017-12-12T00:46:58","slug":"entrega-mancera-creditos-reparacion-vivienda","status":"publish","type":"post","link":"https:\/\/centrourbano.com\/revista\/vivienda\/entrega-mancera-creditos-reparacion-vivienda\/","title":{"rendered":"Entrega Mancera cr\u00e9ditos para reparaci\u00f3n de vivienda"},"content":{"rendered":"<p><em>El mandatario capitalino record\u00f3 que ya se inici\u00f3 con el proceso de reconstrucci\u00f3n de vivienda en delegaciones como Xochimilco e Iztapalapa <\/em><!--more--><\/p>\n<p>El jefe de Gobierno de la Ciudad de M\u00e9xico, Miguel \u00c1ngel Mancera, entreg\u00f3 122 cr\u00e9ditos para reparaci\u00f3n de vivienda a familias afectadas por el sismo del pasado 19 de septiembre. <\/p>\n<p>Durante la ceremonia de entrega, el mandatario capitalino destac\u00f3 que el gobierno de la ciudad continua con la entrega de financiamiento para damnificados por el movimiento tel\u00farico. Dijo que adem\u00e1s del tema de vivienda, se apoya a los negocios con cr\u00e9ditos para regresar a la normalidad. <\/p>\n<p>Mancera Espinosa record\u00f3 que ya se inici\u00f3 con el proceso de reconstrucci\u00f3n en algunas delegaciones. En el caso de Xochimilco e Iztapalapa, coment\u00f3, se ha autorizado la reconstrucci\u00f3n de 341 y 200 viviendas. <\/p>\n<p>\u201cEl INVI es una instancia a la que estamos dotando de recursos para esto, para que se reestructuren los edificios\u201d, dijo. <\/p>\n<p>El mandatario dijo que el gobierno que encabeza apoyar\u00e1 a las familias con los estudios para iniciar las labores de reconstrucci\u00f3n en los inmuebles. A\u00f1adi\u00f3 que dio la instrucci\u00f3n a la Secretar\u00eda de Obras para que en coordinaci\u00f3n con el INVI intervengan en los edificios da\u00f1ados y apoyar con la realizaci\u00f3n de los estudios. <\/p>\n","protected":false},"excerpt":{"rendered":"<p>El mandatario capitalino record\u00f3 que ya se inici\u00f3 con el proceso de reconstrucci\u00f3n de vivienda en delegaciones como Xochimilco e Iztapalapa<\/p>\n","protected":false},"author":47,"featured_media":64071,"comment_status":"open","ping_status":"closed","sticky":false,"template":"","format":"standard","meta":{"om_disable_all_campaigns":false,"inline_featured_image":false,"_monsterinsights_skip_tracking":false,"_monsterinsights_sitenote_active":false,"_monsterinsights_sitenote_note":"","_monsterinsights_sitenote_category":0,"footnotes":""},"categories":[12],"tags":[606,290,605,12197,1441,60],"class_list":["post-64069","post","type-post","status-publish","format-standard","has-post-thumbnail","hentry","category-vivienda","tag-cdmx","tag-ciudad-de-mexico","tag-miguel-angel-mancera-espinosa","tag-reparacion-de-vivienda","tag-sismo","tag-vivienda-2"],"yoast_head":"<!-- This site is optimized with the Yoast SEO plugin v27.4 - https:\/\/yoast.com\/product\/yoast-seo-wordpress\/ -->\n<title>Entrega Mancera cr\u00e9ditos para reparaci\u00f3n de vivienda -<\/title>\n<meta name=\"description\" content=\"El jefe de Gobierno de la Ciudad de M\u00e9xico, Miguel \u00c1ngel Mancera, entreg\u00f3 122 cr\u00e9ditos para reparaci\u00f3n de vivienda a familias afectadas por el sismo del pasado 19 de septiembre.\" \/>\n<meta name=\"robots\" content=\"index, follow, max-snippet:-1, max-image-preview:large, max-video-preview:-1\" \/>\n<link rel=\"canonical\" href=\"https:\/\/centrourbano.com\/revista\/vivienda\/entrega-mancera-creditos-reparacion-vivienda\/\" \/>\n<meta property=\"og:locale\" content=\"es_ES\" \/>\n<meta property=\"og:type\" content=\"article\" \/>\n<meta property=\"og:title\" content=\"Entrega Mancera cr\u00e9ditos para reparaci\u00f3n de vivienda -\" \/>\n<meta property=\"og:description\" content=\"El jefe de Gobierno de la Ciudad de M\u00e9xico, Miguel \u00c1ngel Mancera, entreg\u00f3 122 cr\u00e9ditos para reparaci\u00f3n de vivienda a familias afectadas por el sismo del pasado 19 de septiembre.\" \/>\n<meta property=\"og:url\" content=\"https:\/\/centrourbano.com\/revista\/vivienda\/entrega-mancera-creditos-reparacion-vivienda\/\" \/>\n<meta property=\"og:site_name\" content=\"Centro Urbano\" \/>\n<meta property=\"article:publisher\" content=\"https:\/\/www.facebook.com\/portalcentrourbano\" \/>\n<meta property=\"article:published_time\" content=\"2017-12-12T00:46:58+00:00\" \/>\n<meta property=\"og:image\" content=\"https:\/\/centrourbano.com\/revista\/wp-content\/uploads\/Mancera_Cr\u00e9ditosReparaci\u00f3n.jpeg\" \/>\n\t<meta property=\"og:image:width\" content=\"800\" \/>\n\t<meta property=\"og:image:height\" content=\"532\" \/>\n\t<meta property=\"og:image:type\" content=\"image\/jpeg\" \/>\n<meta name=\"author\" content=\"Edgar Rosas\" \/>\n<meta name=\"twitter:card\" content=\"summary_large_image\" \/>\n<meta name=\"twitter:creator\" content=\"@https:\/\/twitter.com\/ERosasCU?s=09\" \/>\n<meta name=\"twitter:site\" content=\"@CentroUrbano\" \/>\n<meta name=\"twitter:label1\" content=\"Escrito por\" \/>\n\t<meta name=\"twitter:data1\" content=\"Edgar Rosas\" \/>\n\t<meta name=\"twitter:label2\" content=\"Tiempo de lectura\" \/>\n\t<meta name=\"twitter:data2\" content=\"1 minuto\" \/>\n<script type=\"application\/ld+json\" class=\"yoast-schema-graph\">{\"@context\":\"https:\\\/\\\/schema.org\",\"@graph\":[{\"@type\":\"Article\",\"@id\":\"https:\\\/\\\/centrourbano.com\\\/revista\\\/vivienda\\\/entrega-mancera-creditos-reparacion-vivienda\\\/#article\",\"isPartOf\":{\"@id\":\"https:\\\/\\\/centrourbano.com\\\/revista\\\/vivienda\\\/entrega-mancera-creditos-reparacion-vivienda\\\/\"},\"author\":{\"name\":\"Edgar Rosas\",\"@id\":\"https:\\\/\\\/centrourbano.com\\\/revista\\\/#\\\/schema\\\/person\\\/ff3c00651ce5b1630479d2cd0c2e3ac0\"},\"headline\":\"Entrega Mancera cr\u00e9ditos para reparaci\u00f3n de vivienda\",\"datePublished\":\"2017-12-12T00:46:58+00:00\",\"mainEntityOfPage\":{\"@id\":\"https:\\\/\\\/centrourbano.com\\\/revista\\\/vivienda\\\/entrega-mancera-creditos-reparacion-vivienda\\\/\"},\"wordCount\":226,\"commentCount\":0,\"publisher\":{\"@id\":\"https:\\\/\\\/centrourbano.com\\\/revista\\\/#organization\"},\"image\":{\"@id\":\"https:\\\/\\\/centrourbano.com\\\/revista\\\/vivienda\\\/entrega-mancera-creditos-reparacion-vivienda\\\/#primaryimage\"},\"thumbnailUrl\":\"https:\\\/\\\/centrourbano.com\\\/revista\\\/wp-content\\\/uploads\\\/Mancera_Cr\u00e9ditosReparaci\u00f3n.jpeg\",\"keywords\":[\"CDMX\",\"ciudad de M\u00e9xico\",\"Miguel \u00c1ngel Mancera Espinosa\",\"reparaci\u00f3n de vivienda\",\"Sismo\",\"vivienda\"],\"articleSection\":[\"Vivienda\"],\"inLanguage\":\"es\",\"potentialAction\":[{\"@type\":\"CommentAction\",\"name\":\"Comment\",\"target\":[\"https:\\\/\\\/centrourbano.com\\\/revista\\\/vivienda\\\/entrega-mancera-creditos-reparacion-vivienda\\\/#respond\"]}]},{\"@type\":\"WebPage\",\"@id\":\"https:\\\/\\\/centrourbano.com\\\/revista\\\/vivienda\\\/entrega-mancera-creditos-reparacion-vivienda\\\/\",\"url\":\"https:\\\/\\\/centrourbano.com\\\/revista\\\/vivienda\\\/entrega-mancera-creditos-reparacion-vivienda\\\/\",\"name\":\"Entrega Mancera cr\u00e9ditos para reparaci\u00f3n de vivienda -\",\"isPartOf\":{\"@id\":\"https:\\\/\\\/centrourbano.com\\\/revista\\\/#website\"},\"primaryImageOfPage\":{\"@id\":\"https:\\\/\\\/centrourbano.com\\\/revista\\\/vivienda\\\/entrega-mancera-creditos-reparacion-vivienda\\\/#primaryimage\"},\"image\":{\"@id\":\"https:\\\/\\\/centrourbano.com\\\/revista\\\/vivienda\\\/entrega-mancera-creditos-reparacion-vivienda\\\/#primaryimage\"},\"thumbnailUrl\":\"https:\\\/\\\/centrourbano.com\\\/revista\\\/wp-content\\\/uploads\\\/Mancera_Cr\u00e9ditosReparaci\u00f3n.jpeg\",\"datePublished\":\"2017-12-12T00:46:58+00:00\",\"description\":\"El jefe de Gobierno de la Ciudad de M\u00e9xico, Miguel \u00c1ngel Mancera, entreg\u00f3 122 cr\u00e9ditos para reparaci\u00f3n de vivienda a familias afectadas por el sismo del pasado 19 de septiembre.\",\"breadcrumb\":{\"@id\":\"https:\\\/\\\/centrourbano.com\\\/revista\\\/vivienda\\\/entrega-mancera-creditos-reparacion-vivienda\\\/#breadcrumb\"},\"inLanguage\":\"es\",\"potentialAction\":[{\"@type\":\"ReadAction\",\"target\":[\"https:\\\/\\\/centrourbano.com\\\/revista\\\/vivienda\\\/entrega-mancera-creditos-reparacion-vivienda\\\/\"]}]},{\"@type\":\"ImageObject\",\"inLanguage\":\"es\",\"@id\":\"https:\\\/\\\/centrourbano.com\\\/revista\\\/vivienda\\\/entrega-mancera-creditos-reparacion-vivienda\\\/#primaryimage\",\"url\":\"https:\\\/\\\/centrourbano.com\\\/revista\\\/wp-content\\\/uploads\\\/Mancera_Cr\u00e9ditosReparaci\u00f3n.jpeg\",\"contentUrl\":\"https:\\\/\\\/centrourbano.com\\\/revista\\\/wp-content\\\/uploads\\\/Mancera_Cr\u00e9ditosReparaci\u00f3n.jpeg\",\"width\":800,\"height\":532,\"caption\":\"El mandatario capitalino record\u00f3 que ya se inici\u00f3 con el proceso de reconstrucci\u00f3n de vivienda en delegaciones como Xochimilco e Iztapalapa\"},{\"@type\":\"BreadcrumbList\",\"@id\":\"https:\\\/\\\/centrourbano.com\\\/revista\\\/vivienda\\\/entrega-mancera-creditos-reparacion-vivienda\\\/#breadcrumb\",\"itemListElement\":[{\"@type\":\"ListItem\",\"position\":1,\"name\":\"Portada\",\"item\":\"https:\\\/\\\/centrourbano.com\\\/revista\\\/\"},{\"@type\":\"ListItem\",\"position\":2,\"name\":\"Entrega Mancera cr\u00e9ditos para reparaci\u00f3n de vivienda\"}]},{\"@type\":\"WebSite\",\"@id\":\"https:\\\/\\\/centrourbano.com\\\/revista\\\/#website\",\"url\":\"https:\\\/\\\/centrourbano.com\\\/revista\\\/\",\"name\":\"Centro Urbano\",\"description\":\"Medio especializado en los sectores vivienda, inmobiliario, construcci\u00f3n, arquitectura y urbanismo.\",\"publisher\":{\"@id\":\"https:\\\/\\\/centrourbano.com\\\/revista\\\/#organization\"},\"potentialAction\":[{\"@type\":\"SearchAction\",\"target\":{\"@type\":\"EntryPoint\",\"urlTemplate\":\"https:\\\/\\\/centrourbano.com\\\/revista\\\/?s={search_term_string}\"},\"query-input\":{\"@type\":\"PropertyValueSpecification\",\"valueRequired\":true,\"valueName\":\"search_term_string\"}}],\"inLanguage\":\"es\"},{\"@type\":\"Organization\",\"@id\":\"https:\\\/\\\/centrourbano.com\\\/revista\\\/#organization\",\"name\":\"Centro Urbano\",\"url\":\"https:\\\/\\\/centrourbano.com\\\/revista\\\/\",\"logo\":{\"@type\":\"ImageObject\",\"inLanguage\":\"es\",\"@id\":\"https:\\\/\\\/centrourbano.com\\\/revista\\\/#\\\/schema\\\/logo\\\/image\\\/\",\"url\":\"https:\\\/\\\/centrourbano.com\\\/revista\\\/wp-content\\\/uploads\\\/web_CU_logo-1.png\",\"contentUrl\":\"https:\\\/\\\/centrourbano.com\\\/revista\\\/wp-content\\\/uploads\\\/web_CU_logo-1.png\",\"width\":350,\"height\":91,\"caption\":\"Centro Urbano\"},\"image\":{\"@id\":\"https:\\\/\\\/centrourbano.com\\\/revista\\\/#\\\/schema\\\/logo\\\/image\\\/\"},\"sameAs\":[\"https:\\\/\\\/www.facebook.com\\\/portalcentrourbano\",\"https:\\\/\\\/x.com\\\/CentroUrbano\",\"https:\\\/\\\/www.instagram.com\\\/centro_urbano\\\/\",\"https:\\\/\\\/www.linkedin.com\\\/company\\\/centro-urbano\\\/\",\"http:\\\/\\\/www.youtube.com\\\/user\\\/portalcentrourbano\"]},{\"@type\":\"Person\",\"@id\":\"https:\\\/\\\/centrourbano.com\\\/revista\\\/#\\\/schema\\\/person\\\/ff3c00651ce5b1630479d2cd0c2e3ac0\",\"name\":\"Edgar Rosas\",\"image\":{\"@type\":\"ImageObject\",\"inLanguage\":\"es\",\"@id\":\"https:\\\/\\\/secure.gravatar.com\\\/avatar\\\/94440c4283495211faa5300bf85e80061036b83fced868c3783aa1310b350d9c?s=96&d=mm&r=g\",\"url\":\"https:\\\/\\\/secure.gravatar.com\\\/avatar\\\/94440c4283495211faa5300bf85e80061036b83fced868c3783aa1310b350d9c?s=96&d=mm&r=g\",\"contentUrl\":\"https:\\\/\\\/secure.gravatar.com\\\/avatar\\\/94440c4283495211faa5300bf85e80061036b83fced868c3783aa1310b350d9c?s=96&d=mm&r=g\",\"caption\":\"Edgar Rosas\"},\"description\":\"Editor en Jefe de Centro Urbano. Egresado de la maestr\u00eda en Periodismo Pol\u00edtico de la Escuela de Periodismo Carlos Septi\u00e9n Garc\u00eda (EPCSG). Estudi\u00f3 la licenciatura en Comunicaci\u00f3n en la Universidad Mexicana. Amante de la cr\u00f3nica y el reportaje. Admirador de Vicente Le\u00f1ero y Miguel \u00c1ngel Granados Chapa.\",\"sameAs\":[\"https:\\\/\\\/x.com\\\/https:\\\/\\\/twitter.com\\\/ERosasCU?s=09\"],\"url\":\"https:\\\/\\\/centrourbano.com\\\/revista\\\/author\\\/edgar-rosas\\\/\"}]}<\/script>\n<!-- \/ Yoast SEO plugin. -->","yoast_head_json":{"title":"Entrega Mancera cr\u00e9ditos para reparaci\u00f3n de vivienda -","description":"El jefe de Gobierno de la Ciudad de M\u00e9xico, Miguel \u00c1ngel Mancera, entreg\u00f3 122 cr\u00e9ditos para reparaci\u00f3n de vivienda a familias afectadas por el sismo del pasado 19 de septiembre.","robots":{"index":"index","follow":"follow","max-snippet":"max-snippet:-1","max-image-preview":"max-image-preview:large","max-video-preview":"max-video-preview:-1"},"canonical":"https:\/\/centrourbano.com\/revista\/vivienda\/entrega-mancera-creditos-reparacion-vivienda\/","og_locale":"es_ES","og_type":"article","og_title":"Entrega Mancera cr\u00e9ditos para reparaci\u00f3n de vivienda -","og_description":"El jefe de Gobierno de la Ciudad de M\u00e9xico, Miguel \u00c1ngel Mancera, entreg\u00f3 122 cr\u00e9ditos para reparaci\u00f3n de vivienda a familias afectadas por el sismo del pasado 19 de septiembre.","og_url":"https:\/\/centrourbano.com\/revista\/vivienda\/entrega-mancera-creditos-reparacion-vivienda\/","og_site_name":"Centro Urbano","article_publisher":"https:\/\/www.facebook.com\/portalcentrourbano","article_published_time":"2017-12-12T00:46:58+00:00","og_image":[{"width":800,"height":532,"url":"https:\/\/centrourbano.com\/revista\/wp-content\/uploads\/Mancera_Cr\u00e9ditosReparaci\u00f3n.jpeg","type":"image\/jpeg"}],"author":"Edgar Rosas","twitter_card":"summary_large_image","twitter_creator":"@https:\/\/twitter.com\/ERosasCU?s=09","twitter_site":"@CentroUrbano","twitter_misc":{"Escrito por":"Edgar Rosas","Tiempo de lectura":"1 minuto"},"schema":{"@context":"https:\/\/schema.org","@graph":[{"@type":"Article","@id":"https:\/\/centrourbano.com\/revista\/vivienda\/entrega-mancera-creditos-reparacion-vivienda\/#article","isPartOf":{"@id":"https:\/\/centrourbano.com\/revista\/vivienda\/entrega-mancera-creditos-reparacion-vivienda\/"},"author":{"name":"Edgar Rosas","@id":"https:\/\/centrourbano.com\/revista\/#\/schema\/person\/ff3c00651ce5b1630479d2cd0c2e3ac0"},"headline":"Entrega Mancera cr\u00e9ditos para reparaci\u00f3n de vivienda","datePublished":"2017-12-12T00:46:58+00:00","mainEntityOfPage":{"@id":"https:\/\/centrourbano.com\/revista\/vivienda\/entrega-mancera-creditos-reparacion-vivienda\/"},"wordCount":226,"commentCount":0,"publisher":{"@id":"https:\/\/centrourbano.com\/revista\/#organization"},"image":{"@id":"https:\/\/centrourbano.com\/revista\/vivienda\/entrega-mancera-creditos-reparacion-vivienda\/#primaryimage"},"thumbnailUrl":"https:\/\/centrourbano.com\/revista\/wp-content\/uploads\/Mancera_Cr\u00e9ditosReparaci\u00f3n.jpeg","keywords":["CDMX","ciudad de M\u00e9xico","Miguel \u00c1ngel Mancera Espinosa","reparaci\u00f3n de vivienda","Sismo","vivienda"],"articleSection":["Vivienda"],"inLanguage":"es","potentialAction":[{"@type":"CommentAction","name":"Comment","target":["https:\/\/centrourbano.com\/revista\/vivienda\/entrega-mancera-creditos-reparacion-vivienda\/#respond"]}]},{"@type":"WebPage","@id":"https:\/\/centrourbano.com\/revista\/vivienda\/entrega-mancera-creditos-reparacion-vivienda\/","url":"https:\/\/centrourbano.com\/revista\/vivienda\/entrega-mancera-creditos-reparacion-vivienda\/","name":"Entrega Mancera cr\u00e9ditos para reparaci\u00f3n de vivienda -","isPartOf":{"@id":"https:\/\/centrourbano.com\/revista\/#website"},"primaryImageOfPage":{"@id":"https:\/\/centrourbano.com\/revista\/vivienda\/entrega-mancera-creditos-reparacion-vivienda\/#primaryimage"},"image":{"@id":"https:\/\/centrourbano.com\/revista\/vivienda\/entrega-mancera-creditos-reparacion-vivienda\/#primaryimage"},"thumbnailUrl":"https:\/\/centrourbano.com\/revista\/wp-content\/uploads\/Mancera_Cr\u00e9ditosReparaci\u00f3n.jpeg","datePublished":"2017-12-12T00:46:58+00:00","description":"El jefe de Gobierno de la Ciudad de M\u00e9xico, Miguel \u00c1ngel Mancera, entreg\u00f3 122 cr\u00e9ditos para reparaci\u00f3n de vivienda a familias afectadas por el sismo del pasado 19 de septiembre.","breadcrumb":{"@id":"https:\/\/centrourbano.com\/revista\/vivienda\/entrega-mancera-creditos-reparacion-vivienda\/#breadcrumb"},"inLanguage":"es","potentialAction":[{"@type":"ReadAction","target":["https:\/\/centrourbano.com\/revista\/vivienda\/entrega-mancera-creditos-reparacion-vivienda\/"]}]},{"@type":"ImageObject","inLanguage":"es","@id":"https:\/\/centrourbano.com\/revista\/vivienda\/entrega-mancera-creditos-reparacion-vivienda\/#primaryimage","url":"https:\/\/centrourbano.com\/revista\/wp-content\/uploads\/Mancera_Cr\u00e9ditosReparaci\u00f3n.jpeg","contentUrl":"https:\/\/centrourbano.com\/revista\/wp-content\/uploads\/Mancera_Cr\u00e9ditosReparaci\u00f3n.jpeg","width":800,"height":532,"caption":"El mandatario capitalino record\u00f3 que ya se inici\u00f3 con el proceso de reconstrucci\u00f3n de vivienda en delegaciones como Xochimilco e Iztapalapa"},{"@type":"BreadcrumbList","@id":"https:\/\/centrourbano.com\/revista\/vivienda\/entrega-mancera-creditos-reparacion-vivienda\/#breadcrumb","itemListElement":[{"@type":"ListItem","position":1,"name":"Portada","item":"https:\/\/centrourbano.com\/revista\/"},{"@type":"ListItem","position":2,"name":"Entrega Mancera cr\u00e9ditos para reparaci\u00f3n de vivienda"}]},{"@type":"WebSite","@id":"https:\/\/centrourbano.com\/revista\/#website","url":"https:\/\/centrourbano.com\/revista\/","name":"Centro Urbano","description":"Medio especializado en los sectores vivienda, inmobiliario, construcci\u00f3n, arquitectura y urbanismo.","publisher":{"@id":"https:\/\/centrourbano.com\/revista\/#organization"},"potentialAction":[{"@type":"SearchAction","target":{"@type":"EntryPoint","urlTemplate":"https:\/\/centrourbano.com\/revista\/?s={search_term_string}"},"query-input":{"@type":"PropertyValueSpecification","valueRequired":true,"valueName":"search_term_string"}}],"inLanguage":"es"},{"@type":"Organization","@id":"https:\/\/centrourbano.com\/revista\/#organization","name":"Centro Urbano","url":"https:\/\/centrourbano.com\/revista\/","logo":{"@type":"ImageObject","inLanguage":"es","@id":"https:\/\/centrourbano.com\/revista\/#\/schema\/logo\/image\/","url":"https:\/\/centrourbano.com\/revista\/wp-content\/uploads\/web_CU_logo-1.png","contentUrl":"https:\/\/centrourbano.com\/revista\/wp-content\/uploads\/web_CU_logo-1.png","width":350,"height":91,"caption":"Centro Urbano"},"image":{"@id":"https:\/\/centrourbano.com\/revista\/#\/schema\/logo\/image\/"},"sameAs":["https:\/\/www.facebook.com\/portalcentrourbano","https:\/\/x.com\/CentroUrbano","https:\/\/www.instagram.com\/centro_urbano\/","https:\/\/www.linkedin.com\/company\/centro-urbano\/","http:\/\/www.youtube.com\/user\/portalcentrourbano"]},{"@type":"Person","@id":"https:\/\/centrourbano.com\/revista\/#\/schema\/person\/ff3c00651ce5b1630479d2cd0c2e3ac0","name":"Edgar Rosas","image":{"@type":"ImageObject","inLanguage":"es","@id":"https:\/\/secure.gravatar.com\/avatar\/94440c4283495211faa5300bf85e80061036b83fced868c3783aa1310b350d9c?s=96&d=mm&r=g","url":"https:\/\/secure.gravatar.com\/avatar\/94440c4283495211faa5300bf85e80061036b83fced868c3783aa1310b350d9c?s=96&d=mm&r=g","contentUrl":"https:\/\/secure.gravatar.com\/avatar\/94440c4283495211faa5300bf85e80061036b83fced868c3783aa1310b350d9c?s=96&d=mm&r=g","caption":"Edgar Rosas"},"description":"Editor en Jefe de Centro Urbano. Egresado de la maestr\u00eda en Periodismo Pol\u00edtico de la Escuela de Periodismo Carlos Septi\u00e9n Garc\u00eda (EPCSG). Estudi\u00f3 la licenciatura en Comunicaci\u00f3n en la Universidad Mexicana. Amante de la cr\u00f3nica y el reportaje. Admirador de Vicente Le\u00f1ero y Miguel \u00c1ngel Granados Chapa.","sameAs":["https:\/\/x.com\/https:\/\/twitter.com\/ERosasCU?s=09"],"url":"https:\/\/centrourbano.com\/revista\/author\/edgar-rosas\/"}]}},"_links":{"self":[{"href":"https:\/\/centrourbano.com\/revista\/wp-json\/wp\/v2\/posts\/64069","targetHints":{"allow":["GET"]}}],"collection":[{"href":"https:\/\/centrourbano.com\/revista\/wp-json\/wp\/v2\/posts"}],"about":[{"href":"https:\/\/centrourbano.com\/revista\/wp-json\/wp\/v2\/types\/post"}],"author":[{"embeddable":true,"href":"https:\/\/centrourbano.com\/revista\/wp-json\/wp\/v2\/users\/47"}],"replies":[{"embeddable":true,"href":"https:\/\/centrourbano.com\/revista\/wp-json\/wp\/v2\/comments?post=64069"}],"version-history":[{"count":1,"href":"https:\/\/centrourbano.com\/revista\/wp-json\/wp\/v2\/posts\/64069\/revisions"}],"predecessor-version":[{"id":64072,"href":"https:\/\/centrourbano.com\/revista\/wp-json\/wp\/v2\/posts\/64069\/revisions\/64072"}],"wp:featuredmedia":[{"embeddable":true,"href":"https:\/\/centrourbano.com\/revista\/wp-json\/wp\/v2\/media\/64071"}],"wp:attachment":[{"href":"https:\/\/centrourbano.com\/revista\/wp-json\/wp\/v2\/media?parent=64069"}],"wp:term":[{"taxonomy":"category","embeddable":true,"href":"https:\/\/centrourbano.com\/revista\/wp-json\/wp\/v2\/categories?post=64069"},{"taxonomy":"post_tag","embeddable":true,"href":"https:\/\/centrourbano.com\/revista\/wp-json\/wp\/v2\/tags?post=64069"}],"curies":[{"name":"wp","href":"https:\/\/api.w.org\/{rel}","templated":true}]}}