{"id":64012,"date":"2017-12-11T11:19:18","date_gmt":"2017-12-11T17:19:18","guid":{"rendered":"https:\/\/centrourbano.com\/?p=64012"},"modified":"2017-12-11T11:20:57","modified_gmt":"2017-12-11T17:20:57","slug":"recuperan-corredor-rio-la-piedad","status":"publish","type":"post","link":"https:\/\/centrourbano.com\/revista\/urbanismo\/recuperan-corredor-rio-la-piedad\/","title":{"rendered":"Recuperan corredor de R\u00edo de la Piedad"},"content":{"rendered":"<p><em>Cuenta con una longitud de 1.6 kil\u00f3metros y 2.6 metros de ancho, beneficiar\u00e1 a alrededor de 300,000 habitantes<\/em><!--more--><\/p>\n<p>&nbsp;<\/p>\n<p>El gobierno de la Ciudad de M\u00e9xico construy\u00f3 el Ecoducto CDMX R\u00edo de la Piedad sobre el camell\u00f3n que divide los sentidos del Viaducto Miguel Alem\u00e1n, esto como parte de las acciones en favor de la lucha contra el cambio clim\u00e1tico.<\/p>\n<p>El espacio cuenta con 4,800 metros de vegetaci\u00f3n y 50,000 ejemplares de plantas, lo que contribuye a la reducci\u00f3n de 50 toneladas de carbono emitidas a la atm\u00f3sfera cada a\u00f1o y favorece la producci\u00f3n de ox\u00edgeno.<\/p>\n<p>Adem\u00e1s, la vegetaci\u00f3n reduce 10 decibeles del ruido al interior del parque y disminuye la acumulaci\u00f3n de calor en la zona.<\/p>\n<p>El corredor cuenta con 110 bancas, 15 techumbres para el resguardo del sol, 186 luminarias, 31 reflectores RGB para iluminaci\u00f3n art\u00edstica de los \u00e1rboles y 48 conectores USB para la recarga de aparatos el\u00e9ctricos. Ambos lados del corredor cuentan con un barandal de 1.50 metros de altura a fin de brindar seguridad a los paseantes, as\u00ed como cuatro entradas ubicadas en los cruceros de Viaducto con las avenidas Insurgentes, Patricio Sanz, Medell\u00edn y Monterrey.<\/p>\n<p>La recuperaci\u00f3n fue integral y se hizo una rehabilitaci\u00f3n del entorno vial con accesibilidad total por lo que se construir\u00e1n escaleras, rampas, pasos seguros, ampliaci\u00f3n de las banquetas, adecuaciones geom\u00e9tricas en esquinas y camellones. Con esto, se dignific\u00f3 un \u00e1rea que ya era utilizada por las personas para su esparcimiento, y se trata de la primera intervenci\u00f3n del gobierno despu\u00e9s de casi 75 a\u00f1os de que fue entubado el r\u00edo.<\/p>\n<p>Para la segunda etapa se realizar\u00e1 un concurso para la construcci\u00f3n de un pabell\u00f3n cultural y educativo, por lo que este espacio brinda la posibilidad de ser utilizado para fines did\u00e1cticos y de educaci\u00f3n ambiental.<\/p>\n<a href=\"https:\/\/centrourbano.com\/revista\/wp-content\/uploads\/riodelapiedad2.jpg\"><img loading=\"lazy\" decoding=\"async\" class=\"aligncenter  wp-image-64016\" src=\"https:\/\/centrourbano.com\/revista\/wp-content\/uploads\/riodelapiedad2-300x200.jpg\" alt=\" Recuperan corredor de R\u00edo de la Piedad\" width=\"418\" height=\"279\" srcset=\"https:\/\/centrourbano.com\/revista\/wp-content\/uploads\/riodelapiedad2-300x200.jpg 300w, https:\/\/centrourbano.com\/revista\/wp-content\/uploads\/riodelapiedad2-768x512.jpg 768w, https:\/\/centrourbano.com\/revista\/wp-content\/uploads\/riodelapiedad2-1024x682.jpg 1024w, https:\/\/centrourbano.com\/revista\/wp-content\/uploads\/riodelapiedad2.jpg 1280w\" sizes=\"auto, (max-width: 418px) 100vw, 418px\" \/><\/a>\n<p>El parque lineal que va desde la calle Uni\u00f3n hasta la Avenida Monterrey, cuenta con una longitud de 1.6 kil\u00f3metros y 2.6 metros de ancho, beneficiar\u00e1 a alrededor de 300,000 habitantes de la ciudad con un \u00e1rea de esparcimiento que, adem\u00e1s, est\u00e1 dise\u00f1ada para el tratamiento de 30,000 litros de agua residual del R\u00edo de la Piedad que se encuentra entubada.<\/p>\n<p>El proceso para pulir la calidad de las aguas negras necesita de ocho biodoigestores y cuatro humedales artificiales que remueven los principales contaminantes que se encuentran en las aguas residuales como materia carbonosa, microorganismos pat\u00f3genos, nutrientes, s\u00f3lidos suspendidos y metales pesados. Con esto, el gobierno capitalino ahorrar\u00e1 hasta 300,000 pesos que destinaba cada a\u00f1o en la compra de agua tratada.<\/p>\n<p>&nbsp;<\/p>\n","protected":false},"excerpt":{"rendered":"<p>Cuenta con una longitud de 1.6 kil\u00f3metros y 2.6 metros de ancho, beneficiar\u00e1 a alrededor de 300,000 habitantes<\/p>\n","protected":false},"author":45,"featured_media":64013,"comment_status":"open","ping_status":"closed","sticky":false,"template":"","format":"standard","meta":{"om_disable_all_campaigns":false,"inline_featured_image":false,"_monsterinsights_skip_tracking":false,"_monsterinsights_sitenote_active":false,"_monsterinsights_sitenote_note":"","_monsterinsights_sitenote_category":0,"footnotes":""},"categories":[82],"tags":[606,290,12179,1664,12186],"class_list":["post-64012","post","type-post","status-publish","format-standard","has-post-thumbnail","hentry","category-urbanismo","tag-cdmx","tag-ciudad-de-mexico","tag-ecoducto","tag-parque-lineal","tag-rio-de-la-piedad"],"yoast_head":"<!-- This site is optimized with the Yoast SEO plugin v27.5 - https:\/\/yoast.com\/product\/yoast-seo-wordpress\/ -->\n<title>Recuperan corredor de R\u00edo de la Piedad -<\/title>\n<meta name=\"description\" content=\"Cuenta con una longitud de 1.6 kil\u00f3metros y 2.6 metros de ancho, beneficiar\u00e1 a alrededor de 300,000 habitantes\" \/>\n<meta name=\"robots\" content=\"index, follow, max-snippet:-1, max-image-preview:large, max-video-preview:-1\" \/>\n<link rel=\"canonical\" href=\"https:\/\/centrourbano.com\/revista\/urbanismo\/recuperan-corredor-rio-la-piedad\/\" \/>\n<meta property=\"og:locale\" content=\"es_ES\" \/>\n<meta property=\"og:type\" content=\"article\" \/>\n<meta property=\"og:title\" content=\"Recuperan corredor de R\u00edo de la Piedad -\" \/>\n<meta property=\"og:description\" content=\"Cuenta con una longitud de 1.6 kil\u00f3metros y 2.6 metros de ancho, beneficiar\u00e1 a alrededor de 300,000 habitantes\" \/>\n<meta property=\"og:url\" content=\"https:\/\/centrourbano.com\/revista\/urbanismo\/recuperan-corredor-rio-la-piedad\/\" \/>\n<meta property=\"og:site_name\" content=\"Centro Urbano\" \/>\n<meta property=\"article:publisher\" content=\"https:\/\/www.facebook.com\/portalcentrourbano\" \/>\n<meta property=\"article:published_time\" content=\"2017-12-11T17:19:18+00:00\" \/>\n<meta property=\"article:modified_time\" content=\"2017-12-11T17:20:57+00:00\" \/>\n<meta property=\"og:image\" content=\"https:\/\/centrourbano.com\/revista\/wp-content\/uploads\/riodelapiedad.jpeg\" \/>\n\t<meta property=\"og:image:width\" content=\"1280\" \/>\n\t<meta property=\"og:image:height\" content=\"853\" \/>\n\t<meta property=\"og:image:type\" content=\"image\/jpeg\" \/>\n<meta name=\"author\" content=\"Hanae Pacheco\" \/>\n<meta name=\"twitter:card\" content=\"summary_large_image\" \/>\n<meta name=\"twitter:creator\" content=\"@CentroUrbano\" \/>\n<meta name=\"twitter:site\" content=\"@CentroUrbano\" \/>\n<meta name=\"twitter:label1\" content=\"Escrito por\" \/>\n\t<meta name=\"twitter:data1\" content=\"Hanae Pacheco\" \/>\n\t<meta name=\"twitter:label2\" content=\"Tiempo de lectura\" \/>\n\t<meta name=\"twitter:data2\" content=\"2 minutos\" \/>\n<script type=\"application\/ld+json\" class=\"yoast-schema-graph\">{\"@context\":\"https:\\\/\\\/schema.org\",\"@graph\":[{\"@type\":\"Article\",\"@id\":\"https:\\\/\\\/centrourbano.com\\\/revista\\\/urbanismo\\\/recuperan-corredor-rio-la-piedad\\\/#article\",\"isPartOf\":{\"@id\":\"https:\\\/\\\/centrourbano.com\\\/revista\\\/urbanismo\\\/recuperan-corredor-rio-la-piedad\\\/\"},\"author\":{\"name\":\"Hanae Pacheco\",\"@id\":\"https:\\\/\\\/centrourbano.com\\\/revista\\\/#\\\/schema\\\/person\\\/db5aba19153b4dc77f48808c4c2e7027\"},\"headline\":\"Recuperan corredor de R\u00edo de la Piedad\",\"datePublished\":\"2017-12-11T17:19:18+00:00\",\"dateModified\":\"2017-12-11T17:20:57+00:00\",\"mainEntityOfPage\":{\"@id\":\"https:\\\/\\\/centrourbano.com\\\/revista\\\/urbanismo\\\/recuperan-corredor-rio-la-piedad\\\/\"},\"wordCount\":447,\"commentCount\":0,\"publisher\":{\"@id\":\"https:\\\/\\\/centrourbano.com\\\/revista\\\/#organization\"},\"image\":{\"@id\":\"https:\\\/\\\/centrourbano.com\\\/revista\\\/urbanismo\\\/recuperan-corredor-rio-la-piedad\\\/#primaryimage\"},\"thumbnailUrl\":\"https:\\\/\\\/centrourbano.com\\\/revista\\\/wp-content\\\/uploads\\\/riodelapiedad.jpeg\",\"keywords\":[\"CDMX\",\"ciudad de M\u00e9xico\",\"Ecoducto\",\"parque lineal\",\"R\u00edo de la Piedad\"],\"articleSection\":[\"Urbanismo\"],\"inLanguage\":\"es\",\"potentialAction\":[{\"@type\":\"CommentAction\",\"name\":\"Comment\",\"target\":[\"https:\\\/\\\/centrourbano.com\\\/revista\\\/urbanismo\\\/recuperan-corredor-rio-la-piedad\\\/#respond\"]}]},{\"@type\":\"WebPage\",\"@id\":\"https:\\\/\\\/centrourbano.com\\\/revista\\\/urbanismo\\\/recuperan-corredor-rio-la-piedad\\\/\",\"url\":\"https:\\\/\\\/centrourbano.com\\\/revista\\\/urbanismo\\\/recuperan-corredor-rio-la-piedad\\\/\",\"name\":\"Recuperan corredor de R\u00edo de la Piedad -\",\"isPartOf\":{\"@id\":\"https:\\\/\\\/centrourbano.com\\\/revista\\\/#website\"},\"primaryImageOfPage\":{\"@id\":\"https:\\\/\\\/centrourbano.com\\\/revista\\\/urbanismo\\\/recuperan-corredor-rio-la-piedad\\\/#primaryimage\"},\"image\":{\"@id\":\"https:\\\/\\\/centrourbano.com\\\/revista\\\/urbanismo\\\/recuperan-corredor-rio-la-piedad\\\/#primaryimage\"},\"thumbnailUrl\":\"https:\\\/\\\/centrourbano.com\\\/revista\\\/wp-content\\\/uploads\\\/riodelapiedad.jpeg\",\"datePublished\":\"2017-12-11T17:19:18+00:00\",\"dateModified\":\"2017-12-11T17:20:57+00:00\",\"description\":\"Cuenta con una longitud de 1.6 kil\u00f3metros y 2.6 metros de ancho, beneficiar\u00e1 a alrededor de 300,000 habitantes\",\"breadcrumb\":{\"@id\":\"https:\\\/\\\/centrourbano.com\\\/revista\\\/urbanismo\\\/recuperan-corredor-rio-la-piedad\\\/#breadcrumb\"},\"inLanguage\":\"es\",\"potentialAction\":[{\"@type\":\"ReadAction\",\"target\":[\"https:\\\/\\\/centrourbano.com\\\/revista\\\/urbanismo\\\/recuperan-corredor-rio-la-piedad\\\/\"]}]},{\"@type\":\"ImageObject\",\"inLanguage\":\"es\",\"@id\":\"https:\\\/\\\/centrourbano.com\\\/revista\\\/urbanismo\\\/recuperan-corredor-rio-la-piedad\\\/#primaryimage\",\"url\":\"https:\\\/\\\/centrourbano.com\\\/revista\\\/wp-content\\\/uploads\\\/riodelapiedad.jpeg\",\"contentUrl\":\"https:\\\/\\\/centrourbano.com\\\/revista\\\/wp-content\\\/uploads\\\/riodelapiedad.jpeg\",\"width\":1280,\"height\":853,\"caption\":\"Cuenta con una longitud de 1.6 kil\u00f3metros y 2.6 metros de ancho, beneficiar\u00e1 a alrededor de 300,000 habitantes\"},{\"@type\":\"BreadcrumbList\",\"@id\":\"https:\\\/\\\/centrourbano.com\\\/revista\\\/urbanismo\\\/recuperan-corredor-rio-la-piedad\\\/#breadcrumb\",\"itemListElement\":[{\"@type\":\"ListItem\",\"position\":1,\"name\":\"Portada\",\"item\":\"https:\\\/\\\/centrourbano.com\\\/revista\\\/\"},{\"@type\":\"ListItem\",\"position\":2,\"name\":\"Recuperan corredor de R\u00edo de la Piedad\"}]},{\"@type\":\"WebSite\",\"@id\":\"https:\\\/\\\/centrourbano.com\\\/revista\\\/#website\",\"url\":\"https:\\\/\\\/centrourbano.com\\\/revista\\\/\",\"name\":\"Centro Urbano\",\"description\":\"Medio especializado en los sectores vivienda, inmobiliario, construcci\u00f3n, arquitectura y urbanismo.\",\"publisher\":{\"@id\":\"https:\\\/\\\/centrourbano.com\\\/revista\\\/#organization\"},\"potentialAction\":[{\"@type\":\"SearchAction\",\"target\":{\"@type\":\"EntryPoint\",\"urlTemplate\":\"https:\\\/\\\/centrourbano.com\\\/revista\\\/?s={search_term_string}\"},\"query-input\":{\"@type\":\"PropertyValueSpecification\",\"valueRequired\":true,\"valueName\":\"search_term_string\"}}],\"inLanguage\":\"es\"},{\"@type\":\"Organization\",\"@id\":\"https:\\\/\\\/centrourbano.com\\\/revista\\\/#organization\",\"name\":\"Centro Urbano\",\"url\":\"https:\\\/\\\/centrourbano.com\\\/revista\\\/\",\"logo\":{\"@type\":\"ImageObject\",\"inLanguage\":\"es\",\"@id\":\"https:\\\/\\\/centrourbano.com\\\/revista\\\/#\\\/schema\\\/logo\\\/image\\\/\",\"url\":\"https:\\\/\\\/centrourbano.com\\\/revista\\\/wp-content\\\/uploads\\\/web_CU_logo-1.png\",\"contentUrl\":\"https:\\\/\\\/centrourbano.com\\\/revista\\\/wp-content\\\/uploads\\\/web_CU_logo-1.png\",\"width\":350,\"height\":91,\"caption\":\"Centro Urbano\"},\"image\":{\"@id\":\"https:\\\/\\\/centrourbano.com\\\/revista\\\/#\\\/schema\\\/logo\\\/image\\\/\"},\"sameAs\":[\"https:\\\/\\\/www.facebook.com\\\/portalcentrourbano\",\"https:\\\/\\\/x.com\\\/CentroUrbano\",\"https:\\\/\\\/www.instagram.com\\\/centro_urbano\\\/\",\"https:\\\/\\\/www.linkedin.com\\\/company\\\/centro-urbano\\\/\",\"http:\\\/\\\/www.youtube.com\\\/user\\\/portalcentrourbano\"]},{\"@type\":\"Person\",\"@id\":\"https:\\\/\\\/centrourbano.com\\\/revista\\\/#\\\/schema\\\/person\\\/db5aba19153b4dc77f48808c4c2e7027\",\"name\":\"Hanae Pacheco\",\"image\":{\"@type\":\"ImageObject\",\"inLanguage\":\"es\",\"@id\":\"https:\\\/\\\/secure.gravatar.com\\\/avatar\\\/85378918db488c7c72bd7acaea6909bbfd5df076ffaf5e56cf397f98ef67f72d?s=96&d=mm&r=g\",\"url\":\"https:\\\/\\\/secure.gravatar.com\\\/avatar\\\/85378918db488c7c72bd7acaea6909bbfd5df076ffaf5e56cf397f98ef67f72d?s=96&d=mm&r=g\",\"contentUrl\":\"https:\\\/\\\/secure.gravatar.com\\\/avatar\\\/85378918db488c7c72bd7acaea6909bbfd5df076ffaf5e56cf397f98ef67f72d?s=96&d=mm&r=g\",\"caption\":\"Hanae Pacheco\"},\"url\":\"https:\\\/\\\/centrourbano.com\\\/revista\\\/author\\\/hanae-pacheco\\\/\"}]}<\/script>\n<!-- \/ Yoast SEO plugin. -->","yoast_head_json":{"title":"Recuperan corredor de R\u00edo de la Piedad -","description":"Cuenta con una longitud de 1.6 kil\u00f3metros y 2.6 metros de ancho, beneficiar\u00e1 a alrededor de 300,000 habitantes","robots":{"index":"index","follow":"follow","max-snippet":"max-snippet:-1","max-image-preview":"max-image-preview:large","max-video-preview":"max-video-preview:-1"},"canonical":"https:\/\/centrourbano.com\/revista\/urbanismo\/recuperan-corredor-rio-la-piedad\/","og_locale":"es_ES","og_type":"article","og_title":"Recuperan corredor de R\u00edo de la Piedad -","og_description":"Cuenta con una longitud de 1.6 kil\u00f3metros y 2.6 metros de ancho, beneficiar\u00e1 a alrededor de 300,000 habitantes","og_url":"https:\/\/centrourbano.com\/revista\/urbanismo\/recuperan-corredor-rio-la-piedad\/","og_site_name":"Centro Urbano","article_publisher":"https:\/\/www.facebook.com\/portalcentrourbano","article_published_time":"2017-12-11T17:19:18+00:00","article_modified_time":"2017-12-11T17:20:57+00:00","og_image":[{"width":1280,"height":853,"url":"https:\/\/centrourbano.com\/revista\/wp-content\/uploads\/riodelapiedad.jpeg","type":"image\/jpeg"}],"author":"Hanae Pacheco","twitter_card":"summary_large_image","twitter_creator":"@CentroUrbano","twitter_site":"@CentroUrbano","twitter_misc":{"Escrito por":"Hanae Pacheco","Tiempo de lectura":"2 minutos"},"schema":{"@context":"https:\/\/schema.org","@graph":[{"@type":"Article","@id":"https:\/\/centrourbano.com\/revista\/urbanismo\/recuperan-corredor-rio-la-piedad\/#article","isPartOf":{"@id":"https:\/\/centrourbano.com\/revista\/urbanismo\/recuperan-corredor-rio-la-piedad\/"},"author":{"name":"Hanae Pacheco","@id":"https:\/\/centrourbano.com\/revista\/#\/schema\/person\/db5aba19153b4dc77f48808c4c2e7027"},"headline":"Recuperan corredor de R\u00edo de la Piedad","datePublished":"2017-12-11T17:19:18+00:00","dateModified":"2017-12-11T17:20:57+00:00","mainEntityOfPage":{"@id":"https:\/\/centrourbano.com\/revista\/urbanismo\/recuperan-corredor-rio-la-piedad\/"},"wordCount":447,"commentCount":0,"publisher":{"@id":"https:\/\/centrourbano.com\/revista\/#organization"},"image":{"@id":"https:\/\/centrourbano.com\/revista\/urbanismo\/recuperan-corredor-rio-la-piedad\/#primaryimage"},"thumbnailUrl":"https:\/\/centrourbano.com\/revista\/wp-content\/uploads\/riodelapiedad.jpeg","keywords":["CDMX","ciudad de M\u00e9xico","Ecoducto","parque lineal","R\u00edo de la Piedad"],"articleSection":["Urbanismo"],"inLanguage":"es","potentialAction":[{"@type":"CommentAction","name":"Comment","target":["https:\/\/centrourbano.com\/revista\/urbanismo\/recuperan-corredor-rio-la-piedad\/#respond"]}]},{"@type":"WebPage","@id":"https:\/\/centrourbano.com\/revista\/urbanismo\/recuperan-corredor-rio-la-piedad\/","url":"https:\/\/centrourbano.com\/revista\/urbanismo\/recuperan-corredor-rio-la-piedad\/","name":"Recuperan corredor de R\u00edo de la Piedad -","isPartOf":{"@id":"https:\/\/centrourbano.com\/revista\/#website"},"primaryImageOfPage":{"@id":"https:\/\/centrourbano.com\/revista\/urbanismo\/recuperan-corredor-rio-la-piedad\/#primaryimage"},"image":{"@id":"https:\/\/centrourbano.com\/revista\/urbanismo\/recuperan-corredor-rio-la-piedad\/#primaryimage"},"thumbnailUrl":"https:\/\/centrourbano.com\/revista\/wp-content\/uploads\/riodelapiedad.jpeg","datePublished":"2017-12-11T17:19:18+00:00","dateModified":"2017-12-11T17:20:57+00:00","description":"Cuenta con una longitud de 1.6 kil\u00f3metros y 2.6 metros de ancho, beneficiar\u00e1 a alrededor de 300,000 habitantes","breadcrumb":{"@id":"https:\/\/centrourbano.com\/revista\/urbanismo\/recuperan-corredor-rio-la-piedad\/#breadcrumb"},"inLanguage":"es","potentialAction":[{"@type":"ReadAction","target":["https:\/\/centrourbano.com\/revista\/urbanismo\/recuperan-corredor-rio-la-piedad\/"]}]},{"@type":"ImageObject","inLanguage":"es","@id":"https:\/\/centrourbano.com\/revista\/urbanismo\/recuperan-corredor-rio-la-piedad\/#primaryimage","url":"https:\/\/centrourbano.com\/revista\/wp-content\/uploads\/riodelapiedad.jpeg","contentUrl":"https:\/\/centrourbano.com\/revista\/wp-content\/uploads\/riodelapiedad.jpeg","width":1280,"height":853,"caption":"Cuenta con una longitud de 1.6 kil\u00f3metros y 2.6 metros de ancho, beneficiar\u00e1 a alrededor de 300,000 habitantes"},{"@type":"BreadcrumbList","@id":"https:\/\/centrourbano.com\/revista\/urbanismo\/recuperan-corredor-rio-la-piedad\/#breadcrumb","itemListElement":[{"@type":"ListItem","position":1,"name":"Portada","item":"https:\/\/centrourbano.com\/revista\/"},{"@type":"ListItem","position":2,"name":"Recuperan corredor de R\u00edo de la Piedad"}]},{"@type":"WebSite","@id":"https:\/\/centrourbano.com\/revista\/#website","url":"https:\/\/centrourbano.com\/revista\/","name":"Centro Urbano","description":"Medio especializado en los sectores vivienda, inmobiliario, construcci\u00f3n, arquitectura y urbanismo.","publisher":{"@id":"https:\/\/centrourbano.com\/revista\/#organization"},"potentialAction":[{"@type":"SearchAction","target":{"@type":"EntryPoint","urlTemplate":"https:\/\/centrourbano.com\/revista\/?s={search_term_string}"},"query-input":{"@type":"PropertyValueSpecification","valueRequired":true,"valueName":"search_term_string"}}],"inLanguage":"es"},{"@type":"Organization","@id":"https:\/\/centrourbano.com\/revista\/#organization","name":"Centro Urbano","url":"https:\/\/centrourbano.com\/revista\/","logo":{"@type":"ImageObject","inLanguage":"es","@id":"https:\/\/centrourbano.com\/revista\/#\/schema\/logo\/image\/","url":"https:\/\/centrourbano.com\/revista\/wp-content\/uploads\/web_CU_logo-1.png","contentUrl":"https:\/\/centrourbano.com\/revista\/wp-content\/uploads\/web_CU_logo-1.png","width":350,"height":91,"caption":"Centro Urbano"},"image":{"@id":"https:\/\/centrourbano.com\/revista\/#\/schema\/logo\/image\/"},"sameAs":["https:\/\/www.facebook.com\/portalcentrourbano","https:\/\/x.com\/CentroUrbano","https:\/\/www.instagram.com\/centro_urbano\/","https:\/\/www.linkedin.com\/company\/centro-urbano\/","http:\/\/www.youtube.com\/user\/portalcentrourbano"]},{"@type":"Person","@id":"https:\/\/centrourbano.com\/revista\/#\/schema\/person\/db5aba19153b4dc77f48808c4c2e7027","name":"Hanae Pacheco","image":{"@type":"ImageObject","inLanguage":"es","@id":"https:\/\/secure.gravatar.com\/avatar\/85378918db488c7c72bd7acaea6909bbfd5df076ffaf5e56cf397f98ef67f72d?s=96&d=mm&r=g","url":"https:\/\/secure.gravatar.com\/avatar\/85378918db488c7c72bd7acaea6909bbfd5df076ffaf5e56cf397f98ef67f72d?s=96&d=mm&r=g","contentUrl":"https:\/\/secure.gravatar.com\/avatar\/85378918db488c7c72bd7acaea6909bbfd5df076ffaf5e56cf397f98ef67f72d?s=96&d=mm&r=g","caption":"Hanae Pacheco"},"url":"https:\/\/centrourbano.com\/revista\/author\/hanae-pacheco\/"}]}},"_links":{"self":[{"href":"https:\/\/centrourbano.com\/revista\/wp-json\/wp\/v2\/posts\/64012","targetHints":{"allow":["GET"]}}],"collection":[{"href":"https:\/\/centrourbano.com\/revista\/wp-json\/wp\/v2\/posts"}],"about":[{"href":"https:\/\/centrourbano.com\/revista\/wp-json\/wp\/v2\/types\/post"}],"author":[{"embeddable":true,"href":"https:\/\/centrourbano.com\/revista\/wp-json\/wp\/v2\/users\/45"}],"replies":[{"embeddable":true,"href":"https:\/\/centrourbano.com\/revista\/wp-json\/wp\/v2\/comments?post=64012"}],"version-history":[{"count":3,"href":"https:\/\/centrourbano.com\/revista\/wp-json\/wp\/v2\/posts\/64012\/revisions"}],"predecessor-version":[{"id":64018,"href":"https:\/\/centrourbano.com\/revista\/wp-json\/wp\/v2\/posts\/64012\/revisions\/64018"}],"wp:featuredmedia":[{"embeddable":true,"href":"https:\/\/centrourbano.com\/revista\/wp-json\/wp\/v2\/media\/64013"}],"wp:attachment":[{"href":"https:\/\/centrourbano.com\/revista\/wp-json\/wp\/v2\/media?parent=64012"}],"wp:term":[{"taxonomy":"category","embeddable":true,"href":"https:\/\/centrourbano.com\/revista\/wp-json\/wp\/v2\/categories?post=64012"},{"taxonomy":"post_tag","embeddable":true,"href":"https:\/\/centrourbano.com\/revista\/wp-json\/wp\/v2\/tags?post=64012"}],"curies":[{"name":"wp","href":"https:\/\/api.w.org\/{rel}","templated":true}]}}