{"id":64006,"date":"2017-12-11T11:25:27","date_gmt":"2017-12-11T17:25:27","guid":{"rendered":"https:\/\/centrourbano.com\/?p=64006"},"modified":"2017-12-11T12:50:47","modified_gmt":"2017-12-11T18:50:47","slug":"continuan-avances-del-tren-interurbano","status":"publish","type":"post","link":"https:\/\/centrourbano.com\/revista\/construccion\/continuan-avances-del-tren-interurbano\/","title":{"rendered":"Contin\u00faan avances del Tren Interurbano"},"content":{"rendered":"<p><em>Este nuevo medio de transporte har\u00e1 que se dejen de utilizar 25,000 veh\u00edculos y prev\u00e9n que est\u00e1 cantidad pueda aumentar<\/em><!--more--><\/p>\n<p>El secretario de Comunicaciones y Transportes (SCT), Gerardo Ruiz Esparza y gobernador del Estado de M\u00e9xico, Alfredo del Mazo Maza, realizaron un recorrido de supervisi\u00f3n del Tren Interurbano M\u00e9xico-Toluca, que iniciar\u00e1 ensayos operativos en el primer semestre de 2018.<\/p>\n<p>Ruiz Esparza y Del Mazo Maza supervisaron cinco tramos, entre ellos el de Zinacantepec-La Marquesa, que tiene una longitud de 36.17 kil\u00f3metros, 23 kil\u00f3metros de viaductos y las estaciones que ser\u00e1n de Zinacantepec, Pino Su\u00e1rez, Tecnol\u00f3gico y Lerma, cuentan con diferentes niveles de avance.<\/p>\n<p>El gobernador del Estado de M\u00e9xico, destac\u00f3 la importancia del avance de la obra en su etapa de pruebas y de acuerdo con \u00e9l, esperan que a principios del pr\u00f3ximo a\u00f1o termine la obra civil e inicie operaciones a finales de 2018.<\/p>\n<p>\u201cEsta obra ser\u00e1 de gran utilidad para el pa\u00eds y para el Estado de M\u00e9xico, lo que nos pondr\u00e1 a la vanguardia\u201d, afirm\u00f3\u00a0 del Mazo Maza.<\/p>\n<p>El director general de Desarrollo Ferroviario y Multimodal, Guillermo Nev\u00e1rez Elizondo, asegur\u00f3 que en la construcci\u00f3n del Tren Interurbano M\u00e9xico-Toluca \u201cseguridad es la palabra clave del proyecto\u201d y tienen la certeza de que no afectar\u00e1 al medio ambiente.<\/p>\n<p>El Tren Interurbano tendr\u00e1 una longitud de casi 58 kil\u00f3metros, 4.7 kil\u00f3metros de t\u00fanel, correr\u00e1 a una velocidad comercial de m\u00e1s de 90 km, por lo que el recorrido ser\u00e1 de 39 minutos. Tendr\u00e1 seis estaciones, dos terminales y cuatro intermedias, y 30 trenes de cinco vagones, que transportar\u00e1n 230 mil pasajeros por d\u00edas.<\/p>\n<p>Este nuevo medio de transporte, har\u00e1 que se dejen de utilizar 25,000 veh\u00edculos y prev\u00e9n que est\u00e1 cantidad pueda aumentar. El servicio permitir\u00e1 ahorros de tiempo-viaje por m\u00e1s 4,000 millones de pesos.<\/p>\n<p>Adem\u00e1s de conocer los avances de la obra del Tren Interurbano M\u00e9xico-Toluca, la subsecretaria de Transporte, Yuriria Mascott P\u00e9rez, el titular de la SCT\u00a0 y Alfredo del Mazo, hicieron un trayecto prueba a bordo del primer convoy,\u00a0 viajaron seis kil\u00f3metros de la terminal de Zinacantepec a la estaci\u00f3n de Pino Su\u00e1rez.<\/p>\n","protected":false},"excerpt":{"rendered":"<p>Este nuevo medio de transporte har\u00e1 que se dejen de utilizar 25,000 veh\u00edculos y prev\u00e9n que est\u00e1 cantidad pueda aumentar<\/p>\n","protected":false},"author":58,"featured_media":64007,"comment_status":"open","ping_status":"closed","sticky":false,"template":"","format":"standard","meta":{"om_disable_all_campaigns":false,"inline_featured_image":false,"_monsterinsights_skip_tracking":false,"_monsterinsights_sitenote_active":false,"_monsterinsights_sitenote_note":"","_monsterinsights_sitenote_category":0,"footnotes":""},"categories":[14],"tags":[11543,22,458,397,1175,6159],"class_list":["post-64006","post","type-post","status-publish","format-standard","has-post-thumbnail","hentry","category-construccion","tag-alfredo-del-mazo","tag-construccion-2","tag-gerardo-ruiz-esparza","tag-secretaria-de-comunicaciones-y-transportes","tag-toluca","tag-tren-interurbano-mexico-toluca"],"yoast_head":"<!-- This site is optimized with the Yoast SEO plugin v27.5 - https:\/\/yoast.com\/product\/yoast-seo-wordpress\/ -->\n<title>Contin\u00faan avances del Tren Interurbano<\/title>\n<meta name=\"description\" content=\"El Tren Interurbano M\u00e9xico-Toluca har\u00e1 que se dejen de utilizar 25,000 veh\u00edculos y prev\u00e9n que est\u00e1 cantidad pueda aumentar\" \/>\n<meta name=\"robots\" content=\"index, follow, max-snippet:-1, max-image-preview:large, max-video-preview:-1\" \/>\n<link rel=\"canonical\" href=\"https:\/\/centrourbano.com\/revista\/construccion\/continuan-avances-del-tren-interurbano\/\" \/>\n<meta property=\"og:locale\" content=\"es_ES\" \/>\n<meta property=\"og:type\" content=\"article\" \/>\n<meta property=\"og:title\" content=\"Contin\u00faan avances del Tren Interurbano\" \/>\n<meta property=\"og:description\" content=\"El Tren Interurbano M\u00e9xico-Toluca har\u00e1 que se dejen de utilizar 25,000 veh\u00edculos y prev\u00e9n que est\u00e1 cantidad pueda aumentar\" \/>\n<meta property=\"og:url\" content=\"https:\/\/centrourbano.com\/revista\/construccion\/continuan-avances-del-tren-interurbano\/\" \/>\n<meta property=\"og:site_name\" content=\"Centro Urbano\" \/>\n<meta property=\"article:publisher\" content=\"https:\/\/www.facebook.com\/portalcentrourbano\" \/>\n<meta property=\"article:published_time\" content=\"2017-12-11T17:25:27+00:00\" \/>\n<meta property=\"article:modified_time\" content=\"2017-12-11T18:50:47+00:00\" \/>\n<meta property=\"og:image\" content=\"https:\/\/centrourbano.com\/revista\/wp-content\/uploads\/unnamed-78.jpg\" \/>\n\t<meta property=\"og:image:width\" content=\"1024\" \/>\n\t<meta property=\"og:image:height\" content=\"615\" \/>\n\t<meta property=\"og:image:type\" content=\"image\/jpeg\" \/>\n<meta name=\"author\" content=\"Estefan\u00eda Tinajero\" \/>\n<meta name=\"twitter:card\" content=\"summary_large_image\" \/>\n<meta name=\"twitter:creator\" content=\"@CentroUrbano\" \/>\n<meta name=\"twitter:site\" content=\"@CentroUrbano\" \/>\n<meta name=\"twitter:label1\" content=\"Escrito por\" \/>\n\t<meta name=\"twitter:data1\" content=\"Estefan\u00eda Tinajero\" \/>\n\t<meta name=\"twitter:label2\" content=\"Tiempo de lectura\" \/>\n\t<meta name=\"twitter:data2\" content=\"2 minutos\" \/>\n<script type=\"application\/ld+json\" class=\"yoast-schema-graph\">{\"@context\":\"https:\\\/\\\/schema.org\",\"@graph\":[{\"@type\":\"Article\",\"@id\":\"https:\\\/\\\/centrourbano.com\\\/revista\\\/construccion\\\/continuan-avances-del-tren-interurbano\\\/#article\",\"isPartOf\":{\"@id\":\"https:\\\/\\\/centrourbano.com\\\/revista\\\/construccion\\\/continuan-avances-del-tren-interurbano\\\/\"},\"author\":{\"name\":\"Estefan\u00eda Tinajero\",\"@id\":\"https:\\\/\\\/centrourbano.com\\\/revista\\\/#\\\/schema\\\/person\\\/06fb7b616ffe9a532503d1802d45f183\"},\"headline\":\"Contin\u00faan avances del Tren Interurbano\",\"datePublished\":\"2017-12-11T17:25:27+00:00\",\"dateModified\":\"2017-12-11T18:50:47+00:00\",\"mainEntityOfPage\":{\"@id\":\"https:\\\/\\\/centrourbano.com\\\/revista\\\/construccion\\\/continuan-avances-del-tren-interurbano\\\/\"},\"wordCount\":372,\"commentCount\":0,\"publisher\":{\"@id\":\"https:\\\/\\\/centrourbano.com\\\/revista\\\/#organization\"},\"image\":{\"@id\":\"https:\\\/\\\/centrourbano.com\\\/revista\\\/construccion\\\/continuan-avances-del-tren-interurbano\\\/#primaryimage\"},\"thumbnailUrl\":\"https:\\\/\\\/centrourbano.com\\\/revista\\\/wp-content\\\/uploads\\\/unnamed-78.jpg\",\"keywords\":[\"Alfredo Del Mazo\",\"construcci\u00f3n\",\"Gerardo Ru\u00edz Esparza\",\"Secretar\u00eda de Comunicaciones y Transportes\",\"Toluca\",\"Tren Interurbano M\u00e9xico-Toluca\"],\"articleSection\":[\"Construcci\u00f3n\"],\"inLanguage\":\"es\",\"potentialAction\":[{\"@type\":\"CommentAction\",\"name\":\"Comment\",\"target\":[\"https:\\\/\\\/centrourbano.com\\\/revista\\\/construccion\\\/continuan-avances-del-tren-interurbano\\\/#respond\"]}]},{\"@type\":\"WebPage\",\"@id\":\"https:\\\/\\\/centrourbano.com\\\/revista\\\/construccion\\\/continuan-avances-del-tren-interurbano\\\/\",\"url\":\"https:\\\/\\\/centrourbano.com\\\/revista\\\/construccion\\\/continuan-avances-del-tren-interurbano\\\/\",\"name\":\"Contin\u00faan avances del Tren Interurbano\",\"isPartOf\":{\"@id\":\"https:\\\/\\\/centrourbano.com\\\/revista\\\/#website\"},\"primaryImageOfPage\":{\"@id\":\"https:\\\/\\\/centrourbano.com\\\/revista\\\/construccion\\\/continuan-avances-del-tren-interurbano\\\/#primaryimage\"},\"image\":{\"@id\":\"https:\\\/\\\/centrourbano.com\\\/revista\\\/construccion\\\/continuan-avances-del-tren-interurbano\\\/#primaryimage\"},\"thumbnailUrl\":\"https:\\\/\\\/centrourbano.com\\\/revista\\\/wp-content\\\/uploads\\\/unnamed-78.jpg\",\"datePublished\":\"2017-12-11T17:25:27+00:00\",\"dateModified\":\"2017-12-11T18:50:47+00:00\",\"description\":\"El Tren Interurbano M\u00e9xico-Toluca har\u00e1 que se dejen de utilizar 25,000 veh\u00edculos y prev\u00e9n que est\u00e1 cantidad pueda aumentar\",\"breadcrumb\":{\"@id\":\"https:\\\/\\\/centrourbano.com\\\/revista\\\/construccion\\\/continuan-avances-del-tren-interurbano\\\/#breadcrumb\"},\"inLanguage\":\"es\",\"potentialAction\":[{\"@type\":\"ReadAction\",\"target\":[\"https:\\\/\\\/centrourbano.com\\\/revista\\\/construccion\\\/continuan-avances-del-tren-interurbano\\\/\"]}]},{\"@type\":\"ImageObject\",\"inLanguage\":\"es\",\"@id\":\"https:\\\/\\\/centrourbano.com\\\/revista\\\/construccion\\\/continuan-avances-del-tren-interurbano\\\/#primaryimage\",\"url\":\"https:\\\/\\\/centrourbano.com\\\/revista\\\/wp-content\\\/uploads\\\/unnamed-78.jpg\",\"contentUrl\":\"https:\\\/\\\/centrourbano.com\\\/revista\\\/wp-content\\\/uploads\\\/unnamed-78.jpg\",\"width\":1024,\"height\":615,\"caption\":\"El Tren Interurbano M\u00e9xico-Toluca har\u00e1 que se dejen de utilizar 25,000 veh\u00edculos y prev\u00e9n que est\u00e1 cantidad pueda aumentar\"},{\"@type\":\"BreadcrumbList\",\"@id\":\"https:\\\/\\\/centrourbano.com\\\/revista\\\/construccion\\\/continuan-avances-del-tren-interurbano\\\/#breadcrumb\",\"itemListElement\":[{\"@type\":\"ListItem\",\"position\":1,\"name\":\"Portada\",\"item\":\"https:\\\/\\\/centrourbano.com\\\/revista\\\/\"},{\"@type\":\"ListItem\",\"position\":2,\"name\":\"Contin\u00faan avances del Tren Interurbano\"}]},{\"@type\":\"WebSite\",\"@id\":\"https:\\\/\\\/centrourbano.com\\\/revista\\\/#website\",\"url\":\"https:\\\/\\\/centrourbano.com\\\/revista\\\/\",\"name\":\"Centro Urbano\",\"description\":\"Medio especializado en los sectores vivienda, inmobiliario, construcci\u00f3n, arquitectura y urbanismo.\",\"publisher\":{\"@id\":\"https:\\\/\\\/centrourbano.com\\\/revista\\\/#organization\"},\"potentialAction\":[{\"@type\":\"SearchAction\",\"target\":{\"@type\":\"EntryPoint\",\"urlTemplate\":\"https:\\\/\\\/centrourbano.com\\\/revista\\\/?s={search_term_string}\"},\"query-input\":{\"@type\":\"PropertyValueSpecification\",\"valueRequired\":true,\"valueName\":\"search_term_string\"}}],\"inLanguage\":\"es\"},{\"@type\":\"Organization\",\"@id\":\"https:\\\/\\\/centrourbano.com\\\/revista\\\/#organization\",\"name\":\"Centro Urbano\",\"url\":\"https:\\\/\\\/centrourbano.com\\\/revista\\\/\",\"logo\":{\"@type\":\"ImageObject\",\"inLanguage\":\"es\",\"@id\":\"https:\\\/\\\/centrourbano.com\\\/revista\\\/#\\\/schema\\\/logo\\\/image\\\/\",\"url\":\"https:\\\/\\\/centrourbano.com\\\/revista\\\/wp-content\\\/uploads\\\/web_CU_logo-1.png\",\"contentUrl\":\"https:\\\/\\\/centrourbano.com\\\/revista\\\/wp-content\\\/uploads\\\/web_CU_logo-1.png\",\"width\":350,\"height\":91,\"caption\":\"Centro Urbano\"},\"image\":{\"@id\":\"https:\\\/\\\/centrourbano.com\\\/revista\\\/#\\\/schema\\\/logo\\\/image\\\/\"},\"sameAs\":[\"https:\\\/\\\/www.facebook.com\\\/portalcentrourbano\",\"https:\\\/\\\/x.com\\\/CentroUrbano\",\"https:\\\/\\\/www.instagram.com\\\/centro_urbano\\\/\",\"https:\\\/\\\/www.linkedin.com\\\/company\\\/centro-urbano\\\/\",\"http:\\\/\\\/www.youtube.com\\\/user\\\/portalcentrourbano\"]},{\"@type\":\"Person\",\"@id\":\"https:\\\/\\\/centrourbano.com\\\/revista\\\/#\\\/schema\\\/person\\\/06fb7b616ffe9a532503d1802d45f183\",\"name\":\"Estefan\u00eda Tinajero\",\"image\":{\"@type\":\"ImageObject\",\"inLanguage\":\"es\",\"@id\":\"https:\\\/\\\/secure.gravatar.com\\\/avatar\\\/95fc41fe7c8f23c2faf4cd63393812a7d8257b5ddd3a652ffbd4a5c15769714f?s=96&d=mm&r=g\",\"url\":\"https:\\\/\\\/secure.gravatar.com\\\/avatar\\\/95fc41fe7c8f23c2faf4cd63393812a7d8257b5ddd3a652ffbd4a5c15769714f?s=96&d=mm&r=g\",\"contentUrl\":\"https:\\\/\\\/secure.gravatar.com\\\/avatar\\\/95fc41fe7c8f23c2faf4cd63393812a7d8257b5ddd3a652ffbd4a5c15769714f?s=96&d=mm&r=g\",\"caption\":\"Estefan\u00eda Tinajero\"},\"url\":\"https:\\\/\\\/centrourbano.com\\\/revista\\\/author\\\/estefania-tinajero\\\/\"}]}<\/script>\n<!-- \/ Yoast SEO plugin. -->","yoast_head_json":{"title":"Contin\u00faan avances del Tren Interurbano","description":"El Tren Interurbano M\u00e9xico-Toluca har\u00e1 que se dejen de utilizar 25,000 veh\u00edculos y prev\u00e9n que est\u00e1 cantidad pueda aumentar","robots":{"index":"index","follow":"follow","max-snippet":"max-snippet:-1","max-image-preview":"max-image-preview:large","max-video-preview":"max-video-preview:-1"},"canonical":"https:\/\/centrourbano.com\/revista\/construccion\/continuan-avances-del-tren-interurbano\/","og_locale":"es_ES","og_type":"article","og_title":"Contin\u00faan avances del Tren Interurbano","og_description":"El Tren Interurbano M\u00e9xico-Toluca har\u00e1 que se dejen de utilizar 25,000 veh\u00edculos y prev\u00e9n que est\u00e1 cantidad pueda aumentar","og_url":"https:\/\/centrourbano.com\/revista\/construccion\/continuan-avances-del-tren-interurbano\/","og_site_name":"Centro Urbano","article_publisher":"https:\/\/www.facebook.com\/portalcentrourbano","article_published_time":"2017-12-11T17:25:27+00:00","article_modified_time":"2017-12-11T18:50:47+00:00","og_image":[{"width":1024,"height":615,"url":"https:\/\/centrourbano.com\/revista\/wp-content\/uploads\/unnamed-78.jpg","type":"image\/jpeg"}],"author":"Estefan\u00eda Tinajero","twitter_card":"summary_large_image","twitter_creator":"@CentroUrbano","twitter_site":"@CentroUrbano","twitter_misc":{"Escrito por":"Estefan\u00eda Tinajero","Tiempo de lectura":"2 minutos"},"schema":{"@context":"https:\/\/schema.org","@graph":[{"@type":"Article","@id":"https:\/\/centrourbano.com\/revista\/construccion\/continuan-avances-del-tren-interurbano\/#article","isPartOf":{"@id":"https:\/\/centrourbano.com\/revista\/construccion\/continuan-avances-del-tren-interurbano\/"},"author":{"name":"Estefan\u00eda Tinajero","@id":"https:\/\/centrourbano.com\/revista\/#\/schema\/person\/06fb7b616ffe9a532503d1802d45f183"},"headline":"Contin\u00faan avances del Tren Interurbano","datePublished":"2017-12-11T17:25:27+00:00","dateModified":"2017-12-11T18:50:47+00:00","mainEntityOfPage":{"@id":"https:\/\/centrourbano.com\/revista\/construccion\/continuan-avances-del-tren-interurbano\/"},"wordCount":372,"commentCount":0,"publisher":{"@id":"https:\/\/centrourbano.com\/revista\/#organization"},"image":{"@id":"https:\/\/centrourbano.com\/revista\/construccion\/continuan-avances-del-tren-interurbano\/#primaryimage"},"thumbnailUrl":"https:\/\/centrourbano.com\/revista\/wp-content\/uploads\/unnamed-78.jpg","keywords":["Alfredo Del Mazo","construcci\u00f3n","Gerardo Ru\u00edz Esparza","Secretar\u00eda de Comunicaciones y Transportes","Toluca","Tren Interurbano M\u00e9xico-Toluca"],"articleSection":["Construcci\u00f3n"],"inLanguage":"es","potentialAction":[{"@type":"CommentAction","name":"Comment","target":["https:\/\/centrourbano.com\/revista\/construccion\/continuan-avances-del-tren-interurbano\/#respond"]}]},{"@type":"WebPage","@id":"https:\/\/centrourbano.com\/revista\/construccion\/continuan-avances-del-tren-interurbano\/","url":"https:\/\/centrourbano.com\/revista\/construccion\/continuan-avances-del-tren-interurbano\/","name":"Contin\u00faan avances del Tren Interurbano","isPartOf":{"@id":"https:\/\/centrourbano.com\/revista\/#website"},"primaryImageOfPage":{"@id":"https:\/\/centrourbano.com\/revista\/construccion\/continuan-avances-del-tren-interurbano\/#primaryimage"},"image":{"@id":"https:\/\/centrourbano.com\/revista\/construccion\/continuan-avances-del-tren-interurbano\/#primaryimage"},"thumbnailUrl":"https:\/\/centrourbano.com\/revista\/wp-content\/uploads\/unnamed-78.jpg","datePublished":"2017-12-11T17:25:27+00:00","dateModified":"2017-12-11T18:50:47+00:00","description":"El Tren Interurbano M\u00e9xico-Toluca har\u00e1 que se dejen de utilizar 25,000 veh\u00edculos y prev\u00e9n que est\u00e1 cantidad pueda aumentar","breadcrumb":{"@id":"https:\/\/centrourbano.com\/revista\/construccion\/continuan-avances-del-tren-interurbano\/#breadcrumb"},"inLanguage":"es","potentialAction":[{"@type":"ReadAction","target":["https:\/\/centrourbano.com\/revista\/construccion\/continuan-avances-del-tren-interurbano\/"]}]},{"@type":"ImageObject","inLanguage":"es","@id":"https:\/\/centrourbano.com\/revista\/construccion\/continuan-avances-del-tren-interurbano\/#primaryimage","url":"https:\/\/centrourbano.com\/revista\/wp-content\/uploads\/unnamed-78.jpg","contentUrl":"https:\/\/centrourbano.com\/revista\/wp-content\/uploads\/unnamed-78.jpg","width":1024,"height":615,"caption":"El Tren Interurbano M\u00e9xico-Toluca har\u00e1 que se dejen de utilizar 25,000 veh\u00edculos y prev\u00e9n que est\u00e1 cantidad pueda aumentar"},{"@type":"BreadcrumbList","@id":"https:\/\/centrourbano.com\/revista\/construccion\/continuan-avances-del-tren-interurbano\/#breadcrumb","itemListElement":[{"@type":"ListItem","position":1,"name":"Portada","item":"https:\/\/centrourbano.com\/revista\/"},{"@type":"ListItem","position":2,"name":"Contin\u00faan avances del Tren Interurbano"}]},{"@type":"WebSite","@id":"https:\/\/centrourbano.com\/revista\/#website","url":"https:\/\/centrourbano.com\/revista\/","name":"Centro Urbano","description":"Medio especializado en los sectores vivienda, inmobiliario, construcci\u00f3n, arquitectura y urbanismo.","publisher":{"@id":"https:\/\/centrourbano.com\/revista\/#organization"},"potentialAction":[{"@type":"SearchAction","target":{"@type":"EntryPoint","urlTemplate":"https:\/\/centrourbano.com\/revista\/?s={search_term_string}"},"query-input":{"@type":"PropertyValueSpecification","valueRequired":true,"valueName":"search_term_string"}}],"inLanguage":"es"},{"@type":"Organization","@id":"https:\/\/centrourbano.com\/revista\/#organization","name":"Centro Urbano","url":"https:\/\/centrourbano.com\/revista\/","logo":{"@type":"ImageObject","inLanguage":"es","@id":"https:\/\/centrourbano.com\/revista\/#\/schema\/logo\/image\/","url":"https:\/\/centrourbano.com\/revista\/wp-content\/uploads\/web_CU_logo-1.png","contentUrl":"https:\/\/centrourbano.com\/revista\/wp-content\/uploads\/web_CU_logo-1.png","width":350,"height":91,"caption":"Centro Urbano"},"image":{"@id":"https:\/\/centrourbano.com\/revista\/#\/schema\/logo\/image\/"},"sameAs":["https:\/\/www.facebook.com\/portalcentrourbano","https:\/\/x.com\/CentroUrbano","https:\/\/www.instagram.com\/centro_urbano\/","https:\/\/www.linkedin.com\/company\/centro-urbano\/","http:\/\/www.youtube.com\/user\/portalcentrourbano"]},{"@type":"Person","@id":"https:\/\/centrourbano.com\/revista\/#\/schema\/person\/06fb7b616ffe9a532503d1802d45f183","name":"Estefan\u00eda Tinajero","image":{"@type":"ImageObject","inLanguage":"es","@id":"https:\/\/secure.gravatar.com\/avatar\/95fc41fe7c8f23c2faf4cd63393812a7d8257b5ddd3a652ffbd4a5c15769714f?s=96&d=mm&r=g","url":"https:\/\/secure.gravatar.com\/avatar\/95fc41fe7c8f23c2faf4cd63393812a7d8257b5ddd3a652ffbd4a5c15769714f?s=96&d=mm&r=g","contentUrl":"https:\/\/secure.gravatar.com\/avatar\/95fc41fe7c8f23c2faf4cd63393812a7d8257b5ddd3a652ffbd4a5c15769714f?s=96&d=mm&r=g","caption":"Estefan\u00eda Tinajero"},"url":"https:\/\/centrourbano.com\/revista\/author\/estefania-tinajero\/"}]}},"_links":{"self":[{"href":"https:\/\/centrourbano.com\/revista\/wp-json\/wp\/v2\/posts\/64006","targetHints":{"allow":["GET"]}}],"collection":[{"href":"https:\/\/centrourbano.com\/revista\/wp-json\/wp\/v2\/posts"}],"about":[{"href":"https:\/\/centrourbano.com\/revista\/wp-json\/wp\/v2\/types\/post"}],"author":[{"embeddable":true,"href":"https:\/\/centrourbano.com\/revista\/wp-json\/wp\/v2\/users\/58"}],"replies":[{"embeddable":true,"href":"https:\/\/centrourbano.com\/revista\/wp-json\/wp\/v2\/comments?post=64006"}],"version-history":[{"count":3,"href":"https:\/\/centrourbano.com\/revista\/wp-json\/wp\/v2\/posts\/64006\/revisions"}],"predecessor-version":[{"id":64019,"href":"https:\/\/centrourbano.com\/revista\/wp-json\/wp\/v2\/posts\/64006\/revisions\/64019"}],"wp:featuredmedia":[{"embeddable":true,"href":"https:\/\/centrourbano.com\/revista\/wp-json\/wp\/v2\/media\/64007"}],"wp:attachment":[{"href":"https:\/\/centrourbano.com\/revista\/wp-json\/wp\/v2\/media?parent=64006"}],"wp:term":[{"taxonomy":"category","embeddable":true,"href":"https:\/\/centrourbano.com\/revista\/wp-json\/wp\/v2\/categories?post=64006"},{"taxonomy":"post_tag","embeddable":true,"href":"https:\/\/centrourbano.com\/revista\/wp-json\/wp\/v2\/tags?post=64006"}],"curies":[{"name":"wp","href":"https:\/\/api.w.org\/{rel}","templated":true}]}}