{"id":6389,"date":"2014-04-28T09:10:02","date_gmt":"2014-04-28T14:10:02","guid":{"rendered":"http:\/\/centrourbano.com\/?p=6389"},"modified":"2014-04-25T16:37:39","modified_gmt":"2014-04-25T21:37:39","slug":"hoy-inicia-la-jornada-notarial-2014-y-se-reduciran-tiempo-de-tramites","status":"publish","type":"post","link":"https:\/\/centrourbano.com\/revista\/vivienda\/hoy-inicia-la-jornada-notarial-2014-y-se-reduciran-tiempo-de-tramites\/","title":{"rendered":"Hoy inicia la Jornada Notarial 2014 y se reducir\u00e1 tiempo de tr\u00e1mites"},"content":{"rendered":"<p><em>Hasta el momento 50 por ciento de las personas que tienen una propiedad cuentan con escritura<\/em><\/p>\n<p><!--more--><\/p>\n<p>La novedad en la Jornada Notarial 2014 ser\u00e1 la habilitaci\u00f3n de una p\u00e1gina de internet que permitir\u00e1 agilizar el tiempo para completar un tr\u00e1mite de cuatro meses a dos semanas, por lo que los notarios ya no tendr\u00e1n que acudir de forma personal a la Tesorer\u00eda para realizar el procedimiento.<\/p>\n<p>A partir de hoy hasta el 4 de julio se desarrollar\u00e1 la Jornada Notarial, dividida en tres fases y 10 etapas, de las cuales ocho se llevar\u00e1n a cabo directamente en las delegaciones pol\u00edticas y dos m\u00e1s en las oficinas de la Asamblea Legislativa del Distrito Federal (ALDF) y el Colegio de Notarios del DF.<\/p>\n<p>Los interesados podr\u00e1n disfrutar de descuentos que van de 10 a 60 por ciento, lo cual depende del valor de los bienes; entre otras facilidades habr\u00e1 reducci\u00f3n en impuestos, derechos y honorarios notariales para la escrituraci\u00f3n de inmuebles.<\/p>\n<p>Entre los tr\u00e1mites que se podr\u00e1n realizar se encuentran: escrituraci\u00f3n, sucesiones testamentarias e intestamentarias, compraventas, descuentos por adjudicaciones, asesor\u00eda jur\u00eddica y atenci\u00f3n ciudadana.<\/p>\n<p>La primera fase de la Jornada Notarial 2014 se realizar\u00e1 en las delegaciones con un horario de atenci\u00f3n de lunes a s\u00e1bado de 9 a 15 horas; del 28 de abril al 7 de mayo en \u00c1lvaro Obreg\u00f3n, Miguel Hidalgo, Magdalena Contreras y Milpa Alta; del 6 al 15 de mayo en Iztacalco, Gustavo A. Madero, Tlalpan y Cuajimalpa; del 12 al 21 de mayo en Iztapalapa, Benito Ju\u00e1rez, Venustiano Carranza y Coyoac\u00e1n; y concluir\u00e1n del 19 al 28 de mayo en Azapotzalco, Xochimilco, Tl\u00e1huac y Cuauht\u00e9moc.<\/p>\n","protected":false},"excerpt":{"rendered":"<p>Hasta el momento 50 por ciento de las personas que tienen una propiedad cuentan con escritura<\/p>\n","protected":false},"author":12,"featured_media":0,"comment_status":"open","ping_status":"closed","sticky":false,"template":"","format":"standard","meta":{"om_disable_all_campaigns":false,"inline_featured_image":false,"_monsterinsights_skip_tracking":false,"_monsterinsights_sitenote_active":false,"_monsterinsights_sitenote_note":"","_monsterinsights_sitenote_category":0,"footnotes":""},"categories":[12],"tags":[1463,792,1376,1465,1464,1461,1462],"class_list":["post-6389","post","type-post","status-publish","format-standard","hentry","category-vivienda","tag-abril","tag-delegaciones","tag-jornadas-notariales","tag-junio","tag-mayo","tag-notarios","tag-tramites"],"yoast_head":"<!-- This site is optimized with the Yoast SEO plugin v27.4 - https:\/\/yoast.com\/product\/yoast-seo-wordpress\/ -->\n<title>Hoy inicia la Jornada Notarial 2014 y se reducir\u00e1 tiempo de tr\u00e1mites -<\/title>\n<meta name=\"description\" content=\"Hasta el momento 50 por ciento de las personas que tienen una propiedad cuentan con escritura La novedad en la Jornada Notarial 2014 ser\u00e1 la habilitaci\u00f3n\" \/>\n<meta name=\"robots\" content=\"index, follow, max-snippet:-1, max-image-preview:large, max-video-preview:-1\" \/>\n<link rel=\"canonical\" href=\"https:\/\/centrourbano.com\/revista\/vivienda\/hoy-inicia-la-jornada-notarial-2014-y-se-reduciran-tiempo-de-tramites\/\" \/>\n<meta property=\"og:locale\" content=\"es_ES\" \/>\n<meta property=\"og:type\" content=\"article\" \/>\n<meta property=\"og:title\" content=\"Hoy inicia la Jornada Notarial 2014 y se reducir\u00e1 tiempo de tr\u00e1mites -\" \/>\n<meta property=\"og:description\" content=\"Hasta el momento 50 por ciento de las personas que tienen una propiedad cuentan con escritura La novedad en la Jornada Notarial 2014 ser\u00e1 la habilitaci\u00f3n\" \/>\n<meta property=\"og:url\" content=\"https:\/\/centrourbano.com\/revista\/vivienda\/hoy-inicia-la-jornada-notarial-2014-y-se-reduciran-tiempo-de-tramites\/\" \/>\n<meta property=\"og:site_name\" content=\"Centro Urbano\" \/>\n<meta property=\"article:publisher\" content=\"https:\/\/www.facebook.com\/portalcentrourbano\" \/>\n<meta property=\"article:published_time\" content=\"2014-04-28T14:10:02+00:00\" \/>\n<meta property=\"og:image\" content=\"https:\/\/centrourbano.com\/revista\/wp-content\/uploads\/CU-logo.png\" \/>\n\t<meta property=\"og:image:width\" content=\"350\" \/>\n\t<meta property=\"og:image:height\" content=\"91\" \/>\n\t<meta property=\"og:image:type\" content=\"image\/png\" \/>\n<meta name=\"author\" content=\"Catalina Mart\u00ednez\" \/>\n<meta name=\"twitter:card\" content=\"summary_large_image\" \/>\n<meta name=\"twitter:creator\" content=\"@CentroUrbano\" \/>\n<meta name=\"twitter:site\" content=\"@CentroUrbano\" \/>\n<meta name=\"twitter:label1\" content=\"Escrito por\" \/>\n\t<meta name=\"twitter:data1\" content=\"Catalina Mart\u00ednez\" \/>\n\t<meta name=\"twitter:label2\" content=\"Tiempo de lectura\" \/>\n\t<meta name=\"twitter:data2\" content=\"1 minuto\" \/>\n<script type=\"application\/ld+json\" class=\"yoast-schema-graph\">{\"@context\":\"https:\\\/\\\/schema.org\",\"@graph\":[{\"@type\":\"Article\",\"@id\":\"https:\\\/\\\/centrourbano.com\\\/revista\\\/vivienda\\\/hoy-inicia-la-jornada-notarial-2014-y-se-reduciran-tiempo-de-tramites\\\/#article\",\"isPartOf\":{\"@id\":\"https:\\\/\\\/centrourbano.com\\\/revista\\\/vivienda\\\/hoy-inicia-la-jornada-notarial-2014-y-se-reduciran-tiempo-de-tramites\\\/\"},\"author\":{\"name\":\"Catalina Mart\u00ednez\",\"@id\":\"https:\\\/\\\/centrourbano.com\\\/revista\\\/#\\\/schema\\\/person\\\/d8c4809c47856b5069984dd69234ce97\"},\"headline\":\"Hoy inicia la Jornada Notarial 2014 y se reducir\u00e1 tiempo de tr\u00e1mites\",\"datePublished\":\"2014-04-28T14:10:02+00:00\",\"mainEntityOfPage\":{\"@id\":\"https:\\\/\\\/centrourbano.com\\\/revista\\\/vivienda\\\/hoy-inicia-la-jornada-notarial-2014-y-se-reduciran-tiempo-de-tramites\\\/\"},\"wordCount\":289,\"commentCount\":0,\"publisher\":{\"@id\":\"https:\\\/\\\/centrourbano.com\\\/revista\\\/#organization\"},\"keywords\":[\"abril\",\"Delegaciones\",\"Jornadas notariales\",\"junio\",\"mayo\",\"notarios\",\"tramites\"],\"articleSection\":[\"Vivienda\"],\"inLanguage\":\"es\",\"potentialAction\":[{\"@type\":\"CommentAction\",\"name\":\"Comment\",\"target\":[\"https:\\\/\\\/centrourbano.com\\\/revista\\\/vivienda\\\/hoy-inicia-la-jornada-notarial-2014-y-se-reduciran-tiempo-de-tramites\\\/#respond\"]}]},{\"@type\":\"WebPage\",\"@id\":\"https:\\\/\\\/centrourbano.com\\\/revista\\\/vivienda\\\/hoy-inicia-la-jornada-notarial-2014-y-se-reduciran-tiempo-de-tramites\\\/\",\"url\":\"https:\\\/\\\/centrourbano.com\\\/revista\\\/vivienda\\\/hoy-inicia-la-jornada-notarial-2014-y-se-reduciran-tiempo-de-tramites\\\/\",\"name\":\"Hoy inicia la Jornada Notarial 2014 y se reducir\u00e1 tiempo de tr\u00e1mites -\",\"isPartOf\":{\"@id\":\"https:\\\/\\\/centrourbano.com\\\/revista\\\/#website\"},\"datePublished\":\"2014-04-28T14:10:02+00:00\",\"description\":\"Hasta el momento 50 por ciento de las personas que tienen una propiedad cuentan con escritura La novedad en la Jornada Notarial 2014 ser\u00e1 la habilitaci\u00f3n\",\"breadcrumb\":{\"@id\":\"https:\\\/\\\/centrourbano.com\\\/revista\\\/vivienda\\\/hoy-inicia-la-jornada-notarial-2014-y-se-reduciran-tiempo-de-tramites\\\/#breadcrumb\"},\"inLanguage\":\"es\",\"potentialAction\":[{\"@type\":\"ReadAction\",\"target\":[\"https:\\\/\\\/centrourbano.com\\\/revista\\\/vivienda\\\/hoy-inicia-la-jornada-notarial-2014-y-se-reduciran-tiempo-de-tramites\\\/\"]}]},{\"@type\":\"BreadcrumbList\",\"@id\":\"https:\\\/\\\/centrourbano.com\\\/revista\\\/vivienda\\\/hoy-inicia-la-jornada-notarial-2014-y-se-reduciran-tiempo-de-tramites\\\/#breadcrumb\",\"itemListElement\":[{\"@type\":\"ListItem\",\"position\":1,\"name\":\"Portada\",\"item\":\"https:\\\/\\\/centrourbano.com\\\/revista\\\/\"},{\"@type\":\"ListItem\",\"position\":2,\"name\":\"Hoy inicia la Jornada Notarial 2014 y se reducir\u00e1 tiempo de tr\u00e1mites\"}]},{\"@type\":\"WebSite\",\"@id\":\"https:\\\/\\\/centrourbano.com\\\/revista\\\/#website\",\"url\":\"https:\\\/\\\/centrourbano.com\\\/revista\\\/\",\"name\":\"Centro Urbano\",\"description\":\"Medio especializado en los sectores vivienda, inmobiliario, construcci\u00f3n, arquitectura y urbanismo.\",\"publisher\":{\"@id\":\"https:\\\/\\\/centrourbano.com\\\/revista\\\/#organization\"},\"potentialAction\":[{\"@type\":\"SearchAction\",\"target\":{\"@type\":\"EntryPoint\",\"urlTemplate\":\"https:\\\/\\\/centrourbano.com\\\/revista\\\/?s={search_term_string}\"},\"query-input\":{\"@type\":\"PropertyValueSpecification\",\"valueRequired\":true,\"valueName\":\"search_term_string\"}}],\"inLanguage\":\"es\"},{\"@type\":\"Organization\",\"@id\":\"https:\\\/\\\/centrourbano.com\\\/revista\\\/#organization\",\"name\":\"Centro Urbano\",\"url\":\"https:\\\/\\\/centrourbano.com\\\/revista\\\/\",\"logo\":{\"@type\":\"ImageObject\",\"inLanguage\":\"es\",\"@id\":\"https:\\\/\\\/centrourbano.com\\\/revista\\\/#\\\/schema\\\/logo\\\/image\\\/\",\"url\":\"https:\\\/\\\/centrourbano.com\\\/revista\\\/wp-content\\\/uploads\\\/web_CU_logo-1.png\",\"contentUrl\":\"https:\\\/\\\/centrourbano.com\\\/revista\\\/wp-content\\\/uploads\\\/web_CU_logo-1.png\",\"width\":350,\"height\":91,\"caption\":\"Centro Urbano\"},\"image\":{\"@id\":\"https:\\\/\\\/centrourbano.com\\\/revista\\\/#\\\/schema\\\/logo\\\/image\\\/\"},\"sameAs\":[\"https:\\\/\\\/www.facebook.com\\\/portalcentrourbano\",\"https:\\\/\\\/x.com\\\/CentroUrbano\",\"https:\\\/\\\/www.instagram.com\\\/centro_urbano\\\/\",\"https:\\\/\\\/www.linkedin.com\\\/company\\\/centro-urbano\\\/\",\"http:\\\/\\\/www.youtube.com\\\/user\\\/portalcentrourbano\"]},{\"@type\":\"Person\",\"@id\":\"https:\\\/\\\/centrourbano.com\\\/revista\\\/#\\\/schema\\\/person\\\/d8c4809c47856b5069984dd69234ce97\",\"name\":\"Catalina Mart\u00ednez\",\"image\":{\"@type\":\"ImageObject\",\"inLanguage\":\"es\",\"@id\":\"https:\\\/\\\/secure.gravatar.com\\\/avatar\\\/70f80737674b194772cc0988b688478e3538df4ef1296d51988a5033d0fbd521?s=96&d=mm&r=g\",\"url\":\"https:\\\/\\\/secure.gravatar.com\\\/avatar\\\/70f80737674b194772cc0988b688478e3538df4ef1296d51988a5033d0fbd521?s=96&d=mm&r=g\",\"contentUrl\":\"https:\\\/\\\/secure.gravatar.com\\\/avatar\\\/70f80737674b194772cc0988b688478e3538df4ef1296d51988a5033d0fbd521?s=96&d=mm&r=g\",\"caption\":\"Catalina Mart\u00ednez\"},\"description\":\"Periodista por decisi\u00f3n y necesidad, egresada de la Facultad de Ciencias Pol\u00edticas y Sociales (UNAM) comenz\u00f3 su experiencia laboral en el Diario Deportivo R\u00e9cord (\u00e1rea de Suplementos especiales y Revista especializada en futbol para Estados Unidos y M\u00e9xico, 90 minutos), adem\u00e1s particip\u00f3 en un proyecto editorial de la fuente tur\u00edstica. Reportera, co editora, jefa de informaci\u00f3n... apasionada de las letras, noticias, futbol, el reggae, las entrevistas y con hambre de informaci\u00f3n desde el nacimiento. Ahora se especializa en los Fibras, inmobiliario y Centro Urbano.\",\"url\":\"https:\\\/\\\/centrourbano.com\\\/revista\\\/author\\\/cata-martinez\\\/\"}]}<\/script>\n<!-- \/ Yoast SEO plugin. -->","yoast_head_json":{"title":"Hoy inicia la Jornada Notarial 2014 y se reducir\u00e1 tiempo de tr\u00e1mites -","description":"Hasta el momento 50 por ciento de las personas que tienen una propiedad cuentan con escritura La novedad en la Jornada Notarial 2014 ser\u00e1 la habilitaci\u00f3n","robots":{"index":"index","follow":"follow","max-snippet":"max-snippet:-1","max-image-preview":"max-image-preview:large","max-video-preview":"max-video-preview:-1"},"canonical":"https:\/\/centrourbano.com\/revista\/vivienda\/hoy-inicia-la-jornada-notarial-2014-y-se-reduciran-tiempo-de-tramites\/","og_locale":"es_ES","og_type":"article","og_title":"Hoy inicia la Jornada Notarial 2014 y se reducir\u00e1 tiempo de tr\u00e1mites -","og_description":"Hasta el momento 50 por ciento de las personas que tienen una propiedad cuentan con escritura La novedad en la Jornada Notarial 2014 ser\u00e1 la habilitaci\u00f3n","og_url":"https:\/\/centrourbano.com\/revista\/vivienda\/hoy-inicia-la-jornada-notarial-2014-y-se-reduciran-tiempo-de-tramites\/","og_site_name":"Centro Urbano","article_publisher":"https:\/\/www.facebook.com\/portalcentrourbano","article_published_time":"2014-04-28T14:10:02+00:00","og_image":[{"width":350,"height":91,"url":"https:\/\/centrourbano.com\/revista\/wp-content\/uploads\/CU-logo.png","type":"image\/png"}],"author":"Catalina Mart\u00ednez","twitter_card":"summary_large_image","twitter_creator":"@CentroUrbano","twitter_site":"@CentroUrbano","twitter_misc":{"Escrito por":"Catalina Mart\u00ednez","Tiempo de lectura":"1 minuto"},"schema":{"@context":"https:\/\/schema.org","@graph":[{"@type":"Article","@id":"https:\/\/centrourbano.com\/revista\/vivienda\/hoy-inicia-la-jornada-notarial-2014-y-se-reduciran-tiempo-de-tramites\/#article","isPartOf":{"@id":"https:\/\/centrourbano.com\/revista\/vivienda\/hoy-inicia-la-jornada-notarial-2014-y-se-reduciran-tiempo-de-tramites\/"},"author":{"name":"Catalina Mart\u00ednez","@id":"https:\/\/centrourbano.com\/revista\/#\/schema\/person\/d8c4809c47856b5069984dd69234ce97"},"headline":"Hoy inicia la Jornada Notarial 2014 y se reducir\u00e1 tiempo de tr\u00e1mites","datePublished":"2014-04-28T14:10:02+00:00","mainEntityOfPage":{"@id":"https:\/\/centrourbano.com\/revista\/vivienda\/hoy-inicia-la-jornada-notarial-2014-y-se-reduciran-tiempo-de-tramites\/"},"wordCount":289,"commentCount":0,"publisher":{"@id":"https:\/\/centrourbano.com\/revista\/#organization"},"keywords":["abril","Delegaciones","Jornadas notariales","junio","mayo","notarios","tramites"],"articleSection":["Vivienda"],"inLanguage":"es","potentialAction":[{"@type":"CommentAction","name":"Comment","target":["https:\/\/centrourbano.com\/revista\/vivienda\/hoy-inicia-la-jornada-notarial-2014-y-se-reduciran-tiempo-de-tramites\/#respond"]}]},{"@type":"WebPage","@id":"https:\/\/centrourbano.com\/revista\/vivienda\/hoy-inicia-la-jornada-notarial-2014-y-se-reduciran-tiempo-de-tramites\/","url":"https:\/\/centrourbano.com\/revista\/vivienda\/hoy-inicia-la-jornada-notarial-2014-y-se-reduciran-tiempo-de-tramites\/","name":"Hoy inicia la Jornada Notarial 2014 y se reducir\u00e1 tiempo de tr\u00e1mites -","isPartOf":{"@id":"https:\/\/centrourbano.com\/revista\/#website"},"datePublished":"2014-04-28T14:10:02+00:00","description":"Hasta el momento 50 por ciento de las personas que tienen una propiedad cuentan con escritura La novedad en la Jornada Notarial 2014 ser\u00e1 la habilitaci\u00f3n","breadcrumb":{"@id":"https:\/\/centrourbano.com\/revista\/vivienda\/hoy-inicia-la-jornada-notarial-2014-y-se-reduciran-tiempo-de-tramites\/#breadcrumb"},"inLanguage":"es","potentialAction":[{"@type":"ReadAction","target":["https:\/\/centrourbano.com\/revista\/vivienda\/hoy-inicia-la-jornada-notarial-2014-y-se-reduciran-tiempo-de-tramites\/"]}]},{"@type":"BreadcrumbList","@id":"https:\/\/centrourbano.com\/revista\/vivienda\/hoy-inicia-la-jornada-notarial-2014-y-se-reduciran-tiempo-de-tramites\/#breadcrumb","itemListElement":[{"@type":"ListItem","position":1,"name":"Portada","item":"https:\/\/centrourbano.com\/revista\/"},{"@type":"ListItem","position":2,"name":"Hoy inicia la Jornada Notarial 2014 y se reducir\u00e1 tiempo de tr\u00e1mites"}]},{"@type":"WebSite","@id":"https:\/\/centrourbano.com\/revista\/#website","url":"https:\/\/centrourbano.com\/revista\/","name":"Centro Urbano","description":"Medio especializado en los sectores vivienda, inmobiliario, construcci\u00f3n, arquitectura y urbanismo.","publisher":{"@id":"https:\/\/centrourbano.com\/revista\/#organization"},"potentialAction":[{"@type":"SearchAction","target":{"@type":"EntryPoint","urlTemplate":"https:\/\/centrourbano.com\/revista\/?s={search_term_string}"},"query-input":{"@type":"PropertyValueSpecification","valueRequired":true,"valueName":"search_term_string"}}],"inLanguage":"es"},{"@type":"Organization","@id":"https:\/\/centrourbano.com\/revista\/#organization","name":"Centro Urbano","url":"https:\/\/centrourbano.com\/revista\/","logo":{"@type":"ImageObject","inLanguage":"es","@id":"https:\/\/centrourbano.com\/revista\/#\/schema\/logo\/image\/","url":"https:\/\/centrourbano.com\/revista\/wp-content\/uploads\/web_CU_logo-1.png","contentUrl":"https:\/\/centrourbano.com\/revista\/wp-content\/uploads\/web_CU_logo-1.png","width":350,"height":91,"caption":"Centro Urbano"},"image":{"@id":"https:\/\/centrourbano.com\/revista\/#\/schema\/logo\/image\/"},"sameAs":["https:\/\/www.facebook.com\/portalcentrourbano","https:\/\/x.com\/CentroUrbano","https:\/\/www.instagram.com\/centro_urbano\/","https:\/\/www.linkedin.com\/company\/centro-urbano\/","http:\/\/www.youtube.com\/user\/portalcentrourbano"]},{"@type":"Person","@id":"https:\/\/centrourbano.com\/revista\/#\/schema\/person\/d8c4809c47856b5069984dd69234ce97","name":"Catalina Mart\u00ednez","image":{"@type":"ImageObject","inLanguage":"es","@id":"https:\/\/secure.gravatar.com\/avatar\/70f80737674b194772cc0988b688478e3538df4ef1296d51988a5033d0fbd521?s=96&d=mm&r=g","url":"https:\/\/secure.gravatar.com\/avatar\/70f80737674b194772cc0988b688478e3538df4ef1296d51988a5033d0fbd521?s=96&d=mm&r=g","contentUrl":"https:\/\/secure.gravatar.com\/avatar\/70f80737674b194772cc0988b688478e3538df4ef1296d51988a5033d0fbd521?s=96&d=mm&r=g","caption":"Catalina Mart\u00ednez"},"description":"Periodista por decisi\u00f3n y necesidad, egresada de la Facultad de Ciencias Pol\u00edticas y Sociales (UNAM) comenz\u00f3 su experiencia laboral en el Diario Deportivo R\u00e9cord (\u00e1rea de Suplementos especiales y Revista especializada en futbol para Estados Unidos y M\u00e9xico, 90 minutos), adem\u00e1s particip\u00f3 en un proyecto editorial de la fuente tur\u00edstica. Reportera, co editora, jefa de informaci\u00f3n... apasionada de las letras, noticias, futbol, el reggae, las entrevistas y con hambre de informaci\u00f3n desde el nacimiento. Ahora se especializa en los Fibras, inmobiliario y Centro Urbano.","url":"https:\/\/centrourbano.com\/revista\/author\/cata-martinez\/"}]}},"_links":{"self":[{"href":"https:\/\/centrourbano.com\/revista\/wp-json\/wp\/v2\/posts\/6389","targetHints":{"allow":["GET"]}}],"collection":[{"href":"https:\/\/centrourbano.com\/revista\/wp-json\/wp\/v2\/posts"}],"about":[{"href":"https:\/\/centrourbano.com\/revista\/wp-json\/wp\/v2\/types\/post"}],"author":[{"embeddable":true,"href":"https:\/\/centrourbano.com\/revista\/wp-json\/wp\/v2\/users\/12"}],"replies":[{"embeddable":true,"href":"https:\/\/centrourbano.com\/revista\/wp-json\/wp\/v2\/comments?post=6389"}],"version-history":[{"count":0,"href":"https:\/\/centrourbano.com\/revista\/wp-json\/wp\/v2\/posts\/6389\/revisions"}],"wp:attachment":[{"href":"https:\/\/centrourbano.com\/revista\/wp-json\/wp\/v2\/media?parent=6389"}],"wp:term":[{"taxonomy":"category","embeddable":true,"href":"https:\/\/centrourbano.com\/revista\/wp-json\/wp\/v2\/categories?post=6389"},{"taxonomy":"post_tag","embeddable":true,"href":"https:\/\/centrourbano.com\/revista\/wp-json\/wp\/v2\/tags?post=6389"}],"curies":[{"name":"wp","href":"https:\/\/api.w.org\/{rel}","templated":true}]}}