{"id":63802,"date":"2017-12-07T11:27:39","date_gmt":"2017-12-07T17:27:39","guid":{"rendered":"https:\/\/centrourbano.com\/?p=63802"},"modified":"2017-12-07T11:27:39","modified_gmt":"2017-12-07T17:27:39","slug":"anuncian-nueva-ruta-mexibus","status":"publish","type":"post","link":"https:\/\/centrourbano.com\/revista\/construccion\/anuncian-nueva-ruta-mexibus\/","title":{"rendered":"Anuncian nueva ruta de Mexibus"},"content":{"rendered":"<p><em>La nueva ruta unir\u00e1 a Naucalpan con el NAIM<\/em><\/p>\n<p>&nbsp;<\/p>\n<p>Para mejorar la movilidad de los habitantes de Naucalpan, se construir\u00e1 una ruta de Mexib\u00fas que una al municipio con el Nuevo Aeropuerto Internacional de M\u00e9xico, as\u00ed como un sistema de transporte masivo Mexicable que conecte a Champa con el metro Cuatro Caminos.<\/p>\n<p>&nbsp;<\/p>\n<p>As\u00ed lo inform\u00f3 Alfredo del Mazo, gobernador del Estado de M\u00e9xico, durante el segundo informe de gobierno del presidente municipal de Naucalpan, Edgar Olvera, quien indic\u00f3 que dichas acciones buscan que Naucalpan contin\u00fae como uno de los principales municipios industriales y comerciales del Estado, ya que se trata de uno de los m\u00e1s poblados de la entidad y su econom\u00eda aporta m\u00e1s del 14% del Producto Interno Bruto estatal.<\/p>\n<p>&nbsp;<\/p>\n<p>De igual forma, se destacaron algunos de los logros del Ayuntamiento de Naucalpan, como la construcci\u00f3n de tres macro-tanques de almacenamiento, la rehabilitaci\u00f3n de 18 pozos y el mantenimiento permanente de infraestructura hidr\u00e1ulica, alcanzando una cobertura de 99.3% en el abasto de agua potable. Adem\u00e1s de implementar acciones para la prevenci\u00f3n de la violencia y el delito, como la adquisici\u00f3n de nuevos equipos de seguridad y la implementaci\u00f3n de tecnolog\u00eda en el C4 de esta localidad, as\u00ed como la creaci\u00f3n de la Polic\u00eda de G\u00e9nero, y la activaci\u00f3n de programas comunitarios como \u201cMujer Alerta\u201d.<\/p>\n<p>&nbsp;<\/p>\n","protected":false},"excerpt":{"rendered":"<p>La nueva ruta unir\u00e1 a Naucalpan con el NAIM &nbsp; Para mejorar la movilidad de los habitantes de Naucalpan, se construir\u00e1 una ruta de Mexib\u00fas que una al municipio con el Nuevo Aeropuerto Internacional de M\u00e9xico, as\u00ed como un sistema de transporte masivo Mexicable que conecte a Champa con el metro Cuatro Caminos. &nbsp; As\u00ed [&hellip;]<\/p>\n","protected":false},"author":45,"featured_media":63804,"comment_status":"open","ping_status":"closed","sticky":false,"template":"","format":"standard","meta":{"om_disable_all_campaigns":false,"inline_featured_image":false,"_monsterinsights_skip_tracking":false,"_monsterinsights_sitenote_active":false,"_monsterinsights_sitenote_note":"","_monsterinsights_sitenote_category":0,"footnotes":""},"categories":[14],"tags":[589,303,1733,12159,1363,4549],"class_list":["post-63802","post","type-post","status-publish","format-standard","has-post-thumbnail","hentry","category-construccion","tag-edomex","tag-estado-de-mexico","tag-mexibus","tag-naim","tag-naucalpan","tag-nuevo-aeropuerto-internacional-de-la-ciudad-de-mexico"],"yoast_head":"<!-- This site is optimized with the Yoast SEO plugin v27.5 - https:\/\/yoast.com\/product\/yoast-seo-wordpress\/ -->\n<title>Anuncian nueva ruta de Mexibus -<\/title>\n<meta name=\"description\" content=\"La nueva ruta unir\u00e1 a Naucalpan con el NAIM\" \/>\n<meta name=\"robots\" content=\"index, follow, max-snippet:-1, max-image-preview:large, max-video-preview:-1\" \/>\n<link rel=\"canonical\" href=\"https:\/\/centrourbano.com\/revista\/construccion\/anuncian-nueva-ruta-mexibus\/\" \/>\n<meta property=\"og:locale\" content=\"es_ES\" \/>\n<meta property=\"og:type\" content=\"article\" \/>\n<meta property=\"og:title\" content=\"Anuncian nueva ruta de Mexibus -\" \/>\n<meta property=\"og:description\" content=\"La nueva ruta unir\u00e1 a Naucalpan con el NAIM\" \/>\n<meta property=\"og:url\" content=\"https:\/\/centrourbano.com\/revista\/construccion\/anuncian-nueva-ruta-mexibus\/\" \/>\n<meta property=\"og:site_name\" content=\"Centro Urbano\" \/>\n<meta property=\"article:publisher\" content=\"https:\/\/www.facebook.com\/portalcentrourbano\" \/>\n<meta property=\"article:published_time\" content=\"2017-12-07T17:27:39+00:00\" \/>\n<meta property=\"og:image\" content=\"https:\/\/centrourbano.com\/revista\/wp-content\/uploads\/mexibus-1.jpg\" \/>\n\t<meta property=\"og:image:width\" content=\"1024\" \/>\n\t<meta property=\"og:image:height\" content=\"768\" \/>\n\t<meta property=\"og:image:type\" content=\"image\/jpeg\" \/>\n<meta name=\"author\" content=\"Hanae Pacheco\" \/>\n<meta name=\"twitter:card\" content=\"summary_large_image\" \/>\n<meta name=\"twitter:creator\" content=\"@CentroUrbano\" \/>\n<meta name=\"twitter:site\" content=\"@CentroUrbano\" \/>\n<meta name=\"twitter:label1\" content=\"Escrito por\" \/>\n\t<meta name=\"twitter:data1\" content=\"Hanae Pacheco\" \/>\n\t<meta name=\"twitter:label2\" content=\"Tiempo de lectura\" \/>\n\t<meta name=\"twitter:data2\" content=\"1 minuto\" \/>\n<script type=\"application\/ld+json\" class=\"yoast-schema-graph\">{\"@context\":\"https:\\\/\\\/schema.org\",\"@graph\":[{\"@type\":\"Article\",\"@id\":\"https:\\\/\\\/centrourbano.com\\\/revista\\\/construccion\\\/anuncian-nueva-ruta-mexibus\\\/#article\",\"isPartOf\":{\"@id\":\"https:\\\/\\\/centrourbano.com\\\/revista\\\/construccion\\\/anuncian-nueva-ruta-mexibus\\\/\"},\"author\":{\"name\":\"Hanae Pacheco\",\"@id\":\"https:\\\/\\\/centrourbano.com\\\/revista\\\/#\\\/schema\\\/person\\\/db5aba19153b4dc77f48808c4c2e7027\"},\"headline\":\"Anuncian nueva ruta de Mexibus\",\"datePublished\":\"2017-12-07T17:27:39+00:00\",\"mainEntityOfPage\":{\"@id\":\"https:\\\/\\\/centrourbano.com\\\/revista\\\/construccion\\\/anuncian-nueva-ruta-mexibus\\\/\"},\"wordCount\":240,\"commentCount\":0,\"publisher\":{\"@id\":\"https:\\\/\\\/centrourbano.com\\\/revista\\\/#organization\"},\"image\":{\"@id\":\"https:\\\/\\\/centrourbano.com\\\/revista\\\/construccion\\\/anuncian-nueva-ruta-mexibus\\\/#primaryimage\"},\"thumbnailUrl\":\"https:\\\/\\\/centrourbano.com\\\/revista\\\/wp-content\\\/uploads\\\/mexibus-1.jpg\",\"keywords\":[\"Edomex\",\"Estado de M\u00e9xico\",\"Mexibus\",\"NAIM\",\"Naucalpan\",\"Nuevo Aeropuerto Internacional de la Ciudad de M\u00e9xico\"],\"articleSection\":[\"Construcci\u00f3n\"],\"inLanguage\":\"es\",\"potentialAction\":[{\"@type\":\"CommentAction\",\"name\":\"Comment\",\"target\":[\"https:\\\/\\\/centrourbano.com\\\/revista\\\/construccion\\\/anuncian-nueva-ruta-mexibus\\\/#respond\"]}]},{\"@type\":\"WebPage\",\"@id\":\"https:\\\/\\\/centrourbano.com\\\/revista\\\/construccion\\\/anuncian-nueva-ruta-mexibus\\\/\",\"url\":\"https:\\\/\\\/centrourbano.com\\\/revista\\\/construccion\\\/anuncian-nueva-ruta-mexibus\\\/\",\"name\":\"Anuncian nueva ruta de Mexibus -\",\"isPartOf\":{\"@id\":\"https:\\\/\\\/centrourbano.com\\\/revista\\\/#website\"},\"primaryImageOfPage\":{\"@id\":\"https:\\\/\\\/centrourbano.com\\\/revista\\\/construccion\\\/anuncian-nueva-ruta-mexibus\\\/#primaryimage\"},\"image\":{\"@id\":\"https:\\\/\\\/centrourbano.com\\\/revista\\\/construccion\\\/anuncian-nueva-ruta-mexibus\\\/#primaryimage\"},\"thumbnailUrl\":\"https:\\\/\\\/centrourbano.com\\\/revista\\\/wp-content\\\/uploads\\\/mexibus-1.jpg\",\"datePublished\":\"2017-12-07T17:27:39+00:00\",\"description\":\"La nueva ruta unir\u00e1 a Naucalpan con el NAIM\",\"breadcrumb\":{\"@id\":\"https:\\\/\\\/centrourbano.com\\\/revista\\\/construccion\\\/anuncian-nueva-ruta-mexibus\\\/#breadcrumb\"},\"inLanguage\":\"es\",\"potentialAction\":[{\"@type\":\"ReadAction\",\"target\":[\"https:\\\/\\\/centrourbano.com\\\/revista\\\/construccion\\\/anuncian-nueva-ruta-mexibus\\\/\"]}]},{\"@type\":\"ImageObject\",\"inLanguage\":\"es\",\"@id\":\"https:\\\/\\\/centrourbano.com\\\/revista\\\/construccion\\\/anuncian-nueva-ruta-mexibus\\\/#primaryimage\",\"url\":\"https:\\\/\\\/centrourbano.com\\\/revista\\\/wp-content\\\/uploads\\\/mexibus-1.jpg\",\"contentUrl\":\"https:\\\/\\\/centrourbano.com\\\/revista\\\/wp-content\\\/uploads\\\/mexibus-1.jpg\",\"width\":1024,\"height\":768,\"caption\":\"La nueva ruta unir\u00e1 a Naucalpan con el NAIM\"},{\"@type\":\"BreadcrumbList\",\"@id\":\"https:\\\/\\\/centrourbano.com\\\/revista\\\/construccion\\\/anuncian-nueva-ruta-mexibus\\\/#breadcrumb\",\"itemListElement\":[{\"@type\":\"ListItem\",\"position\":1,\"name\":\"Portada\",\"item\":\"https:\\\/\\\/centrourbano.com\\\/revista\\\/\"},{\"@type\":\"ListItem\",\"position\":2,\"name\":\"Anuncian nueva ruta de Mexibus\"}]},{\"@type\":\"WebSite\",\"@id\":\"https:\\\/\\\/centrourbano.com\\\/revista\\\/#website\",\"url\":\"https:\\\/\\\/centrourbano.com\\\/revista\\\/\",\"name\":\"Centro Urbano\",\"description\":\"Medio especializado en los sectores vivienda, inmobiliario, construcci\u00f3n, arquitectura y urbanismo.\",\"publisher\":{\"@id\":\"https:\\\/\\\/centrourbano.com\\\/revista\\\/#organization\"},\"potentialAction\":[{\"@type\":\"SearchAction\",\"target\":{\"@type\":\"EntryPoint\",\"urlTemplate\":\"https:\\\/\\\/centrourbano.com\\\/revista\\\/?s={search_term_string}\"},\"query-input\":{\"@type\":\"PropertyValueSpecification\",\"valueRequired\":true,\"valueName\":\"search_term_string\"}}],\"inLanguage\":\"es\"},{\"@type\":\"Organization\",\"@id\":\"https:\\\/\\\/centrourbano.com\\\/revista\\\/#organization\",\"name\":\"Centro Urbano\",\"url\":\"https:\\\/\\\/centrourbano.com\\\/revista\\\/\",\"logo\":{\"@type\":\"ImageObject\",\"inLanguage\":\"es\",\"@id\":\"https:\\\/\\\/centrourbano.com\\\/revista\\\/#\\\/schema\\\/logo\\\/image\\\/\",\"url\":\"https:\\\/\\\/centrourbano.com\\\/revista\\\/wp-content\\\/uploads\\\/web_CU_logo-1.png\",\"contentUrl\":\"https:\\\/\\\/centrourbano.com\\\/revista\\\/wp-content\\\/uploads\\\/web_CU_logo-1.png\",\"width\":350,\"height\":91,\"caption\":\"Centro Urbano\"},\"image\":{\"@id\":\"https:\\\/\\\/centrourbano.com\\\/revista\\\/#\\\/schema\\\/logo\\\/image\\\/\"},\"sameAs\":[\"https:\\\/\\\/www.facebook.com\\\/portalcentrourbano\",\"https:\\\/\\\/x.com\\\/CentroUrbano\",\"https:\\\/\\\/www.instagram.com\\\/centro_urbano\\\/\",\"https:\\\/\\\/www.linkedin.com\\\/company\\\/centro-urbano\\\/\",\"http:\\\/\\\/www.youtube.com\\\/user\\\/portalcentrourbano\"]},{\"@type\":\"Person\",\"@id\":\"https:\\\/\\\/centrourbano.com\\\/revista\\\/#\\\/schema\\\/person\\\/db5aba19153b4dc77f48808c4c2e7027\",\"name\":\"Hanae Pacheco\",\"image\":{\"@type\":\"ImageObject\",\"inLanguage\":\"es\",\"@id\":\"https:\\\/\\\/secure.gravatar.com\\\/avatar\\\/85378918db488c7c72bd7acaea6909bbfd5df076ffaf5e56cf397f98ef67f72d?s=96&d=mm&r=g\",\"url\":\"https:\\\/\\\/secure.gravatar.com\\\/avatar\\\/85378918db488c7c72bd7acaea6909bbfd5df076ffaf5e56cf397f98ef67f72d?s=96&d=mm&r=g\",\"contentUrl\":\"https:\\\/\\\/secure.gravatar.com\\\/avatar\\\/85378918db488c7c72bd7acaea6909bbfd5df076ffaf5e56cf397f98ef67f72d?s=96&d=mm&r=g\",\"caption\":\"Hanae Pacheco\"},\"url\":\"https:\\\/\\\/centrourbano.com\\\/revista\\\/author\\\/hanae-pacheco\\\/\"}]}<\/script>\n<!-- \/ Yoast SEO plugin. -->","yoast_head_json":{"title":"Anuncian nueva ruta de Mexibus -","description":"La nueva ruta unir\u00e1 a Naucalpan con el NAIM","robots":{"index":"index","follow":"follow","max-snippet":"max-snippet:-1","max-image-preview":"max-image-preview:large","max-video-preview":"max-video-preview:-1"},"canonical":"https:\/\/centrourbano.com\/revista\/construccion\/anuncian-nueva-ruta-mexibus\/","og_locale":"es_ES","og_type":"article","og_title":"Anuncian nueva ruta de Mexibus -","og_description":"La nueva ruta unir\u00e1 a Naucalpan con el NAIM","og_url":"https:\/\/centrourbano.com\/revista\/construccion\/anuncian-nueva-ruta-mexibus\/","og_site_name":"Centro Urbano","article_publisher":"https:\/\/www.facebook.com\/portalcentrourbano","article_published_time":"2017-12-07T17:27:39+00:00","og_image":[{"width":1024,"height":768,"url":"https:\/\/centrourbano.com\/revista\/wp-content\/uploads\/mexibus-1.jpg","type":"image\/jpeg"}],"author":"Hanae Pacheco","twitter_card":"summary_large_image","twitter_creator":"@CentroUrbano","twitter_site":"@CentroUrbano","twitter_misc":{"Escrito por":"Hanae Pacheco","Tiempo de lectura":"1 minuto"},"schema":{"@context":"https:\/\/schema.org","@graph":[{"@type":"Article","@id":"https:\/\/centrourbano.com\/revista\/construccion\/anuncian-nueva-ruta-mexibus\/#article","isPartOf":{"@id":"https:\/\/centrourbano.com\/revista\/construccion\/anuncian-nueva-ruta-mexibus\/"},"author":{"name":"Hanae Pacheco","@id":"https:\/\/centrourbano.com\/revista\/#\/schema\/person\/db5aba19153b4dc77f48808c4c2e7027"},"headline":"Anuncian nueva ruta de Mexibus","datePublished":"2017-12-07T17:27:39+00:00","mainEntityOfPage":{"@id":"https:\/\/centrourbano.com\/revista\/construccion\/anuncian-nueva-ruta-mexibus\/"},"wordCount":240,"commentCount":0,"publisher":{"@id":"https:\/\/centrourbano.com\/revista\/#organization"},"image":{"@id":"https:\/\/centrourbano.com\/revista\/construccion\/anuncian-nueva-ruta-mexibus\/#primaryimage"},"thumbnailUrl":"https:\/\/centrourbano.com\/revista\/wp-content\/uploads\/mexibus-1.jpg","keywords":["Edomex","Estado de M\u00e9xico","Mexibus","NAIM","Naucalpan","Nuevo Aeropuerto Internacional de la Ciudad de M\u00e9xico"],"articleSection":["Construcci\u00f3n"],"inLanguage":"es","potentialAction":[{"@type":"CommentAction","name":"Comment","target":["https:\/\/centrourbano.com\/revista\/construccion\/anuncian-nueva-ruta-mexibus\/#respond"]}]},{"@type":"WebPage","@id":"https:\/\/centrourbano.com\/revista\/construccion\/anuncian-nueva-ruta-mexibus\/","url":"https:\/\/centrourbano.com\/revista\/construccion\/anuncian-nueva-ruta-mexibus\/","name":"Anuncian nueva ruta de Mexibus -","isPartOf":{"@id":"https:\/\/centrourbano.com\/revista\/#website"},"primaryImageOfPage":{"@id":"https:\/\/centrourbano.com\/revista\/construccion\/anuncian-nueva-ruta-mexibus\/#primaryimage"},"image":{"@id":"https:\/\/centrourbano.com\/revista\/construccion\/anuncian-nueva-ruta-mexibus\/#primaryimage"},"thumbnailUrl":"https:\/\/centrourbano.com\/revista\/wp-content\/uploads\/mexibus-1.jpg","datePublished":"2017-12-07T17:27:39+00:00","description":"La nueva ruta unir\u00e1 a Naucalpan con el NAIM","breadcrumb":{"@id":"https:\/\/centrourbano.com\/revista\/construccion\/anuncian-nueva-ruta-mexibus\/#breadcrumb"},"inLanguage":"es","potentialAction":[{"@type":"ReadAction","target":["https:\/\/centrourbano.com\/revista\/construccion\/anuncian-nueva-ruta-mexibus\/"]}]},{"@type":"ImageObject","inLanguage":"es","@id":"https:\/\/centrourbano.com\/revista\/construccion\/anuncian-nueva-ruta-mexibus\/#primaryimage","url":"https:\/\/centrourbano.com\/revista\/wp-content\/uploads\/mexibus-1.jpg","contentUrl":"https:\/\/centrourbano.com\/revista\/wp-content\/uploads\/mexibus-1.jpg","width":1024,"height":768,"caption":"La nueva ruta unir\u00e1 a Naucalpan con el NAIM"},{"@type":"BreadcrumbList","@id":"https:\/\/centrourbano.com\/revista\/construccion\/anuncian-nueva-ruta-mexibus\/#breadcrumb","itemListElement":[{"@type":"ListItem","position":1,"name":"Portada","item":"https:\/\/centrourbano.com\/revista\/"},{"@type":"ListItem","position":2,"name":"Anuncian nueva ruta de Mexibus"}]},{"@type":"WebSite","@id":"https:\/\/centrourbano.com\/revista\/#website","url":"https:\/\/centrourbano.com\/revista\/","name":"Centro Urbano","description":"Medio especializado en los sectores vivienda, inmobiliario, construcci\u00f3n, arquitectura y urbanismo.","publisher":{"@id":"https:\/\/centrourbano.com\/revista\/#organization"},"potentialAction":[{"@type":"SearchAction","target":{"@type":"EntryPoint","urlTemplate":"https:\/\/centrourbano.com\/revista\/?s={search_term_string}"},"query-input":{"@type":"PropertyValueSpecification","valueRequired":true,"valueName":"search_term_string"}}],"inLanguage":"es"},{"@type":"Organization","@id":"https:\/\/centrourbano.com\/revista\/#organization","name":"Centro Urbano","url":"https:\/\/centrourbano.com\/revista\/","logo":{"@type":"ImageObject","inLanguage":"es","@id":"https:\/\/centrourbano.com\/revista\/#\/schema\/logo\/image\/","url":"https:\/\/centrourbano.com\/revista\/wp-content\/uploads\/web_CU_logo-1.png","contentUrl":"https:\/\/centrourbano.com\/revista\/wp-content\/uploads\/web_CU_logo-1.png","width":350,"height":91,"caption":"Centro Urbano"},"image":{"@id":"https:\/\/centrourbano.com\/revista\/#\/schema\/logo\/image\/"},"sameAs":["https:\/\/www.facebook.com\/portalcentrourbano","https:\/\/x.com\/CentroUrbano","https:\/\/www.instagram.com\/centro_urbano\/","https:\/\/www.linkedin.com\/company\/centro-urbano\/","http:\/\/www.youtube.com\/user\/portalcentrourbano"]},{"@type":"Person","@id":"https:\/\/centrourbano.com\/revista\/#\/schema\/person\/db5aba19153b4dc77f48808c4c2e7027","name":"Hanae Pacheco","image":{"@type":"ImageObject","inLanguage":"es","@id":"https:\/\/secure.gravatar.com\/avatar\/85378918db488c7c72bd7acaea6909bbfd5df076ffaf5e56cf397f98ef67f72d?s=96&d=mm&r=g","url":"https:\/\/secure.gravatar.com\/avatar\/85378918db488c7c72bd7acaea6909bbfd5df076ffaf5e56cf397f98ef67f72d?s=96&d=mm&r=g","contentUrl":"https:\/\/secure.gravatar.com\/avatar\/85378918db488c7c72bd7acaea6909bbfd5df076ffaf5e56cf397f98ef67f72d?s=96&d=mm&r=g","caption":"Hanae Pacheco"},"url":"https:\/\/centrourbano.com\/revista\/author\/hanae-pacheco\/"}]}},"_links":{"self":[{"href":"https:\/\/centrourbano.com\/revista\/wp-json\/wp\/v2\/posts\/63802","targetHints":{"allow":["GET"]}}],"collection":[{"href":"https:\/\/centrourbano.com\/revista\/wp-json\/wp\/v2\/posts"}],"about":[{"href":"https:\/\/centrourbano.com\/revista\/wp-json\/wp\/v2\/types\/post"}],"author":[{"embeddable":true,"href":"https:\/\/centrourbano.com\/revista\/wp-json\/wp\/v2\/users\/45"}],"replies":[{"embeddable":true,"href":"https:\/\/centrourbano.com\/revista\/wp-json\/wp\/v2\/comments?post=63802"}],"version-history":[{"count":1,"href":"https:\/\/centrourbano.com\/revista\/wp-json\/wp\/v2\/posts\/63802\/revisions"}],"predecessor-version":[{"id":63806,"href":"https:\/\/centrourbano.com\/revista\/wp-json\/wp\/v2\/posts\/63802\/revisions\/63806"}],"wp:featuredmedia":[{"embeddable":true,"href":"https:\/\/centrourbano.com\/revista\/wp-json\/wp\/v2\/media\/63804"}],"wp:attachment":[{"href":"https:\/\/centrourbano.com\/revista\/wp-json\/wp\/v2\/media?parent=63802"}],"wp:term":[{"taxonomy":"category","embeddable":true,"href":"https:\/\/centrourbano.com\/revista\/wp-json\/wp\/v2\/categories?post=63802"},{"taxonomy":"post_tag","embeddable":true,"href":"https:\/\/centrourbano.com\/revista\/wp-json\/wp\/v2\/tags?post=63802"}],"curies":[{"name":"wp","href":"https:\/\/api.w.org\/{rel}","templated":true}]}}