{"id":63447,"date":"2017-12-01T07:15:29","date_gmt":"2017-12-01T13:15:29","guid":{"rendered":"https:\/\/centrourbano.com\/?p=63447"},"modified":"2017-11-30T18:45:30","modified_gmt":"2017-12-01T00:45:30","slug":"registra-fovissste-40-mdp-desplazados-pagos-seguros","status":"publish","type":"post","link":"https:\/\/centrourbano.com\/revista\/vivienda\/registra-fovissste-40-mdp-desplazados-pagos-seguros\/","title":{"rendered":"Registra Fovissste 40 mdp desplazados por pagos de seguros"},"content":{"rendered":"<p><em>Hasta el momento se han atendido a 2,400 familias <\/em><!--more--><\/p>\n<p>De los 11,000 acreditados del Fondo de la Vivienda del Issste (Fovissste) que resultaron afectados por los sismos del pasado septiembre, hasta el momento se ha realizado el pago de seguro a 2,400, lo que representa una derrama de alrededor 40 millones de pesos.<\/p>\n<p>As\u00ed lo inform\u00f3 Luis Antonio Godina Herrera, vocal ejecutivo del organismo, quien destac\u00f3 que, de las 11,000 viviendas con da\u00f1os, 100 est\u00e1n catalogadas en color rojo. Record\u00f3 que la cobertura del seguro incluye apoyo para renta, en caso de p\u00e9rdida total, as\u00ed como menaje de casa. <\/p>\n<p>El Vocal Ejecutivo explic\u00f3 que hasta el momento uno de los obst\u00e1culos que se ha presentado para el pago de seguros ha sido la falta de ajustadores. Dijo que se ha trabajado con GNP, entidad con el que se tiene aseguradas las viviendas, para darle celeridad al tema. <\/p>\n<p>Godina Herrera enfatiz\u00f3 que el reto para el organismo es agilizar el pago de seguro. Dijo que la prioridad es culminar con esta tarea antes de que acabe el a\u00f1o.  <\/p>\n<p>Para atender la emergencia, Godina Herrera record\u00f3 que el Fondo que encabeza puso en marcha el Programa Inmediato de Reconstrucci\u00f3n de Vivienda (PIREV). Esta medida, dijo, contempla una inversi\u00f3n de 15,000 millones de pesos para el otorgamiento de cr\u00e9ditos para adquisici\u00f3n o reparaci\u00f3n. <\/p>\n","protected":false},"excerpt":{"rendered":"<p>Hasta el momento se han atendido a 2,400 familias<\/p>\n","protected":false},"author":47,"featured_media":63448,"comment_status":"open","ping_status":"closed","sticky":false,"template":"","format":"standard","meta":{"om_disable_all_campaigns":false,"inline_featured_image":false,"_monsterinsights_skip_tracking":false,"_monsterinsights_sitenote_active":false,"_monsterinsights_sitenote_note":"","_monsterinsights_sitenote_category":0,"footnotes":""},"categories":[12],"tags":[155,12099,1441,60],"class_list":["post-63447","post","type-post","status-publish","format-standard","has-post-thumbnail","hentry","category-vivienda","tag-fovissste","tag-pago-de-seguros","tag-sismo","tag-vivienda-2"],"yoast_head":"<!-- This site is optimized with the Yoast SEO plugin v27.4 - https:\/\/yoast.com\/product\/yoast-seo-wordpress\/ -->\n<title>Registra Fovissste 40 mdp desplazados por pagos de seguros -<\/title>\n<meta name=\"description\" content=\"De los 11,000 acreditados del Fondo de la Vivienda del Issste (Fovissste) que resultaron afectados por los sismos del pasado septiembre, hasta el momento se ha realizado el pago de seguro a 2,400, lo que representa una derrama de alrededor 40 millones de pesos.\" \/>\n<meta name=\"robots\" content=\"index, follow, max-snippet:-1, max-image-preview:large, max-video-preview:-1\" \/>\n<link rel=\"canonical\" href=\"https:\/\/centrourbano.com\/revista\/vivienda\/registra-fovissste-40-mdp-desplazados-pagos-seguros\/\" \/>\n<meta property=\"og:locale\" content=\"es_ES\" \/>\n<meta property=\"og:type\" content=\"article\" \/>\n<meta property=\"og:title\" content=\"Registra Fovissste 40 mdp desplazados por pagos de seguros -\" \/>\n<meta property=\"og:description\" content=\"De los 11,000 acreditados del Fondo de la Vivienda del Issste (Fovissste) que resultaron afectados por los sismos del pasado septiembre, hasta el momento se ha realizado el pago de seguro a 2,400, lo que representa una derrama de alrededor 40 millones de pesos.\" \/>\n<meta property=\"og:url\" content=\"https:\/\/centrourbano.com\/revista\/vivienda\/registra-fovissste-40-mdp-desplazados-pagos-seguros\/\" \/>\n<meta property=\"og:site_name\" content=\"Centro Urbano\" \/>\n<meta property=\"article:publisher\" content=\"https:\/\/www.facebook.com\/portalcentrourbano\" \/>\n<meta property=\"article:published_time\" content=\"2017-12-01T13:15:29+00:00\" \/>\n<meta property=\"og:image\" content=\"https:\/\/centrourbano.com\/revista\/wp-content\/uploads\/Fovissste_PagoSeguros_Godina.jpeg\" \/>\n\t<meta property=\"og:image:width\" content=\"800\" \/>\n\t<meta property=\"og:image:height\" content=\"533\" \/>\n\t<meta property=\"og:image:type\" content=\"image\/jpeg\" \/>\n<meta name=\"author\" content=\"Edgar Rosas\" \/>\n<meta name=\"twitter:card\" content=\"summary_large_image\" \/>\n<meta name=\"twitter:creator\" content=\"@https:\/\/twitter.com\/ERosasCU?s=09\" \/>\n<meta name=\"twitter:site\" content=\"@CentroUrbano\" \/>\n<meta name=\"twitter:label1\" content=\"Escrito por\" \/>\n\t<meta name=\"twitter:data1\" content=\"Edgar Rosas\" \/>\n\t<meta name=\"twitter:label2\" content=\"Tiempo de lectura\" \/>\n\t<meta name=\"twitter:data2\" content=\"1 minuto\" \/>\n<script type=\"application\/ld+json\" class=\"yoast-schema-graph\">{\"@context\":\"https:\\\/\\\/schema.org\",\"@graph\":[{\"@type\":\"Article\",\"@id\":\"https:\\\/\\\/centrourbano.com\\\/revista\\\/vivienda\\\/registra-fovissste-40-mdp-desplazados-pagos-seguros\\\/#article\",\"isPartOf\":{\"@id\":\"https:\\\/\\\/centrourbano.com\\\/revista\\\/vivienda\\\/registra-fovissste-40-mdp-desplazados-pagos-seguros\\\/\"},\"author\":{\"name\":\"Edgar Rosas\",\"@id\":\"https:\\\/\\\/centrourbano.com\\\/revista\\\/#\\\/schema\\\/person\\\/ff3c00651ce5b1630479d2cd0c2e3ac0\"},\"headline\":\"Registra Fovissste 40 mdp desplazados por pagos de seguros\",\"datePublished\":\"2017-12-01T13:15:29+00:00\",\"mainEntityOfPage\":{\"@id\":\"https:\\\/\\\/centrourbano.com\\\/revista\\\/vivienda\\\/registra-fovissste-40-mdp-desplazados-pagos-seguros\\\/\"},\"wordCount\":231,\"commentCount\":0,\"publisher\":{\"@id\":\"https:\\\/\\\/centrourbano.com\\\/revista\\\/#organization\"},\"image\":{\"@id\":\"https:\\\/\\\/centrourbano.com\\\/revista\\\/vivienda\\\/registra-fovissste-40-mdp-desplazados-pagos-seguros\\\/#primaryimage\"},\"thumbnailUrl\":\"https:\\\/\\\/centrourbano.com\\\/revista\\\/wp-content\\\/uploads\\\/Fovissste_PagoSeguros_Godina.jpeg\",\"keywords\":[\"Fovissste\",\"Pago de Seguros\",\"Sismo\",\"vivienda\"],\"articleSection\":[\"Vivienda\"],\"inLanguage\":\"es\",\"potentialAction\":[{\"@type\":\"CommentAction\",\"name\":\"Comment\",\"target\":[\"https:\\\/\\\/centrourbano.com\\\/revista\\\/vivienda\\\/registra-fovissste-40-mdp-desplazados-pagos-seguros\\\/#respond\"]}]},{\"@type\":\"WebPage\",\"@id\":\"https:\\\/\\\/centrourbano.com\\\/revista\\\/vivienda\\\/registra-fovissste-40-mdp-desplazados-pagos-seguros\\\/\",\"url\":\"https:\\\/\\\/centrourbano.com\\\/revista\\\/vivienda\\\/registra-fovissste-40-mdp-desplazados-pagos-seguros\\\/\",\"name\":\"Registra Fovissste 40 mdp desplazados por pagos de seguros -\",\"isPartOf\":{\"@id\":\"https:\\\/\\\/centrourbano.com\\\/revista\\\/#website\"},\"primaryImageOfPage\":{\"@id\":\"https:\\\/\\\/centrourbano.com\\\/revista\\\/vivienda\\\/registra-fovissste-40-mdp-desplazados-pagos-seguros\\\/#primaryimage\"},\"image\":{\"@id\":\"https:\\\/\\\/centrourbano.com\\\/revista\\\/vivienda\\\/registra-fovissste-40-mdp-desplazados-pagos-seguros\\\/#primaryimage\"},\"thumbnailUrl\":\"https:\\\/\\\/centrourbano.com\\\/revista\\\/wp-content\\\/uploads\\\/Fovissste_PagoSeguros_Godina.jpeg\",\"datePublished\":\"2017-12-01T13:15:29+00:00\",\"description\":\"De los 11,000 acreditados del Fondo de la Vivienda del Issste (Fovissste) que resultaron afectados por los sismos del pasado septiembre, hasta el momento se ha realizado el pago de seguro a 2,400, lo que representa una derrama de alrededor 40 millones de pesos.\",\"breadcrumb\":{\"@id\":\"https:\\\/\\\/centrourbano.com\\\/revista\\\/vivienda\\\/registra-fovissste-40-mdp-desplazados-pagos-seguros\\\/#breadcrumb\"},\"inLanguage\":\"es\",\"potentialAction\":[{\"@type\":\"ReadAction\",\"target\":[\"https:\\\/\\\/centrourbano.com\\\/revista\\\/vivienda\\\/registra-fovissste-40-mdp-desplazados-pagos-seguros\\\/\"]}]},{\"@type\":\"ImageObject\",\"inLanguage\":\"es\",\"@id\":\"https:\\\/\\\/centrourbano.com\\\/revista\\\/vivienda\\\/registra-fovissste-40-mdp-desplazados-pagos-seguros\\\/#primaryimage\",\"url\":\"https:\\\/\\\/centrourbano.com\\\/revista\\\/wp-content\\\/uploads\\\/Fovissste_PagoSeguros_Godina.jpeg\",\"contentUrl\":\"https:\\\/\\\/centrourbano.com\\\/revista\\\/wp-content\\\/uploads\\\/Fovissste_PagoSeguros_Godina.jpeg\",\"width\":800,\"height\":533,\"caption\":\"Hasta el momento se han atendido a 2,400 familias\"},{\"@type\":\"BreadcrumbList\",\"@id\":\"https:\\\/\\\/centrourbano.com\\\/revista\\\/vivienda\\\/registra-fovissste-40-mdp-desplazados-pagos-seguros\\\/#breadcrumb\",\"itemListElement\":[{\"@type\":\"ListItem\",\"position\":1,\"name\":\"Portada\",\"item\":\"https:\\\/\\\/centrourbano.com\\\/revista\\\/\"},{\"@type\":\"ListItem\",\"position\":2,\"name\":\"Registra Fovissste 40 mdp desplazados por pagos de seguros\"}]},{\"@type\":\"WebSite\",\"@id\":\"https:\\\/\\\/centrourbano.com\\\/revista\\\/#website\",\"url\":\"https:\\\/\\\/centrourbano.com\\\/revista\\\/\",\"name\":\"Centro Urbano\",\"description\":\"Medio especializado en los sectores vivienda, inmobiliario, construcci\u00f3n, arquitectura y urbanismo.\",\"publisher\":{\"@id\":\"https:\\\/\\\/centrourbano.com\\\/revista\\\/#organization\"},\"potentialAction\":[{\"@type\":\"SearchAction\",\"target\":{\"@type\":\"EntryPoint\",\"urlTemplate\":\"https:\\\/\\\/centrourbano.com\\\/revista\\\/?s={search_term_string}\"},\"query-input\":{\"@type\":\"PropertyValueSpecification\",\"valueRequired\":true,\"valueName\":\"search_term_string\"}}],\"inLanguage\":\"es\"},{\"@type\":\"Organization\",\"@id\":\"https:\\\/\\\/centrourbano.com\\\/revista\\\/#organization\",\"name\":\"Centro Urbano\",\"url\":\"https:\\\/\\\/centrourbano.com\\\/revista\\\/\",\"logo\":{\"@type\":\"ImageObject\",\"inLanguage\":\"es\",\"@id\":\"https:\\\/\\\/centrourbano.com\\\/revista\\\/#\\\/schema\\\/logo\\\/image\\\/\",\"url\":\"https:\\\/\\\/centrourbano.com\\\/revista\\\/wp-content\\\/uploads\\\/web_CU_logo-1.png\",\"contentUrl\":\"https:\\\/\\\/centrourbano.com\\\/revista\\\/wp-content\\\/uploads\\\/web_CU_logo-1.png\",\"width\":350,\"height\":91,\"caption\":\"Centro Urbano\"},\"image\":{\"@id\":\"https:\\\/\\\/centrourbano.com\\\/revista\\\/#\\\/schema\\\/logo\\\/image\\\/\"},\"sameAs\":[\"https:\\\/\\\/www.facebook.com\\\/portalcentrourbano\",\"https:\\\/\\\/x.com\\\/CentroUrbano\",\"https:\\\/\\\/www.instagram.com\\\/centro_urbano\\\/\",\"https:\\\/\\\/www.linkedin.com\\\/company\\\/centro-urbano\\\/\",\"http:\\\/\\\/www.youtube.com\\\/user\\\/portalcentrourbano\"]},{\"@type\":\"Person\",\"@id\":\"https:\\\/\\\/centrourbano.com\\\/revista\\\/#\\\/schema\\\/person\\\/ff3c00651ce5b1630479d2cd0c2e3ac0\",\"name\":\"Edgar Rosas\",\"image\":{\"@type\":\"ImageObject\",\"inLanguage\":\"es\",\"@id\":\"https:\\\/\\\/secure.gravatar.com\\\/avatar\\\/94440c4283495211faa5300bf85e80061036b83fced868c3783aa1310b350d9c?s=96&d=mm&r=g\",\"url\":\"https:\\\/\\\/secure.gravatar.com\\\/avatar\\\/94440c4283495211faa5300bf85e80061036b83fced868c3783aa1310b350d9c?s=96&d=mm&r=g\",\"contentUrl\":\"https:\\\/\\\/secure.gravatar.com\\\/avatar\\\/94440c4283495211faa5300bf85e80061036b83fced868c3783aa1310b350d9c?s=96&d=mm&r=g\",\"caption\":\"Edgar Rosas\"},\"description\":\"Editor en Jefe de Centro Urbano. Egresado de la maestr\u00eda en Periodismo Pol\u00edtico de la Escuela de Periodismo Carlos Septi\u00e9n Garc\u00eda (EPCSG). Estudi\u00f3 la licenciatura en Comunicaci\u00f3n en la Universidad Mexicana. Amante de la cr\u00f3nica y el reportaje. Admirador de Vicente Le\u00f1ero y Miguel \u00c1ngel Granados Chapa.\",\"sameAs\":[\"https:\\\/\\\/x.com\\\/https:\\\/\\\/twitter.com\\\/ERosasCU?s=09\"],\"url\":\"https:\\\/\\\/centrourbano.com\\\/revista\\\/author\\\/edgar-rosas\\\/\"}]}<\/script>\n<!-- \/ Yoast SEO plugin. -->","yoast_head_json":{"title":"Registra Fovissste 40 mdp desplazados por pagos de seguros -","description":"De los 11,000 acreditados del Fondo de la Vivienda del Issste (Fovissste) que resultaron afectados por los sismos del pasado septiembre, hasta el momento se ha realizado el pago de seguro a 2,400, lo que representa una derrama de alrededor 40 millones de pesos.","robots":{"index":"index","follow":"follow","max-snippet":"max-snippet:-1","max-image-preview":"max-image-preview:large","max-video-preview":"max-video-preview:-1"},"canonical":"https:\/\/centrourbano.com\/revista\/vivienda\/registra-fovissste-40-mdp-desplazados-pagos-seguros\/","og_locale":"es_ES","og_type":"article","og_title":"Registra Fovissste 40 mdp desplazados por pagos de seguros -","og_description":"De los 11,000 acreditados del Fondo de la Vivienda del Issste (Fovissste) que resultaron afectados por los sismos del pasado septiembre, hasta el momento se ha realizado el pago de seguro a 2,400, lo que representa una derrama de alrededor 40 millones de pesos.","og_url":"https:\/\/centrourbano.com\/revista\/vivienda\/registra-fovissste-40-mdp-desplazados-pagos-seguros\/","og_site_name":"Centro Urbano","article_publisher":"https:\/\/www.facebook.com\/portalcentrourbano","article_published_time":"2017-12-01T13:15:29+00:00","og_image":[{"width":800,"height":533,"url":"https:\/\/centrourbano.com\/revista\/wp-content\/uploads\/Fovissste_PagoSeguros_Godina.jpeg","type":"image\/jpeg"}],"author":"Edgar Rosas","twitter_card":"summary_large_image","twitter_creator":"@https:\/\/twitter.com\/ERosasCU?s=09","twitter_site":"@CentroUrbano","twitter_misc":{"Escrito por":"Edgar Rosas","Tiempo de lectura":"1 minuto"},"schema":{"@context":"https:\/\/schema.org","@graph":[{"@type":"Article","@id":"https:\/\/centrourbano.com\/revista\/vivienda\/registra-fovissste-40-mdp-desplazados-pagos-seguros\/#article","isPartOf":{"@id":"https:\/\/centrourbano.com\/revista\/vivienda\/registra-fovissste-40-mdp-desplazados-pagos-seguros\/"},"author":{"name":"Edgar Rosas","@id":"https:\/\/centrourbano.com\/revista\/#\/schema\/person\/ff3c00651ce5b1630479d2cd0c2e3ac0"},"headline":"Registra Fovissste 40 mdp desplazados por pagos de seguros","datePublished":"2017-12-01T13:15:29+00:00","mainEntityOfPage":{"@id":"https:\/\/centrourbano.com\/revista\/vivienda\/registra-fovissste-40-mdp-desplazados-pagos-seguros\/"},"wordCount":231,"commentCount":0,"publisher":{"@id":"https:\/\/centrourbano.com\/revista\/#organization"},"image":{"@id":"https:\/\/centrourbano.com\/revista\/vivienda\/registra-fovissste-40-mdp-desplazados-pagos-seguros\/#primaryimage"},"thumbnailUrl":"https:\/\/centrourbano.com\/revista\/wp-content\/uploads\/Fovissste_PagoSeguros_Godina.jpeg","keywords":["Fovissste","Pago de Seguros","Sismo","vivienda"],"articleSection":["Vivienda"],"inLanguage":"es","potentialAction":[{"@type":"CommentAction","name":"Comment","target":["https:\/\/centrourbano.com\/revista\/vivienda\/registra-fovissste-40-mdp-desplazados-pagos-seguros\/#respond"]}]},{"@type":"WebPage","@id":"https:\/\/centrourbano.com\/revista\/vivienda\/registra-fovissste-40-mdp-desplazados-pagos-seguros\/","url":"https:\/\/centrourbano.com\/revista\/vivienda\/registra-fovissste-40-mdp-desplazados-pagos-seguros\/","name":"Registra Fovissste 40 mdp desplazados por pagos de seguros -","isPartOf":{"@id":"https:\/\/centrourbano.com\/revista\/#website"},"primaryImageOfPage":{"@id":"https:\/\/centrourbano.com\/revista\/vivienda\/registra-fovissste-40-mdp-desplazados-pagos-seguros\/#primaryimage"},"image":{"@id":"https:\/\/centrourbano.com\/revista\/vivienda\/registra-fovissste-40-mdp-desplazados-pagos-seguros\/#primaryimage"},"thumbnailUrl":"https:\/\/centrourbano.com\/revista\/wp-content\/uploads\/Fovissste_PagoSeguros_Godina.jpeg","datePublished":"2017-12-01T13:15:29+00:00","description":"De los 11,000 acreditados del Fondo de la Vivienda del Issste (Fovissste) que resultaron afectados por los sismos del pasado septiembre, hasta el momento se ha realizado el pago de seguro a 2,400, lo que representa una derrama de alrededor 40 millones de pesos.","breadcrumb":{"@id":"https:\/\/centrourbano.com\/revista\/vivienda\/registra-fovissste-40-mdp-desplazados-pagos-seguros\/#breadcrumb"},"inLanguage":"es","potentialAction":[{"@type":"ReadAction","target":["https:\/\/centrourbano.com\/revista\/vivienda\/registra-fovissste-40-mdp-desplazados-pagos-seguros\/"]}]},{"@type":"ImageObject","inLanguage":"es","@id":"https:\/\/centrourbano.com\/revista\/vivienda\/registra-fovissste-40-mdp-desplazados-pagos-seguros\/#primaryimage","url":"https:\/\/centrourbano.com\/revista\/wp-content\/uploads\/Fovissste_PagoSeguros_Godina.jpeg","contentUrl":"https:\/\/centrourbano.com\/revista\/wp-content\/uploads\/Fovissste_PagoSeguros_Godina.jpeg","width":800,"height":533,"caption":"Hasta el momento se han atendido a 2,400 familias"},{"@type":"BreadcrumbList","@id":"https:\/\/centrourbano.com\/revista\/vivienda\/registra-fovissste-40-mdp-desplazados-pagos-seguros\/#breadcrumb","itemListElement":[{"@type":"ListItem","position":1,"name":"Portada","item":"https:\/\/centrourbano.com\/revista\/"},{"@type":"ListItem","position":2,"name":"Registra Fovissste 40 mdp desplazados por pagos de seguros"}]},{"@type":"WebSite","@id":"https:\/\/centrourbano.com\/revista\/#website","url":"https:\/\/centrourbano.com\/revista\/","name":"Centro Urbano","description":"Medio especializado en los sectores vivienda, inmobiliario, construcci\u00f3n, arquitectura y urbanismo.","publisher":{"@id":"https:\/\/centrourbano.com\/revista\/#organization"},"potentialAction":[{"@type":"SearchAction","target":{"@type":"EntryPoint","urlTemplate":"https:\/\/centrourbano.com\/revista\/?s={search_term_string}"},"query-input":{"@type":"PropertyValueSpecification","valueRequired":true,"valueName":"search_term_string"}}],"inLanguage":"es"},{"@type":"Organization","@id":"https:\/\/centrourbano.com\/revista\/#organization","name":"Centro Urbano","url":"https:\/\/centrourbano.com\/revista\/","logo":{"@type":"ImageObject","inLanguage":"es","@id":"https:\/\/centrourbano.com\/revista\/#\/schema\/logo\/image\/","url":"https:\/\/centrourbano.com\/revista\/wp-content\/uploads\/web_CU_logo-1.png","contentUrl":"https:\/\/centrourbano.com\/revista\/wp-content\/uploads\/web_CU_logo-1.png","width":350,"height":91,"caption":"Centro Urbano"},"image":{"@id":"https:\/\/centrourbano.com\/revista\/#\/schema\/logo\/image\/"},"sameAs":["https:\/\/www.facebook.com\/portalcentrourbano","https:\/\/x.com\/CentroUrbano","https:\/\/www.instagram.com\/centro_urbano\/","https:\/\/www.linkedin.com\/company\/centro-urbano\/","http:\/\/www.youtube.com\/user\/portalcentrourbano"]},{"@type":"Person","@id":"https:\/\/centrourbano.com\/revista\/#\/schema\/person\/ff3c00651ce5b1630479d2cd0c2e3ac0","name":"Edgar Rosas","image":{"@type":"ImageObject","inLanguage":"es","@id":"https:\/\/secure.gravatar.com\/avatar\/94440c4283495211faa5300bf85e80061036b83fced868c3783aa1310b350d9c?s=96&d=mm&r=g","url":"https:\/\/secure.gravatar.com\/avatar\/94440c4283495211faa5300bf85e80061036b83fced868c3783aa1310b350d9c?s=96&d=mm&r=g","contentUrl":"https:\/\/secure.gravatar.com\/avatar\/94440c4283495211faa5300bf85e80061036b83fced868c3783aa1310b350d9c?s=96&d=mm&r=g","caption":"Edgar Rosas"},"description":"Editor en Jefe de Centro Urbano. Egresado de la maestr\u00eda en Periodismo Pol\u00edtico de la Escuela de Periodismo Carlos Septi\u00e9n Garc\u00eda (EPCSG). Estudi\u00f3 la licenciatura en Comunicaci\u00f3n en la Universidad Mexicana. Amante de la cr\u00f3nica y el reportaje. Admirador de Vicente Le\u00f1ero y Miguel \u00c1ngel Granados Chapa.","sameAs":["https:\/\/x.com\/https:\/\/twitter.com\/ERosasCU?s=09"],"url":"https:\/\/centrourbano.com\/revista\/author\/edgar-rosas\/"}]}},"_links":{"self":[{"href":"https:\/\/centrourbano.com\/revista\/wp-json\/wp\/v2\/posts\/63447","targetHints":{"allow":["GET"]}}],"collection":[{"href":"https:\/\/centrourbano.com\/revista\/wp-json\/wp\/v2\/posts"}],"about":[{"href":"https:\/\/centrourbano.com\/revista\/wp-json\/wp\/v2\/types\/post"}],"author":[{"embeddable":true,"href":"https:\/\/centrourbano.com\/revista\/wp-json\/wp\/v2\/users\/47"}],"replies":[{"embeddable":true,"href":"https:\/\/centrourbano.com\/revista\/wp-json\/wp\/v2\/comments?post=63447"}],"version-history":[{"count":3,"href":"https:\/\/centrourbano.com\/revista\/wp-json\/wp\/v2\/posts\/63447\/revisions"}],"predecessor-version":[{"id":63451,"href":"https:\/\/centrourbano.com\/revista\/wp-json\/wp\/v2\/posts\/63447\/revisions\/63451"}],"wp:featuredmedia":[{"embeddable":true,"href":"https:\/\/centrourbano.com\/revista\/wp-json\/wp\/v2\/media\/63448"}],"wp:attachment":[{"href":"https:\/\/centrourbano.com\/revista\/wp-json\/wp\/v2\/media?parent=63447"}],"wp:term":[{"taxonomy":"category","embeddable":true,"href":"https:\/\/centrourbano.com\/revista\/wp-json\/wp\/v2\/categories?post=63447"},{"taxonomy":"post_tag","embeddable":true,"href":"https:\/\/centrourbano.com\/revista\/wp-json\/wp\/v2\/tags?post=63447"}],"curies":[{"name":"wp","href":"https:\/\/api.w.org\/{rel}","templated":true}]}}