{"id":63436,"date":"2017-11-30T17:29:09","date_gmt":"2017-11-30T23:29:09","guid":{"rendered":"https:\/\/centrourbano.com\/?p=63436"},"modified":"2017-11-30T17:30:42","modified_gmt":"2017-11-30T23:30:42","slug":"entrega-coves-cuartos-rosas-bacanora","status":"publish","type":"post","link":"https:\/\/centrourbano.com\/revista\/vivienda\/entrega-coves-cuartos-rosas-bacanora\/","title":{"rendered":"Entrega Coves Cuartos Rosas en Bacanora"},"content":{"rendered":"<p><em>En total se otorgaron 29 habitaciones adicionales <\/em><!--more--><\/p>\n<p>La Comisi\u00f3n de Vivienda del Estado de Sonora (Coves) entreg\u00f3 acciones en beneficio de familias del municipio de Bacanora. Entre las obras se destaca la entrega de Cuartos Rosas en esta localidad de la Sierra Alta de la entidad. <\/p>\n<p>En total, explic\u00f3 Elly Sallard Hern\u00e1ndez, directora de la Coves, se entregaron 29 cuartos rosas y 30 estufas ecol\u00f3gicas, con lo que se benefici\u00f3 a 307 personas de Bacanora y las comunidades de El Destacamento y Santa Teresa.<\/p>\n<p>La funcionaria estatal destac\u00f3 que los cuartos adicionales entregados son ecol\u00f3gicos. Dijo que para su desarrollo se utilizaron materiales especiales, que permiten la construcci\u00f3n de los cuartos en dos d\u00edas. <\/p>\n<p>Sallard a\u00f1adi\u00f3 que el objetivo en la actual administraci\u00f3n es concentrar la atenci\u00f3n en los grupos vulnerables. <\/p>\n","protected":false},"excerpt":{"rendered":"<p>En total se otorgaron 29 habitaciones adicionales<\/p>\n","protected":false},"author":77,"featured_media":63442,"comment_status":"open","ping_status":"closed","sticky":false,"template":"","format":"standard","meta":{"inline_featured_image":false,"footnotes":""},"categories":[12],"tags":[8545,9403,60],"class_list":["post-63436","post","type-post","status-publish","format-standard","has-post-thumbnail","hentry","category-vivienda","tag-coves","tag-elly-sallard-hernandez","tag-vivienda-2"],"yoast_head":"<!-- This site is optimized with the Yoast SEO plugin v28.4 - https:\/\/yoast.com\/product\/yoast-seo-wordpress\/ -->\n<title>Entrega Coves Cuartos Rosas en Bacanora -<\/title>\n<meta name=\"description\" content=\"La Comisi\u00f3n de Vivienda del Estado de Sonora (Coves) entreg\u00f3 acciones en beneficio de familias del municipio de Bacanora. Entre las obras se destaca la entrega de Cuartos Rosas en esta localidad de la Sierra Alta de la entidad.\" \/>\n<meta name=\"robots\" content=\"index, follow, max-snippet:-1, max-image-preview:large, max-video-preview:-1\" \/>\n<link rel=\"canonical\" href=\"https:\/\/centrourbano.com\/revista\/vivienda\/entrega-coves-cuartos-rosas-bacanora\/\" \/>\n<meta property=\"og:locale\" content=\"es_ES\" \/>\n<meta property=\"og:type\" content=\"article\" \/>\n<meta property=\"og:title\" content=\"Entrega Coves Cuartos Rosas en Bacanora -\" \/>\n<meta property=\"og:description\" content=\"La Comisi\u00f3n de Vivienda del Estado de Sonora (Coves) entreg\u00f3 acciones en beneficio de familias del municipio de Bacanora. Entre las obras se destaca la entrega de Cuartos Rosas en esta localidad de la Sierra Alta de la entidad.\" \/>\n<meta property=\"og:url\" content=\"https:\/\/centrourbano.com\/revista\/vivienda\/entrega-coves-cuartos-rosas-bacanora\/\" \/>\n<meta property=\"og:site_name\" content=\"Centro Urbano\" \/>\n<meta property=\"article:publisher\" content=\"https:\/\/www.facebook.com\/portalcentrourbano\" \/>\n<meta property=\"article:published_time\" content=\"2017-11-30T23:29:09+00:00\" \/>\n<meta property=\"article:modified_time\" content=\"2017-11-30T23:30:42+00:00\" \/>\n<meta property=\"og:image\" content=\"https:\/\/centrourbano.com\/revista\/wp-content\/uploads\/Coves_Sonora_Bacanora.jpeg\" \/>\n\t<meta property=\"og:image:width\" content=\"800\" \/>\n\t<meta property=\"og:image:height\" content=\"533\" \/>\n\t<meta property=\"og:image:type\" content=\"image\/jpeg\" \/>\n<meta name=\"author\" content=\"G4A\" \/>\n<meta name=\"twitter:card\" content=\"summary_large_image\" \/>\n<meta name=\"twitter:creator\" content=\"@CentroUrbano\" \/>\n<meta name=\"twitter:site\" content=\"@CentroUrbano\" \/>\n<meta name=\"twitter:label1\" content=\"Escrito por\" \/>\n\t<meta name=\"twitter:data1\" content=\"G4A\" \/>\n\t<meta name=\"twitter:label2\" content=\"Tiempo de lectura\" \/>\n\t<meta name=\"twitter:data2\" content=\"1 minuto\" \/>\n<script type=\"application\/ld+json\" class=\"yoast-schema-graph\">{\"@context\":\"https:\\\/\\\/schema.org\",\"@graph\":[{\"@type\":\"Article\",\"@id\":\"https:\\\/\\\/centrourbano.com\\\/revista\\\/vivienda\\\/entrega-coves-cuartos-rosas-bacanora\\\/#article\",\"isPartOf\":{\"@id\":\"https:\\\/\\\/centrourbano.com\\\/revista\\\/vivienda\\\/entrega-coves-cuartos-rosas-bacanora\\\/\"},\"author\":{\"name\":\"G4A\",\"@id\":\"https:\\\/\\\/centrourbano.com\\\/revista\\\/#\\\/schema\\\/person\\\/370fa0ba2d8dd5bde3fdb8b62ad360aa\"},\"headline\":\"Entrega Coves Cuartos Rosas en Bacanora\",\"datePublished\":\"2017-11-30T23:29:09+00:00\",\"dateModified\":\"2017-11-30T23:30:42+00:00\",\"mainEntityOfPage\":{\"@id\":\"https:\\\/\\\/centrourbano.com\\\/revista\\\/vivienda\\\/entrega-coves-cuartos-rosas-bacanora\\\/\"},\"wordCount\":142,\"commentCount\":0,\"publisher\":{\"@id\":\"https:\\\/\\\/centrourbano.com\\\/revista\\\/#organization\"},\"image\":{\"@id\":\"https:\\\/\\\/centrourbano.com\\\/revista\\\/vivienda\\\/entrega-coves-cuartos-rosas-bacanora\\\/#primaryimage\"},\"thumbnailUrl\":\"https:\\\/\\\/centrourbano.com\\\/revista\\\/wp-content\\\/uploads\\\/Coves_Sonora_Bacanora.jpeg\",\"keywords\":[\"Coves\",\"Elly Sallard Hern\u00e1ndez\",\"vivienda\"],\"articleSection\":[\"Vivienda\"],\"inLanguage\":\"es\"},{\"@type\":\"WebPage\",\"@id\":\"https:\\\/\\\/centrourbano.com\\\/revista\\\/vivienda\\\/entrega-coves-cuartos-rosas-bacanora\\\/\",\"url\":\"https:\\\/\\\/centrourbano.com\\\/revista\\\/vivienda\\\/entrega-coves-cuartos-rosas-bacanora\\\/\",\"name\":\"Entrega Coves Cuartos Rosas en Bacanora -\",\"isPartOf\":{\"@id\":\"https:\\\/\\\/centrourbano.com\\\/revista\\\/#website\"},\"primaryImageOfPage\":{\"@id\":\"https:\\\/\\\/centrourbano.com\\\/revista\\\/vivienda\\\/entrega-coves-cuartos-rosas-bacanora\\\/#primaryimage\"},\"image\":{\"@id\":\"https:\\\/\\\/centrourbano.com\\\/revista\\\/vivienda\\\/entrega-coves-cuartos-rosas-bacanora\\\/#primaryimage\"},\"thumbnailUrl\":\"https:\\\/\\\/centrourbano.com\\\/revista\\\/wp-content\\\/uploads\\\/Coves_Sonora_Bacanora.jpeg\",\"datePublished\":\"2017-11-30T23:29:09+00:00\",\"dateModified\":\"2017-11-30T23:30:42+00:00\",\"description\":\"La Comisi\u00f3n de Vivienda del Estado de Sonora (Coves) entreg\u00f3 acciones en beneficio de familias del municipio de Bacanora. Entre las obras se destaca la entrega de Cuartos Rosas en esta localidad de la Sierra Alta de la entidad.\",\"breadcrumb\":{\"@id\":\"https:\\\/\\\/centrourbano.com\\\/revista\\\/vivienda\\\/entrega-coves-cuartos-rosas-bacanora\\\/#breadcrumb\"},\"inLanguage\":\"es\",\"potentialAction\":[{\"@type\":\"ReadAction\",\"target\":[\"https:\\\/\\\/centrourbano.com\\\/revista\\\/vivienda\\\/entrega-coves-cuartos-rosas-bacanora\\\/\"]}]},{\"@type\":\"ImageObject\",\"inLanguage\":\"es\",\"@id\":\"https:\\\/\\\/centrourbano.com\\\/revista\\\/vivienda\\\/entrega-coves-cuartos-rosas-bacanora\\\/#primaryimage\",\"url\":\"https:\\\/\\\/centrourbano.com\\\/revista\\\/wp-content\\\/uploads\\\/Coves_Sonora_Bacanora.jpeg\",\"contentUrl\":\"https:\\\/\\\/centrourbano.com\\\/revista\\\/wp-content\\\/uploads\\\/Coves_Sonora_Bacanora.jpeg\",\"width\":800,\"height\":533,\"caption\":\"En total se otorgaron 29 habitaciones adicionales\"},{\"@type\":\"BreadcrumbList\",\"@id\":\"https:\\\/\\\/centrourbano.com\\\/revista\\\/vivienda\\\/entrega-coves-cuartos-rosas-bacanora\\\/#breadcrumb\",\"itemListElement\":[{\"@type\":\"ListItem\",\"position\":1,\"name\":\"Portada\",\"item\":\"https:\\\/\\\/centrourbano.com\\\/revista\\\/\"},{\"@type\":\"ListItem\",\"position\":2,\"name\":\"Entrega Coves Cuartos Rosas en Bacanora\"}]},{\"@type\":\"WebSite\",\"@id\":\"https:\\\/\\\/centrourbano.com\\\/revista\\\/#website\",\"url\":\"https:\\\/\\\/centrourbano.com\\\/revista\\\/\",\"name\":\"Centro Urbano\",\"description\":\"Medio especializado en los sectores vivienda, inmobiliario, construcci\u00f3n, arquitectura y urbanismo.\",\"publisher\":{\"@id\":\"https:\\\/\\\/centrourbano.com\\\/revista\\\/#organization\"},\"potentialAction\":[{\"@type\":\"SearchAction\",\"target\":{\"@type\":\"EntryPoint\",\"urlTemplate\":\"https:\\\/\\\/centrourbano.com\\\/revista\\\/?s={search_term_string}\"},\"query-input\":{\"@type\":\"PropertyValueSpecification\",\"valueRequired\":true,\"valueName\":\"search_term_string\"}}],\"inLanguage\":\"es\"},{\"@type\":\"Organization\",\"@id\":\"https:\\\/\\\/centrourbano.com\\\/revista\\\/#organization\",\"name\":\"Centro Urbano\",\"url\":\"https:\\\/\\\/centrourbano.com\\\/revista\\\/\",\"logo\":{\"@type\":\"ImageObject\",\"inLanguage\":\"es\",\"@id\":\"https:\\\/\\\/centrourbano.com\\\/revista\\\/#\\\/schema\\\/logo\\\/image\\\/\",\"url\":\"https:\\\/\\\/centrourbano.com\\\/revista\\\/wp-content\\\/uploads\\\/web_CU_logo-1.png\",\"contentUrl\":\"https:\\\/\\\/centrourbano.com\\\/revista\\\/wp-content\\\/uploads\\\/web_CU_logo-1.png\",\"width\":350,\"height\":91,\"caption\":\"Centro Urbano\"},\"image\":{\"@id\":\"https:\\\/\\\/centrourbano.com\\\/revista\\\/#\\\/schema\\\/logo\\\/image\\\/\"},\"sameAs\":[\"https:\\\/\\\/www.facebook.com\\\/portalcentrourbano\",\"https:\\\/\\\/x.com\\\/CentroUrbano\",\"https:\\\/\\\/www.instagram.com\\\/centro_urbano\\\/\",\"https:\\\/\\\/www.linkedin.com\\\/company\\\/centro-urbano\\\/\",\"http:\\\/\\\/www.youtube.com\\\/user\\\/portalcentrourbano\"]},{\"@type\":\"Person\",\"@id\":\"https:\\\/\\\/centrourbano.com\\\/revista\\\/#\\\/schema\\\/person\\\/370fa0ba2d8dd5bde3fdb8b62ad360aa\",\"name\":\"G4A\",\"image\":{\"@type\":\"ImageObject\",\"inLanguage\":\"es\",\"@id\":\"https:\\\/\\\/secure.gravatar.com\\\/avatar\\\/932a97121b13d5de5bbd8193c6c83d3b92c9eda0f39623607d4280e7a5778d97?s=96&d=mm&r=g\",\"url\":\"https:\\\/\\\/secure.gravatar.com\\\/avatar\\\/932a97121b13d5de5bbd8193c6c83d3b92c9eda0f39623607d4280e7a5778d97?s=96&d=mm&r=g\",\"contentUrl\":\"https:\\\/\\\/secure.gravatar.com\\\/avatar\\\/932a97121b13d5de5bbd8193c6c83d3b92c9eda0f39623607d4280e7a5778d97?s=96&d=mm&r=g\",\"caption\":\"G4A\"},\"url\":\"https:\\\/\\\/centrourbano.com\\\/revista\\\/author\\\/admin-g4a\\\/\"}]}<\/script>\n<!-- \/ Yoast SEO plugin. -->","yoast_head_json":{"title":"Entrega Coves Cuartos Rosas en Bacanora -","description":"La Comisi\u00f3n de Vivienda del Estado de Sonora (Coves) entreg\u00f3 acciones en beneficio de familias del municipio de Bacanora. Entre las obras se destaca la entrega de Cuartos Rosas en esta localidad de la Sierra Alta de la entidad.","robots":{"index":"index","follow":"follow","max-snippet":"max-snippet:-1","max-image-preview":"max-image-preview:large","max-video-preview":"max-video-preview:-1"},"canonical":"https:\/\/centrourbano.com\/revista\/vivienda\/entrega-coves-cuartos-rosas-bacanora\/","og_locale":"es_ES","og_type":"article","og_title":"Entrega Coves Cuartos Rosas en Bacanora -","og_description":"La Comisi\u00f3n de Vivienda del Estado de Sonora (Coves) entreg\u00f3 acciones en beneficio de familias del municipio de Bacanora. Entre las obras se destaca la entrega de Cuartos Rosas en esta localidad de la Sierra Alta de la entidad.","og_url":"https:\/\/centrourbano.com\/revista\/vivienda\/entrega-coves-cuartos-rosas-bacanora\/","og_site_name":"Centro Urbano","article_publisher":"https:\/\/www.facebook.com\/portalcentrourbano","article_published_time":"2017-11-30T23:29:09+00:00","article_modified_time":"2017-11-30T23:30:42+00:00","og_image":[{"width":800,"height":533,"url":"https:\/\/centrourbano.com\/revista\/wp-content\/uploads\/Coves_Sonora_Bacanora.jpeg","type":"image\/jpeg"}],"author":"G4A","twitter_card":"summary_large_image","twitter_creator":"@CentroUrbano","twitter_site":"@CentroUrbano","twitter_misc":{"Escrito por":"G4A","Tiempo de lectura":"1 minuto"},"schema":{"@context":"https:\/\/schema.org","@graph":[{"@type":"Article","@id":"https:\/\/centrourbano.com\/revista\/vivienda\/entrega-coves-cuartos-rosas-bacanora\/#article","isPartOf":{"@id":"https:\/\/centrourbano.com\/revista\/vivienda\/entrega-coves-cuartos-rosas-bacanora\/"},"author":{"name":"G4A","@id":"https:\/\/centrourbano.com\/revista\/#\/schema\/person\/370fa0ba2d8dd5bde3fdb8b62ad360aa"},"headline":"Entrega Coves Cuartos Rosas en Bacanora","datePublished":"2017-11-30T23:29:09+00:00","dateModified":"2017-11-30T23:30:42+00:00","mainEntityOfPage":{"@id":"https:\/\/centrourbano.com\/revista\/vivienda\/entrega-coves-cuartos-rosas-bacanora\/"},"wordCount":142,"commentCount":0,"publisher":{"@id":"https:\/\/centrourbano.com\/revista\/#organization"},"image":{"@id":"https:\/\/centrourbano.com\/revista\/vivienda\/entrega-coves-cuartos-rosas-bacanora\/#primaryimage"},"thumbnailUrl":"https:\/\/centrourbano.com\/revista\/wp-content\/uploads\/Coves_Sonora_Bacanora.jpeg","keywords":["Coves","Elly Sallard Hern\u00e1ndez","vivienda"],"articleSection":["Vivienda"],"inLanguage":"es"},{"@type":"WebPage","@id":"https:\/\/centrourbano.com\/revista\/vivienda\/entrega-coves-cuartos-rosas-bacanora\/","url":"https:\/\/centrourbano.com\/revista\/vivienda\/entrega-coves-cuartos-rosas-bacanora\/","name":"Entrega Coves Cuartos Rosas en Bacanora -","isPartOf":{"@id":"https:\/\/centrourbano.com\/revista\/#website"},"primaryImageOfPage":{"@id":"https:\/\/centrourbano.com\/revista\/vivienda\/entrega-coves-cuartos-rosas-bacanora\/#primaryimage"},"image":{"@id":"https:\/\/centrourbano.com\/revista\/vivienda\/entrega-coves-cuartos-rosas-bacanora\/#primaryimage"},"thumbnailUrl":"https:\/\/centrourbano.com\/revista\/wp-content\/uploads\/Coves_Sonora_Bacanora.jpeg","datePublished":"2017-11-30T23:29:09+00:00","dateModified":"2017-11-30T23:30:42+00:00","description":"La Comisi\u00f3n de Vivienda del Estado de Sonora (Coves) entreg\u00f3 acciones en beneficio de familias del municipio de Bacanora. Entre las obras se destaca la entrega de Cuartos Rosas en esta localidad de la Sierra Alta de la entidad.","breadcrumb":{"@id":"https:\/\/centrourbano.com\/revista\/vivienda\/entrega-coves-cuartos-rosas-bacanora\/#breadcrumb"},"inLanguage":"es","potentialAction":[{"@type":"ReadAction","target":["https:\/\/centrourbano.com\/revista\/vivienda\/entrega-coves-cuartos-rosas-bacanora\/"]}]},{"@type":"ImageObject","inLanguage":"es","@id":"https:\/\/centrourbano.com\/revista\/vivienda\/entrega-coves-cuartos-rosas-bacanora\/#primaryimage","url":"https:\/\/centrourbano.com\/revista\/wp-content\/uploads\/Coves_Sonora_Bacanora.jpeg","contentUrl":"https:\/\/centrourbano.com\/revista\/wp-content\/uploads\/Coves_Sonora_Bacanora.jpeg","width":800,"height":533,"caption":"En total se otorgaron 29 habitaciones adicionales"},{"@type":"BreadcrumbList","@id":"https:\/\/centrourbano.com\/revista\/vivienda\/entrega-coves-cuartos-rosas-bacanora\/#breadcrumb","itemListElement":[{"@type":"ListItem","position":1,"name":"Portada","item":"https:\/\/centrourbano.com\/revista\/"},{"@type":"ListItem","position":2,"name":"Entrega Coves Cuartos Rosas en Bacanora"}]},{"@type":"WebSite","@id":"https:\/\/centrourbano.com\/revista\/#website","url":"https:\/\/centrourbano.com\/revista\/","name":"Centro Urbano","description":"Medio especializado en los sectores vivienda, inmobiliario, construcci\u00f3n, arquitectura y urbanismo.","publisher":{"@id":"https:\/\/centrourbano.com\/revista\/#organization"},"potentialAction":[{"@type":"SearchAction","target":{"@type":"EntryPoint","urlTemplate":"https:\/\/centrourbano.com\/revista\/?s={search_term_string}"},"query-input":{"@type":"PropertyValueSpecification","valueRequired":true,"valueName":"search_term_string"}}],"inLanguage":"es"},{"@type":"Organization","@id":"https:\/\/centrourbano.com\/revista\/#organization","name":"Centro Urbano","url":"https:\/\/centrourbano.com\/revista\/","logo":{"@type":"ImageObject","inLanguage":"es","@id":"https:\/\/centrourbano.com\/revista\/#\/schema\/logo\/image\/","url":"https:\/\/centrourbano.com\/revista\/wp-content\/uploads\/web_CU_logo-1.png","contentUrl":"https:\/\/centrourbano.com\/revista\/wp-content\/uploads\/web_CU_logo-1.png","width":350,"height":91,"caption":"Centro Urbano"},"image":{"@id":"https:\/\/centrourbano.com\/revista\/#\/schema\/logo\/image\/"},"sameAs":["https:\/\/www.facebook.com\/portalcentrourbano","https:\/\/x.com\/CentroUrbano","https:\/\/www.instagram.com\/centro_urbano\/","https:\/\/www.linkedin.com\/company\/centro-urbano\/","http:\/\/www.youtube.com\/user\/portalcentrourbano"]},{"@type":"Person","@id":"https:\/\/centrourbano.com\/revista\/#\/schema\/person\/370fa0ba2d8dd5bde3fdb8b62ad360aa","name":"G4A","image":{"@type":"ImageObject","inLanguage":"es","@id":"https:\/\/secure.gravatar.com\/avatar\/932a97121b13d5de5bbd8193c6c83d3b92c9eda0f39623607d4280e7a5778d97?s=96&d=mm&r=g","url":"https:\/\/secure.gravatar.com\/avatar\/932a97121b13d5de5bbd8193c6c83d3b92c9eda0f39623607d4280e7a5778d97?s=96&d=mm&r=g","contentUrl":"https:\/\/secure.gravatar.com\/avatar\/932a97121b13d5de5bbd8193c6c83d3b92c9eda0f39623607d4280e7a5778d97?s=96&d=mm&r=g","caption":"G4A"},"url":"https:\/\/centrourbano.com\/revista\/author\/admin-g4a\/"}]}},"_links":{"self":[{"href":"https:\/\/centrourbano.com\/revista\/wp-json\/wp\/v2\/posts\/63436","targetHints":{"allow":["GET"]}}],"collection":[{"href":"https:\/\/centrourbano.com\/revista\/wp-json\/wp\/v2\/posts"}],"about":[{"href":"https:\/\/centrourbano.com\/revista\/wp-json\/wp\/v2\/types\/post"}],"author":[{"embeddable":true,"href":"https:\/\/centrourbano.com\/revista\/wp-json\/wp\/v2\/users\/77"}],"replies":[{"embeddable":true,"href":"https:\/\/centrourbano.com\/revista\/wp-json\/wp\/v2\/comments?post=63436"}],"version-history":[{"count":1,"href":"https:\/\/centrourbano.com\/revista\/wp-json\/wp\/v2\/posts\/63436\/revisions"}],"predecessor-version":[{"id":63441,"href":"https:\/\/centrourbano.com\/revista\/wp-json\/wp\/v2\/posts\/63436\/revisions\/63441"}],"wp:featuredmedia":[{"embeddable":true,"href":"https:\/\/centrourbano.com\/revista\/wp-json\/wp\/v2\/media\/63442"}],"wp:attachment":[{"href":"https:\/\/centrourbano.com\/revista\/wp-json\/wp\/v2\/media?parent=63436"}],"wp:term":[{"taxonomy":"category","embeddable":true,"href":"https:\/\/centrourbano.com\/revista\/wp-json\/wp\/v2\/categories?post=63436"},{"taxonomy":"post_tag","embeddable":true,"href":"https:\/\/centrourbano.com\/revista\/wp-json\/wp\/v2\/tags?post=63436"}],"curies":[{"name":"wp","href":"https:\/\/api.w.org\/{rel}","templated":true}]}}