{"id":63283,"date":"2017-11-29T13:00:45","date_gmt":"2017-11-29T19:00:45","guid":{"rendered":"https:\/\/centrourbano.com\/?p=63283"},"modified":"2017-11-29T18:06:04","modified_gmt":"2017-11-30T00:06:04","slug":"templo-mayor-lucira-nueva-iluminacion-nocturna","status":"publish","type":"post","link":"https:\/\/centrourbano.com\/revista\/arquitectura-2\/templo-mayor-lucira-nueva-iluminacion-nocturna\/","title":{"rendered":"Inauguran encendido art\u00edstico del Templo Mayor"},"content":{"rendered":"<p><em>La zona arqueol\u00f3gica resaltar\u00e1 su arquitectura con luces de colores para atraer m\u00e1s visitantes \u00a0<\/em><\/p>\n<p><!--more--><\/p>\n<p>El jefe de gobierno de la Ciudad de M\u00e9xico, Miguel \u00c1ngel Mancera, encabez\u00f3 el encendido del Templo Mayor como parte de las acciones para recuperar y mejorar la vista nocturna de la zona arqueol\u00f3gica con el objetivo de atraer m\u00e1s visitantes.<\/p>\n<p>Dicho\u00a0proyecto consta de la iluminaci\u00f3n general sobre fachadas, basamentos y esculturas, con 140 proyectores con tecnolog\u00eda de LED RGB de 30, 50 y 135 watts respectivamente, instalados en los edificios de las calles Rep\u00fablica de Argentina, Francisco Primo de Verdad y Justo Sierra del Centro Hist\u00f3rico de la Ciudad de M\u00e9xico.<\/p>\n<p>De acuerdo con el jefe de gobierno, las luces cambiar\u00e1n de color para resaltar el relieve de los recintos y estar\u00e1n instaladas en las v\u00edas de tr\u00e1nsito comprendidas en los murales, fachadas del museo y\u00a0 a un costado de la Plaza del Seminario. Adem\u00e1s, el proyecto tendr\u00e1 una segunda etapa que consistir\u00e1 en iluminar zonas y edificios espec\u00edficos y ser\u00e1 inaugurada en un par de semanas para mejorar la imagen urbana.<\/p>\n<p>\u201cNos comprometimos a embellecer a la Ciudad de M\u00e9xico y hoy este rescate verdaderamente es algo que nos llena de satisfacci\u00f3n con el uso de tecnolog\u00eda, el cuidado de los expertos de antropolog\u00eda para la conservaci\u00f3n de nuestro patrimonio hist\u00f3rico\u201d.<\/p>\n<p>Parte de las autoridades que participan en la recuperaci\u00f3n del Centro Hist\u00f3rico, se encuentran, el Fideicomiso Centro Hist\u00f3rico y la Agencia de Gesti\u00f3n Urbana (AGU). Adem\u00e1s de la presencia de la secretaria de Cultura del Gobierno Federal, Mar\u00eda Cristina Garc\u00eda Cepeda, que mencion\u00f3 que la dependencia a su cargo ha creado una alianza para regenerar de manera inmediata el patrimonio da\u00f1ado por los sismos de septiembre.<\/p>\n<p>Dicho proyecto fue coordinado por el Instituto Nacional de Antropolog\u00eda e Historia (INAH) y el Museo del Templo Mayor, as\u00ed como el apoyo de arquitectos, ingenieros, obreros, dise\u00f1adores y personal t\u00e9cnico especializado en la materia, para evitar da\u00f1os en la zona arqueol\u00f3gica.<\/p>\n","protected":false},"excerpt":{"rendered":"<p>La zona arqueol\u00f3gica resaltar\u00e1 su arquitectura con luces de colores para atraer m\u00e1s visitantes \u00a0<\/p>\n","protected":false},"author":56,"featured_media":63284,"comment_status":"open","ping_status":"closed","sticky":false,"template":"","format":"standard","meta":{"om_disable_all_campaigns":false,"inline_featured_image":false,"_monsterinsights_skip_tracking":false,"_monsterinsights_sitenote_active":false,"_monsterinsights_sitenote_note":"","_monsterinsights_sitenote_category":0,"footnotes":""},"categories":[81],"tags":[606,179,671,9385,11878,12076],"class_list":["post-63283","post","type-post","status-publish","format-standard","has-post-thumbnail","hentry","category-arquitectura-2","tag-cdmx","tag-centro-historico","tag-inah","tag-maria-cristina-garcia-cepeda","tag-museo-del-templo-mayor","tag-secretaria-de-cultura-gobierno-federal"],"yoast_head":"<!-- This site is optimized with the Yoast SEO plugin v27.4 - https:\/\/yoast.com\/product\/yoast-seo-wordpress\/ -->\n<title>Inauguran encendido art\u00edstico del Templo Mayor -<\/title>\n<meta name=\"description\" content=\"La zona arqueol\u00f3gica resaltar\u00e1 su arquitectura con luces de colores para atraer m\u00e1s visitantes\" \/>\n<meta name=\"robots\" content=\"index, follow, max-snippet:-1, max-image-preview:large, max-video-preview:-1\" \/>\n<link rel=\"canonical\" href=\"https:\/\/centrourbano.com\/revista\/arquitectura-2\/templo-mayor-lucira-nueva-iluminacion-nocturna\/\" \/>\n<meta property=\"og:locale\" content=\"es_ES\" \/>\n<meta property=\"og:type\" content=\"article\" \/>\n<meta property=\"og:title\" content=\"Inauguran encendido art\u00edstico del Templo Mayor -\" \/>\n<meta property=\"og:description\" content=\"La zona arqueol\u00f3gica resaltar\u00e1 su arquitectura con luces de colores para atraer m\u00e1s visitantes\" \/>\n<meta property=\"og:url\" content=\"https:\/\/centrourbano.com\/revista\/arquitectura-2\/templo-mayor-lucira-nueva-iluminacion-nocturna\/\" \/>\n<meta property=\"og:site_name\" content=\"Centro Urbano\" \/>\n<meta property=\"article:publisher\" content=\"https:\/\/www.facebook.com\/portalcentrourbano\" \/>\n<meta property=\"article:published_time\" content=\"2017-11-29T19:00:45+00:00\" \/>\n<meta property=\"article:modified_time\" content=\"2017-11-30T00:06:04+00:00\" \/>\n<meta property=\"og:image\" content=\"https:\/\/centrourbano.com\/revista\/wp-content\/uploads\/thumb_29483_780x0_0_0_crop.jpg\" \/>\n\t<meta property=\"og:image:width\" content=\"780\" \/>\n\t<meta property=\"og:image:height\" content=\"520\" \/>\n\t<meta property=\"og:image:type\" content=\"image\/jpeg\" \/>\n<meta name=\"author\" content=\"Nadia Torres\" \/>\n<meta name=\"twitter:card\" content=\"summary_large_image\" \/>\n<meta name=\"twitter:creator\" content=\"@https:\/\/twitter.com\/StephanyCLock\" \/>\n<meta name=\"twitter:site\" content=\"@CentroUrbano\" \/>\n<meta name=\"twitter:label1\" content=\"Escrito por\" \/>\n\t<meta name=\"twitter:data1\" content=\"Nadia Torres\" \/>\n\t<meta name=\"twitter:label2\" content=\"Tiempo de lectura\" \/>\n\t<meta name=\"twitter:data2\" content=\"2 minutos\" \/>\n<script type=\"application\/ld+json\" class=\"yoast-schema-graph\">{\"@context\":\"https:\\\/\\\/schema.org\",\"@graph\":[{\"@type\":\"Article\",\"@id\":\"https:\\\/\\\/centrourbano.com\\\/revista\\\/arquitectura-2\\\/templo-mayor-lucira-nueva-iluminacion-nocturna\\\/#article\",\"isPartOf\":{\"@id\":\"https:\\\/\\\/centrourbano.com\\\/revista\\\/arquitectura-2\\\/templo-mayor-lucira-nueva-iluminacion-nocturna\\\/\"},\"author\":{\"name\":\"Nadia Torres\",\"@id\":\"https:\\\/\\\/centrourbano.com\\\/revista\\\/#\\\/schema\\\/person\\\/4bc80f323d8acd22e7367c3c2e98e4fa\"},\"headline\":\"Inauguran encendido art\u00edstico del Templo Mayor\",\"datePublished\":\"2017-11-29T19:00:45+00:00\",\"dateModified\":\"2017-11-30T00:06:04+00:00\",\"mainEntityOfPage\":{\"@id\":\"https:\\\/\\\/centrourbano.com\\\/revista\\\/arquitectura-2\\\/templo-mayor-lucira-nueva-iluminacion-nocturna\\\/\"},\"wordCount\":364,\"commentCount\":0,\"publisher\":{\"@id\":\"https:\\\/\\\/centrourbano.com\\\/revista\\\/#organization\"},\"image\":{\"@id\":\"https:\\\/\\\/centrourbano.com\\\/revista\\\/arquitectura-2\\\/templo-mayor-lucira-nueva-iluminacion-nocturna\\\/#primaryimage\"},\"thumbnailUrl\":\"https:\\\/\\\/centrourbano.com\\\/revista\\\/wp-content\\\/uploads\\\/thumb_29483_780x0_0_0_crop.jpg\",\"keywords\":[\"CDMX\",\"Centro Hist\u00f3rico\",\"INAH\",\"Mar\u00eda Cristina Garc\u00eda Cepeda\",\"Museo del Templo Mayor\",\"Secretaria de Cultura Gobierno Federal\"],\"articleSection\":[\"Arquitectura\"],\"inLanguage\":\"es\",\"potentialAction\":[{\"@type\":\"CommentAction\",\"name\":\"Comment\",\"target\":[\"https:\\\/\\\/centrourbano.com\\\/revista\\\/arquitectura-2\\\/templo-mayor-lucira-nueva-iluminacion-nocturna\\\/#respond\"]}]},{\"@type\":\"WebPage\",\"@id\":\"https:\\\/\\\/centrourbano.com\\\/revista\\\/arquitectura-2\\\/templo-mayor-lucira-nueva-iluminacion-nocturna\\\/\",\"url\":\"https:\\\/\\\/centrourbano.com\\\/revista\\\/arquitectura-2\\\/templo-mayor-lucira-nueva-iluminacion-nocturna\\\/\",\"name\":\"Inauguran encendido art\u00edstico del Templo Mayor -\",\"isPartOf\":{\"@id\":\"https:\\\/\\\/centrourbano.com\\\/revista\\\/#website\"},\"primaryImageOfPage\":{\"@id\":\"https:\\\/\\\/centrourbano.com\\\/revista\\\/arquitectura-2\\\/templo-mayor-lucira-nueva-iluminacion-nocturna\\\/#primaryimage\"},\"image\":{\"@id\":\"https:\\\/\\\/centrourbano.com\\\/revista\\\/arquitectura-2\\\/templo-mayor-lucira-nueva-iluminacion-nocturna\\\/#primaryimage\"},\"thumbnailUrl\":\"https:\\\/\\\/centrourbano.com\\\/revista\\\/wp-content\\\/uploads\\\/thumb_29483_780x0_0_0_crop.jpg\",\"datePublished\":\"2017-11-29T19:00:45+00:00\",\"dateModified\":\"2017-11-30T00:06:04+00:00\",\"description\":\"La zona arqueol\u00f3gica resaltar\u00e1 su arquitectura con luces de colores para atraer m\u00e1s visitantes\",\"breadcrumb\":{\"@id\":\"https:\\\/\\\/centrourbano.com\\\/revista\\\/arquitectura-2\\\/templo-mayor-lucira-nueva-iluminacion-nocturna\\\/#breadcrumb\"},\"inLanguage\":\"es\",\"potentialAction\":[{\"@type\":\"ReadAction\",\"target\":[\"https:\\\/\\\/centrourbano.com\\\/revista\\\/arquitectura-2\\\/templo-mayor-lucira-nueva-iluminacion-nocturna\\\/\"]}]},{\"@type\":\"ImageObject\",\"inLanguage\":\"es\",\"@id\":\"https:\\\/\\\/centrourbano.com\\\/revista\\\/arquitectura-2\\\/templo-mayor-lucira-nueva-iluminacion-nocturna\\\/#primaryimage\",\"url\":\"https:\\\/\\\/centrourbano.com\\\/revista\\\/wp-content\\\/uploads\\\/thumb_29483_780x0_0_0_crop.jpg\",\"contentUrl\":\"https:\\\/\\\/centrourbano.com\\\/revista\\\/wp-content\\\/uploads\\\/thumb_29483_780x0_0_0_crop.jpg\",\"width\":780,\"height\":520,\"caption\":\"La zona arqueol\u00f3gica resaltar\u00e1 su arquitectura con luces de colores para atraer m\u00e1s visitantes\"},{\"@type\":\"BreadcrumbList\",\"@id\":\"https:\\\/\\\/centrourbano.com\\\/revista\\\/arquitectura-2\\\/templo-mayor-lucira-nueva-iluminacion-nocturna\\\/#breadcrumb\",\"itemListElement\":[{\"@type\":\"ListItem\",\"position\":1,\"name\":\"Portada\",\"item\":\"https:\\\/\\\/centrourbano.com\\\/revista\\\/\"},{\"@type\":\"ListItem\",\"position\":2,\"name\":\"Inauguran encendido art\u00edstico del Templo Mayor\"}]},{\"@type\":\"WebSite\",\"@id\":\"https:\\\/\\\/centrourbano.com\\\/revista\\\/#website\",\"url\":\"https:\\\/\\\/centrourbano.com\\\/revista\\\/\",\"name\":\"Centro Urbano\",\"description\":\"Medio especializado en los sectores vivienda, inmobiliario, construcci\u00f3n, arquitectura y urbanismo.\",\"publisher\":{\"@id\":\"https:\\\/\\\/centrourbano.com\\\/revista\\\/#organization\"},\"potentialAction\":[{\"@type\":\"SearchAction\",\"target\":{\"@type\":\"EntryPoint\",\"urlTemplate\":\"https:\\\/\\\/centrourbano.com\\\/revista\\\/?s={search_term_string}\"},\"query-input\":{\"@type\":\"PropertyValueSpecification\",\"valueRequired\":true,\"valueName\":\"search_term_string\"}}],\"inLanguage\":\"es\"},{\"@type\":\"Organization\",\"@id\":\"https:\\\/\\\/centrourbano.com\\\/revista\\\/#organization\",\"name\":\"Centro Urbano\",\"url\":\"https:\\\/\\\/centrourbano.com\\\/revista\\\/\",\"logo\":{\"@type\":\"ImageObject\",\"inLanguage\":\"es\",\"@id\":\"https:\\\/\\\/centrourbano.com\\\/revista\\\/#\\\/schema\\\/logo\\\/image\\\/\",\"url\":\"https:\\\/\\\/centrourbano.com\\\/revista\\\/wp-content\\\/uploads\\\/web_CU_logo-1.png\",\"contentUrl\":\"https:\\\/\\\/centrourbano.com\\\/revista\\\/wp-content\\\/uploads\\\/web_CU_logo-1.png\",\"width\":350,\"height\":91,\"caption\":\"Centro Urbano\"},\"image\":{\"@id\":\"https:\\\/\\\/centrourbano.com\\\/revista\\\/#\\\/schema\\\/logo\\\/image\\\/\"},\"sameAs\":[\"https:\\\/\\\/www.facebook.com\\\/portalcentrourbano\",\"https:\\\/\\\/x.com\\\/CentroUrbano\",\"https:\\\/\\\/www.instagram.com\\\/centro_urbano\\\/\",\"https:\\\/\\\/www.linkedin.com\\\/company\\\/centro-urbano\\\/\",\"http:\\\/\\\/www.youtube.com\\\/user\\\/portalcentrourbano\"]},{\"@type\":\"Person\",\"@id\":\"https:\\\/\\\/centrourbano.com\\\/revista\\\/#\\\/schema\\\/person\\\/4bc80f323d8acd22e7367c3c2e98e4fa\",\"name\":\"Nadia Torres\",\"image\":{\"@type\":\"ImageObject\",\"inLanguage\":\"es\",\"@id\":\"https:\\\/\\\/secure.gravatar.com\\\/avatar\\\/d766e55c413cf27a95c32897af9edf7b264c65e8556b37c0982fe51497ad9210?s=96&d=mm&r=g\",\"url\":\"https:\\\/\\\/secure.gravatar.com\\\/avatar\\\/d766e55c413cf27a95c32897af9edf7b264c65e8556b37c0982fe51497ad9210?s=96&d=mm&r=g\",\"contentUrl\":\"https:\\\/\\\/secure.gravatar.com\\\/avatar\\\/d766e55c413cf27a95c32897af9edf7b264c65e8556b37c0982fe51497ad9210?s=96&d=mm&r=g\",\"caption\":\"Nadia Torres\"},\"description\":\"Egresada de la Licenciatura en Comunicaci\u00f3n se desempe\u00f1\u00f3 como Redactor Jr. en Invent Mx. Cree que la sonrisa es el lenguaje universal, amante de los gatos, las caminatas al aire libre y las charlas con amigos.\",\"sameAs\":[\"https:\\\/\\\/x.com\\\/https:\\\/\\\/twitter.com\\\/StephanyCLock\"],\"url\":\"https:\\\/\\\/centrourbano.com\\\/revista\\\/author\\\/nadia-torres\\\/\"}]}<\/script>\n<!-- \/ Yoast SEO plugin. -->","yoast_head_json":{"title":"Inauguran encendido art\u00edstico del Templo Mayor -","description":"La zona arqueol\u00f3gica resaltar\u00e1 su arquitectura con luces de colores para atraer m\u00e1s visitantes","robots":{"index":"index","follow":"follow","max-snippet":"max-snippet:-1","max-image-preview":"max-image-preview:large","max-video-preview":"max-video-preview:-1"},"canonical":"https:\/\/centrourbano.com\/revista\/arquitectura-2\/templo-mayor-lucira-nueva-iluminacion-nocturna\/","og_locale":"es_ES","og_type":"article","og_title":"Inauguran encendido art\u00edstico del Templo Mayor -","og_description":"La zona arqueol\u00f3gica resaltar\u00e1 su arquitectura con luces de colores para atraer m\u00e1s visitantes","og_url":"https:\/\/centrourbano.com\/revista\/arquitectura-2\/templo-mayor-lucira-nueva-iluminacion-nocturna\/","og_site_name":"Centro Urbano","article_publisher":"https:\/\/www.facebook.com\/portalcentrourbano","article_published_time":"2017-11-29T19:00:45+00:00","article_modified_time":"2017-11-30T00:06:04+00:00","og_image":[{"width":780,"height":520,"url":"https:\/\/centrourbano.com\/revista\/wp-content\/uploads\/thumb_29483_780x0_0_0_crop.jpg","type":"image\/jpeg"}],"author":"Nadia Torres","twitter_card":"summary_large_image","twitter_creator":"@https:\/\/twitter.com\/StephanyCLock","twitter_site":"@CentroUrbano","twitter_misc":{"Escrito por":"Nadia Torres","Tiempo de lectura":"2 minutos"},"schema":{"@context":"https:\/\/schema.org","@graph":[{"@type":"Article","@id":"https:\/\/centrourbano.com\/revista\/arquitectura-2\/templo-mayor-lucira-nueva-iluminacion-nocturna\/#article","isPartOf":{"@id":"https:\/\/centrourbano.com\/revista\/arquitectura-2\/templo-mayor-lucira-nueva-iluminacion-nocturna\/"},"author":{"name":"Nadia Torres","@id":"https:\/\/centrourbano.com\/revista\/#\/schema\/person\/4bc80f323d8acd22e7367c3c2e98e4fa"},"headline":"Inauguran encendido art\u00edstico del Templo Mayor","datePublished":"2017-11-29T19:00:45+00:00","dateModified":"2017-11-30T00:06:04+00:00","mainEntityOfPage":{"@id":"https:\/\/centrourbano.com\/revista\/arquitectura-2\/templo-mayor-lucira-nueva-iluminacion-nocturna\/"},"wordCount":364,"commentCount":0,"publisher":{"@id":"https:\/\/centrourbano.com\/revista\/#organization"},"image":{"@id":"https:\/\/centrourbano.com\/revista\/arquitectura-2\/templo-mayor-lucira-nueva-iluminacion-nocturna\/#primaryimage"},"thumbnailUrl":"https:\/\/centrourbano.com\/revista\/wp-content\/uploads\/thumb_29483_780x0_0_0_crop.jpg","keywords":["CDMX","Centro Hist\u00f3rico","INAH","Mar\u00eda Cristina Garc\u00eda Cepeda","Museo del Templo Mayor","Secretaria de Cultura Gobierno Federal"],"articleSection":["Arquitectura"],"inLanguage":"es","potentialAction":[{"@type":"CommentAction","name":"Comment","target":["https:\/\/centrourbano.com\/revista\/arquitectura-2\/templo-mayor-lucira-nueva-iluminacion-nocturna\/#respond"]}]},{"@type":"WebPage","@id":"https:\/\/centrourbano.com\/revista\/arquitectura-2\/templo-mayor-lucira-nueva-iluminacion-nocturna\/","url":"https:\/\/centrourbano.com\/revista\/arquitectura-2\/templo-mayor-lucira-nueva-iluminacion-nocturna\/","name":"Inauguran encendido art\u00edstico del Templo Mayor -","isPartOf":{"@id":"https:\/\/centrourbano.com\/revista\/#website"},"primaryImageOfPage":{"@id":"https:\/\/centrourbano.com\/revista\/arquitectura-2\/templo-mayor-lucira-nueva-iluminacion-nocturna\/#primaryimage"},"image":{"@id":"https:\/\/centrourbano.com\/revista\/arquitectura-2\/templo-mayor-lucira-nueva-iluminacion-nocturna\/#primaryimage"},"thumbnailUrl":"https:\/\/centrourbano.com\/revista\/wp-content\/uploads\/thumb_29483_780x0_0_0_crop.jpg","datePublished":"2017-11-29T19:00:45+00:00","dateModified":"2017-11-30T00:06:04+00:00","description":"La zona arqueol\u00f3gica resaltar\u00e1 su arquitectura con luces de colores para atraer m\u00e1s visitantes","breadcrumb":{"@id":"https:\/\/centrourbano.com\/revista\/arquitectura-2\/templo-mayor-lucira-nueva-iluminacion-nocturna\/#breadcrumb"},"inLanguage":"es","potentialAction":[{"@type":"ReadAction","target":["https:\/\/centrourbano.com\/revista\/arquitectura-2\/templo-mayor-lucira-nueva-iluminacion-nocturna\/"]}]},{"@type":"ImageObject","inLanguage":"es","@id":"https:\/\/centrourbano.com\/revista\/arquitectura-2\/templo-mayor-lucira-nueva-iluminacion-nocturna\/#primaryimage","url":"https:\/\/centrourbano.com\/revista\/wp-content\/uploads\/thumb_29483_780x0_0_0_crop.jpg","contentUrl":"https:\/\/centrourbano.com\/revista\/wp-content\/uploads\/thumb_29483_780x0_0_0_crop.jpg","width":780,"height":520,"caption":"La zona arqueol\u00f3gica resaltar\u00e1 su arquitectura con luces de colores para atraer m\u00e1s visitantes"},{"@type":"BreadcrumbList","@id":"https:\/\/centrourbano.com\/revista\/arquitectura-2\/templo-mayor-lucira-nueva-iluminacion-nocturna\/#breadcrumb","itemListElement":[{"@type":"ListItem","position":1,"name":"Portada","item":"https:\/\/centrourbano.com\/revista\/"},{"@type":"ListItem","position":2,"name":"Inauguran encendido art\u00edstico del Templo Mayor"}]},{"@type":"WebSite","@id":"https:\/\/centrourbano.com\/revista\/#website","url":"https:\/\/centrourbano.com\/revista\/","name":"Centro Urbano","description":"Medio especializado en los sectores vivienda, inmobiliario, construcci\u00f3n, arquitectura y urbanismo.","publisher":{"@id":"https:\/\/centrourbano.com\/revista\/#organization"},"potentialAction":[{"@type":"SearchAction","target":{"@type":"EntryPoint","urlTemplate":"https:\/\/centrourbano.com\/revista\/?s={search_term_string}"},"query-input":{"@type":"PropertyValueSpecification","valueRequired":true,"valueName":"search_term_string"}}],"inLanguage":"es"},{"@type":"Organization","@id":"https:\/\/centrourbano.com\/revista\/#organization","name":"Centro Urbano","url":"https:\/\/centrourbano.com\/revista\/","logo":{"@type":"ImageObject","inLanguage":"es","@id":"https:\/\/centrourbano.com\/revista\/#\/schema\/logo\/image\/","url":"https:\/\/centrourbano.com\/revista\/wp-content\/uploads\/web_CU_logo-1.png","contentUrl":"https:\/\/centrourbano.com\/revista\/wp-content\/uploads\/web_CU_logo-1.png","width":350,"height":91,"caption":"Centro Urbano"},"image":{"@id":"https:\/\/centrourbano.com\/revista\/#\/schema\/logo\/image\/"},"sameAs":["https:\/\/www.facebook.com\/portalcentrourbano","https:\/\/x.com\/CentroUrbano","https:\/\/www.instagram.com\/centro_urbano\/","https:\/\/www.linkedin.com\/company\/centro-urbano\/","http:\/\/www.youtube.com\/user\/portalcentrourbano"]},{"@type":"Person","@id":"https:\/\/centrourbano.com\/revista\/#\/schema\/person\/4bc80f323d8acd22e7367c3c2e98e4fa","name":"Nadia Torres","image":{"@type":"ImageObject","inLanguage":"es","@id":"https:\/\/secure.gravatar.com\/avatar\/d766e55c413cf27a95c32897af9edf7b264c65e8556b37c0982fe51497ad9210?s=96&d=mm&r=g","url":"https:\/\/secure.gravatar.com\/avatar\/d766e55c413cf27a95c32897af9edf7b264c65e8556b37c0982fe51497ad9210?s=96&d=mm&r=g","contentUrl":"https:\/\/secure.gravatar.com\/avatar\/d766e55c413cf27a95c32897af9edf7b264c65e8556b37c0982fe51497ad9210?s=96&d=mm&r=g","caption":"Nadia Torres"},"description":"Egresada de la Licenciatura en Comunicaci\u00f3n se desempe\u00f1\u00f3 como Redactor Jr. en Invent Mx. Cree que la sonrisa es el lenguaje universal, amante de los gatos, las caminatas al aire libre y las charlas con amigos.","sameAs":["https:\/\/x.com\/https:\/\/twitter.com\/StephanyCLock"],"url":"https:\/\/centrourbano.com\/revista\/author\/nadia-torres\/"}]}},"_links":{"self":[{"href":"https:\/\/centrourbano.com\/revista\/wp-json\/wp\/v2\/posts\/63283","targetHints":{"allow":["GET"]}}],"collection":[{"href":"https:\/\/centrourbano.com\/revista\/wp-json\/wp\/v2\/posts"}],"about":[{"href":"https:\/\/centrourbano.com\/revista\/wp-json\/wp\/v2\/types\/post"}],"author":[{"embeddable":true,"href":"https:\/\/centrourbano.com\/revista\/wp-json\/wp\/v2\/users\/56"}],"replies":[{"embeddable":true,"href":"https:\/\/centrourbano.com\/revista\/wp-json\/wp\/v2\/comments?post=63283"}],"version-history":[{"count":3,"href":"https:\/\/centrourbano.com\/revista\/wp-json\/wp\/v2\/posts\/63283\/revisions"}],"predecessor-version":[{"id":63320,"href":"https:\/\/centrourbano.com\/revista\/wp-json\/wp\/v2\/posts\/63283\/revisions\/63320"}],"wp:featuredmedia":[{"embeddable":true,"href":"https:\/\/centrourbano.com\/revista\/wp-json\/wp\/v2\/media\/63284"}],"wp:attachment":[{"href":"https:\/\/centrourbano.com\/revista\/wp-json\/wp\/v2\/media?parent=63283"}],"wp:term":[{"taxonomy":"category","embeddable":true,"href":"https:\/\/centrourbano.com\/revista\/wp-json\/wp\/v2\/categories?post=63283"},{"taxonomy":"post_tag","embeddable":true,"href":"https:\/\/centrourbano.com\/revista\/wp-json\/wp\/v2\/tags?post=63283"}],"curies":[{"name":"wp","href":"https:\/\/api.w.org\/{rel}","templated":true}]}}