{"id":63216,"date":"2017-11-28T14:50:28","date_gmt":"2017-11-28T20:50:28","guid":{"rendered":"https:\/\/centrourbano.com\/?p=63216"},"modified":"2017-11-28T14:51:12","modified_gmt":"2017-11-28T20:51:12","slug":"luis-arturo-garcia-ganador-del-dedalo-minosse-international-prize-2017","status":"publish","type":"post","link":"https:\/\/centrourbano.com\/revista\/arquitectura-2\/luis-arturo-garcia-ganador-del-dedalo-minosse-international-prize-2017\/","title":{"rendered":"Luis Arturo Garc\u00eda, ganador del Dedalo Minosse International Prize 2017"},"content":{"rendered":"<p><em>El arquitecto mexicano fu galardonado en la categor\u00eda de menores de 40 a\u00f1os <\/em><!--more--><\/p>\n<p>El arquitecto mexicano Luis Arturo Garc\u00eda, fundador e integrante del despacho EDDA, fue seleccionado ganador del Dedalo Minosse International Prize 2017, que promueve la ALA &#8211; Assoarchitetti y Regione del Veneto en Italia. <\/p>\n<p>El arquitecto mexicano result\u00f3 ganador en la categor\u00eda de menores de 40 a\u00f1os. En su d\u00e9cima edici\u00f3n, este reconocimiento tambi\u00e9n fue otorgado al arquitecto franc\u00e9s, Phillipe Prost. <\/p>\n<p>\u201cEl Premio se concentra en la calidad de la arquitectura buscando el resultado final, analizando y enfocando el proyecto y el proceso constructivo del plan y dando una atenci\u00f3n especial a las personas que determinan el \u00e9xito de la obra: el arquitecto y el cliente, apoyados por los ejecutores del proyecto empresas de construcci\u00f3n) y las administraciones p\u00fablicas\u201d, destacaron los promotores del certamen. <\/p>\n<p>Cabe destacar que Arturo Garc\u00eda ha obtenido importantes reconocimientos en los \u00faltimos a\u00f1os, entre los que se destaca: la medalla de oro en la Bienal de Arquitectura de J\u00f3venes Arquitectos; medalla de plata en la Bienal de la Ciudad de M\u00e9xico con el proyecto Casa Meztitla, esto en 2015; adem\u00e1s del Premio Architizer el a\u00f1o pasado. <\/p>\n<p>Aunado a lo anterior, el arquitecto ha participado en proyectos como el desarrollo inmobiliario de Y\u00e1catas 475 y en la actualidad trabaja en el proyecto Taxco 25, en la Roma Sur.<\/p>\n","protected":false},"excerpt":{"rendered":"<p>El arquitecto mexicano fu galardonado en la categor\u00eda de menores de 40 a\u00f1os<\/p>\n","protected":false},"author":47,"featured_media":63219,"comment_status":"open","ping_status":"closed","sticky":false,"template":"","format":"standard","meta":{"om_disable_all_campaigns":false,"inline_featured_image":false,"_monsterinsights_skip_tracking":false,"_monsterinsights_sitenote_active":false,"_monsterinsights_sitenote_note":"","_monsterinsights_sitenote_category":0,"footnotes":""},"categories":[81],"tags":[12064,12063],"class_list":["post-63216","post","type-post","status-publish","format-standard","has-post-thumbnail","hentry","category-arquitectura-2","tag-dedalo-minosse-international-prize-2017","tag-luis-arturo-garcia"],"yoast_head":"<!-- This site is optimized with the Yoast SEO plugin v27.4 - https:\/\/yoast.com\/product\/yoast-seo-wordpress\/ -->\n<title>Luis Arturo Garc\u00eda, ganador del Dedalo Minosse International Prize 2017 -<\/title>\n<meta name=\"description\" content=\"El arquitecto mexicano Luis Arturo Garc\u00eda, fundador e integrante del despacho EDDA, fue seleccionado ganador del Dedalo Minosse International Prize 2017, que promueve la ALA - Assoarchitetti y Regione del Veneto en Italia.\" \/>\n<meta name=\"robots\" content=\"index, follow, max-snippet:-1, max-image-preview:large, max-video-preview:-1\" \/>\n<link rel=\"canonical\" href=\"https:\/\/centrourbano.com\/revista\/arquitectura-2\/luis-arturo-garcia-ganador-del-dedalo-minosse-international-prize-2017\/\" \/>\n<meta property=\"og:locale\" content=\"es_ES\" \/>\n<meta property=\"og:type\" content=\"article\" \/>\n<meta property=\"og:title\" content=\"Luis Arturo Garc\u00eda, ganador del Dedalo Minosse International Prize 2017 -\" \/>\n<meta property=\"og:description\" content=\"El arquitecto mexicano Luis Arturo Garc\u00eda, fundador e integrante del despacho EDDA, fue seleccionado ganador del Dedalo Minosse International Prize 2017, que promueve la ALA - Assoarchitetti y Regione del Veneto en Italia.\" \/>\n<meta property=\"og:url\" content=\"https:\/\/centrourbano.com\/revista\/arquitectura-2\/luis-arturo-garcia-ganador-del-dedalo-minosse-international-prize-2017\/\" \/>\n<meta property=\"og:site_name\" content=\"Centro Urbano\" \/>\n<meta property=\"article:publisher\" content=\"https:\/\/www.facebook.com\/portalcentrourbano\" \/>\n<meta property=\"article:published_time\" content=\"2017-11-28T20:50:28+00:00\" \/>\n<meta property=\"article:modified_time\" content=\"2017-11-28T20:51:12+00:00\" \/>\n<meta property=\"og:image\" content=\"https:\/\/centrourbano.com\/revista\/wp-content\/uploads\/Luis_a_Garc\u00edaLuis-Arturo-Garc\u00eda-ganador-del-Dedalo-Minosse-International-Prize-2017.jpeg\" \/>\n\t<meta property=\"og:image:width\" content=\"800\" \/>\n\t<meta property=\"og:image:height\" content=\"556\" \/>\n\t<meta property=\"og:image:type\" content=\"image\/jpeg\" \/>\n<meta name=\"author\" content=\"Edgar Rosas\" \/>\n<meta name=\"twitter:card\" content=\"summary_large_image\" \/>\n<meta name=\"twitter:creator\" content=\"@https:\/\/twitter.com\/ERosasCU?s=09\" \/>\n<meta name=\"twitter:site\" content=\"@CentroUrbano\" \/>\n<meta name=\"twitter:label1\" content=\"Escrito por\" \/>\n\t<meta name=\"twitter:data1\" content=\"Edgar Rosas\" \/>\n\t<meta name=\"twitter:label2\" content=\"Tiempo de lectura\" \/>\n\t<meta name=\"twitter:data2\" content=\"1 minuto\" \/>\n<script type=\"application\/ld+json\" class=\"yoast-schema-graph\">{\"@context\":\"https:\\\/\\\/schema.org\",\"@graph\":[{\"@type\":\"Article\",\"@id\":\"https:\\\/\\\/centrourbano.com\\\/revista\\\/arquitectura-2\\\/luis-arturo-garcia-ganador-del-dedalo-minosse-international-prize-2017\\\/#article\",\"isPartOf\":{\"@id\":\"https:\\\/\\\/centrourbano.com\\\/revista\\\/arquitectura-2\\\/luis-arturo-garcia-ganador-del-dedalo-minosse-international-prize-2017\\\/\"},\"author\":{\"name\":\"Edgar Rosas\",\"@id\":\"https:\\\/\\\/centrourbano.com\\\/revista\\\/#\\\/schema\\\/person\\\/ff3c00651ce5b1630479d2cd0c2e3ac0\"},\"headline\":\"Luis Arturo Garc\u00eda, ganador del Dedalo Minosse International Prize 2017\",\"datePublished\":\"2017-11-28T20:50:28+00:00\",\"dateModified\":\"2017-11-28T20:51:12+00:00\",\"mainEntityOfPage\":{\"@id\":\"https:\\\/\\\/centrourbano.com\\\/revista\\\/arquitectura-2\\\/luis-arturo-garcia-ganador-del-dedalo-minosse-international-prize-2017\\\/\"},\"wordCount\":246,\"commentCount\":0,\"publisher\":{\"@id\":\"https:\\\/\\\/centrourbano.com\\\/revista\\\/#organization\"},\"image\":{\"@id\":\"https:\\\/\\\/centrourbano.com\\\/revista\\\/arquitectura-2\\\/luis-arturo-garcia-ganador-del-dedalo-minosse-international-prize-2017\\\/#primaryimage\"},\"thumbnailUrl\":\"https:\\\/\\\/centrourbano.com\\\/revista\\\/wp-content\\\/uploads\\\/Luis_a_Garc\u00edaLuis-Arturo-Garc\u00eda-ganador-del-Dedalo-Minosse-International-Prize-2017.jpeg\",\"keywords\":[\"Dedalo Minosse International Prize 2017\",\"Luis Arturo Garc\u00eda\"],\"articleSection\":[\"Arquitectura\"],\"inLanguage\":\"es\",\"potentialAction\":[{\"@type\":\"CommentAction\",\"name\":\"Comment\",\"target\":[\"https:\\\/\\\/centrourbano.com\\\/revista\\\/arquitectura-2\\\/luis-arturo-garcia-ganador-del-dedalo-minosse-international-prize-2017\\\/#respond\"]}]},{\"@type\":\"WebPage\",\"@id\":\"https:\\\/\\\/centrourbano.com\\\/revista\\\/arquitectura-2\\\/luis-arturo-garcia-ganador-del-dedalo-minosse-international-prize-2017\\\/\",\"url\":\"https:\\\/\\\/centrourbano.com\\\/revista\\\/arquitectura-2\\\/luis-arturo-garcia-ganador-del-dedalo-minosse-international-prize-2017\\\/\",\"name\":\"Luis Arturo Garc\u00eda, ganador del Dedalo Minosse International Prize 2017 -\",\"isPartOf\":{\"@id\":\"https:\\\/\\\/centrourbano.com\\\/revista\\\/#website\"},\"primaryImageOfPage\":{\"@id\":\"https:\\\/\\\/centrourbano.com\\\/revista\\\/arquitectura-2\\\/luis-arturo-garcia-ganador-del-dedalo-minosse-international-prize-2017\\\/#primaryimage\"},\"image\":{\"@id\":\"https:\\\/\\\/centrourbano.com\\\/revista\\\/arquitectura-2\\\/luis-arturo-garcia-ganador-del-dedalo-minosse-international-prize-2017\\\/#primaryimage\"},\"thumbnailUrl\":\"https:\\\/\\\/centrourbano.com\\\/revista\\\/wp-content\\\/uploads\\\/Luis_a_Garc\u00edaLuis-Arturo-Garc\u00eda-ganador-del-Dedalo-Minosse-International-Prize-2017.jpeg\",\"datePublished\":\"2017-11-28T20:50:28+00:00\",\"dateModified\":\"2017-11-28T20:51:12+00:00\",\"description\":\"El arquitecto mexicano Luis Arturo Garc\u00eda, fundador e integrante del despacho EDDA, fue seleccionado ganador del Dedalo Minosse International Prize 2017, que promueve la ALA - Assoarchitetti y Regione del Veneto en Italia.\",\"breadcrumb\":{\"@id\":\"https:\\\/\\\/centrourbano.com\\\/revista\\\/arquitectura-2\\\/luis-arturo-garcia-ganador-del-dedalo-minosse-international-prize-2017\\\/#breadcrumb\"},\"inLanguage\":\"es\",\"potentialAction\":[{\"@type\":\"ReadAction\",\"target\":[\"https:\\\/\\\/centrourbano.com\\\/revista\\\/arquitectura-2\\\/luis-arturo-garcia-ganador-del-dedalo-minosse-international-prize-2017\\\/\"]}]},{\"@type\":\"ImageObject\",\"inLanguage\":\"es\",\"@id\":\"https:\\\/\\\/centrourbano.com\\\/revista\\\/arquitectura-2\\\/luis-arturo-garcia-ganador-del-dedalo-minosse-international-prize-2017\\\/#primaryimage\",\"url\":\"https:\\\/\\\/centrourbano.com\\\/revista\\\/wp-content\\\/uploads\\\/Luis_a_Garc\u00edaLuis-Arturo-Garc\u00eda-ganador-del-Dedalo-Minosse-International-Prize-2017.jpeg\",\"contentUrl\":\"https:\\\/\\\/centrourbano.com\\\/revista\\\/wp-content\\\/uploads\\\/Luis_a_Garc\u00edaLuis-Arturo-Garc\u00eda-ganador-del-Dedalo-Minosse-International-Prize-2017.jpeg\",\"width\":800,\"height\":556,\"caption\":\"El arquitecto mexicano fu galardonado en la categor\u00eda de menores de 40 a\u00f1os\"},{\"@type\":\"BreadcrumbList\",\"@id\":\"https:\\\/\\\/centrourbano.com\\\/revista\\\/arquitectura-2\\\/luis-arturo-garcia-ganador-del-dedalo-minosse-international-prize-2017\\\/#breadcrumb\",\"itemListElement\":[{\"@type\":\"ListItem\",\"position\":1,\"name\":\"Portada\",\"item\":\"https:\\\/\\\/centrourbano.com\\\/revista\\\/\"},{\"@type\":\"ListItem\",\"position\":2,\"name\":\"Luis Arturo Garc\u00eda, ganador del Dedalo Minosse International Prize 2017\"}]},{\"@type\":\"WebSite\",\"@id\":\"https:\\\/\\\/centrourbano.com\\\/revista\\\/#website\",\"url\":\"https:\\\/\\\/centrourbano.com\\\/revista\\\/\",\"name\":\"Centro Urbano\",\"description\":\"Medio especializado en los sectores vivienda, inmobiliario, construcci\u00f3n, arquitectura y urbanismo.\",\"publisher\":{\"@id\":\"https:\\\/\\\/centrourbano.com\\\/revista\\\/#organization\"},\"potentialAction\":[{\"@type\":\"SearchAction\",\"target\":{\"@type\":\"EntryPoint\",\"urlTemplate\":\"https:\\\/\\\/centrourbano.com\\\/revista\\\/?s={search_term_string}\"},\"query-input\":{\"@type\":\"PropertyValueSpecification\",\"valueRequired\":true,\"valueName\":\"search_term_string\"}}],\"inLanguage\":\"es\"},{\"@type\":\"Organization\",\"@id\":\"https:\\\/\\\/centrourbano.com\\\/revista\\\/#organization\",\"name\":\"Centro Urbano\",\"url\":\"https:\\\/\\\/centrourbano.com\\\/revista\\\/\",\"logo\":{\"@type\":\"ImageObject\",\"inLanguage\":\"es\",\"@id\":\"https:\\\/\\\/centrourbano.com\\\/revista\\\/#\\\/schema\\\/logo\\\/image\\\/\",\"url\":\"https:\\\/\\\/centrourbano.com\\\/revista\\\/wp-content\\\/uploads\\\/web_CU_logo-1.png\",\"contentUrl\":\"https:\\\/\\\/centrourbano.com\\\/revista\\\/wp-content\\\/uploads\\\/web_CU_logo-1.png\",\"width\":350,\"height\":91,\"caption\":\"Centro Urbano\"},\"image\":{\"@id\":\"https:\\\/\\\/centrourbano.com\\\/revista\\\/#\\\/schema\\\/logo\\\/image\\\/\"},\"sameAs\":[\"https:\\\/\\\/www.facebook.com\\\/portalcentrourbano\",\"https:\\\/\\\/x.com\\\/CentroUrbano\",\"https:\\\/\\\/www.instagram.com\\\/centro_urbano\\\/\",\"https:\\\/\\\/www.linkedin.com\\\/company\\\/centro-urbano\\\/\",\"http:\\\/\\\/www.youtube.com\\\/user\\\/portalcentrourbano\"]},{\"@type\":\"Person\",\"@id\":\"https:\\\/\\\/centrourbano.com\\\/revista\\\/#\\\/schema\\\/person\\\/ff3c00651ce5b1630479d2cd0c2e3ac0\",\"name\":\"Edgar Rosas\",\"image\":{\"@type\":\"ImageObject\",\"inLanguage\":\"es\",\"@id\":\"https:\\\/\\\/secure.gravatar.com\\\/avatar\\\/94440c4283495211faa5300bf85e80061036b83fced868c3783aa1310b350d9c?s=96&d=mm&r=g\",\"url\":\"https:\\\/\\\/secure.gravatar.com\\\/avatar\\\/94440c4283495211faa5300bf85e80061036b83fced868c3783aa1310b350d9c?s=96&d=mm&r=g\",\"contentUrl\":\"https:\\\/\\\/secure.gravatar.com\\\/avatar\\\/94440c4283495211faa5300bf85e80061036b83fced868c3783aa1310b350d9c?s=96&d=mm&r=g\",\"caption\":\"Edgar Rosas\"},\"description\":\"Editor en Jefe de Centro Urbano. Egresado de la maestr\u00eda en Periodismo Pol\u00edtico de la Escuela de Periodismo Carlos Septi\u00e9n Garc\u00eda (EPCSG). Estudi\u00f3 la licenciatura en Comunicaci\u00f3n en la Universidad Mexicana. Amante de la cr\u00f3nica y el reportaje. Admirador de Vicente Le\u00f1ero y Miguel \u00c1ngel Granados Chapa.\",\"sameAs\":[\"https:\\\/\\\/x.com\\\/https:\\\/\\\/twitter.com\\\/ERosasCU?s=09\"],\"url\":\"https:\\\/\\\/centrourbano.com\\\/revista\\\/author\\\/edgar-rosas\\\/\"}]}<\/script>\n<!-- \/ Yoast SEO plugin. -->","yoast_head_json":{"title":"Luis Arturo Garc\u00eda, ganador del Dedalo Minosse International Prize 2017 -","description":"El arquitecto mexicano Luis Arturo Garc\u00eda, fundador e integrante del despacho EDDA, fue seleccionado ganador del Dedalo Minosse International Prize 2017, que promueve la ALA - Assoarchitetti y Regione del Veneto en Italia.","robots":{"index":"index","follow":"follow","max-snippet":"max-snippet:-1","max-image-preview":"max-image-preview:large","max-video-preview":"max-video-preview:-1"},"canonical":"https:\/\/centrourbano.com\/revista\/arquitectura-2\/luis-arturo-garcia-ganador-del-dedalo-minosse-international-prize-2017\/","og_locale":"es_ES","og_type":"article","og_title":"Luis Arturo Garc\u00eda, ganador del Dedalo Minosse International Prize 2017 -","og_description":"El arquitecto mexicano Luis Arturo Garc\u00eda, fundador e integrante del despacho EDDA, fue seleccionado ganador del Dedalo Minosse International Prize 2017, que promueve la ALA - Assoarchitetti y Regione del Veneto en Italia.","og_url":"https:\/\/centrourbano.com\/revista\/arquitectura-2\/luis-arturo-garcia-ganador-del-dedalo-minosse-international-prize-2017\/","og_site_name":"Centro Urbano","article_publisher":"https:\/\/www.facebook.com\/portalcentrourbano","article_published_time":"2017-11-28T20:50:28+00:00","article_modified_time":"2017-11-28T20:51:12+00:00","og_image":[{"width":800,"height":556,"url":"https:\/\/centrourbano.com\/revista\/wp-content\/uploads\/Luis_a_Garc\u00edaLuis-Arturo-Garc\u00eda-ganador-del-Dedalo-Minosse-International-Prize-2017.jpeg","type":"image\/jpeg"}],"author":"Edgar Rosas","twitter_card":"summary_large_image","twitter_creator":"@https:\/\/twitter.com\/ERosasCU?s=09","twitter_site":"@CentroUrbano","twitter_misc":{"Escrito por":"Edgar Rosas","Tiempo de lectura":"1 minuto"},"schema":{"@context":"https:\/\/schema.org","@graph":[{"@type":"Article","@id":"https:\/\/centrourbano.com\/revista\/arquitectura-2\/luis-arturo-garcia-ganador-del-dedalo-minosse-international-prize-2017\/#article","isPartOf":{"@id":"https:\/\/centrourbano.com\/revista\/arquitectura-2\/luis-arturo-garcia-ganador-del-dedalo-minosse-international-prize-2017\/"},"author":{"name":"Edgar Rosas","@id":"https:\/\/centrourbano.com\/revista\/#\/schema\/person\/ff3c00651ce5b1630479d2cd0c2e3ac0"},"headline":"Luis Arturo Garc\u00eda, ganador del Dedalo Minosse International Prize 2017","datePublished":"2017-11-28T20:50:28+00:00","dateModified":"2017-11-28T20:51:12+00:00","mainEntityOfPage":{"@id":"https:\/\/centrourbano.com\/revista\/arquitectura-2\/luis-arturo-garcia-ganador-del-dedalo-minosse-international-prize-2017\/"},"wordCount":246,"commentCount":0,"publisher":{"@id":"https:\/\/centrourbano.com\/revista\/#organization"},"image":{"@id":"https:\/\/centrourbano.com\/revista\/arquitectura-2\/luis-arturo-garcia-ganador-del-dedalo-minosse-international-prize-2017\/#primaryimage"},"thumbnailUrl":"https:\/\/centrourbano.com\/revista\/wp-content\/uploads\/Luis_a_Garc\u00edaLuis-Arturo-Garc\u00eda-ganador-del-Dedalo-Minosse-International-Prize-2017.jpeg","keywords":["Dedalo Minosse International Prize 2017","Luis Arturo Garc\u00eda"],"articleSection":["Arquitectura"],"inLanguage":"es","potentialAction":[{"@type":"CommentAction","name":"Comment","target":["https:\/\/centrourbano.com\/revista\/arquitectura-2\/luis-arturo-garcia-ganador-del-dedalo-minosse-international-prize-2017\/#respond"]}]},{"@type":"WebPage","@id":"https:\/\/centrourbano.com\/revista\/arquitectura-2\/luis-arturo-garcia-ganador-del-dedalo-minosse-international-prize-2017\/","url":"https:\/\/centrourbano.com\/revista\/arquitectura-2\/luis-arturo-garcia-ganador-del-dedalo-minosse-international-prize-2017\/","name":"Luis Arturo Garc\u00eda, ganador del Dedalo Minosse International Prize 2017 -","isPartOf":{"@id":"https:\/\/centrourbano.com\/revista\/#website"},"primaryImageOfPage":{"@id":"https:\/\/centrourbano.com\/revista\/arquitectura-2\/luis-arturo-garcia-ganador-del-dedalo-minosse-international-prize-2017\/#primaryimage"},"image":{"@id":"https:\/\/centrourbano.com\/revista\/arquitectura-2\/luis-arturo-garcia-ganador-del-dedalo-minosse-international-prize-2017\/#primaryimage"},"thumbnailUrl":"https:\/\/centrourbano.com\/revista\/wp-content\/uploads\/Luis_a_Garc\u00edaLuis-Arturo-Garc\u00eda-ganador-del-Dedalo-Minosse-International-Prize-2017.jpeg","datePublished":"2017-11-28T20:50:28+00:00","dateModified":"2017-11-28T20:51:12+00:00","description":"El arquitecto mexicano Luis Arturo Garc\u00eda, fundador e integrante del despacho EDDA, fue seleccionado ganador del Dedalo Minosse International Prize 2017, que promueve la ALA - Assoarchitetti y Regione del Veneto en Italia.","breadcrumb":{"@id":"https:\/\/centrourbano.com\/revista\/arquitectura-2\/luis-arturo-garcia-ganador-del-dedalo-minosse-international-prize-2017\/#breadcrumb"},"inLanguage":"es","potentialAction":[{"@type":"ReadAction","target":["https:\/\/centrourbano.com\/revista\/arquitectura-2\/luis-arturo-garcia-ganador-del-dedalo-minosse-international-prize-2017\/"]}]},{"@type":"ImageObject","inLanguage":"es","@id":"https:\/\/centrourbano.com\/revista\/arquitectura-2\/luis-arturo-garcia-ganador-del-dedalo-minosse-international-prize-2017\/#primaryimage","url":"https:\/\/centrourbano.com\/revista\/wp-content\/uploads\/Luis_a_Garc\u00edaLuis-Arturo-Garc\u00eda-ganador-del-Dedalo-Minosse-International-Prize-2017.jpeg","contentUrl":"https:\/\/centrourbano.com\/revista\/wp-content\/uploads\/Luis_a_Garc\u00edaLuis-Arturo-Garc\u00eda-ganador-del-Dedalo-Minosse-International-Prize-2017.jpeg","width":800,"height":556,"caption":"El arquitecto mexicano fu galardonado en la categor\u00eda de menores de 40 a\u00f1os"},{"@type":"BreadcrumbList","@id":"https:\/\/centrourbano.com\/revista\/arquitectura-2\/luis-arturo-garcia-ganador-del-dedalo-minosse-international-prize-2017\/#breadcrumb","itemListElement":[{"@type":"ListItem","position":1,"name":"Portada","item":"https:\/\/centrourbano.com\/revista\/"},{"@type":"ListItem","position":2,"name":"Luis Arturo Garc\u00eda, ganador del Dedalo Minosse International Prize 2017"}]},{"@type":"WebSite","@id":"https:\/\/centrourbano.com\/revista\/#website","url":"https:\/\/centrourbano.com\/revista\/","name":"Centro Urbano","description":"Medio especializado en los sectores vivienda, inmobiliario, construcci\u00f3n, arquitectura y urbanismo.","publisher":{"@id":"https:\/\/centrourbano.com\/revista\/#organization"},"potentialAction":[{"@type":"SearchAction","target":{"@type":"EntryPoint","urlTemplate":"https:\/\/centrourbano.com\/revista\/?s={search_term_string}"},"query-input":{"@type":"PropertyValueSpecification","valueRequired":true,"valueName":"search_term_string"}}],"inLanguage":"es"},{"@type":"Organization","@id":"https:\/\/centrourbano.com\/revista\/#organization","name":"Centro Urbano","url":"https:\/\/centrourbano.com\/revista\/","logo":{"@type":"ImageObject","inLanguage":"es","@id":"https:\/\/centrourbano.com\/revista\/#\/schema\/logo\/image\/","url":"https:\/\/centrourbano.com\/revista\/wp-content\/uploads\/web_CU_logo-1.png","contentUrl":"https:\/\/centrourbano.com\/revista\/wp-content\/uploads\/web_CU_logo-1.png","width":350,"height":91,"caption":"Centro Urbano"},"image":{"@id":"https:\/\/centrourbano.com\/revista\/#\/schema\/logo\/image\/"},"sameAs":["https:\/\/www.facebook.com\/portalcentrourbano","https:\/\/x.com\/CentroUrbano","https:\/\/www.instagram.com\/centro_urbano\/","https:\/\/www.linkedin.com\/company\/centro-urbano\/","http:\/\/www.youtube.com\/user\/portalcentrourbano"]},{"@type":"Person","@id":"https:\/\/centrourbano.com\/revista\/#\/schema\/person\/ff3c00651ce5b1630479d2cd0c2e3ac0","name":"Edgar Rosas","image":{"@type":"ImageObject","inLanguage":"es","@id":"https:\/\/secure.gravatar.com\/avatar\/94440c4283495211faa5300bf85e80061036b83fced868c3783aa1310b350d9c?s=96&d=mm&r=g","url":"https:\/\/secure.gravatar.com\/avatar\/94440c4283495211faa5300bf85e80061036b83fced868c3783aa1310b350d9c?s=96&d=mm&r=g","contentUrl":"https:\/\/secure.gravatar.com\/avatar\/94440c4283495211faa5300bf85e80061036b83fced868c3783aa1310b350d9c?s=96&d=mm&r=g","caption":"Edgar Rosas"},"description":"Editor en Jefe de Centro Urbano. Egresado de la maestr\u00eda en Periodismo Pol\u00edtico de la Escuela de Periodismo Carlos Septi\u00e9n Garc\u00eda (EPCSG). Estudi\u00f3 la licenciatura en Comunicaci\u00f3n en la Universidad Mexicana. Amante de la cr\u00f3nica y el reportaje. Admirador de Vicente Le\u00f1ero y Miguel \u00c1ngel Granados Chapa.","sameAs":["https:\/\/x.com\/https:\/\/twitter.com\/ERosasCU?s=09"],"url":"https:\/\/centrourbano.com\/revista\/author\/edgar-rosas\/"}]}},"_links":{"self":[{"href":"https:\/\/centrourbano.com\/revista\/wp-json\/wp\/v2\/posts\/63216","targetHints":{"allow":["GET"]}}],"collection":[{"href":"https:\/\/centrourbano.com\/revista\/wp-json\/wp\/v2\/posts"}],"about":[{"href":"https:\/\/centrourbano.com\/revista\/wp-json\/wp\/v2\/types\/post"}],"author":[{"embeddable":true,"href":"https:\/\/centrourbano.com\/revista\/wp-json\/wp\/v2\/users\/47"}],"replies":[{"embeddable":true,"href":"https:\/\/centrourbano.com\/revista\/wp-json\/wp\/v2\/comments?post=63216"}],"version-history":[{"count":2,"href":"https:\/\/centrourbano.com\/revista\/wp-json\/wp\/v2\/posts\/63216\/revisions"}],"predecessor-version":[{"id":63221,"href":"https:\/\/centrourbano.com\/revista\/wp-json\/wp\/v2\/posts\/63216\/revisions\/63221"}],"wp:featuredmedia":[{"embeddable":true,"href":"https:\/\/centrourbano.com\/revista\/wp-json\/wp\/v2\/media\/63219"}],"wp:attachment":[{"href":"https:\/\/centrourbano.com\/revista\/wp-json\/wp\/v2\/media?parent=63216"}],"wp:term":[{"taxonomy":"category","embeddable":true,"href":"https:\/\/centrourbano.com\/revista\/wp-json\/wp\/v2\/categories?post=63216"},{"taxonomy":"post_tag","embeddable":true,"href":"https:\/\/centrourbano.com\/revista\/wp-json\/wp\/v2\/tags?post=63216"}],"curies":[{"name":"wp","href":"https:\/\/api.w.org\/{rel}","templated":true}]}}