{"id":63200,"date":"2017-11-28T13:30:24","date_gmt":"2017-11-28T19:30:24","guid":{"rendered":"https:\/\/centrourbano.com\/?p=63200"},"modified":"2017-11-28T13:47:02","modified_gmt":"2017-11-28T19:47:02","slug":"clausuraron-desarrollo-paraiso-sisal-dano-ambiental","status":"publish","type":"post","link":"https:\/\/centrourbano.com\/revista\/inmobiliario\/clausuraron-desarrollo-paraiso-sisal-dano-ambiental\/","title":{"rendered":"Clausuraron desarrollo \u2018Para\u00edso Sisal\u2019 por da\u00f1o ambiental"},"content":{"rendered":"<p><em>Las obras afectaron ejemplares de mangle blanco, negro, rojo y botoncillo<\/em><br \/>\n<!--more--><\/p>\n<p>El desarrollo inmobiliario \u2018Para\u00edso Sisal\u2019, ubicado dentro del pol\u00edgono de la Reserva Estatal \u2018El Palmar&#8217;, en el municipio de <a href=\"http:\/\/hunucma.gob.mx\/ayuntamiento\/\" rel=\"noopener\" target=\"_blank\">Hunucm\u00e1<\/a>, Yucat\u00e1n, fue clausurado por no contar con autorizaci\u00f3n de Impacto Ambiental que emite la Secretar\u00eda de Medio Ambiente y Recursos Naturales (Semarnat).<\/p>\n<p>Debido a una denuncia de la Secretar\u00eda de <a href=\"http:\/\/www.seduma.yucatan.gob.mx\/\" rel=\"noopener\" target=\"_blank\">Desarrollo Urbano y Medio Ambiente del Estado de Yucat\u00e1n<\/a>, la <a href=\"https:\/\/www.gob.mx\/profepa\" rel=\"noopener\" target=\"_blank\">Procuradur\u00eda Federal de Protecci\u00f3n al Ambiente<\/a> (Profepa) realiz\u00f3 una inspecci\u00f3n en el lugar, en donde se detect\u00f3 la remoci\u00f3n de vegetaci\u00f3n natural caracter\u00edstica de duna costera y matorral costero para la apertura de brechas y un camino.<\/p>\n<p>\u201cAdem\u00e1s, se detectaron actividades de lotificaci\u00f3n de predios mediante mojoneras de PVC marcados con pintura roja y la afectaci\u00f3n de ejemplares de mangle blanco (Laguncularia racemosa), mangle negro (Avicennia germinans), mangle rojo (Rhizophora mangle) y mangle botoncillo (Conocarpus erectus), especies listadas en la Norma Oficial Mexicana NOM-059-SEMARNAT-2010, bajo la categor\u00eda de Amenazadas\u201d, explic\u00f3 la Profepa.<\/p>\n<p>Asimismo, en la inspecci\u00f3n no se exhibi\u00f3 la autorizaci\u00f3n en materia de impacto ambiental, por lo que con el fin de evitar que contin\u00faen las afectaciones al ambiente, se impuso la Clausura Total Temporal de las obras y actividades detectadas.<\/p>\n<p>\u201cEl responsable del desarrollo inmobiliario \u2018Para\u00edso Sisal\u2019 podr\u00eda hacerse acreedor a una multa por el equivalente de 30 hasta 50,000 Unidades de Medida y Actualizaci\u00f3n, as\u00ed como a la clausura temporal o definitiva, parcial o total de las obras y actividades inspeccionadas\u201d. <\/p>\n","protected":false},"excerpt":{"rendered":"<p>Las obras afectaron ejemplares de mangle blanco, negro, rojo y botoncillo<\/p>\n","protected":false},"author":37,"featured_media":63201,"comment_status":"open","ping_status":"closed","sticky":false,"template":"","format":"standard","meta":{"om_disable_all_campaigns":false,"inline_featured_image":false,"_monsterinsights_skip_tracking":false,"_monsterinsights_sitenote_active":false,"_monsterinsights_sitenote_note":"","_monsterinsights_sitenote_category":0,"footnotes":""},"categories":[15],"tags":[12059,4265,195,12058,68],"class_list":["post-63200","post","type-post","status-publish","format-standard","has-post-thumbnail","hentry","category-inmobiliario","tag-paraiso-sisal","tag-profepa","tag-semarnat","tag-sisal","tag-yucatan"],"yoast_head":"<!-- This site is optimized with the Yoast SEO plugin v27.4 - https:\/\/yoast.com\/product\/yoast-seo-wordpress\/ -->\n<title>Clausuraron desarrollo \u2018Para\u00edso Sisal\u2019 por da\u00f1o ambiental -<\/title>\n<meta name=\"description\" content=\"El desarrollo inmobiliario \u2018Para\u00edso Sisal\u2019, ubicado dentro del pol\u00edgono de la Reserva Estatal \u2018El Palmar, en el municipio de Sisal, Yucat\u00e1n, fue clausurado por no contar con autorizaci\u00f3n de Impacto Ambiental que emite la Secretar\u00eda de Medio Ambiente y Recursos Naturales (Semarnat).\" \/>\n<meta name=\"robots\" content=\"index, follow, max-snippet:-1, max-image-preview:large, max-video-preview:-1\" \/>\n<link rel=\"canonical\" href=\"https:\/\/centrourbano.com\/revista\/inmobiliario\/clausuraron-desarrollo-paraiso-sisal-dano-ambiental\/\" \/>\n<meta property=\"og:locale\" content=\"es_ES\" \/>\n<meta property=\"og:type\" content=\"article\" \/>\n<meta property=\"og:title\" content=\"Clausuraron desarrollo \u2018Para\u00edso Sisal\u2019 por da\u00f1o ambiental -\" \/>\n<meta property=\"og:description\" content=\"El desarrollo inmobiliario \u2018Para\u00edso Sisal\u2019, ubicado dentro del pol\u00edgono de la Reserva Estatal \u2018El Palmar, en el municipio de Sisal, Yucat\u00e1n, fue clausurado por no contar con autorizaci\u00f3n de Impacto Ambiental que emite la Secretar\u00eda de Medio Ambiente y Recursos Naturales (Semarnat).\" \/>\n<meta property=\"og:url\" content=\"https:\/\/centrourbano.com\/revista\/inmobiliario\/clausuraron-desarrollo-paraiso-sisal-dano-ambiental\/\" \/>\n<meta property=\"og:site_name\" content=\"Centro Urbano\" \/>\n<meta property=\"article:publisher\" content=\"https:\/\/www.facebook.com\/portalcentrourbano\" \/>\n<meta property=\"article:published_time\" content=\"2017-11-28T19:30:24+00:00\" \/>\n<meta property=\"article:modified_time\" content=\"2017-11-28T19:47:02+00:00\" \/>\n<meta property=\"og:image\" content=\"https:\/\/centrourbano.com\/revista\/wp-content\/uploads\/sisal-e1511897347291.jpg\" \/>\n\t<meta property=\"og:image:width\" content=\"800\" \/>\n\t<meta property=\"og:image:height\" content=\"727\" \/>\n\t<meta property=\"og:image:type\" content=\"image\/jpeg\" \/>\n<meta name=\"author\" content=\"Diego Rodr\u00edguez\" \/>\n<meta name=\"twitter:card\" content=\"summary_large_image\" \/>\n<meta name=\"twitter:creator\" content=\"@CentroUrbano\" \/>\n<meta name=\"twitter:site\" content=\"@CentroUrbano\" \/>\n<meta name=\"twitter:label1\" content=\"Escrito por\" \/>\n\t<meta name=\"twitter:data1\" content=\"Diego Rodr\u00edguez\" \/>\n\t<meta name=\"twitter:label2\" content=\"Tiempo de lectura\" \/>\n\t<meta name=\"twitter:data2\" content=\"1 minuto\" \/>\n<script type=\"application\/ld+json\" class=\"yoast-schema-graph\">{\"@context\":\"https:\\\/\\\/schema.org\",\"@graph\":[{\"@type\":\"Article\",\"@id\":\"https:\\\/\\\/centrourbano.com\\\/revista\\\/inmobiliario\\\/clausuraron-desarrollo-paraiso-sisal-dano-ambiental\\\/#article\",\"isPartOf\":{\"@id\":\"https:\\\/\\\/centrourbano.com\\\/revista\\\/inmobiliario\\\/clausuraron-desarrollo-paraiso-sisal-dano-ambiental\\\/\"},\"author\":{\"name\":\"Diego Rodr\u00edguez\",\"@id\":\"https:\\\/\\\/centrourbano.com\\\/revista\\\/#\\\/schema\\\/person\\\/b50192a3cd0e680841b45dc537f53970\"},\"headline\":\"Clausuraron desarrollo \u2018Para\u00edso Sisal\u2019 por da\u00f1o ambiental\",\"datePublished\":\"2017-11-28T19:30:24+00:00\",\"dateModified\":\"2017-11-28T19:47:02+00:00\",\"mainEntityOfPage\":{\"@id\":\"https:\\\/\\\/centrourbano.com\\\/revista\\\/inmobiliario\\\/clausuraron-desarrollo-paraiso-sisal-dano-ambiental\\\/\"},\"wordCount\":276,\"commentCount\":0,\"publisher\":{\"@id\":\"https:\\\/\\\/centrourbano.com\\\/revista\\\/#organization\"},\"image\":{\"@id\":\"https:\\\/\\\/centrourbano.com\\\/revista\\\/inmobiliario\\\/clausuraron-desarrollo-paraiso-sisal-dano-ambiental\\\/#primaryimage\"},\"thumbnailUrl\":\"https:\\\/\\\/centrourbano.com\\\/revista\\\/wp-content\\\/uploads\\\/sisal-e1511897347291.jpg\",\"keywords\":[\"Para\u00edso Sisal\",\"Profepa\",\"Semarnat\",\"Sisal\",\"Yucat\u00e1n\"],\"articleSection\":[\"Inmobiliario\"],\"inLanguage\":\"es\",\"potentialAction\":[{\"@type\":\"CommentAction\",\"name\":\"Comment\",\"target\":[\"https:\\\/\\\/centrourbano.com\\\/revista\\\/inmobiliario\\\/clausuraron-desarrollo-paraiso-sisal-dano-ambiental\\\/#respond\"]}]},{\"@type\":\"WebPage\",\"@id\":\"https:\\\/\\\/centrourbano.com\\\/revista\\\/inmobiliario\\\/clausuraron-desarrollo-paraiso-sisal-dano-ambiental\\\/\",\"url\":\"https:\\\/\\\/centrourbano.com\\\/revista\\\/inmobiliario\\\/clausuraron-desarrollo-paraiso-sisal-dano-ambiental\\\/\",\"name\":\"Clausuraron desarrollo \u2018Para\u00edso Sisal\u2019 por da\u00f1o ambiental -\",\"isPartOf\":{\"@id\":\"https:\\\/\\\/centrourbano.com\\\/revista\\\/#website\"},\"primaryImageOfPage\":{\"@id\":\"https:\\\/\\\/centrourbano.com\\\/revista\\\/inmobiliario\\\/clausuraron-desarrollo-paraiso-sisal-dano-ambiental\\\/#primaryimage\"},\"image\":{\"@id\":\"https:\\\/\\\/centrourbano.com\\\/revista\\\/inmobiliario\\\/clausuraron-desarrollo-paraiso-sisal-dano-ambiental\\\/#primaryimage\"},\"thumbnailUrl\":\"https:\\\/\\\/centrourbano.com\\\/revista\\\/wp-content\\\/uploads\\\/sisal-e1511897347291.jpg\",\"datePublished\":\"2017-11-28T19:30:24+00:00\",\"dateModified\":\"2017-11-28T19:47:02+00:00\",\"description\":\"El desarrollo inmobiliario \u2018Para\u00edso Sisal\u2019, ubicado dentro del pol\u00edgono de la Reserva Estatal \u2018El Palmar, en el municipio de Sisal, Yucat\u00e1n, fue clausurado por no contar con autorizaci\u00f3n de Impacto Ambiental que emite la Secretar\u00eda de Medio Ambiente y Recursos Naturales (Semarnat).\",\"breadcrumb\":{\"@id\":\"https:\\\/\\\/centrourbano.com\\\/revista\\\/inmobiliario\\\/clausuraron-desarrollo-paraiso-sisal-dano-ambiental\\\/#breadcrumb\"},\"inLanguage\":\"es\",\"potentialAction\":[{\"@type\":\"ReadAction\",\"target\":[\"https:\\\/\\\/centrourbano.com\\\/revista\\\/inmobiliario\\\/clausuraron-desarrollo-paraiso-sisal-dano-ambiental\\\/\"]}]},{\"@type\":\"ImageObject\",\"inLanguage\":\"es\",\"@id\":\"https:\\\/\\\/centrourbano.com\\\/revista\\\/inmobiliario\\\/clausuraron-desarrollo-paraiso-sisal-dano-ambiental\\\/#primaryimage\",\"url\":\"https:\\\/\\\/centrourbano.com\\\/revista\\\/wp-content\\\/uploads\\\/sisal-e1511897347291.jpg\",\"contentUrl\":\"https:\\\/\\\/centrourbano.com\\\/revista\\\/wp-content\\\/uploads\\\/sisal-e1511897347291.jpg\",\"width\":800,\"height\":727,\"caption\":\"Las obras afectaron ejemplares de mangle blanco, negro, rojo y botoncillo\"},{\"@type\":\"BreadcrumbList\",\"@id\":\"https:\\\/\\\/centrourbano.com\\\/revista\\\/inmobiliario\\\/clausuraron-desarrollo-paraiso-sisal-dano-ambiental\\\/#breadcrumb\",\"itemListElement\":[{\"@type\":\"ListItem\",\"position\":1,\"name\":\"Portada\",\"item\":\"https:\\\/\\\/centrourbano.com\\\/revista\\\/\"},{\"@type\":\"ListItem\",\"position\":2,\"name\":\"Clausuraron desarrollo \u2018Para\u00edso Sisal\u2019 por da\u00f1o ambiental\"}]},{\"@type\":\"WebSite\",\"@id\":\"https:\\\/\\\/centrourbano.com\\\/revista\\\/#website\",\"url\":\"https:\\\/\\\/centrourbano.com\\\/revista\\\/\",\"name\":\"Centro Urbano\",\"description\":\"Medio especializado en los sectores vivienda, inmobiliario, construcci\u00f3n, arquitectura y urbanismo.\",\"publisher\":{\"@id\":\"https:\\\/\\\/centrourbano.com\\\/revista\\\/#organization\"},\"potentialAction\":[{\"@type\":\"SearchAction\",\"target\":{\"@type\":\"EntryPoint\",\"urlTemplate\":\"https:\\\/\\\/centrourbano.com\\\/revista\\\/?s={search_term_string}\"},\"query-input\":{\"@type\":\"PropertyValueSpecification\",\"valueRequired\":true,\"valueName\":\"search_term_string\"}}],\"inLanguage\":\"es\"},{\"@type\":\"Organization\",\"@id\":\"https:\\\/\\\/centrourbano.com\\\/revista\\\/#organization\",\"name\":\"Centro Urbano\",\"url\":\"https:\\\/\\\/centrourbano.com\\\/revista\\\/\",\"logo\":{\"@type\":\"ImageObject\",\"inLanguage\":\"es\",\"@id\":\"https:\\\/\\\/centrourbano.com\\\/revista\\\/#\\\/schema\\\/logo\\\/image\\\/\",\"url\":\"https:\\\/\\\/centrourbano.com\\\/revista\\\/wp-content\\\/uploads\\\/web_CU_logo-1.png\",\"contentUrl\":\"https:\\\/\\\/centrourbano.com\\\/revista\\\/wp-content\\\/uploads\\\/web_CU_logo-1.png\",\"width\":350,\"height\":91,\"caption\":\"Centro Urbano\"},\"image\":{\"@id\":\"https:\\\/\\\/centrourbano.com\\\/revista\\\/#\\\/schema\\\/logo\\\/image\\\/\"},\"sameAs\":[\"https:\\\/\\\/www.facebook.com\\\/portalcentrourbano\",\"https:\\\/\\\/x.com\\\/CentroUrbano\",\"https:\\\/\\\/www.instagram.com\\\/centro_urbano\\\/\",\"https:\\\/\\\/www.linkedin.com\\\/company\\\/centro-urbano\\\/\",\"http:\\\/\\\/www.youtube.com\\\/user\\\/portalcentrourbano\"]},{\"@type\":\"Person\",\"@id\":\"https:\\\/\\\/centrourbano.com\\\/revista\\\/#\\\/schema\\\/person\\\/b50192a3cd0e680841b45dc537f53970\",\"name\":\"Diego Rodr\u00edguez\",\"image\":{\"@type\":\"ImageObject\",\"inLanguage\":\"es\",\"@id\":\"https:\\\/\\\/secure.gravatar.com\\\/avatar\\\/d217565525df2df5d4e7265d47758506f41845ed9529510921a7625d8365789d?s=96&d=mm&r=g\",\"url\":\"https:\\\/\\\/secure.gravatar.com\\\/avatar\\\/d217565525df2df5d4e7265d47758506f41845ed9529510921a7625d8365789d?s=96&d=mm&r=g\",\"contentUrl\":\"https:\\\/\\\/secure.gravatar.com\\\/avatar\\\/d217565525df2df5d4e7265d47758506f41845ed9529510921a7625d8365789d?s=96&d=mm&r=g\",\"caption\":\"Diego Rodr\u00edguez\"},\"description\":\"Egresado de la Facultad de Estudios Superiores Acatl\u00e1n de la carrera en Comunicaci\u00f3n, con especialidad en medios escritos. Reportero del desaparecido peri\u00f3dico Nuestro M\u00e9xico, en donde cubri\u00f3 las fuentes delegacionales y Asamblea Legislativa. Tambi\u00e9n trabaj\u00f3 en la Coordinaci\u00f3n de Comunicaci\u00f3n Social en la delegaci\u00f3n \u00c1lvaro Obreg\u00f3n. Le gusta leer novelas y cuentos.\",\"url\":\"https:\\\/\\\/centrourbano.com\\\/revista\\\/author\\\/diegorodriguez\\\/\"}]}<\/script>\n<!-- \/ Yoast SEO plugin. -->","yoast_head_json":{"title":"Clausuraron desarrollo \u2018Para\u00edso Sisal\u2019 por da\u00f1o ambiental -","description":"El desarrollo inmobiliario \u2018Para\u00edso Sisal\u2019, ubicado dentro del pol\u00edgono de la Reserva Estatal \u2018El Palmar, en el municipio de Sisal, Yucat\u00e1n, fue clausurado por no contar con autorizaci\u00f3n de Impacto Ambiental que emite la Secretar\u00eda de Medio Ambiente y Recursos Naturales (Semarnat).","robots":{"index":"index","follow":"follow","max-snippet":"max-snippet:-1","max-image-preview":"max-image-preview:large","max-video-preview":"max-video-preview:-1"},"canonical":"https:\/\/centrourbano.com\/revista\/inmobiliario\/clausuraron-desarrollo-paraiso-sisal-dano-ambiental\/","og_locale":"es_ES","og_type":"article","og_title":"Clausuraron desarrollo \u2018Para\u00edso Sisal\u2019 por da\u00f1o ambiental -","og_description":"El desarrollo inmobiliario \u2018Para\u00edso Sisal\u2019, ubicado dentro del pol\u00edgono de la Reserva Estatal \u2018El Palmar, en el municipio de Sisal, Yucat\u00e1n, fue clausurado por no contar con autorizaci\u00f3n de Impacto Ambiental que emite la Secretar\u00eda de Medio Ambiente y Recursos Naturales (Semarnat).","og_url":"https:\/\/centrourbano.com\/revista\/inmobiliario\/clausuraron-desarrollo-paraiso-sisal-dano-ambiental\/","og_site_name":"Centro Urbano","article_publisher":"https:\/\/www.facebook.com\/portalcentrourbano","article_published_time":"2017-11-28T19:30:24+00:00","article_modified_time":"2017-11-28T19:47:02+00:00","og_image":[{"width":800,"height":727,"url":"https:\/\/centrourbano.com\/revista\/wp-content\/uploads\/sisal-e1511897347291.jpg","type":"image\/jpeg"}],"author":"Diego Rodr\u00edguez","twitter_card":"summary_large_image","twitter_creator":"@CentroUrbano","twitter_site":"@CentroUrbano","twitter_misc":{"Escrito por":"Diego Rodr\u00edguez","Tiempo de lectura":"1 minuto"},"schema":{"@context":"https:\/\/schema.org","@graph":[{"@type":"Article","@id":"https:\/\/centrourbano.com\/revista\/inmobiliario\/clausuraron-desarrollo-paraiso-sisal-dano-ambiental\/#article","isPartOf":{"@id":"https:\/\/centrourbano.com\/revista\/inmobiliario\/clausuraron-desarrollo-paraiso-sisal-dano-ambiental\/"},"author":{"name":"Diego Rodr\u00edguez","@id":"https:\/\/centrourbano.com\/revista\/#\/schema\/person\/b50192a3cd0e680841b45dc537f53970"},"headline":"Clausuraron desarrollo \u2018Para\u00edso Sisal\u2019 por da\u00f1o ambiental","datePublished":"2017-11-28T19:30:24+00:00","dateModified":"2017-11-28T19:47:02+00:00","mainEntityOfPage":{"@id":"https:\/\/centrourbano.com\/revista\/inmobiliario\/clausuraron-desarrollo-paraiso-sisal-dano-ambiental\/"},"wordCount":276,"commentCount":0,"publisher":{"@id":"https:\/\/centrourbano.com\/revista\/#organization"},"image":{"@id":"https:\/\/centrourbano.com\/revista\/inmobiliario\/clausuraron-desarrollo-paraiso-sisal-dano-ambiental\/#primaryimage"},"thumbnailUrl":"https:\/\/centrourbano.com\/revista\/wp-content\/uploads\/sisal-e1511897347291.jpg","keywords":["Para\u00edso Sisal","Profepa","Semarnat","Sisal","Yucat\u00e1n"],"articleSection":["Inmobiliario"],"inLanguage":"es","potentialAction":[{"@type":"CommentAction","name":"Comment","target":["https:\/\/centrourbano.com\/revista\/inmobiliario\/clausuraron-desarrollo-paraiso-sisal-dano-ambiental\/#respond"]}]},{"@type":"WebPage","@id":"https:\/\/centrourbano.com\/revista\/inmobiliario\/clausuraron-desarrollo-paraiso-sisal-dano-ambiental\/","url":"https:\/\/centrourbano.com\/revista\/inmobiliario\/clausuraron-desarrollo-paraiso-sisal-dano-ambiental\/","name":"Clausuraron desarrollo \u2018Para\u00edso Sisal\u2019 por da\u00f1o ambiental -","isPartOf":{"@id":"https:\/\/centrourbano.com\/revista\/#website"},"primaryImageOfPage":{"@id":"https:\/\/centrourbano.com\/revista\/inmobiliario\/clausuraron-desarrollo-paraiso-sisal-dano-ambiental\/#primaryimage"},"image":{"@id":"https:\/\/centrourbano.com\/revista\/inmobiliario\/clausuraron-desarrollo-paraiso-sisal-dano-ambiental\/#primaryimage"},"thumbnailUrl":"https:\/\/centrourbano.com\/revista\/wp-content\/uploads\/sisal-e1511897347291.jpg","datePublished":"2017-11-28T19:30:24+00:00","dateModified":"2017-11-28T19:47:02+00:00","description":"El desarrollo inmobiliario \u2018Para\u00edso Sisal\u2019, ubicado dentro del pol\u00edgono de la Reserva Estatal \u2018El Palmar, en el municipio de Sisal, Yucat\u00e1n, fue clausurado por no contar con autorizaci\u00f3n de Impacto Ambiental que emite la Secretar\u00eda de Medio Ambiente y Recursos Naturales (Semarnat).","breadcrumb":{"@id":"https:\/\/centrourbano.com\/revista\/inmobiliario\/clausuraron-desarrollo-paraiso-sisal-dano-ambiental\/#breadcrumb"},"inLanguage":"es","potentialAction":[{"@type":"ReadAction","target":["https:\/\/centrourbano.com\/revista\/inmobiliario\/clausuraron-desarrollo-paraiso-sisal-dano-ambiental\/"]}]},{"@type":"ImageObject","inLanguage":"es","@id":"https:\/\/centrourbano.com\/revista\/inmobiliario\/clausuraron-desarrollo-paraiso-sisal-dano-ambiental\/#primaryimage","url":"https:\/\/centrourbano.com\/revista\/wp-content\/uploads\/sisal-e1511897347291.jpg","contentUrl":"https:\/\/centrourbano.com\/revista\/wp-content\/uploads\/sisal-e1511897347291.jpg","width":800,"height":727,"caption":"Las obras afectaron ejemplares de mangle blanco, negro, rojo y botoncillo"},{"@type":"BreadcrumbList","@id":"https:\/\/centrourbano.com\/revista\/inmobiliario\/clausuraron-desarrollo-paraiso-sisal-dano-ambiental\/#breadcrumb","itemListElement":[{"@type":"ListItem","position":1,"name":"Portada","item":"https:\/\/centrourbano.com\/revista\/"},{"@type":"ListItem","position":2,"name":"Clausuraron desarrollo \u2018Para\u00edso Sisal\u2019 por da\u00f1o ambiental"}]},{"@type":"WebSite","@id":"https:\/\/centrourbano.com\/revista\/#website","url":"https:\/\/centrourbano.com\/revista\/","name":"Centro Urbano","description":"Medio especializado en los sectores vivienda, inmobiliario, construcci\u00f3n, arquitectura y urbanismo.","publisher":{"@id":"https:\/\/centrourbano.com\/revista\/#organization"},"potentialAction":[{"@type":"SearchAction","target":{"@type":"EntryPoint","urlTemplate":"https:\/\/centrourbano.com\/revista\/?s={search_term_string}"},"query-input":{"@type":"PropertyValueSpecification","valueRequired":true,"valueName":"search_term_string"}}],"inLanguage":"es"},{"@type":"Organization","@id":"https:\/\/centrourbano.com\/revista\/#organization","name":"Centro Urbano","url":"https:\/\/centrourbano.com\/revista\/","logo":{"@type":"ImageObject","inLanguage":"es","@id":"https:\/\/centrourbano.com\/revista\/#\/schema\/logo\/image\/","url":"https:\/\/centrourbano.com\/revista\/wp-content\/uploads\/web_CU_logo-1.png","contentUrl":"https:\/\/centrourbano.com\/revista\/wp-content\/uploads\/web_CU_logo-1.png","width":350,"height":91,"caption":"Centro Urbano"},"image":{"@id":"https:\/\/centrourbano.com\/revista\/#\/schema\/logo\/image\/"},"sameAs":["https:\/\/www.facebook.com\/portalcentrourbano","https:\/\/x.com\/CentroUrbano","https:\/\/www.instagram.com\/centro_urbano\/","https:\/\/www.linkedin.com\/company\/centro-urbano\/","http:\/\/www.youtube.com\/user\/portalcentrourbano"]},{"@type":"Person","@id":"https:\/\/centrourbano.com\/revista\/#\/schema\/person\/b50192a3cd0e680841b45dc537f53970","name":"Diego Rodr\u00edguez","image":{"@type":"ImageObject","inLanguage":"es","@id":"https:\/\/secure.gravatar.com\/avatar\/d217565525df2df5d4e7265d47758506f41845ed9529510921a7625d8365789d?s=96&d=mm&r=g","url":"https:\/\/secure.gravatar.com\/avatar\/d217565525df2df5d4e7265d47758506f41845ed9529510921a7625d8365789d?s=96&d=mm&r=g","contentUrl":"https:\/\/secure.gravatar.com\/avatar\/d217565525df2df5d4e7265d47758506f41845ed9529510921a7625d8365789d?s=96&d=mm&r=g","caption":"Diego Rodr\u00edguez"},"description":"Egresado de la Facultad de Estudios Superiores Acatl\u00e1n de la carrera en Comunicaci\u00f3n, con especialidad en medios escritos. Reportero del desaparecido peri\u00f3dico Nuestro M\u00e9xico, en donde cubri\u00f3 las fuentes delegacionales y Asamblea Legislativa. Tambi\u00e9n trabaj\u00f3 en la Coordinaci\u00f3n de Comunicaci\u00f3n Social en la delegaci\u00f3n \u00c1lvaro Obreg\u00f3n. Le gusta leer novelas y cuentos.","url":"https:\/\/centrourbano.com\/revista\/author\/diegorodriguez\/"}]}},"_links":{"self":[{"href":"https:\/\/centrourbano.com\/revista\/wp-json\/wp\/v2\/posts\/63200","targetHints":{"allow":["GET"]}}],"collection":[{"href":"https:\/\/centrourbano.com\/revista\/wp-json\/wp\/v2\/posts"}],"about":[{"href":"https:\/\/centrourbano.com\/revista\/wp-json\/wp\/v2\/types\/post"}],"author":[{"embeddable":true,"href":"https:\/\/centrourbano.com\/revista\/wp-json\/wp\/v2\/users\/37"}],"replies":[{"embeddable":true,"href":"https:\/\/centrourbano.com\/revista\/wp-json\/wp\/v2\/comments?post=63200"}],"version-history":[{"count":4,"href":"https:\/\/centrourbano.com\/revista\/wp-json\/wp\/v2\/posts\/63200\/revisions"}],"predecessor-version":[{"id":63205,"href":"https:\/\/centrourbano.com\/revista\/wp-json\/wp\/v2\/posts\/63200\/revisions\/63205"}],"wp:featuredmedia":[{"embeddable":true,"href":"https:\/\/centrourbano.com\/revista\/wp-json\/wp\/v2\/media\/63201"}],"wp:attachment":[{"href":"https:\/\/centrourbano.com\/revista\/wp-json\/wp\/v2\/media?parent=63200"}],"wp:term":[{"taxonomy":"category","embeddable":true,"href":"https:\/\/centrourbano.com\/revista\/wp-json\/wp\/v2\/categories?post=63200"},{"taxonomy":"post_tag","embeddable":true,"href":"https:\/\/centrourbano.com\/revista\/wp-json\/wp\/v2\/tags?post=63200"}],"curies":[{"name":"wp","href":"https:\/\/api.w.org\/{rel}","templated":true}]}}