{"id":63109,"date":"2017-11-24T17:30:06","date_gmt":"2017-11-24T23:30:06","guid":{"rendered":"https:\/\/centrourbano.com\/?p=63109"},"modified":"2017-11-24T17:30:06","modified_gmt":"2017-11-24T23:30:06","slug":"sedatu-ha-impulsado-mas-4-millones-acciones-vivienda","status":"publish","type":"post","link":"https:\/\/centrourbano.com\/revista\/vivienda\/sedatu-ha-impulsado-mas-4-millones-acciones-vivienda\/","title":{"rendered":"Sedatu ha impulsado m\u00e1s de 4 millones de acciones de vivienda"},"content":{"rendered":"<p><em>En la actual administraci\u00f3n, el sector se ha posicionado como una industria pujante: RRB <\/em><!--more--><\/p>\n<p>En lo que va de la actual administraci\u00f3n, el gobierno de la Rep\u00fablica, a trav\u00e9s de la Secretar\u00eda de Desarrollo Agrario, Territorial y Urbano (Sedatu) ha realizado m\u00e1s de 4 millones de acciones en materia de vivienda, inform\u00f3 rosario Robles Berlanga, titular de esta dependencia. <\/p>\n<p>Al comparecer ante diputados de las Comisiones Unidas de Desarrollo Urbano y Ordenamiento Territorial en San L\u00e1zaro, la funcionaria destac\u00f3 que adem\u00e1s en estos que lleva la administraci\u00f3n del presidente Enrique Pe\u00f1a Nieto el sector se ha posicionado como una industria pujante. <\/p>\n<p>Robles Berlanga se\u00f1al\u00f3 que gracias a la Pol\u00edtica Nacional de Vivienda el sector ha avanzado. Entre otras cosas, dijo, con este proyecto ha permitido construir viviendas con dos recamaras como m\u00ednimos, adem\u00e1s de impulsar el desarrollo de Cuartos Rosas. <\/p>\n<p>Sobre la participaci\u00f3n de Infonavit y Fovissste, Robles Berlanga record\u00f3 que ambos organismos cerrar\u00e1n la administraci\u00f3n con cifras hist\u00f3ricas en su haber. <\/p>\n","protected":false},"excerpt":{"rendered":"<p>En la actual administraci\u00f3n, el sector se ha posicionado como una industria pujante: RRB<\/p>\n","protected":false},"author":47,"featured_media":63110,"comment_status":"open","ping_status":"closed","sticky":false,"template":"","format":"standard","meta":{"om_disable_all_campaigns":false,"inline_featured_image":false,"_monsterinsights_skip_tracking":false,"_monsterinsights_sitenote_active":false,"_monsterinsights_sitenote_note":"","_monsterinsights_sitenote_category":0,"footnotes":""},"categories":[12],"tags":[1586,6255,105,60],"class_list":["post-63109","post","type-post","status-publish","format-standard","has-post-thumbnail","hentry","category-vivienda","tag-acciones-de-vivienda","tag-rosario-robles-berlanga","tag-sedatu","tag-vivienda-2"],"yoast_head":"<!-- This site is optimized with the Yoast SEO plugin v27.4 - https:\/\/yoast.com\/product\/yoast-seo-wordpress\/ -->\n<title>Sedatu ha impulsado m\u00e1s de 4 millones de acciones de vivienda -<\/title>\n<meta name=\"description\" content=\"En lo que va de la actual administraci\u00f3n, el gobierno de la Rep\u00fablica, a trav\u00e9s de la Secretar\u00eda de Desarrollo Agrario, Territorial y Urbano (Sedatu) ha realizado m\u00e1s de 4 millones de acciones en materia de vivienda, inform\u00f3 rosario Robles Berlanga, titular de esta dependencia.\" \/>\n<meta name=\"robots\" content=\"index, follow, max-snippet:-1, max-image-preview:large, max-video-preview:-1\" \/>\n<link rel=\"canonical\" href=\"https:\/\/centrourbano.com\/revista\/vivienda\/sedatu-ha-impulsado-mas-4-millones-acciones-vivienda\/\" \/>\n<meta property=\"og:locale\" content=\"es_ES\" \/>\n<meta property=\"og:type\" content=\"article\" \/>\n<meta property=\"og:title\" content=\"Sedatu ha impulsado m\u00e1s de 4 millones de acciones de vivienda -\" \/>\n<meta property=\"og:description\" content=\"En lo que va de la actual administraci\u00f3n, el gobierno de la Rep\u00fablica, a trav\u00e9s de la Secretar\u00eda de Desarrollo Agrario, Territorial y Urbano (Sedatu) ha realizado m\u00e1s de 4 millones de acciones en materia de vivienda, inform\u00f3 rosario Robles Berlanga, titular de esta dependencia.\" \/>\n<meta property=\"og:url\" content=\"https:\/\/centrourbano.com\/revista\/vivienda\/sedatu-ha-impulsado-mas-4-millones-acciones-vivienda\/\" \/>\n<meta property=\"og:site_name\" content=\"Centro Urbano\" \/>\n<meta property=\"article:publisher\" content=\"https:\/\/www.facebook.com\/portalcentrourbano\" \/>\n<meta property=\"article:published_time\" content=\"2017-11-24T23:30:06+00:00\" \/>\n<meta property=\"og:image\" content=\"https:\/\/centrourbano.com\/revista\/wp-content\/uploads\/RRB_1Comparecencia.jpeg\" \/>\n\t<meta property=\"og:image:width\" content=\"800\" \/>\n\t<meta property=\"og:image:height\" content=\"450\" \/>\n\t<meta property=\"og:image:type\" content=\"image\/jpeg\" \/>\n<meta name=\"author\" content=\"Edgar Rosas\" \/>\n<meta name=\"twitter:card\" content=\"summary_large_image\" \/>\n<meta name=\"twitter:creator\" content=\"@https:\/\/twitter.com\/ERosasCU?s=09\" \/>\n<meta name=\"twitter:site\" content=\"@CentroUrbano\" \/>\n<meta name=\"twitter:label1\" content=\"Escrito por\" \/>\n\t<meta name=\"twitter:data1\" content=\"Edgar Rosas\" \/>\n\t<meta name=\"twitter:label2\" content=\"Tiempo de lectura\" \/>\n\t<meta name=\"twitter:data2\" content=\"1 minuto\" \/>\n<script type=\"application\/ld+json\" class=\"yoast-schema-graph\">{\"@context\":\"https:\\\/\\\/schema.org\",\"@graph\":[{\"@type\":\"Article\",\"@id\":\"https:\\\/\\\/centrourbano.com\\\/revista\\\/vivienda\\\/sedatu-ha-impulsado-mas-4-millones-acciones-vivienda\\\/#article\",\"isPartOf\":{\"@id\":\"https:\\\/\\\/centrourbano.com\\\/revista\\\/vivienda\\\/sedatu-ha-impulsado-mas-4-millones-acciones-vivienda\\\/\"},\"author\":{\"name\":\"Edgar Rosas\",\"@id\":\"https:\\\/\\\/centrourbano.com\\\/revista\\\/#\\\/schema\\\/person\\\/ff3c00651ce5b1630479d2cd0c2e3ac0\"},\"headline\":\"Sedatu ha impulsado m\u00e1s de 4 millones de acciones de vivienda\",\"datePublished\":\"2017-11-24T23:30:06+00:00\",\"mainEntityOfPage\":{\"@id\":\"https:\\\/\\\/centrourbano.com\\\/revista\\\/vivienda\\\/sedatu-ha-impulsado-mas-4-millones-acciones-vivienda\\\/\"},\"wordCount\":190,\"commentCount\":0,\"publisher\":{\"@id\":\"https:\\\/\\\/centrourbano.com\\\/revista\\\/#organization\"},\"image\":{\"@id\":\"https:\\\/\\\/centrourbano.com\\\/revista\\\/vivienda\\\/sedatu-ha-impulsado-mas-4-millones-acciones-vivienda\\\/#primaryimage\"},\"thumbnailUrl\":\"https:\\\/\\\/centrourbano.com\\\/revista\\\/wp-content\\\/uploads\\\/RRB_1Comparecencia.jpeg\",\"keywords\":[\"acciones de vivienda\",\"Rosario Robles Berlanga\",\"Sedatu\",\"vivienda\"],\"articleSection\":[\"Vivienda\"],\"inLanguage\":\"es\",\"potentialAction\":[{\"@type\":\"CommentAction\",\"name\":\"Comment\",\"target\":[\"https:\\\/\\\/centrourbano.com\\\/revista\\\/vivienda\\\/sedatu-ha-impulsado-mas-4-millones-acciones-vivienda\\\/#respond\"]}]},{\"@type\":\"WebPage\",\"@id\":\"https:\\\/\\\/centrourbano.com\\\/revista\\\/vivienda\\\/sedatu-ha-impulsado-mas-4-millones-acciones-vivienda\\\/\",\"url\":\"https:\\\/\\\/centrourbano.com\\\/revista\\\/vivienda\\\/sedatu-ha-impulsado-mas-4-millones-acciones-vivienda\\\/\",\"name\":\"Sedatu ha impulsado m\u00e1s de 4 millones de acciones de vivienda -\",\"isPartOf\":{\"@id\":\"https:\\\/\\\/centrourbano.com\\\/revista\\\/#website\"},\"primaryImageOfPage\":{\"@id\":\"https:\\\/\\\/centrourbano.com\\\/revista\\\/vivienda\\\/sedatu-ha-impulsado-mas-4-millones-acciones-vivienda\\\/#primaryimage\"},\"image\":{\"@id\":\"https:\\\/\\\/centrourbano.com\\\/revista\\\/vivienda\\\/sedatu-ha-impulsado-mas-4-millones-acciones-vivienda\\\/#primaryimage\"},\"thumbnailUrl\":\"https:\\\/\\\/centrourbano.com\\\/revista\\\/wp-content\\\/uploads\\\/RRB_1Comparecencia.jpeg\",\"datePublished\":\"2017-11-24T23:30:06+00:00\",\"description\":\"En lo que va de la actual administraci\u00f3n, el gobierno de la Rep\u00fablica, a trav\u00e9s de la Secretar\u00eda de Desarrollo Agrario, Territorial y Urbano (Sedatu) ha realizado m\u00e1s de 4 millones de acciones en materia de vivienda, inform\u00f3 rosario Robles Berlanga, titular de esta dependencia.\",\"breadcrumb\":{\"@id\":\"https:\\\/\\\/centrourbano.com\\\/revista\\\/vivienda\\\/sedatu-ha-impulsado-mas-4-millones-acciones-vivienda\\\/#breadcrumb\"},\"inLanguage\":\"es\",\"potentialAction\":[{\"@type\":\"ReadAction\",\"target\":[\"https:\\\/\\\/centrourbano.com\\\/revista\\\/vivienda\\\/sedatu-ha-impulsado-mas-4-millones-acciones-vivienda\\\/\"]}]},{\"@type\":\"ImageObject\",\"inLanguage\":\"es\",\"@id\":\"https:\\\/\\\/centrourbano.com\\\/revista\\\/vivienda\\\/sedatu-ha-impulsado-mas-4-millones-acciones-vivienda\\\/#primaryimage\",\"url\":\"https:\\\/\\\/centrourbano.com\\\/revista\\\/wp-content\\\/uploads\\\/RRB_1Comparecencia.jpeg\",\"contentUrl\":\"https:\\\/\\\/centrourbano.com\\\/revista\\\/wp-content\\\/uploads\\\/RRB_1Comparecencia.jpeg\",\"width\":800,\"height\":450,\"caption\":\"En la actual administraci\u00f3n, el sector se ha posicionado como una industria pujante: RRB\"},{\"@type\":\"BreadcrumbList\",\"@id\":\"https:\\\/\\\/centrourbano.com\\\/revista\\\/vivienda\\\/sedatu-ha-impulsado-mas-4-millones-acciones-vivienda\\\/#breadcrumb\",\"itemListElement\":[{\"@type\":\"ListItem\",\"position\":1,\"name\":\"Portada\",\"item\":\"https:\\\/\\\/centrourbano.com\\\/revista\\\/\"},{\"@type\":\"ListItem\",\"position\":2,\"name\":\"Sedatu ha impulsado m\u00e1s de 4 millones de acciones de vivienda\"}]},{\"@type\":\"WebSite\",\"@id\":\"https:\\\/\\\/centrourbano.com\\\/revista\\\/#website\",\"url\":\"https:\\\/\\\/centrourbano.com\\\/revista\\\/\",\"name\":\"Centro Urbano\",\"description\":\"Medio especializado en los sectores vivienda, inmobiliario, construcci\u00f3n, arquitectura y urbanismo.\",\"publisher\":{\"@id\":\"https:\\\/\\\/centrourbano.com\\\/revista\\\/#organization\"},\"potentialAction\":[{\"@type\":\"SearchAction\",\"target\":{\"@type\":\"EntryPoint\",\"urlTemplate\":\"https:\\\/\\\/centrourbano.com\\\/revista\\\/?s={search_term_string}\"},\"query-input\":{\"@type\":\"PropertyValueSpecification\",\"valueRequired\":true,\"valueName\":\"search_term_string\"}}],\"inLanguage\":\"es\"},{\"@type\":\"Organization\",\"@id\":\"https:\\\/\\\/centrourbano.com\\\/revista\\\/#organization\",\"name\":\"Centro Urbano\",\"url\":\"https:\\\/\\\/centrourbano.com\\\/revista\\\/\",\"logo\":{\"@type\":\"ImageObject\",\"inLanguage\":\"es\",\"@id\":\"https:\\\/\\\/centrourbano.com\\\/revista\\\/#\\\/schema\\\/logo\\\/image\\\/\",\"url\":\"https:\\\/\\\/centrourbano.com\\\/revista\\\/wp-content\\\/uploads\\\/web_CU_logo-1.png\",\"contentUrl\":\"https:\\\/\\\/centrourbano.com\\\/revista\\\/wp-content\\\/uploads\\\/web_CU_logo-1.png\",\"width\":350,\"height\":91,\"caption\":\"Centro Urbano\"},\"image\":{\"@id\":\"https:\\\/\\\/centrourbano.com\\\/revista\\\/#\\\/schema\\\/logo\\\/image\\\/\"},\"sameAs\":[\"https:\\\/\\\/www.facebook.com\\\/portalcentrourbano\",\"https:\\\/\\\/x.com\\\/CentroUrbano\",\"https:\\\/\\\/www.instagram.com\\\/centro_urbano\\\/\",\"https:\\\/\\\/www.linkedin.com\\\/company\\\/centro-urbano\\\/\",\"http:\\\/\\\/www.youtube.com\\\/user\\\/portalcentrourbano\"]},{\"@type\":\"Person\",\"@id\":\"https:\\\/\\\/centrourbano.com\\\/revista\\\/#\\\/schema\\\/person\\\/ff3c00651ce5b1630479d2cd0c2e3ac0\",\"name\":\"Edgar Rosas\",\"image\":{\"@type\":\"ImageObject\",\"inLanguage\":\"es\",\"@id\":\"https:\\\/\\\/secure.gravatar.com\\\/avatar\\\/94440c4283495211faa5300bf85e80061036b83fced868c3783aa1310b350d9c?s=96&d=mm&r=g\",\"url\":\"https:\\\/\\\/secure.gravatar.com\\\/avatar\\\/94440c4283495211faa5300bf85e80061036b83fced868c3783aa1310b350d9c?s=96&d=mm&r=g\",\"contentUrl\":\"https:\\\/\\\/secure.gravatar.com\\\/avatar\\\/94440c4283495211faa5300bf85e80061036b83fced868c3783aa1310b350d9c?s=96&d=mm&r=g\",\"caption\":\"Edgar Rosas\"},\"description\":\"Editor en Jefe de Centro Urbano. Egresado de la maestr\u00eda en Periodismo Pol\u00edtico de la Escuela de Periodismo Carlos Septi\u00e9n Garc\u00eda (EPCSG). Estudi\u00f3 la licenciatura en Comunicaci\u00f3n en la Universidad Mexicana. Amante de la cr\u00f3nica y el reportaje. Admirador de Vicente Le\u00f1ero y Miguel \u00c1ngel Granados Chapa.\",\"sameAs\":[\"https:\\\/\\\/x.com\\\/https:\\\/\\\/twitter.com\\\/ERosasCU?s=09\"],\"url\":\"https:\\\/\\\/centrourbano.com\\\/revista\\\/author\\\/edgar-rosas\\\/\"}]}<\/script>\n<!-- \/ Yoast SEO plugin. -->","yoast_head_json":{"title":"Sedatu ha impulsado m\u00e1s de 4 millones de acciones de vivienda -","description":"En lo que va de la actual administraci\u00f3n, el gobierno de la Rep\u00fablica, a trav\u00e9s de la Secretar\u00eda de Desarrollo Agrario, Territorial y Urbano (Sedatu) ha realizado m\u00e1s de 4 millones de acciones en materia de vivienda, inform\u00f3 rosario Robles Berlanga, titular de esta dependencia.","robots":{"index":"index","follow":"follow","max-snippet":"max-snippet:-1","max-image-preview":"max-image-preview:large","max-video-preview":"max-video-preview:-1"},"canonical":"https:\/\/centrourbano.com\/revista\/vivienda\/sedatu-ha-impulsado-mas-4-millones-acciones-vivienda\/","og_locale":"es_ES","og_type":"article","og_title":"Sedatu ha impulsado m\u00e1s de 4 millones de acciones de vivienda -","og_description":"En lo que va de la actual administraci\u00f3n, el gobierno de la Rep\u00fablica, a trav\u00e9s de la Secretar\u00eda de Desarrollo Agrario, Territorial y Urbano (Sedatu) ha realizado m\u00e1s de 4 millones de acciones en materia de vivienda, inform\u00f3 rosario Robles Berlanga, titular de esta dependencia.","og_url":"https:\/\/centrourbano.com\/revista\/vivienda\/sedatu-ha-impulsado-mas-4-millones-acciones-vivienda\/","og_site_name":"Centro Urbano","article_publisher":"https:\/\/www.facebook.com\/portalcentrourbano","article_published_time":"2017-11-24T23:30:06+00:00","og_image":[{"width":800,"height":450,"url":"https:\/\/centrourbano.com\/revista\/wp-content\/uploads\/RRB_1Comparecencia.jpeg","type":"image\/jpeg"}],"author":"Edgar Rosas","twitter_card":"summary_large_image","twitter_creator":"@https:\/\/twitter.com\/ERosasCU?s=09","twitter_site":"@CentroUrbano","twitter_misc":{"Escrito por":"Edgar Rosas","Tiempo de lectura":"1 minuto"},"schema":{"@context":"https:\/\/schema.org","@graph":[{"@type":"Article","@id":"https:\/\/centrourbano.com\/revista\/vivienda\/sedatu-ha-impulsado-mas-4-millones-acciones-vivienda\/#article","isPartOf":{"@id":"https:\/\/centrourbano.com\/revista\/vivienda\/sedatu-ha-impulsado-mas-4-millones-acciones-vivienda\/"},"author":{"name":"Edgar Rosas","@id":"https:\/\/centrourbano.com\/revista\/#\/schema\/person\/ff3c00651ce5b1630479d2cd0c2e3ac0"},"headline":"Sedatu ha impulsado m\u00e1s de 4 millones de acciones de vivienda","datePublished":"2017-11-24T23:30:06+00:00","mainEntityOfPage":{"@id":"https:\/\/centrourbano.com\/revista\/vivienda\/sedatu-ha-impulsado-mas-4-millones-acciones-vivienda\/"},"wordCount":190,"commentCount":0,"publisher":{"@id":"https:\/\/centrourbano.com\/revista\/#organization"},"image":{"@id":"https:\/\/centrourbano.com\/revista\/vivienda\/sedatu-ha-impulsado-mas-4-millones-acciones-vivienda\/#primaryimage"},"thumbnailUrl":"https:\/\/centrourbano.com\/revista\/wp-content\/uploads\/RRB_1Comparecencia.jpeg","keywords":["acciones de vivienda","Rosario Robles Berlanga","Sedatu","vivienda"],"articleSection":["Vivienda"],"inLanguage":"es","potentialAction":[{"@type":"CommentAction","name":"Comment","target":["https:\/\/centrourbano.com\/revista\/vivienda\/sedatu-ha-impulsado-mas-4-millones-acciones-vivienda\/#respond"]}]},{"@type":"WebPage","@id":"https:\/\/centrourbano.com\/revista\/vivienda\/sedatu-ha-impulsado-mas-4-millones-acciones-vivienda\/","url":"https:\/\/centrourbano.com\/revista\/vivienda\/sedatu-ha-impulsado-mas-4-millones-acciones-vivienda\/","name":"Sedatu ha impulsado m\u00e1s de 4 millones de acciones de vivienda -","isPartOf":{"@id":"https:\/\/centrourbano.com\/revista\/#website"},"primaryImageOfPage":{"@id":"https:\/\/centrourbano.com\/revista\/vivienda\/sedatu-ha-impulsado-mas-4-millones-acciones-vivienda\/#primaryimage"},"image":{"@id":"https:\/\/centrourbano.com\/revista\/vivienda\/sedatu-ha-impulsado-mas-4-millones-acciones-vivienda\/#primaryimage"},"thumbnailUrl":"https:\/\/centrourbano.com\/revista\/wp-content\/uploads\/RRB_1Comparecencia.jpeg","datePublished":"2017-11-24T23:30:06+00:00","description":"En lo que va de la actual administraci\u00f3n, el gobierno de la Rep\u00fablica, a trav\u00e9s de la Secretar\u00eda de Desarrollo Agrario, Territorial y Urbano (Sedatu) ha realizado m\u00e1s de 4 millones de acciones en materia de vivienda, inform\u00f3 rosario Robles Berlanga, titular de esta dependencia.","breadcrumb":{"@id":"https:\/\/centrourbano.com\/revista\/vivienda\/sedatu-ha-impulsado-mas-4-millones-acciones-vivienda\/#breadcrumb"},"inLanguage":"es","potentialAction":[{"@type":"ReadAction","target":["https:\/\/centrourbano.com\/revista\/vivienda\/sedatu-ha-impulsado-mas-4-millones-acciones-vivienda\/"]}]},{"@type":"ImageObject","inLanguage":"es","@id":"https:\/\/centrourbano.com\/revista\/vivienda\/sedatu-ha-impulsado-mas-4-millones-acciones-vivienda\/#primaryimage","url":"https:\/\/centrourbano.com\/revista\/wp-content\/uploads\/RRB_1Comparecencia.jpeg","contentUrl":"https:\/\/centrourbano.com\/revista\/wp-content\/uploads\/RRB_1Comparecencia.jpeg","width":800,"height":450,"caption":"En la actual administraci\u00f3n, el sector se ha posicionado como una industria pujante: RRB"},{"@type":"BreadcrumbList","@id":"https:\/\/centrourbano.com\/revista\/vivienda\/sedatu-ha-impulsado-mas-4-millones-acciones-vivienda\/#breadcrumb","itemListElement":[{"@type":"ListItem","position":1,"name":"Portada","item":"https:\/\/centrourbano.com\/revista\/"},{"@type":"ListItem","position":2,"name":"Sedatu ha impulsado m\u00e1s de 4 millones de acciones de vivienda"}]},{"@type":"WebSite","@id":"https:\/\/centrourbano.com\/revista\/#website","url":"https:\/\/centrourbano.com\/revista\/","name":"Centro Urbano","description":"Medio especializado en los sectores vivienda, inmobiliario, construcci\u00f3n, arquitectura y urbanismo.","publisher":{"@id":"https:\/\/centrourbano.com\/revista\/#organization"},"potentialAction":[{"@type":"SearchAction","target":{"@type":"EntryPoint","urlTemplate":"https:\/\/centrourbano.com\/revista\/?s={search_term_string}"},"query-input":{"@type":"PropertyValueSpecification","valueRequired":true,"valueName":"search_term_string"}}],"inLanguage":"es"},{"@type":"Organization","@id":"https:\/\/centrourbano.com\/revista\/#organization","name":"Centro Urbano","url":"https:\/\/centrourbano.com\/revista\/","logo":{"@type":"ImageObject","inLanguage":"es","@id":"https:\/\/centrourbano.com\/revista\/#\/schema\/logo\/image\/","url":"https:\/\/centrourbano.com\/revista\/wp-content\/uploads\/web_CU_logo-1.png","contentUrl":"https:\/\/centrourbano.com\/revista\/wp-content\/uploads\/web_CU_logo-1.png","width":350,"height":91,"caption":"Centro Urbano"},"image":{"@id":"https:\/\/centrourbano.com\/revista\/#\/schema\/logo\/image\/"},"sameAs":["https:\/\/www.facebook.com\/portalcentrourbano","https:\/\/x.com\/CentroUrbano","https:\/\/www.instagram.com\/centro_urbano\/","https:\/\/www.linkedin.com\/company\/centro-urbano\/","http:\/\/www.youtube.com\/user\/portalcentrourbano"]},{"@type":"Person","@id":"https:\/\/centrourbano.com\/revista\/#\/schema\/person\/ff3c00651ce5b1630479d2cd0c2e3ac0","name":"Edgar Rosas","image":{"@type":"ImageObject","inLanguage":"es","@id":"https:\/\/secure.gravatar.com\/avatar\/94440c4283495211faa5300bf85e80061036b83fced868c3783aa1310b350d9c?s=96&d=mm&r=g","url":"https:\/\/secure.gravatar.com\/avatar\/94440c4283495211faa5300bf85e80061036b83fced868c3783aa1310b350d9c?s=96&d=mm&r=g","contentUrl":"https:\/\/secure.gravatar.com\/avatar\/94440c4283495211faa5300bf85e80061036b83fced868c3783aa1310b350d9c?s=96&d=mm&r=g","caption":"Edgar Rosas"},"description":"Editor en Jefe de Centro Urbano. Egresado de la maestr\u00eda en Periodismo Pol\u00edtico de la Escuela de Periodismo Carlos Septi\u00e9n Garc\u00eda (EPCSG). Estudi\u00f3 la licenciatura en Comunicaci\u00f3n en la Universidad Mexicana. Amante de la cr\u00f3nica y el reportaje. Admirador de Vicente Le\u00f1ero y Miguel \u00c1ngel Granados Chapa.","sameAs":["https:\/\/x.com\/https:\/\/twitter.com\/ERosasCU?s=09"],"url":"https:\/\/centrourbano.com\/revista\/author\/edgar-rosas\/"}]}},"_links":{"self":[{"href":"https:\/\/centrourbano.com\/revista\/wp-json\/wp\/v2\/posts\/63109","targetHints":{"allow":["GET"]}}],"collection":[{"href":"https:\/\/centrourbano.com\/revista\/wp-json\/wp\/v2\/posts"}],"about":[{"href":"https:\/\/centrourbano.com\/revista\/wp-json\/wp\/v2\/types\/post"}],"author":[{"embeddable":true,"href":"https:\/\/centrourbano.com\/revista\/wp-json\/wp\/v2\/users\/47"}],"replies":[{"embeddable":true,"href":"https:\/\/centrourbano.com\/revista\/wp-json\/wp\/v2\/comments?post=63109"}],"version-history":[{"count":1,"href":"https:\/\/centrourbano.com\/revista\/wp-json\/wp\/v2\/posts\/63109\/revisions"}],"predecessor-version":[{"id":63112,"href":"https:\/\/centrourbano.com\/revista\/wp-json\/wp\/v2\/posts\/63109\/revisions\/63112"}],"wp:featuredmedia":[{"embeddable":true,"href":"https:\/\/centrourbano.com\/revista\/wp-json\/wp\/v2\/media\/63110"}],"wp:attachment":[{"href":"https:\/\/centrourbano.com\/revista\/wp-json\/wp\/v2\/media?parent=63109"}],"wp:term":[{"taxonomy":"category","embeddable":true,"href":"https:\/\/centrourbano.com\/revista\/wp-json\/wp\/v2\/categories?post=63109"},{"taxonomy":"post_tag","embeddable":true,"href":"https:\/\/centrourbano.com\/revista\/wp-json\/wp\/v2\/tags?post=63109"}],"curies":[{"name":"wp","href":"https:\/\/api.w.org\/{rel}","templated":true}]}}