{"id":63089,"date":"2017-11-24T14:01:57","date_gmt":"2017-11-24T20:01:57","guid":{"rendered":"https:\/\/centrourbano.com\/?p=63089"},"modified":"2017-11-24T17:24:32","modified_gmt":"2017-11-24T23:24:32","slug":"reinauguran-el-museo-de-la-ciudad-de-mexico","status":"publish","type":"post","link":"https:\/\/centrourbano.com\/revista\/arquitectura-2\/reinauguran-el-museo-de-la-ciudad-de-mexico\/","title":{"rendered":"Reinauguran el Museo de la Ciudad de M\u00e9xico"},"content":{"rendered":"<p class=\"m_6227562778922542995ydpf9f35e20yiv0782274168MsoNormal\"><em>Las restauraciones en la arquitectura consistieron en el remozamiento de las fachadas, el arreglo de m\u00e1s de 30 puertas exteriores con injertos de madera ayacahuite, adem\u00e1s de aplanados en las siete salas de exhibici\u00f3n<\/em><br \/>\n<!--more--><\/p>\n<p class=\"m_6227562778922542995ydpf9f35e20yiv0782274168MsoNormal\">Esta semana e<span lang=\"ES\">l Jefe de Gobierno, Miguel \u00c1ngel Mancera Espinosa reinaugur\u00f3 el Museo de la Ciudad de M\u00e9xico, cuyos trabajos de rehabilitaci\u00f3n, que duraron 6 meses, contaron con la supervisi\u00f3n y aprobaci\u00f3n del Instituto Nacional de Antropolog\u00eda e Historia (INAH)<\/span><\/p>\n<p class=\"m_6227562778922542995ydpf9f35e20yiv0782274168MsoNormal\">Al realizar un\u00a0<span lang=\"ES\">recorrido, acompa\u00f1ado del secretario de Cultura de la CDMX, Eduardo V\u00e1zquez Mart\u00edn, el mandatario capitalino visit\u00f3 la exposici\u00f3n \u201cLa Ciudad de M\u00e9xico en el arte. Traves\u00eda de ocho siglos\u201d, con la cual se reabre este sitio cultural.\u00a0<\/span><span lang=\"ES\">Adem\u00e1s, conoci\u00f3 las m\u00e1s de 500 piezas que conforman esta muestra que por primera vez presentar\u00e1 en M\u00e9xico dos escudos de Tacubaya del siglo XVII, procedentes de la Fundaci\u00f3n Casa de Alba.<\/span><\/p>\n<p class=\"m_6227562778922542995ydpf9f35e20yiv0782274168MsoNormal\">Las restauraciones en la arquitectura consistieron en el remozamiento de las fachadas, el arreglo de m\u00e1s de 30 puertas exteriores con injertos de madera ayacahuite, adem\u00e1s de aplanados en las siete salas de exhibici\u00f3n de la planta baja afectadas por la humedad y el salitre. Tambi\u00e9n se intervinieron piezas ornamentales de cantera labrada, como g\u00e1rgolas, jarrones, copones, remates y acr\u00f3teras, ubicadas en la zona del patio central y la fachada.<\/p>\n<p class=\"m_6227562778922542995ydpf9f35e20yiv0782274168MsoNormal\"><span lang=\"ES\">Entre las mejoras a las instalaciones se encuentran la renovaci\u00f3n de los sistemas sanitario e hidr\u00e1ulico, una revisi\u00f3n al sistema el\u00e9ctrico y de climatizaci\u00f3n, el fortalecimiento de las medidas de seguridad, as\u00ed como la instalaci\u00f3n de una nueva puerta de cristal en la entrada al patio y de un elevador que facilitar\u00e1 el acceso a las salas de exhibici\u00f3n en la planta alta y al Estudio de Joaqu\u00edn Clausell.<\/span><\/p>\n","protected":false},"excerpt":{"rendered":"<p>Las restauraciones en la arquitectura consistieron en el remozamiento de las fachadas, el arreglo de m\u00e1s de 30 puertas exteriores con injertos de madera ayacahuite, adem\u00e1s de aplanados en las siete salas de exhibici\u00f3n<\/p>\n","protected":false},"author":77,"featured_media":63092,"comment_status":"open","ping_status":"closed","sticky":false,"template":"","format":"standard","meta":{"inline_featured_image":false,"footnotes":""},"categories":[81],"tags":[20,671,7758,3991],"class_list":["post-63089","post","type-post","status-publish","format-standard","has-post-thumbnail","hentry","category-arquitectura-2","tag-arquitectura","tag-inah","tag-instituto-nacional-de-antropologia-e-historia","tag-museo-de-la-ciudad-de-mexico"],"yoast_head":"<!-- This site is optimized with the Yoast SEO plugin v28.4 - https:\/\/yoast.com\/product\/yoast-seo-wordpress\/ -->\n<title>Reinauguran el Museo de la Ciudad de M\u00e9xico -<\/title>\n<meta name=\"description\" content=\"Las restauraciones en la arquitectura consistieron en el remozamiento de las fachadas, el arreglo de m\u00e1s de 30 puertas exteriores con injertos de madera\" \/>\n<meta name=\"robots\" content=\"index, follow, max-snippet:-1, max-image-preview:large, max-video-preview:-1\" \/>\n<link rel=\"canonical\" href=\"https:\/\/centrourbano.com\/revista\/arquitectura-2\/reinauguran-el-museo-de-la-ciudad-de-mexico\/\" \/>\n<meta property=\"og:locale\" content=\"es_ES\" \/>\n<meta property=\"og:type\" content=\"article\" \/>\n<meta property=\"og:title\" content=\"Reinauguran el Museo de la Ciudad de M\u00e9xico -\" \/>\n<meta property=\"og:description\" content=\"Las restauraciones en la arquitectura consistieron en el remozamiento de las fachadas, el arreglo de m\u00e1s de 30 puertas exteriores con injertos de madera\" \/>\n<meta property=\"og:url\" content=\"https:\/\/centrourbano.com\/revista\/arquitectura-2\/reinauguran-el-museo-de-la-ciudad-de-mexico\/\" \/>\n<meta property=\"og:site_name\" content=\"Centro Urbano\" \/>\n<meta property=\"article:publisher\" content=\"https:\/\/www.facebook.com\/portalcentrourbano\" \/>\n<meta property=\"article:published_time\" content=\"2017-11-24T20:01:57+00:00\" \/>\n<meta property=\"article:modified_time\" content=\"2017-11-24T23:24:32+00:00\" \/>\n<meta property=\"og:image\" content=\"https:\/\/centrourbano.com\/revista\/wp-content\/uploads\/Interior-del-Museo-de-la-Ciudad-de-M\u00e9xico-1.jpg\" \/>\n\t<meta property=\"og:image:width\" content=\"800\" \/>\n\t<meta property=\"og:image:height\" content=\"502\" \/>\n\t<meta property=\"og:image:type\" content=\"image\/jpeg\" \/>\n<meta name=\"author\" content=\"G4A\" \/>\n<meta name=\"twitter:card\" content=\"summary_large_image\" \/>\n<meta name=\"twitter:creator\" content=\"@CentroUrbano\" \/>\n<meta name=\"twitter:site\" content=\"@CentroUrbano\" \/>\n<meta name=\"twitter:label1\" content=\"Escrito por\" \/>\n\t<meta name=\"twitter:data1\" content=\"G4A\" \/>\n\t<meta name=\"twitter:label2\" content=\"Tiempo de lectura\" \/>\n\t<meta name=\"twitter:data2\" content=\"2 minutos\" \/>\n<script type=\"application\/ld+json\" class=\"yoast-schema-graph\">{\"@context\":\"https:\\\/\\\/schema.org\",\"@graph\":[{\"@type\":\"Article\",\"@id\":\"https:\\\/\\\/centrourbano.com\\\/revista\\\/arquitectura-2\\\/reinauguran-el-museo-de-la-ciudad-de-mexico\\\/#article\",\"isPartOf\":{\"@id\":\"https:\\\/\\\/centrourbano.com\\\/revista\\\/arquitectura-2\\\/reinauguran-el-museo-de-la-ciudad-de-mexico\\\/\"},\"author\":{\"name\":\"G4A\",\"@id\":\"https:\\\/\\\/centrourbano.com\\\/revista\\\/#\\\/schema\\\/person\\\/370fa0ba2d8dd5bde3fdb8b62ad360aa\"},\"headline\":\"Reinauguran el Museo de la Ciudad de M\u00e9xico\",\"datePublished\":\"2017-11-24T20:01:57+00:00\",\"dateModified\":\"2017-11-24T23:24:32+00:00\",\"mainEntityOfPage\":{\"@id\":\"https:\\\/\\\/centrourbano.com\\\/revista\\\/arquitectura-2\\\/reinauguran-el-museo-de-la-ciudad-de-mexico\\\/\"},\"wordCount\":322,\"commentCount\":0,\"publisher\":{\"@id\":\"https:\\\/\\\/centrourbano.com\\\/revista\\\/#organization\"},\"image\":{\"@id\":\"https:\\\/\\\/centrourbano.com\\\/revista\\\/arquitectura-2\\\/reinauguran-el-museo-de-la-ciudad-de-mexico\\\/#primaryimage\"},\"thumbnailUrl\":\"https:\\\/\\\/centrourbano.com\\\/revista\\\/wp-content\\\/uploads\\\/Interior-del-Museo-de-la-Ciudad-de-M\u00e9xico-1.jpg\",\"keywords\":[\"arquitectura\",\"INAH\",\"Instituto Nacional de Antropolog\u00eda e Historia\",\"Museo de la ciudad de M\u00e9xico\"],\"articleSection\":[\"Arquitectura\"],\"inLanguage\":\"es\"},{\"@type\":\"WebPage\",\"@id\":\"https:\\\/\\\/centrourbano.com\\\/revista\\\/arquitectura-2\\\/reinauguran-el-museo-de-la-ciudad-de-mexico\\\/\",\"url\":\"https:\\\/\\\/centrourbano.com\\\/revista\\\/arquitectura-2\\\/reinauguran-el-museo-de-la-ciudad-de-mexico\\\/\",\"name\":\"Reinauguran el Museo de la Ciudad de M\u00e9xico -\",\"isPartOf\":{\"@id\":\"https:\\\/\\\/centrourbano.com\\\/revista\\\/#website\"},\"primaryImageOfPage\":{\"@id\":\"https:\\\/\\\/centrourbano.com\\\/revista\\\/arquitectura-2\\\/reinauguran-el-museo-de-la-ciudad-de-mexico\\\/#primaryimage\"},\"image\":{\"@id\":\"https:\\\/\\\/centrourbano.com\\\/revista\\\/arquitectura-2\\\/reinauguran-el-museo-de-la-ciudad-de-mexico\\\/#primaryimage\"},\"thumbnailUrl\":\"https:\\\/\\\/centrourbano.com\\\/revista\\\/wp-content\\\/uploads\\\/Interior-del-Museo-de-la-Ciudad-de-M\u00e9xico-1.jpg\",\"datePublished\":\"2017-11-24T20:01:57+00:00\",\"dateModified\":\"2017-11-24T23:24:32+00:00\",\"description\":\"Las restauraciones en la arquitectura consistieron en el remozamiento de las fachadas, el arreglo de m\u00e1s de 30 puertas exteriores con injertos de madera\",\"breadcrumb\":{\"@id\":\"https:\\\/\\\/centrourbano.com\\\/revista\\\/arquitectura-2\\\/reinauguran-el-museo-de-la-ciudad-de-mexico\\\/#breadcrumb\"},\"inLanguage\":\"es\",\"potentialAction\":[{\"@type\":\"ReadAction\",\"target\":[\"https:\\\/\\\/centrourbano.com\\\/revista\\\/arquitectura-2\\\/reinauguran-el-museo-de-la-ciudad-de-mexico\\\/\"]}]},{\"@type\":\"ImageObject\",\"inLanguage\":\"es\",\"@id\":\"https:\\\/\\\/centrourbano.com\\\/revista\\\/arquitectura-2\\\/reinauguran-el-museo-de-la-ciudad-de-mexico\\\/#primaryimage\",\"url\":\"https:\\\/\\\/centrourbano.com\\\/revista\\\/wp-content\\\/uploads\\\/Interior-del-Museo-de-la-Ciudad-de-M\u00e9xico-1.jpg\",\"contentUrl\":\"https:\\\/\\\/centrourbano.com\\\/revista\\\/wp-content\\\/uploads\\\/Interior-del-Museo-de-la-Ciudad-de-M\u00e9xico-1.jpg\",\"width\":800,\"height\":502},{\"@type\":\"BreadcrumbList\",\"@id\":\"https:\\\/\\\/centrourbano.com\\\/revista\\\/arquitectura-2\\\/reinauguran-el-museo-de-la-ciudad-de-mexico\\\/#breadcrumb\",\"itemListElement\":[{\"@type\":\"ListItem\",\"position\":1,\"name\":\"Portada\",\"item\":\"https:\\\/\\\/centrourbano.com\\\/revista\\\/\"},{\"@type\":\"ListItem\",\"position\":2,\"name\":\"Reinauguran el Museo de la Ciudad de M\u00e9xico\"}]},{\"@type\":\"WebSite\",\"@id\":\"https:\\\/\\\/centrourbano.com\\\/revista\\\/#website\",\"url\":\"https:\\\/\\\/centrourbano.com\\\/revista\\\/\",\"name\":\"Centro Urbano\",\"description\":\"Medio especializado en los sectores vivienda, inmobiliario, construcci\u00f3n, arquitectura y urbanismo.\",\"publisher\":{\"@id\":\"https:\\\/\\\/centrourbano.com\\\/revista\\\/#organization\"},\"potentialAction\":[{\"@type\":\"SearchAction\",\"target\":{\"@type\":\"EntryPoint\",\"urlTemplate\":\"https:\\\/\\\/centrourbano.com\\\/revista\\\/?s={search_term_string}\"},\"query-input\":{\"@type\":\"PropertyValueSpecification\",\"valueRequired\":true,\"valueName\":\"search_term_string\"}}],\"inLanguage\":\"es\"},{\"@type\":\"Organization\",\"@id\":\"https:\\\/\\\/centrourbano.com\\\/revista\\\/#organization\",\"name\":\"Centro Urbano\",\"url\":\"https:\\\/\\\/centrourbano.com\\\/revista\\\/\",\"logo\":{\"@type\":\"ImageObject\",\"inLanguage\":\"es\",\"@id\":\"https:\\\/\\\/centrourbano.com\\\/revista\\\/#\\\/schema\\\/logo\\\/image\\\/\",\"url\":\"https:\\\/\\\/centrourbano.com\\\/revista\\\/wp-content\\\/uploads\\\/web_CU_logo-1.png\",\"contentUrl\":\"https:\\\/\\\/centrourbano.com\\\/revista\\\/wp-content\\\/uploads\\\/web_CU_logo-1.png\",\"width\":350,\"height\":91,\"caption\":\"Centro Urbano\"},\"image\":{\"@id\":\"https:\\\/\\\/centrourbano.com\\\/revista\\\/#\\\/schema\\\/logo\\\/image\\\/\"},\"sameAs\":[\"https:\\\/\\\/www.facebook.com\\\/portalcentrourbano\",\"https:\\\/\\\/x.com\\\/CentroUrbano\",\"https:\\\/\\\/www.instagram.com\\\/centro_urbano\\\/\",\"https:\\\/\\\/www.linkedin.com\\\/company\\\/centro-urbano\\\/\",\"http:\\\/\\\/www.youtube.com\\\/user\\\/portalcentrourbano\"]},{\"@type\":\"Person\",\"@id\":\"https:\\\/\\\/centrourbano.com\\\/revista\\\/#\\\/schema\\\/person\\\/370fa0ba2d8dd5bde3fdb8b62ad360aa\",\"name\":\"G4A\",\"image\":{\"@type\":\"ImageObject\",\"inLanguage\":\"es\",\"@id\":\"https:\\\/\\\/secure.gravatar.com\\\/avatar\\\/932a97121b13d5de5bbd8193c6c83d3b92c9eda0f39623607d4280e7a5778d97?s=96&d=mm&r=g\",\"url\":\"https:\\\/\\\/secure.gravatar.com\\\/avatar\\\/932a97121b13d5de5bbd8193c6c83d3b92c9eda0f39623607d4280e7a5778d97?s=96&d=mm&r=g\",\"contentUrl\":\"https:\\\/\\\/secure.gravatar.com\\\/avatar\\\/932a97121b13d5de5bbd8193c6c83d3b92c9eda0f39623607d4280e7a5778d97?s=96&d=mm&r=g\",\"caption\":\"G4A\"},\"url\":\"https:\\\/\\\/centrourbano.com\\\/revista\\\/author\\\/admin-g4a\\\/\"}]}<\/script>\n<!-- \/ Yoast SEO plugin. -->","yoast_head_json":{"title":"Reinauguran el Museo de la Ciudad de M\u00e9xico -","description":"Las restauraciones en la arquitectura consistieron en el remozamiento de las fachadas, el arreglo de m\u00e1s de 30 puertas exteriores con injertos de madera","robots":{"index":"index","follow":"follow","max-snippet":"max-snippet:-1","max-image-preview":"max-image-preview:large","max-video-preview":"max-video-preview:-1"},"canonical":"https:\/\/centrourbano.com\/revista\/arquitectura-2\/reinauguran-el-museo-de-la-ciudad-de-mexico\/","og_locale":"es_ES","og_type":"article","og_title":"Reinauguran el Museo de la Ciudad de M\u00e9xico -","og_description":"Las restauraciones en la arquitectura consistieron en el remozamiento de las fachadas, el arreglo de m\u00e1s de 30 puertas exteriores con injertos de madera","og_url":"https:\/\/centrourbano.com\/revista\/arquitectura-2\/reinauguran-el-museo-de-la-ciudad-de-mexico\/","og_site_name":"Centro Urbano","article_publisher":"https:\/\/www.facebook.com\/portalcentrourbano","article_published_time":"2017-11-24T20:01:57+00:00","article_modified_time":"2017-11-24T23:24:32+00:00","og_image":[{"width":800,"height":502,"url":"https:\/\/centrourbano.com\/revista\/wp-content\/uploads\/Interior-del-Museo-de-la-Ciudad-de-M\u00e9xico-1.jpg","type":"image\/jpeg"}],"author":"G4A","twitter_card":"summary_large_image","twitter_creator":"@CentroUrbano","twitter_site":"@CentroUrbano","twitter_misc":{"Escrito por":"G4A","Tiempo de lectura":"2 minutos"},"schema":{"@context":"https:\/\/schema.org","@graph":[{"@type":"Article","@id":"https:\/\/centrourbano.com\/revista\/arquitectura-2\/reinauguran-el-museo-de-la-ciudad-de-mexico\/#article","isPartOf":{"@id":"https:\/\/centrourbano.com\/revista\/arquitectura-2\/reinauguran-el-museo-de-la-ciudad-de-mexico\/"},"author":{"name":"G4A","@id":"https:\/\/centrourbano.com\/revista\/#\/schema\/person\/370fa0ba2d8dd5bde3fdb8b62ad360aa"},"headline":"Reinauguran el Museo de la Ciudad de M\u00e9xico","datePublished":"2017-11-24T20:01:57+00:00","dateModified":"2017-11-24T23:24:32+00:00","mainEntityOfPage":{"@id":"https:\/\/centrourbano.com\/revista\/arquitectura-2\/reinauguran-el-museo-de-la-ciudad-de-mexico\/"},"wordCount":322,"commentCount":0,"publisher":{"@id":"https:\/\/centrourbano.com\/revista\/#organization"},"image":{"@id":"https:\/\/centrourbano.com\/revista\/arquitectura-2\/reinauguran-el-museo-de-la-ciudad-de-mexico\/#primaryimage"},"thumbnailUrl":"https:\/\/centrourbano.com\/revista\/wp-content\/uploads\/Interior-del-Museo-de-la-Ciudad-de-M\u00e9xico-1.jpg","keywords":["arquitectura","INAH","Instituto Nacional de Antropolog\u00eda e Historia","Museo de la ciudad de M\u00e9xico"],"articleSection":["Arquitectura"],"inLanguage":"es"},{"@type":"WebPage","@id":"https:\/\/centrourbano.com\/revista\/arquitectura-2\/reinauguran-el-museo-de-la-ciudad-de-mexico\/","url":"https:\/\/centrourbano.com\/revista\/arquitectura-2\/reinauguran-el-museo-de-la-ciudad-de-mexico\/","name":"Reinauguran el Museo de la Ciudad de M\u00e9xico -","isPartOf":{"@id":"https:\/\/centrourbano.com\/revista\/#website"},"primaryImageOfPage":{"@id":"https:\/\/centrourbano.com\/revista\/arquitectura-2\/reinauguran-el-museo-de-la-ciudad-de-mexico\/#primaryimage"},"image":{"@id":"https:\/\/centrourbano.com\/revista\/arquitectura-2\/reinauguran-el-museo-de-la-ciudad-de-mexico\/#primaryimage"},"thumbnailUrl":"https:\/\/centrourbano.com\/revista\/wp-content\/uploads\/Interior-del-Museo-de-la-Ciudad-de-M\u00e9xico-1.jpg","datePublished":"2017-11-24T20:01:57+00:00","dateModified":"2017-11-24T23:24:32+00:00","description":"Las restauraciones en la arquitectura consistieron en el remozamiento de las fachadas, el arreglo de m\u00e1s de 30 puertas exteriores con injertos de madera","breadcrumb":{"@id":"https:\/\/centrourbano.com\/revista\/arquitectura-2\/reinauguran-el-museo-de-la-ciudad-de-mexico\/#breadcrumb"},"inLanguage":"es","potentialAction":[{"@type":"ReadAction","target":["https:\/\/centrourbano.com\/revista\/arquitectura-2\/reinauguran-el-museo-de-la-ciudad-de-mexico\/"]}]},{"@type":"ImageObject","inLanguage":"es","@id":"https:\/\/centrourbano.com\/revista\/arquitectura-2\/reinauguran-el-museo-de-la-ciudad-de-mexico\/#primaryimage","url":"https:\/\/centrourbano.com\/revista\/wp-content\/uploads\/Interior-del-Museo-de-la-Ciudad-de-M\u00e9xico-1.jpg","contentUrl":"https:\/\/centrourbano.com\/revista\/wp-content\/uploads\/Interior-del-Museo-de-la-Ciudad-de-M\u00e9xico-1.jpg","width":800,"height":502},{"@type":"BreadcrumbList","@id":"https:\/\/centrourbano.com\/revista\/arquitectura-2\/reinauguran-el-museo-de-la-ciudad-de-mexico\/#breadcrumb","itemListElement":[{"@type":"ListItem","position":1,"name":"Portada","item":"https:\/\/centrourbano.com\/revista\/"},{"@type":"ListItem","position":2,"name":"Reinauguran el Museo de la Ciudad de M\u00e9xico"}]},{"@type":"WebSite","@id":"https:\/\/centrourbano.com\/revista\/#website","url":"https:\/\/centrourbano.com\/revista\/","name":"Centro Urbano","description":"Medio especializado en los sectores vivienda, inmobiliario, construcci\u00f3n, arquitectura y urbanismo.","publisher":{"@id":"https:\/\/centrourbano.com\/revista\/#organization"},"potentialAction":[{"@type":"SearchAction","target":{"@type":"EntryPoint","urlTemplate":"https:\/\/centrourbano.com\/revista\/?s={search_term_string}"},"query-input":{"@type":"PropertyValueSpecification","valueRequired":true,"valueName":"search_term_string"}}],"inLanguage":"es"},{"@type":"Organization","@id":"https:\/\/centrourbano.com\/revista\/#organization","name":"Centro Urbano","url":"https:\/\/centrourbano.com\/revista\/","logo":{"@type":"ImageObject","inLanguage":"es","@id":"https:\/\/centrourbano.com\/revista\/#\/schema\/logo\/image\/","url":"https:\/\/centrourbano.com\/revista\/wp-content\/uploads\/web_CU_logo-1.png","contentUrl":"https:\/\/centrourbano.com\/revista\/wp-content\/uploads\/web_CU_logo-1.png","width":350,"height":91,"caption":"Centro Urbano"},"image":{"@id":"https:\/\/centrourbano.com\/revista\/#\/schema\/logo\/image\/"},"sameAs":["https:\/\/www.facebook.com\/portalcentrourbano","https:\/\/x.com\/CentroUrbano","https:\/\/www.instagram.com\/centro_urbano\/","https:\/\/www.linkedin.com\/company\/centro-urbano\/","http:\/\/www.youtube.com\/user\/portalcentrourbano"]},{"@type":"Person","@id":"https:\/\/centrourbano.com\/revista\/#\/schema\/person\/370fa0ba2d8dd5bde3fdb8b62ad360aa","name":"G4A","image":{"@type":"ImageObject","inLanguage":"es","@id":"https:\/\/secure.gravatar.com\/avatar\/932a97121b13d5de5bbd8193c6c83d3b92c9eda0f39623607d4280e7a5778d97?s=96&d=mm&r=g","url":"https:\/\/secure.gravatar.com\/avatar\/932a97121b13d5de5bbd8193c6c83d3b92c9eda0f39623607d4280e7a5778d97?s=96&d=mm&r=g","contentUrl":"https:\/\/secure.gravatar.com\/avatar\/932a97121b13d5de5bbd8193c6c83d3b92c9eda0f39623607d4280e7a5778d97?s=96&d=mm&r=g","caption":"G4A"},"url":"https:\/\/centrourbano.com\/revista\/author\/admin-g4a\/"}]}},"_links":{"self":[{"href":"https:\/\/centrourbano.com\/revista\/wp-json\/wp\/v2\/posts\/63089","targetHints":{"allow":["GET"]}}],"collection":[{"href":"https:\/\/centrourbano.com\/revista\/wp-json\/wp\/v2\/posts"}],"about":[{"href":"https:\/\/centrourbano.com\/revista\/wp-json\/wp\/v2\/types\/post"}],"author":[{"embeddable":true,"href":"https:\/\/centrourbano.com\/revista\/wp-json\/wp\/v2\/users\/77"}],"replies":[{"embeddable":true,"href":"https:\/\/centrourbano.com\/revista\/wp-json\/wp\/v2\/comments?post=63089"}],"version-history":[{"count":3,"href":"https:\/\/centrourbano.com\/revista\/wp-json\/wp\/v2\/posts\/63089\/revisions"}],"predecessor-version":[{"id":63107,"href":"https:\/\/centrourbano.com\/revista\/wp-json\/wp\/v2\/posts\/63089\/revisions\/63107"}],"wp:featuredmedia":[{"embeddable":true,"href":"https:\/\/centrourbano.com\/revista\/wp-json\/wp\/v2\/media\/63092"}],"wp:attachment":[{"href":"https:\/\/centrourbano.com\/revista\/wp-json\/wp\/v2\/media?parent=63089"}],"wp:term":[{"taxonomy":"category","embeddable":true,"href":"https:\/\/centrourbano.com\/revista\/wp-json\/wp\/v2\/categories?post=63089"},{"taxonomy":"post_tag","embeddable":true,"href":"https:\/\/centrourbano.com\/revista\/wp-json\/wp\/v2\/tags?post=63089"}],"curies":[{"name":"wp","href":"https:\/\/api.w.org\/{rel}","templated":true}]}}