{"id":62846,"date":"2017-11-21T13:45:17","date_gmt":"2017-11-21T19:45:17","guid":{"rendered":"https:\/\/centrourbano.com\/?p=62846"},"modified":"2017-11-21T14:53:34","modified_gmt":"2017-11-21T20:53:34","slug":"trabajar-es-protestar","status":"publish","type":"post","link":"https:\/\/centrourbano.com\/revista\/opinion\/blog-desde-centro-urbano\/trabajar-es-protestar\/","title":{"rendered":"Trabajar es protestar"},"content":{"rendered":"<p>La desgastada silla de ruedas pasea por toda la Alameda Central de la Ciudad de M\u00e9xico, es guiada por Marcelino, un hombre de 46 a\u00f1os. La gente lo observa, \u00e9l acerca su mercanc\u00eda, dulces, chicles y cigarros, a las personas sentadas en las bancas de piedra.<\/p>\n<p>Viste una playera azul, lentes negros y gorra. Usa uno guantes para\u00a0 proteger sus manos, pero principalmente su anillo de casado. \u00c9l cree que es como el viento, \u201csin rumbo fijo y sin direcci\u00f3n\u201d.<\/p>\n<p>\u201cPuedo estar en el Z\u00f3calo, Madero y hasta en Quer\u00e9taro\u201d, coment\u00f3. En los \u00faltimos cinco a\u00f1os, Marcelino ha usado el transporte p\u00fablico desde Ecatepec hasta el centro de la ciudad y frecuenta la Alameda de las 12 del d\u00eda hasta las 8 de la noche.<\/p>\n<p>\u201cLas ventas son m\u00e1s o menos, pero lo suficiente para poder vivir sencillamente. Lo que m\u00e1s me compran son los cigarros\u00bb, explic\u00f3. Abastece el peque\u00f1o puesto ambulante, que lleva en las piernas, dos veces al mes, en el mercado de La Merced.<\/p>\n<p>Al lado de Marcelino pasan dos granaderos en direcci\u00f3n a Bellas Artes, \u00e9l, sin voltearlos a ver, ofrece sus productos a la gente. \u201cLas cosas ya no son las mismas desde el cambio de gobierno y del parque, la represi\u00f3n ha aumentado\u201d dijo.<\/p>\n<p>Un joven en patineta se detiene cerca de Marcelino, le toma una foto. Para \u00e9l su trabajo va m\u00e1s all\u00e1 de vender dulces, tambi\u00e9n es un acto de protesta. Colgado en la espalda tiene un letrero que dice: &#8216;<em>Mancera eres un pendejo, yo no tengo nada que dialogar con los jefes de polic\u00eda. \u00bfQuieres que me quite?, ven t\u00fa y qu\u00edtame&#8217;<\/em>.<\/p>\n<p>\u00abYa van varias veces que me sacan de la calle Madero por vender. El mes pasado tres polic\u00edas comenzaron a hostigarme\u201d, \u00a0agrega mientras un joven toma un cigarro y le da una moneda de diez pesos. Las personas casi siempre hacen una pausa para observarlo con detenimiento.<\/p>\n<p>\u201cEsa vez que me intentaron sacar de Madero por vender, la gente me defendi\u00f3. Los polic\u00edas quer\u00edan que me quitara. Yo no planeo moverme ni quitarme, ni esa vez, ni ahorita. Una se\u00f1ora fue la que me ayudo hasta que los polic\u00edas se fueron\u201d.<\/p>\n<p>Los vendedores de la Alameda procuran avisarse entre ellos, cu\u00e1les son los polic\u00edas corruptos, que s\u00f3lo quieren sacar dinero, y los que son \u201cbuena onda\u201d, los que te dejan trabajar.<\/p>\n<p>\u201cPero la verdad es que con la gran mayor\u00eda de los de la Alameda, pinto mi raya. Me dan l\u00e1stima. Lo \u00fanico que vienen a hacer aqu\u00ed es vender sus pulseras y despu\u00e9s drogarse. Yo mejor me alejo y contin\u00fao con mi trabajo\u201d.<\/p>\n<p>La desgastada silla sigue por la Alameda. Una pareja joven le pregunta a Marcelino por los cigarros que vende, \u00e9l se apoya en sus brazos para explicarles la variedad que tiene. La gente lo observa y Marcelino contin\u00faa con su protesta.<\/p>\n","protected":false},"excerpt":{"rendered":"<p>La desgastada silla de ruedas pasea por toda la Alameda Central de la Ciudad de M\u00e9xico, es guiada por Marcelino, un hombre de 46 a\u00f1os. La gente lo observa, \u00e9l acerca su mercanc\u00eda, dulces, chicles y cigarros, a las personas sentadas en las bancas de piedra. Viste una playera azul, lentes negros y gorra. Usa [&hellip;]<\/p>\n","protected":false},"author":58,"featured_media":62842,"comment_status":"open","ping_status":"closed","sticky":false,"template":"","format":"standard","meta":{"om_disable_all_campaigns":false,"inline_featured_image":false,"_monsterinsights_skip_tracking":false,"_monsterinsights_sitenote_active":false,"_monsterinsights_sitenote_note":"","_monsterinsights_sitenote_category":0,"footnotes":""},"categories":[240],"tags":[469,606,12013],"class_list":["post-62846","post","type-post","status-publish","format-standard","has-post-thumbnail","hentry","category-blog-desde-centro-urbano","tag-alameda-central","tag-cdmx","tag-vendedores-ambulantes"],"yoast_head":"<!-- This site is optimized with the Yoast SEO plugin v27.5 - https:\/\/yoast.com\/product\/yoast-seo-wordpress\/ -->\n<title>Trabajar es protestar -<\/title>\n<meta name=\"description\" content=\"Marcelino es un hombre de 46 a\u00f1os, que vende dulces en la Alameda, al mismo tiempo protesta contra el hostigamiento que sufre de parte de polic\u00edas.\" \/>\n<meta name=\"robots\" content=\"index, follow, max-snippet:-1, max-image-preview:large, max-video-preview:-1\" \/>\n<link rel=\"canonical\" href=\"https:\/\/centrourbano.com\/revista\/opinion\/blog-desde-centro-urbano\/trabajar-es-protestar\/\" \/>\n<meta property=\"og:locale\" content=\"es_ES\" \/>\n<meta property=\"og:type\" content=\"article\" \/>\n<meta property=\"og:title\" content=\"Trabajar es protestar -\" \/>\n<meta property=\"og:description\" content=\"Marcelino es un hombre de 46 a\u00f1os, que vende dulces en la Alameda, al mismo tiempo protesta contra el hostigamiento que sufre de parte de polic\u00edas.\" \/>\n<meta property=\"og:url\" content=\"https:\/\/centrourbano.com\/revista\/opinion\/blog-desde-centro-urbano\/trabajar-es-protestar\/\" \/>\n<meta property=\"og:site_name\" content=\"Centro Urbano\" \/>\n<meta property=\"article:publisher\" content=\"https:\/\/www.facebook.com\/portalcentrourbano\" \/>\n<meta property=\"article:published_time\" content=\"2017-11-21T19:45:17+00:00\" \/>\n<meta property=\"article:modified_time\" content=\"2017-11-21T20:53:34+00:00\" \/>\n<meta property=\"og:image\" content=\"https:\/\/centrourbano.com\/revista\/wp-content\/uploads\/discover-1814-1-alameda-central-3_849x477_adaptiveResize.jpg\" \/>\n\t<meta property=\"og:image:width\" content=\"849\" \/>\n\t<meta property=\"og:image:height\" content=\"477\" \/>\n\t<meta property=\"og:image:type\" content=\"image\/jpeg\" \/>\n<meta name=\"author\" content=\"Estefan\u00eda Tinajero\" \/>\n<meta name=\"twitter:card\" content=\"summary_large_image\" \/>\n<meta name=\"twitter:creator\" content=\"@CentroUrbano\" \/>\n<meta name=\"twitter:site\" content=\"@CentroUrbano\" \/>\n<meta name=\"twitter:label1\" content=\"Escrito por\" \/>\n\t<meta name=\"twitter:data1\" content=\"Estefan\u00eda Tinajero\" \/>\n\t<meta name=\"twitter:label2\" content=\"Tiempo de lectura\" \/>\n\t<meta name=\"twitter:data2\" content=\"3 minutos\" \/>\n<script type=\"application\/ld+json\" class=\"yoast-schema-graph\">{\"@context\":\"https:\\\/\\\/schema.org\",\"@graph\":[{\"@type\":\"Article\",\"@id\":\"https:\\\/\\\/centrourbano.com\\\/revista\\\/opinion\\\/blog-desde-centro-urbano\\\/trabajar-es-protestar\\\/#article\",\"isPartOf\":{\"@id\":\"https:\\\/\\\/centrourbano.com\\\/revista\\\/opinion\\\/blog-desde-centro-urbano\\\/trabajar-es-protestar\\\/\"},\"author\":{\"name\":\"Estefan\u00eda Tinajero\",\"@id\":\"https:\\\/\\\/centrourbano.com\\\/revista\\\/#\\\/schema\\\/person\\\/06fb7b616ffe9a532503d1802d45f183\"},\"headline\":\"Trabajar es protestar\",\"datePublished\":\"2017-11-21T19:45:17+00:00\",\"dateModified\":\"2017-11-21T20:53:34+00:00\",\"mainEntityOfPage\":{\"@id\":\"https:\\\/\\\/centrourbano.com\\\/revista\\\/opinion\\\/blog-desde-centro-urbano\\\/trabajar-es-protestar\\\/\"},\"wordCount\":507,\"commentCount\":0,\"publisher\":{\"@id\":\"https:\\\/\\\/centrourbano.com\\\/revista\\\/#organization\"},\"image\":{\"@id\":\"https:\\\/\\\/centrourbano.com\\\/revista\\\/opinion\\\/blog-desde-centro-urbano\\\/trabajar-es-protestar\\\/#primaryimage\"},\"thumbnailUrl\":\"https:\\\/\\\/centrourbano.com\\\/revista\\\/wp-content\\\/uploads\\\/discover-1814-1-alameda-central-3_849x477_adaptiveResize.jpg\",\"keywords\":[\"Alameda Central\",\"CDMX\",\"Vendedores ambulantes\"],\"articleSection\":[\"Desde Centro Urbano\"],\"inLanguage\":\"es\",\"potentialAction\":[{\"@type\":\"CommentAction\",\"name\":\"Comment\",\"target\":[\"https:\\\/\\\/centrourbano.com\\\/revista\\\/opinion\\\/blog-desde-centro-urbano\\\/trabajar-es-protestar\\\/#respond\"]}]},{\"@type\":\"WebPage\",\"@id\":\"https:\\\/\\\/centrourbano.com\\\/revista\\\/opinion\\\/blog-desde-centro-urbano\\\/trabajar-es-protestar\\\/\",\"url\":\"https:\\\/\\\/centrourbano.com\\\/revista\\\/opinion\\\/blog-desde-centro-urbano\\\/trabajar-es-protestar\\\/\",\"name\":\"Trabajar es protestar -\",\"isPartOf\":{\"@id\":\"https:\\\/\\\/centrourbano.com\\\/revista\\\/#website\"},\"primaryImageOfPage\":{\"@id\":\"https:\\\/\\\/centrourbano.com\\\/revista\\\/opinion\\\/blog-desde-centro-urbano\\\/trabajar-es-protestar\\\/#primaryimage\"},\"image\":{\"@id\":\"https:\\\/\\\/centrourbano.com\\\/revista\\\/opinion\\\/blog-desde-centro-urbano\\\/trabajar-es-protestar\\\/#primaryimage\"},\"thumbnailUrl\":\"https:\\\/\\\/centrourbano.com\\\/revista\\\/wp-content\\\/uploads\\\/discover-1814-1-alameda-central-3_849x477_adaptiveResize.jpg\",\"datePublished\":\"2017-11-21T19:45:17+00:00\",\"dateModified\":\"2017-11-21T20:53:34+00:00\",\"description\":\"Marcelino es un hombre de 46 a\u00f1os, que vende dulces en la Alameda, al mismo tiempo protesta contra el hostigamiento que sufre de parte de polic\u00edas.\",\"breadcrumb\":{\"@id\":\"https:\\\/\\\/centrourbano.com\\\/revista\\\/opinion\\\/blog-desde-centro-urbano\\\/trabajar-es-protestar\\\/#breadcrumb\"},\"inLanguage\":\"es\",\"potentialAction\":[{\"@type\":\"ReadAction\",\"target\":[\"https:\\\/\\\/centrourbano.com\\\/revista\\\/opinion\\\/blog-desde-centro-urbano\\\/trabajar-es-protestar\\\/\"]}]},{\"@type\":\"ImageObject\",\"inLanguage\":\"es\",\"@id\":\"https:\\\/\\\/centrourbano.com\\\/revista\\\/opinion\\\/blog-desde-centro-urbano\\\/trabajar-es-protestar\\\/#primaryimage\",\"url\":\"https:\\\/\\\/centrourbano.com\\\/revista\\\/wp-content\\\/uploads\\\/discover-1814-1-alameda-central-3_849x477_adaptiveResize.jpg\",\"contentUrl\":\"https:\\\/\\\/centrourbano.com\\\/revista\\\/wp-content\\\/uploads\\\/discover-1814-1-alameda-central-3_849x477_adaptiveResize.jpg\",\"width\":849,\"height\":477,\"caption\":\"La desgastada silla de ruedas pasea por toda la Alameda Central de la Ciudad de M\u00e9xico, es guiada por Marcelino, un hombre de 46 a\u00f1os. La gente lo observa, \u00e9l acerca su mercanc\u00eda, dulces, chicles y cigarros, a las personas sentadas en las bancas de piedra.\"},{\"@type\":\"BreadcrumbList\",\"@id\":\"https:\\\/\\\/centrourbano.com\\\/revista\\\/opinion\\\/blog-desde-centro-urbano\\\/trabajar-es-protestar\\\/#breadcrumb\",\"itemListElement\":[{\"@type\":\"ListItem\",\"position\":1,\"name\":\"Portada\",\"item\":\"https:\\\/\\\/centrourbano.com\\\/revista\\\/\"},{\"@type\":\"ListItem\",\"position\":2,\"name\":\"Trabajar es protestar\"}]},{\"@type\":\"WebSite\",\"@id\":\"https:\\\/\\\/centrourbano.com\\\/revista\\\/#website\",\"url\":\"https:\\\/\\\/centrourbano.com\\\/revista\\\/\",\"name\":\"Centro Urbano\",\"description\":\"Medio especializado en los sectores vivienda, inmobiliario, construcci\u00f3n, arquitectura y urbanismo.\",\"publisher\":{\"@id\":\"https:\\\/\\\/centrourbano.com\\\/revista\\\/#organization\"},\"potentialAction\":[{\"@type\":\"SearchAction\",\"target\":{\"@type\":\"EntryPoint\",\"urlTemplate\":\"https:\\\/\\\/centrourbano.com\\\/revista\\\/?s={search_term_string}\"},\"query-input\":{\"@type\":\"PropertyValueSpecification\",\"valueRequired\":true,\"valueName\":\"search_term_string\"}}],\"inLanguage\":\"es\"},{\"@type\":\"Organization\",\"@id\":\"https:\\\/\\\/centrourbano.com\\\/revista\\\/#organization\",\"name\":\"Centro Urbano\",\"url\":\"https:\\\/\\\/centrourbano.com\\\/revista\\\/\",\"logo\":{\"@type\":\"ImageObject\",\"inLanguage\":\"es\",\"@id\":\"https:\\\/\\\/centrourbano.com\\\/revista\\\/#\\\/schema\\\/logo\\\/image\\\/\",\"url\":\"https:\\\/\\\/centrourbano.com\\\/revista\\\/wp-content\\\/uploads\\\/web_CU_logo-1.png\",\"contentUrl\":\"https:\\\/\\\/centrourbano.com\\\/revista\\\/wp-content\\\/uploads\\\/web_CU_logo-1.png\",\"width\":350,\"height\":91,\"caption\":\"Centro Urbano\"},\"image\":{\"@id\":\"https:\\\/\\\/centrourbano.com\\\/revista\\\/#\\\/schema\\\/logo\\\/image\\\/\"},\"sameAs\":[\"https:\\\/\\\/www.facebook.com\\\/portalcentrourbano\",\"https:\\\/\\\/x.com\\\/CentroUrbano\",\"https:\\\/\\\/www.instagram.com\\\/centro_urbano\\\/\",\"https:\\\/\\\/www.linkedin.com\\\/company\\\/centro-urbano\\\/\",\"http:\\\/\\\/www.youtube.com\\\/user\\\/portalcentrourbano\"]},{\"@type\":\"Person\",\"@id\":\"https:\\\/\\\/centrourbano.com\\\/revista\\\/#\\\/schema\\\/person\\\/06fb7b616ffe9a532503d1802d45f183\",\"name\":\"Estefan\u00eda Tinajero\",\"image\":{\"@type\":\"ImageObject\",\"inLanguage\":\"es\",\"@id\":\"https:\\\/\\\/secure.gravatar.com\\\/avatar\\\/95fc41fe7c8f23c2faf4cd63393812a7d8257b5ddd3a652ffbd4a5c15769714f?s=96&d=mm&r=g\",\"url\":\"https:\\\/\\\/secure.gravatar.com\\\/avatar\\\/95fc41fe7c8f23c2faf4cd63393812a7d8257b5ddd3a652ffbd4a5c15769714f?s=96&d=mm&r=g\",\"contentUrl\":\"https:\\\/\\\/secure.gravatar.com\\\/avatar\\\/95fc41fe7c8f23c2faf4cd63393812a7d8257b5ddd3a652ffbd4a5c15769714f?s=96&d=mm&r=g\",\"caption\":\"Estefan\u00eda Tinajero\"},\"url\":\"https:\\\/\\\/centrourbano.com\\\/revista\\\/author\\\/estefania-tinajero\\\/\"}]}<\/script>\n<!-- \/ Yoast SEO plugin. -->","yoast_head_json":{"title":"Trabajar es protestar -","description":"Marcelino es un hombre de 46 a\u00f1os, que vende dulces en la Alameda, al mismo tiempo protesta contra el hostigamiento que sufre de parte de polic\u00edas.","robots":{"index":"index","follow":"follow","max-snippet":"max-snippet:-1","max-image-preview":"max-image-preview:large","max-video-preview":"max-video-preview:-1"},"canonical":"https:\/\/centrourbano.com\/revista\/opinion\/blog-desde-centro-urbano\/trabajar-es-protestar\/","og_locale":"es_ES","og_type":"article","og_title":"Trabajar es protestar -","og_description":"Marcelino es un hombre de 46 a\u00f1os, que vende dulces en la Alameda, al mismo tiempo protesta contra el hostigamiento que sufre de parte de polic\u00edas.","og_url":"https:\/\/centrourbano.com\/revista\/opinion\/blog-desde-centro-urbano\/trabajar-es-protestar\/","og_site_name":"Centro Urbano","article_publisher":"https:\/\/www.facebook.com\/portalcentrourbano","article_published_time":"2017-11-21T19:45:17+00:00","article_modified_time":"2017-11-21T20:53:34+00:00","og_image":[{"width":849,"height":477,"url":"https:\/\/centrourbano.com\/revista\/wp-content\/uploads\/discover-1814-1-alameda-central-3_849x477_adaptiveResize.jpg","type":"image\/jpeg"}],"author":"Estefan\u00eda Tinajero","twitter_card":"summary_large_image","twitter_creator":"@CentroUrbano","twitter_site":"@CentroUrbano","twitter_misc":{"Escrito por":"Estefan\u00eda Tinajero","Tiempo de lectura":"3 minutos"},"schema":{"@context":"https:\/\/schema.org","@graph":[{"@type":"Article","@id":"https:\/\/centrourbano.com\/revista\/opinion\/blog-desde-centro-urbano\/trabajar-es-protestar\/#article","isPartOf":{"@id":"https:\/\/centrourbano.com\/revista\/opinion\/blog-desde-centro-urbano\/trabajar-es-protestar\/"},"author":{"name":"Estefan\u00eda Tinajero","@id":"https:\/\/centrourbano.com\/revista\/#\/schema\/person\/06fb7b616ffe9a532503d1802d45f183"},"headline":"Trabajar es protestar","datePublished":"2017-11-21T19:45:17+00:00","dateModified":"2017-11-21T20:53:34+00:00","mainEntityOfPage":{"@id":"https:\/\/centrourbano.com\/revista\/opinion\/blog-desde-centro-urbano\/trabajar-es-protestar\/"},"wordCount":507,"commentCount":0,"publisher":{"@id":"https:\/\/centrourbano.com\/revista\/#organization"},"image":{"@id":"https:\/\/centrourbano.com\/revista\/opinion\/blog-desde-centro-urbano\/trabajar-es-protestar\/#primaryimage"},"thumbnailUrl":"https:\/\/centrourbano.com\/revista\/wp-content\/uploads\/discover-1814-1-alameda-central-3_849x477_adaptiveResize.jpg","keywords":["Alameda Central","CDMX","Vendedores ambulantes"],"articleSection":["Desde Centro Urbano"],"inLanguage":"es","potentialAction":[{"@type":"CommentAction","name":"Comment","target":["https:\/\/centrourbano.com\/revista\/opinion\/blog-desde-centro-urbano\/trabajar-es-protestar\/#respond"]}]},{"@type":"WebPage","@id":"https:\/\/centrourbano.com\/revista\/opinion\/blog-desde-centro-urbano\/trabajar-es-protestar\/","url":"https:\/\/centrourbano.com\/revista\/opinion\/blog-desde-centro-urbano\/trabajar-es-protestar\/","name":"Trabajar es protestar -","isPartOf":{"@id":"https:\/\/centrourbano.com\/revista\/#website"},"primaryImageOfPage":{"@id":"https:\/\/centrourbano.com\/revista\/opinion\/blog-desde-centro-urbano\/trabajar-es-protestar\/#primaryimage"},"image":{"@id":"https:\/\/centrourbano.com\/revista\/opinion\/blog-desde-centro-urbano\/trabajar-es-protestar\/#primaryimage"},"thumbnailUrl":"https:\/\/centrourbano.com\/revista\/wp-content\/uploads\/discover-1814-1-alameda-central-3_849x477_adaptiveResize.jpg","datePublished":"2017-11-21T19:45:17+00:00","dateModified":"2017-11-21T20:53:34+00:00","description":"Marcelino es un hombre de 46 a\u00f1os, que vende dulces en la Alameda, al mismo tiempo protesta contra el hostigamiento que sufre de parte de polic\u00edas.","breadcrumb":{"@id":"https:\/\/centrourbano.com\/revista\/opinion\/blog-desde-centro-urbano\/trabajar-es-protestar\/#breadcrumb"},"inLanguage":"es","potentialAction":[{"@type":"ReadAction","target":["https:\/\/centrourbano.com\/revista\/opinion\/blog-desde-centro-urbano\/trabajar-es-protestar\/"]}]},{"@type":"ImageObject","inLanguage":"es","@id":"https:\/\/centrourbano.com\/revista\/opinion\/blog-desde-centro-urbano\/trabajar-es-protestar\/#primaryimage","url":"https:\/\/centrourbano.com\/revista\/wp-content\/uploads\/discover-1814-1-alameda-central-3_849x477_adaptiveResize.jpg","contentUrl":"https:\/\/centrourbano.com\/revista\/wp-content\/uploads\/discover-1814-1-alameda-central-3_849x477_adaptiveResize.jpg","width":849,"height":477,"caption":"La desgastada silla de ruedas pasea por toda la Alameda Central de la Ciudad de M\u00e9xico, es guiada por Marcelino, un hombre de 46 a\u00f1os. La gente lo observa, \u00e9l acerca su mercanc\u00eda, dulces, chicles y cigarros, a las personas sentadas en las bancas de piedra."},{"@type":"BreadcrumbList","@id":"https:\/\/centrourbano.com\/revista\/opinion\/blog-desde-centro-urbano\/trabajar-es-protestar\/#breadcrumb","itemListElement":[{"@type":"ListItem","position":1,"name":"Portada","item":"https:\/\/centrourbano.com\/revista\/"},{"@type":"ListItem","position":2,"name":"Trabajar es protestar"}]},{"@type":"WebSite","@id":"https:\/\/centrourbano.com\/revista\/#website","url":"https:\/\/centrourbano.com\/revista\/","name":"Centro Urbano","description":"Medio especializado en los sectores vivienda, inmobiliario, construcci\u00f3n, arquitectura y urbanismo.","publisher":{"@id":"https:\/\/centrourbano.com\/revista\/#organization"},"potentialAction":[{"@type":"SearchAction","target":{"@type":"EntryPoint","urlTemplate":"https:\/\/centrourbano.com\/revista\/?s={search_term_string}"},"query-input":{"@type":"PropertyValueSpecification","valueRequired":true,"valueName":"search_term_string"}}],"inLanguage":"es"},{"@type":"Organization","@id":"https:\/\/centrourbano.com\/revista\/#organization","name":"Centro Urbano","url":"https:\/\/centrourbano.com\/revista\/","logo":{"@type":"ImageObject","inLanguage":"es","@id":"https:\/\/centrourbano.com\/revista\/#\/schema\/logo\/image\/","url":"https:\/\/centrourbano.com\/revista\/wp-content\/uploads\/web_CU_logo-1.png","contentUrl":"https:\/\/centrourbano.com\/revista\/wp-content\/uploads\/web_CU_logo-1.png","width":350,"height":91,"caption":"Centro Urbano"},"image":{"@id":"https:\/\/centrourbano.com\/revista\/#\/schema\/logo\/image\/"},"sameAs":["https:\/\/www.facebook.com\/portalcentrourbano","https:\/\/x.com\/CentroUrbano","https:\/\/www.instagram.com\/centro_urbano\/","https:\/\/www.linkedin.com\/company\/centro-urbano\/","http:\/\/www.youtube.com\/user\/portalcentrourbano"]},{"@type":"Person","@id":"https:\/\/centrourbano.com\/revista\/#\/schema\/person\/06fb7b616ffe9a532503d1802d45f183","name":"Estefan\u00eda Tinajero","image":{"@type":"ImageObject","inLanguage":"es","@id":"https:\/\/secure.gravatar.com\/avatar\/95fc41fe7c8f23c2faf4cd63393812a7d8257b5ddd3a652ffbd4a5c15769714f?s=96&d=mm&r=g","url":"https:\/\/secure.gravatar.com\/avatar\/95fc41fe7c8f23c2faf4cd63393812a7d8257b5ddd3a652ffbd4a5c15769714f?s=96&d=mm&r=g","contentUrl":"https:\/\/secure.gravatar.com\/avatar\/95fc41fe7c8f23c2faf4cd63393812a7d8257b5ddd3a652ffbd4a5c15769714f?s=96&d=mm&r=g","caption":"Estefan\u00eda Tinajero"},"url":"https:\/\/centrourbano.com\/revista\/author\/estefania-tinajero\/"}]}},"_links":{"self":[{"href":"https:\/\/centrourbano.com\/revista\/wp-json\/wp\/v2\/posts\/62846","targetHints":{"allow":["GET"]}}],"collection":[{"href":"https:\/\/centrourbano.com\/revista\/wp-json\/wp\/v2\/posts"}],"about":[{"href":"https:\/\/centrourbano.com\/revista\/wp-json\/wp\/v2\/types\/post"}],"author":[{"embeddable":true,"href":"https:\/\/centrourbano.com\/revista\/wp-json\/wp\/v2\/users\/58"}],"replies":[{"embeddable":true,"href":"https:\/\/centrourbano.com\/revista\/wp-json\/wp\/v2\/comments?post=62846"}],"version-history":[{"count":3,"href":"https:\/\/centrourbano.com\/revista\/wp-json\/wp\/v2\/posts\/62846\/revisions"}],"predecessor-version":[{"id":62855,"href":"https:\/\/centrourbano.com\/revista\/wp-json\/wp\/v2\/posts\/62846\/revisions\/62855"}],"wp:featuredmedia":[{"embeddable":true,"href":"https:\/\/centrourbano.com\/revista\/wp-json\/wp\/v2\/media\/62842"}],"wp:attachment":[{"href":"https:\/\/centrourbano.com\/revista\/wp-json\/wp\/v2\/media?parent=62846"}],"wp:term":[{"taxonomy":"category","embeddable":true,"href":"https:\/\/centrourbano.com\/revista\/wp-json\/wp\/v2\/categories?post=62846"},{"taxonomy":"post_tag","embeddable":true,"href":"https:\/\/centrourbano.com\/revista\/wp-json\/wp\/v2\/tags?post=62846"}],"curies":[{"name":"wp","href":"https:\/\/api.w.org\/{rel}","templated":true}]}}