{"id":6281,"date":"2014-04-22T11:51:36","date_gmt":"2014-04-22T16:51:36","guid":{"rendered":"http:\/\/centrourbano.com\/?p=6281"},"modified":"2014-04-22T11:53:16","modified_gmt":"2014-04-22T16:53:16","slug":"jaime-alverde-habla-del-evento-the-real-estate-show","status":"publish","type":"post","link":"https:\/\/centrourbano.com\/revista\/actualidad\/jaime-alverde-habla-del-evento-the-real-estate-show\/","title":{"rendered":"Jaime Alverde habla del evento The Real Estate Show"},"content":{"rendered":"<p><i>Hoy en Vivienda en Verde, programa especial donde el presidente de ADI adelanta lo que habr\u00e1 en este espacio de negocios<!--more--><\/i><\/p>\n<p>Todo est\u00e1 listo para el evento inmobiliario m\u00e1s importante que se celebrar\u00e1 este 13 y 14 de mayo, The Real Estate Show, en el centro Banamex; escucha todos los detalles de voz del presidente de la Asociaci\u00f3n de Desarrolladores\u00a0Inmobiliarios (ADI), Jaime Alverde en esta charla que sostuvo con Horacio Urbano.<\/p>\n<p>El evento de dos d\u00edas tiene un programa conferencias done especialistas de temas en inmuebles tur\u00edsticos, comercial, vivienda y oficinas hablar\u00e1n del panorama en el pa\u00eds.<\/p>\n<p>\u201cComo hablamos de Transformando M\u00e9xico estamos invitando a gente de otros estados, en este caso nos va a acompa\u00f1ar el gobernador de Veracruz, Javier Duarte, quien nos hablar\u00e1 de la transformaci\u00f3n que est\u00e1 llevando a cabo su estado y toda la inversi\u00f3n inmobiliaria que se est\u00e1 haciendo en \u00e9l.<\/p>\n<p>\u201cPedro Aspe con el tema de los Fibras y estos instrumentos vienen hoy a alimentar nuestro sector de una forma distinta por todo el tema de financiamiento con algunas colocaciones muy exitosas y bueno, hablaremos de centro comerciales, usos mixtos y un poco de desarrollos tur\u00edsticos. M\u00e9xico es muy importante en cuanto a turismo se refiere y los desarrolladores de ADI tambi\u00e9n est\u00e1n en la parte tur\u00edstica y finalmente, la transformaci\u00f3n de la ciudad de M\u00e9xico que es un panel muy interesante que va a estar integrado por miembros del DF en el cual hablaremos de la transformaci\u00f3n de esta gran ciudad\u201d, adelant\u00f3 Jaime Alverde.<\/p>\n<p>Durante el programa explica los temas a tratar y destaca que este a\u00f1o los asistentes podr\u00e1n observar las maquetas de los proyectos que actualmente se desarrollan por parte de los socios ADI.<\/p>\n<p>Este encuentro entre empresarios, desarrolladores, autoridades e interesados en el sector inmobiliario encontrar\u00e1n en The Real Estate Show el lugar ideal para el networking.<\/p>\n<p>No te pierdas este programa especial en donde conocer\u00e1s todo lo que te espera en este magno evento escuchando a Jaime Alverde. Hoy por Green TV, a trav\u00e9s de los canales 410 de Cablevisi\u00f3n y 392 de Total Play, en punto de las 23:30 horas; tambi\u00e9n puedes verlo desde el sitio www.greentv.com.mx<\/p>\n","protected":false},"excerpt":{"rendered":"<p>Hoy en Vivienda en Verde, programa especial donde el presidente de ADI adelanta lo que habr\u00e1 en este espacio de negocios<\/p>\n","protected":false},"author":12,"featured_media":0,"comment_status":"open","ping_status":"closed","sticky":false,"template":"","format":"standard","meta":{"om_disable_all_campaigns":false,"inline_featured_image":false,"_monsterinsights_skip_tracking":false,"_monsterinsights_sitenote_active":false,"_monsterinsights_sitenote_note":"","_monsterinsights_sitenote_category":0,"footnotes":""},"categories":[80],"tags":[1109,732,44,21,1155,1432],"class_list":["post-6281","post","type-post","status-publish","format-standard","hentry","category-actualidad","tag-adi","tag-banamex","tag-fibras","tag-inmobiliario-2","tag-jaime-alverde","tag-the-real-estate-show"],"yoast_head":"<!-- This site is optimized with the Yoast SEO plugin v27.4 - https:\/\/yoast.com\/product\/yoast-seo-wordpress\/ -->\n<title>Jaime Alverde habla del evento The Real Estate Show -<\/title>\n<meta name=\"description\" content=\"Hoy en Vivienda en Verde, programa especial donde el presidente de ADI adelanta lo que habr\u00e1 en este espacio de negocios Todo est\u00e1 listo para el evento\" \/>\n<meta name=\"robots\" content=\"index, follow, max-snippet:-1, max-image-preview:large, max-video-preview:-1\" \/>\n<link rel=\"canonical\" href=\"https:\/\/centrourbano.com\/revista\/actualidad\/jaime-alverde-habla-del-evento-the-real-estate-show\/\" \/>\n<meta property=\"og:locale\" content=\"es_ES\" \/>\n<meta property=\"og:type\" content=\"article\" \/>\n<meta property=\"og:title\" content=\"Jaime Alverde habla del evento The Real Estate Show -\" \/>\n<meta property=\"og:description\" content=\"Hoy en Vivienda en Verde, programa especial donde el presidente de ADI adelanta lo que habr\u00e1 en este espacio de negocios Todo est\u00e1 listo para el evento\" \/>\n<meta property=\"og:url\" content=\"https:\/\/centrourbano.com\/revista\/actualidad\/jaime-alverde-habla-del-evento-the-real-estate-show\/\" \/>\n<meta property=\"og:site_name\" content=\"Centro Urbano\" \/>\n<meta property=\"article:publisher\" content=\"https:\/\/www.facebook.com\/portalcentrourbano\" \/>\n<meta property=\"article:published_time\" content=\"2014-04-22T16:51:36+00:00\" \/>\n<meta property=\"article:modified_time\" content=\"2014-04-22T16:53:16+00:00\" \/>\n<meta property=\"og:image\" content=\"https:\/\/centrourbano.com\/revista\/wp-content\/uploads\/CU-logo.png\" \/>\n\t<meta property=\"og:image:width\" content=\"350\" \/>\n\t<meta property=\"og:image:height\" content=\"91\" \/>\n\t<meta property=\"og:image:type\" content=\"image\/png\" \/>\n<meta name=\"author\" content=\"Catalina Mart\u00ednez\" \/>\n<meta name=\"twitter:card\" content=\"summary_large_image\" \/>\n<meta name=\"twitter:creator\" content=\"@CentroUrbano\" \/>\n<meta name=\"twitter:site\" content=\"@CentroUrbano\" \/>\n<meta name=\"twitter:label1\" content=\"Escrito por\" \/>\n\t<meta name=\"twitter:data1\" content=\"Catalina Mart\u00ednez\" \/>\n\t<meta name=\"twitter:label2\" content=\"Tiempo de lectura\" \/>\n\t<meta name=\"twitter:data2\" content=\"2 minutos\" \/>\n<script type=\"application\/ld+json\" class=\"yoast-schema-graph\">{\"@context\":\"https:\\\/\\\/schema.org\",\"@graph\":[{\"@type\":\"Article\",\"@id\":\"https:\\\/\\\/centrourbano.com\\\/revista\\\/actualidad\\\/jaime-alverde-habla-del-evento-the-real-estate-show\\\/#article\",\"isPartOf\":{\"@id\":\"https:\\\/\\\/centrourbano.com\\\/revista\\\/actualidad\\\/jaime-alverde-habla-del-evento-the-real-estate-show\\\/\"},\"author\":{\"name\":\"Catalina Mart\u00ednez\",\"@id\":\"https:\\\/\\\/centrourbano.com\\\/revista\\\/#\\\/schema\\\/person\\\/d8c4809c47856b5069984dd69234ce97\"},\"headline\":\"Jaime Alverde habla del evento The Real Estate Show\",\"datePublished\":\"2014-04-22T16:51:36+00:00\",\"dateModified\":\"2014-04-22T16:53:16+00:00\",\"mainEntityOfPage\":{\"@id\":\"https:\\\/\\\/centrourbano.com\\\/revista\\\/actualidad\\\/jaime-alverde-habla-del-evento-the-real-estate-show\\\/\"},\"wordCount\":392,\"commentCount\":0,\"publisher\":{\"@id\":\"https:\\\/\\\/centrourbano.com\\\/revista\\\/#organization\"},\"keywords\":[\"ADI\",\"Banamex\",\"Fibras\",\"inmobiliario\",\"Jaime Alverde\",\"The Real Estate Show\"],\"articleSection\":[\"Actualidad\"],\"inLanguage\":\"es\",\"potentialAction\":[{\"@type\":\"CommentAction\",\"name\":\"Comment\",\"target\":[\"https:\\\/\\\/centrourbano.com\\\/revista\\\/actualidad\\\/jaime-alverde-habla-del-evento-the-real-estate-show\\\/#respond\"]}]},{\"@type\":\"WebPage\",\"@id\":\"https:\\\/\\\/centrourbano.com\\\/revista\\\/actualidad\\\/jaime-alverde-habla-del-evento-the-real-estate-show\\\/\",\"url\":\"https:\\\/\\\/centrourbano.com\\\/revista\\\/actualidad\\\/jaime-alverde-habla-del-evento-the-real-estate-show\\\/\",\"name\":\"Jaime Alverde habla del evento The Real Estate Show -\",\"isPartOf\":{\"@id\":\"https:\\\/\\\/centrourbano.com\\\/revista\\\/#website\"},\"datePublished\":\"2014-04-22T16:51:36+00:00\",\"dateModified\":\"2014-04-22T16:53:16+00:00\",\"description\":\"Hoy en Vivienda en Verde, programa especial donde el presidente de ADI adelanta lo que habr\u00e1 en este espacio de negocios Todo est\u00e1 listo para el evento\",\"breadcrumb\":{\"@id\":\"https:\\\/\\\/centrourbano.com\\\/revista\\\/actualidad\\\/jaime-alverde-habla-del-evento-the-real-estate-show\\\/#breadcrumb\"},\"inLanguage\":\"es\",\"potentialAction\":[{\"@type\":\"ReadAction\",\"target\":[\"https:\\\/\\\/centrourbano.com\\\/revista\\\/actualidad\\\/jaime-alverde-habla-del-evento-the-real-estate-show\\\/\"]}]},{\"@type\":\"BreadcrumbList\",\"@id\":\"https:\\\/\\\/centrourbano.com\\\/revista\\\/actualidad\\\/jaime-alverde-habla-del-evento-the-real-estate-show\\\/#breadcrumb\",\"itemListElement\":[{\"@type\":\"ListItem\",\"position\":1,\"name\":\"Portada\",\"item\":\"https:\\\/\\\/centrourbano.com\\\/revista\\\/\"},{\"@type\":\"ListItem\",\"position\":2,\"name\":\"Jaime Alverde habla del evento The Real Estate Show\"}]},{\"@type\":\"WebSite\",\"@id\":\"https:\\\/\\\/centrourbano.com\\\/revista\\\/#website\",\"url\":\"https:\\\/\\\/centrourbano.com\\\/revista\\\/\",\"name\":\"Centro Urbano\",\"description\":\"Medio especializado en los sectores vivienda, inmobiliario, construcci\u00f3n, arquitectura y urbanismo.\",\"publisher\":{\"@id\":\"https:\\\/\\\/centrourbano.com\\\/revista\\\/#organization\"},\"potentialAction\":[{\"@type\":\"SearchAction\",\"target\":{\"@type\":\"EntryPoint\",\"urlTemplate\":\"https:\\\/\\\/centrourbano.com\\\/revista\\\/?s={search_term_string}\"},\"query-input\":{\"@type\":\"PropertyValueSpecification\",\"valueRequired\":true,\"valueName\":\"search_term_string\"}}],\"inLanguage\":\"es\"},{\"@type\":\"Organization\",\"@id\":\"https:\\\/\\\/centrourbano.com\\\/revista\\\/#organization\",\"name\":\"Centro Urbano\",\"url\":\"https:\\\/\\\/centrourbano.com\\\/revista\\\/\",\"logo\":{\"@type\":\"ImageObject\",\"inLanguage\":\"es\",\"@id\":\"https:\\\/\\\/centrourbano.com\\\/revista\\\/#\\\/schema\\\/logo\\\/image\\\/\",\"url\":\"https:\\\/\\\/centrourbano.com\\\/revista\\\/wp-content\\\/uploads\\\/web_CU_logo-1.png\",\"contentUrl\":\"https:\\\/\\\/centrourbano.com\\\/revista\\\/wp-content\\\/uploads\\\/web_CU_logo-1.png\",\"width\":350,\"height\":91,\"caption\":\"Centro Urbano\"},\"image\":{\"@id\":\"https:\\\/\\\/centrourbano.com\\\/revista\\\/#\\\/schema\\\/logo\\\/image\\\/\"},\"sameAs\":[\"https:\\\/\\\/www.facebook.com\\\/portalcentrourbano\",\"https:\\\/\\\/x.com\\\/CentroUrbano\",\"https:\\\/\\\/www.instagram.com\\\/centro_urbano\\\/\",\"https:\\\/\\\/www.linkedin.com\\\/company\\\/centro-urbano\\\/\",\"http:\\\/\\\/www.youtube.com\\\/user\\\/portalcentrourbano\"]},{\"@type\":\"Person\",\"@id\":\"https:\\\/\\\/centrourbano.com\\\/revista\\\/#\\\/schema\\\/person\\\/d8c4809c47856b5069984dd69234ce97\",\"name\":\"Catalina Mart\u00ednez\",\"image\":{\"@type\":\"ImageObject\",\"inLanguage\":\"es\",\"@id\":\"https:\\\/\\\/secure.gravatar.com\\\/avatar\\\/70f80737674b194772cc0988b688478e3538df4ef1296d51988a5033d0fbd521?s=96&d=mm&r=g\",\"url\":\"https:\\\/\\\/secure.gravatar.com\\\/avatar\\\/70f80737674b194772cc0988b688478e3538df4ef1296d51988a5033d0fbd521?s=96&d=mm&r=g\",\"contentUrl\":\"https:\\\/\\\/secure.gravatar.com\\\/avatar\\\/70f80737674b194772cc0988b688478e3538df4ef1296d51988a5033d0fbd521?s=96&d=mm&r=g\",\"caption\":\"Catalina Mart\u00ednez\"},\"description\":\"Periodista por decisi\u00f3n y necesidad, egresada de la Facultad de Ciencias Pol\u00edticas y Sociales (UNAM) comenz\u00f3 su experiencia laboral en el Diario Deportivo R\u00e9cord (\u00e1rea de Suplementos especiales y Revista especializada en futbol para Estados Unidos y M\u00e9xico, 90 minutos), adem\u00e1s particip\u00f3 en un proyecto editorial de la fuente tur\u00edstica. Reportera, co editora, jefa de informaci\u00f3n... apasionada de las letras, noticias, futbol, el reggae, las entrevistas y con hambre de informaci\u00f3n desde el nacimiento. Ahora se especializa en los Fibras, inmobiliario y Centro Urbano.\",\"url\":\"https:\\\/\\\/centrourbano.com\\\/revista\\\/author\\\/cata-martinez\\\/\"}]}<\/script>\n<!-- \/ Yoast SEO plugin. -->","yoast_head_json":{"title":"Jaime Alverde habla del evento The Real Estate Show -","description":"Hoy en Vivienda en Verde, programa especial donde el presidente de ADI adelanta lo que habr\u00e1 en este espacio de negocios Todo est\u00e1 listo para el evento","robots":{"index":"index","follow":"follow","max-snippet":"max-snippet:-1","max-image-preview":"max-image-preview:large","max-video-preview":"max-video-preview:-1"},"canonical":"https:\/\/centrourbano.com\/revista\/actualidad\/jaime-alverde-habla-del-evento-the-real-estate-show\/","og_locale":"es_ES","og_type":"article","og_title":"Jaime Alverde habla del evento The Real Estate Show -","og_description":"Hoy en Vivienda en Verde, programa especial donde el presidente de ADI adelanta lo que habr\u00e1 en este espacio de negocios Todo est\u00e1 listo para el evento","og_url":"https:\/\/centrourbano.com\/revista\/actualidad\/jaime-alverde-habla-del-evento-the-real-estate-show\/","og_site_name":"Centro Urbano","article_publisher":"https:\/\/www.facebook.com\/portalcentrourbano","article_published_time":"2014-04-22T16:51:36+00:00","article_modified_time":"2014-04-22T16:53:16+00:00","og_image":[{"width":350,"height":91,"url":"https:\/\/centrourbano.com\/revista\/wp-content\/uploads\/CU-logo.png","type":"image\/png"}],"author":"Catalina Mart\u00ednez","twitter_card":"summary_large_image","twitter_creator":"@CentroUrbano","twitter_site":"@CentroUrbano","twitter_misc":{"Escrito por":"Catalina Mart\u00ednez","Tiempo de lectura":"2 minutos"},"schema":{"@context":"https:\/\/schema.org","@graph":[{"@type":"Article","@id":"https:\/\/centrourbano.com\/revista\/actualidad\/jaime-alverde-habla-del-evento-the-real-estate-show\/#article","isPartOf":{"@id":"https:\/\/centrourbano.com\/revista\/actualidad\/jaime-alverde-habla-del-evento-the-real-estate-show\/"},"author":{"name":"Catalina Mart\u00ednez","@id":"https:\/\/centrourbano.com\/revista\/#\/schema\/person\/d8c4809c47856b5069984dd69234ce97"},"headline":"Jaime Alverde habla del evento The Real Estate Show","datePublished":"2014-04-22T16:51:36+00:00","dateModified":"2014-04-22T16:53:16+00:00","mainEntityOfPage":{"@id":"https:\/\/centrourbano.com\/revista\/actualidad\/jaime-alverde-habla-del-evento-the-real-estate-show\/"},"wordCount":392,"commentCount":0,"publisher":{"@id":"https:\/\/centrourbano.com\/revista\/#organization"},"keywords":["ADI","Banamex","Fibras","inmobiliario","Jaime Alverde","The Real Estate Show"],"articleSection":["Actualidad"],"inLanguage":"es","potentialAction":[{"@type":"CommentAction","name":"Comment","target":["https:\/\/centrourbano.com\/revista\/actualidad\/jaime-alverde-habla-del-evento-the-real-estate-show\/#respond"]}]},{"@type":"WebPage","@id":"https:\/\/centrourbano.com\/revista\/actualidad\/jaime-alverde-habla-del-evento-the-real-estate-show\/","url":"https:\/\/centrourbano.com\/revista\/actualidad\/jaime-alverde-habla-del-evento-the-real-estate-show\/","name":"Jaime Alverde habla del evento The Real Estate Show -","isPartOf":{"@id":"https:\/\/centrourbano.com\/revista\/#website"},"datePublished":"2014-04-22T16:51:36+00:00","dateModified":"2014-04-22T16:53:16+00:00","description":"Hoy en Vivienda en Verde, programa especial donde el presidente de ADI adelanta lo que habr\u00e1 en este espacio de negocios Todo est\u00e1 listo para el evento","breadcrumb":{"@id":"https:\/\/centrourbano.com\/revista\/actualidad\/jaime-alverde-habla-del-evento-the-real-estate-show\/#breadcrumb"},"inLanguage":"es","potentialAction":[{"@type":"ReadAction","target":["https:\/\/centrourbano.com\/revista\/actualidad\/jaime-alverde-habla-del-evento-the-real-estate-show\/"]}]},{"@type":"BreadcrumbList","@id":"https:\/\/centrourbano.com\/revista\/actualidad\/jaime-alverde-habla-del-evento-the-real-estate-show\/#breadcrumb","itemListElement":[{"@type":"ListItem","position":1,"name":"Portada","item":"https:\/\/centrourbano.com\/revista\/"},{"@type":"ListItem","position":2,"name":"Jaime Alverde habla del evento The Real Estate Show"}]},{"@type":"WebSite","@id":"https:\/\/centrourbano.com\/revista\/#website","url":"https:\/\/centrourbano.com\/revista\/","name":"Centro Urbano","description":"Medio especializado en los sectores vivienda, inmobiliario, construcci\u00f3n, arquitectura y urbanismo.","publisher":{"@id":"https:\/\/centrourbano.com\/revista\/#organization"},"potentialAction":[{"@type":"SearchAction","target":{"@type":"EntryPoint","urlTemplate":"https:\/\/centrourbano.com\/revista\/?s={search_term_string}"},"query-input":{"@type":"PropertyValueSpecification","valueRequired":true,"valueName":"search_term_string"}}],"inLanguage":"es"},{"@type":"Organization","@id":"https:\/\/centrourbano.com\/revista\/#organization","name":"Centro Urbano","url":"https:\/\/centrourbano.com\/revista\/","logo":{"@type":"ImageObject","inLanguage":"es","@id":"https:\/\/centrourbano.com\/revista\/#\/schema\/logo\/image\/","url":"https:\/\/centrourbano.com\/revista\/wp-content\/uploads\/web_CU_logo-1.png","contentUrl":"https:\/\/centrourbano.com\/revista\/wp-content\/uploads\/web_CU_logo-1.png","width":350,"height":91,"caption":"Centro Urbano"},"image":{"@id":"https:\/\/centrourbano.com\/revista\/#\/schema\/logo\/image\/"},"sameAs":["https:\/\/www.facebook.com\/portalcentrourbano","https:\/\/x.com\/CentroUrbano","https:\/\/www.instagram.com\/centro_urbano\/","https:\/\/www.linkedin.com\/company\/centro-urbano\/","http:\/\/www.youtube.com\/user\/portalcentrourbano"]},{"@type":"Person","@id":"https:\/\/centrourbano.com\/revista\/#\/schema\/person\/d8c4809c47856b5069984dd69234ce97","name":"Catalina Mart\u00ednez","image":{"@type":"ImageObject","inLanguage":"es","@id":"https:\/\/secure.gravatar.com\/avatar\/70f80737674b194772cc0988b688478e3538df4ef1296d51988a5033d0fbd521?s=96&d=mm&r=g","url":"https:\/\/secure.gravatar.com\/avatar\/70f80737674b194772cc0988b688478e3538df4ef1296d51988a5033d0fbd521?s=96&d=mm&r=g","contentUrl":"https:\/\/secure.gravatar.com\/avatar\/70f80737674b194772cc0988b688478e3538df4ef1296d51988a5033d0fbd521?s=96&d=mm&r=g","caption":"Catalina Mart\u00ednez"},"description":"Periodista por decisi\u00f3n y necesidad, egresada de la Facultad de Ciencias Pol\u00edticas y Sociales (UNAM) comenz\u00f3 su experiencia laboral en el Diario Deportivo R\u00e9cord (\u00e1rea de Suplementos especiales y Revista especializada en futbol para Estados Unidos y M\u00e9xico, 90 minutos), adem\u00e1s particip\u00f3 en un proyecto editorial de la fuente tur\u00edstica. Reportera, co editora, jefa de informaci\u00f3n... apasionada de las letras, noticias, futbol, el reggae, las entrevistas y con hambre de informaci\u00f3n desde el nacimiento. Ahora se especializa en los Fibras, inmobiliario y Centro Urbano.","url":"https:\/\/centrourbano.com\/revista\/author\/cata-martinez\/"}]}},"_links":{"self":[{"href":"https:\/\/centrourbano.com\/revista\/wp-json\/wp\/v2\/posts\/6281","targetHints":{"allow":["GET"]}}],"collection":[{"href":"https:\/\/centrourbano.com\/revista\/wp-json\/wp\/v2\/posts"}],"about":[{"href":"https:\/\/centrourbano.com\/revista\/wp-json\/wp\/v2\/types\/post"}],"author":[{"embeddable":true,"href":"https:\/\/centrourbano.com\/revista\/wp-json\/wp\/v2\/users\/12"}],"replies":[{"embeddable":true,"href":"https:\/\/centrourbano.com\/revista\/wp-json\/wp\/v2\/comments?post=6281"}],"version-history":[{"count":0,"href":"https:\/\/centrourbano.com\/revista\/wp-json\/wp\/v2\/posts\/6281\/revisions"}],"wp:attachment":[{"href":"https:\/\/centrourbano.com\/revista\/wp-json\/wp\/v2\/media?parent=6281"}],"wp:term":[{"taxonomy":"category","embeddable":true,"href":"https:\/\/centrourbano.com\/revista\/wp-json\/wp\/v2\/categories?post=6281"},{"taxonomy":"post_tag","embeddable":true,"href":"https:\/\/centrourbano.com\/revista\/wp-json\/wp\/v2\/tags?post=6281"}],"curies":[{"name":"wp","href":"https:\/\/api.w.org\/{rel}","templated":true}]}}