{"id":62650,"date":"2017-11-15T15:02:37","date_gmt":"2017-11-15T21:02:37","guid":{"rendered":"https:\/\/centrourbano.com\/?p=62650"},"modified":"2017-11-15T15:02:37","modified_gmt":"2017-11-15T21:02:37","slug":"sinaloa-desarrollo-sostenible","status":"publish","type":"post","link":"https:\/\/centrourbano.com\/revista\/urbanismo\/sinaloa-desarrollo-sostenible\/","title":{"rendered":"Sinaloa busca lograr un desarrollo sostenible"},"content":{"rendered":"<p><em>A trav\u00e9s de un taller participativo se busca elaborar una visi\u00f3n territorial para el estado<\/em><!--more--><\/p>\n<p>&nbsp;<\/p>\n<p>El taller participativo \u2018Visi\u00f3n Territorial Sinaloa 2030\u2019 se realiz\u00f3 en dicho estado con el fin de elaborar una visi\u00f3n territorial con los Objetivos para el Desarrollo Sostenible y la Nueva Agenda Urbana.<\/p>\n<p>&nbsp;<\/p>\n<p>Esto forma parte en el proyecto de colaboraci\u00f3n entre la Secretar\u00eda de Desarrollo Sustentable (Sedesu) y el programa de las Naciones Unidad para los Asentamientos Humanos (ONU-Habitat).<\/p>\n<p>&nbsp;<\/p>\n<p>El taller cont\u00f3 con la participaci\u00f3n de Martha Robles Montijo, secretaria de Desarrollo Sustentable, quien indic\u00f3 que para cambiar el paradigma de las ciudades debe trabajarse en el desarrollo urbano de la ciudad de forma integral, e inform\u00f3 que, de acuerdo con cifras de la ONU \u201c90% de la poblaci\u00f3n de Am\u00e9rica Latina vivir\u00e1 en zonas urbanas, lo cual representa un desaf\u00edo para los gobiernos, debido a que la planeaci\u00f3n debe ser el eje central de las estrategias hacia el futuro\u201d.<\/p>\n<p>&nbsp;<\/p>\n<p>A su vez, Pablo Vaggione, Coordinador de ONU-Habitat para M\u00e9xico y Cuba, destac\u00f3 la participaci\u00f3n de los actores involucrados en el desarrollo sustentable de Sinaloa, e indic\u00f3 que el taller de Visi\u00f3n Territorial permitir\u00e1 crear un marco estrat\u00e9gico para aprovechar los beneficios de la urbanizaci\u00f3n y fortalecer los instrumentos de su planificaci\u00f3n.<\/p>\n<p>&nbsp;<\/p>\n<p>Para identificar los objetivos del proceso, a los actores responsables, las acciones a desarrollar y posibles inconvenientes, participaron integrantes de los diferentes niveles de gobierno, instituciones de la sociedad civil, academia y sector privado.<\/p>\n<p>&nbsp;<\/p>\n","protected":false},"excerpt":{"rendered":"<p>A trav\u00e9s de un taller participativo se busca elaborar una visi\u00f3n territorial para el estado<\/p>\n","protected":false},"author":45,"featured_media":62651,"comment_status":"open","ping_status":"closed","sticky":false,"template":"","format":"standard","meta":{"om_disable_all_campaigns":false,"inline_featured_image":false,"_monsterinsights_skip_tracking":false,"_monsterinsights_sitenote_active":false,"_monsterinsights_sitenote_note":"","_monsterinsights_sitenote_category":0,"footnotes":""},"categories":[82],"tags":[9610,8322,2653,1030,431,11981],"class_list":["post-62650","post","type-post","status-publish","format-standard","has-post-thumbnail","hentry","category-urbanismo","tag-desarrollo-sostenible","tag-nueva-agenda-urbana","tag-onu-habitat","tag-sedesu","tag-sinaloa","tag-vision-territorial"],"yoast_head":"<!-- This site is optimized with the Yoast SEO plugin v27.4 - https:\/\/yoast.com\/product\/yoast-seo-wordpress\/ -->\n<title>Sinaloa busca lograr un desarrollo sostenible -<\/title>\n<meta name=\"description\" content=\"A trav\u00e9s de un taller participativo se busca elaborar una visi\u00f3n territorial para el estado\" \/>\n<meta name=\"robots\" content=\"index, follow, max-snippet:-1, max-image-preview:large, max-video-preview:-1\" \/>\n<link rel=\"canonical\" href=\"https:\/\/centrourbano.com\/revista\/urbanismo\/sinaloa-desarrollo-sostenible\/\" \/>\n<meta property=\"og:locale\" content=\"es_ES\" \/>\n<meta property=\"og:type\" content=\"article\" \/>\n<meta property=\"og:title\" content=\"Sinaloa busca lograr un desarrollo sostenible -\" \/>\n<meta property=\"og:description\" content=\"A trav\u00e9s de un taller participativo se busca elaborar una visi\u00f3n territorial para el estado\" \/>\n<meta property=\"og:url\" content=\"https:\/\/centrourbano.com\/revista\/urbanismo\/sinaloa-desarrollo-sostenible\/\" \/>\n<meta property=\"og:site_name\" content=\"Centro Urbano\" \/>\n<meta property=\"article:publisher\" content=\"https:\/\/www.facebook.com\/portalcentrourbano\" \/>\n<meta property=\"article:published_time\" content=\"2017-11-15T21:02:37+00:00\" \/>\n<meta property=\"og:image\" content=\"https:\/\/centrourbano.com\/revista\/wp-content\/uploads\/sinaloa-1.jpg\" \/>\n\t<meta property=\"og:image:width\" content=\"600\" \/>\n\t<meta property=\"og:image:height\" content=\"297\" \/>\n\t<meta property=\"og:image:type\" content=\"image\/jpeg\" \/>\n<meta name=\"author\" content=\"Hanae Pacheco\" \/>\n<meta name=\"twitter:card\" content=\"summary_large_image\" \/>\n<meta name=\"twitter:creator\" content=\"@CentroUrbano\" \/>\n<meta name=\"twitter:site\" content=\"@CentroUrbano\" \/>\n<meta name=\"twitter:label1\" content=\"Escrito por\" \/>\n\t<meta name=\"twitter:data1\" content=\"Hanae Pacheco\" \/>\n\t<meta name=\"twitter:label2\" content=\"Tiempo de lectura\" \/>\n\t<meta name=\"twitter:data2\" content=\"1 minuto\" \/>\n<script type=\"application\/ld+json\" class=\"yoast-schema-graph\">{\"@context\":\"https:\\\/\\\/schema.org\",\"@graph\":[{\"@type\":\"Article\",\"@id\":\"https:\\\/\\\/centrourbano.com\\\/revista\\\/urbanismo\\\/sinaloa-desarrollo-sostenible\\\/#article\",\"isPartOf\":{\"@id\":\"https:\\\/\\\/centrourbano.com\\\/revista\\\/urbanismo\\\/sinaloa-desarrollo-sostenible\\\/\"},\"author\":{\"name\":\"Hanae Pacheco\",\"@id\":\"https:\\\/\\\/centrourbano.com\\\/revista\\\/#\\\/schema\\\/person\\\/db5aba19153b4dc77f48808c4c2e7027\"},\"headline\":\"Sinaloa busca lograr un desarrollo sostenible\",\"datePublished\":\"2017-11-15T21:02:37+00:00\",\"mainEntityOfPage\":{\"@id\":\"https:\\\/\\\/centrourbano.com\\\/revista\\\/urbanismo\\\/sinaloa-desarrollo-sostenible\\\/\"},\"wordCount\":268,\"commentCount\":0,\"publisher\":{\"@id\":\"https:\\\/\\\/centrourbano.com\\\/revista\\\/#organization\"},\"image\":{\"@id\":\"https:\\\/\\\/centrourbano.com\\\/revista\\\/urbanismo\\\/sinaloa-desarrollo-sostenible\\\/#primaryimage\"},\"thumbnailUrl\":\"https:\\\/\\\/centrourbano.com\\\/revista\\\/wp-content\\\/uploads\\\/sinaloa-1.jpg\",\"keywords\":[\"desarrollo sostenible\",\"Nueva Agenda Urbana\",\"ONU-Habitat\",\"Sedesu\",\"Sinaloa\",\"visi\u00f3n territorial\"],\"articleSection\":[\"Urbanismo\"],\"inLanguage\":\"es\",\"potentialAction\":[{\"@type\":\"CommentAction\",\"name\":\"Comment\",\"target\":[\"https:\\\/\\\/centrourbano.com\\\/revista\\\/urbanismo\\\/sinaloa-desarrollo-sostenible\\\/#respond\"]}]},{\"@type\":\"WebPage\",\"@id\":\"https:\\\/\\\/centrourbano.com\\\/revista\\\/urbanismo\\\/sinaloa-desarrollo-sostenible\\\/\",\"url\":\"https:\\\/\\\/centrourbano.com\\\/revista\\\/urbanismo\\\/sinaloa-desarrollo-sostenible\\\/\",\"name\":\"Sinaloa busca lograr un desarrollo sostenible -\",\"isPartOf\":{\"@id\":\"https:\\\/\\\/centrourbano.com\\\/revista\\\/#website\"},\"primaryImageOfPage\":{\"@id\":\"https:\\\/\\\/centrourbano.com\\\/revista\\\/urbanismo\\\/sinaloa-desarrollo-sostenible\\\/#primaryimage\"},\"image\":{\"@id\":\"https:\\\/\\\/centrourbano.com\\\/revista\\\/urbanismo\\\/sinaloa-desarrollo-sostenible\\\/#primaryimage\"},\"thumbnailUrl\":\"https:\\\/\\\/centrourbano.com\\\/revista\\\/wp-content\\\/uploads\\\/sinaloa-1.jpg\",\"datePublished\":\"2017-11-15T21:02:37+00:00\",\"description\":\"A trav\u00e9s de un taller participativo se busca elaborar una visi\u00f3n territorial para el estado\",\"breadcrumb\":{\"@id\":\"https:\\\/\\\/centrourbano.com\\\/revista\\\/urbanismo\\\/sinaloa-desarrollo-sostenible\\\/#breadcrumb\"},\"inLanguage\":\"es\",\"potentialAction\":[{\"@type\":\"ReadAction\",\"target\":[\"https:\\\/\\\/centrourbano.com\\\/revista\\\/urbanismo\\\/sinaloa-desarrollo-sostenible\\\/\"]}]},{\"@type\":\"ImageObject\",\"inLanguage\":\"es\",\"@id\":\"https:\\\/\\\/centrourbano.com\\\/revista\\\/urbanismo\\\/sinaloa-desarrollo-sostenible\\\/#primaryimage\",\"url\":\"https:\\\/\\\/centrourbano.com\\\/revista\\\/wp-content\\\/uploads\\\/sinaloa-1.jpg\",\"contentUrl\":\"https:\\\/\\\/centrourbano.com\\\/revista\\\/wp-content\\\/uploads\\\/sinaloa-1.jpg\",\"width\":600,\"height\":297,\"caption\":\"A trav\u00e9s de un taller participativo se busca elaborar una visi\u00f3n territorial para el estado\"},{\"@type\":\"BreadcrumbList\",\"@id\":\"https:\\\/\\\/centrourbano.com\\\/revista\\\/urbanismo\\\/sinaloa-desarrollo-sostenible\\\/#breadcrumb\",\"itemListElement\":[{\"@type\":\"ListItem\",\"position\":1,\"name\":\"Portada\",\"item\":\"https:\\\/\\\/centrourbano.com\\\/revista\\\/\"},{\"@type\":\"ListItem\",\"position\":2,\"name\":\"Sinaloa busca lograr un desarrollo sostenible\"}]},{\"@type\":\"WebSite\",\"@id\":\"https:\\\/\\\/centrourbano.com\\\/revista\\\/#website\",\"url\":\"https:\\\/\\\/centrourbano.com\\\/revista\\\/\",\"name\":\"Centro Urbano\",\"description\":\"Medio especializado en los sectores vivienda, inmobiliario, construcci\u00f3n, arquitectura y urbanismo.\",\"publisher\":{\"@id\":\"https:\\\/\\\/centrourbano.com\\\/revista\\\/#organization\"},\"potentialAction\":[{\"@type\":\"SearchAction\",\"target\":{\"@type\":\"EntryPoint\",\"urlTemplate\":\"https:\\\/\\\/centrourbano.com\\\/revista\\\/?s={search_term_string}\"},\"query-input\":{\"@type\":\"PropertyValueSpecification\",\"valueRequired\":true,\"valueName\":\"search_term_string\"}}],\"inLanguage\":\"es\"},{\"@type\":\"Organization\",\"@id\":\"https:\\\/\\\/centrourbano.com\\\/revista\\\/#organization\",\"name\":\"Centro Urbano\",\"url\":\"https:\\\/\\\/centrourbano.com\\\/revista\\\/\",\"logo\":{\"@type\":\"ImageObject\",\"inLanguage\":\"es\",\"@id\":\"https:\\\/\\\/centrourbano.com\\\/revista\\\/#\\\/schema\\\/logo\\\/image\\\/\",\"url\":\"https:\\\/\\\/centrourbano.com\\\/revista\\\/wp-content\\\/uploads\\\/web_CU_logo-1.png\",\"contentUrl\":\"https:\\\/\\\/centrourbano.com\\\/revista\\\/wp-content\\\/uploads\\\/web_CU_logo-1.png\",\"width\":350,\"height\":91,\"caption\":\"Centro Urbano\"},\"image\":{\"@id\":\"https:\\\/\\\/centrourbano.com\\\/revista\\\/#\\\/schema\\\/logo\\\/image\\\/\"},\"sameAs\":[\"https:\\\/\\\/www.facebook.com\\\/portalcentrourbano\",\"https:\\\/\\\/x.com\\\/CentroUrbano\",\"https:\\\/\\\/www.instagram.com\\\/centro_urbano\\\/\",\"https:\\\/\\\/www.linkedin.com\\\/company\\\/centro-urbano\\\/\",\"http:\\\/\\\/www.youtube.com\\\/user\\\/portalcentrourbano\"]},{\"@type\":\"Person\",\"@id\":\"https:\\\/\\\/centrourbano.com\\\/revista\\\/#\\\/schema\\\/person\\\/db5aba19153b4dc77f48808c4c2e7027\",\"name\":\"Hanae Pacheco\",\"image\":{\"@type\":\"ImageObject\",\"inLanguage\":\"es\",\"@id\":\"https:\\\/\\\/secure.gravatar.com\\\/avatar\\\/85378918db488c7c72bd7acaea6909bbfd5df076ffaf5e56cf397f98ef67f72d?s=96&d=mm&r=g\",\"url\":\"https:\\\/\\\/secure.gravatar.com\\\/avatar\\\/85378918db488c7c72bd7acaea6909bbfd5df076ffaf5e56cf397f98ef67f72d?s=96&d=mm&r=g\",\"contentUrl\":\"https:\\\/\\\/secure.gravatar.com\\\/avatar\\\/85378918db488c7c72bd7acaea6909bbfd5df076ffaf5e56cf397f98ef67f72d?s=96&d=mm&r=g\",\"caption\":\"Hanae Pacheco\"},\"url\":\"https:\\\/\\\/centrourbano.com\\\/revista\\\/author\\\/hanae-pacheco\\\/\"}]}<\/script>\n<!-- \/ Yoast SEO plugin. -->","yoast_head_json":{"title":"Sinaloa busca lograr un desarrollo sostenible -","description":"A trav\u00e9s de un taller participativo se busca elaborar una visi\u00f3n territorial para el estado","robots":{"index":"index","follow":"follow","max-snippet":"max-snippet:-1","max-image-preview":"max-image-preview:large","max-video-preview":"max-video-preview:-1"},"canonical":"https:\/\/centrourbano.com\/revista\/urbanismo\/sinaloa-desarrollo-sostenible\/","og_locale":"es_ES","og_type":"article","og_title":"Sinaloa busca lograr un desarrollo sostenible -","og_description":"A trav\u00e9s de un taller participativo se busca elaborar una visi\u00f3n territorial para el estado","og_url":"https:\/\/centrourbano.com\/revista\/urbanismo\/sinaloa-desarrollo-sostenible\/","og_site_name":"Centro Urbano","article_publisher":"https:\/\/www.facebook.com\/portalcentrourbano","article_published_time":"2017-11-15T21:02:37+00:00","og_image":[{"width":600,"height":297,"url":"https:\/\/centrourbano.com\/revista\/wp-content\/uploads\/sinaloa-1.jpg","type":"image\/jpeg"}],"author":"Hanae Pacheco","twitter_card":"summary_large_image","twitter_creator":"@CentroUrbano","twitter_site":"@CentroUrbano","twitter_misc":{"Escrito por":"Hanae Pacheco","Tiempo de lectura":"1 minuto"},"schema":{"@context":"https:\/\/schema.org","@graph":[{"@type":"Article","@id":"https:\/\/centrourbano.com\/revista\/urbanismo\/sinaloa-desarrollo-sostenible\/#article","isPartOf":{"@id":"https:\/\/centrourbano.com\/revista\/urbanismo\/sinaloa-desarrollo-sostenible\/"},"author":{"name":"Hanae Pacheco","@id":"https:\/\/centrourbano.com\/revista\/#\/schema\/person\/db5aba19153b4dc77f48808c4c2e7027"},"headline":"Sinaloa busca lograr un desarrollo sostenible","datePublished":"2017-11-15T21:02:37+00:00","mainEntityOfPage":{"@id":"https:\/\/centrourbano.com\/revista\/urbanismo\/sinaloa-desarrollo-sostenible\/"},"wordCount":268,"commentCount":0,"publisher":{"@id":"https:\/\/centrourbano.com\/revista\/#organization"},"image":{"@id":"https:\/\/centrourbano.com\/revista\/urbanismo\/sinaloa-desarrollo-sostenible\/#primaryimage"},"thumbnailUrl":"https:\/\/centrourbano.com\/revista\/wp-content\/uploads\/sinaloa-1.jpg","keywords":["desarrollo sostenible","Nueva Agenda Urbana","ONU-Habitat","Sedesu","Sinaloa","visi\u00f3n territorial"],"articleSection":["Urbanismo"],"inLanguage":"es","potentialAction":[{"@type":"CommentAction","name":"Comment","target":["https:\/\/centrourbano.com\/revista\/urbanismo\/sinaloa-desarrollo-sostenible\/#respond"]}]},{"@type":"WebPage","@id":"https:\/\/centrourbano.com\/revista\/urbanismo\/sinaloa-desarrollo-sostenible\/","url":"https:\/\/centrourbano.com\/revista\/urbanismo\/sinaloa-desarrollo-sostenible\/","name":"Sinaloa busca lograr un desarrollo sostenible -","isPartOf":{"@id":"https:\/\/centrourbano.com\/revista\/#website"},"primaryImageOfPage":{"@id":"https:\/\/centrourbano.com\/revista\/urbanismo\/sinaloa-desarrollo-sostenible\/#primaryimage"},"image":{"@id":"https:\/\/centrourbano.com\/revista\/urbanismo\/sinaloa-desarrollo-sostenible\/#primaryimage"},"thumbnailUrl":"https:\/\/centrourbano.com\/revista\/wp-content\/uploads\/sinaloa-1.jpg","datePublished":"2017-11-15T21:02:37+00:00","description":"A trav\u00e9s de un taller participativo se busca elaborar una visi\u00f3n territorial para el estado","breadcrumb":{"@id":"https:\/\/centrourbano.com\/revista\/urbanismo\/sinaloa-desarrollo-sostenible\/#breadcrumb"},"inLanguage":"es","potentialAction":[{"@type":"ReadAction","target":["https:\/\/centrourbano.com\/revista\/urbanismo\/sinaloa-desarrollo-sostenible\/"]}]},{"@type":"ImageObject","inLanguage":"es","@id":"https:\/\/centrourbano.com\/revista\/urbanismo\/sinaloa-desarrollo-sostenible\/#primaryimage","url":"https:\/\/centrourbano.com\/revista\/wp-content\/uploads\/sinaloa-1.jpg","contentUrl":"https:\/\/centrourbano.com\/revista\/wp-content\/uploads\/sinaloa-1.jpg","width":600,"height":297,"caption":"A trav\u00e9s de un taller participativo se busca elaborar una visi\u00f3n territorial para el estado"},{"@type":"BreadcrumbList","@id":"https:\/\/centrourbano.com\/revista\/urbanismo\/sinaloa-desarrollo-sostenible\/#breadcrumb","itemListElement":[{"@type":"ListItem","position":1,"name":"Portada","item":"https:\/\/centrourbano.com\/revista\/"},{"@type":"ListItem","position":2,"name":"Sinaloa busca lograr un desarrollo sostenible"}]},{"@type":"WebSite","@id":"https:\/\/centrourbano.com\/revista\/#website","url":"https:\/\/centrourbano.com\/revista\/","name":"Centro Urbano","description":"Medio especializado en los sectores vivienda, inmobiliario, construcci\u00f3n, arquitectura y urbanismo.","publisher":{"@id":"https:\/\/centrourbano.com\/revista\/#organization"},"potentialAction":[{"@type":"SearchAction","target":{"@type":"EntryPoint","urlTemplate":"https:\/\/centrourbano.com\/revista\/?s={search_term_string}"},"query-input":{"@type":"PropertyValueSpecification","valueRequired":true,"valueName":"search_term_string"}}],"inLanguage":"es"},{"@type":"Organization","@id":"https:\/\/centrourbano.com\/revista\/#organization","name":"Centro Urbano","url":"https:\/\/centrourbano.com\/revista\/","logo":{"@type":"ImageObject","inLanguage":"es","@id":"https:\/\/centrourbano.com\/revista\/#\/schema\/logo\/image\/","url":"https:\/\/centrourbano.com\/revista\/wp-content\/uploads\/web_CU_logo-1.png","contentUrl":"https:\/\/centrourbano.com\/revista\/wp-content\/uploads\/web_CU_logo-1.png","width":350,"height":91,"caption":"Centro Urbano"},"image":{"@id":"https:\/\/centrourbano.com\/revista\/#\/schema\/logo\/image\/"},"sameAs":["https:\/\/www.facebook.com\/portalcentrourbano","https:\/\/x.com\/CentroUrbano","https:\/\/www.instagram.com\/centro_urbano\/","https:\/\/www.linkedin.com\/company\/centro-urbano\/","http:\/\/www.youtube.com\/user\/portalcentrourbano"]},{"@type":"Person","@id":"https:\/\/centrourbano.com\/revista\/#\/schema\/person\/db5aba19153b4dc77f48808c4c2e7027","name":"Hanae Pacheco","image":{"@type":"ImageObject","inLanguage":"es","@id":"https:\/\/secure.gravatar.com\/avatar\/85378918db488c7c72bd7acaea6909bbfd5df076ffaf5e56cf397f98ef67f72d?s=96&d=mm&r=g","url":"https:\/\/secure.gravatar.com\/avatar\/85378918db488c7c72bd7acaea6909bbfd5df076ffaf5e56cf397f98ef67f72d?s=96&d=mm&r=g","contentUrl":"https:\/\/secure.gravatar.com\/avatar\/85378918db488c7c72bd7acaea6909bbfd5df076ffaf5e56cf397f98ef67f72d?s=96&d=mm&r=g","caption":"Hanae Pacheco"},"url":"https:\/\/centrourbano.com\/revista\/author\/hanae-pacheco\/"}]}},"_links":{"self":[{"href":"https:\/\/centrourbano.com\/revista\/wp-json\/wp\/v2\/posts\/62650","targetHints":{"allow":["GET"]}}],"collection":[{"href":"https:\/\/centrourbano.com\/revista\/wp-json\/wp\/v2\/posts"}],"about":[{"href":"https:\/\/centrourbano.com\/revista\/wp-json\/wp\/v2\/types\/post"}],"author":[{"embeddable":true,"href":"https:\/\/centrourbano.com\/revista\/wp-json\/wp\/v2\/users\/45"}],"replies":[{"embeddable":true,"href":"https:\/\/centrourbano.com\/revista\/wp-json\/wp\/v2\/comments?post=62650"}],"version-history":[{"count":1,"href":"https:\/\/centrourbano.com\/revista\/wp-json\/wp\/v2\/posts\/62650\/revisions"}],"predecessor-version":[{"id":62652,"href":"https:\/\/centrourbano.com\/revista\/wp-json\/wp\/v2\/posts\/62650\/revisions\/62652"}],"wp:featuredmedia":[{"embeddable":true,"href":"https:\/\/centrourbano.com\/revista\/wp-json\/wp\/v2\/media\/62651"}],"wp:attachment":[{"href":"https:\/\/centrourbano.com\/revista\/wp-json\/wp\/v2\/media?parent=62650"}],"wp:term":[{"taxonomy":"category","embeddable":true,"href":"https:\/\/centrourbano.com\/revista\/wp-json\/wp\/v2\/categories?post=62650"},{"taxonomy":"post_tag","embeddable":true,"href":"https:\/\/centrourbano.com\/revista\/wp-json\/wp\/v2\/tags?post=62650"}],"curies":[{"name":"wp","href":"https:\/\/api.w.org\/{rel}","templated":true}]}}