{"id":62566,"date":"2017-11-13T18:21:15","date_gmt":"2017-11-14T00:21:15","guid":{"rendered":"https:\/\/centrourbano.com\/?p=62566"},"modified":"2017-11-13T18:21:15","modified_gmt":"2017-11-14T00:21:15","slug":"eficiencia-energetica-edificios-cdmx","status":"publish","type":"post","link":"https:\/\/centrourbano.com\/revista\/urbanismo\/eficiencia-energetica-edificios-cdmx\/","title":{"rendered":"Inicia proyecto de eficiencia energ\u00e9tica en edificios de la CDMX"},"content":{"rendered":"<p><em>Permitir\u00e1 reducir el consumo de electricidad e impulsar las pol\u00edticas p\u00fablicas\u00a0ambientales<!--more--><\/em><\/p>\n<p>&nbsp;<\/p>\n<p>Ha iniciado ya el proyecto \u2018Reconversi\u00f3n energ\u00e9tica en cuatro edificios p\u00fablicos en la Ciudad de M\u00e9xico\u2019, con el cual, el gobierno de la Ciudad de M\u00e9xico busca modernizar equipos de alto consumo de electricidad, en especial de los sistemas de iluminaci\u00f3n y c\u00f3mputo, instalaci\u00f3n de temporizadores y sensores de presencia con el fin de utilizar la energ\u00eda solo cuando sea necesario.<\/p>\n<p>&nbsp;<\/p>\n<p>El programa forma parte del Sistema de Administraci\u00f3n Ambiental de la Secretar\u00eda del Medio Ambiente (Sedema) y de la implementaci\u00f3n de acciones inteligentes en materia de eficiencia energ\u00e9tica, lo que permitir\u00e1 tambi\u00e9n disminuir gastos por el suministro del servicio.<\/p>\n<p>&nbsp;<\/p>\n<p>Los equipos que ser\u00e1n sustituidos fueron identificados durante la elaboraci\u00f3n de cuatro diagn\u00f3sticos realizados en los edificios Proyecto Metro, Secretar\u00eda de Finanzas (Sefin), sede del Gobierno CDMX en Plaza de la Constituci\u00f3n No. 1, y algunas oficinas de la Sedema al interior del Bosque de Chapultepec, inmuebles contemplados en este proyecto.<\/p>\n<p>&nbsp;<\/p>\n<p>De igual forma, busca impulsar el dise\u00f1o, aplicaci\u00f3n y fortalecimiento de pol\u00edticas p\u00fablicas ambientales para contribuir al cumplimiento de los compromisos locales y nacionales adquiridos por el gobierno de la CDMX en la materia.<\/p>\n<p>&nbsp;<\/p>\n<p>Durante la Cumbre sobre el Clima de las Naciones Unidas en 2014, la capital del pa\u00eds fue una de las cinco ciudades globales en comprometerse a participar en el Acelerador de Eficiencia Energ\u00e9tica en Edificaciones, el cual busca duplicar el \u00edndice de mejora en el uso eficiente de energ\u00eda de los edificios para el a\u00f1o 2030.<\/p>\n<p>&nbsp;<\/p>\n","protected":false},"excerpt":{"rendered":"<p>Permitir\u00e1 reducir el consumo de electricidad e impulsar las pol\u00edticas p\u00fablicas\u00a0ambientales<\/p>\n","protected":false},"author":45,"featured_media":61396,"comment_status":"open","ping_status":"closed","sticky":false,"template":"","format":"standard","meta":{"om_disable_all_campaigns":false,"inline_featured_image":false,"_monsterinsights_skip_tracking":false,"_monsterinsights_sitenote_active":false,"_monsterinsights_sitenote_note":"","_monsterinsights_sitenote_category":0,"footnotes":""},"categories":[82],"tags":[606,290,6636,2020,167],"class_list":["post-62566","post","type-post","status-publish","format-standard","has-post-thumbnail","hentry","category-urbanismo","tag-cdmx","tag-ciudad-de-mexico","tag-eficiencia-energetica","tag-secretaria-del-medio-ambiente","tag-sedema"],"yoast_head":"<!-- This site is optimized with the Yoast SEO plugin v27.4 - https:\/\/yoast.com\/product\/yoast-seo-wordpress\/ -->\n<title>Inicia proyecto de eficiencia energ\u00e9tica en edificios de la CDMX -<\/title>\n<meta name=\"description\" content=\"Permitir\u00e1 reducir el consumo de electricidad e impulsar las pol\u00edticas p\u00fablicas ambientales\" \/>\n<meta name=\"robots\" content=\"index, follow, max-snippet:-1, max-image-preview:large, max-video-preview:-1\" \/>\n<link rel=\"canonical\" href=\"https:\/\/centrourbano.com\/revista\/urbanismo\/eficiencia-energetica-edificios-cdmx\/\" \/>\n<meta property=\"og:locale\" content=\"es_ES\" \/>\n<meta property=\"og:type\" content=\"article\" \/>\n<meta property=\"og:title\" content=\"Inicia proyecto de eficiencia energ\u00e9tica en edificios de la CDMX -\" \/>\n<meta property=\"og:description\" content=\"Permitir\u00e1 reducir el consumo de electricidad e impulsar las pol\u00edticas p\u00fablicas ambientales\" \/>\n<meta property=\"og:url\" content=\"https:\/\/centrourbano.com\/revista\/urbanismo\/eficiencia-energetica-edificios-cdmx\/\" \/>\n<meta property=\"og:site_name\" content=\"Centro Urbano\" \/>\n<meta property=\"article:publisher\" content=\"https:\/\/www.facebook.com\/portalcentrourbano\" \/>\n<meta property=\"article:published_time\" content=\"2017-11-14T00:21:15+00:00\" \/>\n<meta property=\"og:image\" content=\"https:\/\/centrourbano.com\/revista\/wp-content\/uploads\/cdmx-1-735x400-1.jpg\" \/>\n\t<meta property=\"og:image:width\" content=\"735\" \/>\n\t<meta property=\"og:image:height\" content=\"400\" \/>\n\t<meta property=\"og:image:type\" content=\"image\/jpeg\" \/>\n<meta name=\"author\" content=\"Hanae Pacheco\" \/>\n<meta name=\"twitter:card\" content=\"summary_large_image\" \/>\n<meta name=\"twitter:creator\" content=\"@CentroUrbano\" \/>\n<meta name=\"twitter:site\" content=\"@CentroUrbano\" \/>\n<meta name=\"twitter:label1\" content=\"Escrito por\" \/>\n\t<meta name=\"twitter:data1\" content=\"Hanae Pacheco\" \/>\n\t<meta name=\"twitter:label2\" content=\"Tiempo de lectura\" \/>\n\t<meta name=\"twitter:data2\" content=\"1 minuto\" \/>\n<script type=\"application\/ld+json\" class=\"yoast-schema-graph\">{\"@context\":\"https:\\\/\\\/schema.org\",\"@graph\":[{\"@type\":\"Article\",\"@id\":\"https:\\\/\\\/centrourbano.com\\\/revista\\\/urbanismo\\\/eficiencia-energetica-edificios-cdmx\\\/#article\",\"isPartOf\":{\"@id\":\"https:\\\/\\\/centrourbano.com\\\/revista\\\/urbanismo\\\/eficiencia-energetica-edificios-cdmx\\\/\"},\"author\":{\"name\":\"Hanae Pacheco\",\"@id\":\"https:\\\/\\\/centrourbano.com\\\/revista\\\/#\\\/schema\\\/person\\\/db5aba19153b4dc77f48808c4c2e7027\"},\"headline\":\"Inicia proyecto de eficiencia energ\u00e9tica en edificios de la CDMX\",\"datePublished\":\"2017-11-14T00:21:15+00:00\",\"mainEntityOfPage\":{\"@id\":\"https:\\\/\\\/centrourbano.com\\\/revista\\\/urbanismo\\\/eficiencia-energetica-edificios-cdmx\\\/\"},\"wordCount\":296,\"commentCount\":0,\"publisher\":{\"@id\":\"https:\\\/\\\/centrourbano.com\\\/revista\\\/#organization\"},\"image\":{\"@id\":\"https:\\\/\\\/centrourbano.com\\\/revista\\\/urbanismo\\\/eficiencia-energetica-edificios-cdmx\\\/#primaryimage\"},\"thumbnailUrl\":\"https:\\\/\\\/centrourbano.com\\\/revista\\\/wp-content\\\/uploads\\\/cdmx-1-735x400-1.jpg\",\"keywords\":[\"CDMX\",\"ciudad de M\u00e9xico\",\"eficiencia energ\u00e9tica\",\"Secretar\u00eda del Medio Ambiente\",\"Sedema\"],\"articleSection\":[\"Urbanismo\"],\"inLanguage\":\"es\",\"potentialAction\":[{\"@type\":\"CommentAction\",\"name\":\"Comment\",\"target\":[\"https:\\\/\\\/centrourbano.com\\\/revista\\\/urbanismo\\\/eficiencia-energetica-edificios-cdmx\\\/#respond\"]}]},{\"@type\":\"WebPage\",\"@id\":\"https:\\\/\\\/centrourbano.com\\\/revista\\\/urbanismo\\\/eficiencia-energetica-edificios-cdmx\\\/\",\"url\":\"https:\\\/\\\/centrourbano.com\\\/revista\\\/urbanismo\\\/eficiencia-energetica-edificios-cdmx\\\/\",\"name\":\"Inicia proyecto de eficiencia energ\u00e9tica en edificios de la CDMX -\",\"isPartOf\":{\"@id\":\"https:\\\/\\\/centrourbano.com\\\/revista\\\/#website\"},\"primaryImageOfPage\":{\"@id\":\"https:\\\/\\\/centrourbano.com\\\/revista\\\/urbanismo\\\/eficiencia-energetica-edificios-cdmx\\\/#primaryimage\"},\"image\":{\"@id\":\"https:\\\/\\\/centrourbano.com\\\/revista\\\/urbanismo\\\/eficiencia-energetica-edificios-cdmx\\\/#primaryimage\"},\"thumbnailUrl\":\"https:\\\/\\\/centrourbano.com\\\/revista\\\/wp-content\\\/uploads\\\/cdmx-1-735x400-1.jpg\",\"datePublished\":\"2017-11-14T00:21:15+00:00\",\"description\":\"Permitir\u00e1 reducir el consumo de electricidad e impulsar las pol\u00edticas p\u00fablicas ambientales\",\"breadcrumb\":{\"@id\":\"https:\\\/\\\/centrourbano.com\\\/revista\\\/urbanismo\\\/eficiencia-energetica-edificios-cdmx\\\/#breadcrumb\"},\"inLanguage\":\"es\",\"potentialAction\":[{\"@type\":\"ReadAction\",\"target\":[\"https:\\\/\\\/centrourbano.com\\\/revista\\\/urbanismo\\\/eficiencia-energetica-edificios-cdmx\\\/\"]}]},{\"@type\":\"ImageObject\",\"inLanguage\":\"es\",\"@id\":\"https:\\\/\\\/centrourbano.com\\\/revista\\\/urbanismo\\\/eficiencia-energetica-edificios-cdmx\\\/#primaryimage\",\"url\":\"https:\\\/\\\/centrourbano.com\\\/revista\\\/wp-content\\\/uploads\\\/cdmx-1-735x400-1.jpg\",\"contentUrl\":\"https:\\\/\\\/centrourbano.com\\\/revista\\\/wp-content\\\/uploads\\\/cdmx-1-735x400-1.jpg\",\"width\":735,\"height\":400,\"caption\":\"La urbanizaci\u00f3n sin control destruye la viabilidad de los servicios ecosist\u00e9micos, fundamentales para una mejor calidad de vida de las ciudades\"},{\"@type\":\"BreadcrumbList\",\"@id\":\"https:\\\/\\\/centrourbano.com\\\/revista\\\/urbanismo\\\/eficiencia-energetica-edificios-cdmx\\\/#breadcrumb\",\"itemListElement\":[{\"@type\":\"ListItem\",\"position\":1,\"name\":\"Portada\",\"item\":\"https:\\\/\\\/centrourbano.com\\\/revista\\\/\"},{\"@type\":\"ListItem\",\"position\":2,\"name\":\"Inicia proyecto de eficiencia energ\u00e9tica en edificios de la CDMX\"}]},{\"@type\":\"WebSite\",\"@id\":\"https:\\\/\\\/centrourbano.com\\\/revista\\\/#website\",\"url\":\"https:\\\/\\\/centrourbano.com\\\/revista\\\/\",\"name\":\"Centro Urbano\",\"description\":\"Medio especializado en los sectores vivienda, inmobiliario, construcci\u00f3n, arquitectura y urbanismo.\",\"publisher\":{\"@id\":\"https:\\\/\\\/centrourbano.com\\\/revista\\\/#organization\"},\"potentialAction\":[{\"@type\":\"SearchAction\",\"target\":{\"@type\":\"EntryPoint\",\"urlTemplate\":\"https:\\\/\\\/centrourbano.com\\\/revista\\\/?s={search_term_string}\"},\"query-input\":{\"@type\":\"PropertyValueSpecification\",\"valueRequired\":true,\"valueName\":\"search_term_string\"}}],\"inLanguage\":\"es\"},{\"@type\":\"Organization\",\"@id\":\"https:\\\/\\\/centrourbano.com\\\/revista\\\/#organization\",\"name\":\"Centro Urbano\",\"url\":\"https:\\\/\\\/centrourbano.com\\\/revista\\\/\",\"logo\":{\"@type\":\"ImageObject\",\"inLanguage\":\"es\",\"@id\":\"https:\\\/\\\/centrourbano.com\\\/revista\\\/#\\\/schema\\\/logo\\\/image\\\/\",\"url\":\"https:\\\/\\\/centrourbano.com\\\/revista\\\/wp-content\\\/uploads\\\/web_CU_logo-1.png\",\"contentUrl\":\"https:\\\/\\\/centrourbano.com\\\/revista\\\/wp-content\\\/uploads\\\/web_CU_logo-1.png\",\"width\":350,\"height\":91,\"caption\":\"Centro Urbano\"},\"image\":{\"@id\":\"https:\\\/\\\/centrourbano.com\\\/revista\\\/#\\\/schema\\\/logo\\\/image\\\/\"},\"sameAs\":[\"https:\\\/\\\/www.facebook.com\\\/portalcentrourbano\",\"https:\\\/\\\/x.com\\\/CentroUrbano\",\"https:\\\/\\\/www.instagram.com\\\/centro_urbano\\\/\",\"https:\\\/\\\/www.linkedin.com\\\/company\\\/centro-urbano\\\/\",\"http:\\\/\\\/www.youtube.com\\\/user\\\/portalcentrourbano\"]},{\"@type\":\"Person\",\"@id\":\"https:\\\/\\\/centrourbano.com\\\/revista\\\/#\\\/schema\\\/person\\\/db5aba19153b4dc77f48808c4c2e7027\",\"name\":\"Hanae Pacheco\",\"image\":{\"@type\":\"ImageObject\",\"inLanguage\":\"es\",\"@id\":\"https:\\\/\\\/secure.gravatar.com\\\/avatar\\\/85378918db488c7c72bd7acaea6909bbfd5df076ffaf5e56cf397f98ef67f72d?s=96&d=mm&r=g\",\"url\":\"https:\\\/\\\/secure.gravatar.com\\\/avatar\\\/85378918db488c7c72bd7acaea6909bbfd5df076ffaf5e56cf397f98ef67f72d?s=96&d=mm&r=g\",\"contentUrl\":\"https:\\\/\\\/secure.gravatar.com\\\/avatar\\\/85378918db488c7c72bd7acaea6909bbfd5df076ffaf5e56cf397f98ef67f72d?s=96&d=mm&r=g\",\"caption\":\"Hanae Pacheco\"},\"url\":\"https:\\\/\\\/centrourbano.com\\\/revista\\\/author\\\/hanae-pacheco\\\/\"}]}<\/script>\n<!-- \/ Yoast SEO plugin. -->","yoast_head_json":{"title":"Inicia proyecto de eficiencia energ\u00e9tica en edificios de la CDMX -","description":"Permitir\u00e1 reducir el consumo de electricidad e impulsar las pol\u00edticas p\u00fablicas ambientales","robots":{"index":"index","follow":"follow","max-snippet":"max-snippet:-1","max-image-preview":"max-image-preview:large","max-video-preview":"max-video-preview:-1"},"canonical":"https:\/\/centrourbano.com\/revista\/urbanismo\/eficiencia-energetica-edificios-cdmx\/","og_locale":"es_ES","og_type":"article","og_title":"Inicia proyecto de eficiencia energ\u00e9tica en edificios de la CDMX -","og_description":"Permitir\u00e1 reducir el consumo de electricidad e impulsar las pol\u00edticas p\u00fablicas ambientales","og_url":"https:\/\/centrourbano.com\/revista\/urbanismo\/eficiencia-energetica-edificios-cdmx\/","og_site_name":"Centro Urbano","article_publisher":"https:\/\/www.facebook.com\/portalcentrourbano","article_published_time":"2017-11-14T00:21:15+00:00","og_image":[{"width":735,"height":400,"url":"https:\/\/centrourbano.com\/revista\/wp-content\/uploads\/cdmx-1-735x400-1.jpg","type":"image\/jpeg"}],"author":"Hanae Pacheco","twitter_card":"summary_large_image","twitter_creator":"@CentroUrbano","twitter_site":"@CentroUrbano","twitter_misc":{"Escrito por":"Hanae Pacheco","Tiempo de lectura":"1 minuto"},"schema":{"@context":"https:\/\/schema.org","@graph":[{"@type":"Article","@id":"https:\/\/centrourbano.com\/revista\/urbanismo\/eficiencia-energetica-edificios-cdmx\/#article","isPartOf":{"@id":"https:\/\/centrourbano.com\/revista\/urbanismo\/eficiencia-energetica-edificios-cdmx\/"},"author":{"name":"Hanae Pacheco","@id":"https:\/\/centrourbano.com\/revista\/#\/schema\/person\/db5aba19153b4dc77f48808c4c2e7027"},"headline":"Inicia proyecto de eficiencia energ\u00e9tica en edificios de la CDMX","datePublished":"2017-11-14T00:21:15+00:00","mainEntityOfPage":{"@id":"https:\/\/centrourbano.com\/revista\/urbanismo\/eficiencia-energetica-edificios-cdmx\/"},"wordCount":296,"commentCount":0,"publisher":{"@id":"https:\/\/centrourbano.com\/revista\/#organization"},"image":{"@id":"https:\/\/centrourbano.com\/revista\/urbanismo\/eficiencia-energetica-edificios-cdmx\/#primaryimage"},"thumbnailUrl":"https:\/\/centrourbano.com\/revista\/wp-content\/uploads\/cdmx-1-735x400-1.jpg","keywords":["CDMX","ciudad de M\u00e9xico","eficiencia energ\u00e9tica","Secretar\u00eda del Medio Ambiente","Sedema"],"articleSection":["Urbanismo"],"inLanguage":"es","potentialAction":[{"@type":"CommentAction","name":"Comment","target":["https:\/\/centrourbano.com\/revista\/urbanismo\/eficiencia-energetica-edificios-cdmx\/#respond"]}]},{"@type":"WebPage","@id":"https:\/\/centrourbano.com\/revista\/urbanismo\/eficiencia-energetica-edificios-cdmx\/","url":"https:\/\/centrourbano.com\/revista\/urbanismo\/eficiencia-energetica-edificios-cdmx\/","name":"Inicia proyecto de eficiencia energ\u00e9tica en edificios de la CDMX -","isPartOf":{"@id":"https:\/\/centrourbano.com\/revista\/#website"},"primaryImageOfPage":{"@id":"https:\/\/centrourbano.com\/revista\/urbanismo\/eficiencia-energetica-edificios-cdmx\/#primaryimage"},"image":{"@id":"https:\/\/centrourbano.com\/revista\/urbanismo\/eficiencia-energetica-edificios-cdmx\/#primaryimage"},"thumbnailUrl":"https:\/\/centrourbano.com\/revista\/wp-content\/uploads\/cdmx-1-735x400-1.jpg","datePublished":"2017-11-14T00:21:15+00:00","description":"Permitir\u00e1 reducir el consumo de electricidad e impulsar las pol\u00edticas p\u00fablicas ambientales","breadcrumb":{"@id":"https:\/\/centrourbano.com\/revista\/urbanismo\/eficiencia-energetica-edificios-cdmx\/#breadcrumb"},"inLanguage":"es","potentialAction":[{"@type":"ReadAction","target":["https:\/\/centrourbano.com\/revista\/urbanismo\/eficiencia-energetica-edificios-cdmx\/"]}]},{"@type":"ImageObject","inLanguage":"es","@id":"https:\/\/centrourbano.com\/revista\/urbanismo\/eficiencia-energetica-edificios-cdmx\/#primaryimage","url":"https:\/\/centrourbano.com\/revista\/wp-content\/uploads\/cdmx-1-735x400-1.jpg","contentUrl":"https:\/\/centrourbano.com\/revista\/wp-content\/uploads\/cdmx-1-735x400-1.jpg","width":735,"height":400,"caption":"La urbanizaci\u00f3n sin control destruye la viabilidad de los servicios ecosist\u00e9micos, fundamentales para una mejor calidad de vida de las ciudades"},{"@type":"BreadcrumbList","@id":"https:\/\/centrourbano.com\/revista\/urbanismo\/eficiencia-energetica-edificios-cdmx\/#breadcrumb","itemListElement":[{"@type":"ListItem","position":1,"name":"Portada","item":"https:\/\/centrourbano.com\/revista\/"},{"@type":"ListItem","position":2,"name":"Inicia proyecto de eficiencia energ\u00e9tica en edificios de la CDMX"}]},{"@type":"WebSite","@id":"https:\/\/centrourbano.com\/revista\/#website","url":"https:\/\/centrourbano.com\/revista\/","name":"Centro Urbano","description":"Medio especializado en los sectores vivienda, inmobiliario, construcci\u00f3n, arquitectura y urbanismo.","publisher":{"@id":"https:\/\/centrourbano.com\/revista\/#organization"},"potentialAction":[{"@type":"SearchAction","target":{"@type":"EntryPoint","urlTemplate":"https:\/\/centrourbano.com\/revista\/?s={search_term_string}"},"query-input":{"@type":"PropertyValueSpecification","valueRequired":true,"valueName":"search_term_string"}}],"inLanguage":"es"},{"@type":"Organization","@id":"https:\/\/centrourbano.com\/revista\/#organization","name":"Centro Urbano","url":"https:\/\/centrourbano.com\/revista\/","logo":{"@type":"ImageObject","inLanguage":"es","@id":"https:\/\/centrourbano.com\/revista\/#\/schema\/logo\/image\/","url":"https:\/\/centrourbano.com\/revista\/wp-content\/uploads\/web_CU_logo-1.png","contentUrl":"https:\/\/centrourbano.com\/revista\/wp-content\/uploads\/web_CU_logo-1.png","width":350,"height":91,"caption":"Centro Urbano"},"image":{"@id":"https:\/\/centrourbano.com\/revista\/#\/schema\/logo\/image\/"},"sameAs":["https:\/\/www.facebook.com\/portalcentrourbano","https:\/\/x.com\/CentroUrbano","https:\/\/www.instagram.com\/centro_urbano\/","https:\/\/www.linkedin.com\/company\/centro-urbano\/","http:\/\/www.youtube.com\/user\/portalcentrourbano"]},{"@type":"Person","@id":"https:\/\/centrourbano.com\/revista\/#\/schema\/person\/db5aba19153b4dc77f48808c4c2e7027","name":"Hanae Pacheco","image":{"@type":"ImageObject","inLanguage":"es","@id":"https:\/\/secure.gravatar.com\/avatar\/85378918db488c7c72bd7acaea6909bbfd5df076ffaf5e56cf397f98ef67f72d?s=96&d=mm&r=g","url":"https:\/\/secure.gravatar.com\/avatar\/85378918db488c7c72bd7acaea6909bbfd5df076ffaf5e56cf397f98ef67f72d?s=96&d=mm&r=g","contentUrl":"https:\/\/secure.gravatar.com\/avatar\/85378918db488c7c72bd7acaea6909bbfd5df076ffaf5e56cf397f98ef67f72d?s=96&d=mm&r=g","caption":"Hanae Pacheco"},"url":"https:\/\/centrourbano.com\/revista\/author\/hanae-pacheco\/"}]}},"_links":{"self":[{"href":"https:\/\/centrourbano.com\/revista\/wp-json\/wp\/v2\/posts\/62566","targetHints":{"allow":["GET"]}}],"collection":[{"href":"https:\/\/centrourbano.com\/revista\/wp-json\/wp\/v2\/posts"}],"about":[{"href":"https:\/\/centrourbano.com\/revista\/wp-json\/wp\/v2\/types\/post"}],"author":[{"embeddable":true,"href":"https:\/\/centrourbano.com\/revista\/wp-json\/wp\/v2\/users\/45"}],"replies":[{"embeddable":true,"href":"https:\/\/centrourbano.com\/revista\/wp-json\/wp\/v2\/comments?post=62566"}],"version-history":[{"count":1,"href":"https:\/\/centrourbano.com\/revista\/wp-json\/wp\/v2\/posts\/62566\/revisions"}],"predecessor-version":[{"id":62567,"href":"https:\/\/centrourbano.com\/revista\/wp-json\/wp\/v2\/posts\/62566\/revisions\/62567"}],"wp:featuredmedia":[{"embeddable":true,"href":"https:\/\/centrourbano.com\/revista\/wp-json\/wp\/v2\/media\/61396"}],"wp:attachment":[{"href":"https:\/\/centrourbano.com\/revista\/wp-json\/wp\/v2\/media?parent=62566"}],"wp:term":[{"taxonomy":"category","embeddable":true,"href":"https:\/\/centrourbano.com\/revista\/wp-json\/wp\/v2\/categories?post=62566"},{"taxonomy":"post_tag","embeddable":true,"href":"https:\/\/centrourbano.com\/revista\/wp-json\/wp\/v2\/tags?post=62566"}],"curies":[{"name":"wp","href":"https:\/\/api.w.org\/{rel}","templated":true}]}}