{"id":62500,"date":"2017-11-10T15:40:51","date_gmt":"2017-11-10T21:40:51","guid":{"rendered":"https:\/\/centrourbano.com\/?p=62500"},"modified":"2017-11-10T15:42:47","modified_gmt":"2017-11-10T21:42:47","slug":"entregan-apoyos-para-reconstruccion-de-vivienda-en-cdmx","status":"publish","type":"post","link":"https:\/\/centrourbano.com\/revista\/vivienda\/entregan-apoyos-para-reconstruccion-de-vivienda-en-cdmx\/","title":{"rendered":"Entregan apoyos para reconstrucci\u00f3n de vivienda en CDMX"},"content":{"rendered":"<p><em>Las acciones representan una inversi\u00f3n de 1 mill\u00f3n 885,250 pesos <\/em><!--more--><\/p>\n<p>El gobierno de la Ciudad de M\u00e9xico entreg\u00f3 los primeros apoyos para la reconstrucci\u00f3n de vivienda tras el sismo del pasado 19 de septiembre. Se trata de 16 cr\u00e9ditos que representan una inversi\u00f3n de 1 mill\u00f3n 885,250 pesos y que beneficiar\u00e1n a familias de las delegaciones Xochimilco, Iztapalapa y Benito Ju\u00e1rez.<\/p>\n<p>De acuerdo con el jefe de Gobierno capitalino, Miguel \u00c1ngel Mancera, los apoyos consisten en cr\u00e9ditos para la reparaci\u00f3n de viviendas que oscilan entre los 71,000 y los 133,000 pesos. De las 16 acciones, 14 son para predios de la delegaci\u00f3n Xochimilco, uno para Iztapala, y otro m\u00e1s para Benito Ju\u00e1rez. <\/p>\n<p>Mancera Espinosa a\u00f1adi\u00f3 que a trav\u00e9s del INVI se han enviado cuadrillas de arquitectos a localidades da\u00f1adas, con el fin de evaluar los inmuebles y orientar a los propietarios sobre las necesidades en materia de reparaci\u00f3n. <\/p>\n<p>El Jefe de Gobierno se\u00f1al\u00f3 que adem\u00e1s de atender a las familias en materia de vivienda, se han iniciado labores en el rubro econ\u00f3mico. Dijo que el compromiso de la administraci\u00f3n es transparentar el uso de los recursos. <\/p>\n","protected":false},"excerpt":{"rendered":"<p>Las acciones representan una inversi\u00f3n de 1 mill\u00f3n 885,250 pesos<\/p>\n","protected":false},"author":47,"featured_media":62502,"comment_status":"open","ping_status":"closed","sticky":false,"template":"","format":"standard","meta":{"om_disable_all_campaigns":false,"inline_featured_image":false,"_monsterinsights_skip_tracking":false,"_monsterinsights_sitenote_active":false,"_monsterinsights_sitenote_note":"","_monsterinsights_sitenote_category":0,"footnotes":""},"categories":[12],"tags":[290,642,605,11871,60],"class_list":["post-62500","post","type-post","status-publish","format-standard","has-post-thumbnail","hentry","category-vivienda","tag-ciudad-de-mexico","tag-creditos","tag-miguel-angel-mancera-espinosa","tag-reconstruccion-vivienda","tag-vivienda-2"],"yoast_head":"<!-- This site is optimized with the Yoast SEO plugin v27.4 - https:\/\/yoast.com\/product\/yoast-seo-wordpress\/ -->\n<title>Entregan apoyos para reconstrucci\u00f3n de vivienda en CDMX -<\/title>\n<meta name=\"description\" content=\"El gobierno de la Ciudad de M\u00e9xico entreg\u00f3 los primeros apoyos para la reconstrucci\u00f3n de vivienda tras el sismo del pasado 19 de septiembre. Se trata de 16 cr\u00e9ditos que representan una inversi\u00f3n de 1 mill\u00f3n 885,250 pesos y que beneficiar\u00e1n a familias de las delegaciones Xochimilco, Iztapalapa y Benito Ju\u00e1rez.\" \/>\n<meta name=\"robots\" content=\"index, follow, max-snippet:-1, max-image-preview:large, max-video-preview:-1\" \/>\n<link rel=\"canonical\" href=\"https:\/\/centrourbano.com\/revista\/vivienda\/entregan-apoyos-para-reconstruccion-de-vivienda-en-cdmx\/\" \/>\n<meta property=\"og:locale\" content=\"es_ES\" \/>\n<meta property=\"og:type\" content=\"article\" \/>\n<meta property=\"og:title\" content=\"Entregan apoyos para reconstrucci\u00f3n de vivienda en CDMX -\" \/>\n<meta property=\"og:description\" content=\"El gobierno de la Ciudad de M\u00e9xico entreg\u00f3 los primeros apoyos para la reconstrucci\u00f3n de vivienda tras el sismo del pasado 19 de septiembre. Se trata de 16 cr\u00e9ditos que representan una inversi\u00f3n de 1 mill\u00f3n 885,250 pesos y que beneficiar\u00e1n a familias de las delegaciones Xochimilco, Iztapalapa y Benito Ju\u00e1rez.\" \/>\n<meta property=\"og:url\" content=\"https:\/\/centrourbano.com\/revista\/vivienda\/entregan-apoyos-para-reconstruccion-de-vivienda-en-cdmx\/\" \/>\n<meta property=\"og:site_name\" content=\"Centro Urbano\" \/>\n<meta property=\"article:publisher\" content=\"https:\/\/www.facebook.com\/portalcentrourbano\" \/>\n<meta property=\"article:published_time\" content=\"2017-11-10T21:40:51+00:00\" \/>\n<meta property=\"article:modified_time\" content=\"2017-11-10T21:42:47+00:00\" \/>\n<meta property=\"og:image\" content=\"https:\/\/centrourbano.com\/revista\/wp-content\/uploads\/Mancera123_Apoyos-Reconstrucci\u00f3n.jpeg\" \/>\n\t<meta property=\"og:image:width\" content=\"800\" \/>\n\t<meta property=\"og:image:height\" content=\"533\" \/>\n\t<meta property=\"og:image:type\" content=\"image\/jpeg\" \/>\n<meta name=\"author\" content=\"Edgar Rosas\" \/>\n<meta name=\"twitter:card\" content=\"summary_large_image\" \/>\n<meta name=\"twitter:creator\" content=\"@https:\/\/twitter.com\/ERosasCU?s=09\" \/>\n<meta name=\"twitter:site\" content=\"@CentroUrbano\" \/>\n<meta name=\"twitter:label1\" content=\"Escrito por\" \/>\n\t<meta name=\"twitter:data1\" content=\"Edgar Rosas\" \/>\n\t<meta name=\"twitter:label2\" content=\"Tiempo de lectura\" \/>\n\t<meta name=\"twitter:data2\" content=\"1 minuto\" \/>\n<script type=\"application\/ld+json\" class=\"yoast-schema-graph\">{\"@context\":\"https:\\\/\\\/schema.org\",\"@graph\":[{\"@type\":\"Article\",\"@id\":\"https:\\\/\\\/centrourbano.com\\\/revista\\\/vivienda\\\/entregan-apoyos-para-reconstruccion-de-vivienda-en-cdmx\\\/#article\",\"isPartOf\":{\"@id\":\"https:\\\/\\\/centrourbano.com\\\/revista\\\/vivienda\\\/entregan-apoyos-para-reconstruccion-de-vivienda-en-cdmx\\\/\"},\"author\":{\"name\":\"Edgar Rosas\",\"@id\":\"https:\\\/\\\/centrourbano.com\\\/revista\\\/#\\\/schema\\\/person\\\/ff3c00651ce5b1630479d2cd0c2e3ac0\"},\"headline\":\"Entregan apoyos para reconstrucci\u00f3n de vivienda en CDMX\",\"datePublished\":\"2017-11-10T21:40:51+00:00\",\"dateModified\":\"2017-11-10T21:42:47+00:00\",\"mainEntityOfPage\":{\"@id\":\"https:\\\/\\\/centrourbano.com\\\/revista\\\/vivienda\\\/entregan-apoyos-para-reconstruccion-de-vivienda-en-cdmx\\\/\"},\"wordCount\":207,\"commentCount\":0,\"publisher\":{\"@id\":\"https:\\\/\\\/centrourbano.com\\\/revista\\\/#organization\"},\"image\":{\"@id\":\"https:\\\/\\\/centrourbano.com\\\/revista\\\/vivienda\\\/entregan-apoyos-para-reconstruccion-de-vivienda-en-cdmx\\\/#primaryimage\"},\"thumbnailUrl\":\"https:\\\/\\\/centrourbano.com\\\/revista\\\/wp-content\\\/uploads\\\/Mancera123_Apoyos-Reconstrucci\u00f3n.jpeg\",\"keywords\":[\"ciudad de M\u00e9xico\",\"Cr\u00e9ditos\",\"Miguel \u00c1ngel Mancera Espinosa\",\"Reconstrucci\u00f3n vivienda\",\"vivienda\"],\"articleSection\":[\"Vivienda\"],\"inLanguage\":\"es\",\"potentialAction\":[{\"@type\":\"CommentAction\",\"name\":\"Comment\",\"target\":[\"https:\\\/\\\/centrourbano.com\\\/revista\\\/vivienda\\\/entregan-apoyos-para-reconstruccion-de-vivienda-en-cdmx\\\/#respond\"]}]},{\"@type\":\"WebPage\",\"@id\":\"https:\\\/\\\/centrourbano.com\\\/revista\\\/vivienda\\\/entregan-apoyos-para-reconstruccion-de-vivienda-en-cdmx\\\/\",\"url\":\"https:\\\/\\\/centrourbano.com\\\/revista\\\/vivienda\\\/entregan-apoyos-para-reconstruccion-de-vivienda-en-cdmx\\\/\",\"name\":\"Entregan apoyos para reconstrucci\u00f3n de vivienda en CDMX -\",\"isPartOf\":{\"@id\":\"https:\\\/\\\/centrourbano.com\\\/revista\\\/#website\"},\"primaryImageOfPage\":{\"@id\":\"https:\\\/\\\/centrourbano.com\\\/revista\\\/vivienda\\\/entregan-apoyos-para-reconstruccion-de-vivienda-en-cdmx\\\/#primaryimage\"},\"image\":{\"@id\":\"https:\\\/\\\/centrourbano.com\\\/revista\\\/vivienda\\\/entregan-apoyos-para-reconstruccion-de-vivienda-en-cdmx\\\/#primaryimage\"},\"thumbnailUrl\":\"https:\\\/\\\/centrourbano.com\\\/revista\\\/wp-content\\\/uploads\\\/Mancera123_Apoyos-Reconstrucci\u00f3n.jpeg\",\"datePublished\":\"2017-11-10T21:40:51+00:00\",\"dateModified\":\"2017-11-10T21:42:47+00:00\",\"description\":\"El gobierno de la Ciudad de M\u00e9xico entreg\u00f3 los primeros apoyos para la reconstrucci\u00f3n de vivienda tras el sismo del pasado 19 de septiembre. Se trata de 16 cr\u00e9ditos que representan una inversi\u00f3n de 1 mill\u00f3n 885,250 pesos y que beneficiar\u00e1n a familias de las delegaciones Xochimilco, Iztapalapa y Benito Ju\u00e1rez.\",\"breadcrumb\":{\"@id\":\"https:\\\/\\\/centrourbano.com\\\/revista\\\/vivienda\\\/entregan-apoyos-para-reconstruccion-de-vivienda-en-cdmx\\\/#breadcrumb\"},\"inLanguage\":\"es\",\"potentialAction\":[{\"@type\":\"ReadAction\",\"target\":[\"https:\\\/\\\/centrourbano.com\\\/revista\\\/vivienda\\\/entregan-apoyos-para-reconstruccion-de-vivienda-en-cdmx\\\/\"]}]},{\"@type\":\"ImageObject\",\"inLanguage\":\"es\",\"@id\":\"https:\\\/\\\/centrourbano.com\\\/revista\\\/vivienda\\\/entregan-apoyos-para-reconstruccion-de-vivienda-en-cdmx\\\/#primaryimage\",\"url\":\"https:\\\/\\\/centrourbano.com\\\/revista\\\/wp-content\\\/uploads\\\/Mancera123_Apoyos-Reconstrucci\u00f3n.jpeg\",\"contentUrl\":\"https:\\\/\\\/centrourbano.com\\\/revista\\\/wp-content\\\/uploads\\\/Mancera123_Apoyos-Reconstrucci\u00f3n.jpeg\",\"width\":800,\"height\":533,\"caption\":\"Las acciones representan una inversi\u00f3n de 1 mill\u00f3n 885,250 pesos\"},{\"@type\":\"BreadcrumbList\",\"@id\":\"https:\\\/\\\/centrourbano.com\\\/revista\\\/vivienda\\\/entregan-apoyos-para-reconstruccion-de-vivienda-en-cdmx\\\/#breadcrumb\",\"itemListElement\":[{\"@type\":\"ListItem\",\"position\":1,\"name\":\"Portada\",\"item\":\"https:\\\/\\\/centrourbano.com\\\/revista\\\/\"},{\"@type\":\"ListItem\",\"position\":2,\"name\":\"Entregan apoyos para reconstrucci\u00f3n de vivienda en CDMX\"}]},{\"@type\":\"WebSite\",\"@id\":\"https:\\\/\\\/centrourbano.com\\\/revista\\\/#website\",\"url\":\"https:\\\/\\\/centrourbano.com\\\/revista\\\/\",\"name\":\"Centro Urbano\",\"description\":\"Medio especializado en los sectores vivienda, inmobiliario, construcci\u00f3n, arquitectura y urbanismo.\",\"publisher\":{\"@id\":\"https:\\\/\\\/centrourbano.com\\\/revista\\\/#organization\"},\"potentialAction\":[{\"@type\":\"SearchAction\",\"target\":{\"@type\":\"EntryPoint\",\"urlTemplate\":\"https:\\\/\\\/centrourbano.com\\\/revista\\\/?s={search_term_string}\"},\"query-input\":{\"@type\":\"PropertyValueSpecification\",\"valueRequired\":true,\"valueName\":\"search_term_string\"}}],\"inLanguage\":\"es\"},{\"@type\":\"Organization\",\"@id\":\"https:\\\/\\\/centrourbano.com\\\/revista\\\/#organization\",\"name\":\"Centro Urbano\",\"url\":\"https:\\\/\\\/centrourbano.com\\\/revista\\\/\",\"logo\":{\"@type\":\"ImageObject\",\"inLanguage\":\"es\",\"@id\":\"https:\\\/\\\/centrourbano.com\\\/revista\\\/#\\\/schema\\\/logo\\\/image\\\/\",\"url\":\"https:\\\/\\\/centrourbano.com\\\/revista\\\/wp-content\\\/uploads\\\/web_CU_logo-1.png\",\"contentUrl\":\"https:\\\/\\\/centrourbano.com\\\/revista\\\/wp-content\\\/uploads\\\/web_CU_logo-1.png\",\"width\":350,\"height\":91,\"caption\":\"Centro Urbano\"},\"image\":{\"@id\":\"https:\\\/\\\/centrourbano.com\\\/revista\\\/#\\\/schema\\\/logo\\\/image\\\/\"},\"sameAs\":[\"https:\\\/\\\/www.facebook.com\\\/portalcentrourbano\",\"https:\\\/\\\/x.com\\\/CentroUrbano\",\"https:\\\/\\\/www.instagram.com\\\/centro_urbano\\\/\",\"https:\\\/\\\/www.linkedin.com\\\/company\\\/centro-urbano\\\/\",\"http:\\\/\\\/www.youtube.com\\\/user\\\/portalcentrourbano\"]},{\"@type\":\"Person\",\"@id\":\"https:\\\/\\\/centrourbano.com\\\/revista\\\/#\\\/schema\\\/person\\\/ff3c00651ce5b1630479d2cd0c2e3ac0\",\"name\":\"Edgar Rosas\",\"image\":{\"@type\":\"ImageObject\",\"inLanguage\":\"es\",\"@id\":\"https:\\\/\\\/secure.gravatar.com\\\/avatar\\\/94440c4283495211faa5300bf85e80061036b83fced868c3783aa1310b350d9c?s=96&d=mm&r=g\",\"url\":\"https:\\\/\\\/secure.gravatar.com\\\/avatar\\\/94440c4283495211faa5300bf85e80061036b83fced868c3783aa1310b350d9c?s=96&d=mm&r=g\",\"contentUrl\":\"https:\\\/\\\/secure.gravatar.com\\\/avatar\\\/94440c4283495211faa5300bf85e80061036b83fced868c3783aa1310b350d9c?s=96&d=mm&r=g\",\"caption\":\"Edgar Rosas\"},\"description\":\"Editor en Jefe de Centro Urbano. Egresado de la maestr\u00eda en Periodismo Pol\u00edtico de la Escuela de Periodismo Carlos Septi\u00e9n Garc\u00eda (EPCSG). Estudi\u00f3 la licenciatura en Comunicaci\u00f3n en la Universidad Mexicana. Amante de la cr\u00f3nica y el reportaje. Admirador de Vicente Le\u00f1ero y Miguel \u00c1ngel Granados Chapa.\",\"sameAs\":[\"https:\\\/\\\/x.com\\\/https:\\\/\\\/twitter.com\\\/ERosasCU?s=09\"],\"url\":\"https:\\\/\\\/centrourbano.com\\\/revista\\\/author\\\/edgar-rosas\\\/\"}]}<\/script>\n<!-- \/ Yoast SEO plugin. -->","yoast_head_json":{"title":"Entregan apoyos para reconstrucci\u00f3n de vivienda en CDMX -","description":"El gobierno de la Ciudad de M\u00e9xico entreg\u00f3 los primeros apoyos para la reconstrucci\u00f3n de vivienda tras el sismo del pasado 19 de septiembre. Se trata de 16 cr\u00e9ditos que representan una inversi\u00f3n de 1 mill\u00f3n 885,250 pesos y que beneficiar\u00e1n a familias de las delegaciones Xochimilco, Iztapalapa y Benito Ju\u00e1rez.","robots":{"index":"index","follow":"follow","max-snippet":"max-snippet:-1","max-image-preview":"max-image-preview:large","max-video-preview":"max-video-preview:-1"},"canonical":"https:\/\/centrourbano.com\/revista\/vivienda\/entregan-apoyos-para-reconstruccion-de-vivienda-en-cdmx\/","og_locale":"es_ES","og_type":"article","og_title":"Entregan apoyos para reconstrucci\u00f3n de vivienda en CDMX -","og_description":"El gobierno de la Ciudad de M\u00e9xico entreg\u00f3 los primeros apoyos para la reconstrucci\u00f3n de vivienda tras el sismo del pasado 19 de septiembre. Se trata de 16 cr\u00e9ditos que representan una inversi\u00f3n de 1 mill\u00f3n 885,250 pesos y que beneficiar\u00e1n a familias de las delegaciones Xochimilco, Iztapalapa y Benito Ju\u00e1rez.","og_url":"https:\/\/centrourbano.com\/revista\/vivienda\/entregan-apoyos-para-reconstruccion-de-vivienda-en-cdmx\/","og_site_name":"Centro Urbano","article_publisher":"https:\/\/www.facebook.com\/portalcentrourbano","article_published_time":"2017-11-10T21:40:51+00:00","article_modified_time":"2017-11-10T21:42:47+00:00","og_image":[{"width":800,"height":533,"url":"https:\/\/centrourbano.com\/revista\/wp-content\/uploads\/Mancera123_Apoyos-Reconstrucci\u00f3n.jpeg","type":"image\/jpeg"}],"author":"Edgar Rosas","twitter_card":"summary_large_image","twitter_creator":"@https:\/\/twitter.com\/ERosasCU?s=09","twitter_site":"@CentroUrbano","twitter_misc":{"Escrito por":"Edgar Rosas","Tiempo de lectura":"1 minuto"},"schema":{"@context":"https:\/\/schema.org","@graph":[{"@type":"Article","@id":"https:\/\/centrourbano.com\/revista\/vivienda\/entregan-apoyos-para-reconstruccion-de-vivienda-en-cdmx\/#article","isPartOf":{"@id":"https:\/\/centrourbano.com\/revista\/vivienda\/entregan-apoyos-para-reconstruccion-de-vivienda-en-cdmx\/"},"author":{"name":"Edgar Rosas","@id":"https:\/\/centrourbano.com\/revista\/#\/schema\/person\/ff3c00651ce5b1630479d2cd0c2e3ac0"},"headline":"Entregan apoyos para reconstrucci\u00f3n de vivienda en CDMX","datePublished":"2017-11-10T21:40:51+00:00","dateModified":"2017-11-10T21:42:47+00:00","mainEntityOfPage":{"@id":"https:\/\/centrourbano.com\/revista\/vivienda\/entregan-apoyos-para-reconstruccion-de-vivienda-en-cdmx\/"},"wordCount":207,"commentCount":0,"publisher":{"@id":"https:\/\/centrourbano.com\/revista\/#organization"},"image":{"@id":"https:\/\/centrourbano.com\/revista\/vivienda\/entregan-apoyos-para-reconstruccion-de-vivienda-en-cdmx\/#primaryimage"},"thumbnailUrl":"https:\/\/centrourbano.com\/revista\/wp-content\/uploads\/Mancera123_Apoyos-Reconstrucci\u00f3n.jpeg","keywords":["ciudad de M\u00e9xico","Cr\u00e9ditos","Miguel \u00c1ngel Mancera Espinosa","Reconstrucci\u00f3n vivienda","vivienda"],"articleSection":["Vivienda"],"inLanguage":"es","potentialAction":[{"@type":"CommentAction","name":"Comment","target":["https:\/\/centrourbano.com\/revista\/vivienda\/entregan-apoyos-para-reconstruccion-de-vivienda-en-cdmx\/#respond"]}]},{"@type":"WebPage","@id":"https:\/\/centrourbano.com\/revista\/vivienda\/entregan-apoyos-para-reconstruccion-de-vivienda-en-cdmx\/","url":"https:\/\/centrourbano.com\/revista\/vivienda\/entregan-apoyos-para-reconstruccion-de-vivienda-en-cdmx\/","name":"Entregan apoyos para reconstrucci\u00f3n de vivienda en CDMX -","isPartOf":{"@id":"https:\/\/centrourbano.com\/revista\/#website"},"primaryImageOfPage":{"@id":"https:\/\/centrourbano.com\/revista\/vivienda\/entregan-apoyos-para-reconstruccion-de-vivienda-en-cdmx\/#primaryimage"},"image":{"@id":"https:\/\/centrourbano.com\/revista\/vivienda\/entregan-apoyos-para-reconstruccion-de-vivienda-en-cdmx\/#primaryimage"},"thumbnailUrl":"https:\/\/centrourbano.com\/revista\/wp-content\/uploads\/Mancera123_Apoyos-Reconstrucci\u00f3n.jpeg","datePublished":"2017-11-10T21:40:51+00:00","dateModified":"2017-11-10T21:42:47+00:00","description":"El gobierno de la Ciudad de M\u00e9xico entreg\u00f3 los primeros apoyos para la reconstrucci\u00f3n de vivienda tras el sismo del pasado 19 de septiembre. Se trata de 16 cr\u00e9ditos que representan una inversi\u00f3n de 1 mill\u00f3n 885,250 pesos y que beneficiar\u00e1n a familias de las delegaciones Xochimilco, Iztapalapa y Benito Ju\u00e1rez.","breadcrumb":{"@id":"https:\/\/centrourbano.com\/revista\/vivienda\/entregan-apoyos-para-reconstruccion-de-vivienda-en-cdmx\/#breadcrumb"},"inLanguage":"es","potentialAction":[{"@type":"ReadAction","target":["https:\/\/centrourbano.com\/revista\/vivienda\/entregan-apoyos-para-reconstruccion-de-vivienda-en-cdmx\/"]}]},{"@type":"ImageObject","inLanguage":"es","@id":"https:\/\/centrourbano.com\/revista\/vivienda\/entregan-apoyos-para-reconstruccion-de-vivienda-en-cdmx\/#primaryimage","url":"https:\/\/centrourbano.com\/revista\/wp-content\/uploads\/Mancera123_Apoyos-Reconstrucci\u00f3n.jpeg","contentUrl":"https:\/\/centrourbano.com\/revista\/wp-content\/uploads\/Mancera123_Apoyos-Reconstrucci\u00f3n.jpeg","width":800,"height":533,"caption":"Las acciones representan una inversi\u00f3n de 1 mill\u00f3n 885,250 pesos"},{"@type":"BreadcrumbList","@id":"https:\/\/centrourbano.com\/revista\/vivienda\/entregan-apoyos-para-reconstruccion-de-vivienda-en-cdmx\/#breadcrumb","itemListElement":[{"@type":"ListItem","position":1,"name":"Portada","item":"https:\/\/centrourbano.com\/revista\/"},{"@type":"ListItem","position":2,"name":"Entregan apoyos para reconstrucci\u00f3n de vivienda en CDMX"}]},{"@type":"WebSite","@id":"https:\/\/centrourbano.com\/revista\/#website","url":"https:\/\/centrourbano.com\/revista\/","name":"Centro Urbano","description":"Medio especializado en los sectores vivienda, inmobiliario, construcci\u00f3n, arquitectura y urbanismo.","publisher":{"@id":"https:\/\/centrourbano.com\/revista\/#organization"},"potentialAction":[{"@type":"SearchAction","target":{"@type":"EntryPoint","urlTemplate":"https:\/\/centrourbano.com\/revista\/?s={search_term_string}"},"query-input":{"@type":"PropertyValueSpecification","valueRequired":true,"valueName":"search_term_string"}}],"inLanguage":"es"},{"@type":"Organization","@id":"https:\/\/centrourbano.com\/revista\/#organization","name":"Centro Urbano","url":"https:\/\/centrourbano.com\/revista\/","logo":{"@type":"ImageObject","inLanguage":"es","@id":"https:\/\/centrourbano.com\/revista\/#\/schema\/logo\/image\/","url":"https:\/\/centrourbano.com\/revista\/wp-content\/uploads\/web_CU_logo-1.png","contentUrl":"https:\/\/centrourbano.com\/revista\/wp-content\/uploads\/web_CU_logo-1.png","width":350,"height":91,"caption":"Centro Urbano"},"image":{"@id":"https:\/\/centrourbano.com\/revista\/#\/schema\/logo\/image\/"},"sameAs":["https:\/\/www.facebook.com\/portalcentrourbano","https:\/\/x.com\/CentroUrbano","https:\/\/www.instagram.com\/centro_urbano\/","https:\/\/www.linkedin.com\/company\/centro-urbano\/","http:\/\/www.youtube.com\/user\/portalcentrourbano"]},{"@type":"Person","@id":"https:\/\/centrourbano.com\/revista\/#\/schema\/person\/ff3c00651ce5b1630479d2cd0c2e3ac0","name":"Edgar Rosas","image":{"@type":"ImageObject","inLanguage":"es","@id":"https:\/\/secure.gravatar.com\/avatar\/94440c4283495211faa5300bf85e80061036b83fced868c3783aa1310b350d9c?s=96&d=mm&r=g","url":"https:\/\/secure.gravatar.com\/avatar\/94440c4283495211faa5300bf85e80061036b83fced868c3783aa1310b350d9c?s=96&d=mm&r=g","contentUrl":"https:\/\/secure.gravatar.com\/avatar\/94440c4283495211faa5300bf85e80061036b83fced868c3783aa1310b350d9c?s=96&d=mm&r=g","caption":"Edgar Rosas"},"description":"Editor en Jefe de Centro Urbano. Egresado de la maestr\u00eda en Periodismo Pol\u00edtico de la Escuela de Periodismo Carlos Septi\u00e9n Garc\u00eda (EPCSG). Estudi\u00f3 la licenciatura en Comunicaci\u00f3n en la Universidad Mexicana. Amante de la cr\u00f3nica y el reportaje. Admirador de Vicente Le\u00f1ero y Miguel \u00c1ngel Granados Chapa.","sameAs":["https:\/\/x.com\/https:\/\/twitter.com\/ERosasCU?s=09"],"url":"https:\/\/centrourbano.com\/revista\/author\/edgar-rosas\/"}]}},"_links":{"self":[{"href":"https:\/\/centrourbano.com\/revista\/wp-json\/wp\/v2\/posts\/62500","targetHints":{"allow":["GET"]}}],"collection":[{"href":"https:\/\/centrourbano.com\/revista\/wp-json\/wp\/v2\/posts"}],"about":[{"href":"https:\/\/centrourbano.com\/revista\/wp-json\/wp\/v2\/types\/post"}],"author":[{"embeddable":true,"href":"https:\/\/centrourbano.com\/revista\/wp-json\/wp\/v2\/users\/47"}],"replies":[{"embeddable":true,"href":"https:\/\/centrourbano.com\/revista\/wp-json\/wp\/v2\/comments?post=62500"}],"version-history":[{"count":3,"href":"https:\/\/centrourbano.com\/revista\/wp-json\/wp\/v2\/posts\/62500\/revisions"}],"predecessor-version":[{"id":62507,"href":"https:\/\/centrourbano.com\/revista\/wp-json\/wp\/v2\/posts\/62500\/revisions\/62507"}],"wp:featuredmedia":[{"embeddable":true,"href":"https:\/\/centrourbano.com\/revista\/wp-json\/wp\/v2\/media\/62502"}],"wp:attachment":[{"href":"https:\/\/centrourbano.com\/revista\/wp-json\/wp\/v2\/media?parent=62500"}],"wp:term":[{"taxonomy":"category","embeddable":true,"href":"https:\/\/centrourbano.com\/revista\/wp-json\/wp\/v2\/categories?post=62500"},{"taxonomy":"post_tag","embeddable":true,"href":"https:\/\/centrourbano.com\/revista\/wp-json\/wp\/v2\/tags?post=62500"}],"curies":[{"name":"wp","href":"https:\/\/api.w.org\/{rel}","templated":true}]}}