{"id":62402,"date":"2017-11-09T11:28:55","date_gmt":"2017-11-09T17:28:55","guid":{"rendered":"https:\/\/centrourbano.com\/?p=62402"},"modified":"2017-11-09T12:45:55","modified_gmt":"2017-11-09T18:45:55","slug":"retiran-conjunto-escultorico-de-la-catedral-metropolitana","status":"publish","type":"post","link":"https:\/\/centrourbano.com\/revista\/arquitectura-2\/retiran-conjunto-escultorico-de-la-catedral-metropolitana\/","title":{"rendered":"Retiran conjunto escult\u00f3rico de la Catedral Metropolitana"},"content":{"rendered":"<p><em>\u00a0Esta medida es para proteger el patrimonio cultural, tras el desplome de &#8216;La Esperanza&#8217;\u00a0que con el sismo del 19 de septiembre se vino abajo<\/em><!--more--><\/p>\n<p>La <a href=\"http:\/\/cultura.gob.mx\" target=\"_blank\" rel=\"noopener noreferrer\"><strong>Secretar\u00eda de Cultura<\/strong><\/a> federal ha decidido retirar de la <strong>Catedral Metropolitana<\/strong> de la Ciudad de M\u00e9xico, m\u00e1xima catedral de Am\u00e9rica, dos esculturas tituladas &#8216;La Fe\u00a0y \u00b4&#8217;La Caridad&#8217;\u00a0para su evaluaci\u00f3n y restauraci\u00f3n.<\/p>\n<p>Esta medida se emprendi\u00f3 luego del sismo del 19 de septiembre que provoc\u00f3 la ca\u00edda de la escultura &#8216;La Esperanza&#8217;, pieza de la trilog\u00eda religiosa con que Manuel Tols\u00e1 coron\u00f3 a este recinto emblem\u00e1tico de la capital del pa\u00eds.<\/p>\n<p>Para ello, se llevaron a cabo las maniobras necesarias para su resguardo y preservaci\u00f3n, y en medio de un fuerte dispositivo de seguridad se retir\u00f3 el resto de este conjunto escult\u00f3rico, colocado por el afamado escultor en 1813.<\/p>\n<p>Al respecto Ra\u00fal Delgado, director general de <strong>Sitios y Monumentos del Patrimonio Cultural<\/strong> de la Secretar\u00eda de Cultura, se\u00f1al\u00f3 que esta medida es para proteger el patrimonio cultural, tras el desplome de &#8216;La Esperanza&#8217; que con el sismo del 19 de septiembre se vino abajo.<\/p>\n<p>De esta manera, con apoyo de especialistas del <a href=\"http:\/\/www.inah.gob.mx\/\" target=\"_blank\" rel=\"noopener noreferrer\"><strong>Instituto Nacional de Antropolog\u00eda e Historia<\/strong><\/a>, del <strong>Instituto de Ingenier\u00eda<\/strong> de la <a href=\"http:\/\/unam.mx\" target=\"_blank\" rel=\"noopener noreferrer\"><strong>Universidad Nacional Aut\u00f3noma de M\u00e9xico<\/strong><\/a> y las autoridades del Gobierno de la Ciudad de M\u00e9xico, bajo la coordinaci\u00f3n de la Secretar\u00eda de Cultura, una empresa especializada realiza el retiro de estas importantes esculturas, que son bienes culturales de la naci\u00f3n.<\/p>\n<p>Cabe destacar que &#8216;La Esperanza&#8217;, &#8216;La Fe&#8217;\u00a0y &#8216;La Caridad&#8217;, colocadas en el Cubo del Reloj de la Catedral Metropolitana, son piezas de tres metros de altura, con un peso de cerca de cuatro toneladas, hechas de piedra blanca del tipo de las chilucas, que est\u00e1n colocadas a una altura de 45 metros.<\/p>\n<p>Para su retiro, una empresa especializada utiliz\u00f3 una gr\u00faa con capacidad de 220 toneladas y un brazo de 60 metros, pues la maniobra se realiz\u00f3 a una distancia de 35 metros de la fachada de la Catedral. Adicionalmente para su seguridad, las piezas fueron envueltas con bandas resistentes de poli\u00e9ster y fibra de carbono, de textura suave que no lastime el cuerpo de las esculturas.<\/p>\n<p>Las piezas se llevaron a la Curia de ese recinto religioso, para iniciar las labores de limpieza y restauraci\u00f3n, toda vez que por m\u00e1s de 200 a\u00f1os estuvieron expuestas al viento, los cambios de temperatura y la atm\u00f3sfera \u00e1cida de la ciudad.<\/p>\n<p>Ra\u00fal Delgado explic\u00f3 que el conjunto escult\u00f3rico presenta afectaciones como polvo, hongos, escamaciones, as\u00ed como fisuras. De hecho, dijo,\u00a0<em>La Caridad<\/em>\u00a0tiene una fractura en su base, por lo que se llevar\u00e1 a cabo un diagn\u00f3stico integral para su restauraci\u00f3n.<\/p>\n<p>Este proceso, a\u00f1adi\u00f3, implica desde la investigaci\u00f3n documental e hist\u00f3rica, la revisi\u00f3n de superficies, la determinaci\u00f3n de herramientas utilizadas y la naturaleza del material, para realizar las labores de limpieza y consolidaci\u00f3n de fisuras y grietas.<\/p>\n<p>En el caso de\u00a0<em>La Esperanza<\/em>, que fue la escultura que se desplom\u00f3 tras el sismo, todos los fragmentos han sido resguardados para su restauraci\u00f3n.<\/p>\n<p>Las autoridades culturales y eclesi\u00e1sticas analizan que, tras la restauraci\u00f3n, las piezas queden resguardadas en la Curia de la Catedral Metropolitana, a la vista del p\u00fablico y en el exterior, colocar r\u00e9plicas para el disfrute de los visitantes.<\/p>\n","protected":false},"excerpt":{"rendered":"<p>\u00a0Esta medida es para proteger el patrimonio cultural, tras el desplome de &#8216;La Esperanza&#8217;\u00a0que con el sismo del 19 de septiembre se vino abajo<\/p>\n","protected":false},"author":9,"featured_media":62405,"comment_status":"open","ping_status":"closed","sticky":false,"template":"","format":"standard","meta":{"om_disable_all_campaigns":false,"inline_featured_image":false,"_monsterinsights_skip_tracking":false,"_monsterinsights_sitenote_active":false,"_monsterinsights_sitenote_note":"","_monsterinsights_sitenote_category":0,"footnotes":""},"categories":[81],"tags":[20,4048,2043,1205,7297,5115,3462],"class_list":["post-62402","post","type-post","status-publish","format-standard","has-post-thumbnail","hentry","category-arquitectura-2","tag-arquitectura","tag-catedral-metropolitana","tag-cultura","tag-escultura","tag-esculturas","tag-patrimonio-cultural","tag-secretaria-de-cultura"],"yoast_head":"<!-- This site is optimized with the Yoast SEO plugin v27.5 - https:\/\/yoast.com\/product\/yoast-seo-wordpress\/ -->\n<title>Retiran conjunto escult\u00f3rico de la Catedral Metropolitana<\/title>\n<meta name=\"description\" content=\"Esta medida es para proteger el patrimonio cultural, tras el desplome de &#039;La Esperanza&#039; que con el sismo del 19 de septiembre se vino abajo\" \/>\n<meta name=\"robots\" content=\"index, follow, max-snippet:-1, max-image-preview:large, max-video-preview:-1\" \/>\n<link rel=\"canonical\" href=\"https:\/\/centrourbano.com\/revista\/arquitectura-2\/retiran-conjunto-escultorico-de-la-catedral-metropolitana\/\" \/>\n<meta property=\"og:locale\" content=\"es_ES\" \/>\n<meta property=\"og:type\" content=\"article\" \/>\n<meta property=\"og:title\" content=\"Retiran conjunto escult\u00f3rico de la Catedral Metropolitana\" \/>\n<meta property=\"og:description\" content=\"Esta medida es para proteger el patrimonio cultural, tras el desplome de &#039;La Esperanza&#039; que con el sismo del 19 de septiembre se vino abajo\" \/>\n<meta property=\"og:url\" content=\"https:\/\/centrourbano.com\/revista\/arquitectura-2\/retiran-conjunto-escultorico-de-la-catedral-metropolitana\/\" \/>\n<meta property=\"og:site_name\" content=\"Centro Urbano\" \/>\n<meta property=\"article:publisher\" content=\"https:\/\/www.facebook.com\/portalcentrourbano\" \/>\n<meta property=\"article:published_time\" content=\"2017-11-09T17:28:55+00:00\" \/>\n<meta property=\"article:modified_time\" content=\"2017-11-09T18:45:55+00:00\" \/>\n<meta property=\"og:image\" content=\"https:\/\/centrourbano.com\/revista\/wp-content\/uploads\/Retiran-conjunto-escult\u00f3rico-de-la-Catedral-Metropolitana.png\" \/>\n\t<meta property=\"og:image:width\" content=\"926\" \/>\n\t<meta property=\"og:image:height\" content=\"607\" \/>\n\t<meta property=\"og:image:type\" content=\"image\/png\" \/>\n<meta name=\"author\" content=\"Dinorah Nava\" \/>\n<meta name=\"twitter:card\" content=\"summary_large_image\" \/>\n<meta name=\"twitter:creator\" content=\"@https:\/\/twitter.com\/Dinorah_Nava28\" \/>\n<meta name=\"twitter:site\" content=\"@CentroUrbano\" \/>\n<meta name=\"twitter:label1\" content=\"Escrito por\" \/>\n\t<meta name=\"twitter:data1\" content=\"Dinorah Nava\" \/>\n\t<meta name=\"twitter:label2\" content=\"Tiempo de lectura\" \/>\n\t<meta name=\"twitter:data2\" content=\"3 minutos\" \/>\n<script type=\"application\/ld+json\" class=\"yoast-schema-graph\">{\"@context\":\"https:\\\/\\\/schema.org\",\"@graph\":[{\"@type\":\"Article\",\"@id\":\"https:\\\/\\\/centrourbano.com\\\/revista\\\/arquitectura-2\\\/retiran-conjunto-escultorico-de-la-catedral-metropolitana\\\/#article\",\"isPartOf\":{\"@id\":\"https:\\\/\\\/centrourbano.com\\\/revista\\\/arquitectura-2\\\/retiran-conjunto-escultorico-de-la-catedral-metropolitana\\\/\"},\"author\":{\"name\":\"Dinorah Nava\",\"@id\":\"https:\\\/\\\/centrourbano.com\\\/revista\\\/#\\\/schema\\\/person\\\/b45db815d96831257ba428a3d5a5fbdc\"},\"headline\":\"Retiran conjunto escult\u00f3rico de la Catedral Metropolitana\",\"datePublished\":\"2017-11-09T17:28:55+00:00\",\"dateModified\":\"2017-11-09T18:45:55+00:00\",\"mainEntityOfPage\":{\"@id\":\"https:\\\/\\\/centrourbano.com\\\/revista\\\/arquitectura-2\\\/retiran-conjunto-escultorico-de-la-catedral-metropolitana\\\/\"},\"wordCount\":584,\"commentCount\":0,\"publisher\":{\"@id\":\"https:\\\/\\\/centrourbano.com\\\/revista\\\/#organization\"},\"image\":{\"@id\":\"https:\\\/\\\/centrourbano.com\\\/revista\\\/arquitectura-2\\\/retiran-conjunto-escultorico-de-la-catedral-metropolitana\\\/#primaryimage\"},\"thumbnailUrl\":\"https:\\\/\\\/centrourbano.com\\\/revista\\\/wp-content\\\/uploads\\\/Retiran-conjunto-escult\u00f3rico-de-la-Catedral-Metropolitana.png\",\"keywords\":[\"arquitectura\",\"Catedral Metropolitana\",\"Cultura\",\"escultura\",\"Esculturas\",\"patrimonio cultural\",\"Secretar\u00eda de Cultura\"],\"articleSection\":[\"Arquitectura\"],\"inLanguage\":\"es\",\"potentialAction\":[{\"@type\":\"CommentAction\",\"name\":\"Comment\",\"target\":[\"https:\\\/\\\/centrourbano.com\\\/revista\\\/arquitectura-2\\\/retiran-conjunto-escultorico-de-la-catedral-metropolitana\\\/#respond\"]}]},{\"@type\":\"WebPage\",\"@id\":\"https:\\\/\\\/centrourbano.com\\\/revista\\\/arquitectura-2\\\/retiran-conjunto-escultorico-de-la-catedral-metropolitana\\\/\",\"url\":\"https:\\\/\\\/centrourbano.com\\\/revista\\\/arquitectura-2\\\/retiran-conjunto-escultorico-de-la-catedral-metropolitana\\\/\",\"name\":\"Retiran conjunto escult\u00f3rico de la Catedral Metropolitana\",\"isPartOf\":{\"@id\":\"https:\\\/\\\/centrourbano.com\\\/revista\\\/#website\"},\"primaryImageOfPage\":{\"@id\":\"https:\\\/\\\/centrourbano.com\\\/revista\\\/arquitectura-2\\\/retiran-conjunto-escultorico-de-la-catedral-metropolitana\\\/#primaryimage\"},\"image\":{\"@id\":\"https:\\\/\\\/centrourbano.com\\\/revista\\\/arquitectura-2\\\/retiran-conjunto-escultorico-de-la-catedral-metropolitana\\\/#primaryimage\"},\"thumbnailUrl\":\"https:\\\/\\\/centrourbano.com\\\/revista\\\/wp-content\\\/uploads\\\/Retiran-conjunto-escult\u00f3rico-de-la-Catedral-Metropolitana.png\",\"datePublished\":\"2017-11-09T17:28:55+00:00\",\"dateModified\":\"2017-11-09T18:45:55+00:00\",\"description\":\"Esta medida es para proteger el patrimonio cultural, tras el desplome de 'La Esperanza' que con el sismo del 19 de septiembre se vino abajo\",\"breadcrumb\":{\"@id\":\"https:\\\/\\\/centrourbano.com\\\/revista\\\/arquitectura-2\\\/retiran-conjunto-escultorico-de-la-catedral-metropolitana\\\/#breadcrumb\"},\"inLanguage\":\"es\",\"potentialAction\":[{\"@type\":\"ReadAction\",\"target\":[\"https:\\\/\\\/centrourbano.com\\\/revista\\\/arquitectura-2\\\/retiran-conjunto-escultorico-de-la-catedral-metropolitana\\\/\"]}]},{\"@type\":\"ImageObject\",\"inLanguage\":\"es\",\"@id\":\"https:\\\/\\\/centrourbano.com\\\/revista\\\/arquitectura-2\\\/retiran-conjunto-escultorico-de-la-catedral-metropolitana\\\/#primaryimage\",\"url\":\"https:\\\/\\\/centrourbano.com\\\/revista\\\/wp-content\\\/uploads\\\/Retiran-conjunto-escult\u00f3rico-de-la-Catedral-Metropolitana.png\",\"contentUrl\":\"https:\\\/\\\/centrourbano.com\\\/revista\\\/wp-content\\\/uploads\\\/Retiran-conjunto-escult\u00f3rico-de-la-Catedral-Metropolitana.png\",\"width\":926,\"height\":607,\"caption\":\"Esta medida es para proteger el patrimonio cultural, tras el desplome de 'La Esperanza' que con el sismo del 19 de septiembre se vino abajo\"},{\"@type\":\"BreadcrumbList\",\"@id\":\"https:\\\/\\\/centrourbano.com\\\/revista\\\/arquitectura-2\\\/retiran-conjunto-escultorico-de-la-catedral-metropolitana\\\/#breadcrumb\",\"itemListElement\":[{\"@type\":\"ListItem\",\"position\":1,\"name\":\"Portada\",\"item\":\"https:\\\/\\\/centrourbano.com\\\/revista\\\/\"},{\"@type\":\"ListItem\",\"position\":2,\"name\":\"Retiran conjunto escult\u00f3rico de la Catedral Metropolitana\"}]},{\"@type\":\"WebSite\",\"@id\":\"https:\\\/\\\/centrourbano.com\\\/revista\\\/#website\",\"url\":\"https:\\\/\\\/centrourbano.com\\\/revista\\\/\",\"name\":\"Centro Urbano\",\"description\":\"Medio especializado en los sectores vivienda, inmobiliario, construcci\u00f3n, arquitectura y urbanismo.\",\"publisher\":{\"@id\":\"https:\\\/\\\/centrourbano.com\\\/revista\\\/#organization\"},\"potentialAction\":[{\"@type\":\"SearchAction\",\"target\":{\"@type\":\"EntryPoint\",\"urlTemplate\":\"https:\\\/\\\/centrourbano.com\\\/revista\\\/?s={search_term_string}\"},\"query-input\":{\"@type\":\"PropertyValueSpecification\",\"valueRequired\":true,\"valueName\":\"search_term_string\"}}],\"inLanguage\":\"es\"},{\"@type\":\"Organization\",\"@id\":\"https:\\\/\\\/centrourbano.com\\\/revista\\\/#organization\",\"name\":\"Centro Urbano\",\"url\":\"https:\\\/\\\/centrourbano.com\\\/revista\\\/\",\"logo\":{\"@type\":\"ImageObject\",\"inLanguage\":\"es\",\"@id\":\"https:\\\/\\\/centrourbano.com\\\/revista\\\/#\\\/schema\\\/logo\\\/image\\\/\",\"url\":\"https:\\\/\\\/centrourbano.com\\\/revista\\\/wp-content\\\/uploads\\\/web_CU_logo-1.png\",\"contentUrl\":\"https:\\\/\\\/centrourbano.com\\\/revista\\\/wp-content\\\/uploads\\\/web_CU_logo-1.png\",\"width\":350,\"height\":91,\"caption\":\"Centro Urbano\"},\"image\":{\"@id\":\"https:\\\/\\\/centrourbano.com\\\/revista\\\/#\\\/schema\\\/logo\\\/image\\\/\"},\"sameAs\":[\"https:\\\/\\\/www.facebook.com\\\/portalcentrourbano\",\"https:\\\/\\\/x.com\\\/CentroUrbano\",\"https:\\\/\\\/www.instagram.com\\\/centro_urbano\\\/\",\"https:\\\/\\\/www.linkedin.com\\\/company\\\/centro-urbano\\\/\",\"http:\\\/\\\/www.youtube.com\\\/user\\\/portalcentrourbano\"]},{\"@type\":\"Person\",\"@id\":\"https:\\\/\\\/centrourbano.com\\\/revista\\\/#\\\/schema\\\/person\\\/b45db815d96831257ba428a3d5a5fbdc\",\"name\":\"Dinorah Nava\",\"image\":{\"@type\":\"ImageObject\",\"inLanguage\":\"es\",\"@id\":\"https:\\\/\\\/secure.gravatar.com\\\/avatar\\\/f6ca6430c51d147f363940f84e1225aa4b8183885c11802cc3b042305a4ecc1a?s=96&d=mm&r=g\",\"url\":\"https:\\\/\\\/secure.gravatar.com\\\/avatar\\\/f6ca6430c51d147f363940f84e1225aa4b8183885c11802cc3b042305a4ecc1a?s=96&d=mm&r=g\",\"contentUrl\":\"https:\\\/\\\/secure.gravatar.com\\\/avatar\\\/f6ca6430c51d147f363940f84e1225aa4b8183885c11802cc3b042305a4ecc1a?s=96&d=mm&r=g\",\"caption\":\"Dinorah Nava\"},\"description\":\"Editora de Contenidos y Estrategias Digitales en Centro Urbano y Coeditora en Peri\u00f3dico Mi Casa. Egresada de la licenciatura en Comunicaci\u00f3n y Periodismo de la Facultad de Estudios Superiores Arag\u00f3n (UNAM). Amante de la edici\u00f3n y correcci\u00f3n de estilo, las redes sociales y el mundo digital. Especialista en temas son arquitectura, inmobiliario y urbanismo.\",\"sameAs\":[\"linkedin.com\\\/in\\\/dinorah-nava\",\"https:\\\/\\\/x.com\\\/https:\\\/\\\/twitter.com\\\/Dinorah_Nava28\"],\"url\":\"https:\\\/\\\/centrourbano.com\\\/revista\\\/author\\\/dinorah-nava\\\/\"}]}<\/script>\n<!-- \/ Yoast SEO plugin. -->","yoast_head_json":{"title":"Retiran conjunto escult\u00f3rico de la Catedral Metropolitana","description":"Esta medida es para proteger el patrimonio cultural, tras el desplome de 'La Esperanza' que con el sismo del 19 de septiembre se vino abajo","robots":{"index":"index","follow":"follow","max-snippet":"max-snippet:-1","max-image-preview":"max-image-preview:large","max-video-preview":"max-video-preview:-1"},"canonical":"https:\/\/centrourbano.com\/revista\/arquitectura-2\/retiran-conjunto-escultorico-de-la-catedral-metropolitana\/","og_locale":"es_ES","og_type":"article","og_title":"Retiran conjunto escult\u00f3rico de la Catedral Metropolitana","og_description":"Esta medida es para proteger el patrimonio cultural, tras el desplome de 'La Esperanza' que con el sismo del 19 de septiembre se vino abajo","og_url":"https:\/\/centrourbano.com\/revista\/arquitectura-2\/retiran-conjunto-escultorico-de-la-catedral-metropolitana\/","og_site_name":"Centro Urbano","article_publisher":"https:\/\/www.facebook.com\/portalcentrourbano","article_published_time":"2017-11-09T17:28:55+00:00","article_modified_time":"2017-11-09T18:45:55+00:00","og_image":[{"width":926,"height":607,"url":"https:\/\/centrourbano.com\/revista\/wp-content\/uploads\/Retiran-conjunto-escult\u00f3rico-de-la-Catedral-Metropolitana.png","type":"image\/png"}],"author":"Dinorah Nava","twitter_card":"summary_large_image","twitter_creator":"@https:\/\/twitter.com\/Dinorah_Nava28","twitter_site":"@CentroUrbano","twitter_misc":{"Escrito por":"Dinorah Nava","Tiempo de lectura":"3 minutos"},"schema":{"@context":"https:\/\/schema.org","@graph":[{"@type":"Article","@id":"https:\/\/centrourbano.com\/revista\/arquitectura-2\/retiran-conjunto-escultorico-de-la-catedral-metropolitana\/#article","isPartOf":{"@id":"https:\/\/centrourbano.com\/revista\/arquitectura-2\/retiran-conjunto-escultorico-de-la-catedral-metropolitana\/"},"author":{"name":"Dinorah Nava","@id":"https:\/\/centrourbano.com\/revista\/#\/schema\/person\/b45db815d96831257ba428a3d5a5fbdc"},"headline":"Retiran conjunto escult\u00f3rico de la Catedral Metropolitana","datePublished":"2017-11-09T17:28:55+00:00","dateModified":"2017-11-09T18:45:55+00:00","mainEntityOfPage":{"@id":"https:\/\/centrourbano.com\/revista\/arquitectura-2\/retiran-conjunto-escultorico-de-la-catedral-metropolitana\/"},"wordCount":584,"commentCount":0,"publisher":{"@id":"https:\/\/centrourbano.com\/revista\/#organization"},"image":{"@id":"https:\/\/centrourbano.com\/revista\/arquitectura-2\/retiran-conjunto-escultorico-de-la-catedral-metropolitana\/#primaryimage"},"thumbnailUrl":"https:\/\/centrourbano.com\/revista\/wp-content\/uploads\/Retiran-conjunto-escult\u00f3rico-de-la-Catedral-Metropolitana.png","keywords":["arquitectura","Catedral Metropolitana","Cultura","escultura","Esculturas","patrimonio cultural","Secretar\u00eda de Cultura"],"articleSection":["Arquitectura"],"inLanguage":"es","potentialAction":[{"@type":"CommentAction","name":"Comment","target":["https:\/\/centrourbano.com\/revista\/arquitectura-2\/retiran-conjunto-escultorico-de-la-catedral-metropolitana\/#respond"]}]},{"@type":"WebPage","@id":"https:\/\/centrourbano.com\/revista\/arquitectura-2\/retiran-conjunto-escultorico-de-la-catedral-metropolitana\/","url":"https:\/\/centrourbano.com\/revista\/arquitectura-2\/retiran-conjunto-escultorico-de-la-catedral-metropolitana\/","name":"Retiran conjunto escult\u00f3rico de la Catedral Metropolitana","isPartOf":{"@id":"https:\/\/centrourbano.com\/revista\/#website"},"primaryImageOfPage":{"@id":"https:\/\/centrourbano.com\/revista\/arquitectura-2\/retiran-conjunto-escultorico-de-la-catedral-metropolitana\/#primaryimage"},"image":{"@id":"https:\/\/centrourbano.com\/revista\/arquitectura-2\/retiran-conjunto-escultorico-de-la-catedral-metropolitana\/#primaryimage"},"thumbnailUrl":"https:\/\/centrourbano.com\/revista\/wp-content\/uploads\/Retiran-conjunto-escult\u00f3rico-de-la-Catedral-Metropolitana.png","datePublished":"2017-11-09T17:28:55+00:00","dateModified":"2017-11-09T18:45:55+00:00","description":"Esta medida es para proteger el patrimonio cultural, tras el desplome de 'La Esperanza' que con el sismo del 19 de septiembre se vino abajo","breadcrumb":{"@id":"https:\/\/centrourbano.com\/revista\/arquitectura-2\/retiran-conjunto-escultorico-de-la-catedral-metropolitana\/#breadcrumb"},"inLanguage":"es","potentialAction":[{"@type":"ReadAction","target":["https:\/\/centrourbano.com\/revista\/arquitectura-2\/retiran-conjunto-escultorico-de-la-catedral-metropolitana\/"]}]},{"@type":"ImageObject","inLanguage":"es","@id":"https:\/\/centrourbano.com\/revista\/arquitectura-2\/retiran-conjunto-escultorico-de-la-catedral-metropolitana\/#primaryimage","url":"https:\/\/centrourbano.com\/revista\/wp-content\/uploads\/Retiran-conjunto-escult\u00f3rico-de-la-Catedral-Metropolitana.png","contentUrl":"https:\/\/centrourbano.com\/revista\/wp-content\/uploads\/Retiran-conjunto-escult\u00f3rico-de-la-Catedral-Metropolitana.png","width":926,"height":607,"caption":"Esta medida es para proteger el patrimonio cultural, tras el desplome de 'La Esperanza' que con el sismo del 19 de septiembre se vino abajo"},{"@type":"BreadcrumbList","@id":"https:\/\/centrourbano.com\/revista\/arquitectura-2\/retiran-conjunto-escultorico-de-la-catedral-metropolitana\/#breadcrumb","itemListElement":[{"@type":"ListItem","position":1,"name":"Portada","item":"https:\/\/centrourbano.com\/revista\/"},{"@type":"ListItem","position":2,"name":"Retiran conjunto escult\u00f3rico de la Catedral Metropolitana"}]},{"@type":"WebSite","@id":"https:\/\/centrourbano.com\/revista\/#website","url":"https:\/\/centrourbano.com\/revista\/","name":"Centro Urbano","description":"Medio especializado en los sectores vivienda, inmobiliario, construcci\u00f3n, arquitectura y urbanismo.","publisher":{"@id":"https:\/\/centrourbano.com\/revista\/#organization"},"potentialAction":[{"@type":"SearchAction","target":{"@type":"EntryPoint","urlTemplate":"https:\/\/centrourbano.com\/revista\/?s={search_term_string}"},"query-input":{"@type":"PropertyValueSpecification","valueRequired":true,"valueName":"search_term_string"}}],"inLanguage":"es"},{"@type":"Organization","@id":"https:\/\/centrourbano.com\/revista\/#organization","name":"Centro Urbano","url":"https:\/\/centrourbano.com\/revista\/","logo":{"@type":"ImageObject","inLanguage":"es","@id":"https:\/\/centrourbano.com\/revista\/#\/schema\/logo\/image\/","url":"https:\/\/centrourbano.com\/revista\/wp-content\/uploads\/web_CU_logo-1.png","contentUrl":"https:\/\/centrourbano.com\/revista\/wp-content\/uploads\/web_CU_logo-1.png","width":350,"height":91,"caption":"Centro Urbano"},"image":{"@id":"https:\/\/centrourbano.com\/revista\/#\/schema\/logo\/image\/"},"sameAs":["https:\/\/www.facebook.com\/portalcentrourbano","https:\/\/x.com\/CentroUrbano","https:\/\/www.instagram.com\/centro_urbano\/","https:\/\/www.linkedin.com\/company\/centro-urbano\/","http:\/\/www.youtube.com\/user\/portalcentrourbano"]},{"@type":"Person","@id":"https:\/\/centrourbano.com\/revista\/#\/schema\/person\/b45db815d96831257ba428a3d5a5fbdc","name":"Dinorah Nava","image":{"@type":"ImageObject","inLanguage":"es","@id":"https:\/\/secure.gravatar.com\/avatar\/f6ca6430c51d147f363940f84e1225aa4b8183885c11802cc3b042305a4ecc1a?s=96&d=mm&r=g","url":"https:\/\/secure.gravatar.com\/avatar\/f6ca6430c51d147f363940f84e1225aa4b8183885c11802cc3b042305a4ecc1a?s=96&d=mm&r=g","contentUrl":"https:\/\/secure.gravatar.com\/avatar\/f6ca6430c51d147f363940f84e1225aa4b8183885c11802cc3b042305a4ecc1a?s=96&d=mm&r=g","caption":"Dinorah Nava"},"description":"Editora de Contenidos y Estrategias Digitales en Centro Urbano y Coeditora en Peri\u00f3dico Mi Casa. Egresada de la licenciatura en Comunicaci\u00f3n y Periodismo de la Facultad de Estudios Superiores Arag\u00f3n (UNAM). Amante de la edici\u00f3n y correcci\u00f3n de estilo, las redes sociales y el mundo digital. Especialista en temas son arquitectura, inmobiliario y urbanismo.","sameAs":["linkedin.com\/in\/dinorah-nava","https:\/\/x.com\/https:\/\/twitter.com\/Dinorah_Nava28"],"url":"https:\/\/centrourbano.com\/revista\/author\/dinorah-nava\/"}]}},"_links":{"self":[{"href":"https:\/\/centrourbano.com\/revista\/wp-json\/wp\/v2\/posts\/62402","targetHints":{"allow":["GET"]}}],"collection":[{"href":"https:\/\/centrourbano.com\/revista\/wp-json\/wp\/v2\/posts"}],"about":[{"href":"https:\/\/centrourbano.com\/revista\/wp-json\/wp\/v2\/types\/post"}],"author":[{"embeddable":true,"href":"https:\/\/centrourbano.com\/revista\/wp-json\/wp\/v2\/users\/9"}],"replies":[{"embeddable":true,"href":"https:\/\/centrourbano.com\/revista\/wp-json\/wp\/v2\/comments?post=62402"}],"version-history":[{"count":3,"href":"https:\/\/centrourbano.com\/revista\/wp-json\/wp\/v2\/posts\/62402\/revisions"}],"predecessor-version":[{"id":62409,"href":"https:\/\/centrourbano.com\/revista\/wp-json\/wp\/v2\/posts\/62402\/revisions\/62409"}],"wp:featuredmedia":[{"embeddable":true,"href":"https:\/\/centrourbano.com\/revista\/wp-json\/wp\/v2\/media\/62405"}],"wp:attachment":[{"href":"https:\/\/centrourbano.com\/revista\/wp-json\/wp\/v2\/media?parent=62402"}],"wp:term":[{"taxonomy":"category","embeddable":true,"href":"https:\/\/centrourbano.com\/revista\/wp-json\/wp\/v2\/categories?post=62402"},{"taxonomy":"post_tag","embeddable":true,"href":"https:\/\/centrourbano.com\/revista\/wp-json\/wp\/v2\/tags?post=62402"}],"curies":[{"name":"wp","href":"https:\/\/api.w.org\/{rel}","templated":true}]}}