{"id":62356,"date":"2017-11-08T06:15:29","date_gmt":"2017-11-08T12:15:29","guid":{"rendered":"https:\/\/centrourbano.com\/?p=62356"},"modified":"2017-11-08T04:49:52","modified_gmt":"2017-11-08T10:49:52","slug":"crece-1-3-venta-vivienda-usada","status":"publish","type":"post","link":"https:\/\/centrourbano.com\/revista\/vivienda\/crece-1-3-venta-vivienda-usada\/","title":{"rendered":"Crece 1.3% venta de vivienda usada"},"content":{"rendered":"<p><em>El Estado de M\u00e9xico se posicion\u00f3 como la entidad con el mayor n\u00famero de ventas del segmento <\/em><!--more--><\/p>\n<p>De enero a agosto de 2017, en el pa\u00eds se vendieron 121,222 viviendas usadas, cifra que representa un incremento de 1.3% en relaci\u00f3n a las 119,712 unidades que se desplazaron en el mismo periodo pero de 2016.<\/p>\n<p>De acuerdo con el Monitor Inmobiliario que presenta Realty World, durante los primeros ocho meses del a\u00f1o, el Estado de M\u00e9xico se posicion\u00f3 como la entidad con el mayor n\u00famero de ventas en este tipo de unidades, al registrar 15,925 viviendas desplazadas. Esta cifra, representa un aumento de 30.3% en relaci\u00f3n al resultado obtenido en el mismo periodo pero de 2016.<\/p>\n<p>La firma especializada destac\u00f3 que los municipios con mayor participaci\u00f3n en la venta de vivienda usada para el periodo enero-agosto de 2017 fueron Tec\u00e1mac, Ecatepec de Morelos, Zumpango y Cuautitl\u00e1n Izcalli.<\/p>\n<p>En este sentido, Chihuahua y Nuevo Le\u00f3n contin\u00faan la lista, con 8,890 y 7,848 viviendas vendidas. En este escenario, la Ciudad de M\u00e9xico y Jalisco registran venta por el orden de las 6,408 y 7,752 viviendas. <\/p>\n<p>Cabe se\u00f1alar que entidades como Quer\u00e9taro y Aguascalientes tambi\u00e9n destacaron por incrementos significativos en la venta de vivienda usada, al registrar 23.7% y 18.8% de incremento respectivamente. <\/p>\n","protected":false},"excerpt":{"rendered":"<p>El Estado de M\u00e9xico se posicion\u00f3 como la entidad con el mayor n\u00famero de ventas del segmento<\/p>\n","protected":false},"author":47,"featured_media":56622,"comment_status":"open","ping_status":"closed","sticky":false,"template":"","format":"standard","meta":{"om_disable_all_campaigns":false,"inline_featured_image":false,"_monsterinsights_skip_tracking":false,"_monsterinsights_sitenote_active":false,"_monsterinsights_sitenote_note":"","_monsterinsights_sitenote_category":0,"footnotes":""},"categories":[12],"tags":[10526,2999,288],"class_list":["post-62356","post","type-post","status-publish","format-standard","has-post-thumbnail","hentry","category-vivienda","tag-monitor-inmobiliario","tag-realty-world","tag-vivienda-usada"],"yoast_head":"<!-- This site is optimized with the Yoast SEO plugin v27.4 - https:\/\/yoast.com\/product\/yoast-seo-wordpress\/ -->\n<title>Crece 1.3% venta de vivienda usada -<\/title>\n<meta name=\"description\" content=\"De enero a agosto de 2017, en el pa\u00eds se vendieron 121,222 viviendas usadas, cifra que representa un incremento de 1.3% en relaci\u00f3n a las 119,712 unidades que se desplazaron en el mismo periodo pero de 2016.\" \/>\n<meta name=\"robots\" content=\"index, follow, max-snippet:-1, max-image-preview:large, max-video-preview:-1\" \/>\n<link rel=\"canonical\" href=\"https:\/\/centrourbano.com\/revista\/vivienda\/crece-1-3-venta-vivienda-usada\/\" \/>\n<meta property=\"og:locale\" content=\"es_ES\" \/>\n<meta property=\"og:type\" content=\"article\" \/>\n<meta property=\"og:title\" content=\"Crece 1.3% venta de vivienda usada -\" \/>\n<meta property=\"og:description\" content=\"De enero a agosto de 2017, en el pa\u00eds se vendieron 121,222 viviendas usadas, cifra que representa un incremento de 1.3% en relaci\u00f3n a las 119,712 unidades que se desplazaron en el mismo periodo pero de 2016.\" \/>\n<meta property=\"og:url\" content=\"https:\/\/centrourbano.com\/revista\/vivienda\/crece-1-3-venta-vivienda-usada\/\" \/>\n<meta property=\"og:site_name\" content=\"Centro Urbano\" \/>\n<meta property=\"article:publisher\" content=\"https:\/\/www.facebook.com\/portalcentrourbano\" \/>\n<meta property=\"article:published_time\" content=\"2017-11-08T12:15:29+00:00\" \/>\n<meta property=\"og:image\" content=\"https:\/\/centrourbano.com\/revista\/wp-content\/uploads\/vivienda-df.jpg\" \/>\n\t<meta property=\"og:image:width\" content=\"659\" \/>\n\t<meta property=\"og:image:height\" content=\"462\" \/>\n\t<meta property=\"og:image:type\" content=\"image\/jpeg\" \/>\n<meta name=\"author\" content=\"Edgar Rosas\" \/>\n<meta name=\"twitter:card\" content=\"summary_large_image\" \/>\n<meta name=\"twitter:creator\" content=\"@https:\/\/twitter.com\/ERosasCU?s=09\" \/>\n<meta name=\"twitter:site\" content=\"@CentroUrbano\" \/>\n<meta name=\"twitter:label1\" content=\"Escrito por\" \/>\n\t<meta name=\"twitter:data1\" content=\"Edgar Rosas\" \/>\n\t<meta name=\"twitter:label2\" content=\"Tiempo de lectura\" \/>\n\t<meta name=\"twitter:data2\" content=\"1 minuto\" \/>\n<script type=\"application\/ld+json\" class=\"yoast-schema-graph\">{\"@context\":\"https:\\\/\\\/schema.org\",\"@graph\":[{\"@type\":\"Article\",\"@id\":\"https:\\\/\\\/centrourbano.com\\\/revista\\\/vivienda\\\/crece-1-3-venta-vivienda-usada\\\/#article\",\"isPartOf\":{\"@id\":\"https:\\\/\\\/centrourbano.com\\\/revista\\\/vivienda\\\/crece-1-3-venta-vivienda-usada\\\/\"},\"author\":{\"name\":\"Edgar Rosas\",\"@id\":\"https:\\\/\\\/centrourbano.com\\\/revista\\\/#\\\/schema\\\/person\\\/ff3c00651ce5b1630479d2cd0c2e3ac0\"},\"headline\":\"Crece 1.3% venta de vivienda usada\",\"datePublished\":\"2017-11-08T12:15:29+00:00\",\"mainEntityOfPage\":{\"@id\":\"https:\\\/\\\/centrourbano.com\\\/revista\\\/vivienda\\\/crece-1-3-venta-vivienda-usada\\\/\"},\"wordCount\":216,\"commentCount\":0,\"publisher\":{\"@id\":\"https:\\\/\\\/centrourbano.com\\\/revista\\\/#organization\"},\"image\":{\"@id\":\"https:\\\/\\\/centrourbano.com\\\/revista\\\/vivienda\\\/crece-1-3-venta-vivienda-usada\\\/#primaryimage\"},\"thumbnailUrl\":\"https:\\\/\\\/centrourbano.com\\\/revista\\\/wp-content\\\/uploads\\\/vivienda-df.jpg\",\"keywords\":[\"Monitor Inmobiliario\",\"Realty World\",\"Vivienda usada\"],\"articleSection\":[\"Vivienda\"],\"inLanguage\":\"es\",\"potentialAction\":[{\"@type\":\"CommentAction\",\"name\":\"Comment\",\"target\":[\"https:\\\/\\\/centrourbano.com\\\/revista\\\/vivienda\\\/crece-1-3-venta-vivienda-usada\\\/#respond\"]}]},{\"@type\":\"WebPage\",\"@id\":\"https:\\\/\\\/centrourbano.com\\\/revista\\\/vivienda\\\/crece-1-3-venta-vivienda-usada\\\/\",\"url\":\"https:\\\/\\\/centrourbano.com\\\/revista\\\/vivienda\\\/crece-1-3-venta-vivienda-usada\\\/\",\"name\":\"Crece 1.3% venta de vivienda usada -\",\"isPartOf\":{\"@id\":\"https:\\\/\\\/centrourbano.com\\\/revista\\\/#website\"},\"primaryImageOfPage\":{\"@id\":\"https:\\\/\\\/centrourbano.com\\\/revista\\\/vivienda\\\/crece-1-3-venta-vivienda-usada\\\/#primaryimage\"},\"image\":{\"@id\":\"https:\\\/\\\/centrourbano.com\\\/revista\\\/vivienda\\\/crece-1-3-venta-vivienda-usada\\\/#primaryimage\"},\"thumbnailUrl\":\"https:\\\/\\\/centrourbano.com\\\/revista\\\/wp-content\\\/uploads\\\/vivienda-df.jpg\",\"datePublished\":\"2017-11-08T12:15:29+00:00\",\"description\":\"De enero a agosto de 2017, en el pa\u00eds se vendieron 121,222 viviendas usadas, cifra que representa un incremento de 1.3% en relaci\u00f3n a las 119,712 unidades que se desplazaron en el mismo periodo pero de 2016.\",\"breadcrumb\":{\"@id\":\"https:\\\/\\\/centrourbano.com\\\/revista\\\/vivienda\\\/crece-1-3-venta-vivienda-usada\\\/#breadcrumb\"},\"inLanguage\":\"es\",\"potentialAction\":[{\"@type\":\"ReadAction\",\"target\":[\"https:\\\/\\\/centrourbano.com\\\/revista\\\/vivienda\\\/crece-1-3-venta-vivienda-usada\\\/\"]}]},{\"@type\":\"ImageObject\",\"inLanguage\":\"es\",\"@id\":\"https:\\\/\\\/centrourbano.com\\\/revista\\\/vivienda\\\/crece-1-3-venta-vivienda-usada\\\/#primaryimage\",\"url\":\"https:\\\/\\\/centrourbano.com\\\/revista\\\/wp-content\\\/uploads\\\/vivienda-df.jpg\",\"contentUrl\":\"https:\\\/\\\/centrourbano.com\\\/revista\\\/wp-content\\\/uploads\\\/vivienda-df.jpg\",\"width\":659,\"height\":462,\"caption\":\"Se espera que el sector se mantenga constante y estiman la colocaci\u00f3n de al menos 124,000 cr\u00e9ditos para la compra de inmuebles durante el cierre de 2017\"},{\"@type\":\"BreadcrumbList\",\"@id\":\"https:\\\/\\\/centrourbano.com\\\/revista\\\/vivienda\\\/crece-1-3-venta-vivienda-usada\\\/#breadcrumb\",\"itemListElement\":[{\"@type\":\"ListItem\",\"position\":1,\"name\":\"Portada\",\"item\":\"https:\\\/\\\/centrourbano.com\\\/revista\\\/\"},{\"@type\":\"ListItem\",\"position\":2,\"name\":\"Crece 1.3% venta de vivienda usada\"}]},{\"@type\":\"WebSite\",\"@id\":\"https:\\\/\\\/centrourbano.com\\\/revista\\\/#website\",\"url\":\"https:\\\/\\\/centrourbano.com\\\/revista\\\/\",\"name\":\"Centro Urbano\",\"description\":\"Medio especializado en los sectores vivienda, inmobiliario, construcci\u00f3n, arquitectura y urbanismo.\",\"publisher\":{\"@id\":\"https:\\\/\\\/centrourbano.com\\\/revista\\\/#organization\"},\"potentialAction\":[{\"@type\":\"SearchAction\",\"target\":{\"@type\":\"EntryPoint\",\"urlTemplate\":\"https:\\\/\\\/centrourbano.com\\\/revista\\\/?s={search_term_string}\"},\"query-input\":{\"@type\":\"PropertyValueSpecification\",\"valueRequired\":true,\"valueName\":\"search_term_string\"}}],\"inLanguage\":\"es\"},{\"@type\":\"Organization\",\"@id\":\"https:\\\/\\\/centrourbano.com\\\/revista\\\/#organization\",\"name\":\"Centro Urbano\",\"url\":\"https:\\\/\\\/centrourbano.com\\\/revista\\\/\",\"logo\":{\"@type\":\"ImageObject\",\"inLanguage\":\"es\",\"@id\":\"https:\\\/\\\/centrourbano.com\\\/revista\\\/#\\\/schema\\\/logo\\\/image\\\/\",\"url\":\"https:\\\/\\\/centrourbano.com\\\/revista\\\/wp-content\\\/uploads\\\/web_CU_logo-1.png\",\"contentUrl\":\"https:\\\/\\\/centrourbano.com\\\/revista\\\/wp-content\\\/uploads\\\/web_CU_logo-1.png\",\"width\":350,\"height\":91,\"caption\":\"Centro Urbano\"},\"image\":{\"@id\":\"https:\\\/\\\/centrourbano.com\\\/revista\\\/#\\\/schema\\\/logo\\\/image\\\/\"},\"sameAs\":[\"https:\\\/\\\/www.facebook.com\\\/portalcentrourbano\",\"https:\\\/\\\/x.com\\\/CentroUrbano\",\"https:\\\/\\\/www.instagram.com\\\/centro_urbano\\\/\",\"https:\\\/\\\/www.linkedin.com\\\/company\\\/centro-urbano\\\/\",\"http:\\\/\\\/www.youtube.com\\\/user\\\/portalcentrourbano\"]},{\"@type\":\"Person\",\"@id\":\"https:\\\/\\\/centrourbano.com\\\/revista\\\/#\\\/schema\\\/person\\\/ff3c00651ce5b1630479d2cd0c2e3ac0\",\"name\":\"Edgar Rosas\",\"image\":{\"@type\":\"ImageObject\",\"inLanguage\":\"es\",\"@id\":\"https:\\\/\\\/secure.gravatar.com\\\/avatar\\\/94440c4283495211faa5300bf85e80061036b83fced868c3783aa1310b350d9c?s=96&d=mm&r=g\",\"url\":\"https:\\\/\\\/secure.gravatar.com\\\/avatar\\\/94440c4283495211faa5300bf85e80061036b83fced868c3783aa1310b350d9c?s=96&d=mm&r=g\",\"contentUrl\":\"https:\\\/\\\/secure.gravatar.com\\\/avatar\\\/94440c4283495211faa5300bf85e80061036b83fced868c3783aa1310b350d9c?s=96&d=mm&r=g\",\"caption\":\"Edgar Rosas\"},\"description\":\"Editor en Jefe de Centro Urbano. Egresado de la maestr\u00eda en Periodismo Pol\u00edtico de la Escuela de Periodismo Carlos Septi\u00e9n Garc\u00eda (EPCSG). Estudi\u00f3 la licenciatura en Comunicaci\u00f3n en la Universidad Mexicana. Amante de la cr\u00f3nica y el reportaje. Admirador de Vicente Le\u00f1ero y Miguel \u00c1ngel Granados Chapa.\",\"sameAs\":[\"https:\\\/\\\/x.com\\\/https:\\\/\\\/twitter.com\\\/ERosasCU?s=09\"],\"url\":\"https:\\\/\\\/centrourbano.com\\\/revista\\\/author\\\/edgar-rosas\\\/\"}]}<\/script>\n<!-- \/ Yoast SEO plugin. -->","yoast_head_json":{"title":"Crece 1.3% venta de vivienda usada -","description":"De enero a agosto de 2017, en el pa\u00eds se vendieron 121,222 viviendas usadas, cifra que representa un incremento de 1.3% en relaci\u00f3n a las 119,712 unidades que se desplazaron en el mismo periodo pero de 2016.","robots":{"index":"index","follow":"follow","max-snippet":"max-snippet:-1","max-image-preview":"max-image-preview:large","max-video-preview":"max-video-preview:-1"},"canonical":"https:\/\/centrourbano.com\/revista\/vivienda\/crece-1-3-venta-vivienda-usada\/","og_locale":"es_ES","og_type":"article","og_title":"Crece 1.3% venta de vivienda usada -","og_description":"De enero a agosto de 2017, en el pa\u00eds se vendieron 121,222 viviendas usadas, cifra que representa un incremento de 1.3% en relaci\u00f3n a las 119,712 unidades que se desplazaron en el mismo periodo pero de 2016.","og_url":"https:\/\/centrourbano.com\/revista\/vivienda\/crece-1-3-venta-vivienda-usada\/","og_site_name":"Centro Urbano","article_publisher":"https:\/\/www.facebook.com\/portalcentrourbano","article_published_time":"2017-11-08T12:15:29+00:00","og_image":[{"width":659,"height":462,"url":"https:\/\/centrourbano.com\/revista\/wp-content\/uploads\/vivienda-df.jpg","type":"image\/jpeg"}],"author":"Edgar Rosas","twitter_card":"summary_large_image","twitter_creator":"@https:\/\/twitter.com\/ERosasCU?s=09","twitter_site":"@CentroUrbano","twitter_misc":{"Escrito por":"Edgar Rosas","Tiempo de lectura":"1 minuto"},"schema":{"@context":"https:\/\/schema.org","@graph":[{"@type":"Article","@id":"https:\/\/centrourbano.com\/revista\/vivienda\/crece-1-3-venta-vivienda-usada\/#article","isPartOf":{"@id":"https:\/\/centrourbano.com\/revista\/vivienda\/crece-1-3-venta-vivienda-usada\/"},"author":{"name":"Edgar Rosas","@id":"https:\/\/centrourbano.com\/revista\/#\/schema\/person\/ff3c00651ce5b1630479d2cd0c2e3ac0"},"headline":"Crece 1.3% venta de vivienda usada","datePublished":"2017-11-08T12:15:29+00:00","mainEntityOfPage":{"@id":"https:\/\/centrourbano.com\/revista\/vivienda\/crece-1-3-venta-vivienda-usada\/"},"wordCount":216,"commentCount":0,"publisher":{"@id":"https:\/\/centrourbano.com\/revista\/#organization"},"image":{"@id":"https:\/\/centrourbano.com\/revista\/vivienda\/crece-1-3-venta-vivienda-usada\/#primaryimage"},"thumbnailUrl":"https:\/\/centrourbano.com\/revista\/wp-content\/uploads\/vivienda-df.jpg","keywords":["Monitor Inmobiliario","Realty World","Vivienda usada"],"articleSection":["Vivienda"],"inLanguage":"es","potentialAction":[{"@type":"CommentAction","name":"Comment","target":["https:\/\/centrourbano.com\/revista\/vivienda\/crece-1-3-venta-vivienda-usada\/#respond"]}]},{"@type":"WebPage","@id":"https:\/\/centrourbano.com\/revista\/vivienda\/crece-1-3-venta-vivienda-usada\/","url":"https:\/\/centrourbano.com\/revista\/vivienda\/crece-1-3-venta-vivienda-usada\/","name":"Crece 1.3% venta de vivienda usada -","isPartOf":{"@id":"https:\/\/centrourbano.com\/revista\/#website"},"primaryImageOfPage":{"@id":"https:\/\/centrourbano.com\/revista\/vivienda\/crece-1-3-venta-vivienda-usada\/#primaryimage"},"image":{"@id":"https:\/\/centrourbano.com\/revista\/vivienda\/crece-1-3-venta-vivienda-usada\/#primaryimage"},"thumbnailUrl":"https:\/\/centrourbano.com\/revista\/wp-content\/uploads\/vivienda-df.jpg","datePublished":"2017-11-08T12:15:29+00:00","description":"De enero a agosto de 2017, en el pa\u00eds se vendieron 121,222 viviendas usadas, cifra que representa un incremento de 1.3% en relaci\u00f3n a las 119,712 unidades que se desplazaron en el mismo periodo pero de 2016.","breadcrumb":{"@id":"https:\/\/centrourbano.com\/revista\/vivienda\/crece-1-3-venta-vivienda-usada\/#breadcrumb"},"inLanguage":"es","potentialAction":[{"@type":"ReadAction","target":["https:\/\/centrourbano.com\/revista\/vivienda\/crece-1-3-venta-vivienda-usada\/"]}]},{"@type":"ImageObject","inLanguage":"es","@id":"https:\/\/centrourbano.com\/revista\/vivienda\/crece-1-3-venta-vivienda-usada\/#primaryimage","url":"https:\/\/centrourbano.com\/revista\/wp-content\/uploads\/vivienda-df.jpg","contentUrl":"https:\/\/centrourbano.com\/revista\/wp-content\/uploads\/vivienda-df.jpg","width":659,"height":462,"caption":"Se espera que el sector se mantenga constante y estiman la colocaci\u00f3n de al menos 124,000 cr\u00e9ditos para la compra de inmuebles durante el cierre de 2017"},{"@type":"BreadcrumbList","@id":"https:\/\/centrourbano.com\/revista\/vivienda\/crece-1-3-venta-vivienda-usada\/#breadcrumb","itemListElement":[{"@type":"ListItem","position":1,"name":"Portada","item":"https:\/\/centrourbano.com\/revista\/"},{"@type":"ListItem","position":2,"name":"Crece 1.3% venta de vivienda usada"}]},{"@type":"WebSite","@id":"https:\/\/centrourbano.com\/revista\/#website","url":"https:\/\/centrourbano.com\/revista\/","name":"Centro Urbano","description":"Medio especializado en los sectores vivienda, inmobiliario, construcci\u00f3n, arquitectura y urbanismo.","publisher":{"@id":"https:\/\/centrourbano.com\/revista\/#organization"},"potentialAction":[{"@type":"SearchAction","target":{"@type":"EntryPoint","urlTemplate":"https:\/\/centrourbano.com\/revista\/?s={search_term_string}"},"query-input":{"@type":"PropertyValueSpecification","valueRequired":true,"valueName":"search_term_string"}}],"inLanguage":"es"},{"@type":"Organization","@id":"https:\/\/centrourbano.com\/revista\/#organization","name":"Centro Urbano","url":"https:\/\/centrourbano.com\/revista\/","logo":{"@type":"ImageObject","inLanguage":"es","@id":"https:\/\/centrourbano.com\/revista\/#\/schema\/logo\/image\/","url":"https:\/\/centrourbano.com\/revista\/wp-content\/uploads\/web_CU_logo-1.png","contentUrl":"https:\/\/centrourbano.com\/revista\/wp-content\/uploads\/web_CU_logo-1.png","width":350,"height":91,"caption":"Centro Urbano"},"image":{"@id":"https:\/\/centrourbano.com\/revista\/#\/schema\/logo\/image\/"},"sameAs":["https:\/\/www.facebook.com\/portalcentrourbano","https:\/\/x.com\/CentroUrbano","https:\/\/www.instagram.com\/centro_urbano\/","https:\/\/www.linkedin.com\/company\/centro-urbano\/","http:\/\/www.youtube.com\/user\/portalcentrourbano"]},{"@type":"Person","@id":"https:\/\/centrourbano.com\/revista\/#\/schema\/person\/ff3c00651ce5b1630479d2cd0c2e3ac0","name":"Edgar Rosas","image":{"@type":"ImageObject","inLanguage":"es","@id":"https:\/\/secure.gravatar.com\/avatar\/94440c4283495211faa5300bf85e80061036b83fced868c3783aa1310b350d9c?s=96&d=mm&r=g","url":"https:\/\/secure.gravatar.com\/avatar\/94440c4283495211faa5300bf85e80061036b83fced868c3783aa1310b350d9c?s=96&d=mm&r=g","contentUrl":"https:\/\/secure.gravatar.com\/avatar\/94440c4283495211faa5300bf85e80061036b83fced868c3783aa1310b350d9c?s=96&d=mm&r=g","caption":"Edgar Rosas"},"description":"Editor en Jefe de Centro Urbano. Egresado de la maestr\u00eda en Periodismo Pol\u00edtico de la Escuela de Periodismo Carlos Septi\u00e9n Garc\u00eda (EPCSG). Estudi\u00f3 la licenciatura en Comunicaci\u00f3n en la Universidad Mexicana. Amante de la cr\u00f3nica y el reportaje. Admirador de Vicente Le\u00f1ero y Miguel \u00c1ngel Granados Chapa.","sameAs":["https:\/\/x.com\/https:\/\/twitter.com\/ERosasCU?s=09"],"url":"https:\/\/centrourbano.com\/revista\/author\/edgar-rosas\/"}]}},"_links":{"self":[{"href":"https:\/\/centrourbano.com\/revista\/wp-json\/wp\/v2\/posts\/62356","targetHints":{"allow":["GET"]}}],"collection":[{"href":"https:\/\/centrourbano.com\/revista\/wp-json\/wp\/v2\/posts"}],"about":[{"href":"https:\/\/centrourbano.com\/revista\/wp-json\/wp\/v2\/types\/post"}],"author":[{"embeddable":true,"href":"https:\/\/centrourbano.com\/revista\/wp-json\/wp\/v2\/users\/47"}],"replies":[{"embeddable":true,"href":"https:\/\/centrourbano.com\/revista\/wp-json\/wp\/v2\/comments?post=62356"}],"version-history":[{"count":2,"href":"https:\/\/centrourbano.com\/revista\/wp-json\/wp\/v2\/posts\/62356\/revisions"}],"predecessor-version":[{"id":62358,"href":"https:\/\/centrourbano.com\/revista\/wp-json\/wp\/v2\/posts\/62356\/revisions\/62358"}],"wp:featuredmedia":[{"embeddable":true,"href":"https:\/\/centrourbano.com\/revista\/wp-json\/wp\/v2\/media\/56622"}],"wp:attachment":[{"href":"https:\/\/centrourbano.com\/revista\/wp-json\/wp\/v2\/media?parent=62356"}],"wp:term":[{"taxonomy":"category","embeddable":true,"href":"https:\/\/centrourbano.com\/revista\/wp-json\/wp\/v2\/categories?post=62356"},{"taxonomy":"post_tag","embeddable":true,"href":"https:\/\/centrourbano.com\/revista\/wp-json\/wp\/v2\/tags?post=62356"}],"curies":[{"name":"wp","href":"https:\/\/api.w.org\/{rel}","templated":true}]}}