{"id":62067,"date":"2017-11-01T12:45:51","date_gmt":"2017-11-01T18:45:51","guid":{"rendered":"https:\/\/centrourbano.com\/?p=62067"},"modified":"2017-11-01T12:45:51","modified_gmt":"2017-11-01T18:45:51","slug":"wan-awards","status":"publish","type":"post","link":"https:\/\/centrourbano.com\/revista\/arquitectura-2\/wan-awards\/","title":{"rendered":"Celebran los &#8216;WAN Awards 2017&#8217; la excelencia en el dise\u00f1o"},"content":{"rendered":"<p><em>La ceremonia de premiaci\u00f3n se llevar\u00e1 a cabo el 28 de febrero de 2018 en el London Marriott Hotel Grosvenor Square<!--more--><\/em><\/p>\n<p>El pr\u00f3ximo 28 de febrero de 2018 el London Marriott Hotel Grosvenor Squarese ser\u00e1 la sede para llevar a cabo la ceremonia de premiaci\u00f3n de los WAN Awards 2017, los cuales reconocen y celebran la excelencia en el dise\u00f1o y que adem\u00e1s re\u00fane a los arquitectos, planificadores, ingenieros, desarrolladores y dise\u00f1adores m\u00e1s ilustres de todo el mundo para exhibir ideas innovadoras y galardonadas de trabajo e intercambio.<\/p>\n<p>Durante ese d\u00eda se dar\u00e1n a conocer a los ganadores de las 23 categor\u00edas; tambi\u00e9n ser\u00e1 una gran oportunidad para convivir con m\u00e1s de 250 arquitectos, dise\u00f1adores y clientes de todo el mundo, ya que la impresionante grandeza de este espacio \u00fanico ofrece la oportunidad perfecta para entretener, impresionar e inspirar fuera del entorno de trabajo habitual.<\/p>\n<p>Actualmente existen cinco elementos clave para el \u00e9xito del programa: primero y primordial es la calidad y el compromiso de los jueces de la WAN, ya que en los \u00faltimos nueve a\u00f1os, su extenso panel de expertos internacionales de primer nivel ha comprometido no solo su valioso tiempo, sino tambi\u00e9n su gran experiencia, objetividad y, sobre todo, su pasi\u00f3n por el buen dise\u00f1o.<\/p>\n<p>El segundo pilar es el alcance global de la red WAN: 144,000 suscriptores a los boletines informativos, m\u00e1s de 800,000 visitantes de sitios web con casi 5 millones de p\u00e1ginas vistas por a\u00f1o junto con m\u00e1s de 700,000 seguidores de medios sociales. Es este alcance el que permite ofrecer una arquitectura fresca a la mesa del jurado; una arquitectura que inspira tanto a los jueces como a los participantes. <\/p>\n<p>Se ha demostrado que la exposici\u00f3n positiva de ganar un WAN Award frente a la dura competencia de todo el mundo, a juzgar por algunos de los nombres m\u00e1s conocidos del mundo, mejora el perfil de la pr\u00e1ctica y aumenta las posibilidades de ganar un nuevo trabajo. Nos aseguramos de que las noticias aparezcan en las pantallas de las computadoras y en los m\u00f3viles de todo el mundo en minutos, pero los beneficios para su pr\u00e1ctica son los \u00faltimos.<\/p>\n<p>La tercera raz\u00f3n de la lealtad a los WAN AWARDS es que los arquitectos respetan su enfoque, su radical reorganizaci\u00f3n del programa de premios arquitect\u00f3nicos tradicionales, creando un s\u00f3lido proceso de evaluaci\u00f3n , en su n\u00facleo est\u00e1n los grupos de paneles altamente especializados que representan a todos los partes interesadas en un proyecto; representantes, ingenieros y consultores especializados para obtener una opini\u00f3n completa sobre cada proyecto presentado, la atenci\u00f3n que sus proyectos merecen.<\/p>\n<p>Los WAN Awards tambi\u00e9n son muy apreciados por ser objetivos, por lo que se ha creado y mantenido un campo de juego nivelado para el dise\u00f1o original y como testimonio de esto, los ganadores han recorrido desde una casa dise\u00f1ada por un solo hombre en Sud\u00e1frica hasta el aeropuerto de Beijing por Foster and Partners.<\/p>\n<p>El \u00faltimo pero no menos importante componente es la dedicaci\u00f3n del equipo WAN Awards, su peque\u00f1o y esforzado equipo, encabezado por Francesca Maw, es un apasionado de mantener nuestro programa en buen camino y, sobre todo, de mantener la integridad y los est\u00e1ndares que son intr\u00ednsecos a su \u00e9xito.<\/p>\n","protected":false},"excerpt":{"rendered":"<p>La ceremonia de premiaci\u00f3n se llevar\u00e1 a cabo el 28 de febrero de 2018 en el London Marriott Hotel Grosvenor Square<\/p>\n","protected":false},"author":9,"featured_media":62068,"comment_status":"open","ping_status":"closed","sticky":false,"template":"","format":"standard","meta":{"om_disable_all_campaigns":false,"inline_featured_image":false,"_monsterinsights_skip_tracking":false,"_monsterinsights_sitenote_active":false,"_monsterinsights_sitenote_note":"","_monsterinsights_sitenote_category":0,"footnotes":""},"categories":[81],"tags":[],"class_list":["post-62067","post","type-post","status-publish","format-standard","has-post-thumbnail","hentry","category-arquitectura-2"],"yoast_head":"<!-- This site is optimized with the Yoast SEO plugin v27.4 - https:\/\/yoast.com\/product\/yoast-seo-wordpress\/ -->\n<title>Celebran los &#039;WAN Awards 2017&#039; la excelencia en el dise\u00f1o<\/title>\n<meta name=\"description\" content=\"La ceremonia de premiaci\u00f3n se llevar\u00e1 a cabo el 28 de febrero de 2018 en el London Marriott Hotel Grosvenor Square El pr\u00f3ximo 28 de febrero de 2018 el\" \/>\n<meta name=\"robots\" content=\"index, follow, max-snippet:-1, max-image-preview:large, max-video-preview:-1\" \/>\n<link rel=\"canonical\" href=\"https:\/\/centrourbano.com\/revista\/arquitectura-2\/wan-awards\/\" \/>\n<meta property=\"og:locale\" content=\"es_ES\" \/>\n<meta property=\"og:type\" content=\"article\" \/>\n<meta property=\"og:title\" content=\"Celebran los &#039;WAN Awards 2017&#039; la excelencia en el dise\u00f1o\" \/>\n<meta property=\"og:description\" content=\"La ceremonia de premiaci\u00f3n se llevar\u00e1 a cabo el 28 de febrero de 2018 en el London Marriott Hotel Grosvenor Square El pr\u00f3ximo 28 de febrero de 2018 el\" \/>\n<meta property=\"og:url\" content=\"https:\/\/centrourbano.com\/revista\/arquitectura-2\/wan-awards\/\" \/>\n<meta property=\"og:site_name\" content=\"Centro Urbano\" \/>\n<meta property=\"article:publisher\" content=\"https:\/\/www.facebook.com\/portalcentrourbano\" \/>\n<meta property=\"article:published_time\" content=\"2017-11-01T18:45:51+00:00\" \/>\n<meta property=\"og:image\" content=\"https:\/\/centrourbano.com\/revista\/wp-content\/uploads\/1508858019_2293_British_Home_Awards_2017_005-e1509561920374.jpg\" \/>\n\t<meta property=\"og:image:width\" content=\"460\" \/>\n\t<meta property=\"og:image:height\" content=\"330\" \/>\n\t<meta property=\"og:image:type\" content=\"image\/jpeg\" \/>\n<meta name=\"author\" content=\"Dinorah Nava\" \/>\n<meta name=\"twitter:card\" content=\"summary_large_image\" \/>\n<meta name=\"twitter:creator\" content=\"@https:\/\/twitter.com\/Dinorah_Nava28\" \/>\n<meta name=\"twitter:site\" content=\"@CentroUrbano\" \/>\n<meta name=\"twitter:label1\" content=\"Escrito por\" \/>\n\t<meta name=\"twitter:data1\" content=\"Dinorah Nava\" \/>\n\t<meta name=\"twitter:label2\" content=\"Tiempo de lectura\" \/>\n\t<meta name=\"twitter:data2\" content=\"3 minutos\" \/>\n<script type=\"application\/ld+json\" class=\"yoast-schema-graph\">{\"@context\":\"https:\\\/\\\/schema.org\",\"@graph\":[{\"@type\":\"Article\",\"@id\":\"https:\\\/\\\/centrourbano.com\\\/revista\\\/arquitectura-2\\\/wan-awards\\\/#article\",\"isPartOf\":{\"@id\":\"https:\\\/\\\/centrourbano.com\\\/revista\\\/arquitectura-2\\\/wan-awards\\\/\"},\"author\":{\"name\":\"Dinorah Nava\",\"@id\":\"https:\\\/\\\/centrourbano.com\\\/revista\\\/#\\\/schema\\\/person\\\/b45db815d96831257ba428a3d5a5fbdc\"},\"headline\":\"Celebran los &#8216;WAN Awards 2017&#8217; la excelencia en el dise\u00f1o\",\"datePublished\":\"2017-11-01T18:45:51+00:00\",\"mainEntityOfPage\":{\"@id\":\"https:\\\/\\\/centrourbano.com\\\/revista\\\/arquitectura-2\\\/wan-awards\\\/\"},\"wordCount\":575,\"commentCount\":0,\"publisher\":{\"@id\":\"https:\\\/\\\/centrourbano.com\\\/revista\\\/#organization\"},\"image\":{\"@id\":\"https:\\\/\\\/centrourbano.com\\\/revista\\\/arquitectura-2\\\/wan-awards\\\/#primaryimage\"},\"thumbnailUrl\":\"https:\\\/\\\/centrourbano.com\\\/revista\\\/wp-content\\\/uploads\\\/1508858019_2293_British_Home_Awards_2017_005-e1509561920374.jpg\",\"articleSection\":[\"Arquitectura\"],\"inLanguage\":\"es\",\"potentialAction\":[{\"@type\":\"CommentAction\",\"name\":\"Comment\",\"target\":[\"https:\\\/\\\/centrourbano.com\\\/revista\\\/arquitectura-2\\\/wan-awards\\\/#respond\"]}]},{\"@type\":\"WebPage\",\"@id\":\"https:\\\/\\\/centrourbano.com\\\/revista\\\/arquitectura-2\\\/wan-awards\\\/\",\"url\":\"https:\\\/\\\/centrourbano.com\\\/revista\\\/arquitectura-2\\\/wan-awards\\\/\",\"name\":\"Celebran los 'WAN Awards 2017' la excelencia en el dise\u00f1o\",\"isPartOf\":{\"@id\":\"https:\\\/\\\/centrourbano.com\\\/revista\\\/#website\"},\"primaryImageOfPage\":{\"@id\":\"https:\\\/\\\/centrourbano.com\\\/revista\\\/arquitectura-2\\\/wan-awards\\\/#primaryimage\"},\"image\":{\"@id\":\"https:\\\/\\\/centrourbano.com\\\/revista\\\/arquitectura-2\\\/wan-awards\\\/#primaryimage\"},\"thumbnailUrl\":\"https:\\\/\\\/centrourbano.com\\\/revista\\\/wp-content\\\/uploads\\\/1508858019_2293_British_Home_Awards_2017_005-e1509561920374.jpg\",\"datePublished\":\"2017-11-01T18:45:51+00:00\",\"description\":\"La ceremonia de premiaci\u00f3n se llevar\u00e1 a cabo el 28 de febrero de 2018 en el London Marriott Hotel Grosvenor Square El pr\u00f3ximo 28 de febrero de 2018 el\",\"breadcrumb\":{\"@id\":\"https:\\\/\\\/centrourbano.com\\\/revista\\\/arquitectura-2\\\/wan-awards\\\/#breadcrumb\"},\"inLanguage\":\"es\",\"potentialAction\":[{\"@type\":\"ReadAction\",\"target\":[\"https:\\\/\\\/centrourbano.com\\\/revista\\\/arquitectura-2\\\/wan-awards\\\/\"]}]},{\"@type\":\"ImageObject\",\"inLanguage\":\"es\",\"@id\":\"https:\\\/\\\/centrourbano.com\\\/revista\\\/arquitectura-2\\\/wan-awards\\\/#primaryimage\",\"url\":\"https:\\\/\\\/centrourbano.com\\\/revista\\\/wp-content\\\/uploads\\\/1508858019_2293_British_Home_Awards_2017_005-e1509561920374.jpg\",\"contentUrl\":\"https:\\\/\\\/centrourbano.com\\\/revista\\\/wp-content\\\/uploads\\\/1508858019_2293_British_Home_Awards_2017_005-e1509561920374.jpg\",\"width\":460,\"height\":330,\"caption\":\"Celebran los 'WAN Awards 2017' la excelencia en el dise\u00f1o\"},{\"@type\":\"BreadcrumbList\",\"@id\":\"https:\\\/\\\/centrourbano.com\\\/revista\\\/arquitectura-2\\\/wan-awards\\\/#breadcrumb\",\"itemListElement\":[{\"@type\":\"ListItem\",\"position\":1,\"name\":\"Portada\",\"item\":\"https:\\\/\\\/centrourbano.com\\\/revista\\\/\"},{\"@type\":\"ListItem\",\"position\":2,\"name\":\"Celebran los &#8216;WAN Awards 2017&#8217; la excelencia en el dise\u00f1o\"}]},{\"@type\":\"WebSite\",\"@id\":\"https:\\\/\\\/centrourbano.com\\\/revista\\\/#website\",\"url\":\"https:\\\/\\\/centrourbano.com\\\/revista\\\/\",\"name\":\"Centro Urbano\",\"description\":\"Medio especializado en los sectores vivienda, inmobiliario, construcci\u00f3n, arquitectura y urbanismo.\",\"publisher\":{\"@id\":\"https:\\\/\\\/centrourbano.com\\\/revista\\\/#organization\"},\"potentialAction\":[{\"@type\":\"SearchAction\",\"target\":{\"@type\":\"EntryPoint\",\"urlTemplate\":\"https:\\\/\\\/centrourbano.com\\\/revista\\\/?s={search_term_string}\"},\"query-input\":{\"@type\":\"PropertyValueSpecification\",\"valueRequired\":true,\"valueName\":\"search_term_string\"}}],\"inLanguage\":\"es\"},{\"@type\":\"Organization\",\"@id\":\"https:\\\/\\\/centrourbano.com\\\/revista\\\/#organization\",\"name\":\"Centro Urbano\",\"url\":\"https:\\\/\\\/centrourbano.com\\\/revista\\\/\",\"logo\":{\"@type\":\"ImageObject\",\"inLanguage\":\"es\",\"@id\":\"https:\\\/\\\/centrourbano.com\\\/revista\\\/#\\\/schema\\\/logo\\\/image\\\/\",\"url\":\"https:\\\/\\\/centrourbano.com\\\/revista\\\/wp-content\\\/uploads\\\/web_CU_logo-1.png\",\"contentUrl\":\"https:\\\/\\\/centrourbano.com\\\/revista\\\/wp-content\\\/uploads\\\/web_CU_logo-1.png\",\"width\":350,\"height\":91,\"caption\":\"Centro Urbano\"},\"image\":{\"@id\":\"https:\\\/\\\/centrourbano.com\\\/revista\\\/#\\\/schema\\\/logo\\\/image\\\/\"},\"sameAs\":[\"https:\\\/\\\/www.facebook.com\\\/portalcentrourbano\",\"https:\\\/\\\/x.com\\\/CentroUrbano\",\"https:\\\/\\\/www.instagram.com\\\/centro_urbano\\\/\",\"https:\\\/\\\/www.linkedin.com\\\/company\\\/centro-urbano\\\/\",\"http:\\\/\\\/www.youtube.com\\\/user\\\/portalcentrourbano\"]},{\"@type\":\"Person\",\"@id\":\"https:\\\/\\\/centrourbano.com\\\/revista\\\/#\\\/schema\\\/person\\\/b45db815d96831257ba428a3d5a5fbdc\",\"name\":\"Dinorah Nava\",\"image\":{\"@type\":\"ImageObject\",\"inLanguage\":\"es\",\"@id\":\"https:\\\/\\\/secure.gravatar.com\\\/avatar\\\/f6ca6430c51d147f363940f84e1225aa4b8183885c11802cc3b042305a4ecc1a?s=96&d=mm&r=g\",\"url\":\"https:\\\/\\\/secure.gravatar.com\\\/avatar\\\/f6ca6430c51d147f363940f84e1225aa4b8183885c11802cc3b042305a4ecc1a?s=96&d=mm&r=g\",\"contentUrl\":\"https:\\\/\\\/secure.gravatar.com\\\/avatar\\\/f6ca6430c51d147f363940f84e1225aa4b8183885c11802cc3b042305a4ecc1a?s=96&d=mm&r=g\",\"caption\":\"Dinorah Nava\"},\"description\":\"Editora de Contenidos y Estrategias Digitales en Centro Urbano y Coeditora en Peri\u00f3dico Mi Casa. Egresada de la licenciatura en Comunicaci\u00f3n y Periodismo de la Facultad de Estudios Superiores Arag\u00f3n (UNAM). Amante de la edici\u00f3n y correcci\u00f3n de estilo, las redes sociales y el mundo digital. Especialista en temas son arquitectura, inmobiliario y urbanismo.\",\"sameAs\":[\"linkedin.com\\\/in\\\/dinorah-nava\",\"https:\\\/\\\/x.com\\\/https:\\\/\\\/twitter.com\\\/Dinorah_Nava28\"],\"url\":\"https:\\\/\\\/centrourbano.com\\\/revista\\\/author\\\/dinorah-nava\\\/\"}]}<\/script>\n<!-- \/ Yoast SEO plugin. -->","yoast_head_json":{"title":"Celebran los 'WAN Awards 2017' la excelencia en el dise\u00f1o","description":"La ceremonia de premiaci\u00f3n se llevar\u00e1 a cabo el 28 de febrero de 2018 en el London Marriott Hotel Grosvenor Square El pr\u00f3ximo 28 de febrero de 2018 el","robots":{"index":"index","follow":"follow","max-snippet":"max-snippet:-1","max-image-preview":"max-image-preview:large","max-video-preview":"max-video-preview:-1"},"canonical":"https:\/\/centrourbano.com\/revista\/arquitectura-2\/wan-awards\/","og_locale":"es_ES","og_type":"article","og_title":"Celebran los 'WAN Awards 2017' la excelencia en el dise\u00f1o","og_description":"La ceremonia de premiaci\u00f3n se llevar\u00e1 a cabo el 28 de febrero de 2018 en el London Marriott Hotel Grosvenor Square El pr\u00f3ximo 28 de febrero de 2018 el","og_url":"https:\/\/centrourbano.com\/revista\/arquitectura-2\/wan-awards\/","og_site_name":"Centro Urbano","article_publisher":"https:\/\/www.facebook.com\/portalcentrourbano","article_published_time":"2017-11-01T18:45:51+00:00","og_image":[{"width":460,"height":330,"url":"https:\/\/centrourbano.com\/revista\/wp-content\/uploads\/1508858019_2293_British_Home_Awards_2017_005-e1509561920374.jpg","type":"image\/jpeg"}],"author":"Dinorah Nava","twitter_card":"summary_large_image","twitter_creator":"@https:\/\/twitter.com\/Dinorah_Nava28","twitter_site":"@CentroUrbano","twitter_misc":{"Escrito por":"Dinorah Nava","Tiempo de lectura":"3 minutos"},"schema":{"@context":"https:\/\/schema.org","@graph":[{"@type":"Article","@id":"https:\/\/centrourbano.com\/revista\/arquitectura-2\/wan-awards\/#article","isPartOf":{"@id":"https:\/\/centrourbano.com\/revista\/arquitectura-2\/wan-awards\/"},"author":{"name":"Dinorah Nava","@id":"https:\/\/centrourbano.com\/revista\/#\/schema\/person\/b45db815d96831257ba428a3d5a5fbdc"},"headline":"Celebran los &#8216;WAN Awards 2017&#8217; la excelencia en el dise\u00f1o","datePublished":"2017-11-01T18:45:51+00:00","mainEntityOfPage":{"@id":"https:\/\/centrourbano.com\/revista\/arquitectura-2\/wan-awards\/"},"wordCount":575,"commentCount":0,"publisher":{"@id":"https:\/\/centrourbano.com\/revista\/#organization"},"image":{"@id":"https:\/\/centrourbano.com\/revista\/arquitectura-2\/wan-awards\/#primaryimage"},"thumbnailUrl":"https:\/\/centrourbano.com\/revista\/wp-content\/uploads\/1508858019_2293_British_Home_Awards_2017_005-e1509561920374.jpg","articleSection":["Arquitectura"],"inLanguage":"es","potentialAction":[{"@type":"CommentAction","name":"Comment","target":["https:\/\/centrourbano.com\/revista\/arquitectura-2\/wan-awards\/#respond"]}]},{"@type":"WebPage","@id":"https:\/\/centrourbano.com\/revista\/arquitectura-2\/wan-awards\/","url":"https:\/\/centrourbano.com\/revista\/arquitectura-2\/wan-awards\/","name":"Celebran los 'WAN Awards 2017' la excelencia en el dise\u00f1o","isPartOf":{"@id":"https:\/\/centrourbano.com\/revista\/#website"},"primaryImageOfPage":{"@id":"https:\/\/centrourbano.com\/revista\/arquitectura-2\/wan-awards\/#primaryimage"},"image":{"@id":"https:\/\/centrourbano.com\/revista\/arquitectura-2\/wan-awards\/#primaryimage"},"thumbnailUrl":"https:\/\/centrourbano.com\/revista\/wp-content\/uploads\/1508858019_2293_British_Home_Awards_2017_005-e1509561920374.jpg","datePublished":"2017-11-01T18:45:51+00:00","description":"La ceremonia de premiaci\u00f3n se llevar\u00e1 a cabo el 28 de febrero de 2018 en el London Marriott Hotel Grosvenor Square El pr\u00f3ximo 28 de febrero de 2018 el","breadcrumb":{"@id":"https:\/\/centrourbano.com\/revista\/arquitectura-2\/wan-awards\/#breadcrumb"},"inLanguage":"es","potentialAction":[{"@type":"ReadAction","target":["https:\/\/centrourbano.com\/revista\/arquitectura-2\/wan-awards\/"]}]},{"@type":"ImageObject","inLanguage":"es","@id":"https:\/\/centrourbano.com\/revista\/arquitectura-2\/wan-awards\/#primaryimage","url":"https:\/\/centrourbano.com\/revista\/wp-content\/uploads\/1508858019_2293_British_Home_Awards_2017_005-e1509561920374.jpg","contentUrl":"https:\/\/centrourbano.com\/revista\/wp-content\/uploads\/1508858019_2293_British_Home_Awards_2017_005-e1509561920374.jpg","width":460,"height":330,"caption":"Celebran los 'WAN Awards 2017' la excelencia en el dise\u00f1o"},{"@type":"BreadcrumbList","@id":"https:\/\/centrourbano.com\/revista\/arquitectura-2\/wan-awards\/#breadcrumb","itemListElement":[{"@type":"ListItem","position":1,"name":"Portada","item":"https:\/\/centrourbano.com\/revista\/"},{"@type":"ListItem","position":2,"name":"Celebran los &#8216;WAN Awards 2017&#8217; la excelencia en el dise\u00f1o"}]},{"@type":"WebSite","@id":"https:\/\/centrourbano.com\/revista\/#website","url":"https:\/\/centrourbano.com\/revista\/","name":"Centro Urbano","description":"Medio especializado en los sectores vivienda, inmobiliario, construcci\u00f3n, arquitectura y urbanismo.","publisher":{"@id":"https:\/\/centrourbano.com\/revista\/#organization"},"potentialAction":[{"@type":"SearchAction","target":{"@type":"EntryPoint","urlTemplate":"https:\/\/centrourbano.com\/revista\/?s={search_term_string}"},"query-input":{"@type":"PropertyValueSpecification","valueRequired":true,"valueName":"search_term_string"}}],"inLanguage":"es"},{"@type":"Organization","@id":"https:\/\/centrourbano.com\/revista\/#organization","name":"Centro Urbano","url":"https:\/\/centrourbano.com\/revista\/","logo":{"@type":"ImageObject","inLanguage":"es","@id":"https:\/\/centrourbano.com\/revista\/#\/schema\/logo\/image\/","url":"https:\/\/centrourbano.com\/revista\/wp-content\/uploads\/web_CU_logo-1.png","contentUrl":"https:\/\/centrourbano.com\/revista\/wp-content\/uploads\/web_CU_logo-1.png","width":350,"height":91,"caption":"Centro Urbano"},"image":{"@id":"https:\/\/centrourbano.com\/revista\/#\/schema\/logo\/image\/"},"sameAs":["https:\/\/www.facebook.com\/portalcentrourbano","https:\/\/x.com\/CentroUrbano","https:\/\/www.instagram.com\/centro_urbano\/","https:\/\/www.linkedin.com\/company\/centro-urbano\/","http:\/\/www.youtube.com\/user\/portalcentrourbano"]},{"@type":"Person","@id":"https:\/\/centrourbano.com\/revista\/#\/schema\/person\/b45db815d96831257ba428a3d5a5fbdc","name":"Dinorah Nava","image":{"@type":"ImageObject","inLanguage":"es","@id":"https:\/\/secure.gravatar.com\/avatar\/f6ca6430c51d147f363940f84e1225aa4b8183885c11802cc3b042305a4ecc1a?s=96&d=mm&r=g","url":"https:\/\/secure.gravatar.com\/avatar\/f6ca6430c51d147f363940f84e1225aa4b8183885c11802cc3b042305a4ecc1a?s=96&d=mm&r=g","contentUrl":"https:\/\/secure.gravatar.com\/avatar\/f6ca6430c51d147f363940f84e1225aa4b8183885c11802cc3b042305a4ecc1a?s=96&d=mm&r=g","caption":"Dinorah Nava"},"description":"Editora de Contenidos y Estrategias Digitales en Centro Urbano y Coeditora en Peri\u00f3dico Mi Casa. Egresada de la licenciatura en Comunicaci\u00f3n y Periodismo de la Facultad de Estudios Superiores Arag\u00f3n (UNAM). Amante de la edici\u00f3n y correcci\u00f3n de estilo, las redes sociales y el mundo digital. Especialista en temas son arquitectura, inmobiliario y urbanismo.","sameAs":["linkedin.com\/in\/dinorah-nava","https:\/\/x.com\/https:\/\/twitter.com\/Dinorah_Nava28"],"url":"https:\/\/centrourbano.com\/revista\/author\/dinorah-nava\/"}]}},"_links":{"self":[{"href":"https:\/\/centrourbano.com\/revista\/wp-json\/wp\/v2\/posts\/62067","targetHints":{"allow":["GET"]}}],"collection":[{"href":"https:\/\/centrourbano.com\/revista\/wp-json\/wp\/v2\/posts"}],"about":[{"href":"https:\/\/centrourbano.com\/revista\/wp-json\/wp\/v2\/types\/post"}],"author":[{"embeddable":true,"href":"https:\/\/centrourbano.com\/revista\/wp-json\/wp\/v2\/users\/9"}],"replies":[{"embeddable":true,"href":"https:\/\/centrourbano.com\/revista\/wp-json\/wp\/v2\/comments?post=62067"}],"version-history":[{"count":1,"href":"https:\/\/centrourbano.com\/revista\/wp-json\/wp\/v2\/posts\/62067\/revisions"}],"predecessor-version":[{"id":62069,"href":"https:\/\/centrourbano.com\/revista\/wp-json\/wp\/v2\/posts\/62067\/revisions\/62069"}],"wp:featuredmedia":[{"embeddable":true,"href":"https:\/\/centrourbano.com\/revista\/wp-json\/wp\/v2\/media\/62068"}],"wp:attachment":[{"href":"https:\/\/centrourbano.com\/revista\/wp-json\/wp\/v2\/media?parent=62067"}],"wp:term":[{"taxonomy":"category","embeddable":true,"href":"https:\/\/centrourbano.com\/revista\/wp-json\/wp\/v2\/categories?post=62067"},{"taxonomy":"post_tag","embeddable":true,"href":"https:\/\/centrourbano.com\/revista\/wp-json\/wp\/v2\/tags?post=62067"}],"curies":[{"name":"wp","href":"https:\/\/api.w.org\/{rel}","templated":true}]}}