{"id":61988,"date":"2017-10-31T14:54:54","date_gmt":"2017-10-31T20:54:54","guid":{"rendered":"https:\/\/centrourbano.com\/?p=61988"},"modified":"2017-11-23T10:58:42","modified_gmt":"2017-11-23T16:58:42","slug":"al-3t2017-fibra-danhos-incremento-ingreso-neto","status":"publish","type":"post","link":"https:\/\/centrourbano.com\/revista\/inmobiliario\/al-3t2017-fibra-danhos-incremento-ingreso-neto\/","title":{"rendered":"Al 3T2017 Fibra Danhos increment\u00f3 su ingreso neto"},"content":{"rendered":"<p><em>Torre Virreyes registr\u00f3 el inicio de operaciones de varios inquilinos y lleg\u00f3 a 95% de contratos de arrendamiento<\/em><br \/>\n<!--more--><\/p>\n<p><a href=\"http:\/\/www.fibradanhos.com.mx\/\" rel=\"noopener\" target=\"_blank\">Fibra Danhos<\/a> dio a conocer que al t\u00e9rmino del tercer trimestre de este a\u00f1o alcanz\u00f3 un ingreso neto operativo (NOI) de 796.8 millones de pesos, cifra que representa un crecimiento de 28% durante el a\u00f1o; adem\u00e1s, el NOI por Certificado Burs\u00e1til Fiduciario Inmobiliario (CBFI) fue de 0.6 pesos, con lo que logr\u00f3 un crecimiento de 18% respecto al tercer trimestre del a\u00f1o pasado. <\/p>\n<p>\u201cEsta cifra muestra la transformaci\u00f3n en la composici\u00f3n de nuestros fondos ajustados de operaciones (AFFO), en el que se observa una menor contribuci\u00f3n de contraprestaciones \u00fanicas y mayor contribuci\u00f3n de ingresos estabilizados de largo plazo. Aproximadamente 84% del AFFO del trimestre proviene del NOI sin las contraprestaciones\u201d, explic\u00f3 la compa\u00f1\u00eda en su reporte trimestral. <\/p>\n<p>Durante el trimestre generaron 884.7 millones de pesos de AFFO, que representan 0.66 pesos por CBFI, en comparaci\u00f3n con los con 791.1 millones generados en el tercer trimestre de 2016 que representaron 0.64 pesos por CBFI, es decir, signific\u00f3 un aumento de 11.8% en AFFO, y de 3.1% en AFFO por CBFI, ya que los certificados pasaron de 1,233.4 millones a 1,338 millones. <\/p>\n<p>Respecto a la operaci\u00f3n de sus centros comerciales, Fibra Danhos inform\u00f3 que <a href=\"http:\/\/www.parquepuebla.com.mx\/\" rel=\"noopener\" target=\"_blank\">Parque Puebla<\/a> abri\u00f3 sus puertas el 26 de septiembre, con Liverpool, Cin\u00e9polis, tiendas sub-ancla, boutiques, restaurantes, conceptos de entretenimiento y otros servicios.<\/p>\n<p>\u201c<a href=\"http:\/\/www.fibradanhos.com.mx\/properties\/11\/\" rel=\"noopener\" target=\"_blank\">Parque Las Antenas<\/a> alcanz\u00f3 un avance de obra global de 83%. Tenemos contratos de arrendamiento firmados y en proceso de firma por 54% de su \u00c1rea Bruta Rentable (ABR) y seguimos en l\u00ednea con nuestro objetivo de apertura durante el segundo trimestre de 2018\u201d. <\/p>\n<p>Asimismo, en <a href=\"http:\/\/www.toreoparquecentral.com\/\" rel=\"noopener\" target=\"_blank\">Toreo Parque Central<\/a>, <a href=\"https:\/\/www.liverpool.com.mx\/tienda\/home.jsp\" rel=\"noopener\" target=\"_blank\">Liverpool<\/a> abri\u00f3 sus puertas el 12 de octubre. Con lo que el componente comercial de Toreo alcanz\u00f3 84.7 millones de pesos y recibi\u00f3 a m\u00e1s de 3.4 millones de visitantes y m\u00e1s de 550,000 veh\u00edculos. <\/p>\n<p>En el caso de <a href=\"http:\/\/www.parqueviavallejo.com\/\" rel=\"noopener\" target=\"_blank\">Parque V\u00eda Vallejo<\/a>, su ingreso neto operativo alcanz\u00f3 51.8 millones de pesos durante el periodo. El centro comercial recibi\u00f3 m\u00e1s de 2.6 millones de visitantes y 450,000 veh\u00edculos; a la fecha, 95% de su ARB se encuentra en operaci\u00f3n.<\/p>\n<p>La afluencia de visitantes creci\u00f3 15.9% respecto al a\u00f1o anterior, al tener 22.9 millones de visitantes durante el trimestre. La ocupaci\u00f3n mismas propiedades registr\u00f3 un nivel estable de 98.2% y la renta promedio por metro cuadrado (m\u00b2) incremento 6.4% para alcanzar 371.2 pesos por metro cuadrado. <\/p>\n<p>\u201c<a href=\"http:\/\/www.danhos.com.mx\/index.php\/oficinas\/11-centros-comerciales\/62-virreyes\" rel=\"noopener\" target=\"_blank\">Torre Virreye<\/a>s esta 100% comercializada y su ocupaci\u00f3n econ\u00f3mica se encuentra a 95%, mientras que su NOI alcanz\u00f3 116.6 millones de pesos durante el trimestre y consecuentemente se liberaron derechos econ\u00f3micos del 100% de los CBFI emitidos por su aportaci\u00f3n\u201d. <\/p>\n<p>Salvador Daniel Kabbaz, director general de la empresa, dijo que dichos indicadores confirman un comportamiento positivo de sus operaciones, tanto en la parte de oficinas, como en la comercial. <\/p>\n<p>\u201cEn oficinas destaca el inicio de operaciones de varios inquilinos en Torre Virreyes, llev\u00e1ndola a un nivel de ocupaci\u00f3n econ\u00f3mica de 95%, as\u00ed como contratos en proceso de firma por 8,200 m\u00b2 en las torres de oficina de Toreo. Nuestro portafolio en operaci\u00f3n contin\u00faa en proceso de estabilizaci\u00f3n con los m\u00e1s recientes proyectos, con ingresos trimestrales de 1,008 millones de pesos y una afluencia total de 22.9 millones de visitantes\u201d. <\/p>\n<p>Agreg\u00f3 que a cuatro a\u00f1os de cotizar en la <a href=\"https:\/\/www.bmv.com.mx\/\" rel=\"noopener\" target=\"_blank\">Bolsa Mexicana de Valores<\/a> (BMV), su portafolio inicial creci\u00f3 2.9 veces medido por ABR, con estabilidad en el desempe\u00f1o y rentabilidad, as\u00ed como cumplimiento con los compromisos y presupuestos anunciados. Los activos productivos representan 86% del portafolio total, con la reducci\u00f3n en la percepci\u00f3n de riesgo de desarrollo. <\/p>\n<p>\u201cEstos resultados se han logrado en apego al crecimiento de la base de inmuebles de calidad premier; enfoque a la econom\u00eda interna; alineaci\u00f3n de intereses con nuestros inversionistas; sanas pr\u00e1cticas de gobierno corporativo; prudencia en la selecci\u00f3n de riesgos y bajo nivel de apalancamiento. <\/p>\n<p>\u201cEl planteamiento de una estrategia clara y su eficiente ejecuci\u00f3n, se ha traducido en visibilidad, transparencia y creaci\u00f3n de valor. Aprovecho la oportunidad para agradecer a nuestros accionistas la confianza que nos han depositado, y al equipo de Fibra Danhos su esfuerzo, compromiso y empe\u00f1o\u201d, concluy\u00f3 el empresario.<\/p>\n","protected":false},"excerpt":{"rendered":"<p>Torre Virreyes registr\u00f3 el inicio de operaciones de varios inquilinos y lleg\u00f3 a 95% de contratos de arrendamiento<\/p>\n","protected":false},"author":37,"featured_media":62015,"comment_status":"open","ping_status":"closed","sticky":false,"template":"","format":"standard","meta":{"om_disable_all_campaigns":false,"inline_featured_image":false,"_monsterinsights_skip_tracking":false,"_monsterinsights_sitenote_active":false,"_monsterinsights_sitenote_note":"","_monsterinsights_sitenote_category":0,"footnotes":""},"categories":[15],"tags":[62,10454,6808,8900,7771,3622],"class_list":["post-61988","post","type-post","status-publish","format-standard","has-post-thumbnail","hentry","category-inmobiliario","tag-fibra-danhos","tag-parque-las-antenas","tag-parque-puebla","tag-parque-via-vallejo","tag-salvador-daniel-kabbaz","tag-toreo-parque-central"],"yoast_head":"<!-- This site is optimized with the Yoast SEO plugin v27.4 - https:\/\/yoast.com\/product\/yoast-seo-wordpress\/ -->\n<title>Al 3T2017 Fibra Danhos increment\u00f3 su ingreso neto -<\/title>\n<meta name=\"description\" content=\"Torre Virreyes registr\u00f3 el inicio de operaciones de varios inquilinos y lleg\u00f3 a 95% de contratos de arrendamiento Fibra Danhos dio a conocer que al\" \/>\n<meta name=\"robots\" content=\"index, follow, max-snippet:-1, max-image-preview:large, max-video-preview:-1\" \/>\n<link rel=\"canonical\" href=\"https:\/\/centrourbano.com\/revista\/inmobiliario\/al-3t2017-fibra-danhos-incremento-ingreso-neto\/\" \/>\n<meta property=\"og:locale\" content=\"es_ES\" \/>\n<meta property=\"og:type\" content=\"article\" \/>\n<meta property=\"og:title\" content=\"Al 3T2017 Fibra Danhos increment\u00f3 su ingreso neto -\" \/>\n<meta property=\"og:description\" content=\"Torre Virreyes registr\u00f3 el inicio de operaciones de varios inquilinos y lleg\u00f3 a 95% de contratos de arrendamiento Fibra Danhos dio a conocer que al\" \/>\n<meta property=\"og:url\" content=\"https:\/\/centrourbano.com\/revista\/inmobiliario\/al-3t2017-fibra-danhos-incremento-ingreso-neto\/\" \/>\n<meta property=\"og:site_name\" content=\"Centro Urbano\" \/>\n<meta property=\"article:publisher\" content=\"https:\/\/www.facebook.com\/portalcentrourbano\" \/>\n<meta property=\"article:published_time\" content=\"2017-10-31T20:54:54+00:00\" \/>\n<meta property=\"article:modified_time\" content=\"2017-11-23T16:58:42+00:00\" \/>\n<meta property=\"og:image\" content=\"https:\/\/centrourbano.com\/revista\/wp-content\/uploads\/delta-e1509483038613.jpg\" \/>\n\t<meta property=\"og:image:width\" content=\"800\" \/>\n\t<meta property=\"og:image:height\" content=\"600\" \/>\n\t<meta property=\"og:image:type\" content=\"image\/jpeg\" \/>\n<meta name=\"author\" content=\"Diego Rodr\u00edguez\" \/>\n<meta name=\"twitter:card\" content=\"summary_large_image\" \/>\n<meta name=\"twitter:creator\" content=\"@CentroUrbano\" \/>\n<meta name=\"twitter:site\" content=\"@CentroUrbano\" \/>\n<meta name=\"twitter:label1\" content=\"Escrito por\" \/>\n\t<meta name=\"twitter:data1\" content=\"Diego Rodr\u00edguez\" \/>\n\t<meta name=\"twitter:label2\" content=\"Tiempo de lectura\" \/>\n\t<meta name=\"twitter:data2\" content=\"3 minutos\" \/>\n<script type=\"application\/ld+json\" class=\"yoast-schema-graph\">{\"@context\":\"https:\\\/\\\/schema.org\",\"@graph\":[{\"@type\":\"Article\",\"@id\":\"https:\\\/\\\/centrourbano.com\\\/revista\\\/inmobiliario\\\/al-3t2017-fibra-danhos-incremento-ingreso-neto\\\/#article\",\"isPartOf\":{\"@id\":\"https:\\\/\\\/centrourbano.com\\\/revista\\\/inmobiliario\\\/al-3t2017-fibra-danhos-incremento-ingreso-neto\\\/\"},\"author\":{\"name\":\"Diego Rodr\u00edguez\",\"@id\":\"https:\\\/\\\/centrourbano.com\\\/revista\\\/#\\\/schema\\\/person\\\/b50192a3cd0e680841b45dc537f53970\"},\"headline\":\"Al 3T2017 Fibra Danhos increment\u00f3 su ingreso neto\",\"datePublished\":\"2017-10-31T20:54:54+00:00\",\"dateModified\":\"2017-11-23T16:58:42+00:00\",\"mainEntityOfPage\":{\"@id\":\"https:\\\/\\\/centrourbano.com\\\/revista\\\/inmobiliario\\\/al-3t2017-fibra-danhos-incremento-ingreso-neto\\\/\"},\"wordCount\":705,\"commentCount\":0,\"publisher\":{\"@id\":\"https:\\\/\\\/centrourbano.com\\\/revista\\\/#organization\"},\"image\":{\"@id\":\"https:\\\/\\\/centrourbano.com\\\/revista\\\/inmobiliario\\\/al-3t2017-fibra-danhos-incremento-ingreso-neto\\\/#primaryimage\"},\"thumbnailUrl\":\"https:\\\/\\\/centrourbano.com\\\/revista\\\/wp-content\\\/uploads\\\/delta-e1509483038613.jpg\",\"keywords\":[\"Fibra Danhos\",\"Parque Las Antenas\",\"Parque Puebla\",\"Parque V\u00eda Vallejo\",\"Salvador Daniel Kabbaz\",\"Toreo Parque Central\"],\"articleSection\":[\"Inmobiliario\"],\"inLanguage\":\"es\",\"potentialAction\":[{\"@type\":\"CommentAction\",\"name\":\"Comment\",\"target\":[\"https:\\\/\\\/centrourbano.com\\\/revista\\\/inmobiliario\\\/al-3t2017-fibra-danhos-incremento-ingreso-neto\\\/#respond\"]}]},{\"@type\":\"WebPage\",\"@id\":\"https:\\\/\\\/centrourbano.com\\\/revista\\\/inmobiliario\\\/al-3t2017-fibra-danhos-incremento-ingreso-neto\\\/\",\"url\":\"https:\\\/\\\/centrourbano.com\\\/revista\\\/inmobiliario\\\/al-3t2017-fibra-danhos-incremento-ingreso-neto\\\/\",\"name\":\"Al 3T2017 Fibra Danhos increment\u00f3 su ingreso neto -\",\"isPartOf\":{\"@id\":\"https:\\\/\\\/centrourbano.com\\\/revista\\\/#website\"},\"primaryImageOfPage\":{\"@id\":\"https:\\\/\\\/centrourbano.com\\\/revista\\\/inmobiliario\\\/al-3t2017-fibra-danhos-incremento-ingreso-neto\\\/#primaryimage\"},\"image\":{\"@id\":\"https:\\\/\\\/centrourbano.com\\\/revista\\\/inmobiliario\\\/al-3t2017-fibra-danhos-incremento-ingreso-neto\\\/#primaryimage\"},\"thumbnailUrl\":\"https:\\\/\\\/centrourbano.com\\\/revista\\\/wp-content\\\/uploads\\\/delta-e1509483038613.jpg\",\"datePublished\":\"2017-10-31T20:54:54+00:00\",\"dateModified\":\"2017-11-23T16:58:42+00:00\",\"description\":\"Torre Virreyes registr\u00f3 el inicio de operaciones de varios inquilinos y lleg\u00f3 a 95% de contratos de arrendamiento Fibra Danhos dio a conocer que al\",\"breadcrumb\":{\"@id\":\"https:\\\/\\\/centrourbano.com\\\/revista\\\/inmobiliario\\\/al-3t2017-fibra-danhos-incremento-ingreso-neto\\\/#breadcrumb\"},\"inLanguage\":\"es\",\"potentialAction\":[{\"@type\":\"ReadAction\",\"target\":[\"https:\\\/\\\/centrourbano.com\\\/revista\\\/inmobiliario\\\/al-3t2017-fibra-danhos-incremento-ingreso-neto\\\/\"]}]},{\"@type\":\"ImageObject\",\"inLanguage\":\"es\",\"@id\":\"https:\\\/\\\/centrourbano.com\\\/revista\\\/inmobiliario\\\/al-3t2017-fibra-danhos-incremento-ingreso-neto\\\/#primaryimage\",\"url\":\"https:\\\/\\\/centrourbano.com\\\/revista\\\/wp-content\\\/uploads\\\/delta-e1509483038613.jpg\",\"contentUrl\":\"https:\\\/\\\/centrourbano.com\\\/revista\\\/wp-content\\\/uploads\\\/delta-e1509483038613.jpg\",\"width\":800,\"height\":600,\"caption\":\"Torre Virreyes registr\u00f3 el inicio de operaciones de varios inquilinos y lleg\u00f3 a 95% de contratos de arrendamiento\"},{\"@type\":\"BreadcrumbList\",\"@id\":\"https:\\\/\\\/centrourbano.com\\\/revista\\\/inmobiliario\\\/al-3t2017-fibra-danhos-incremento-ingreso-neto\\\/#breadcrumb\",\"itemListElement\":[{\"@type\":\"ListItem\",\"position\":1,\"name\":\"Portada\",\"item\":\"https:\\\/\\\/centrourbano.com\\\/revista\\\/\"},{\"@type\":\"ListItem\",\"position\":2,\"name\":\"Al 3T2017 Fibra Danhos increment\u00f3 su ingreso neto\"}]},{\"@type\":\"WebSite\",\"@id\":\"https:\\\/\\\/centrourbano.com\\\/revista\\\/#website\",\"url\":\"https:\\\/\\\/centrourbano.com\\\/revista\\\/\",\"name\":\"Centro Urbano\",\"description\":\"Medio especializado en los sectores vivienda, inmobiliario, construcci\u00f3n, arquitectura y urbanismo.\",\"publisher\":{\"@id\":\"https:\\\/\\\/centrourbano.com\\\/revista\\\/#organization\"},\"potentialAction\":[{\"@type\":\"SearchAction\",\"target\":{\"@type\":\"EntryPoint\",\"urlTemplate\":\"https:\\\/\\\/centrourbano.com\\\/revista\\\/?s={search_term_string}\"},\"query-input\":{\"@type\":\"PropertyValueSpecification\",\"valueRequired\":true,\"valueName\":\"search_term_string\"}}],\"inLanguage\":\"es\"},{\"@type\":\"Organization\",\"@id\":\"https:\\\/\\\/centrourbano.com\\\/revista\\\/#organization\",\"name\":\"Centro Urbano\",\"url\":\"https:\\\/\\\/centrourbano.com\\\/revista\\\/\",\"logo\":{\"@type\":\"ImageObject\",\"inLanguage\":\"es\",\"@id\":\"https:\\\/\\\/centrourbano.com\\\/revista\\\/#\\\/schema\\\/logo\\\/image\\\/\",\"url\":\"https:\\\/\\\/centrourbano.com\\\/revista\\\/wp-content\\\/uploads\\\/web_CU_logo-1.png\",\"contentUrl\":\"https:\\\/\\\/centrourbano.com\\\/revista\\\/wp-content\\\/uploads\\\/web_CU_logo-1.png\",\"width\":350,\"height\":91,\"caption\":\"Centro Urbano\"},\"image\":{\"@id\":\"https:\\\/\\\/centrourbano.com\\\/revista\\\/#\\\/schema\\\/logo\\\/image\\\/\"},\"sameAs\":[\"https:\\\/\\\/www.facebook.com\\\/portalcentrourbano\",\"https:\\\/\\\/x.com\\\/CentroUrbano\",\"https:\\\/\\\/www.instagram.com\\\/centro_urbano\\\/\",\"https:\\\/\\\/www.linkedin.com\\\/company\\\/centro-urbano\\\/\",\"http:\\\/\\\/www.youtube.com\\\/user\\\/portalcentrourbano\"]},{\"@type\":\"Person\",\"@id\":\"https:\\\/\\\/centrourbano.com\\\/revista\\\/#\\\/schema\\\/person\\\/b50192a3cd0e680841b45dc537f53970\",\"name\":\"Diego Rodr\u00edguez\",\"image\":{\"@type\":\"ImageObject\",\"inLanguage\":\"es\",\"@id\":\"https:\\\/\\\/secure.gravatar.com\\\/avatar\\\/d217565525df2df5d4e7265d47758506f41845ed9529510921a7625d8365789d?s=96&d=mm&r=g\",\"url\":\"https:\\\/\\\/secure.gravatar.com\\\/avatar\\\/d217565525df2df5d4e7265d47758506f41845ed9529510921a7625d8365789d?s=96&d=mm&r=g\",\"contentUrl\":\"https:\\\/\\\/secure.gravatar.com\\\/avatar\\\/d217565525df2df5d4e7265d47758506f41845ed9529510921a7625d8365789d?s=96&d=mm&r=g\",\"caption\":\"Diego Rodr\u00edguez\"},\"description\":\"Egresado de la Facultad de Estudios Superiores Acatl\u00e1n de la carrera en Comunicaci\u00f3n, con especialidad en medios escritos. Reportero del desaparecido peri\u00f3dico Nuestro M\u00e9xico, en donde cubri\u00f3 las fuentes delegacionales y Asamblea Legislativa. Tambi\u00e9n trabaj\u00f3 en la Coordinaci\u00f3n de Comunicaci\u00f3n Social en la delegaci\u00f3n \u00c1lvaro Obreg\u00f3n. Le gusta leer novelas y cuentos.\",\"url\":\"https:\\\/\\\/centrourbano.com\\\/revista\\\/author\\\/diegorodriguez\\\/\"}]}<\/script>\n<!-- \/ Yoast SEO plugin. -->","yoast_head_json":{"title":"Al 3T2017 Fibra Danhos increment\u00f3 su ingreso neto -","description":"Torre Virreyes registr\u00f3 el inicio de operaciones de varios inquilinos y lleg\u00f3 a 95% de contratos de arrendamiento Fibra Danhos dio a conocer que al","robots":{"index":"index","follow":"follow","max-snippet":"max-snippet:-1","max-image-preview":"max-image-preview:large","max-video-preview":"max-video-preview:-1"},"canonical":"https:\/\/centrourbano.com\/revista\/inmobiliario\/al-3t2017-fibra-danhos-incremento-ingreso-neto\/","og_locale":"es_ES","og_type":"article","og_title":"Al 3T2017 Fibra Danhos increment\u00f3 su ingreso neto -","og_description":"Torre Virreyes registr\u00f3 el inicio de operaciones de varios inquilinos y lleg\u00f3 a 95% de contratos de arrendamiento Fibra Danhos dio a conocer que al","og_url":"https:\/\/centrourbano.com\/revista\/inmobiliario\/al-3t2017-fibra-danhos-incremento-ingreso-neto\/","og_site_name":"Centro Urbano","article_publisher":"https:\/\/www.facebook.com\/portalcentrourbano","article_published_time":"2017-10-31T20:54:54+00:00","article_modified_time":"2017-11-23T16:58:42+00:00","og_image":[{"width":800,"height":600,"url":"https:\/\/centrourbano.com\/revista\/wp-content\/uploads\/delta-e1509483038613.jpg","type":"image\/jpeg"}],"author":"Diego Rodr\u00edguez","twitter_card":"summary_large_image","twitter_creator":"@CentroUrbano","twitter_site":"@CentroUrbano","twitter_misc":{"Escrito por":"Diego Rodr\u00edguez","Tiempo de lectura":"3 minutos"},"schema":{"@context":"https:\/\/schema.org","@graph":[{"@type":"Article","@id":"https:\/\/centrourbano.com\/revista\/inmobiliario\/al-3t2017-fibra-danhos-incremento-ingreso-neto\/#article","isPartOf":{"@id":"https:\/\/centrourbano.com\/revista\/inmobiliario\/al-3t2017-fibra-danhos-incremento-ingreso-neto\/"},"author":{"name":"Diego Rodr\u00edguez","@id":"https:\/\/centrourbano.com\/revista\/#\/schema\/person\/b50192a3cd0e680841b45dc537f53970"},"headline":"Al 3T2017 Fibra Danhos increment\u00f3 su ingreso neto","datePublished":"2017-10-31T20:54:54+00:00","dateModified":"2017-11-23T16:58:42+00:00","mainEntityOfPage":{"@id":"https:\/\/centrourbano.com\/revista\/inmobiliario\/al-3t2017-fibra-danhos-incremento-ingreso-neto\/"},"wordCount":705,"commentCount":0,"publisher":{"@id":"https:\/\/centrourbano.com\/revista\/#organization"},"image":{"@id":"https:\/\/centrourbano.com\/revista\/inmobiliario\/al-3t2017-fibra-danhos-incremento-ingreso-neto\/#primaryimage"},"thumbnailUrl":"https:\/\/centrourbano.com\/revista\/wp-content\/uploads\/delta-e1509483038613.jpg","keywords":["Fibra Danhos","Parque Las Antenas","Parque Puebla","Parque V\u00eda Vallejo","Salvador Daniel Kabbaz","Toreo Parque Central"],"articleSection":["Inmobiliario"],"inLanguage":"es","potentialAction":[{"@type":"CommentAction","name":"Comment","target":["https:\/\/centrourbano.com\/revista\/inmobiliario\/al-3t2017-fibra-danhos-incremento-ingreso-neto\/#respond"]}]},{"@type":"WebPage","@id":"https:\/\/centrourbano.com\/revista\/inmobiliario\/al-3t2017-fibra-danhos-incremento-ingreso-neto\/","url":"https:\/\/centrourbano.com\/revista\/inmobiliario\/al-3t2017-fibra-danhos-incremento-ingreso-neto\/","name":"Al 3T2017 Fibra Danhos increment\u00f3 su ingreso neto -","isPartOf":{"@id":"https:\/\/centrourbano.com\/revista\/#website"},"primaryImageOfPage":{"@id":"https:\/\/centrourbano.com\/revista\/inmobiliario\/al-3t2017-fibra-danhos-incremento-ingreso-neto\/#primaryimage"},"image":{"@id":"https:\/\/centrourbano.com\/revista\/inmobiliario\/al-3t2017-fibra-danhos-incremento-ingreso-neto\/#primaryimage"},"thumbnailUrl":"https:\/\/centrourbano.com\/revista\/wp-content\/uploads\/delta-e1509483038613.jpg","datePublished":"2017-10-31T20:54:54+00:00","dateModified":"2017-11-23T16:58:42+00:00","description":"Torre Virreyes registr\u00f3 el inicio de operaciones de varios inquilinos y lleg\u00f3 a 95% de contratos de arrendamiento Fibra Danhos dio a conocer que al","breadcrumb":{"@id":"https:\/\/centrourbano.com\/revista\/inmobiliario\/al-3t2017-fibra-danhos-incremento-ingreso-neto\/#breadcrumb"},"inLanguage":"es","potentialAction":[{"@type":"ReadAction","target":["https:\/\/centrourbano.com\/revista\/inmobiliario\/al-3t2017-fibra-danhos-incremento-ingreso-neto\/"]}]},{"@type":"ImageObject","inLanguage":"es","@id":"https:\/\/centrourbano.com\/revista\/inmobiliario\/al-3t2017-fibra-danhos-incremento-ingreso-neto\/#primaryimage","url":"https:\/\/centrourbano.com\/revista\/wp-content\/uploads\/delta-e1509483038613.jpg","contentUrl":"https:\/\/centrourbano.com\/revista\/wp-content\/uploads\/delta-e1509483038613.jpg","width":800,"height":600,"caption":"Torre Virreyes registr\u00f3 el inicio de operaciones de varios inquilinos y lleg\u00f3 a 95% de contratos de arrendamiento"},{"@type":"BreadcrumbList","@id":"https:\/\/centrourbano.com\/revista\/inmobiliario\/al-3t2017-fibra-danhos-incremento-ingreso-neto\/#breadcrumb","itemListElement":[{"@type":"ListItem","position":1,"name":"Portada","item":"https:\/\/centrourbano.com\/revista\/"},{"@type":"ListItem","position":2,"name":"Al 3T2017 Fibra Danhos increment\u00f3 su ingreso neto"}]},{"@type":"WebSite","@id":"https:\/\/centrourbano.com\/revista\/#website","url":"https:\/\/centrourbano.com\/revista\/","name":"Centro Urbano","description":"Medio especializado en los sectores vivienda, inmobiliario, construcci\u00f3n, arquitectura y urbanismo.","publisher":{"@id":"https:\/\/centrourbano.com\/revista\/#organization"},"potentialAction":[{"@type":"SearchAction","target":{"@type":"EntryPoint","urlTemplate":"https:\/\/centrourbano.com\/revista\/?s={search_term_string}"},"query-input":{"@type":"PropertyValueSpecification","valueRequired":true,"valueName":"search_term_string"}}],"inLanguage":"es"},{"@type":"Organization","@id":"https:\/\/centrourbano.com\/revista\/#organization","name":"Centro Urbano","url":"https:\/\/centrourbano.com\/revista\/","logo":{"@type":"ImageObject","inLanguage":"es","@id":"https:\/\/centrourbano.com\/revista\/#\/schema\/logo\/image\/","url":"https:\/\/centrourbano.com\/revista\/wp-content\/uploads\/web_CU_logo-1.png","contentUrl":"https:\/\/centrourbano.com\/revista\/wp-content\/uploads\/web_CU_logo-1.png","width":350,"height":91,"caption":"Centro Urbano"},"image":{"@id":"https:\/\/centrourbano.com\/revista\/#\/schema\/logo\/image\/"},"sameAs":["https:\/\/www.facebook.com\/portalcentrourbano","https:\/\/x.com\/CentroUrbano","https:\/\/www.instagram.com\/centro_urbano\/","https:\/\/www.linkedin.com\/company\/centro-urbano\/","http:\/\/www.youtube.com\/user\/portalcentrourbano"]},{"@type":"Person","@id":"https:\/\/centrourbano.com\/revista\/#\/schema\/person\/b50192a3cd0e680841b45dc537f53970","name":"Diego Rodr\u00edguez","image":{"@type":"ImageObject","inLanguage":"es","@id":"https:\/\/secure.gravatar.com\/avatar\/d217565525df2df5d4e7265d47758506f41845ed9529510921a7625d8365789d?s=96&d=mm&r=g","url":"https:\/\/secure.gravatar.com\/avatar\/d217565525df2df5d4e7265d47758506f41845ed9529510921a7625d8365789d?s=96&d=mm&r=g","contentUrl":"https:\/\/secure.gravatar.com\/avatar\/d217565525df2df5d4e7265d47758506f41845ed9529510921a7625d8365789d?s=96&d=mm&r=g","caption":"Diego Rodr\u00edguez"},"description":"Egresado de la Facultad de Estudios Superiores Acatl\u00e1n de la carrera en Comunicaci\u00f3n, con especialidad en medios escritos. Reportero del desaparecido peri\u00f3dico Nuestro M\u00e9xico, en donde cubri\u00f3 las fuentes delegacionales y Asamblea Legislativa. Tambi\u00e9n trabaj\u00f3 en la Coordinaci\u00f3n de Comunicaci\u00f3n Social en la delegaci\u00f3n \u00c1lvaro Obreg\u00f3n. Le gusta leer novelas y cuentos.","url":"https:\/\/centrourbano.com\/revista\/author\/diegorodriguez\/"}]}},"_links":{"self":[{"href":"https:\/\/centrourbano.com\/revista\/wp-json\/wp\/v2\/posts\/61988","targetHints":{"allow":["GET"]}}],"collection":[{"href":"https:\/\/centrourbano.com\/revista\/wp-json\/wp\/v2\/posts"}],"about":[{"href":"https:\/\/centrourbano.com\/revista\/wp-json\/wp\/v2\/types\/post"}],"author":[{"embeddable":true,"href":"https:\/\/centrourbano.com\/revista\/wp-json\/wp\/v2\/users\/37"}],"replies":[{"embeddable":true,"href":"https:\/\/centrourbano.com\/revista\/wp-json\/wp\/v2\/comments?post=61988"}],"version-history":[{"count":3,"href":"https:\/\/centrourbano.com\/revista\/wp-json\/wp\/v2\/posts\/61988\/revisions"}],"predecessor-version":[{"id":62998,"href":"https:\/\/centrourbano.com\/revista\/wp-json\/wp\/v2\/posts\/61988\/revisions\/62998"}],"wp:featuredmedia":[{"embeddable":true,"href":"https:\/\/centrourbano.com\/revista\/wp-json\/wp\/v2\/media\/62015"}],"wp:attachment":[{"href":"https:\/\/centrourbano.com\/revista\/wp-json\/wp\/v2\/media?parent=61988"}],"wp:term":[{"taxonomy":"category","embeddable":true,"href":"https:\/\/centrourbano.com\/revista\/wp-json\/wp\/v2\/categories?post=61988"},{"taxonomy":"post_tag","embeddable":true,"href":"https:\/\/centrourbano.com\/revista\/wp-json\/wp\/v2\/tags?post=61988"}],"curies":[{"name":"wp","href":"https:\/\/api.w.org\/{rel}","templated":true}]}}