{"id":6180,"date":"2014-04-15T14:13:03","date_gmt":"2014-04-15T19:13:03","guid":{"rendered":"http:\/\/centrourbano.com\/?p=6180"},"modified":"2014-04-15T14:13:03","modified_gmt":"2014-04-15T19:13:03","slug":"ica-carso-y-alstom-preparan-propuesta-para-reparar-linea-12","status":"publish","type":"post","link":"https:\/\/centrourbano.com\/revista\/construccion\/ica-carso-y-alstom-preparan-propuesta-para-reparar-linea-12\/","title":{"rendered":"ICA, Carso y Alstom preparan propuesta para reparar L\u00ednea 12"},"content":{"rendered":"<p><i>La rehabilitaci\u00f3n a la L\u00ednea Dorada tendr\u00e1 un costo de alrededor de los 100 millones de pesos<!--more--><\/i><\/p>\n<p>A fin de dar soluci\u00f3n a los problemas que presenta la L\u00ednea 12 del Sistema de Trasporte Colectivo (STC) Metro, el consorcio constructor formado por ICA, Carso y Alstom, presentar\u00e1n una propuesta que enfatizar\u00e1 la rehabilitaci\u00f3n de las v\u00edas.<\/p>\n<p>Esta nueva propuesta tendr\u00e1 ligeros ajustes conforme al proyecto que ya se hab\u00eda presentado la semana pasada, con\u00a0 la diferencia que \u00e9ste no dir\u00e1 mantenimiento sino rehabilitaci\u00f3n.<\/p>\n<p>As\u00ed lo dio a conocer el director de Relaciones Institucionales de ICA, Gabriel Ibarra, quien explic\u00f3 que la propuesta no fue rechazada pero se encontraron algunos temas de mantenimiento que no ten\u00edan relaci\u00f3n con la rehabilitaci\u00f3n.<\/p>\n<p>Lo anterior, debido a que el t\u00edtulo del documento entregado a las autoridades demuestra que es una rehabilitaci\u00f3n a la L\u00ednea Dorada, la cual tendr\u00e1 un costo de alrededor de los 100 millones de pesos y est\u00e1n dispuestos a financiar para agilizar los trabajos.<\/p>\n<p>Gabriel Ibarra inform\u00f3 que la primera etapa se refiere a la parte superficial y elevada que es la que est\u00e1 detenida, cuyas reparaciones consisten en revisar la nivelaci\u00f3n de la v\u00eda para hacer los ajustes necesarios.<\/p>\n<p>Explic\u00f3 que de acuerdo con los estudios, para junio tendr\u00edan totalmente la forma operativa la parte elevada para empezar en julio la parte subterr\u00e1nea, con la diferencia de que trabajar\u00edan en las noches y fines de semana para que la afectaci\u00f3n sea m\u00ednima.<\/p>\n<p>La espa\u00f1ola Comsa-Emte ser\u00e1 responsable de ejecutar los trabajos ya que cuenta con m\u00e1s de 100 a\u00f1os de\u00a0 experiencia dedicada al mantenimiento y operaci\u00f3n de sistemas de transporte ferroviario a nivel mundial.<\/p>\n<p>Adicionalmente se contar\u00e1 con la participaci\u00f3n del Centro de Investigaci\u00f3n en Tecnolog\u00edas Ferroviarias (Citef) de la Escuela T\u00e9cnica Superior de Ingenieros Industriales de la Universidad Polit\u00e9cnica de Madrid, que realizar\u00e1 el estudio de compatibilidad bogie-v\u00edas.<\/p>\n<p>En tanto, la Sociedad de Transportes Intercomunales de Bruselas (STIB, por sus siglas en franc\u00e9s) y de la Asociaci\u00f3n Mexicana de Ingenier\u00eda de V\u00edas Terrestres, ofrecer\u00e1n consultor\u00eda especializada en v\u00edas.<\/p>\n<p>&nbsp;<\/p>\n","protected":false},"excerpt":{"rendered":"<p>La rehabilitaci\u00f3n a la L\u00ednea Dorada tendr\u00e1 un costo de alrededor de los 100 millones de pesos<\/p>\n","protected":false},"author":9,"featured_media":0,"comment_status":"open","ping_status":"closed","sticky":false,"template":"","format":"standard","meta":{"om_disable_all_campaigns":false,"inline_featured_image":false,"_monsterinsights_skip_tracking":false,"_monsterinsights_sitenote_active":false,"_monsterinsights_sitenote_note":"","_monsterinsights_sitenote_category":0,"footnotes":""},"categories":[14],"tags":[611,1408,562,463,1129,721],"class_list":["post-6180","post","type-post","status-publish","format-standard","hentry","category-construccion","tag-alstom","tag-carso","tag-ica","tag-linea-12","tag-sistema-de-transporte-colectivo-stc-metro","tag-stc-metro"],"yoast_head":"<!-- This site is optimized with the Yoast SEO plugin v27.5 - https:\/\/yoast.com\/product\/yoast-seo-wordpress\/ -->\n<title>ICA, Carso y Alstom preparan propuesta para reparar L\u00ednea 12 -<\/title>\n<meta name=\"description\" content=\"La rehabilitaci\u00f3n a la L\u00ednea Dorada tendr\u00e1 un costo de alrededor de los 100 millones de pesos A fin de dar soluci\u00f3n a los problemas que presenta la L\u00ednea\" \/>\n<meta name=\"robots\" content=\"index, follow, max-snippet:-1, max-image-preview:large, max-video-preview:-1\" \/>\n<link rel=\"canonical\" href=\"https:\/\/centrourbano.com\/revista\/construccion\/ica-carso-y-alstom-preparan-propuesta-para-reparar-linea-12\/\" \/>\n<meta property=\"og:locale\" content=\"es_ES\" \/>\n<meta property=\"og:type\" content=\"article\" \/>\n<meta property=\"og:title\" content=\"ICA, Carso y Alstom preparan propuesta para reparar L\u00ednea 12 -\" \/>\n<meta property=\"og:description\" content=\"La rehabilitaci\u00f3n a la L\u00ednea Dorada tendr\u00e1 un costo de alrededor de los 100 millones de pesos A fin de dar soluci\u00f3n a los problemas que presenta la L\u00ednea\" \/>\n<meta property=\"og:url\" content=\"https:\/\/centrourbano.com\/revista\/construccion\/ica-carso-y-alstom-preparan-propuesta-para-reparar-linea-12\/\" \/>\n<meta property=\"og:site_name\" content=\"Centro Urbano\" \/>\n<meta property=\"article:publisher\" content=\"https:\/\/www.facebook.com\/portalcentrourbano\" \/>\n<meta property=\"article:published_time\" content=\"2014-04-15T19:13:03+00:00\" \/>\n<meta property=\"og:image\" content=\"https:\/\/centrourbano.com\/revista\/wp-content\/uploads\/CU-logo.png\" \/>\n\t<meta property=\"og:image:width\" content=\"350\" \/>\n\t<meta property=\"og:image:height\" content=\"91\" \/>\n\t<meta property=\"og:image:type\" content=\"image\/png\" \/>\n<meta name=\"author\" content=\"Dinorah Nava\" \/>\n<meta name=\"twitter:card\" content=\"summary_large_image\" \/>\n<meta name=\"twitter:creator\" content=\"@https:\/\/twitter.com\/Dinorah_Nava28\" \/>\n<meta name=\"twitter:site\" content=\"@CentroUrbano\" \/>\n<meta name=\"twitter:label1\" content=\"Escrito por\" \/>\n\t<meta name=\"twitter:data1\" content=\"Dinorah Nava\" \/>\n\t<meta name=\"twitter:label2\" content=\"Tiempo de lectura\" \/>\n\t<meta name=\"twitter:data2\" content=\"2 minutos\" \/>\n<script type=\"application\/ld+json\" class=\"yoast-schema-graph\">{\"@context\":\"https:\\\/\\\/schema.org\",\"@graph\":[{\"@type\":\"Article\",\"@id\":\"https:\\\/\\\/centrourbano.com\\\/revista\\\/construccion\\\/ica-carso-y-alstom-preparan-propuesta-para-reparar-linea-12\\\/#article\",\"isPartOf\":{\"@id\":\"https:\\\/\\\/centrourbano.com\\\/revista\\\/construccion\\\/ica-carso-y-alstom-preparan-propuesta-para-reparar-linea-12\\\/\"},\"author\":{\"name\":\"Dinorah Nava\",\"@id\":\"https:\\\/\\\/centrourbano.com\\\/revista\\\/#\\\/schema\\\/person\\\/baa9e569588d5544150642a11ad28b8b\"},\"headline\":\"ICA, Carso y Alstom preparan propuesta para reparar L\u00ednea 12\",\"datePublished\":\"2014-04-15T19:13:03+00:00\",\"mainEntityOfPage\":{\"@id\":\"https:\\\/\\\/centrourbano.com\\\/revista\\\/construccion\\\/ica-carso-y-alstom-preparan-propuesta-para-reparar-linea-12\\\/\"},\"wordCount\":386,\"commentCount\":0,\"publisher\":{\"@id\":\"https:\\\/\\\/centrourbano.com\\\/revista\\\/#organization\"},\"keywords\":[\"Alstom\",\"Carso\",\"ICA\",\"L\u00ednea 12\",\"Sistema de Transporte Colectivo (STC) Metro\",\"STC Metro\"],\"articleSection\":[\"Construcci\u00f3n\"],\"inLanguage\":\"es\",\"potentialAction\":[{\"@type\":\"CommentAction\",\"name\":\"Comment\",\"target\":[\"https:\\\/\\\/centrourbano.com\\\/revista\\\/construccion\\\/ica-carso-y-alstom-preparan-propuesta-para-reparar-linea-12\\\/#respond\"]}]},{\"@type\":\"WebPage\",\"@id\":\"https:\\\/\\\/centrourbano.com\\\/revista\\\/construccion\\\/ica-carso-y-alstom-preparan-propuesta-para-reparar-linea-12\\\/\",\"url\":\"https:\\\/\\\/centrourbano.com\\\/revista\\\/construccion\\\/ica-carso-y-alstom-preparan-propuesta-para-reparar-linea-12\\\/\",\"name\":\"ICA, Carso y Alstom preparan propuesta para reparar L\u00ednea 12 -\",\"isPartOf\":{\"@id\":\"https:\\\/\\\/centrourbano.com\\\/revista\\\/#website\"},\"datePublished\":\"2014-04-15T19:13:03+00:00\",\"description\":\"La rehabilitaci\u00f3n a la L\u00ednea Dorada tendr\u00e1 un costo de alrededor de los 100 millones de pesos A fin de dar soluci\u00f3n a los problemas que presenta la L\u00ednea\",\"breadcrumb\":{\"@id\":\"https:\\\/\\\/centrourbano.com\\\/revista\\\/construccion\\\/ica-carso-y-alstom-preparan-propuesta-para-reparar-linea-12\\\/#breadcrumb\"},\"inLanguage\":\"es\",\"potentialAction\":[{\"@type\":\"ReadAction\",\"target\":[\"https:\\\/\\\/centrourbano.com\\\/revista\\\/construccion\\\/ica-carso-y-alstom-preparan-propuesta-para-reparar-linea-12\\\/\"]}]},{\"@type\":\"BreadcrumbList\",\"@id\":\"https:\\\/\\\/centrourbano.com\\\/revista\\\/construccion\\\/ica-carso-y-alstom-preparan-propuesta-para-reparar-linea-12\\\/#breadcrumb\",\"itemListElement\":[{\"@type\":\"ListItem\",\"position\":1,\"name\":\"Portada\",\"item\":\"https:\\\/\\\/centrourbano.com\\\/revista\\\/\"},{\"@type\":\"ListItem\",\"position\":2,\"name\":\"ICA, Carso y Alstom preparan propuesta para reparar L\u00ednea 12\"}]},{\"@type\":\"WebSite\",\"@id\":\"https:\\\/\\\/centrourbano.com\\\/revista\\\/#website\",\"url\":\"https:\\\/\\\/centrourbano.com\\\/revista\\\/\",\"name\":\"Centro Urbano\",\"description\":\"Medio especializado en los sectores vivienda, inmobiliario, construcci\u00f3n, arquitectura y urbanismo.\",\"publisher\":{\"@id\":\"https:\\\/\\\/centrourbano.com\\\/revista\\\/#organization\"},\"potentialAction\":[{\"@type\":\"SearchAction\",\"target\":{\"@type\":\"EntryPoint\",\"urlTemplate\":\"https:\\\/\\\/centrourbano.com\\\/revista\\\/?s={search_term_string}\"},\"query-input\":{\"@type\":\"PropertyValueSpecification\",\"valueRequired\":true,\"valueName\":\"search_term_string\"}}],\"inLanguage\":\"es\"},{\"@type\":\"Organization\",\"@id\":\"https:\\\/\\\/centrourbano.com\\\/revista\\\/#organization\",\"name\":\"Centro Urbano\",\"url\":\"https:\\\/\\\/centrourbano.com\\\/revista\\\/\",\"logo\":{\"@type\":\"ImageObject\",\"inLanguage\":\"es\",\"@id\":\"https:\\\/\\\/centrourbano.com\\\/revista\\\/#\\\/schema\\\/logo\\\/image\\\/\",\"url\":\"https:\\\/\\\/centrourbano.com\\\/revista\\\/wp-content\\\/uploads\\\/web_CU_logo-1.png\",\"contentUrl\":\"https:\\\/\\\/centrourbano.com\\\/revista\\\/wp-content\\\/uploads\\\/web_CU_logo-1.png\",\"width\":350,\"height\":91,\"caption\":\"Centro Urbano\"},\"image\":{\"@id\":\"https:\\\/\\\/centrourbano.com\\\/revista\\\/#\\\/schema\\\/logo\\\/image\\\/\"},\"sameAs\":[\"https:\\\/\\\/www.facebook.com\\\/portalcentrourbano\",\"https:\\\/\\\/x.com\\\/CentroUrbano\",\"https:\\\/\\\/www.instagram.com\\\/centro_urbano\\\/\",\"https:\\\/\\\/www.linkedin.com\\\/company\\\/centro-urbano\\\/\",\"http:\\\/\\\/www.youtube.com\\\/user\\\/portalcentrourbano\"]},{\"@type\":\"Person\",\"@id\":\"https:\\\/\\\/centrourbano.com\\\/revista\\\/#\\\/schema\\\/person\\\/baa9e569588d5544150642a11ad28b8b\",\"name\":\"Dinorah Nava\",\"image\":{\"@type\":\"ImageObject\",\"inLanguage\":\"es\",\"@id\":\"https:\\\/\\\/secure.gravatar.com\\\/avatar\\\/f6ca6430c51d147f363940f84e1225aa4b8183885c11802cc3b042305a4ecc1a?s=96&d=mm&r=g\",\"url\":\"https:\\\/\\\/secure.gravatar.com\\\/avatar\\\/f6ca6430c51d147f363940f84e1225aa4b8183885c11802cc3b042305a4ecc1a?s=96&d=mm&r=g\",\"contentUrl\":\"https:\\\/\\\/secure.gravatar.com\\\/avatar\\\/f6ca6430c51d147f363940f84e1225aa4b8183885c11802cc3b042305a4ecc1a?s=96&d=mm&r=g\",\"caption\":\"Dinorah Nava\"},\"description\":\"Editora de Contenidos y Estrategias Digitales en Centro Urbano y Coeditora en Peri\u00f3dico Mi Casa. Egresada de la licenciatura en Comunicaci\u00f3n y Periodismo de la Facultad de Estudios Superiores Arag\u00f3n (UNAM). Amante de la edici\u00f3n y correcci\u00f3n de estilo, las redes sociales y el mundo digital. Especialista en temas son arquitectura, inmobiliario y urbanismo.\",\"sameAs\":[\"linkedin.com\\\/in\\\/dinorah-nava\",\"https:\\\/\\\/x.com\\\/https:\\\/\\\/twitter.com\\\/Dinorah_Nava28\"],\"url\":\"https:\\\/\\\/centrourbano.com\\\/revista\\\/author\\\/dinorah-nava\\\/\"}]}<\/script>\n<!-- \/ Yoast SEO plugin. -->","yoast_head_json":{"title":"ICA, Carso y Alstom preparan propuesta para reparar L\u00ednea 12 -","description":"La rehabilitaci\u00f3n a la L\u00ednea Dorada tendr\u00e1 un costo de alrededor de los 100 millones de pesos A fin de dar soluci\u00f3n a los problemas que presenta la L\u00ednea","robots":{"index":"index","follow":"follow","max-snippet":"max-snippet:-1","max-image-preview":"max-image-preview:large","max-video-preview":"max-video-preview:-1"},"canonical":"https:\/\/centrourbano.com\/revista\/construccion\/ica-carso-y-alstom-preparan-propuesta-para-reparar-linea-12\/","og_locale":"es_ES","og_type":"article","og_title":"ICA, Carso y Alstom preparan propuesta para reparar L\u00ednea 12 -","og_description":"La rehabilitaci\u00f3n a la L\u00ednea Dorada tendr\u00e1 un costo de alrededor de los 100 millones de pesos A fin de dar soluci\u00f3n a los problemas que presenta la L\u00ednea","og_url":"https:\/\/centrourbano.com\/revista\/construccion\/ica-carso-y-alstom-preparan-propuesta-para-reparar-linea-12\/","og_site_name":"Centro Urbano","article_publisher":"https:\/\/www.facebook.com\/portalcentrourbano","article_published_time":"2014-04-15T19:13:03+00:00","og_image":[{"width":350,"height":91,"url":"https:\/\/centrourbano.com\/revista\/wp-content\/uploads\/CU-logo.png","type":"image\/png"}],"author":"Dinorah Nava","twitter_card":"summary_large_image","twitter_creator":"@https:\/\/twitter.com\/Dinorah_Nava28","twitter_site":"@CentroUrbano","twitter_misc":{"Escrito por":"Dinorah Nava","Tiempo de lectura":"2 minutos"},"schema":{"@context":"https:\/\/schema.org","@graph":[{"@type":"Article","@id":"https:\/\/centrourbano.com\/revista\/construccion\/ica-carso-y-alstom-preparan-propuesta-para-reparar-linea-12\/#article","isPartOf":{"@id":"https:\/\/centrourbano.com\/revista\/construccion\/ica-carso-y-alstom-preparan-propuesta-para-reparar-linea-12\/"},"author":{"name":"Dinorah Nava","@id":"https:\/\/centrourbano.com\/revista\/#\/schema\/person\/baa9e569588d5544150642a11ad28b8b"},"headline":"ICA, Carso y Alstom preparan propuesta para reparar L\u00ednea 12","datePublished":"2014-04-15T19:13:03+00:00","mainEntityOfPage":{"@id":"https:\/\/centrourbano.com\/revista\/construccion\/ica-carso-y-alstom-preparan-propuesta-para-reparar-linea-12\/"},"wordCount":386,"commentCount":0,"publisher":{"@id":"https:\/\/centrourbano.com\/revista\/#organization"},"keywords":["Alstom","Carso","ICA","L\u00ednea 12","Sistema de Transporte Colectivo (STC) Metro","STC Metro"],"articleSection":["Construcci\u00f3n"],"inLanguage":"es","potentialAction":[{"@type":"CommentAction","name":"Comment","target":["https:\/\/centrourbano.com\/revista\/construccion\/ica-carso-y-alstom-preparan-propuesta-para-reparar-linea-12\/#respond"]}]},{"@type":"WebPage","@id":"https:\/\/centrourbano.com\/revista\/construccion\/ica-carso-y-alstom-preparan-propuesta-para-reparar-linea-12\/","url":"https:\/\/centrourbano.com\/revista\/construccion\/ica-carso-y-alstom-preparan-propuesta-para-reparar-linea-12\/","name":"ICA, Carso y Alstom preparan propuesta para reparar L\u00ednea 12 -","isPartOf":{"@id":"https:\/\/centrourbano.com\/revista\/#website"},"datePublished":"2014-04-15T19:13:03+00:00","description":"La rehabilitaci\u00f3n a la L\u00ednea Dorada tendr\u00e1 un costo de alrededor de los 100 millones de pesos A fin de dar soluci\u00f3n a los problemas que presenta la L\u00ednea","breadcrumb":{"@id":"https:\/\/centrourbano.com\/revista\/construccion\/ica-carso-y-alstom-preparan-propuesta-para-reparar-linea-12\/#breadcrumb"},"inLanguage":"es","potentialAction":[{"@type":"ReadAction","target":["https:\/\/centrourbano.com\/revista\/construccion\/ica-carso-y-alstom-preparan-propuesta-para-reparar-linea-12\/"]}]},{"@type":"BreadcrumbList","@id":"https:\/\/centrourbano.com\/revista\/construccion\/ica-carso-y-alstom-preparan-propuesta-para-reparar-linea-12\/#breadcrumb","itemListElement":[{"@type":"ListItem","position":1,"name":"Portada","item":"https:\/\/centrourbano.com\/revista\/"},{"@type":"ListItem","position":2,"name":"ICA, Carso y Alstom preparan propuesta para reparar L\u00ednea 12"}]},{"@type":"WebSite","@id":"https:\/\/centrourbano.com\/revista\/#website","url":"https:\/\/centrourbano.com\/revista\/","name":"Centro Urbano","description":"Medio especializado en los sectores vivienda, inmobiliario, construcci\u00f3n, arquitectura y urbanismo.","publisher":{"@id":"https:\/\/centrourbano.com\/revista\/#organization"},"potentialAction":[{"@type":"SearchAction","target":{"@type":"EntryPoint","urlTemplate":"https:\/\/centrourbano.com\/revista\/?s={search_term_string}"},"query-input":{"@type":"PropertyValueSpecification","valueRequired":true,"valueName":"search_term_string"}}],"inLanguage":"es"},{"@type":"Organization","@id":"https:\/\/centrourbano.com\/revista\/#organization","name":"Centro Urbano","url":"https:\/\/centrourbano.com\/revista\/","logo":{"@type":"ImageObject","inLanguage":"es","@id":"https:\/\/centrourbano.com\/revista\/#\/schema\/logo\/image\/","url":"https:\/\/centrourbano.com\/revista\/wp-content\/uploads\/web_CU_logo-1.png","contentUrl":"https:\/\/centrourbano.com\/revista\/wp-content\/uploads\/web_CU_logo-1.png","width":350,"height":91,"caption":"Centro Urbano"},"image":{"@id":"https:\/\/centrourbano.com\/revista\/#\/schema\/logo\/image\/"},"sameAs":["https:\/\/www.facebook.com\/portalcentrourbano","https:\/\/x.com\/CentroUrbano","https:\/\/www.instagram.com\/centro_urbano\/","https:\/\/www.linkedin.com\/company\/centro-urbano\/","http:\/\/www.youtube.com\/user\/portalcentrourbano"]},{"@type":"Person","@id":"https:\/\/centrourbano.com\/revista\/#\/schema\/person\/baa9e569588d5544150642a11ad28b8b","name":"Dinorah Nava","image":{"@type":"ImageObject","inLanguage":"es","@id":"https:\/\/secure.gravatar.com\/avatar\/f6ca6430c51d147f363940f84e1225aa4b8183885c11802cc3b042305a4ecc1a?s=96&d=mm&r=g","url":"https:\/\/secure.gravatar.com\/avatar\/f6ca6430c51d147f363940f84e1225aa4b8183885c11802cc3b042305a4ecc1a?s=96&d=mm&r=g","contentUrl":"https:\/\/secure.gravatar.com\/avatar\/f6ca6430c51d147f363940f84e1225aa4b8183885c11802cc3b042305a4ecc1a?s=96&d=mm&r=g","caption":"Dinorah Nava"},"description":"Editora de Contenidos y Estrategias Digitales en Centro Urbano y Coeditora en Peri\u00f3dico Mi Casa. Egresada de la licenciatura en Comunicaci\u00f3n y Periodismo de la Facultad de Estudios Superiores Arag\u00f3n (UNAM). Amante de la edici\u00f3n y correcci\u00f3n de estilo, las redes sociales y el mundo digital. Especialista en temas son arquitectura, inmobiliario y urbanismo.","sameAs":["linkedin.com\/in\/dinorah-nava","https:\/\/x.com\/https:\/\/twitter.com\/Dinorah_Nava28"],"url":"https:\/\/centrourbano.com\/revista\/author\/dinorah-nava\/"}]}},"_links":{"self":[{"href":"https:\/\/centrourbano.com\/revista\/wp-json\/wp\/v2\/posts\/6180","targetHints":{"allow":["GET"]}}],"collection":[{"href":"https:\/\/centrourbano.com\/revista\/wp-json\/wp\/v2\/posts"}],"about":[{"href":"https:\/\/centrourbano.com\/revista\/wp-json\/wp\/v2\/types\/post"}],"author":[{"embeddable":true,"href":"https:\/\/centrourbano.com\/revista\/wp-json\/wp\/v2\/users\/9"}],"replies":[{"embeddable":true,"href":"https:\/\/centrourbano.com\/revista\/wp-json\/wp\/v2\/comments?post=6180"}],"version-history":[{"count":0,"href":"https:\/\/centrourbano.com\/revista\/wp-json\/wp\/v2\/posts\/6180\/revisions"}],"wp:attachment":[{"href":"https:\/\/centrourbano.com\/revista\/wp-json\/wp\/v2\/media?parent=6180"}],"wp:term":[{"taxonomy":"category","embeddable":true,"href":"https:\/\/centrourbano.com\/revista\/wp-json\/wp\/v2\/categories?post=6180"},{"taxonomy":"post_tag","embeddable":true,"href":"https:\/\/centrourbano.com\/revista\/wp-json\/wp\/v2\/tags?post=6180"}],"curies":[{"name":"wp","href":"https:\/\/api.w.org\/{rel}","templated":true}]}}