{"id":61752,"date":"2017-10-24T18:56:45","date_gmt":"2017-10-24T23:56:45","guid":{"rendered":"https:\/\/centrourbano.com\/?p=61752"},"modified":"2017-10-24T18:57:52","modified_gmt":"2017-10-24T23:57:52","slug":"coesvi-chihuahua-vivienda-economica","status":"publish","type":"post","link":"https:\/\/centrourbano.com\/revista\/vivienda\/coesvi-chihuahua-vivienda-economica\/","title":{"rendered":"Coesvi Chihuahua busca ofrecer vivienda econ\u00f3mica"},"content":{"rendered":"<p><em>Lo\u00a0m\u00e1s importante es regresar a los\u00a0ciudadanos\u00a0lo que les fue negado en programas sociales de vivienda, asegur\u00f3 el titular de la Coesvi Chihuahua<\/em><!--more--><\/p>\n<p>La <a href=\"http:\/\/edo.chihuahua.gob.mx\/coesvi\" target=\"_blank\" rel=\"noopener noreferrer\"><strong>Comisi\u00f3n Estatal de Vivienda, Suelo e Infraestructura<\/strong><\/a> (Coesvi) de Chihuahua, buscar\u00e1 alternativas para la venta y adquisici\u00f3n de nueva reserva territorial que permita ofrecer vivienda econ\u00f3mica, luego de que se pusieron bajo su dominio las 190 hect\u00e1reas cuya venta irregular hab\u00eda sido autorizada por Javier Garfio Pacheco, ex funcionario condenado por el delito de peculado agravado.<\/p>\n<p>Carlos Borruel Baquera, director general de la Coesvi, se\u00f1al\u00f3 que una vez que el Ministerio P\u00fablico acredit\u00f3 la culpabilidad de Javier Garfio, se otorg\u00f3 al organismo descentralizado la posesi\u00f3n de las 190 hect\u00e1reas del predio conocido como Labor de Terrazas, con lo que se inicia la reparaci\u00f3n del da\u00f1o.<\/p>\n<p>Expres\u00f3 que \u201clas dos denuncias penales que interpuso la Coesvi donde se se\u00f1ala la presunta responsabilidad del ex gobernador C\u00e9sar Duarte, van acreditadas con la firma del propio Duarte J\u00e1quez, que estamp\u00f3 en el acta de la junta de Gobierno, donde se autorizaba vender a precios irrisorios un terreno de 190 hect\u00e1reas en Labor de Terrazas y uno m\u00e1s de 158 hect\u00e1reas en la Haciendita, que son las zonas de m\u00e1s alta plusval\u00eda del Estado de Chihuahua\u201d.<\/p>\n<p>Asimismo, el funcionario consider\u00f3 que ahora hay m\u00e1s elementos para acreditar actos de corrupci\u00f3n de parte del ex gobernador C\u00e9sar Duarte y asegur\u00f3 que lo m\u00e1s importante es regresar a los ciudadanos parte de lo que les fue negado en programas sociales de vivienda.<\/p>\n<p>Finalmente agreg\u00f3 que se han buscado alternativas, como la de vender dichos predios y obtener con su plusval\u00eda, reserva territorial en donde la comisi\u00f3n construya, administre y venda vivienda popular a precios econ\u00f3micos, para personas de bajos recursos o grupos vulnerados, tal como lo marca el Plan Estatal de Desarrollo.<\/p>\n<p>&nbsp;<\/p>\n<p>&nbsp;<\/p>\n","protected":false},"excerpt":{"rendered":"<p>Lo\u00a0m\u00e1s importante es regresar a los\u00a0ciudadanos\u00a0lo que les fue negado en programas sociales de vivienda, asegur\u00f3 el titular de la Coesvi Chihuahua<\/p>\n","protected":false},"author":53,"featured_media":61755,"comment_status":"open","ping_status":"closed","sticky":false,"template":"","format":"standard","meta":{"om_disable_all_campaigns":false,"inline_featured_image":false,"_monsterinsights_skip_tracking":false,"_monsterinsights_sitenote_active":false,"_monsterinsights_sitenote_note":"","_monsterinsights_sitenote_category":0,"footnotes":""},"categories":[12],"tags":[11790,6063,495,1242,4776,11789,11609],"class_list":["post-61752","post","type-post","status-publish","format-standard","has-post-thumbnail","hentry","category-vivienda","tag-carlos-borruel-baquera","tag-cesar-duarte-jaquez","tag-chihuahua","tag-coesvi","tag-estados","tag-javier-garfio-pacheco","tag-vivienda-economica"],"yoast_head":"<!-- This site is optimized with the Yoast SEO plugin v27.4 - https:\/\/yoast.com\/product\/yoast-seo-wordpress\/ -->\n<title>Coesvi Chihuahua busca ofrecer vivienda econ\u00f3mica<\/title>\n<meta name=\"description\" content=\"Lo m\u00e1s importante es regresar a los ciudadanos lo que les fue negado en programas sociales de vivienda, asegur\u00f3 el titular de la Coesvi Chihuahua\" \/>\n<meta name=\"robots\" content=\"index, follow, max-snippet:-1, max-image-preview:large, max-video-preview:-1\" \/>\n<link rel=\"canonical\" href=\"https:\/\/centrourbano.com\/revista\/vivienda\/coesvi-chihuahua-vivienda-economica\/\" \/>\n<meta property=\"og:locale\" content=\"es_ES\" \/>\n<meta property=\"og:type\" content=\"article\" \/>\n<meta property=\"og:title\" content=\"Coesvi Chihuahua busca ofrecer vivienda econ\u00f3mica\" \/>\n<meta property=\"og:description\" content=\"Lo m\u00e1s importante es regresar a los ciudadanos lo que les fue negado en programas sociales de vivienda, asegur\u00f3 el titular de la Coesvi Chihuahua\" \/>\n<meta property=\"og:url\" content=\"https:\/\/centrourbano.com\/revista\/vivienda\/coesvi-chihuahua-vivienda-economica\/\" \/>\n<meta property=\"og:site_name\" content=\"Centro Urbano\" \/>\n<meta property=\"article:publisher\" content=\"https:\/\/www.facebook.com\/portalcentrourbano\" \/>\n<meta property=\"article:author\" content=\"facebook.com\/ro.garcia23\" \/>\n<meta property=\"article:published_time\" content=\"2017-10-24T23:56:45+00:00\" \/>\n<meta property=\"article:modified_time\" content=\"2017-10-24T23:57:52+00:00\" \/>\n<meta property=\"og:image\" content=\"https:\/\/centrourbano.com\/revista\/wp-content\/uploads\/Coesvi_Chihuahua-e1508889284420.jpeg\" \/>\n\t<meta property=\"og:image:width\" content=\"800\" \/>\n\t<meta property=\"og:image:height\" content=\"533\" \/>\n\t<meta property=\"og:image:type\" content=\"image\/jpeg\" \/>\n<meta name=\"author\" content=\"Roc\u00edo Garc\u00eda\" \/>\n<meta name=\"twitter:card\" content=\"summary_large_image\" \/>\n<meta name=\"twitter:creator\" content=\"@CentroUrbano\" \/>\n<meta name=\"twitter:site\" content=\"@CentroUrbano\" \/>\n<meta name=\"twitter:label1\" content=\"Escrito por\" \/>\n\t<meta name=\"twitter:data1\" content=\"Roc\u00edo Garc\u00eda\" \/>\n\t<meta name=\"twitter:label2\" content=\"Tiempo de lectura\" \/>\n\t<meta name=\"twitter:data2\" content=\"2 minutos\" \/>\n<script type=\"application\/ld+json\" class=\"yoast-schema-graph\">{\"@context\":\"https:\\\/\\\/schema.org\",\"@graph\":[{\"@type\":\"Article\",\"@id\":\"https:\\\/\\\/centrourbano.com\\\/revista\\\/vivienda\\\/coesvi-chihuahua-vivienda-economica\\\/#article\",\"isPartOf\":{\"@id\":\"https:\\\/\\\/centrourbano.com\\\/revista\\\/vivienda\\\/coesvi-chihuahua-vivienda-economica\\\/\"},\"author\":{\"name\":\"Roc\u00edo Garc\u00eda\",\"@id\":\"https:\\\/\\\/centrourbano.com\\\/revista\\\/#\\\/schema\\\/person\\\/9a36a90c9a17a588335bc23c7aa03e3c\"},\"headline\":\"Coesvi Chihuahua busca ofrecer vivienda econ\u00f3mica\",\"datePublished\":\"2017-10-24T23:56:45+00:00\",\"dateModified\":\"2017-10-24T23:57:52+00:00\",\"mainEntityOfPage\":{\"@id\":\"https:\\\/\\\/centrourbano.com\\\/revista\\\/vivienda\\\/coesvi-chihuahua-vivienda-economica\\\/\"},\"wordCount\":334,\"commentCount\":0,\"publisher\":{\"@id\":\"https:\\\/\\\/centrourbano.com\\\/revista\\\/#organization\"},\"image\":{\"@id\":\"https:\\\/\\\/centrourbano.com\\\/revista\\\/vivienda\\\/coesvi-chihuahua-vivienda-economica\\\/#primaryimage\"},\"thumbnailUrl\":\"https:\\\/\\\/centrourbano.com\\\/revista\\\/wp-content\\\/uploads\\\/Coesvi_Chihuahua-e1508889284420.jpeg\",\"keywords\":[\"Carlos Borruel Baquera\",\"C\u00e9sar Duarte J\u00e1quez\",\"Chihuahua\",\"Coesvi\",\"Estados\",\"Javier Garfio Pacheco\",\"Vivienda econ\u00f3mica\"],\"articleSection\":[\"Vivienda\"],\"inLanguage\":\"es\",\"potentialAction\":[{\"@type\":\"CommentAction\",\"name\":\"Comment\",\"target\":[\"https:\\\/\\\/centrourbano.com\\\/revista\\\/vivienda\\\/coesvi-chihuahua-vivienda-economica\\\/#respond\"]}]},{\"@type\":\"WebPage\",\"@id\":\"https:\\\/\\\/centrourbano.com\\\/revista\\\/vivienda\\\/coesvi-chihuahua-vivienda-economica\\\/\",\"url\":\"https:\\\/\\\/centrourbano.com\\\/revista\\\/vivienda\\\/coesvi-chihuahua-vivienda-economica\\\/\",\"name\":\"Coesvi Chihuahua busca ofrecer vivienda econ\u00f3mica\",\"isPartOf\":{\"@id\":\"https:\\\/\\\/centrourbano.com\\\/revista\\\/#website\"},\"primaryImageOfPage\":{\"@id\":\"https:\\\/\\\/centrourbano.com\\\/revista\\\/vivienda\\\/coesvi-chihuahua-vivienda-economica\\\/#primaryimage\"},\"image\":{\"@id\":\"https:\\\/\\\/centrourbano.com\\\/revista\\\/vivienda\\\/coesvi-chihuahua-vivienda-economica\\\/#primaryimage\"},\"thumbnailUrl\":\"https:\\\/\\\/centrourbano.com\\\/revista\\\/wp-content\\\/uploads\\\/Coesvi_Chihuahua-e1508889284420.jpeg\",\"datePublished\":\"2017-10-24T23:56:45+00:00\",\"dateModified\":\"2017-10-24T23:57:52+00:00\",\"description\":\"Lo m\u00e1s importante es regresar a los ciudadanos lo que les fue negado en programas sociales de vivienda, asegur\u00f3 el titular de la Coesvi Chihuahua\",\"breadcrumb\":{\"@id\":\"https:\\\/\\\/centrourbano.com\\\/revista\\\/vivienda\\\/coesvi-chihuahua-vivienda-economica\\\/#breadcrumb\"},\"inLanguage\":\"es\",\"potentialAction\":[{\"@type\":\"ReadAction\",\"target\":[\"https:\\\/\\\/centrourbano.com\\\/revista\\\/vivienda\\\/coesvi-chihuahua-vivienda-economica\\\/\"]}]},{\"@type\":\"ImageObject\",\"inLanguage\":\"es\",\"@id\":\"https:\\\/\\\/centrourbano.com\\\/revista\\\/vivienda\\\/coesvi-chihuahua-vivienda-economica\\\/#primaryimage\",\"url\":\"https:\\\/\\\/centrourbano.com\\\/revista\\\/wp-content\\\/uploads\\\/Coesvi_Chihuahua-e1508889284420.jpeg\",\"contentUrl\":\"https:\\\/\\\/centrourbano.com\\\/revista\\\/wp-content\\\/uploads\\\/Coesvi_Chihuahua-e1508889284420.jpeg\",\"width\":800,\"height\":533,\"caption\":\"Director_Gral_Coesvi_Chihuahua\"},{\"@type\":\"BreadcrumbList\",\"@id\":\"https:\\\/\\\/centrourbano.com\\\/revista\\\/vivienda\\\/coesvi-chihuahua-vivienda-economica\\\/#breadcrumb\",\"itemListElement\":[{\"@type\":\"ListItem\",\"position\":1,\"name\":\"Portada\",\"item\":\"https:\\\/\\\/centrourbano.com\\\/revista\\\/\"},{\"@type\":\"ListItem\",\"position\":2,\"name\":\"Coesvi Chihuahua busca ofrecer vivienda econ\u00f3mica\"}]},{\"@type\":\"WebSite\",\"@id\":\"https:\\\/\\\/centrourbano.com\\\/revista\\\/#website\",\"url\":\"https:\\\/\\\/centrourbano.com\\\/revista\\\/\",\"name\":\"Centro Urbano\",\"description\":\"Medio especializado en los sectores vivienda, inmobiliario, construcci\u00f3n, arquitectura y urbanismo.\",\"publisher\":{\"@id\":\"https:\\\/\\\/centrourbano.com\\\/revista\\\/#organization\"},\"potentialAction\":[{\"@type\":\"SearchAction\",\"target\":{\"@type\":\"EntryPoint\",\"urlTemplate\":\"https:\\\/\\\/centrourbano.com\\\/revista\\\/?s={search_term_string}\"},\"query-input\":{\"@type\":\"PropertyValueSpecification\",\"valueRequired\":true,\"valueName\":\"search_term_string\"}}],\"inLanguage\":\"es\"},{\"@type\":\"Organization\",\"@id\":\"https:\\\/\\\/centrourbano.com\\\/revista\\\/#organization\",\"name\":\"Centro Urbano\",\"url\":\"https:\\\/\\\/centrourbano.com\\\/revista\\\/\",\"logo\":{\"@type\":\"ImageObject\",\"inLanguage\":\"es\",\"@id\":\"https:\\\/\\\/centrourbano.com\\\/revista\\\/#\\\/schema\\\/logo\\\/image\\\/\",\"url\":\"https:\\\/\\\/centrourbano.com\\\/revista\\\/wp-content\\\/uploads\\\/web_CU_logo-1.png\",\"contentUrl\":\"https:\\\/\\\/centrourbano.com\\\/revista\\\/wp-content\\\/uploads\\\/web_CU_logo-1.png\",\"width\":350,\"height\":91,\"caption\":\"Centro Urbano\"},\"image\":{\"@id\":\"https:\\\/\\\/centrourbano.com\\\/revista\\\/#\\\/schema\\\/logo\\\/image\\\/\"},\"sameAs\":[\"https:\\\/\\\/www.facebook.com\\\/portalcentrourbano\",\"https:\\\/\\\/x.com\\\/CentroUrbano\",\"https:\\\/\\\/www.instagram.com\\\/centro_urbano\\\/\",\"https:\\\/\\\/www.linkedin.com\\\/company\\\/centro-urbano\\\/\",\"http:\\\/\\\/www.youtube.com\\\/user\\\/portalcentrourbano\"]},{\"@type\":\"Person\",\"@id\":\"https:\\\/\\\/centrourbano.com\\\/revista\\\/#\\\/schema\\\/person\\\/9a36a90c9a17a588335bc23c7aa03e3c\",\"name\":\"Roc\u00edo Garc\u00eda\",\"image\":{\"@type\":\"ImageObject\",\"inLanguage\":\"es\",\"@id\":\"https:\\\/\\\/secure.gravatar.com\\\/avatar\\\/a0e2f1ddfed432d8ad4b84b5dc2e19fc4c403753eb7578fd4dca22f8e2538fc8?s=96&d=mm&r=g\",\"url\":\"https:\\\/\\\/secure.gravatar.com\\\/avatar\\\/a0e2f1ddfed432d8ad4b84b5dc2e19fc4c403753eb7578fd4dca22f8e2538fc8?s=96&d=mm&r=g\",\"contentUrl\":\"https:\\\/\\\/secure.gravatar.com\\\/avatar\\\/a0e2f1ddfed432d8ad4b84b5dc2e19fc4c403753eb7578fd4dca22f8e2538fc8?s=96&d=mm&r=g\",\"caption\":\"Roc\u00edo Garc\u00eda\"},\"description\":\"Estudiante de Comunicaci\u00f3n de la Facultad de Estudios Superiores Acatl\u00e1n, con especialidad en Multimedia y Cultura. Apasionada por la radio, la m\u00fasica y la CDMX. Hablo mucho y r\u00edo m\u00e1s, me gusta la cumbia, las chelas y el rock n\u2019 roll.\",\"sameAs\":[\"facebook.com\\\/ro.garcia23\",\"https:\\\/\\\/www.instagram.com\\\/ch_chioo\\\/\"],\"url\":\"https:\\\/\\\/centrourbano.com\\\/revista\\\/author\\\/rocio-garcia\\\/\"}]}<\/script>\n<!-- \/ Yoast SEO plugin. -->","yoast_head_json":{"title":"Coesvi Chihuahua busca ofrecer vivienda econ\u00f3mica","description":"Lo m\u00e1s importante es regresar a los ciudadanos lo que les fue negado en programas sociales de vivienda, asegur\u00f3 el titular de la Coesvi Chihuahua","robots":{"index":"index","follow":"follow","max-snippet":"max-snippet:-1","max-image-preview":"max-image-preview:large","max-video-preview":"max-video-preview:-1"},"canonical":"https:\/\/centrourbano.com\/revista\/vivienda\/coesvi-chihuahua-vivienda-economica\/","og_locale":"es_ES","og_type":"article","og_title":"Coesvi Chihuahua busca ofrecer vivienda econ\u00f3mica","og_description":"Lo m\u00e1s importante es regresar a los ciudadanos lo que les fue negado en programas sociales de vivienda, asegur\u00f3 el titular de la Coesvi Chihuahua","og_url":"https:\/\/centrourbano.com\/revista\/vivienda\/coesvi-chihuahua-vivienda-economica\/","og_site_name":"Centro Urbano","article_publisher":"https:\/\/www.facebook.com\/portalcentrourbano","article_author":"facebook.com\/ro.garcia23","article_published_time":"2017-10-24T23:56:45+00:00","article_modified_time":"2017-10-24T23:57:52+00:00","og_image":[{"width":800,"height":533,"url":"https:\/\/centrourbano.com\/revista\/wp-content\/uploads\/Coesvi_Chihuahua-e1508889284420.jpeg","type":"image\/jpeg"}],"author":"Roc\u00edo Garc\u00eda","twitter_card":"summary_large_image","twitter_creator":"@CentroUrbano","twitter_site":"@CentroUrbano","twitter_misc":{"Escrito por":"Roc\u00edo Garc\u00eda","Tiempo de lectura":"2 minutos"},"schema":{"@context":"https:\/\/schema.org","@graph":[{"@type":"Article","@id":"https:\/\/centrourbano.com\/revista\/vivienda\/coesvi-chihuahua-vivienda-economica\/#article","isPartOf":{"@id":"https:\/\/centrourbano.com\/revista\/vivienda\/coesvi-chihuahua-vivienda-economica\/"},"author":{"name":"Roc\u00edo Garc\u00eda","@id":"https:\/\/centrourbano.com\/revista\/#\/schema\/person\/9a36a90c9a17a588335bc23c7aa03e3c"},"headline":"Coesvi Chihuahua busca ofrecer vivienda econ\u00f3mica","datePublished":"2017-10-24T23:56:45+00:00","dateModified":"2017-10-24T23:57:52+00:00","mainEntityOfPage":{"@id":"https:\/\/centrourbano.com\/revista\/vivienda\/coesvi-chihuahua-vivienda-economica\/"},"wordCount":334,"commentCount":0,"publisher":{"@id":"https:\/\/centrourbano.com\/revista\/#organization"},"image":{"@id":"https:\/\/centrourbano.com\/revista\/vivienda\/coesvi-chihuahua-vivienda-economica\/#primaryimage"},"thumbnailUrl":"https:\/\/centrourbano.com\/revista\/wp-content\/uploads\/Coesvi_Chihuahua-e1508889284420.jpeg","keywords":["Carlos Borruel Baquera","C\u00e9sar Duarte J\u00e1quez","Chihuahua","Coesvi","Estados","Javier Garfio Pacheco","Vivienda econ\u00f3mica"],"articleSection":["Vivienda"],"inLanguage":"es","potentialAction":[{"@type":"CommentAction","name":"Comment","target":["https:\/\/centrourbano.com\/revista\/vivienda\/coesvi-chihuahua-vivienda-economica\/#respond"]}]},{"@type":"WebPage","@id":"https:\/\/centrourbano.com\/revista\/vivienda\/coesvi-chihuahua-vivienda-economica\/","url":"https:\/\/centrourbano.com\/revista\/vivienda\/coesvi-chihuahua-vivienda-economica\/","name":"Coesvi Chihuahua busca ofrecer vivienda econ\u00f3mica","isPartOf":{"@id":"https:\/\/centrourbano.com\/revista\/#website"},"primaryImageOfPage":{"@id":"https:\/\/centrourbano.com\/revista\/vivienda\/coesvi-chihuahua-vivienda-economica\/#primaryimage"},"image":{"@id":"https:\/\/centrourbano.com\/revista\/vivienda\/coesvi-chihuahua-vivienda-economica\/#primaryimage"},"thumbnailUrl":"https:\/\/centrourbano.com\/revista\/wp-content\/uploads\/Coesvi_Chihuahua-e1508889284420.jpeg","datePublished":"2017-10-24T23:56:45+00:00","dateModified":"2017-10-24T23:57:52+00:00","description":"Lo m\u00e1s importante es regresar a los ciudadanos lo que les fue negado en programas sociales de vivienda, asegur\u00f3 el titular de la Coesvi Chihuahua","breadcrumb":{"@id":"https:\/\/centrourbano.com\/revista\/vivienda\/coesvi-chihuahua-vivienda-economica\/#breadcrumb"},"inLanguage":"es","potentialAction":[{"@type":"ReadAction","target":["https:\/\/centrourbano.com\/revista\/vivienda\/coesvi-chihuahua-vivienda-economica\/"]}]},{"@type":"ImageObject","inLanguage":"es","@id":"https:\/\/centrourbano.com\/revista\/vivienda\/coesvi-chihuahua-vivienda-economica\/#primaryimage","url":"https:\/\/centrourbano.com\/revista\/wp-content\/uploads\/Coesvi_Chihuahua-e1508889284420.jpeg","contentUrl":"https:\/\/centrourbano.com\/revista\/wp-content\/uploads\/Coesvi_Chihuahua-e1508889284420.jpeg","width":800,"height":533,"caption":"Director_Gral_Coesvi_Chihuahua"},{"@type":"BreadcrumbList","@id":"https:\/\/centrourbano.com\/revista\/vivienda\/coesvi-chihuahua-vivienda-economica\/#breadcrumb","itemListElement":[{"@type":"ListItem","position":1,"name":"Portada","item":"https:\/\/centrourbano.com\/revista\/"},{"@type":"ListItem","position":2,"name":"Coesvi Chihuahua busca ofrecer vivienda econ\u00f3mica"}]},{"@type":"WebSite","@id":"https:\/\/centrourbano.com\/revista\/#website","url":"https:\/\/centrourbano.com\/revista\/","name":"Centro Urbano","description":"Medio especializado en los sectores vivienda, inmobiliario, construcci\u00f3n, arquitectura y urbanismo.","publisher":{"@id":"https:\/\/centrourbano.com\/revista\/#organization"},"potentialAction":[{"@type":"SearchAction","target":{"@type":"EntryPoint","urlTemplate":"https:\/\/centrourbano.com\/revista\/?s={search_term_string}"},"query-input":{"@type":"PropertyValueSpecification","valueRequired":true,"valueName":"search_term_string"}}],"inLanguage":"es"},{"@type":"Organization","@id":"https:\/\/centrourbano.com\/revista\/#organization","name":"Centro Urbano","url":"https:\/\/centrourbano.com\/revista\/","logo":{"@type":"ImageObject","inLanguage":"es","@id":"https:\/\/centrourbano.com\/revista\/#\/schema\/logo\/image\/","url":"https:\/\/centrourbano.com\/revista\/wp-content\/uploads\/web_CU_logo-1.png","contentUrl":"https:\/\/centrourbano.com\/revista\/wp-content\/uploads\/web_CU_logo-1.png","width":350,"height":91,"caption":"Centro Urbano"},"image":{"@id":"https:\/\/centrourbano.com\/revista\/#\/schema\/logo\/image\/"},"sameAs":["https:\/\/www.facebook.com\/portalcentrourbano","https:\/\/x.com\/CentroUrbano","https:\/\/www.instagram.com\/centro_urbano\/","https:\/\/www.linkedin.com\/company\/centro-urbano\/","http:\/\/www.youtube.com\/user\/portalcentrourbano"]},{"@type":"Person","@id":"https:\/\/centrourbano.com\/revista\/#\/schema\/person\/9a36a90c9a17a588335bc23c7aa03e3c","name":"Roc\u00edo Garc\u00eda","image":{"@type":"ImageObject","inLanguage":"es","@id":"https:\/\/secure.gravatar.com\/avatar\/a0e2f1ddfed432d8ad4b84b5dc2e19fc4c403753eb7578fd4dca22f8e2538fc8?s=96&d=mm&r=g","url":"https:\/\/secure.gravatar.com\/avatar\/a0e2f1ddfed432d8ad4b84b5dc2e19fc4c403753eb7578fd4dca22f8e2538fc8?s=96&d=mm&r=g","contentUrl":"https:\/\/secure.gravatar.com\/avatar\/a0e2f1ddfed432d8ad4b84b5dc2e19fc4c403753eb7578fd4dca22f8e2538fc8?s=96&d=mm&r=g","caption":"Roc\u00edo Garc\u00eda"},"description":"Estudiante de Comunicaci\u00f3n de la Facultad de Estudios Superiores Acatl\u00e1n, con especialidad en Multimedia y Cultura. Apasionada por la radio, la m\u00fasica y la CDMX. Hablo mucho y r\u00edo m\u00e1s, me gusta la cumbia, las chelas y el rock n\u2019 roll.","sameAs":["facebook.com\/ro.garcia23","https:\/\/www.instagram.com\/ch_chioo\/"],"url":"https:\/\/centrourbano.com\/revista\/author\/rocio-garcia\/"}]}},"_links":{"self":[{"href":"https:\/\/centrourbano.com\/revista\/wp-json\/wp\/v2\/posts\/61752","targetHints":{"allow":["GET"]}}],"collection":[{"href":"https:\/\/centrourbano.com\/revista\/wp-json\/wp\/v2\/posts"}],"about":[{"href":"https:\/\/centrourbano.com\/revista\/wp-json\/wp\/v2\/types\/post"}],"author":[{"embeddable":true,"href":"https:\/\/centrourbano.com\/revista\/wp-json\/wp\/v2\/users\/53"}],"replies":[{"embeddable":true,"href":"https:\/\/centrourbano.com\/revista\/wp-json\/wp\/v2\/comments?post=61752"}],"version-history":[{"count":2,"href":"https:\/\/centrourbano.com\/revista\/wp-json\/wp\/v2\/posts\/61752\/revisions"}],"predecessor-version":[{"id":61757,"href":"https:\/\/centrourbano.com\/revista\/wp-json\/wp\/v2\/posts\/61752\/revisions\/61757"}],"wp:featuredmedia":[{"embeddable":true,"href":"https:\/\/centrourbano.com\/revista\/wp-json\/wp\/v2\/media\/61755"}],"wp:attachment":[{"href":"https:\/\/centrourbano.com\/revista\/wp-json\/wp\/v2\/media?parent=61752"}],"wp:term":[{"taxonomy":"category","embeddable":true,"href":"https:\/\/centrourbano.com\/revista\/wp-json\/wp\/v2\/categories?post=61752"},{"taxonomy":"post_tag","embeddable":true,"href":"https:\/\/centrourbano.com\/revista\/wp-json\/wp\/v2\/tags?post=61752"}],"curies":[{"name":"wp","href":"https:\/\/api.w.org\/{rel}","templated":true}]}}