{"id":61557,"date":"2017-10-20T09:51:45","date_gmt":"2017-10-20T14:51:45","guid":{"rendered":"https:\/\/centrourbano.com\/?p=61557"},"modified":"2017-10-20T09:51:45","modified_gmt":"2017-10-20T14:51:45","slug":"desarrollo-inmobiliario-ajustarse-los-millenials","status":"publish","type":"post","link":"https:\/\/centrourbano.com\/revista\/inmobiliario\/desarrollo-inmobiliario-ajustarse-los-millenials\/","title":{"rendered":"Desarrollo inmobiliario debe ajustarse a los millenials"},"content":{"rendered":"<p><em>Los j\u00f3venes prefieren vivir en las ciudades y valoran m\u00e1s el espacio p\u00fablico<\/em><br \/>\n<!--more--><\/p>\n<p>Debido a que actualmente hay m\u00e1s millenials mayores de edad que la generaci\u00f3n X o los Baby Boomers, el sector inmobiliario debe entender sus necesidades y darles respuesta, ya que son una generaci\u00f3n que est\u00e1 acad\u00e9micamente m\u00e1s preparada, prefiere las ciudades para vivir y son m\u00e1s cr\u00edticos, coincidieron las empresas GAYA, Grupo 4S y Expansive. <\/p>\n<p>Durante el seminario \u2018Millenials y el futuro del Real Estate\u2019, se abordaron diversos temas que han despertado diversas interrogantes entre los desarrolladores inmobiliarios, arquitectos, dise\u00f1adores y constructoras.<\/p>\n<p>\u201cEsta generaci\u00f3n es la que creci\u00f3 con el firme deseo de buscar mejores oportunidades acad\u00e9micas, laborales y de estilo de vida, tambi\u00e9n amenaza con cambiar el modo de vida tradicional. Son vol\u00e1tiles, m\u00e1s cr\u00edticos, exigentes, muy emprendedores y con gran capacidad creativa; adem\u00e1s de ser exploradores y curiosos\u201d, dijo Alberto Laris, director Comercial de GAYA. <\/p>\n<p>Adem\u00e1s, los j\u00f3venes se sorprenden poco, ya que procesan m\u00e1s contenido que las generaciones previas. Viajan m\u00e1s y valoran las experiencias m\u00e1s all\u00e1 de las posesiones f\u00edsicas. Bajo esa misma din\u00e1mica, tienen un deseo por explorar, sorprenderse y disfrutar de los momentos de la vida, agreg\u00f3. <\/p>\n<p>Otra de las tendencias que se han visto, es que tienen mayor gusto por las ciudades y valoran m\u00e1s el espacio p\u00fablico. <\/p>\n<p>\u201cResponder a las expectativas de estos j\u00f3venes, representa un importante reto para el sector inmobiliario en su totalidad. De ah\u00ed nuestro inter\u00e9s por entender a esta audiencia y encontrar nuevas formas de dise\u00f1ar, construir y comercializar vivienda y lugares de trabajo\u201d, explic\u00f3. <\/p>\n<p>Carlos Mu\u00f1oz, director de Grupo 4S, dio a conocer las tendencias disruptivas de los millenials, como son la aceleraci\u00f3n tecnol\u00f3gica, la nueva demograf\u00eda, los cambios en la ingenier\u00eda econ\u00f3mica global, el surgimiento de nuevas organizaciones exponenciales y los nuevos medios de comunicaci\u00f3n.<\/p>\n<p>\u201cOtra caracter\u00edstica es que no encuentra ning\u00fan sentido en el crecimiento acelerado y agresivo de las ciudades, por lo que el negocio de la construcci\u00f3n tender\u00e1 a convertirse en una labor m\u00e1s de mantenimiento y remodelaci\u00f3n de los espacios ya existentes. Se llegar\u00e1 a un punto de inflexi\u00f3n demogr\u00e1fico en el que la velocidad de construcci\u00f3n se reducir\u00e1 a un m\u00ednimo, el desarrollo inmobiliario disminuir\u00e1 dram\u00e1ticamente su papel protag\u00f3nico en la econom\u00eda\u201d, a\u00f1adi\u00f3 Mu\u00f1oz.<\/p>\n<p>Debido a esto, la construcci\u00f3n deber\u00e1 tomar en cuenta, a mediano plazo, proyectos de uso multifuncional con espacios donde puedan realizarse eventos como conciertos, muestras gastron\u00f3micas, debates, conferencias, entre otros. <\/p>\n<p>Con respecto a la comercializaci\u00f3n de proyectos inmobiliarios, se destac\u00f3 la importancia del e-commerce como la herramienta utilizada para realizar la venta de viviendas 100% en l\u00ednea. Esto obligar\u00e1 a los desarrolladores e inmobiliarias a crear una experiencia virtual de alta calidad de contenido.<\/p>\n<p>Finalmente, en el \u00e1mbito de esparcimiento, los especialistas explicaron que los centros comerciales tendr\u00e1n que ser impulsados por su contenido en las redes sociales. Los espacios p\u00fablicos estar\u00e1n relacionados con iniciativas que servir\u00e1n para fortalecer las conexiones sociales y a integrar la tecnolog\u00eda a la vida cotidiana. <\/p>\n<p>De acuerdo al Consejo Nacional de Evaluaci\u00f3n de la Pol\u00edtica de Desarrollo Social (Coneval) y al Instituto Nacional de Estad\u00edstica y Geograf\u00eda (INEGI) 2014, se estima que en M\u00e9xico hay poco m\u00e1s de 30 millones de personas que conforman la generaci\u00f3n de los millenials, j\u00f3venes nacidos entre 1980 y el 2000. <\/p>\n","protected":false},"excerpt":{"rendered":"<p>Los j\u00f3venes prefieren vivir en las ciudades y valoran m\u00e1s el espacio p\u00fablico<\/p>\n","protected":false},"author":37,"featured_media":61558,"comment_status":"open","ping_status":"closed","sticky":false,"template":"","format":"standard","meta":{"om_disable_all_campaigns":false,"inline_featured_image":false,"_monsterinsights_skip_tracking":false,"_monsterinsights_sitenote_active":false,"_monsterinsights_sitenote_note":"","_monsterinsights_sitenote_category":0,"footnotes":""},"categories":[15],"tags":[2929,11724,1495,2097,9444,7825],"class_list":["post-61557","post","type-post","status-publish","format-standard","has-post-thumbnail","hentry","category-inmobiliario","tag-4s","tag-alberto-laris","tag-carlos-munoz","tag-desarrollo-inmobiliario","tag-gaya","tag-millenials"],"yoast_head":"<!-- This site is optimized with the Yoast SEO plugin v27.4 - https:\/\/yoast.com\/product\/yoast-seo-wordpress\/ -->\n<title>Desarrollo inmobiliario debe ajustarse a los millenials -<\/title>\n<meta name=\"description\" content=\"Debido a que actualmente hay m\u00e1s millenials mayores de edad que la generaci\u00f3n X o los Baby Boomers, el sector inmobiliario debe entender sus necesidades y darles respuesta, ya que son una generaci\u00f3n que est\u00e1 acad\u00e9micamente m\u00e1s preparada, prefiere las ciudades para vivir y son m\u00e1s cr\u00edticos, coincidieron las empresas GAYA, Grupo 4S y Expansive.\" \/>\n<meta name=\"robots\" content=\"index, follow, max-snippet:-1, max-image-preview:large, max-video-preview:-1\" \/>\n<link rel=\"canonical\" href=\"https:\/\/centrourbano.com\/revista\/inmobiliario\/desarrollo-inmobiliario-ajustarse-los-millenials\/\" \/>\n<meta property=\"og:locale\" content=\"es_ES\" \/>\n<meta property=\"og:type\" content=\"article\" \/>\n<meta property=\"og:title\" content=\"Desarrollo inmobiliario debe ajustarse a los millenials -\" \/>\n<meta property=\"og:description\" content=\"Debido a que actualmente hay m\u00e1s millenials mayores de edad que la generaci\u00f3n X o los Baby Boomers, el sector inmobiliario debe entender sus necesidades y darles respuesta, ya que son una generaci\u00f3n que est\u00e1 acad\u00e9micamente m\u00e1s preparada, prefiere las ciudades para vivir y son m\u00e1s cr\u00edticos, coincidieron las empresas GAYA, Grupo 4S y Expansive.\" \/>\n<meta property=\"og:url\" content=\"https:\/\/centrourbano.com\/revista\/inmobiliario\/desarrollo-inmobiliario-ajustarse-los-millenials\/\" \/>\n<meta property=\"og:site_name\" content=\"Centro Urbano\" \/>\n<meta property=\"article:publisher\" content=\"https:\/\/www.facebook.com\/portalcentrourbano\" \/>\n<meta property=\"article:published_time\" content=\"2017-10-20T14:51:45+00:00\" \/>\n<meta property=\"og:image\" content=\"https:\/\/centrourbano.com\/revista\/wp-content\/uploads\/gaya-e1508511036474.png\" \/>\n\t<meta property=\"og:image:width\" content=\"800\" \/>\n\t<meta property=\"og:image:height\" content=\"600\" \/>\n\t<meta property=\"og:image:type\" content=\"image\/png\" \/>\n<meta name=\"author\" content=\"Diego Rodr\u00edguez\" \/>\n<meta name=\"twitter:card\" content=\"summary_large_image\" \/>\n<meta name=\"twitter:creator\" content=\"@CentroUrbano\" \/>\n<meta name=\"twitter:site\" content=\"@CentroUrbano\" \/>\n<meta name=\"twitter:label1\" content=\"Escrito por\" \/>\n\t<meta name=\"twitter:data1\" content=\"Diego Rodr\u00edguez\" \/>\n\t<meta name=\"twitter:label2\" content=\"Tiempo de lectura\" \/>\n\t<meta name=\"twitter:data2\" content=\"3 minutos\" \/>\n<script type=\"application\/ld+json\" class=\"yoast-schema-graph\">{\"@context\":\"https:\\\/\\\/schema.org\",\"@graph\":[{\"@type\":\"Article\",\"@id\":\"https:\\\/\\\/centrourbano.com\\\/revista\\\/inmobiliario\\\/desarrollo-inmobiliario-ajustarse-los-millenials\\\/#article\",\"isPartOf\":{\"@id\":\"https:\\\/\\\/centrourbano.com\\\/revista\\\/inmobiliario\\\/desarrollo-inmobiliario-ajustarse-los-millenials\\\/\"},\"author\":{\"name\":\"Diego Rodr\u00edguez\",\"@id\":\"https:\\\/\\\/centrourbano.com\\\/revista\\\/#\\\/schema\\\/person\\\/b50192a3cd0e680841b45dc537f53970\"},\"headline\":\"Desarrollo inmobiliario debe ajustarse a los millenials\",\"datePublished\":\"2017-10-20T14:51:45+00:00\",\"mainEntityOfPage\":{\"@id\":\"https:\\\/\\\/centrourbano.com\\\/revista\\\/inmobiliario\\\/desarrollo-inmobiliario-ajustarse-los-millenials\\\/\"},\"wordCount\":618,\"commentCount\":0,\"publisher\":{\"@id\":\"https:\\\/\\\/centrourbano.com\\\/revista\\\/#organization\"},\"image\":{\"@id\":\"https:\\\/\\\/centrourbano.com\\\/revista\\\/inmobiliario\\\/desarrollo-inmobiliario-ajustarse-los-millenials\\\/#primaryimage\"},\"thumbnailUrl\":\"https:\\\/\\\/centrourbano.com\\\/revista\\\/wp-content\\\/uploads\\\/gaya-e1508511036474.png\",\"keywords\":[\"4S\",\"Alberto Laris\",\"Carlos Mu\u00f1oz\",\"desarrollo inmobiliario\",\"GAYA\",\"Millenials\"],\"articleSection\":[\"Inmobiliario\"],\"inLanguage\":\"es\",\"potentialAction\":[{\"@type\":\"CommentAction\",\"name\":\"Comment\",\"target\":[\"https:\\\/\\\/centrourbano.com\\\/revista\\\/inmobiliario\\\/desarrollo-inmobiliario-ajustarse-los-millenials\\\/#respond\"]}]},{\"@type\":\"WebPage\",\"@id\":\"https:\\\/\\\/centrourbano.com\\\/revista\\\/inmobiliario\\\/desarrollo-inmobiliario-ajustarse-los-millenials\\\/\",\"url\":\"https:\\\/\\\/centrourbano.com\\\/revista\\\/inmobiliario\\\/desarrollo-inmobiliario-ajustarse-los-millenials\\\/\",\"name\":\"Desarrollo inmobiliario debe ajustarse a los millenials -\",\"isPartOf\":{\"@id\":\"https:\\\/\\\/centrourbano.com\\\/revista\\\/#website\"},\"primaryImageOfPage\":{\"@id\":\"https:\\\/\\\/centrourbano.com\\\/revista\\\/inmobiliario\\\/desarrollo-inmobiliario-ajustarse-los-millenials\\\/#primaryimage\"},\"image\":{\"@id\":\"https:\\\/\\\/centrourbano.com\\\/revista\\\/inmobiliario\\\/desarrollo-inmobiliario-ajustarse-los-millenials\\\/#primaryimage\"},\"thumbnailUrl\":\"https:\\\/\\\/centrourbano.com\\\/revista\\\/wp-content\\\/uploads\\\/gaya-e1508511036474.png\",\"datePublished\":\"2017-10-20T14:51:45+00:00\",\"description\":\"Debido a que actualmente hay m\u00e1s millenials mayores de edad que la generaci\u00f3n X o los Baby Boomers, el sector inmobiliario debe entender sus necesidades y darles respuesta, ya que son una generaci\u00f3n que est\u00e1 acad\u00e9micamente m\u00e1s preparada, prefiere las ciudades para vivir y son m\u00e1s cr\u00edticos, coincidieron las empresas GAYA, Grupo 4S y Expansive.\",\"breadcrumb\":{\"@id\":\"https:\\\/\\\/centrourbano.com\\\/revista\\\/inmobiliario\\\/desarrollo-inmobiliario-ajustarse-los-millenials\\\/#breadcrumb\"},\"inLanguage\":\"es\",\"potentialAction\":[{\"@type\":\"ReadAction\",\"target\":[\"https:\\\/\\\/centrourbano.com\\\/revista\\\/inmobiliario\\\/desarrollo-inmobiliario-ajustarse-los-millenials\\\/\"]}]},{\"@type\":\"ImageObject\",\"inLanguage\":\"es\",\"@id\":\"https:\\\/\\\/centrourbano.com\\\/revista\\\/inmobiliario\\\/desarrollo-inmobiliario-ajustarse-los-millenials\\\/#primaryimage\",\"url\":\"https:\\\/\\\/centrourbano.com\\\/revista\\\/wp-content\\\/uploads\\\/gaya-e1508511036474.png\",\"contentUrl\":\"https:\\\/\\\/centrourbano.com\\\/revista\\\/wp-content\\\/uploads\\\/gaya-e1508511036474.png\",\"width\":800,\"height\":600,\"caption\":\"Los j\u00f3venes prefieren vivir en las ciudades y valoran m\u00e1s el espacio p\u00fablico\"},{\"@type\":\"BreadcrumbList\",\"@id\":\"https:\\\/\\\/centrourbano.com\\\/revista\\\/inmobiliario\\\/desarrollo-inmobiliario-ajustarse-los-millenials\\\/#breadcrumb\",\"itemListElement\":[{\"@type\":\"ListItem\",\"position\":1,\"name\":\"Portada\",\"item\":\"https:\\\/\\\/centrourbano.com\\\/revista\\\/\"},{\"@type\":\"ListItem\",\"position\":2,\"name\":\"Desarrollo inmobiliario debe ajustarse a los millenials\"}]},{\"@type\":\"WebSite\",\"@id\":\"https:\\\/\\\/centrourbano.com\\\/revista\\\/#website\",\"url\":\"https:\\\/\\\/centrourbano.com\\\/revista\\\/\",\"name\":\"Centro Urbano\",\"description\":\"Medio especializado en los sectores vivienda, inmobiliario, construcci\u00f3n, arquitectura y urbanismo.\",\"publisher\":{\"@id\":\"https:\\\/\\\/centrourbano.com\\\/revista\\\/#organization\"},\"potentialAction\":[{\"@type\":\"SearchAction\",\"target\":{\"@type\":\"EntryPoint\",\"urlTemplate\":\"https:\\\/\\\/centrourbano.com\\\/revista\\\/?s={search_term_string}\"},\"query-input\":{\"@type\":\"PropertyValueSpecification\",\"valueRequired\":true,\"valueName\":\"search_term_string\"}}],\"inLanguage\":\"es\"},{\"@type\":\"Organization\",\"@id\":\"https:\\\/\\\/centrourbano.com\\\/revista\\\/#organization\",\"name\":\"Centro Urbano\",\"url\":\"https:\\\/\\\/centrourbano.com\\\/revista\\\/\",\"logo\":{\"@type\":\"ImageObject\",\"inLanguage\":\"es\",\"@id\":\"https:\\\/\\\/centrourbano.com\\\/revista\\\/#\\\/schema\\\/logo\\\/image\\\/\",\"url\":\"https:\\\/\\\/centrourbano.com\\\/revista\\\/wp-content\\\/uploads\\\/web_CU_logo-1.png\",\"contentUrl\":\"https:\\\/\\\/centrourbano.com\\\/revista\\\/wp-content\\\/uploads\\\/web_CU_logo-1.png\",\"width\":350,\"height\":91,\"caption\":\"Centro Urbano\"},\"image\":{\"@id\":\"https:\\\/\\\/centrourbano.com\\\/revista\\\/#\\\/schema\\\/logo\\\/image\\\/\"},\"sameAs\":[\"https:\\\/\\\/www.facebook.com\\\/portalcentrourbano\",\"https:\\\/\\\/x.com\\\/CentroUrbano\",\"https:\\\/\\\/www.instagram.com\\\/centro_urbano\\\/\",\"https:\\\/\\\/www.linkedin.com\\\/company\\\/centro-urbano\\\/\",\"http:\\\/\\\/www.youtube.com\\\/user\\\/portalcentrourbano\"]},{\"@type\":\"Person\",\"@id\":\"https:\\\/\\\/centrourbano.com\\\/revista\\\/#\\\/schema\\\/person\\\/b50192a3cd0e680841b45dc537f53970\",\"name\":\"Diego Rodr\u00edguez\",\"image\":{\"@type\":\"ImageObject\",\"inLanguage\":\"es\",\"@id\":\"https:\\\/\\\/secure.gravatar.com\\\/avatar\\\/d217565525df2df5d4e7265d47758506f41845ed9529510921a7625d8365789d?s=96&d=mm&r=g\",\"url\":\"https:\\\/\\\/secure.gravatar.com\\\/avatar\\\/d217565525df2df5d4e7265d47758506f41845ed9529510921a7625d8365789d?s=96&d=mm&r=g\",\"contentUrl\":\"https:\\\/\\\/secure.gravatar.com\\\/avatar\\\/d217565525df2df5d4e7265d47758506f41845ed9529510921a7625d8365789d?s=96&d=mm&r=g\",\"caption\":\"Diego Rodr\u00edguez\"},\"description\":\"Egresado de la Facultad de Estudios Superiores Acatl\u00e1n de la carrera en Comunicaci\u00f3n, con especialidad en medios escritos. Reportero del desaparecido peri\u00f3dico Nuestro M\u00e9xico, en donde cubri\u00f3 las fuentes delegacionales y Asamblea Legislativa. Tambi\u00e9n trabaj\u00f3 en la Coordinaci\u00f3n de Comunicaci\u00f3n Social en la delegaci\u00f3n \u00c1lvaro Obreg\u00f3n. Le gusta leer novelas y cuentos.\",\"url\":\"https:\\\/\\\/centrourbano.com\\\/revista\\\/author\\\/diegorodriguez\\\/\"}]}<\/script>\n<!-- \/ Yoast SEO plugin. -->","yoast_head_json":{"title":"Desarrollo inmobiliario debe ajustarse a los millenials -","description":"Debido a que actualmente hay m\u00e1s millenials mayores de edad que la generaci\u00f3n X o los Baby Boomers, el sector inmobiliario debe entender sus necesidades y darles respuesta, ya que son una generaci\u00f3n que est\u00e1 acad\u00e9micamente m\u00e1s preparada, prefiere las ciudades para vivir y son m\u00e1s cr\u00edticos, coincidieron las empresas GAYA, Grupo 4S y Expansive.","robots":{"index":"index","follow":"follow","max-snippet":"max-snippet:-1","max-image-preview":"max-image-preview:large","max-video-preview":"max-video-preview:-1"},"canonical":"https:\/\/centrourbano.com\/revista\/inmobiliario\/desarrollo-inmobiliario-ajustarse-los-millenials\/","og_locale":"es_ES","og_type":"article","og_title":"Desarrollo inmobiliario debe ajustarse a los millenials -","og_description":"Debido a que actualmente hay m\u00e1s millenials mayores de edad que la generaci\u00f3n X o los Baby Boomers, el sector inmobiliario debe entender sus necesidades y darles respuesta, ya que son una generaci\u00f3n que est\u00e1 acad\u00e9micamente m\u00e1s preparada, prefiere las ciudades para vivir y son m\u00e1s cr\u00edticos, coincidieron las empresas GAYA, Grupo 4S y Expansive.","og_url":"https:\/\/centrourbano.com\/revista\/inmobiliario\/desarrollo-inmobiliario-ajustarse-los-millenials\/","og_site_name":"Centro Urbano","article_publisher":"https:\/\/www.facebook.com\/portalcentrourbano","article_published_time":"2017-10-20T14:51:45+00:00","og_image":[{"width":800,"height":600,"url":"https:\/\/centrourbano.com\/revista\/wp-content\/uploads\/gaya-e1508511036474.png","type":"image\/png"}],"author":"Diego Rodr\u00edguez","twitter_card":"summary_large_image","twitter_creator":"@CentroUrbano","twitter_site":"@CentroUrbano","twitter_misc":{"Escrito por":"Diego Rodr\u00edguez","Tiempo de lectura":"3 minutos"},"schema":{"@context":"https:\/\/schema.org","@graph":[{"@type":"Article","@id":"https:\/\/centrourbano.com\/revista\/inmobiliario\/desarrollo-inmobiliario-ajustarse-los-millenials\/#article","isPartOf":{"@id":"https:\/\/centrourbano.com\/revista\/inmobiliario\/desarrollo-inmobiliario-ajustarse-los-millenials\/"},"author":{"name":"Diego Rodr\u00edguez","@id":"https:\/\/centrourbano.com\/revista\/#\/schema\/person\/b50192a3cd0e680841b45dc537f53970"},"headline":"Desarrollo inmobiliario debe ajustarse a los millenials","datePublished":"2017-10-20T14:51:45+00:00","mainEntityOfPage":{"@id":"https:\/\/centrourbano.com\/revista\/inmobiliario\/desarrollo-inmobiliario-ajustarse-los-millenials\/"},"wordCount":618,"commentCount":0,"publisher":{"@id":"https:\/\/centrourbano.com\/revista\/#organization"},"image":{"@id":"https:\/\/centrourbano.com\/revista\/inmobiliario\/desarrollo-inmobiliario-ajustarse-los-millenials\/#primaryimage"},"thumbnailUrl":"https:\/\/centrourbano.com\/revista\/wp-content\/uploads\/gaya-e1508511036474.png","keywords":["4S","Alberto Laris","Carlos Mu\u00f1oz","desarrollo inmobiliario","GAYA","Millenials"],"articleSection":["Inmobiliario"],"inLanguage":"es","potentialAction":[{"@type":"CommentAction","name":"Comment","target":["https:\/\/centrourbano.com\/revista\/inmobiliario\/desarrollo-inmobiliario-ajustarse-los-millenials\/#respond"]}]},{"@type":"WebPage","@id":"https:\/\/centrourbano.com\/revista\/inmobiliario\/desarrollo-inmobiliario-ajustarse-los-millenials\/","url":"https:\/\/centrourbano.com\/revista\/inmobiliario\/desarrollo-inmobiliario-ajustarse-los-millenials\/","name":"Desarrollo inmobiliario debe ajustarse a los millenials -","isPartOf":{"@id":"https:\/\/centrourbano.com\/revista\/#website"},"primaryImageOfPage":{"@id":"https:\/\/centrourbano.com\/revista\/inmobiliario\/desarrollo-inmobiliario-ajustarse-los-millenials\/#primaryimage"},"image":{"@id":"https:\/\/centrourbano.com\/revista\/inmobiliario\/desarrollo-inmobiliario-ajustarse-los-millenials\/#primaryimage"},"thumbnailUrl":"https:\/\/centrourbano.com\/revista\/wp-content\/uploads\/gaya-e1508511036474.png","datePublished":"2017-10-20T14:51:45+00:00","description":"Debido a que actualmente hay m\u00e1s millenials mayores de edad que la generaci\u00f3n X o los Baby Boomers, el sector inmobiliario debe entender sus necesidades y darles respuesta, ya que son una generaci\u00f3n que est\u00e1 acad\u00e9micamente m\u00e1s preparada, prefiere las ciudades para vivir y son m\u00e1s cr\u00edticos, coincidieron las empresas GAYA, Grupo 4S y Expansive.","breadcrumb":{"@id":"https:\/\/centrourbano.com\/revista\/inmobiliario\/desarrollo-inmobiliario-ajustarse-los-millenials\/#breadcrumb"},"inLanguage":"es","potentialAction":[{"@type":"ReadAction","target":["https:\/\/centrourbano.com\/revista\/inmobiliario\/desarrollo-inmobiliario-ajustarse-los-millenials\/"]}]},{"@type":"ImageObject","inLanguage":"es","@id":"https:\/\/centrourbano.com\/revista\/inmobiliario\/desarrollo-inmobiliario-ajustarse-los-millenials\/#primaryimage","url":"https:\/\/centrourbano.com\/revista\/wp-content\/uploads\/gaya-e1508511036474.png","contentUrl":"https:\/\/centrourbano.com\/revista\/wp-content\/uploads\/gaya-e1508511036474.png","width":800,"height":600,"caption":"Los j\u00f3venes prefieren vivir en las ciudades y valoran m\u00e1s el espacio p\u00fablico"},{"@type":"BreadcrumbList","@id":"https:\/\/centrourbano.com\/revista\/inmobiliario\/desarrollo-inmobiliario-ajustarse-los-millenials\/#breadcrumb","itemListElement":[{"@type":"ListItem","position":1,"name":"Portada","item":"https:\/\/centrourbano.com\/revista\/"},{"@type":"ListItem","position":2,"name":"Desarrollo inmobiliario debe ajustarse a los millenials"}]},{"@type":"WebSite","@id":"https:\/\/centrourbano.com\/revista\/#website","url":"https:\/\/centrourbano.com\/revista\/","name":"Centro Urbano","description":"Medio especializado en los sectores vivienda, inmobiliario, construcci\u00f3n, arquitectura y urbanismo.","publisher":{"@id":"https:\/\/centrourbano.com\/revista\/#organization"},"potentialAction":[{"@type":"SearchAction","target":{"@type":"EntryPoint","urlTemplate":"https:\/\/centrourbano.com\/revista\/?s={search_term_string}"},"query-input":{"@type":"PropertyValueSpecification","valueRequired":true,"valueName":"search_term_string"}}],"inLanguage":"es"},{"@type":"Organization","@id":"https:\/\/centrourbano.com\/revista\/#organization","name":"Centro Urbano","url":"https:\/\/centrourbano.com\/revista\/","logo":{"@type":"ImageObject","inLanguage":"es","@id":"https:\/\/centrourbano.com\/revista\/#\/schema\/logo\/image\/","url":"https:\/\/centrourbano.com\/revista\/wp-content\/uploads\/web_CU_logo-1.png","contentUrl":"https:\/\/centrourbano.com\/revista\/wp-content\/uploads\/web_CU_logo-1.png","width":350,"height":91,"caption":"Centro Urbano"},"image":{"@id":"https:\/\/centrourbano.com\/revista\/#\/schema\/logo\/image\/"},"sameAs":["https:\/\/www.facebook.com\/portalcentrourbano","https:\/\/x.com\/CentroUrbano","https:\/\/www.instagram.com\/centro_urbano\/","https:\/\/www.linkedin.com\/company\/centro-urbano\/","http:\/\/www.youtube.com\/user\/portalcentrourbano"]},{"@type":"Person","@id":"https:\/\/centrourbano.com\/revista\/#\/schema\/person\/b50192a3cd0e680841b45dc537f53970","name":"Diego Rodr\u00edguez","image":{"@type":"ImageObject","inLanguage":"es","@id":"https:\/\/secure.gravatar.com\/avatar\/d217565525df2df5d4e7265d47758506f41845ed9529510921a7625d8365789d?s=96&d=mm&r=g","url":"https:\/\/secure.gravatar.com\/avatar\/d217565525df2df5d4e7265d47758506f41845ed9529510921a7625d8365789d?s=96&d=mm&r=g","contentUrl":"https:\/\/secure.gravatar.com\/avatar\/d217565525df2df5d4e7265d47758506f41845ed9529510921a7625d8365789d?s=96&d=mm&r=g","caption":"Diego Rodr\u00edguez"},"description":"Egresado de la Facultad de Estudios Superiores Acatl\u00e1n de la carrera en Comunicaci\u00f3n, con especialidad en medios escritos. Reportero del desaparecido peri\u00f3dico Nuestro M\u00e9xico, en donde cubri\u00f3 las fuentes delegacionales y Asamblea Legislativa. Tambi\u00e9n trabaj\u00f3 en la Coordinaci\u00f3n de Comunicaci\u00f3n Social en la delegaci\u00f3n \u00c1lvaro Obreg\u00f3n. Le gusta leer novelas y cuentos.","url":"https:\/\/centrourbano.com\/revista\/author\/diegorodriguez\/"}]}},"_links":{"self":[{"href":"https:\/\/centrourbano.com\/revista\/wp-json\/wp\/v2\/posts\/61557","targetHints":{"allow":["GET"]}}],"collection":[{"href":"https:\/\/centrourbano.com\/revista\/wp-json\/wp\/v2\/posts"}],"about":[{"href":"https:\/\/centrourbano.com\/revista\/wp-json\/wp\/v2\/types\/post"}],"author":[{"embeddable":true,"href":"https:\/\/centrourbano.com\/revista\/wp-json\/wp\/v2\/users\/37"}],"replies":[{"embeddable":true,"href":"https:\/\/centrourbano.com\/revista\/wp-json\/wp\/v2\/comments?post=61557"}],"version-history":[{"count":1,"href":"https:\/\/centrourbano.com\/revista\/wp-json\/wp\/v2\/posts\/61557\/revisions"}],"predecessor-version":[{"id":61559,"href":"https:\/\/centrourbano.com\/revista\/wp-json\/wp\/v2\/posts\/61557\/revisions\/61559"}],"wp:featuredmedia":[{"embeddable":true,"href":"https:\/\/centrourbano.com\/revista\/wp-json\/wp\/v2\/media\/61558"}],"wp:attachment":[{"href":"https:\/\/centrourbano.com\/revista\/wp-json\/wp\/v2\/media?parent=61557"}],"wp:term":[{"taxonomy":"category","embeddable":true,"href":"https:\/\/centrourbano.com\/revista\/wp-json\/wp\/v2\/categories?post=61557"},{"taxonomy":"post_tag","embeddable":true,"href":"https:\/\/centrourbano.com\/revista\/wp-json\/wp\/v2\/tags?post=61557"}],"curies":[{"name":"wp","href":"https:\/\/api.w.org\/{rel}","templated":true}]}}