{"id":61481,"date":"2017-10-18T18:47:03","date_gmt":"2017-10-18T23:47:03","guid":{"rendered":"https:\/\/centrourbano.com\/?p=61481"},"modified":"2017-10-18T18:47:03","modified_gmt":"2017-10-18T23:47:03","slug":"precios-mercado-inmobiliario-no-se-desplomado","status":"publish","type":"post","link":"https:\/\/centrourbano.com\/revista\/actualidad\/precios-mercado-inmobiliario-no-se-desplomado\/","title":{"rendered":"Precios mercado inmobiliario no se han desplomado"},"content":{"rendered":"<p><em>Cr\u00e9ditos para compra de vivienda tienen variantes que pueden incrementar monto de compra<\/em><br \/>\n<!--more--><\/p>\n<p>Ernesto Mena, \tpresidente de la Asociaci\u00f3n Mexicana de Profesionales Inmobiliarios (AMPI) en la Ciudad de M\u00e9xico, particip\u00f3 en la m\u00e1s reciente emisi\u00f3n de Centro Urbano, a trav\u00e9s de Radio Tv, dijo que los precios del mercado inmobiliario en la capital no se han desplomado, pero consider\u00f3 que estos procesos ahora deben darse con mayor cautela. <\/p>\n<p>\u201cHago un llamado a la ciudadan\u00eda, a los due\u00f1os, a los profesionales, a dar un precio base de renta o venta, a partir de la documentaci\u00f3n existente, para que no se tenga una voracidad para rentar en condiciones provechosas o desventajosas\u201d. <\/p>\n<p>Tambi\u00e9n particip\u00f3 Gonzalo Palafox, director general adjunto de desarrollo de negocios en ION Financiera, quien dio algunos datos sobre la aplicaci\u00f3n de los primeros cr\u00e9ditos con tasa preferencial de 9 por ciento. <\/p>\n<p>\u201cEn el programa hay variantes, puede comprar vivienda nueva o usada, se puede financiar dos millones de pesos y que la persona ponga m\u00e1s recursos, con tope hasta cuatro millones, la diferencia es que dos millones son del gobierno, los otros dos millones deben ser pagados como amortizaci\u00f3n de un cr\u00e9dito, es decir, inter\u00e9s y capital\u201d. <\/p>\n","protected":false},"excerpt":{"rendered":"<p>Cr\u00e9ditos para compra de vivienda tienen variantes que pueden incrementar monto de compra<\/p>\n","protected":false},"author":37,"featured_media":61486,"comment_status":"open","ping_status":"closed","sticky":false,"template":"","format":"standard","meta":{"om_disable_all_campaigns":false,"inline_featured_image":false,"_monsterinsights_skip_tracking":false,"_monsterinsights_sitenote_active":false,"_monsterinsights_sitenote_note":"","_monsterinsights_sitenote_category":0,"footnotes":""},"categories":[80],"tags":[],"class_list":["post-61481","post","type-post","status-publish","format-standard","has-post-thumbnail","hentry","category-actualidad"],"yoast_head":"<!-- This site is optimized with the Yoast SEO plugin v27.4 - https:\/\/yoast.com\/product\/yoast-seo-wordpress\/ -->\n<title>Precios mercado inmobiliario no se han desplomado -<\/title>\n<meta name=\"description\" content=\"Ernesto Mena, presidente de la Asociaci\u00f3n Mexicana de Profesionales Inmobiliarios (AMPI) en la Ciudad de M\u00e9xico, particip\u00f3 en la m\u00e1s reciente emisi\u00f3n de Centro Urbano, a trav\u00e9s de Radio Tv, dijo que los precios del mercado inmobiliario en la capital no se han desplomado, pero consider\u00f3 que estos procesos ahora deben darse con mayor cautela.\" \/>\n<meta name=\"robots\" content=\"index, follow, max-snippet:-1, max-image-preview:large, max-video-preview:-1\" \/>\n<link rel=\"canonical\" href=\"https:\/\/centrourbano.com\/revista\/actualidad\/precios-mercado-inmobiliario-no-se-desplomado\/\" \/>\n<meta property=\"og:locale\" content=\"es_ES\" \/>\n<meta property=\"og:type\" content=\"article\" \/>\n<meta property=\"og:title\" content=\"Precios mercado inmobiliario no se han desplomado -\" \/>\n<meta property=\"og:description\" content=\"Ernesto Mena, presidente de la Asociaci\u00f3n Mexicana de Profesionales Inmobiliarios (AMPI) en la Ciudad de M\u00e9xico, particip\u00f3 en la m\u00e1s reciente emisi\u00f3n de Centro Urbano, a trav\u00e9s de Radio Tv, dijo que los precios del mercado inmobiliario en la capital no se han desplomado, pero consider\u00f3 que estos procesos ahora deben darse con mayor cautela.\" \/>\n<meta property=\"og:url\" content=\"https:\/\/centrourbano.com\/revista\/actualidad\/precios-mercado-inmobiliario-no-se-desplomado\/\" \/>\n<meta property=\"og:site_name\" content=\"Centro Urbano\" \/>\n<meta property=\"article:publisher\" content=\"https:\/\/www.facebook.com\/portalcentrourbano\" \/>\n<meta property=\"article:published_time\" content=\"2017-10-18T23:47:03+00:00\" \/>\n<meta property=\"og:image\" content=\"https:\/\/centrourbano.com\/revista\/wp-content\/uploads\/meana.jpg\" \/>\n\t<meta property=\"og:image:width\" content=\"800\" \/>\n\t<meta property=\"og:image:height\" content=\"600\" \/>\n\t<meta property=\"og:image:type\" content=\"image\/jpeg\" \/>\n<meta name=\"author\" content=\"Diego Rodr\u00edguez\" \/>\n<meta name=\"twitter:card\" content=\"summary_large_image\" \/>\n<meta name=\"twitter:creator\" content=\"@CentroUrbano\" \/>\n<meta name=\"twitter:site\" content=\"@CentroUrbano\" \/>\n<meta name=\"twitter:label1\" content=\"Escrito por\" \/>\n\t<meta name=\"twitter:data1\" content=\"Diego Rodr\u00edguez\" \/>\n\t<meta name=\"twitter:label2\" content=\"Tiempo de lectura\" \/>\n\t<meta name=\"twitter:data2\" content=\"1 minuto\" \/>\n<script type=\"application\/ld+json\" class=\"yoast-schema-graph\">{\"@context\":\"https:\\\/\\\/schema.org\",\"@graph\":[{\"@type\":\"Article\",\"@id\":\"https:\\\/\\\/centrourbano.com\\\/revista\\\/actualidad\\\/precios-mercado-inmobiliario-no-se-desplomado\\\/#article\",\"isPartOf\":{\"@id\":\"https:\\\/\\\/centrourbano.com\\\/revista\\\/actualidad\\\/precios-mercado-inmobiliario-no-se-desplomado\\\/\"},\"author\":{\"name\":\"Diego Rodr\u00edguez\",\"@id\":\"https:\\\/\\\/centrourbano.com\\\/revista\\\/#\\\/schema\\\/person\\\/b50192a3cd0e680841b45dc537f53970\"},\"headline\":\"Precios mercado inmobiliario no se han desplomado\",\"datePublished\":\"2017-10-18T23:47:03+00:00\",\"mainEntityOfPage\":{\"@id\":\"https:\\\/\\\/centrourbano.com\\\/revista\\\/actualidad\\\/precios-mercado-inmobiliario-no-se-desplomado\\\/\"},\"wordCount\":219,\"commentCount\":0,\"publisher\":{\"@id\":\"https:\\\/\\\/centrourbano.com\\\/revista\\\/#organization\"},\"image\":{\"@id\":\"https:\\\/\\\/centrourbano.com\\\/revista\\\/actualidad\\\/precios-mercado-inmobiliario-no-se-desplomado\\\/#primaryimage\"},\"thumbnailUrl\":\"https:\\\/\\\/centrourbano.com\\\/revista\\\/wp-content\\\/uploads\\\/meana.jpg\",\"articleSection\":[\"Actualidad\"],\"inLanguage\":\"es\",\"potentialAction\":[{\"@type\":\"CommentAction\",\"name\":\"Comment\",\"target\":[\"https:\\\/\\\/centrourbano.com\\\/revista\\\/actualidad\\\/precios-mercado-inmobiliario-no-se-desplomado\\\/#respond\"]}]},{\"@type\":\"WebPage\",\"@id\":\"https:\\\/\\\/centrourbano.com\\\/revista\\\/actualidad\\\/precios-mercado-inmobiliario-no-se-desplomado\\\/\",\"url\":\"https:\\\/\\\/centrourbano.com\\\/revista\\\/actualidad\\\/precios-mercado-inmobiliario-no-se-desplomado\\\/\",\"name\":\"Precios mercado inmobiliario no se han desplomado -\",\"isPartOf\":{\"@id\":\"https:\\\/\\\/centrourbano.com\\\/revista\\\/#website\"},\"primaryImageOfPage\":{\"@id\":\"https:\\\/\\\/centrourbano.com\\\/revista\\\/actualidad\\\/precios-mercado-inmobiliario-no-se-desplomado\\\/#primaryimage\"},\"image\":{\"@id\":\"https:\\\/\\\/centrourbano.com\\\/revista\\\/actualidad\\\/precios-mercado-inmobiliario-no-se-desplomado\\\/#primaryimage\"},\"thumbnailUrl\":\"https:\\\/\\\/centrourbano.com\\\/revista\\\/wp-content\\\/uploads\\\/meana.jpg\",\"datePublished\":\"2017-10-18T23:47:03+00:00\",\"description\":\"Ernesto Mena, presidente de la Asociaci\u00f3n Mexicana de Profesionales Inmobiliarios (AMPI) en la Ciudad de M\u00e9xico, particip\u00f3 en la m\u00e1s reciente emisi\u00f3n de Centro Urbano, a trav\u00e9s de Radio Tv, dijo que los precios del mercado inmobiliario en la capital no se han desplomado, pero consider\u00f3 que estos procesos ahora deben darse con mayor cautela.\",\"breadcrumb\":{\"@id\":\"https:\\\/\\\/centrourbano.com\\\/revista\\\/actualidad\\\/precios-mercado-inmobiliario-no-se-desplomado\\\/#breadcrumb\"},\"inLanguage\":\"es\",\"potentialAction\":[{\"@type\":\"ReadAction\",\"target\":[\"https:\\\/\\\/centrourbano.com\\\/revista\\\/actualidad\\\/precios-mercado-inmobiliario-no-se-desplomado\\\/\"]}]},{\"@type\":\"ImageObject\",\"inLanguage\":\"es\",\"@id\":\"https:\\\/\\\/centrourbano.com\\\/revista\\\/actualidad\\\/precios-mercado-inmobiliario-no-se-desplomado\\\/#primaryimage\",\"url\":\"https:\\\/\\\/centrourbano.com\\\/revista\\\/wp-content\\\/uploads\\\/meana.jpg\",\"contentUrl\":\"https:\\\/\\\/centrourbano.com\\\/revista\\\/wp-content\\\/uploads\\\/meana.jpg\",\"width\":800,\"height\":600,\"caption\":\"Cr\u00e9ditos para compra de vivienda tienen variantes que pueden incrementar monto de compra\"},{\"@type\":\"BreadcrumbList\",\"@id\":\"https:\\\/\\\/centrourbano.com\\\/revista\\\/actualidad\\\/precios-mercado-inmobiliario-no-se-desplomado\\\/#breadcrumb\",\"itemListElement\":[{\"@type\":\"ListItem\",\"position\":1,\"name\":\"Portada\",\"item\":\"https:\\\/\\\/centrourbano.com\\\/revista\\\/\"},{\"@type\":\"ListItem\",\"position\":2,\"name\":\"Precios mercado inmobiliario no se han desplomado\"}]},{\"@type\":\"WebSite\",\"@id\":\"https:\\\/\\\/centrourbano.com\\\/revista\\\/#website\",\"url\":\"https:\\\/\\\/centrourbano.com\\\/revista\\\/\",\"name\":\"Centro Urbano\",\"description\":\"Medio especializado en los sectores vivienda, inmobiliario, construcci\u00f3n, arquitectura y urbanismo.\",\"publisher\":{\"@id\":\"https:\\\/\\\/centrourbano.com\\\/revista\\\/#organization\"},\"potentialAction\":[{\"@type\":\"SearchAction\",\"target\":{\"@type\":\"EntryPoint\",\"urlTemplate\":\"https:\\\/\\\/centrourbano.com\\\/revista\\\/?s={search_term_string}\"},\"query-input\":{\"@type\":\"PropertyValueSpecification\",\"valueRequired\":true,\"valueName\":\"search_term_string\"}}],\"inLanguage\":\"es\"},{\"@type\":\"Organization\",\"@id\":\"https:\\\/\\\/centrourbano.com\\\/revista\\\/#organization\",\"name\":\"Centro Urbano\",\"url\":\"https:\\\/\\\/centrourbano.com\\\/revista\\\/\",\"logo\":{\"@type\":\"ImageObject\",\"inLanguage\":\"es\",\"@id\":\"https:\\\/\\\/centrourbano.com\\\/revista\\\/#\\\/schema\\\/logo\\\/image\\\/\",\"url\":\"https:\\\/\\\/centrourbano.com\\\/revista\\\/wp-content\\\/uploads\\\/web_CU_logo-1.png\",\"contentUrl\":\"https:\\\/\\\/centrourbano.com\\\/revista\\\/wp-content\\\/uploads\\\/web_CU_logo-1.png\",\"width\":350,\"height\":91,\"caption\":\"Centro Urbano\"},\"image\":{\"@id\":\"https:\\\/\\\/centrourbano.com\\\/revista\\\/#\\\/schema\\\/logo\\\/image\\\/\"},\"sameAs\":[\"https:\\\/\\\/www.facebook.com\\\/portalcentrourbano\",\"https:\\\/\\\/x.com\\\/CentroUrbano\",\"https:\\\/\\\/www.instagram.com\\\/centro_urbano\\\/\",\"https:\\\/\\\/www.linkedin.com\\\/company\\\/centro-urbano\\\/\",\"http:\\\/\\\/www.youtube.com\\\/user\\\/portalcentrourbano\"]},{\"@type\":\"Person\",\"@id\":\"https:\\\/\\\/centrourbano.com\\\/revista\\\/#\\\/schema\\\/person\\\/b50192a3cd0e680841b45dc537f53970\",\"name\":\"Diego Rodr\u00edguez\",\"image\":{\"@type\":\"ImageObject\",\"inLanguage\":\"es\",\"@id\":\"https:\\\/\\\/secure.gravatar.com\\\/avatar\\\/d217565525df2df5d4e7265d47758506f41845ed9529510921a7625d8365789d?s=96&d=mm&r=g\",\"url\":\"https:\\\/\\\/secure.gravatar.com\\\/avatar\\\/d217565525df2df5d4e7265d47758506f41845ed9529510921a7625d8365789d?s=96&d=mm&r=g\",\"contentUrl\":\"https:\\\/\\\/secure.gravatar.com\\\/avatar\\\/d217565525df2df5d4e7265d47758506f41845ed9529510921a7625d8365789d?s=96&d=mm&r=g\",\"caption\":\"Diego Rodr\u00edguez\"},\"description\":\"Egresado de la Facultad de Estudios Superiores Acatl\u00e1n de la carrera en Comunicaci\u00f3n, con especialidad en medios escritos. Reportero del desaparecido peri\u00f3dico Nuestro M\u00e9xico, en donde cubri\u00f3 las fuentes delegacionales y Asamblea Legislativa. Tambi\u00e9n trabaj\u00f3 en la Coordinaci\u00f3n de Comunicaci\u00f3n Social en la delegaci\u00f3n \u00c1lvaro Obreg\u00f3n. Le gusta leer novelas y cuentos.\",\"url\":\"https:\\\/\\\/centrourbano.com\\\/revista\\\/author\\\/diegorodriguez\\\/\"}]}<\/script>\n<!-- \/ Yoast SEO plugin. -->","yoast_head_json":{"title":"Precios mercado inmobiliario no se han desplomado -","description":"Ernesto Mena, presidente de la Asociaci\u00f3n Mexicana de Profesionales Inmobiliarios (AMPI) en la Ciudad de M\u00e9xico, particip\u00f3 en la m\u00e1s reciente emisi\u00f3n de Centro Urbano, a trav\u00e9s de Radio Tv, dijo que los precios del mercado inmobiliario en la capital no se han desplomado, pero consider\u00f3 que estos procesos ahora deben darse con mayor cautela.","robots":{"index":"index","follow":"follow","max-snippet":"max-snippet:-1","max-image-preview":"max-image-preview:large","max-video-preview":"max-video-preview:-1"},"canonical":"https:\/\/centrourbano.com\/revista\/actualidad\/precios-mercado-inmobiliario-no-se-desplomado\/","og_locale":"es_ES","og_type":"article","og_title":"Precios mercado inmobiliario no se han desplomado -","og_description":"Ernesto Mena, presidente de la Asociaci\u00f3n Mexicana de Profesionales Inmobiliarios (AMPI) en la Ciudad de M\u00e9xico, particip\u00f3 en la m\u00e1s reciente emisi\u00f3n de Centro Urbano, a trav\u00e9s de Radio Tv, dijo que los precios del mercado inmobiliario en la capital no se han desplomado, pero consider\u00f3 que estos procesos ahora deben darse con mayor cautela.","og_url":"https:\/\/centrourbano.com\/revista\/actualidad\/precios-mercado-inmobiliario-no-se-desplomado\/","og_site_name":"Centro Urbano","article_publisher":"https:\/\/www.facebook.com\/portalcentrourbano","article_published_time":"2017-10-18T23:47:03+00:00","og_image":[{"width":800,"height":600,"url":"https:\/\/centrourbano.com\/revista\/wp-content\/uploads\/meana.jpg","type":"image\/jpeg"}],"author":"Diego Rodr\u00edguez","twitter_card":"summary_large_image","twitter_creator":"@CentroUrbano","twitter_site":"@CentroUrbano","twitter_misc":{"Escrito por":"Diego Rodr\u00edguez","Tiempo de lectura":"1 minuto"},"schema":{"@context":"https:\/\/schema.org","@graph":[{"@type":"Article","@id":"https:\/\/centrourbano.com\/revista\/actualidad\/precios-mercado-inmobiliario-no-se-desplomado\/#article","isPartOf":{"@id":"https:\/\/centrourbano.com\/revista\/actualidad\/precios-mercado-inmobiliario-no-se-desplomado\/"},"author":{"name":"Diego Rodr\u00edguez","@id":"https:\/\/centrourbano.com\/revista\/#\/schema\/person\/b50192a3cd0e680841b45dc537f53970"},"headline":"Precios mercado inmobiliario no se han desplomado","datePublished":"2017-10-18T23:47:03+00:00","mainEntityOfPage":{"@id":"https:\/\/centrourbano.com\/revista\/actualidad\/precios-mercado-inmobiliario-no-se-desplomado\/"},"wordCount":219,"commentCount":0,"publisher":{"@id":"https:\/\/centrourbano.com\/revista\/#organization"},"image":{"@id":"https:\/\/centrourbano.com\/revista\/actualidad\/precios-mercado-inmobiliario-no-se-desplomado\/#primaryimage"},"thumbnailUrl":"https:\/\/centrourbano.com\/revista\/wp-content\/uploads\/meana.jpg","articleSection":["Actualidad"],"inLanguage":"es","potentialAction":[{"@type":"CommentAction","name":"Comment","target":["https:\/\/centrourbano.com\/revista\/actualidad\/precios-mercado-inmobiliario-no-se-desplomado\/#respond"]}]},{"@type":"WebPage","@id":"https:\/\/centrourbano.com\/revista\/actualidad\/precios-mercado-inmobiliario-no-se-desplomado\/","url":"https:\/\/centrourbano.com\/revista\/actualidad\/precios-mercado-inmobiliario-no-se-desplomado\/","name":"Precios mercado inmobiliario no se han desplomado -","isPartOf":{"@id":"https:\/\/centrourbano.com\/revista\/#website"},"primaryImageOfPage":{"@id":"https:\/\/centrourbano.com\/revista\/actualidad\/precios-mercado-inmobiliario-no-se-desplomado\/#primaryimage"},"image":{"@id":"https:\/\/centrourbano.com\/revista\/actualidad\/precios-mercado-inmobiliario-no-se-desplomado\/#primaryimage"},"thumbnailUrl":"https:\/\/centrourbano.com\/revista\/wp-content\/uploads\/meana.jpg","datePublished":"2017-10-18T23:47:03+00:00","description":"Ernesto Mena, presidente de la Asociaci\u00f3n Mexicana de Profesionales Inmobiliarios (AMPI) en la Ciudad de M\u00e9xico, particip\u00f3 en la m\u00e1s reciente emisi\u00f3n de Centro Urbano, a trav\u00e9s de Radio Tv, dijo que los precios del mercado inmobiliario en la capital no se han desplomado, pero consider\u00f3 que estos procesos ahora deben darse con mayor cautela.","breadcrumb":{"@id":"https:\/\/centrourbano.com\/revista\/actualidad\/precios-mercado-inmobiliario-no-se-desplomado\/#breadcrumb"},"inLanguage":"es","potentialAction":[{"@type":"ReadAction","target":["https:\/\/centrourbano.com\/revista\/actualidad\/precios-mercado-inmobiliario-no-se-desplomado\/"]}]},{"@type":"ImageObject","inLanguage":"es","@id":"https:\/\/centrourbano.com\/revista\/actualidad\/precios-mercado-inmobiliario-no-se-desplomado\/#primaryimage","url":"https:\/\/centrourbano.com\/revista\/wp-content\/uploads\/meana.jpg","contentUrl":"https:\/\/centrourbano.com\/revista\/wp-content\/uploads\/meana.jpg","width":800,"height":600,"caption":"Cr\u00e9ditos para compra de vivienda tienen variantes que pueden incrementar monto de compra"},{"@type":"BreadcrumbList","@id":"https:\/\/centrourbano.com\/revista\/actualidad\/precios-mercado-inmobiliario-no-se-desplomado\/#breadcrumb","itemListElement":[{"@type":"ListItem","position":1,"name":"Portada","item":"https:\/\/centrourbano.com\/revista\/"},{"@type":"ListItem","position":2,"name":"Precios mercado inmobiliario no se han desplomado"}]},{"@type":"WebSite","@id":"https:\/\/centrourbano.com\/revista\/#website","url":"https:\/\/centrourbano.com\/revista\/","name":"Centro Urbano","description":"Medio especializado en los sectores vivienda, inmobiliario, construcci\u00f3n, arquitectura y urbanismo.","publisher":{"@id":"https:\/\/centrourbano.com\/revista\/#organization"},"potentialAction":[{"@type":"SearchAction","target":{"@type":"EntryPoint","urlTemplate":"https:\/\/centrourbano.com\/revista\/?s={search_term_string}"},"query-input":{"@type":"PropertyValueSpecification","valueRequired":true,"valueName":"search_term_string"}}],"inLanguage":"es"},{"@type":"Organization","@id":"https:\/\/centrourbano.com\/revista\/#organization","name":"Centro Urbano","url":"https:\/\/centrourbano.com\/revista\/","logo":{"@type":"ImageObject","inLanguage":"es","@id":"https:\/\/centrourbano.com\/revista\/#\/schema\/logo\/image\/","url":"https:\/\/centrourbano.com\/revista\/wp-content\/uploads\/web_CU_logo-1.png","contentUrl":"https:\/\/centrourbano.com\/revista\/wp-content\/uploads\/web_CU_logo-1.png","width":350,"height":91,"caption":"Centro Urbano"},"image":{"@id":"https:\/\/centrourbano.com\/revista\/#\/schema\/logo\/image\/"},"sameAs":["https:\/\/www.facebook.com\/portalcentrourbano","https:\/\/x.com\/CentroUrbano","https:\/\/www.instagram.com\/centro_urbano\/","https:\/\/www.linkedin.com\/company\/centro-urbano\/","http:\/\/www.youtube.com\/user\/portalcentrourbano"]},{"@type":"Person","@id":"https:\/\/centrourbano.com\/revista\/#\/schema\/person\/b50192a3cd0e680841b45dc537f53970","name":"Diego Rodr\u00edguez","image":{"@type":"ImageObject","inLanguage":"es","@id":"https:\/\/secure.gravatar.com\/avatar\/d217565525df2df5d4e7265d47758506f41845ed9529510921a7625d8365789d?s=96&d=mm&r=g","url":"https:\/\/secure.gravatar.com\/avatar\/d217565525df2df5d4e7265d47758506f41845ed9529510921a7625d8365789d?s=96&d=mm&r=g","contentUrl":"https:\/\/secure.gravatar.com\/avatar\/d217565525df2df5d4e7265d47758506f41845ed9529510921a7625d8365789d?s=96&d=mm&r=g","caption":"Diego Rodr\u00edguez"},"description":"Egresado de la Facultad de Estudios Superiores Acatl\u00e1n de la carrera en Comunicaci\u00f3n, con especialidad en medios escritos. Reportero del desaparecido peri\u00f3dico Nuestro M\u00e9xico, en donde cubri\u00f3 las fuentes delegacionales y Asamblea Legislativa. Tambi\u00e9n trabaj\u00f3 en la Coordinaci\u00f3n de Comunicaci\u00f3n Social en la delegaci\u00f3n \u00c1lvaro Obreg\u00f3n. Le gusta leer novelas y cuentos.","url":"https:\/\/centrourbano.com\/revista\/author\/diegorodriguez\/"}]}},"_links":{"self":[{"href":"https:\/\/centrourbano.com\/revista\/wp-json\/wp\/v2\/posts\/61481","targetHints":{"allow":["GET"]}}],"collection":[{"href":"https:\/\/centrourbano.com\/revista\/wp-json\/wp\/v2\/posts"}],"about":[{"href":"https:\/\/centrourbano.com\/revista\/wp-json\/wp\/v2\/types\/post"}],"author":[{"embeddable":true,"href":"https:\/\/centrourbano.com\/revista\/wp-json\/wp\/v2\/users\/37"}],"replies":[{"embeddable":true,"href":"https:\/\/centrourbano.com\/revista\/wp-json\/wp\/v2\/comments?post=61481"}],"version-history":[{"count":1,"href":"https:\/\/centrourbano.com\/revista\/wp-json\/wp\/v2\/posts\/61481\/revisions"}],"predecessor-version":[{"id":61487,"href":"https:\/\/centrourbano.com\/revista\/wp-json\/wp\/v2\/posts\/61481\/revisions\/61487"}],"wp:featuredmedia":[{"embeddable":true,"href":"https:\/\/centrourbano.com\/revista\/wp-json\/wp\/v2\/media\/61486"}],"wp:attachment":[{"href":"https:\/\/centrourbano.com\/revista\/wp-json\/wp\/v2\/media?parent=61481"}],"wp:term":[{"taxonomy":"category","embeddable":true,"href":"https:\/\/centrourbano.com\/revista\/wp-json\/wp\/v2\/categories?post=61481"},{"taxonomy":"post_tag","embeddable":true,"href":"https:\/\/centrourbano.com\/revista\/wp-json\/wp\/v2\/tags?post=61481"}],"curies":[{"name":"wp","href":"https:\/\/api.w.org\/{rel}","templated":true}]}}