{"id":61474,"date":"2017-10-18T17:40:21","date_gmt":"2017-10-18T22:40:21","guid":{"rendered":"https:\/\/centrourbano.com\/?p=61474"},"modified":"2017-10-18T17:44:41","modified_gmt":"2017-10-18T22:44:41","slug":"firmas-mexicanas-de-arquitectura-y-diseno-participan-en-ix-bienal-iberoamericana-de-interiorismo","status":"publish","type":"post","link":"https:\/\/centrourbano.com\/revista\/arquitectura-2\/firmas-mexicanas-de-arquitectura-y-diseno-participan-en-ix-bienal-iberoamericana-de-interiorismo\/","title":{"rendered":"Firmas mexicanas de arquitectura y dise\u00f1o participan en IX Bienal Iberoamericana de Interiorismo"},"content":{"rendered":"<p><em>La exposici\u00f3n se inaugurar\u00e1 el jueves 19 de octubre a las 18:00 horas para la prensa en el Museo Nacional de Arquitectura en el Palacio de Bellas Artes de M\u00e9xico<!--more--><\/em><\/p>\n<p>Las firmas mexicanas de arquitectura y dise\u00f1o de interiores encabezadas por el arquitecto Jaime Lav\u00edn, y el dise\u00f1ador de interiores Miguel Padr\u00f3n, LAZZA y LAMZO Design Studio respectivamente, participaron en la IX Bienal Iberoamericana convocada por el Consejo Iberoamericano de Dise\u00f1adores de Interiores (CIDI).<\/p>\n<p>LAZZA particip\u00f3 con 2 proyectos residenciales, los cuales plasman el estilo c\u00e1lido y contempor\u00e1neo que distingue a este despacho de arquitectura:<\/p>\n<p>\u2022 Club de Golf de Vallescondido: Esta residencia de grandes v\u00f3lumenes rectangulares, altos muros de remate y techos inclinados presenta fachadas sobrias y contempor\u00e1neas con acabados de acero y cantera galarza. En el interior, a pesar de que las \u00e1reas sociales se manejan en forma independiente la sensaci\u00f3n es de calidez y bienestar. En el exterior, una amplia terraza techada acoge una estancia y un bar con vista al espectacular jard\u00edn. Los acabados en tonos tierra y arena otorgan al proyecto un fabuloso sentido de pertenencia con el entorno.<\/p>\n<p>\u2022 Club de Golf Bellavista: El reto para esta residencia fue transformar una casa de estilo victoriano en una casa contempor\u00e1nea, donde las alturas en la sala principal favorecieron una comunicaci\u00f3n muy efectiva entre \u00e1reas. El uso de acero, cristal y m\u00e1rmoles sandblasteados facilitaron la transici\u00f3n entre \u00e9pocas y resultaron en una agradable elegancia. Asimismo, el terreno ascendente permiti\u00f3 dise\u00f1ar un sal\u00f3n de juegos y cava en la parte inferior, otorg\u00e1ndole a la diversi\u00f3n un espacio independiente.<\/p>\n<p>Adem\u00e1s, LAZZA present\u00f3 una maqueta del proyecto residencial conocido como \u201cEl Encinal\u201d, el cual se caracteriza por su amplio respeto al entorno. La residencia sobresale de una gran colina y, por lo tanto, fue concebida en un interesante juego de desniveles. El punto central del proyecto fue conservar todos los \u00e1rboles existentes en el terreno, lo que adem\u00e1s de respetar la flora y fauna del lugar permite gozar de vistas espectaculares desde cualquier punto.<\/p>\n<p>\u201cPara nosotros es un honor participar en esta IX Bienal Iberoamericana CIDI y compartir con nuestros colegas de diferentes pa\u00edses las mejores propuestas arquitect\u00f3nicas y de interiorismo\u201d, coment\u00f3 Jaime Lav\u00edn, fundador y director de LAZZA. \u201cCon m\u00e1s de 20 a\u00f1os de experiencia resolvemos con extraordinaria creatividad proyectos arquitect\u00f3nicos con un sello y metodolog\u00eda propia, tomando en cuenta la personalidad de quienes habitan el espacio\u201d, agreg\u00f3.<\/p>\n<p>Adem\u00e1s, Lav\u00edn y su socio Miguel Padr\u00f3n participaron en la categor\u00eda de dise\u00f1o de interiores con la firma LAMZO con dos proyectos de interiorismo muy diferentes entre s\u00ed, al estar ubicados uno en playa y otro en ciudad, demostrando la capacidad de este estudio para manejar diferentes estilos decorativos:<\/p>\n<p>\u2022 Club de Golf 3 Vidas: La inspiraci\u00f3n para esta Villa a la orilla del mar de Acapulco fue la Italia contempor\u00e1nea, por lo que se incorpor\u00f3 mobiliario con texturas elegantes y accesorios que comunicaron un estilo vintage; mientras que la arquitectura, los acabados y la automatizacion definieron el aspecto contempor\u00e1neo. Los espacios intervenidos constaron de sala, comedor, cocina, vest\u00edbulo, sala de tv y tres rec\u00e1maras con ba\u00f1o y vestidor, as\u00ed como un ba\u00f1o de visitas y una terraza con alberca y jacuzzi.<\/p>\n<p>\u2022 Paseos del Pedregal: Para esta residencia citadina se cre\u00f3 un espacio atemporal, cuyo estilo permanecer\u00e1 latente por mucho tiempo. Se usaron materiales de lujo en muros y superficies, as\u00ed como una exquisita combinaci\u00f3n de texturas como piel y teciopelo que, en combinaci\u00f3n con el arte, las esculturas y la iluminaci\u00f3n crearon un espacio c\u00e1lido y acogedor. Los espacios intervenidos constaron de vest\u00edbulo, biblioteca, sala, comedor, cocina, family room, sala de fiestas, cava, jard\u00edn con terraza para eventos y 4 rec\u00e1maras con ba\u00f1o y vestidor.<\/p>\n<p>\u201cPara nosostros, un espacio vac\u00edo es un gran generador de ideas para contar la historia de las personas que lo habitan a trav\u00e9s de un di\u00e1logo entre diferentes elementos decorativos, como el mobiliario, el arte, la iluminaci\u00f3n y el paisajismo\u201d, coment\u00f3 Miguel Padr\u00f3n, socio y director de Lamzo. \u201cEl resultado es una experiencia espacial \u00fanica\u201d, agreg\u00f3.<\/p>\n<p>LAZZA fue fundada en 1997 por Jaime Lav\u00edn, con la filosof\u00eda de cumplir los sue\u00f1os de sus clientes, proporcion\u00e1ndoles las herramientas necesarias para conceptualizar sus ideas a trav\u00e9s de una estrecha comunicaci\u00f3n. En el 2015 funda, junto con Miguel Padr\u00f3n, la firma de interiorismo LAMZO con el objetivo de atender la alta demanda en la creaci\u00f3n de ambientes \u00fanicos que realcen la vida de quienes los habitan. La fusi\u00f3n de sus trayectorias resulta en un balance perfecto entre pasi\u00f3n y experiencia.<\/p>\n","protected":false},"excerpt":{"rendered":"<p>La exposici\u00f3n se inaugurar\u00e1 el jueves 19 de octubre a las 18:00 horas para la prensa en el Museo Nacional de Arquitectura en el Palacio de Bellas Artes de M\u00e9xico<\/p>\n","protected":false},"author":9,"featured_media":61475,"comment_status":"open","ping_status":"closed","sticky":false,"template":"","format":"standard","meta":{"om_disable_all_campaigns":false,"inline_featured_image":false,"_monsterinsights_skip_tracking":false,"_monsterinsights_sitenote_active":false,"_monsterinsights_sitenote_note":"","_monsterinsights_sitenote_category":0,"footnotes":""},"categories":[81],"tags":[],"class_list":["post-61474","post","type-post","status-publish","format-standard","has-post-thumbnail","hentry","category-arquitectura-2"],"yoast_head":"<!-- This site is optimized with the Yoast SEO plugin v27.4 - https:\/\/yoast.com\/product\/yoast-seo-wordpress\/ -->\n<title>Firmas mexicanas de arquitectura y dise\u00f1o participan en IX Bienal Iberoamericana de Interiorismo<\/title>\n<meta name=\"description\" content=\"La exposici\u00f3n se inaugurar\u00e1 el jueves 19 de octubre a las 18:00 horas para la prensa en el Museo Nacional de Arquitectura en el Palacio de Bellas Artes de M\u00e9xico\" \/>\n<meta name=\"robots\" content=\"index, follow, max-snippet:-1, max-image-preview:large, max-video-preview:-1\" \/>\n<link rel=\"canonical\" href=\"https:\/\/centrourbano.com\/revista\/arquitectura-2\/firmas-mexicanas-de-arquitectura-y-diseno-participan-en-ix-bienal-iberoamericana-de-interiorismo\/\" \/>\n<meta property=\"og:locale\" content=\"es_ES\" \/>\n<meta property=\"og:type\" content=\"article\" \/>\n<meta property=\"og:title\" content=\"Firmas mexicanas de arquitectura y dise\u00f1o participan en IX Bienal Iberoamericana de Interiorismo\" \/>\n<meta property=\"og:description\" content=\"La exposici\u00f3n se inaugurar\u00e1 el jueves 19 de octubre a las 18:00 horas para la prensa en el Museo Nacional de Arquitectura en el Palacio de Bellas Artes de M\u00e9xico\" \/>\n<meta property=\"og:url\" content=\"https:\/\/centrourbano.com\/revista\/arquitectura-2\/firmas-mexicanas-de-arquitectura-y-diseno-participan-en-ix-bienal-iberoamericana-de-interiorismo\/\" \/>\n<meta property=\"og:site_name\" content=\"Centro Urbano\" \/>\n<meta property=\"article:publisher\" content=\"https:\/\/www.facebook.com\/portalcentrourbano\" \/>\n<meta property=\"article:published_time\" content=\"2017-10-18T22:40:21+00:00\" \/>\n<meta property=\"article:modified_time\" content=\"2017-10-18T22:44:41+00:00\" \/>\n<meta property=\"og:image\" content=\"https:\/\/centrourbano.com\/revista\/wp-content\/uploads\/2731-IMG_BG_ACT-arquitectura.jpg\" \/>\n\t<meta property=\"og:image:width\" content=\"1920\" \/>\n\t<meta property=\"og:image:height\" content=\"870\" \/>\n\t<meta property=\"og:image:type\" content=\"image\/jpeg\" \/>\n<meta name=\"author\" content=\"Dinorah Nava\" \/>\n<meta name=\"twitter:card\" content=\"summary_large_image\" \/>\n<meta name=\"twitter:creator\" content=\"@https:\/\/twitter.com\/Dinorah_Nava28\" \/>\n<meta name=\"twitter:site\" content=\"@CentroUrbano\" \/>\n<meta name=\"twitter:label1\" content=\"Escrito por\" \/>\n\t<meta name=\"twitter:data1\" content=\"Dinorah Nava\" \/>\n\t<meta name=\"twitter:label2\" content=\"Tiempo de lectura\" \/>\n\t<meta name=\"twitter:data2\" content=\"4 minutos\" \/>\n<script type=\"application\/ld+json\" class=\"yoast-schema-graph\">{\"@context\":\"https:\\\/\\\/schema.org\",\"@graph\":[{\"@type\":\"Article\",\"@id\":\"https:\\\/\\\/centrourbano.com\\\/revista\\\/arquitectura-2\\\/firmas-mexicanas-de-arquitectura-y-diseno-participan-en-ix-bienal-iberoamericana-de-interiorismo\\\/#article\",\"isPartOf\":{\"@id\":\"https:\\\/\\\/centrourbano.com\\\/revista\\\/arquitectura-2\\\/firmas-mexicanas-de-arquitectura-y-diseno-participan-en-ix-bienal-iberoamericana-de-interiorismo\\\/\"},\"author\":{\"name\":\"Dinorah Nava\",\"@id\":\"https:\\\/\\\/centrourbano.com\\\/revista\\\/#\\\/schema\\\/person\\\/b45db815d96831257ba428a3d5a5fbdc\"},\"headline\":\"Firmas mexicanas de arquitectura y dise\u00f1o participan en IX Bienal Iberoamericana de Interiorismo\",\"datePublished\":\"2017-10-18T22:40:21+00:00\",\"dateModified\":\"2017-10-18T22:44:41+00:00\",\"mainEntityOfPage\":{\"@id\":\"https:\\\/\\\/centrourbano.com\\\/revista\\\/arquitectura-2\\\/firmas-mexicanas-de-arquitectura-y-diseno-participan-en-ix-bienal-iberoamericana-de-interiorismo\\\/\"},\"wordCount\":821,\"commentCount\":0,\"publisher\":{\"@id\":\"https:\\\/\\\/centrourbano.com\\\/revista\\\/#organization\"},\"image\":{\"@id\":\"https:\\\/\\\/centrourbano.com\\\/revista\\\/arquitectura-2\\\/firmas-mexicanas-de-arquitectura-y-diseno-participan-en-ix-bienal-iberoamericana-de-interiorismo\\\/#primaryimage\"},\"thumbnailUrl\":\"https:\\\/\\\/centrourbano.com\\\/revista\\\/wp-content\\\/uploads\\\/2731-IMG_BG_ACT-arquitectura.jpg\",\"articleSection\":[\"Arquitectura\"],\"inLanguage\":\"es\",\"potentialAction\":[{\"@type\":\"CommentAction\",\"name\":\"Comment\",\"target\":[\"https:\\\/\\\/centrourbano.com\\\/revista\\\/arquitectura-2\\\/firmas-mexicanas-de-arquitectura-y-diseno-participan-en-ix-bienal-iberoamericana-de-interiorismo\\\/#respond\"]}]},{\"@type\":\"WebPage\",\"@id\":\"https:\\\/\\\/centrourbano.com\\\/revista\\\/arquitectura-2\\\/firmas-mexicanas-de-arquitectura-y-diseno-participan-en-ix-bienal-iberoamericana-de-interiorismo\\\/\",\"url\":\"https:\\\/\\\/centrourbano.com\\\/revista\\\/arquitectura-2\\\/firmas-mexicanas-de-arquitectura-y-diseno-participan-en-ix-bienal-iberoamericana-de-interiorismo\\\/\",\"name\":\"Firmas mexicanas de arquitectura y dise\u00f1o participan en IX Bienal Iberoamericana de Interiorismo\",\"isPartOf\":{\"@id\":\"https:\\\/\\\/centrourbano.com\\\/revista\\\/#website\"},\"primaryImageOfPage\":{\"@id\":\"https:\\\/\\\/centrourbano.com\\\/revista\\\/arquitectura-2\\\/firmas-mexicanas-de-arquitectura-y-diseno-participan-en-ix-bienal-iberoamericana-de-interiorismo\\\/#primaryimage\"},\"image\":{\"@id\":\"https:\\\/\\\/centrourbano.com\\\/revista\\\/arquitectura-2\\\/firmas-mexicanas-de-arquitectura-y-diseno-participan-en-ix-bienal-iberoamericana-de-interiorismo\\\/#primaryimage\"},\"thumbnailUrl\":\"https:\\\/\\\/centrourbano.com\\\/revista\\\/wp-content\\\/uploads\\\/2731-IMG_BG_ACT-arquitectura.jpg\",\"datePublished\":\"2017-10-18T22:40:21+00:00\",\"dateModified\":\"2017-10-18T22:44:41+00:00\",\"description\":\"La exposici\u00f3n se inaugurar\u00e1 el jueves 19 de octubre a las 18:00 horas para la prensa en el Museo Nacional de Arquitectura en el Palacio de Bellas Artes de M\u00e9xico\",\"breadcrumb\":{\"@id\":\"https:\\\/\\\/centrourbano.com\\\/revista\\\/arquitectura-2\\\/firmas-mexicanas-de-arquitectura-y-diseno-participan-en-ix-bienal-iberoamericana-de-interiorismo\\\/#breadcrumb\"},\"inLanguage\":\"es\",\"potentialAction\":[{\"@type\":\"ReadAction\",\"target\":[\"https:\\\/\\\/centrourbano.com\\\/revista\\\/arquitectura-2\\\/firmas-mexicanas-de-arquitectura-y-diseno-participan-en-ix-bienal-iberoamericana-de-interiorismo\\\/\"]}]},{\"@type\":\"ImageObject\",\"inLanguage\":\"es\",\"@id\":\"https:\\\/\\\/centrourbano.com\\\/revista\\\/arquitectura-2\\\/firmas-mexicanas-de-arquitectura-y-diseno-participan-en-ix-bienal-iberoamericana-de-interiorismo\\\/#primaryimage\",\"url\":\"https:\\\/\\\/centrourbano.com\\\/revista\\\/wp-content\\\/uploads\\\/2731-IMG_BG_ACT-arquitectura.jpg\",\"contentUrl\":\"https:\\\/\\\/centrourbano.com\\\/revista\\\/wp-content\\\/uploads\\\/2731-IMG_BG_ACT-arquitectura.jpg\",\"width\":1920,\"height\":870,\"caption\":\"La exposici\u00f3n se inaugurar\u00e1 el jueves 19 de octubre a las 18:00 horas para la prensa en el Museo Nacional de Arquitectura en el Palacio de Bellas Artes de M\u00e9xico\"},{\"@type\":\"BreadcrumbList\",\"@id\":\"https:\\\/\\\/centrourbano.com\\\/revista\\\/arquitectura-2\\\/firmas-mexicanas-de-arquitectura-y-diseno-participan-en-ix-bienal-iberoamericana-de-interiorismo\\\/#breadcrumb\",\"itemListElement\":[{\"@type\":\"ListItem\",\"position\":1,\"name\":\"Portada\",\"item\":\"https:\\\/\\\/centrourbano.com\\\/revista\\\/\"},{\"@type\":\"ListItem\",\"position\":2,\"name\":\"Firmas mexicanas de arquitectura y dise\u00f1o participan en IX Bienal Iberoamericana de Interiorismo\"}]},{\"@type\":\"WebSite\",\"@id\":\"https:\\\/\\\/centrourbano.com\\\/revista\\\/#website\",\"url\":\"https:\\\/\\\/centrourbano.com\\\/revista\\\/\",\"name\":\"Centro Urbano\",\"description\":\"Medio especializado en los sectores vivienda, inmobiliario, construcci\u00f3n, arquitectura y urbanismo.\",\"publisher\":{\"@id\":\"https:\\\/\\\/centrourbano.com\\\/revista\\\/#organization\"},\"potentialAction\":[{\"@type\":\"SearchAction\",\"target\":{\"@type\":\"EntryPoint\",\"urlTemplate\":\"https:\\\/\\\/centrourbano.com\\\/revista\\\/?s={search_term_string}\"},\"query-input\":{\"@type\":\"PropertyValueSpecification\",\"valueRequired\":true,\"valueName\":\"search_term_string\"}}],\"inLanguage\":\"es\"},{\"@type\":\"Organization\",\"@id\":\"https:\\\/\\\/centrourbano.com\\\/revista\\\/#organization\",\"name\":\"Centro Urbano\",\"url\":\"https:\\\/\\\/centrourbano.com\\\/revista\\\/\",\"logo\":{\"@type\":\"ImageObject\",\"inLanguage\":\"es\",\"@id\":\"https:\\\/\\\/centrourbano.com\\\/revista\\\/#\\\/schema\\\/logo\\\/image\\\/\",\"url\":\"https:\\\/\\\/centrourbano.com\\\/revista\\\/wp-content\\\/uploads\\\/web_CU_logo-1.png\",\"contentUrl\":\"https:\\\/\\\/centrourbano.com\\\/revista\\\/wp-content\\\/uploads\\\/web_CU_logo-1.png\",\"width\":350,\"height\":91,\"caption\":\"Centro Urbano\"},\"image\":{\"@id\":\"https:\\\/\\\/centrourbano.com\\\/revista\\\/#\\\/schema\\\/logo\\\/image\\\/\"},\"sameAs\":[\"https:\\\/\\\/www.facebook.com\\\/portalcentrourbano\",\"https:\\\/\\\/x.com\\\/CentroUrbano\",\"https:\\\/\\\/www.instagram.com\\\/centro_urbano\\\/\",\"https:\\\/\\\/www.linkedin.com\\\/company\\\/centro-urbano\\\/\",\"http:\\\/\\\/www.youtube.com\\\/user\\\/portalcentrourbano\"]},{\"@type\":\"Person\",\"@id\":\"https:\\\/\\\/centrourbano.com\\\/revista\\\/#\\\/schema\\\/person\\\/b45db815d96831257ba428a3d5a5fbdc\",\"name\":\"Dinorah Nava\",\"image\":{\"@type\":\"ImageObject\",\"inLanguage\":\"es\",\"@id\":\"https:\\\/\\\/secure.gravatar.com\\\/avatar\\\/f6ca6430c51d147f363940f84e1225aa4b8183885c11802cc3b042305a4ecc1a?s=96&d=mm&r=g\",\"url\":\"https:\\\/\\\/secure.gravatar.com\\\/avatar\\\/f6ca6430c51d147f363940f84e1225aa4b8183885c11802cc3b042305a4ecc1a?s=96&d=mm&r=g\",\"contentUrl\":\"https:\\\/\\\/secure.gravatar.com\\\/avatar\\\/f6ca6430c51d147f363940f84e1225aa4b8183885c11802cc3b042305a4ecc1a?s=96&d=mm&r=g\",\"caption\":\"Dinorah Nava\"},\"description\":\"Editora de Contenidos y Estrategias Digitales en Centro Urbano y Coeditora en Peri\u00f3dico Mi Casa. Egresada de la licenciatura en Comunicaci\u00f3n y Periodismo de la Facultad de Estudios Superiores Arag\u00f3n (UNAM). Amante de la edici\u00f3n y correcci\u00f3n de estilo, las redes sociales y el mundo digital. Especialista en temas son arquitectura, inmobiliario y urbanismo.\",\"sameAs\":[\"linkedin.com\\\/in\\\/dinorah-nava\",\"https:\\\/\\\/x.com\\\/https:\\\/\\\/twitter.com\\\/Dinorah_Nava28\"],\"url\":\"https:\\\/\\\/centrourbano.com\\\/revista\\\/author\\\/dinorah-nava\\\/\"}]}<\/script>\n<!-- \/ Yoast SEO plugin. -->","yoast_head_json":{"title":"Firmas mexicanas de arquitectura y dise\u00f1o participan en IX Bienal Iberoamericana de Interiorismo","description":"La exposici\u00f3n se inaugurar\u00e1 el jueves 19 de octubre a las 18:00 horas para la prensa en el Museo Nacional de Arquitectura en el Palacio de Bellas Artes de M\u00e9xico","robots":{"index":"index","follow":"follow","max-snippet":"max-snippet:-1","max-image-preview":"max-image-preview:large","max-video-preview":"max-video-preview:-1"},"canonical":"https:\/\/centrourbano.com\/revista\/arquitectura-2\/firmas-mexicanas-de-arquitectura-y-diseno-participan-en-ix-bienal-iberoamericana-de-interiorismo\/","og_locale":"es_ES","og_type":"article","og_title":"Firmas mexicanas de arquitectura y dise\u00f1o participan en IX Bienal Iberoamericana de Interiorismo","og_description":"La exposici\u00f3n se inaugurar\u00e1 el jueves 19 de octubre a las 18:00 horas para la prensa en el Museo Nacional de Arquitectura en el Palacio de Bellas Artes de M\u00e9xico","og_url":"https:\/\/centrourbano.com\/revista\/arquitectura-2\/firmas-mexicanas-de-arquitectura-y-diseno-participan-en-ix-bienal-iberoamericana-de-interiorismo\/","og_site_name":"Centro Urbano","article_publisher":"https:\/\/www.facebook.com\/portalcentrourbano","article_published_time":"2017-10-18T22:40:21+00:00","article_modified_time":"2017-10-18T22:44:41+00:00","og_image":[{"width":1920,"height":870,"url":"https:\/\/centrourbano.com\/revista\/wp-content\/uploads\/2731-IMG_BG_ACT-arquitectura.jpg","type":"image\/jpeg"}],"author":"Dinorah Nava","twitter_card":"summary_large_image","twitter_creator":"@https:\/\/twitter.com\/Dinorah_Nava28","twitter_site":"@CentroUrbano","twitter_misc":{"Escrito por":"Dinorah Nava","Tiempo de lectura":"4 minutos"},"schema":{"@context":"https:\/\/schema.org","@graph":[{"@type":"Article","@id":"https:\/\/centrourbano.com\/revista\/arquitectura-2\/firmas-mexicanas-de-arquitectura-y-diseno-participan-en-ix-bienal-iberoamericana-de-interiorismo\/#article","isPartOf":{"@id":"https:\/\/centrourbano.com\/revista\/arquitectura-2\/firmas-mexicanas-de-arquitectura-y-diseno-participan-en-ix-bienal-iberoamericana-de-interiorismo\/"},"author":{"name":"Dinorah Nava","@id":"https:\/\/centrourbano.com\/revista\/#\/schema\/person\/b45db815d96831257ba428a3d5a5fbdc"},"headline":"Firmas mexicanas de arquitectura y dise\u00f1o participan en IX Bienal Iberoamericana de Interiorismo","datePublished":"2017-10-18T22:40:21+00:00","dateModified":"2017-10-18T22:44:41+00:00","mainEntityOfPage":{"@id":"https:\/\/centrourbano.com\/revista\/arquitectura-2\/firmas-mexicanas-de-arquitectura-y-diseno-participan-en-ix-bienal-iberoamericana-de-interiorismo\/"},"wordCount":821,"commentCount":0,"publisher":{"@id":"https:\/\/centrourbano.com\/revista\/#organization"},"image":{"@id":"https:\/\/centrourbano.com\/revista\/arquitectura-2\/firmas-mexicanas-de-arquitectura-y-diseno-participan-en-ix-bienal-iberoamericana-de-interiorismo\/#primaryimage"},"thumbnailUrl":"https:\/\/centrourbano.com\/revista\/wp-content\/uploads\/2731-IMG_BG_ACT-arquitectura.jpg","articleSection":["Arquitectura"],"inLanguage":"es","potentialAction":[{"@type":"CommentAction","name":"Comment","target":["https:\/\/centrourbano.com\/revista\/arquitectura-2\/firmas-mexicanas-de-arquitectura-y-diseno-participan-en-ix-bienal-iberoamericana-de-interiorismo\/#respond"]}]},{"@type":"WebPage","@id":"https:\/\/centrourbano.com\/revista\/arquitectura-2\/firmas-mexicanas-de-arquitectura-y-diseno-participan-en-ix-bienal-iberoamericana-de-interiorismo\/","url":"https:\/\/centrourbano.com\/revista\/arquitectura-2\/firmas-mexicanas-de-arquitectura-y-diseno-participan-en-ix-bienal-iberoamericana-de-interiorismo\/","name":"Firmas mexicanas de arquitectura y dise\u00f1o participan en IX Bienal Iberoamericana de Interiorismo","isPartOf":{"@id":"https:\/\/centrourbano.com\/revista\/#website"},"primaryImageOfPage":{"@id":"https:\/\/centrourbano.com\/revista\/arquitectura-2\/firmas-mexicanas-de-arquitectura-y-diseno-participan-en-ix-bienal-iberoamericana-de-interiorismo\/#primaryimage"},"image":{"@id":"https:\/\/centrourbano.com\/revista\/arquitectura-2\/firmas-mexicanas-de-arquitectura-y-diseno-participan-en-ix-bienal-iberoamericana-de-interiorismo\/#primaryimage"},"thumbnailUrl":"https:\/\/centrourbano.com\/revista\/wp-content\/uploads\/2731-IMG_BG_ACT-arquitectura.jpg","datePublished":"2017-10-18T22:40:21+00:00","dateModified":"2017-10-18T22:44:41+00:00","description":"La exposici\u00f3n se inaugurar\u00e1 el jueves 19 de octubre a las 18:00 horas para la prensa en el Museo Nacional de Arquitectura en el Palacio de Bellas Artes de M\u00e9xico","breadcrumb":{"@id":"https:\/\/centrourbano.com\/revista\/arquitectura-2\/firmas-mexicanas-de-arquitectura-y-diseno-participan-en-ix-bienal-iberoamericana-de-interiorismo\/#breadcrumb"},"inLanguage":"es","potentialAction":[{"@type":"ReadAction","target":["https:\/\/centrourbano.com\/revista\/arquitectura-2\/firmas-mexicanas-de-arquitectura-y-diseno-participan-en-ix-bienal-iberoamericana-de-interiorismo\/"]}]},{"@type":"ImageObject","inLanguage":"es","@id":"https:\/\/centrourbano.com\/revista\/arquitectura-2\/firmas-mexicanas-de-arquitectura-y-diseno-participan-en-ix-bienal-iberoamericana-de-interiorismo\/#primaryimage","url":"https:\/\/centrourbano.com\/revista\/wp-content\/uploads\/2731-IMG_BG_ACT-arquitectura.jpg","contentUrl":"https:\/\/centrourbano.com\/revista\/wp-content\/uploads\/2731-IMG_BG_ACT-arquitectura.jpg","width":1920,"height":870,"caption":"La exposici\u00f3n se inaugurar\u00e1 el jueves 19 de octubre a las 18:00 horas para la prensa en el Museo Nacional de Arquitectura en el Palacio de Bellas Artes de M\u00e9xico"},{"@type":"BreadcrumbList","@id":"https:\/\/centrourbano.com\/revista\/arquitectura-2\/firmas-mexicanas-de-arquitectura-y-diseno-participan-en-ix-bienal-iberoamericana-de-interiorismo\/#breadcrumb","itemListElement":[{"@type":"ListItem","position":1,"name":"Portada","item":"https:\/\/centrourbano.com\/revista\/"},{"@type":"ListItem","position":2,"name":"Firmas mexicanas de arquitectura y dise\u00f1o participan en IX Bienal Iberoamericana de Interiorismo"}]},{"@type":"WebSite","@id":"https:\/\/centrourbano.com\/revista\/#website","url":"https:\/\/centrourbano.com\/revista\/","name":"Centro Urbano","description":"Medio especializado en los sectores vivienda, inmobiliario, construcci\u00f3n, arquitectura y urbanismo.","publisher":{"@id":"https:\/\/centrourbano.com\/revista\/#organization"},"potentialAction":[{"@type":"SearchAction","target":{"@type":"EntryPoint","urlTemplate":"https:\/\/centrourbano.com\/revista\/?s={search_term_string}"},"query-input":{"@type":"PropertyValueSpecification","valueRequired":true,"valueName":"search_term_string"}}],"inLanguage":"es"},{"@type":"Organization","@id":"https:\/\/centrourbano.com\/revista\/#organization","name":"Centro Urbano","url":"https:\/\/centrourbano.com\/revista\/","logo":{"@type":"ImageObject","inLanguage":"es","@id":"https:\/\/centrourbano.com\/revista\/#\/schema\/logo\/image\/","url":"https:\/\/centrourbano.com\/revista\/wp-content\/uploads\/web_CU_logo-1.png","contentUrl":"https:\/\/centrourbano.com\/revista\/wp-content\/uploads\/web_CU_logo-1.png","width":350,"height":91,"caption":"Centro Urbano"},"image":{"@id":"https:\/\/centrourbano.com\/revista\/#\/schema\/logo\/image\/"},"sameAs":["https:\/\/www.facebook.com\/portalcentrourbano","https:\/\/x.com\/CentroUrbano","https:\/\/www.instagram.com\/centro_urbano\/","https:\/\/www.linkedin.com\/company\/centro-urbano\/","http:\/\/www.youtube.com\/user\/portalcentrourbano"]},{"@type":"Person","@id":"https:\/\/centrourbano.com\/revista\/#\/schema\/person\/b45db815d96831257ba428a3d5a5fbdc","name":"Dinorah Nava","image":{"@type":"ImageObject","inLanguage":"es","@id":"https:\/\/secure.gravatar.com\/avatar\/f6ca6430c51d147f363940f84e1225aa4b8183885c11802cc3b042305a4ecc1a?s=96&d=mm&r=g","url":"https:\/\/secure.gravatar.com\/avatar\/f6ca6430c51d147f363940f84e1225aa4b8183885c11802cc3b042305a4ecc1a?s=96&d=mm&r=g","contentUrl":"https:\/\/secure.gravatar.com\/avatar\/f6ca6430c51d147f363940f84e1225aa4b8183885c11802cc3b042305a4ecc1a?s=96&d=mm&r=g","caption":"Dinorah Nava"},"description":"Editora de Contenidos y Estrategias Digitales en Centro Urbano y Coeditora en Peri\u00f3dico Mi Casa. Egresada de la licenciatura en Comunicaci\u00f3n y Periodismo de la Facultad de Estudios Superiores Arag\u00f3n (UNAM). Amante de la edici\u00f3n y correcci\u00f3n de estilo, las redes sociales y el mundo digital. Especialista en temas son arquitectura, inmobiliario y urbanismo.","sameAs":["linkedin.com\/in\/dinorah-nava","https:\/\/x.com\/https:\/\/twitter.com\/Dinorah_Nava28"],"url":"https:\/\/centrourbano.com\/revista\/author\/dinorah-nava\/"}]}},"_links":{"self":[{"href":"https:\/\/centrourbano.com\/revista\/wp-json\/wp\/v2\/posts\/61474","targetHints":{"allow":["GET"]}}],"collection":[{"href":"https:\/\/centrourbano.com\/revista\/wp-json\/wp\/v2\/posts"}],"about":[{"href":"https:\/\/centrourbano.com\/revista\/wp-json\/wp\/v2\/types\/post"}],"author":[{"embeddable":true,"href":"https:\/\/centrourbano.com\/revista\/wp-json\/wp\/v2\/users\/9"}],"replies":[{"embeddable":true,"href":"https:\/\/centrourbano.com\/revista\/wp-json\/wp\/v2\/comments?post=61474"}],"version-history":[{"count":3,"href":"https:\/\/centrourbano.com\/revista\/wp-json\/wp\/v2\/posts\/61474\/revisions"}],"predecessor-version":[{"id":61478,"href":"https:\/\/centrourbano.com\/revista\/wp-json\/wp\/v2\/posts\/61474\/revisions\/61478"}],"wp:featuredmedia":[{"embeddable":true,"href":"https:\/\/centrourbano.com\/revista\/wp-json\/wp\/v2\/media\/61475"}],"wp:attachment":[{"href":"https:\/\/centrourbano.com\/revista\/wp-json\/wp\/v2\/media?parent=61474"}],"wp:term":[{"taxonomy":"category","embeddable":true,"href":"https:\/\/centrourbano.com\/revista\/wp-json\/wp\/v2\/categories?post=61474"},{"taxonomy":"post_tag","embeddable":true,"href":"https:\/\/centrourbano.com\/revista\/wp-json\/wp\/v2\/tags?post=61474"}],"curies":[{"name":"wp","href":"https:\/\/api.w.org\/{rel}","templated":true}]}}