{"id":61441,"date":"2017-10-18T11:51:40","date_gmt":"2017-10-18T16:51:40","guid":{"rendered":"https:\/\/centrourbano.com\/?p=61441"},"modified":"2017-10-18T11:51:40","modified_gmt":"2017-10-18T16:51:40","slug":"destaca-diseno-del-nuevo-aeropuerto-internacional-kuwait","status":"publish","type":"post","link":"https:\/\/centrourbano.com\/revista\/arquitectura-2\/destaca-diseno-del-nuevo-aeropuerto-internacional-kuwait\/","title":{"rendered":"Destaca dise\u00f1o del nuevo Aeropuerto Internacional de Kuwait"},"content":{"rendered":"<p><em>Se basa en un sentido del lugar en el que se ubica, responde al clima de uno de los lugares habitados m\u00e1s calurosos de la tierra y se inspira en formas y materiales locales<\/em><!--more--><\/p>\n<p>El Aeropuerto Internacional de Kuwait tiene proyectado un incremento significativo de su capacidad con el fin de crear un nuevo eje a\u00e9reo regional en el Golfo, con objetivos estrat\u00e9gicos que se apoyar\u00e1n en la construcci\u00f3n de un edificio terminal de tecnolog\u00eda punta, que ofrecer\u00e1 el m\u00e1ximo nivel de confort a los pasajeros y ser\u00e1 una referencia ambiental para otros edificios aeroportuarios. <\/p>\n<p>Su dise\u00f1o se basa en un sentido del lugar en el que se ubica, responde al clima de uno de los lugares habitados m\u00e1s calurosos de la tierra y se inspira en formas y materiales locales. La terminal tiene una planta en forma de tr\u00e9bol, con tres alas sim\u00e9tricas de puertas de embarque, mientras que cada fachada ocupa 1,2 kil\u00f3metros y todas parten de un espectacular espacio central de 25 metros de altura. <\/p>\n<p>La terminal equilibra el cerramiento de esta enorme superficie con un dise\u00f1o muy legible a escala humana; por razones de sencillez y facilidad de uso, hay pocos cambios de nivel. Para facilitar a\u00fan m\u00e1s la orientaci\u00f3n dentro del edificio, este est\u00e1 proyectado bajo una \u00fanica cubierta, perforada por aberturas acristaladas que filtran la luz diurna y desv\u00edan la radiaci\u00f3n solar directa.<br \/>\nLa cubierta da sombra a una amplia plaza de acceso y se sustenta en pilares de hormig\u00f3n c\u00f3nicos: sus formas org\u00e1nicas y fluidas se inspiran en el contraste entre la solidez de la piedra y la forma y el movimiento de los barcos veleros dhow tradicionales de Kuwait. <\/p>\n<p>El objetivo es que sea la primera terminal de pasajeros del mundo que obtenga la acreditaci\u00f3n ambiental LEED \u00abGold\u00bb y combina las propiedades t\u00e9rmicas de la estructura de hormig\u00f3n con una gran extensi\u00f3n de paneles fotovoltaicos montados en el tejado para recoger la energ\u00eda solar. Inspirado en la cultura de hospitalidad de la regi\u00f3n y para acoger a los visitantes que llegan a Kuwait, el proyecto establece una elegante y memorable secuencia de espacios de llegada para los pasajeros, incluyendo un \u00e1rea de recogida de equipajes rodeada por refrescantes cascadas de agua. Tambi\u00e9n contempla una gran secuencia en el acceso por carretera desde el sur. Cerca del edificio, el dise\u00f1o de la jardiner\u00eda consta de un exuberante oasis con especies aut\u00f3ctonas del clima des\u00e9rtico local que se va alejando del terminal.<\/p>\n<p>Bas\u00e1ndose en la cultura de hospitalidad de la regi\u00f3n y en dar la bienvenida a los hu\u00e9spedes a Kuwait, el dise\u00f1o establece una secuencia de llegada elegante e inolvidable para los pasajeros, que incluye un \u00e1rea de reclamo de equipaje rodeada por refrescantes cascadas de agua. El dise\u00f1o tambi\u00e9n presenta una grandiosa secuencia de acceso de tierra desde el sur. Cerca del edificio, el paisaje es un exuberante oasis, con mechones de plantas m\u00e1s secas y especies nativas del clima des\u00e9rtico que se extienden m\u00e1s lejos de la terminal.<\/p>\n","protected":false},"excerpt":{"rendered":"<p>Se basa en un sentido del lugar en el que se ubica, responde al clima de uno de los lugares habitados m\u00e1s calurosos de la tierra y se inspira en formas y materiales locales<\/p>\n","protected":false},"author":9,"featured_media":61436,"comment_status":"open","ping_status":"closed","sticky":false,"template":"","format":"standard","meta":{"om_disable_all_campaigns":false,"inline_featured_image":false,"_monsterinsights_skip_tracking":false,"_monsterinsights_sitenote_active":false,"_monsterinsights_sitenote_note":"","_monsterinsights_sitenote_category":0,"footnotes":""},"categories":[81],"tags":[],"class_list":["post-61441","post","type-post","status-publish","format-standard","has-post-thumbnail","hentry","category-arquitectura-2"],"yoast_head":"<!-- This site is optimized with the Yoast SEO plugin v27.4 - https:\/\/yoast.com\/product\/yoast-seo-wordpress\/ -->\n<title>Destaca dise\u00f1o del nuevo Aeropuerto Internacional de Kuwait<\/title>\n<meta name=\"description\" content=\"Se basa en un sentido del lugar en el que se ubica, responde al clima de uno de los lugares habitados m\u00e1s calurosos de la tierra y se inspira en formas y\" \/>\n<meta name=\"robots\" content=\"index, follow, max-snippet:-1, max-image-preview:large, max-video-preview:-1\" \/>\n<link rel=\"canonical\" href=\"https:\/\/centrourbano.com\/revista\/arquitectura-2\/destaca-diseno-del-nuevo-aeropuerto-internacional-kuwait\/\" \/>\n<meta property=\"og:locale\" content=\"es_ES\" \/>\n<meta property=\"og:type\" content=\"article\" \/>\n<meta property=\"og:title\" content=\"Destaca dise\u00f1o del nuevo Aeropuerto Internacional de Kuwait\" \/>\n<meta property=\"og:description\" content=\"Se basa en un sentido del lugar en el que se ubica, responde al clima de uno de los lugares habitados m\u00e1s calurosos de la tierra y se inspira en formas y\" \/>\n<meta property=\"og:url\" content=\"https:\/\/centrourbano.com\/revista\/arquitectura-2\/destaca-diseno-del-nuevo-aeropuerto-internacional-kuwait\/\" \/>\n<meta property=\"og:site_name\" content=\"Centro Urbano\" \/>\n<meta property=\"article:publisher\" content=\"https:\/\/www.facebook.com\/portalcentrourbano\" \/>\n<meta property=\"article:published_time\" content=\"2017-10-18T16:51:40+00:00\" \/>\n<meta property=\"og:image\" content=\"https:\/\/centrourbano.com\/revista\/wp-content\/uploads\/Aeropuerto-Internacional-de-Kuwait-contar\u00e1-con-dise\u00f1o-\u00fanico.jpg\" \/>\n\t<meta property=\"og:image:width\" content=\"1920\" \/>\n\t<meta property=\"og:image:height\" content=\"956\" \/>\n\t<meta property=\"og:image:type\" content=\"image\/jpeg\" \/>\n<meta name=\"author\" content=\"Dinorah Nava\" \/>\n<meta name=\"twitter:card\" content=\"summary_large_image\" \/>\n<meta name=\"twitter:creator\" content=\"@https:\/\/twitter.com\/Dinorah_Nava28\" \/>\n<meta name=\"twitter:site\" content=\"@CentroUrbano\" \/>\n<meta name=\"twitter:label1\" content=\"Escrito por\" \/>\n\t<meta name=\"twitter:data1\" content=\"Dinorah Nava\" \/>\n\t<meta name=\"twitter:label2\" content=\"Tiempo de lectura\" \/>\n\t<meta name=\"twitter:data2\" content=\"3 minutos\" \/>\n<script type=\"application\/ld+json\" class=\"yoast-schema-graph\">{\"@context\":\"https:\\\/\\\/schema.org\",\"@graph\":[{\"@type\":\"Article\",\"@id\":\"https:\\\/\\\/centrourbano.com\\\/revista\\\/arquitectura-2\\\/destaca-diseno-del-nuevo-aeropuerto-internacional-kuwait\\\/#article\",\"isPartOf\":{\"@id\":\"https:\\\/\\\/centrourbano.com\\\/revista\\\/arquitectura-2\\\/destaca-diseno-del-nuevo-aeropuerto-internacional-kuwait\\\/\"},\"author\":{\"name\":\"Dinorah Nava\",\"@id\":\"https:\\\/\\\/centrourbano.com\\\/revista\\\/#\\\/schema\\\/person\\\/b45db815d96831257ba428a3d5a5fbdc\"},\"headline\":\"Destaca dise\u00f1o del nuevo Aeropuerto Internacional de Kuwait\",\"datePublished\":\"2017-10-18T16:51:40+00:00\",\"mainEntityOfPage\":{\"@id\":\"https:\\\/\\\/centrourbano.com\\\/revista\\\/arquitectura-2\\\/destaca-diseno-del-nuevo-aeropuerto-internacional-kuwait\\\/\"},\"wordCount\":545,\"commentCount\":0,\"publisher\":{\"@id\":\"https:\\\/\\\/centrourbano.com\\\/revista\\\/#organization\"},\"image\":{\"@id\":\"https:\\\/\\\/centrourbano.com\\\/revista\\\/arquitectura-2\\\/destaca-diseno-del-nuevo-aeropuerto-internacional-kuwait\\\/#primaryimage\"},\"thumbnailUrl\":\"https:\\\/\\\/centrourbano.com\\\/revista\\\/wp-content\\\/uploads\\\/Aeropuerto-Internacional-de-Kuwait-contar\u00e1-con-dise\u00f1o-\u00fanico.jpg\",\"articleSection\":[\"Arquitectura\"],\"inLanguage\":\"es\",\"potentialAction\":[{\"@type\":\"CommentAction\",\"name\":\"Comment\",\"target\":[\"https:\\\/\\\/centrourbano.com\\\/revista\\\/arquitectura-2\\\/destaca-diseno-del-nuevo-aeropuerto-internacional-kuwait\\\/#respond\"]}]},{\"@type\":\"WebPage\",\"@id\":\"https:\\\/\\\/centrourbano.com\\\/revista\\\/arquitectura-2\\\/destaca-diseno-del-nuevo-aeropuerto-internacional-kuwait\\\/\",\"url\":\"https:\\\/\\\/centrourbano.com\\\/revista\\\/arquitectura-2\\\/destaca-diseno-del-nuevo-aeropuerto-internacional-kuwait\\\/\",\"name\":\"Destaca dise\u00f1o del nuevo Aeropuerto Internacional de Kuwait\",\"isPartOf\":{\"@id\":\"https:\\\/\\\/centrourbano.com\\\/revista\\\/#website\"},\"primaryImageOfPage\":{\"@id\":\"https:\\\/\\\/centrourbano.com\\\/revista\\\/arquitectura-2\\\/destaca-diseno-del-nuevo-aeropuerto-internacional-kuwait\\\/#primaryimage\"},\"image\":{\"@id\":\"https:\\\/\\\/centrourbano.com\\\/revista\\\/arquitectura-2\\\/destaca-diseno-del-nuevo-aeropuerto-internacional-kuwait\\\/#primaryimage\"},\"thumbnailUrl\":\"https:\\\/\\\/centrourbano.com\\\/revista\\\/wp-content\\\/uploads\\\/Aeropuerto-Internacional-de-Kuwait-contar\u00e1-con-dise\u00f1o-\u00fanico.jpg\",\"datePublished\":\"2017-10-18T16:51:40+00:00\",\"description\":\"Se basa en un sentido del lugar en el que se ubica, responde al clima de uno de los lugares habitados m\u00e1s calurosos de la tierra y se inspira en formas y\",\"breadcrumb\":{\"@id\":\"https:\\\/\\\/centrourbano.com\\\/revista\\\/arquitectura-2\\\/destaca-diseno-del-nuevo-aeropuerto-internacional-kuwait\\\/#breadcrumb\"},\"inLanguage\":\"es\",\"potentialAction\":[{\"@type\":\"ReadAction\",\"target\":[\"https:\\\/\\\/centrourbano.com\\\/revista\\\/arquitectura-2\\\/destaca-diseno-del-nuevo-aeropuerto-internacional-kuwait\\\/\"]}]},{\"@type\":\"ImageObject\",\"inLanguage\":\"es\",\"@id\":\"https:\\\/\\\/centrourbano.com\\\/revista\\\/arquitectura-2\\\/destaca-diseno-del-nuevo-aeropuerto-internacional-kuwait\\\/#primaryimage\",\"url\":\"https:\\\/\\\/centrourbano.com\\\/revista\\\/wp-content\\\/uploads\\\/Aeropuerto-Internacional-de-Kuwait-contar\u00e1-con-dise\u00f1o-\u00fanico.jpg\",\"contentUrl\":\"https:\\\/\\\/centrourbano.com\\\/revista\\\/wp-content\\\/uploads\\\/Aeropuerto-Internacional-de-Kuwait-contar\u00e1-con-dise\u00f1o-\u00fanico.jpg\",\"width\":1920,\"height\":956,\"caption\":\"Se basa en un sentido del lugar en el que se ubica, responde al clima de uno de los lugares habitados m\u00e1s calurosos de la tierra y se inspira en formas y materiales locales\"},{\"@type\":\"BreadcrumbList\",\"@id\":\"https:\\\/\\\/centrourbano.com\\\/revista\\\/arquitectura-2\\\/destaca-diseno-del-nuevo-aeropuerto-internacional-kuwait\\\/#breadcrumb\",\"itemListElement\":[{\"@type\":\"ListItem\",\"position\":1,\"name\":\"Portada\",\"item\":\"https:\\\/\\\/centrourbano.com\\\/revista\\\/\"},{\"@type\":\"ListItem\",\"position\":2,\"name\":\"Destaca dise\u00f1o del nuevo Aeropuerto Internacional de Kuwait\"}]},{\"@type\":\"WebSite\",\"@id\":\"https:\\\/\\\/centrourbano.com\\\/revista\\\/#website\",\"url\":\"https:\\\/\\\/centrourbano.com\\\/revista\\\/\",\"name\":\"Centro Urbano\",\"description\":\"Medio especializado en los sectores vivienda, inmobiliario, construcci\u00f3n, arquitectura y urbanismo.\",\"publisher\":{\"@id\":\"https:\\\/\\\/centrourbano.com\\\/revista\\\/#organization\"},\"potentialAction\":[{\"@type\":\"SearchAction\",\"target\":{\"@type\":\"EntryPoint\",\"urlTemplate\":\"https:\\\/\\\/centrourbano.com\\\/revista\\\/?s={search_term_string}\"},\"query-input\":{\"@type\":\"PropertyValueSpecification\",\"valueRequired\":true,\"valueName\":\"search_term_string\"}}],\"inLanguage\":\"es\"},{\"@type\":\"Organization\",\"@id\":\"https:\\\/\\\/centrourbano.com\\\/revista\\\/#organization\",\"name\":\"Centro Urbano\",\"url\":\"https:\\\/\\\/centrourbano.com\\\/revista\\\/\",\"logo\":{\"@type\":\"ImageObject\",\"inLanguage\":\"es\",\"@id\":\"https:\\\/\\\/centrourbano.com\\\/revista\\\/#\\\/schema\\\/logo\\\/image\\\/\",\"url\":\"https:\\\/\\\/centrourbano.com\\\/revista\\\/wp-content\\\/uploads\\\/web_CU_logo-1.png\",\"contentUrl\":\"https:\\\/\\\/centrourbano.com\\\/revista\\\/wp-content\\\/uploads\\\/web_CU_logo-1.png\",\"width\":350,\"height\":91,\"caption\":\"Centro Urbano\"},\"image\":{\"@id\":\"https:\\\/\\\/centrourbano.com\\\/revista\\\/#\\\/schema\\\/logo\\\/image\\\/\"},\"sameAs\":[\"https:\\\/\\\/www.facebook.com\\\/portalcentrourbano\",\"https:\\\/\\\/x.com\\\/CentroUrbano\",\"https:\\\/\\\/www.instagram.com\\\/centro_urbano\\\/\",\"https:\\\/\\\/www.linkedin.com\\\/company\\\/centro-urbano\\\/\",\"http:\\\/\\\/www.youtube.com\\\/user\\\/portalcentrourbano\"]},{\"@type\":\"Person\",\"@id\":\"https:\\\/\\\/centrourbano.com\\\/revista\\\/#\\\/schema\\\/person\\\/b45db815d96831257ba428a3d5a5fbdc\",\"name\":\"Dinorah Nava\",\"image\":{\"@type\":\"ImageObject\",\"inLanguage\":\"es\",\"@id\":\"https:\\\/\\\/secure.gravatar.com\\\/avatar\\\/f6ca6430c51d147f363940f84e1225aa4b8183885c11802cc3b042305a4ecc1a?s=96&d=mm&r=g\",\"url\":\"https:\\\/\\\/secure.gravatar.com\\\/avatar\\\/f6ca6430c51d147f363940f84e1225aa4b8183885c11802cc3b042305a4ecc1a?s=96&d=mm&r=g\",\"contentUrl\":\"https:\\\/\\\/secure.gravatar.com\\\/avatar\\\/f6ca6430c51d147f363940f84e1225aa4b8183885c11802cc3b042305a4ecc1a?s=96&d=mm&r=g\",\"caption\":\"Dinorah Nava\"},\"description\":\"Editora de Contenidos y Estrategias Digitales en Centro Urbano y Coeditora en Peri\u00f3dico Mi Casa. Egresada de la licenciatura en Comunicaci\u00f3n y Periodismo de la Facultad de Estudios Superiores Arag\u00f3n (UNAM). Amante de la edici\u00f3n y correcci\u00f3n de estilo, las redes sociales y el mundo digital. Especialista en temas son arquitectura, inmobiliario y urbanismo.\",\"sameAs\":[\"linkedin.com\\\/in\\\/dinorah-nava\",\"https:\\\/\\\/x.com\\\/https:\\\/\\\/twitter.com\\\/Dinorah_Nava28\"],\"url\":\"https:\\\/\\\/centrourbano.com\\\/revista\\\/author\\\/dinorah-nava\\\/\"}]}<\/script>\n<!-- \/ Yoast SEO plugin. -->","yoast_head_json":{"title":"Destaca dise\u00f1o del nuevo Aeropuerto Internacional de Kuwait","description":"Se basa en un sentido del lugar en el que se ubica, responde al clima de uno de los lugares habitados m\u00e1s calurosos de la tierra y se inspira en formas y","robots":{"index":"index","follow":"follow","max-snippet":"max-snippet:-1","max-image-preview":"max-image-preview:large","max-video-preview":"max-video-preview:-1"},"canonical":"https:\/\/centrourbano.com\/revista\/arquitectura-2\/destaca-diseno-del-nuevo-aeropuerto-internacional-kuwait\/","og_locale":"es_ES","og_type":"article","og_title":"Destaca dise\u00f1o del nuevo Aeropuerto Internacional de Kuwait","og_description":"Se basa en un sentido del lugar en el que se ubica, responde al clima de uno de los lugares habitados m\u00e1s calurosos de la tierra y se inspira en formas y","og_url":"https:\/\/centrourbano.com\/revista\/arquitectura-2\/destaca-diseno-del-nuevo-aeropuerto-internacional-kuwait\/","og_site_name":"Centro Urbano","article_publisher":"https:\/\/www.facebook.com\/portalcentrourbano","article_published_time":"2017-10-18T16:51:40+00:00","og_image":[{"width":1920,"height":956,"url":"https:\/\/centrourbano.com\/revista\/wp-content\/uploads\/Aeropuerto-Internacional-de-Kuwait-contar\u00e1-con-dise\u00f1o-\u00fanico.jpg","type":"image\/jpeg"}],"author":"Dinorah Nava","twitter_card":"summary_large_image","twitter_creator":"@https:\/\/twitter.com\/Dinorah_Nava28","twitter_site":"@CentroUrbano","twitter_misc":{"Escrito por":"Dinorah Nava","Tiempo de lectura":"3 minutos"},"schema":{"@context":"https:\/\/schema.org","@graph":[{"@type":"Article","@id":"https:\/\/centrourbano.com\/revista\/arquitectura-2\/destaca-diseno-del-nuevo-aeropuerto-internacional-kuwait\/#article","isPartOf":{"@id":"https:\/\/centrourbano.com\/revista\/arquitectura-2\/destaca-diseno-del-nuevo-aeropuerto-internacional-kuwait\/"},"author":{"name":"Dinorah Nava","@id":"https:\/\/centrourbano.com\/revista\/#\/schema\/person\/b45db815d96831257ba428a3d5a5fbdc"},"headline":"Destaca dise\u00f1o del nuevo Aeropuerto Internacional de Kuwait","datePublished":"2017-10-18T16:51:40+00:00","mainEntityOfPage":{"@id":"https:\/\/centrourbano.com\/revista\/arquitectura-2\/destaca-diseno-del-nuevo-aeropuerto-internacional-kuwait\/"},"wordCount":545,"commentCount":0,"publisher":{"@id":"https:\/\/centrourbano.com\/revista\/#organization"},"image":{"@id":"https:\/\/centrourbano.com\/revista\/arquitectura-2\/destaca-diseno-del-nuevo-aeropuerto-internacional-kuwait\/#primaryimage"},"thumbnailUrl":"https:\/\/centrourbano.com\/revista\/wp-content\/uploads\/Aeropuerto-Internacional-de-Kuwait-contar\u00e1-con-dise\u00f1o-\u00fanico.jpg","articleSection":["Arquitectura"],"inLanguage":"es","potentialAction":[{"@type":"CommentAction","name":"Comment","target":["https:\/\/centrourbano.com\/revista\/arquitectura-2\/destaca-diseno-del-nuevo-aeropuerto-internacional-kuwait\/#respond"]}]},{"@type":"WebPage","@id":"https:\/\/centrourbano.com\/revista\/arquitectura-2\/destaca-diseno-del-nuevo-aeropuerto-internacional-kuwait\/","url":"https:\/\/centrourbano.com\/revista\/arquitectura-2\/destaca-diseno-del-nuevo-aeropuerto-internacional-kuwait\/","name":"Destaca dise\u00f1o del nuevo Aeropuerto Internacional de Kuwait","isPartOf":{"@id":"https:\/\/centrourbano.com\/revista\/#website"},"primaryImageOfPage":{"@id":"https:\/\/centrourbano.com\/revista\/arquitectura-2\/destaca-diseno-del-nuevo-aeropuerto-internacional-kuwait\/#primaryimage"},"image":{"@id":"https:\/\/centrourbano.com\/revista\/arquitectura-2\/destaca-diseno-del-nuevo-aeropuerto-internacional-kuwait\/#primaryimage"},"thumbnailUrl":"https:\/\/centrourbano.com\/revista\/wp-content\/uploads\/Aeropuerto-Internacional-de-Kuwait-contar\u00e1-con-dise\u00f1o-\u00fanico.jpg","datePublished":"2017-10-18T16:51:40+00:00","description":"Se basa en un sentido del lugar en el que se ubica, responde al clima de uno de los lugares habitados m\u00e1s calurosos de la tierra y se inspira en formas y","breadcrumb":{"@id":"https:\/\/centrourbano.com\/revista\/arquitectura-2\/destaca-diseno-del-nuevo-aeropuerto-internacional-kuwait\/#breadcrumb"},"inLanguage":"es","potentialAction":[{"@type":"ReadAction","target":["https:\/\/centrourbano.com\/revista\/arquitectura-2\/destaca-diseno-del-nuevo-aeropuerto-internacional-kuwait\/"]}]},{"@type":"ImageObject","inLanguage":"es","@id":"https:\/\/centrourbano.com\/revista\/arquitectura-2\/destaca-diseno-del-nuevo-aeropuerto-internacional-kuwait\/#primaryimage","url":"https:\/\/centrourbano.com\/revista\/wp-content\/uploads\/Aeropuerto-Internacional-de-Kuwait-contar\u00e1-con-dise\u00f1o-\u00fanico.jpg","contentUrl":"https:\/\/centrourbano.com\/revista\/wp-content\/uploads\/Aeropuerto-Internacional-de-Kuwait-contar\u00e1-con-dise\u00f1o-\u00fanico.jpg","width":1920,"height":956,"caption":"Se basa en un sentido del lugar en el que se ubica, responde al clima de uno de los lugares habitados m\u00e1s calurosos de la tierra y se inspira en formas y materiales locales"},{"@type":"BreadcrumbList","@id":"https:\/\/centrourbano.com\/revista\/arquitectura-2\/destaca-diseno-del-nuevo-aeropuerto-internacional-kuwait\/#breadcrumb","itemListElement":[{"@type":"ListItem","position":1,"name":"Portada","item":"https:\/\/centrourbano.com\/revista\/"},{"@type":"ListItem","position":2,"name":"Destaca dise\u00f1o del nuevo Aeropuerto Internacional de Kuwait"}]},{"@type":"WebSite","@id":"https:\/\/centrourbano.com\/revista\/#website","url":"https:\/\/centrourbano.com\/revista\/","name":"Centro Urbano","description":"Medio especializado en los sectores vivienda, inmobiliario, construcci\u00f3n, arquitectura y urbanismo.","publisher":{"@id":"https:\/\/centrourbano.com\/revista\/#organization"},"potentialAction":[{"@type":"SearchAction","target":{"@type":"EntryPoint","urlTemplate":"https:\/\/centrourbano.com\/revista\/?s={search_term_string}"},"query-input":{"@type":"PropertyValueSpecification","valueRequired":true,"valueName":"search_term_string"}}],"inLanguage":"es"},{"@type":"Organization","@id":"https:\/\/centrourbano.com\/revista\/#organization","name":"Centro Urbano","url":"https:\/\/centrourbano.com\/revista\/","logo":{"@type":"ImageObject","inLanguage":"es","@id":"https:\/\/centrourbano.com\/revista\/#\/schema\/logo\/image\/","url":"https:\/\/centrourbano.com\/revista\/wp-content\/uploads\/web_CU_logo-1.png","contentUrl":"https:\/\/centrourbano.com\/revista\/wp-content\/uploads\/web_CU_logo-1.png","width":350,"height":91,"caption":"Centro Urbano"},"image":{"@id":"https:\/\/centrourbano.com\/revista\/#\/schema\/logo\/image\/"},"sameAs":["https:\/\/www.facebook.com\/portalcentrourbano","https:\/\/x.com\/CentroUrbano","https:\/\/www.instagram.com\/centro_urbano\/","https:\/\/www.linkedin.com\/company\/centro-urbano\/","http:\/\/www.youtube.com\/user\/portalcentrourbano"]},{"@type":"Person","@id":"https:\/\/centrourbano.com\/revista\/#\/schema\/person\/b45db815d96831257ba428a3d5a5fbdc","name":"Dinorah Nava","image":{"@type":"ImageObject","inLanguage":"es","@id":"https:\/\/secure.gravatar.com\/avatar\/f6ca6430c51d147f363940f84e1225aa4b8183885c11802cc3b042305a4ecc1a?s=96&d=mm&r=g","url":"https:\/\/secure.gravatar.com\/avatar\/f6ca6430c51d147f363940f84e1225aa4b8183885c11802cc3b042305a4ecc1a?s=96&d=mm&r=g","contentUrl":"https:\/\/secure.gravatar.com\/avatar\/f6ca6430c51d147f363940f84e1225aa4b8183885c11802cc3b042305a4ecc1a?s=96&d=mm&r=g","caption":"Dinorah Nava"},"description":"Editora de Contenidos y Estrategias Digitales en Centro Urbano y Coeditora en Peri\u00f3dico Mi Casa. Egresada de la licenciatura en Comunicaci\u00f3n y Periodismo de la Facultad de Estudios Superiores Arag\u00f3n (UNAM). Amante de la edici\u00f3n y correcci\u00f3n de estilo, las redes sociales y el mundo digital. Especialista en temas son arquitectura, inmobiliario y urbanismo.","sameAs":["linkedin.com\/in\/dinorah-nava","https:\/\/x.com\/https:\/\/twitter.com\/Dinorah_Nava28"],"url":"https:\/\/centrourbano.com\/revista\/author\/dinorah-nava\/"}]}},"_links":{"self":[{"href":"https:\/\/centrourbano.com\/revista\/wp-json\/wp\/v2\/posts\/61441","targetHints":{"allow":["GET"]}}],"collection":[{"href":"https:\/\/centrourbano.com\/revista\/wp-json\/wp\/v2\/posts"}],"about":[{"href":"https:\/\/centrourbano.com\/revista\/wp-json\/wp\/v2\/types\/post"}],"author":[{"embeddable":true,"href":"https:\/\/centrourbano.com\/revista\/wp-json\/wp\/v2\/users\/9"}],"replies":[{"embeddable":true,"href":"https:\/\/centrourbano.com\/revista\/wp-json\/wp\/v2\/comments?post=61441"}],"version-history":[{"count":1,"href":"https:\/\/centrourbano.com\/revista\/wp-json\/wp\/v2\/posts\/61441\/revisions"}],"predecessor-version":[{"id":61443,"href":"https:\/\/centrourbano.com\/revista\/wp-json\/wp\/v2\/posts\/61441\/revisions\/61443"}],"wp:featuredmedia":[{"embeddable":true,"href":"https:\/\/centrourbano.com\/revista\/wp-json\/wp\/v2\/media\/61436"}],"wp:attachment":[{"href":"https:\/\/centrourbano.com\/revista\/wp-json\/wp\/v2\/media?parent=61441"}],"wp:term":[{"taxonomy":"category","embeddable":true,"href":"https:\/\/centrourbano.com\/revista\/wp-json\/wp\/v2\/categories?post=61441"},{"taxonomy":"post_tag","embeddable":true,"href":"https:\/\/centrourbano.com\/revista\/wp-json\/wp\/v2\/tags?post=61441"}],"curies":[{"name":"wp","href":"https:\/\/api.w.org\/{rel}","templated":true}]}}