{"id":61358,"date":"2017-10-17T12:10:06","date_gmt":"2017-10-17T17:10:06","guid":{"rendered":"https:\/\/centrourbano.com\/?p=61358"},"modified":"2017-10-17T12:27:18","modified_gmt":"2017-10-17T17:27:18","slug":"templo-de-santa-teresa-realizara-ciclo-de-conciertos-arquitectonicos","status":"publish","type":"post","link":"https:\/\/centrourbano.com\/revista\/arquitectura-2\/templo-de-santa-teresa-realizara-ciclo-de-conciertos-arquitectonicos\/","title":{"rendered":"Templo de Santa Teresa realizar\u00e1 ciclo de conciertos arquitect\u00f3nicos"},"content":{"rendered":"<p><em>Este recinto\u00a0tiene caracter\u00edsticas ac\u00fasticas espec\u00edficas en espacios\u00a0como la c\u00fapula, la nave principal y la capilla, que ofrecen resonancias muy interesantes que influyen en las expresiones sonoras<\/em><!--more--><\/p>\n<p>El Ex Teresa Arte Actual (templo de Santa Teresa), por su g\u00e9nesis, tiene caracter\u00edsticas ac\u00fasticas espec\u00edficas en espacios como la c\u00fapula, la nave principal y la capilla, que ofrecen resonancias muy interesantes que influyen en las expresiones sonoras.<\/p>\n<p>Por tal motivo, este\u00a0recinto dependiente del <strong>Instituto Nacional de Bellas Artes (INBA)<\/strong> realizar\u00e1 el ciclo\u00a0<em>Conciertos arquitect\u00f3nicos XT, c<\/em>on el objetivo de integrar a diferentes comunidades de creadores, no solo mexicanos sino extranjeros, en un di\u00e1logo ac\u00fastico con el espacio arquitect\u00f3nico en el que se encuentra enclavado\u00a0este inmueble.<\/p>\n<p>La\u00a0actividad dar\u00e1 inicio hoy a las 19:30 con el concierto inaugural del compositor portugu\u00e9s Jo\u00e3o Pedro Oliveira, quien realizar\u00e1 la especializaci\u00f3n en vivo de obras generadas dentro de Muslab, de artistas como Mattia Bonafini, Demian Rudel Rey, Gustavo Adolfo Delgado, Julia Mermelstein, Dimitrios Savva, Fernando Curiel, Georgios Varoutsos y de su misma autor\u00eda.<\/p>\n<p>As\u00ed lo explic\u00f3\u00a0Francisco Rivas, titular de dicho recinto al se\u00f1alar que el objetivo de este evento es que los artistas invitados creen o adapten de forma ex profesa piezas ac\u00fasticas, para lo cual deben realizar un estudio, desde sus ramas de inter\u00e9s y especializaci\u00f3n, de las condiciones ac\u00fasticas para hacer resonar el espacio.<\/p>\n<p>En ese sentido, dijo que lo que les interesa es que los\u00a0<em>Conciertos arquitect\u00f3nicos<\/em>\u00a0est\u00e9n alimentados desde diferentes vertientes y g\u00e9neros. En su caso, Muslab se ha establecido como una plataforma que promueve la m\u00fasica electroac\u00fastica multicanal, con muchas fuentes sonoras y bocinas.<\/p>\n<p>Asimismo, explic\u00f3 que los proyectos que se presentar\u00e1n dentro del ciclo cuestionan y exploran las diferentes formas de hacer experimentaci\u00f3n sonora, ya sea digital, electr\u00f3nica o vocal, desde una perspectiva contempor\u00e1nea, d\u00e1ndole relevancia al espacio como un actor que influye de manera decisiva dentro de la pieza.<\/p>\n<p><em>Conciertos arquitect\u00f3nicos XT<\/em>\u00a0continuar\u00e1 con un segundo concierto el martes 31 de octubre a las 19:30, a cargo de la espa\u00f1ola F\u00e1tima Miranda, quien presentar\u00e1 su pieza a capela\u00a0<em>Living Room Room III<\/em>. Esta creadora pone en tensi\u00f3n sus cualidades vocales a trav\u00e9s de una investigaci\u00f3n en torno a la voz, que combina t\u00e9cnicas orientales, occidentales y de su propia intervenci\u00f3n, convirti\u00e9ndola en una de las artistas m\u00e1s importantes en cuanto a la experimentaci\u00f3n con la voz.<\/p>\n","protected":false},"excerpt":{"rendered":"<p>Este recinto\u00a0tiene caracter\u00edsticas ac\u00fasticas espec\u00edficas en espacios\u00a0como la c\u00fapula, la nave principal y la capilla, que ofrecen resonancias muy interesantes que influyen en las expresiones sonoras<\/p>\n","protected":false},"author":9,"featured_media":61360,"comment_status":"open","ping_status":"closed","sticky":false,"template":"","format":"standard","meta":{"om_disable_all_campaigns":false,"inline_featured_image":false,"_monsterinsights_skip_tracking":false,"_monsterinsights_sitenote_active":false,"_monsterinsights_sitenote_note":"","_monsterinsights_sitenote_category":0,"footnotes":""},"categories":[81],"tags":[11689,9708,11688],"class_list":["post-61358","post","type-post","status-publish","format-standard","has-post-thumbnail","hentry","category-arquitectura-2","tag-conciertos-arquitectonicos","tag-recinto","tag-templo-de-santa-teresa"],"yoast_head":"<!-- This site is optimized with the Yoast SEO plugin v27.4 - https:\/\/yoast.com\/product\/yoast-seo-wordpress\/ -->\n<title>Templo de Santa Teresa realizar\u00e1 ciclo de conciertos arquitect\u00f3nicos<\/title>\n<meta name=\"description\" content=\"Este recinto tiene caracter\u00edsticas ac\u00fasticas espec\u00edficas en espacios como la c\u00fapula, la nave principal y la capilla, que ofrecen resonancias muy interesantes que influyen en las expresiones sonoras\" \/>\n<meta name=\"robots\" content=\"index, follow, max-snippet:-1, max-image-preview:large, max-video-preview:-1\" \/>\n<link rel=\"canonical\" href=\"https:\/\/centrourbano.com\/revista\/arquitectura-2\/templo-de-santa-teresa-realizara-ciclo-de-conciertos-arquitectonicos\/\" \/>\n<meta property=\"og:locale\" content=\"es_ES\" \/>\n<meta property=\"og:type\" content=\"article\" \/>\n<meta property=\"og:title\" content=\"Templo de Santa Teresa realizar\u00e1 ciclo de conciertos arquitect\u00f3nicos\" \/>\n<meta property=\"og:description\" content=\"Este recinto tiene caracter\u00edsticas ac\u00fasticas espec\u00edficas en espacios como la c\u00fapula, la nave principal y la capilla, que ofrecen resonancias muy interesantes que influyen en las expresiones sonoras\" \/>\n<meta property=\"og:url\" content=\"https:\/\/centrourbano.com\/revista\/arquitectura-2\/templo-de-santa-teresa-realizara-ciclo-de-conciertos-arquitectonicos\/\" \/>\n<meta property=\"og:site_name\" content=\"Centro Urbano\" \/>\n<meta property=\"article:publisher\" content=\"https:\/\/www.facebook.com\/portalcentrourbano\" \/>\n<meta property=\"article:published_time\" content=\"2017-10-17T17:10:06+00:00\" \/>\n<meta property=\"article:modified_time\" content=\"2017-10-17T17:27:18+00:00\" \/>\n<meta property=\"og:image\" content=\"https:\/\/centrourbano.com\/revista\/wp-content\/uploads\/Templo-de-Santa-Teresa.jpg\" \/>\n\t<meta property=\"og:image:width\" content=\"700\" \/>\n\t<meta property=\"og:image:height\" content=\"460\" \/>\n\t<meta property=\"og:image:type\" content=\"image\/jpeg\" \/>\n<meta name=\"author\" content=\"Dinorah Nava\" \/>\n<meta name=\"twitter:card\" content=\"summary_large_image\" \/>\n<meta name=\"twitter:creator\" content=\"@https:\/\/twitter.com\/Dinorah_Nava28\" \/>\n<meta name=\"twitter:site\" content=\"@CentroUrbano\" \/>\n<meta name=\"twitter:label1\" content=\"Escrito por\" \/>\n\t<meta name=\"twitter:data1\" content=\"Dinorah Nava\" \/>\n\t<meta name=\"twitter:label2\" content=\"Tiempo de lectura\" \/>\n\t<meta name=\"twitter:data2\" content=\"2 minutos\" \/>\n<script type=\"application\/ld+json\" class=\"yoast-schema-graph\">{\"@context\":\"https:\\\/\\\/schema.org\",\"@graph\":[{\"@type\":\"Article\",\"@id\":\"https:\\\/\\\/centrourbano.com\\\/revista\\\/arquitectura-2\\\/templo-de-santa-teresa-realizara-ciclo-de-conciertos-arquitectonicos\\\/#article\",\"isPartOf\":{\"@id\":\"https:\\\/\\\/centrourbano.com\\\/revista\\\/arquitectura-2\\\/templo-de-santa-teresa-realizara-ciclo-de-conciertos-arquitectonicos\\\/\"},\"author\":{\"name\":\"Dinorah Nava\",\"@id\":\"https:\\\/\\\/centrourbano.com\\\/revista\\\/#\\\/schema\\\/person\\\/b45db815d96831257ba428a3d5a5fbdc\"},\"headline\":\"Templo de Santa Teresa realizar\u00e1 ciclo de conciertos arquitect\u00f3nicos\",\"datePublished\":\"2017-10-17T17:10:06+00:00\",\"dateModified\":\"2017-10-17T17:27:18+00:00\",\"mainEntityOfPage\":{\"@id\":\"https:\\\/\\\/centrourbano.com\\\/revista\\\/arquitectura-2\\\/templo-de-santa-teresa-realizara-ciclo-de-conciertos-arquitectonicos\\\/\"},\"wordCount\":441,\"commentCount\":0,\"publisher\":{\"@id\":\"https:\\\/\\\/centrourbano.com\\\/revista\\\/#organization\"},\"image\":{\"@id\":\"https:\\\/\\\/centrourbano.com\\\/revista\\\/arquitectura-2\\\/templo-de-santa-teresa-realizara-ciclo-de-conciertos-arquitectonicos\\\/#primaryimage\"},\"thumbnailUrl\":\"https:\\\/\\\/centrourbano.com\\\/revista\\\/wp-content\\\/uploads\\\/Templo-de-Santa-Teresa.jpg\",\"keywords\":[\"conciertos arquitect\u00f3nicos\",\"recinto\",\"Templo de Santa Teresa\"],\"articleSection\":[\"Arquitectura\"],\"inLanguage\":\"es\",\"potentialAction\":[{\"@type\":\"CommentAction\",\"name\":\"Comment\",\"target\":[\"https:\\\/\\\/centrourbano.com\\\/revista\\\/arquitectura-2\\\/templo-de-santa-teresa-realizara-ciclo-de-conciertos-arquitectonicos\\\/#respond\"]}]},{\"@type\":\"WebPage\",\"@id\":\"https:\\\/\\\/centrourbano.com\\\/revista\\\/arquitectura-2\\\/templo-de-santa-teresa-realizara-ciclo-de-conciertos-arquitectonicos\\\/\",\"url\":\"https:\\\/\\\/centrourbano.com\\\/revista\\\/arquitectura-2\\\/templo-de-santa-teresa-realizara-ciclo-de-conciertos-arquitectonicos\\\/\",\"name\":\"Templo de Santa Teresa realizar\u00e1 ciclo de conciertos arquitect\u00f3nicos\",\"isPartOf\":{\"@id\":\"https:\\\/\\\/centrourbano.com\\\/revista\\\/#website\"},\"primaryImageOfPage\":{\"@id\":\"https:\\\/\\\/centrourbano.com\\\/revista\\\/arquitectura-2\\\/templo-de-santa-teresa-realizara-ciclo-de-conciertos-arquitectonicos\\\/#primaryimage\"},\"image\":{\"@id\":\"https:\\\/\\\/centrourbano.com\\\/revista\\\/arquitectura-2\\\/templo-de-santa-teresa-realizara-ciclo-de-conciertos-arquitectonicos\\\/#primaryimage\"},\"thumbnailUrl\":\"https:\\\/\\\/centrourbano.com\\\/revista\\\/wp-content\\\/uploads\\\/Templo-de-Santa-Teresa.jpg\",\"datePublished\":\"2017-10-17T17:10:06+00:00\",\"dateModified\":\"2017-10-17T17:27:18+00:00\",\"description\":\"Este recinto tiene caracter\u00edsticas ac\u00fasticas espec\u00edficas en espacios como la c\u00fapula, la nave principal y la capilla, que ofrecen resonancias muy interesantes que influyen en las expresiones sonoras\",\"breadcrumb\":{\"@id\":\"https:\\\/\\\/centrourbano.com\\\/revista\\\/arquitectura-2\\\/templo-de-santa-teresa-realizara-ciclo-de-conciertos-arquitectonicos\\\/#breadcrumb\"},\"inLanguage\":\"es\",\"potentialAction\":[{\"@type\":\"ReadAction\",\"target\":[\"https:\\\/\\\/centrourbano.com\\\/revista\\\/arquitectura-2\\\/templo-de-santa-teresa-realizara-ciclo-de-conciertos-arquitectonicos\\\/\"]}]},{\"@type\":\"ImageObject\",\"inLanguage\":\"es\",\"@id\":\"https:\\\/\\\/centrourbano.com\\\/revista\\\/arquitectura-2\\\/templo-de-santa-teresa-realizara-ciclo-de-conciertos-arquitectonicos\\\/#primaryimage\",\"url\":\"https:\\\/\\\/centrourbano.com\\\/revista\\\/wp-content\\\/uploads\\\/Templo-de-Santa-Teresa.jpg\",\"contentUrl\":\"https:\\\/\\\/centrourbano.com\\\/revista\\\/wp-content\\\/uploads\\\/Templo-de-Santa-Teresa.jpg\",\"width\":700,\"height\":460,\"caption\":\"Este recinto tiene caracter\u00edsticas ac\u00fasticas espec\u00edficas en espacios como la c\u00fapula, la nave principal y la capilla, que ofrecen resonancias muy interesantes que influyen en las expresiones sonoras\"},{\"@type\":\"BreadcrumbList\",\"@id\":\"https:\\\/\\\/centrourbano.com\\\/revista\\\/arquitectura-2\\\/templo-de-santa-teresa-realizara-ciclo-de-conciertos-arquitectonicos\\\/#breadcrumb\",\"itemListElement\":[{\"@type\":\"ListItem\",\"position\":1,\"name\":\"Portada\",\"item\":\"https:\\\/\\\/centrourbano.com\\\/revista\\\/\"},{\"@type\":\"ListItem\",\"position\":2,\"name\":\"Templo de Santa Teresa realizar\u00e1 ciclo de conciertos arquitect\u00f3nicos\"}]},{\"@type\":\"WebSite\",\"@id\":\"https:\\\/\\\/centrourbano.com\\\/revista\\\/#website\",\"url\":\"https:\\\/\\\/centrourbano.com\\\/revista\\\/\",\"name\":\"Centro Urbano\",\"description\":\"Medio especializado en los sectores vivienda, inmobiliario, construcci\u00f3n, arquitectura y urbanismo.\",\"publisher\":{\"@id\":\"https:\\\/\\\/centrourbano.com\\\/revista\\\/#organization\"},\"potentialAction\":[{\"@type\":\"SearchAction\",\"target\":{\"@type\":\"EntryPoint\",\"urlTemplate\":\"https:\\\/\\\/centrourbano.com\\\/revista\\\/?s={search_term_string}\"},\"query-input\":{\"@type\":\"PropertyValueSpecification\",\"valueRequired\":true,\"valueName\":\"search_term_string\"}}],\"inLanguage\":\"es\"},{\"@type\":\"Organization\",\"@id\":\"https:\\\/\\\/centrourbano.com\\\/revista\\\/#organization\",\"name\":\"Centro Urbano\",\"url\":\"https:\\\/\\\/centrourbano.com\\\/revista\\\/\",\"logo\":{\"@type\":\"ImageObject\",\"inLanguage\":\"es\",\"@id\":\"https:\\\/\\\/centrourbano.com\\\/revista\\\/#\\\/schema\\\/logo\\\/image\\\/\",\"url\":\"https:\\\/\\\/centrourbano.com\\\/revista\\\/wp-content\\\/uploads\\\/web_CU_logo-1.png\",\"contentUrl\":\"https:\\\/\\\/centrourbano.com\\\/revista\\\/wp-content\\\/uploads\\\/web_CU_logo-1.png\",\"width\":350,\"height\":91,\"caption\":\"Centro Urbano\"},\"image\":{\"@id\":\"https:\\\/\\\/centrourbano.com\\\/revista\\\/#\\\/schema\\\/logo\\\/image\\\/\"},\"sameAs\":[\"https:\\\/\\\/www.facebook.com\\\/portalcentrourbano\",\"https:\\\/\\\/x.com\\\/CentroUrbano\",\"https:\\\/\\\/www.instagram.com\\\/centro_urbano\\\/\",\"https:\\\/\\\/www.linkedin.com\\\/company\\\/centro-urbano\\\/\",\"http:\\\/\\\/www.youtube.com\\\/user\\\/portalcentrourbano\"]},{\"@type\":\"Person\",\"@id\":\"https:\\\/\\\/centrourbano.com\\\/revista\\\/#\\\/schema\\\/person\\\/b45db815d96831257ba428a3d5a5fbdc\",\"name\":\"Dinorah Nava\",\"image\":{\"@type\":\"ImageObject\",\"inLanguage\":\"es\",\"@id\":\"https:\\\/\\\/secure.gravatar.com\\\/avatar\\\/f6ca6430c51d147f363940f84e1225aa4b8183885c11802cc3b042305a4ecc1a?s=96&d=mm&r=g\",\"url\":\"https:\\\/\\\/secure.gravatar.com\\\/avatar\\\/f6ca6430c51d147f363940f84e1225aa4b8183885c11802cc3b042305a4ecc1a?s=96&d=mm&r=g\",\"contentUrl\":\"https:\\\/\\\/secure.gravatar.com\\\/avatar\\\/f6ca6430c51d147f363940f84e1225aa4b8183885c11802cc3b042305a4ecc1a?s=96&d=mm&r=g\",\"caption\":\"Dinorah Nava\"},\"description\":\"Editora de Contenidos y Estrategias Digitales en Centro Urbano y Coeditora en Peri\u00f3dico Mi Casa. Egresada de la licenciatura en Comunicaci\u00f3n y Periodismo de la Facultad de Estudios Superiores Arag\u00f3n (UNAM). Amante de la edici\u00f3n y correcci\u00f3n de estilo, las redes sociales y el mundo digital. Especialista en temas son arquitectura, inmobiliario y urbanismo.\",\"sameAs\":[\"linkedin.com\\\/in\\\/dinorah-nava\",\"https:\\\/\\\/x.com\\\/https:\\\/\\\/twitter.com\\\/Dinorah_Nava28\"],\"url\":\"https:\\\/\\\/centrourbano.com\\\/revista\\\/author\\\/dinorah-nava\\\/\"}]}<\/script>\n<!-- \/ Yoast SEO plugin. -->","yoast_head_json":{"title":"Templo de Santa Teresa realizar\u00e1 ciclo de conciertos arquitect\u00f3nicos","description":"Este recinto tiene caracter\u00edsticas ac\u00fasticas espec\u00edficas en espacios como la c\u00fapula, la nave principal y la capilla, que ofrecen resonancias muy interesantes que influyen en las expresiones sonoras","robots":{"index":"index","follow":"follow","max-snippet":"max-snippet:-1","max-image-preview":"max-image-preview:large","max-video-preview":"max-video-preview:-1"},"canonical":"https:\/\/centrourbano.com\/revista\/arquitectura-2\/templo-de-santa-teresa-realizara-ciclo-de-conciertos-arquitectonicos\/","og_locale":"es_ES","og_type":"article","og_title":"Templo de Santa Teresa realizar\u00e1 ciclo de conciertos arquitect\u00f3nicos","og_description":"Este recinto tiene caracter\u00edsticas ac\u00fasticas espec\u00edficas en espacios como la c\u00fapula, la nave principal y la capilla, que ofrecen resonancias muy interesantes que influyen en las expresiones sonoras","og_url":"https:\/\/centrourbano.com\/revista\/arquitectura-2\/templo-de-santa-teresa-realizara-ciclo-de-conciertos-arquitectonicos\/","og_site_name":"Centro Urbano","article_publisher":"https:\/\/www.facebook.com\/portalcentrourbano","article_published_time":"2017-10-17T17:10:06+00:00","article_modified_time":"2017-10-17T17:27:18+00:00","og_image":[{"width":700,"height":460,"url":"https:\/\/centrourbano.com\/revista\/wp-content\/uploads\/Templo-de-Santa-Teresa.jpg","type":"image\/jpeg"}],"author":"Dinorah Nava","twitter_card":"summary_large_image","twitter_creator":"@https:\/\/twitter.com\/Dinorah_Nava28","twitter_site":"@CentroUrbano","twitter_misc":{"Escrito por":"Dinorah Nava","Tiempo de lectura":"2 minutos"},"schema":{"@context":"https:\/\/schema.org","@graph":[{"@type":"Article","@id":"https:\/\/centrourbano.com\/revista\/arquitectura-2\/templo-de-santa-teresa-realizara-ciclo-de-conciertos-arquitectonicos\/#article","isPartOf":{"@id":"https:\/\/centrourbano.com\/revista\/arquitectura-2\/templo-de-santa-teresa-realizara-ciclo-de-conciertos-arquitectonicos\/"},"author":{"name":"Dinorah Nava","@id":"https:\/\/centrourbano.com\/revista\/#\/schema\/person\/b45db815d96831257ba428a3d5a5fbdc"},"headline":"Templo de Santa Teresa realizar\u00e1 ciclo de conciertos arquitect\u00f3nicos","datePublished":"2017-10-17T17:10:06+00:00","dateModified":"2017-10-17T17:27:18+00:00","mainEntityOfPage":{"@id":"https:\/\/centrourbano.com\/revista\/arquitectura-2\/templo-de-santa-teresa-realizara-ciclo-de-conciertos-arquitectonicos\/"},"wordCount":441,"commentCount":0,"publisher":{"@id":"https:\/\/centrourbano.com\/revista\/#organization"},"image":{"@id":"https:\/\/centrourbano.com\/revista\/arquitectura-2\/templo-de-santa-teresa-realizara-ciclo-de-conciertos-arquitectonicos\/#primaryimage"},"thumbnailUrl":"https:\/\/centrourbano.com\/revista\/wp-content\/uploads\/Templo-de-Santa-Teresa.jpg","keywords":["conciertos arquitect\u00f3nicos","recinto","Templo de Santa Teresa"],"articleSection":["Arquitectura"],"inLanguage":"es","potentialAction":[{"@type":"CommentAction","name":"Comment","target":["https:\/\/centrourbano.com\/revista\/arquitectura-2\/templo-de-santa-teresa-realizara-ciclo-de-conciertos-arquitectonicos\/#respond"]}]},{"@type":"WebPage","@id":"https:\/\/centrourbano.com\/revista\/arquitectura-2\/templo-de-santa-teresa-realizara-ciclo-de-conciertos-arquitectonicos\/","url":"https:\/\/centrourbano.com\/revista\/arquitectura-2\/templo-de-santa-teresa-realizara-ciclo-de-conciertos-arquitectonicos\/","name":"Templo de Santa Teresa realizar\u00e1 ciclo de conciertos arquitect\u00f3nicos","isPartOf":{"@id":"https:\/\/centrourbano.com\/revista\/#website"},"primaryImageOfPage":{"@id":"https:\/\/centrourbano.com\/revista\/arquitectura-2\/templo-de-santa-teresa-realizara-ciclo-de-conciertos-arquitectonicos\/#primaryimage"},"image":{"@id":"https:\/\/centrourbano.com\/revista\/arquitectura-2\/templo-de-santa-teresa-realizara-ciclo-de-conciertos-arquitectonicos\/#primaryimage"},"thumbnailUrl":"https:\/\/centrourbano.com\/revista\/wp-content\/uploads\/Templo-de-Santa-Teresa.jpg","datePublished":"2017-10-17T17:10:06+00:00","dateModified":"2017-10-17T17:27:18+00:00","description":"Este recinto tiene caracter\u00edsticas ac\u00fasticas espec\u00edficas en espacios como la c\u00fapula, la nave principal y la capilla, que ofrecen resonancias muy interesantes que influyen en las expresiones sonoras","breadcrumb":{"@id":"https:\/\/centrourbano.com\/revista\/arquitectura-2\/templo-de-santa-teresa-realizara-ciclo-de-conciertos-arquitectonicos\/#breadcrumb"},"inLanguage":"es","potentialAction":[{"@type":"ReadAction","target":["https:\/\/centrourbano.com\/revista\/arquitectura-2\/templo-de-santa-teresa-realizara-ciclo-de-conciertos-arquitectonicos\/"]}]},{"@type":"ImageObject","inLanguage":"es","@id":"https:\/\/centrourbano.com\/revista\/arquitectura-2\/templo-de-santa-teresa-realizara-ciclo-de-conciertos-arquitectonicos\/#primaryimage","url":"https:\/\/centrourbano.com\/revista\/wp-content\/uploads\/Templo-de-Santa-Teresa.jpg","contentUrl":"https:\/\/centrourbano.com\/revista\/wp-content\/uploads\/Templo-de-Santa-Teresa.jpg","width":700,"height":460,"caption":"Este recinto tiene caracter\u00edsticas ac\u00fasticas espec\u00edficas en espacios como la c\u00fapula, la nave principal y la capilla, que ofrecen resonancias muy interesantes que influyen en las expresiones sonoras"},{"@type":"BreadcrumbList","@id":"https:\/\/centrourbano.com\/revista\/arquitectura-2\/templo-de-santa-teresa-realizara-ciclo-de-conciertos-arquitectonicos\/#breadcrumb","itemListElement":[{"@type":"ListItem","position":1,"name":"Portada","item":"https:\/\/centrourbano.com\/revista\/"},{"@type":"ListItem","position":2,"name":"Templo de Santa Teresa realizar\u00e1 ciclo de conciertos arquitect\u00f3nicos"}]},{"@type":"WebSite","@id":"https:\/\/centrourbano.com\/revista\/#website","url":"https:\/\/centrourbano.com\/revista\/","name":"Centro Urbano","description":"Medio especializado en los sectores vivienda, inmobiliario, construcci\u00f3n, arquitectura y urbanismo.","publisher":{"@id":"https:\/\/centrourbano.com\/revista\/#organization"},"potentialAction":[{"@type":"SearchAction","target":{"@type":"EntryPoint","urlTemplate":"https:\/\/centrourbano.com\/revista\/?s={search_term_string}"},"query-input":{"@type":"PropertyValueSpecification","valueRequired":true,"valueName":"search_term_string"}}],"inLanguage":"es"},{"@type":"Organization","@id":"https:\/\/centrourbano.com\/revista\/#organization","name":"Centro Urbano","url":"https:\/\/centrourbano.com\/revista\/","logo":{"@type":"ImageObject","inLanguage":"es","@id":"https:\/\/centrourbano.com\/revista\/#\/schema\/logo\/image\/","url":"https:\/\/centrourbano.com\/revista\/wp-content\/uploads\/web_CU_logo-1.png","contentUrl":"https:\/\/centrourbano.com\/revista\/wp-content\/uploads\/web_CU_logo-1.png","width":350,"height":91,"caption":"Centro Urbano"},"image":{"@id":"https:\/\/centrourbano.com\/revista\/#\/schema\/logo\/image\/"},"sameAs":["https:\/\/www.facebook.com\/portalcentrourbano","https:\/\/x.com\/CentroUrbano","https:\/\/www.instagram.com\/centro_urbano\/","https:\/\/www.linkedin.com\/company\/centro-urbano\/","http:\/\/www.youtube.com\/user\/portalcentrourbano"]},{"@type":"Person","@id":"https:\/\/centrourbano.com\/revista\/#\/schema\/person\/b45db815d96831257ba428a3d5a5fbdc","name":"Dinorah Nava","image":{"@type":"ImageObject","inLanguage":"es","@id":"https:\/\/secure.gravatar.com\/avatar\/f6ca6430c51d147f363940f84e1225aa4b8183885c11802cc3b042305a4ecc1a?s=96&d=mm&r=g","url":"https:\/\/secure.gravatar.com\/avatar\/f6ca6430c51d147f363940f84e1225aa4b8183885c11802cc3b042305a4ecc1a?s=96&d=mm&r=g","contentUrl":"https:\/\/secure.gravatar.com\/avatar\/f6ca6430c51d147f363940f84e1225aa4b8183885c11802cc3b042305a4ecc1a?s=96&d=mm&r=g","caption":"Dinorah Nava"},"description":"Editora de Contenidos y Estrategias Digitales en Centro Urbano y Coeditora en Peri\u00f3dico Mi Casa. Egresada de la licenciatura en Comunicaci\u00f3n y Periodismo de la Facultad de Estudios Superiores Arag\u00f3n (UNAM). Amante de la edici\u00f3n y correcci\u00f3n de estilo, las redes sociales y el mundo digital. Especialista en temas son arquitectura, inmobiliario y urbanismo.","sameAs":["linkedin.com\/in\/dinorah-nava","https:\/\/x.com\/https:\/\/twitter.com\/Dinorah_Nava28"],"url":"https:\/\/centrourbano.com\/revista\/author\/dinorah-nava\/"}]}},"_links":{"self":[{"href":"https:\/\/centrourbano.com\/revista\/wp-json\/wp\/v2\/posts\/61358","targetHints":{"allow":["GET"]}}],"collection":[{"href":"https:\/\/centrourbano.com\/revista\/wp-json\/wp\/v2\/posts"}],"about":[{"href":"https:\/\/centrourbano.com\/revista\/wp-json\/wp\/v2\/types\/post"}],"author":[{"embeddable":true,"href":"https:\/\/centrourbano.com\/revista\/wp-json\/wp\/v2\/users\/9"}],"replies":[{"embeddable":true,"href":"https:\/\/centrourbano.com\/revista\/wp-json\/wp\/v2\/comments?post=61358"}],"version-history":[{"count":4,"href":"https:\/\/centrourbano.com\/revista\/wp-json\/wp\/v2\/posts\/61358\/revisions"}],"predecessor-version":[{"id":61367,"href":"https:\/\/centrourbano.com\/revista\/wp-json\/wp\/v2\/posts\/61358\/revisions\/61367"}],"wp:featuredmedia":[{"embeddable":true,"href":"https:\/\/centrourbano.com\/revista\/wp-json\/wp\/v2\/media\/61360"}],"wp:attachment":[{"href":"https:\/\/centrourbano.com\/revista\/wp-json\/wp\/v2\/media?parent=61358"}],"wp:term":[{"taxonomy":"category","embeddable":true,"href":"https:\/\/centrourbano.com\/revista\/wp-json\/wp\/v2\/categories?post=61358"},{"taxonomy":"post_tag","embeddable":true,"href":"https:\/\/centrourbano.com\/revista\/wp-json\/wp\/v2\/tags?post=61358"}],"curies":[{"name":"wp","href":"https:\/\/api.w.org\/{rel}","templated":true}]}}