{"id":61259,"date":"2017-10-13T17:44:33","date_gmt":"2017-10-13T22:44:33","guid":{"rendered":"https:\/\/centrourbano.com\/?p=61259"},"modified":"2017-10-13T17:44:33","modified_gmt":"2017-10-13T22:44:33","slug":"sinfra-rehabilita-mercados-zacatecas","status":"publish","type":"post","link":"https:\/\/centrourbano.com\/revista\/urbanismo\/sinfra-rehabilita-mercados-zacatecas\/","title":{"rendered":"Sinfra rehabilita mercados municipales en Zacatecas"},"content":{"rendered":"<p><em>El programa Rehabilitaci\u00f3n y Equipamiento de Espacios para el Fortalecimiento y Apoyo a los Locatarios de los Mercados Municipales de la Sinfra tendr\u00e1 una inversi\u00f3n de 2,000,000 de pesos<\/em><!--more--><\/p>\n<p>El <a href=\"http:\/\/www.zacatecas.gob.mx\/\" target=\"_blank\" rel=\"noopener noreferrer\"><strong>gobierno de Zacatecas<\/strong><\/a> rehabilitar\u00e1 los mercados tradicionales de <strong>Fresnillo<\/strong>, con el prop\u00f3sito de enaltecer el espacio laboral de los comerciantes, mejorar las instalaciones para los usuarios y a la vez, devolver su vocaci\u00f3n comercial y como sitios de convivencia social.<\/p>\n<p>Estos trabajos son puestos en marcha como parte del programa Rehabilitaci\u00f3n y Equipamiento de Espacios para el Fortalecimiento y Apoyo a los Locatarios de los Mercados Municipales, a trav\u00e9s de la<a href=\"https:\/\/www.facebook.com\/sinfraZacatecas\/\" target=\"_blank\" rel=\"noopener noreferrer\"><strong> Secretar\u00eda de Infraestructura(Sinfra)<\/strong> <\/a>y tendr\u00e1 una inversi\u00f3n de aproximadamente 2,000,000 de pesos.<\/p>\n<p>Francisco Ibarg\u00fcengoytia Borrego, titular de la Sinfra, inform\u00f3 que se trabaja en la renovaci\u00f3n del Mercado Municipal Poniente, ubicado en el centro de la ciudad, que actualmente lleva un avance del 30%, con un recurso de 1,352,000 pesos invertidos.<\/p>\n<p>En este centro de abasto fue sustituido el piso de concreto por loseta de cer\u00e1mica y de concreto armado con mallalack. Asimismo se mejora instalaci\u00f3n el\u00e9ctrica general y se repara la de red pluvial, a la vez que se aplica pintura en todo el mercado.<\/p>\n<p>De igual manera, se le dio mantenimiento a las instalaciones hidrosanitarias y el\u00e9ctricas del Mercado Municipal Hidalgo. Hoy en d\u00eda, aplican pintura y mejoran otros detalles de la fachada principal, con una inversi\u00f3n de 620,000 pesos.<\/p>\n<p>La rehabilitaci\u00f3n de ambos mercados responde a las necesidades de mejorar la infraestructura comerciales en todos los municipios, acciones que son prioritarias y complementan el programa Super Mercado Diferente, que impulsa el gobierno del Estado.<\/p>\n","protected":false},"excerpt":{"rendered":"<p>El programa Rehabilitaci\u00f3n y Equipamiento de Espacios para el Fortalecimiento y Apoyo a los Locatarios de los Mercados Municipales de la Sinfra tendr\u00e1 una inversi\u00f3n de 2,000,000 de pesos<\/p>\n","protected":false},"author":53,"featured_media":61260,"comment_status":"open","ping_status":"closed","sticky":false,"template":"","format":"standard","meta":{"om_disable_all_campaigns":false,"inline_featured_image":false,"_monsterinsights_skip_tracking":false,"_monsterinsights_sitenote_active":false,"_monsterinsights_sitenote_note":"","_monsterinsights_sitenote_category":0,"footnotes":""},"categories":[82],"tags":[7328,4776,11654,5483,356,520,659],"class_list":["post-61259","post","type-post","status-publish","format-standard","has-post-thumbnail","hentry","category-urbanismo","tag-comerciantes","tag-estados","tag-locatarios","tag-mejora-de-espacios-publicos","tag-mercados","tag-sinfra","tag-zacatecas"],"yoast_head":"<!-- This site is optimized with the Yoast SEO plugin v27.4 - https:\/\/yoast.com\/product\/yoast-seo-wordpress\/ -->\n<title>Sinfra rehabilita mercados municipales en Zacatecas<\/title>\n<meta name=\"description\" content=\"Estos trabajos son puestos en marcha por la Secretar\u00eda de Infraestructura (Sinfra) y tendr\u00e1 una inversi\u00f3n de aproximadamente 2,000,000 de pesos\" \/>\n<meta name=\"robots\" content=\"index, follow, max-snippet:-1, max-image-preview:large, max-video-preview:-1\" \/>\n<link rel=\"canonical\" href=\"https:\/\/centrourbano.com\/revista\/urbanismo\/sinfra-rehabilita-mercados-zacatecas\/\" \/>\n<meta property=\"og:locale\" content=\"es_ES\" \/>\n<meta property=\"og:type\" content=\"article\" \/>\n<meta property=\"og:title\" content=\"Sinfra rehabilita mercados municipales en Zacatecas\" \/>\n<meta property=\"og:description\" content=\"Estos trabajos son puestos en marcha por la Secretar\u00eda de Infraestructura (Sinfra) y tendr\u00e1 una inversi\u00f3n de aproximadamente 2,000,000 de pesos\" \/>\n<meta property=\"og:url\" content=\"https:\/\/centrourbano.com\/revista\/urbanismo\/sinfra-rehabilita-mercados-zacatecas\/\" \/>\n<meta property=\"og:site_name\" content=\"Centro Urbano\" \/>\n<meta property=\"article:publisher\" content=\"https:\/\/www.facebook.com\/portalcentrourbano\" \/>\n<meta property=\"article:author\" content=\"facebook.com\/ro.garcia23\" \/>\n<meta property=\"article:published_time\" content=\"2017-10-13T22:44:33+00:00\" \/>\n<meta property=\"og:image\" content=\"https:\/\/centrourbano.com\/revista\/wp-content\/uploads\/Mercado-Fresnillo.jpg\" \/>\n\t<meta property=\"og:image:width\" content=\"800\" \/>\n\t<meta property=\"og:image:height\" content=\"600\" \/>\n\t<meta property=\"og:image:type\" content=\"image\/jpeg\" \/>\n<meta name=\"author\" content=\"Roc\u00edo Garc\u00eda\" \/>\n<meta name=\"twitter:card\" content=\"summary_large_image\" \/>\n<meta name=\"twitter:creator\" content=\"@CentroUrbano\" \/>\n<meta name=\"twitter:site\" content=\"@CentroUrbano\" \/>\n<meta name=\"twitter:label1\" content=\"Escrito por\" \/>\n\t<meta name=\"twitter:data1\" content=\"Roc\u00edo Garc\u00eda\" \/>\n\t<meta name=\"twitter:label2\" content=\"Tiempo de lectura\" \/>\n\t<meta name=\"twitter:data2\" content=\"1 minuto\" \/>\n<script type=\"application\/ld+json\" class=\"yoast-schema-graph\">{\"@context\":\"https:\\\/\\\/schema.org\",\"@graph\":[{\"@type\":\"Article\",\"@id\":\"https:\\\/\\\/centrourbano.com\\\/revista\\\/urbanismo\\\/sinfra-rehabilita-mercados-zacatecas\\\/#article\",\"isPartOf\":{\"@id\":\"https:\\\/\\\/centrourbano.com\\\/revista\\\/urbanismo\\\/sinfra-rehabilita-mercados-zacatecas\\\/\"},\"author\":{\"name\":\"Roc\u00edo Garc\u00eda\",\"@id\":\"https:\\\/\\\/centrourbano.com\\\/revista\\\/#\\\/schema\\\/person\\\/9a36a90c9a17a588335bc23c7aa03e3c\"},\"headline\":\"Sinfra rehabilita mercados municipales en Zacatecas\",\"datePublished\":\"2017-10-13T22:44:33+00:00\",\"mainEntityOfPage\":{\"@id\":\"https:\\\/\\\/centrourbano.com\\\/revista\\\/urbanismo\\\/sinfra-rehabilita-mercados-zacatecas\\\/\"},\"wordCount\":287,\"commentCount\":0,\"publisher\":{\"@id\":\"https:\\\/\\\/centrourbano.com\\\/revista\\\/#organization\"},\"image\":{\"@id\":\"https:\\\/\\\/centrourbano.com\\\/revista\\\/urbanismo\\\/sinfra-rehabilita-mercados-zacatecas\\\/#primaryimage\"},\"thumbnailUrl\":\"https:\\\/\\\/centrourbano.com\\\/revista\\\/wp-content\\\/uploads\\\/Mercado-Fresnillo.jpg\",\"keywords\":[\"comerciantes\",\"Estados\",\"Locatarios\",\"Mejora de espacios p\u00fablicos\",\"mercados\",\"SINFRA\",\"Zacatecas\"],\"articleSection\":[\"Urbanismo\"],\"inLanguage\":\"es\",\"potentialAction\":[{\"@type\":\"CommentAction\",\"name\":\"Comment\",\"target\":[\"https:\\\/\\\/centrourbano.com\\\/revista\\\/urbanismo\\\/sinfra-rehabilita-mercados-zacatecas\\\/#respond\"]}]},{\"@type\":\"WebPage\",\"@id\":\"https:\\\/\\\/centrourbano.com\\\/revista\\\/urbanismo\\\/sinfra-rehabilita-mercados-zacatecas\\\/\",\"url\":\"https:\\\/\\\/centrourbano.com\\\/revista\\\/urbanismo\\\/sinfra-rehabilita-mercados-zacatecas\\\/\",\"name\":\"Sinfra rehabilita mercados municipales en Zacatecas\",\"isPartOf\":{\"@id\":\"https:\\\/\\\/centrourbano.com\\\/revista\\\/#website\"},\"primaryImageOfPage\":{\"@id\":\"https:\\\/\\\/centrourbano.com\\\/revista\\\/urbanismo\\\/sinfra-rehabilita-mercados-zacatecas\\\/#primaryimage\"},\"image\":{\"@id\":\"https:\\\/\\\/centrourbano.com\\\/revista\\\/urbanismo\\\/sinfra-rehabilita-mercados-zacatecas\\\/#primaryimage\"},\"thumbnailUrl\":\"https:\\\/\\\/centrourbano.com\\\/revista\\\/wp-content\\\/uploads\\\/Mercado-Fresnillo.jpg\",\"datePublished\":\"2017-10-13T22:44:33+00:00\",\"description\":\"Estos trabajos son puestos en marcha por la Secretar\u00eda de Infraestructura (Sinfra) y tendr\u00e1 una inversi\u00f3n de aproximadamente 2,000,000 de pesos\",\"breadcrumb\":{\"@id\":\"https:\\\/\\\/centrourbano.com\\\/revista\\\/urbanismo\\\/sinfra-rehabilita-mercados-zacatecas\\\/#breadcrumb\"},\"inLanguage\":\"es\",\"potentialAction\":[{\"@type\":\"ReadAction\",\"target\":[\"https:\\\/\\\/centrourbano.com\\\/revista\\\/urbanismo\\\/sinfra-rehabilita-mercados-zacatecas\\\/\"]}]},{\"@type\":\"ImageObject\",\"inLanguage\":\"es\",\"@id\":\"https:\\\/\\\/centrourbano.com\\\/revista\\\/urbanismo\\\/sinfra-rehabilita-mercados-zacatecas\\\/#primaryimage\",\"url\":\"https:\\\/\\\/centrourbano.com\\\/revista\\\/wp-content\\\/uploads\\\/Mercado-Fresnillo.jpg\",\"contentUrl\":\"https:\\\/\\\/centrourbano.com\\\/revista\\\/wp-content\\\/uploads\\\/Mercado-Fresnillo.jpg\",\"width\":800,\"height\":600,\"caption\":\"Estos trabajos son puestos en marcha por la Secretar\u00eda de Infraestructura (Sinfra) y tendr\u00e1 una inversi\u00f3n de aproximadamente 2,000,000 de pesos\"},{\"@type\":\"BreadcrumbList\",\"@id\":\"https:\\\/\\\/centrourbano.com\\\/revista\\\/urbanismo\\\/sinfra-rehabilita-mercados-zacatecas\\\/#breadcrumb\",\"itemListElement\":[{\"@type\":\"ListItem\",\"position\":1,\"name\":\"Portada\",\"item\":\"https:\\\/\\\/centrourbano.com\\\/revista\\\/\"},{\"@type\":\"ListItem\",\"position\":2,\"name\":\"Sinfra rehabilita mercados municipales en Zacatecas\"}]},{\"@type\":\"WebSite\",\"@id\":\"https:\\\/\\\/centrourbano.com\\\/revista\\\/#website\",\"url\":\"https:\\\/\\\/centrourbano.com\\\/revista\\\/\",\"name\":\"Centro Urbano\",\"description\":\"Medio especializado en los sectores vivienda, inmobiliario, construcci\u00f3n, arquitectura y urbanismo.\",\"publisher\":{\"@id\":\"https:\\\/\\\/centrourbano.com\\\/revista\\\/#organization\"},\"potentialAction\":[{\"@type\":\"SearchAction\",\"target\":{\"@type\":\"EntryPoint\",\"urlTemplate\":\"https:\\\/\\\/centrourbano.com\\\/revista\\\/?s={search_term_string}\"},\"query-input\":{\"@type\":\"PropertyValueSpecification\",\"valueRequired\":true,\"valueName\":\"search_term_string\"}}],\"inLanguage\":\"es\"},{\"@type\":\"Organization\",\"@id\":\"https:\\\/\\\/centrourbano.com\\\/revista\\\/#organization\",\"name\":\"Centro Urbano\",\"url\":\"https:\\\/\\\/centrourbano.com\\\/revista\\\/\",\"logo\":{\"@type\":\"ImageObject\",\"inLanguage\":\"es\",\"@id\":\"https:\\\/\\\/centrourbano.com\\\/revista\\\/#\\\/schema\\\/logo\\\/image\\\/\",\"url\":\"https:\\\/\\\/centrourbano.com\\\/revista\\\/wp-content\\\/uploads\\\/web_CU_logo-1.png\",\"contentUrl\":\"https:\\\/\\\/centrourbano.com\\\/revista\\\/wp-content\\\/uploads\\\/web_CU_logo-1.png\",\"width\":350,\"height\":91,\"caption\":\"Centro Urbano\"},\"image\":{\"@id\":\"https:\\\/\\\/centrourbano.com\\\/revista\\\/#\\\/schema\\\/logo\\\/image\\\/\"},\"sameAs\":[\"https:\\\/\\\/www.facebook.com\\\/portalcentrourbano\",\"https:\\\/\\\/x.com\\\/CentroUrbano\",\"https:\\\/\\\/www.instagram.com\\\/centro_urbano\\\/\",\"https:\\\/\\\/www.linkedin.com\\\/company\\\/centro-urbano\\\/\",\"http:\\\/\\\/www.youtube.com\\\/user\\\/portalcentrourbano\"]},{\"@type\":\"Person\",\"@id\":\"https:\\\/\\\/centrourbano.com\\\/revista\\\/#\\\/schema\\\/person\\\/9a36a90c9a17a588335bc23c7aa03e3c\",\"name\":\"Roc\u00edo Garc\u00eda\",\"image\":{\"@type\":\"ImageObject\",\"inLanguage\":\"es\",\"@id\":\"https:\\\/\\\/secure.gravatar.com\\\/avatar\\\/a0e2f1ddfed432d8ad4b84b5dc2e19fc4c403753eb7578fd4dca22f8e2538fc8?s=96&d=mm&r=g\",\"url\":\"https:\\\/\\\/secure.gravatar.com\\\/avatar\\\/a0e2f1ddfed432d8ad4b84b5dc2e19fc4c403753eb7578fd4dca22f8e2538fc8?s=96&d=mm&r=g\",\"contentUrl\":\"https:\\\/\\\/secure.gravatar.com\\\/avatar\\\/a0e2f1ddfed432d8ad4b84b5dc2e19fc4c403753eb7578fd4dca22f8e2538fc8?s=96&d=mm&r=g\",\"caption\":\"Roc\u00edo Garc\u00eda\"},\"description\":\"Estudiante de Comunicaci\u00f3n de la Facultad de Estudios Superiores Acatl\u00e1n, con especialidad en Multimedia y Cultura. Apasionada por la radio, la m\u00fasica y la CDMX. Hablo mucho y r\u00edo m\u00e1s, me gusta la cumbia, las chelas y el rock n\u2019 roll.\",\"sameAs\":[\"facebook.com\\\/ro.garcia23\",\"https:\\\/\\\/www.instagram.com\\\/ch_chioo\\\/\"],\"url\":\"https:\\\/\\\/centrourbano.com\\\/revista\\\/author\\\/rocio-garcia\\\/\"}]}<\/script>\n<!-- \/ Yoast SEO plugin. -->","yoast_head_json":{"title":"Sinfra rehabilita mercados municipales en Zacatecas","description":"Estos trabajos son puestos en marcha por la Secretar\u00eda de Infraestructura (Sinfra) y tendr\u00e1 una inversi\u00f3n de aproximadamente 2,000,000 de pesos","robots":{"index":"index","follow":"follow","max-snippet":"max-snippet:-1","max-image-preview":"max-image-preview:large","max-video-preview":"max-video-preview:-1"},"canonical":"https:\/\/centrourbano.com\/revista\/urbanismo\/sinfra-rehabilita-mercados-zacatecas\/","og_locale":"es_ES","og_type":"article","og_title":"Sinfra rehabilita mercados municipales en Zacatecas","og_description":"Estos trabajos son puestos en marcha por la Secretar\u00eda de Infraestructura (Sinfra) y tendr\u00e1 una inversi\u00f3n de aproximadamente 2,000,000 de pesos","og_url":"https:\/\/centrourbano.com\/revista\/urbanismo\/sinfra-rehabilita-mercados-zacatecas\/","og_site_name":"Centro Urbano","article_publisher":"https:\/\/www.facebook.com\/portalcentrourbano","article_author":"facebook.com\/ro.garcia23","article_published_time":"2017-10-13T22:44:33+00:00","og_image":[{"width":800,"height":600,"url":"https:\/\/centrourbano.com\/revista\/wp-content\/uploads\/Mercado-Fresnillo.jpg","type":"image\/jpeg"}],"author":"Roc\u00edo Garc\u00eda","twitter_card":"summary_large_image","twitter_creator":"@CentroUrbano","twitter_site":"@CentroUrbano","twitter_misc":{"Escrito por":"Roc\u00edo Garc\u00eda","Tiempo de lectura":"1 minuto"},"schema":{"@context":"https:\/\/schema.org","@graph":[{"@type":"Article","@id":"https:\/\/centrourbano.com\/revista\/urbanismo\/sinfra-rehabilita-mercados-zacatecas\/#article","isPartOf":{"@id":"https:\/\/centrourbano.com\/revista\/urbanismo\/sinfra-rehabilita-mercados-zacatecas\/"},"author":{"name":"Roc\u00edo Garc\u00eda","@id":"https:\/\/centrourbano.com\/revista\/#\/schema\/person\/9a36a90c9a17a588335bc23c7aa03e3c"},"headline":"Sinfra rehabilita mercados municipales en Zacatecas","datePublished":"2017-10-13T22:44:33+00:00","mainEntityOfPage":{"@id":"https:\/\/centrourbano.com\/revista\/urbanismo\/sinfra-rehabilita-mercados-zacatecas\/"},"wordCount":287,"commentCount":0,"publisher":{"@id":"https:\/\/centrourbano.com\/revista\/#organization"},"image":{"@id":"https:\/\/centrourbano.com\/revista\/urbanismo\/sinfra-rehabilita-mercados-zacatecas\/#primaryimage"},"thumbnailUrl":"https:\/\/centrourbano.com\/revista\/wp-content\/uploads\/Mercado-Fresnillo.jpg","keywords":["comerciantes","Estados","Locatarios","Mejora de espacios p\u00fablicos","mercados","SINFRA","Zacatecas"],"articleSection":["Urbanismo"],"inLanguage":"es","potentialAction":[{"@type":"CommentAction","name":"Comment","target":["https:\/\/centrourbano.com\/revista\/urbanismo\/sinfra-rehabilita-mercados-zacatecas\/#respond"]}]},{"@type":"WebPage","@id":"https:\/\/centrourbano.com\/revista\/urbanismo\/sinfra-rehabilita-mercados-zacatecas\/","url":"https:\/\/centrourbano.com\/revista\/urbanismo\/sinfra-rehabilita-mercados-zacatecas\/","name":"Sinfra rehabilita mercados municipales en Zacatecas","isPartOf":{"@id":"https:\/\/centrourbano.com\/revista\/#website"},"primaryImageOfPage":{"@id":"https:\/\/centrourbano.com\/revista\/urbanismo\/sinfra-rehabilita-mercados-zacatecas\/#primaryimage"},"image":{"@id":"https:\/\/centrourbano.com\/revista\/urbanismo\/sinfra-rehabilita-mercados-zacatecas\/#primaryimage"},"thumbnailUrl":"https:\/\/centrourbano.com\/revista\/wp-content\/uploads\/Mercado-Fresnillo.jpg","datePublished":"2017-10-13T22:44:33+00:00","description":"Estos trabajos son puestos en marcha por la Secretar\u00eda de Infraestructura (Sinfra) y tendr\u00e1 una inversi\u00f3n de aproximadamente 2,000,000 de pesos","breadcrumb":{"@id":"https:\/\/centrourbano.com\/revista\/urbanismo\/sinfra-rehabilita-mercados-zacatecas\/#breadcrumb"},"inLanguage":"es","potentialAction":[{"@type":"ReadAction","target":["https:\/\/centrourbano.com\/revista\/urbanismo\/sinfra-rehabilita-mercados-zacatecas\/"]}]},{"@type":"ImageObject","inLanguage":"es","@id":"https:\/\/centrourbano.com\/revista\/urbanismo\/sinfra-rehabilita-mercados-zacatecas\/#primaryimage","url":"https:\/\/centrourbano.com\/revista\/wp-content\/uploads\/Mercado-Fresnillo.jpg","contentUrl":"https:\/\/centrourbano.com\/revista\/wp-content\/uploads\/Mercado-Fresnillo.jpg","width":800,"height":600,"caption":"Estos trabajos son puestos en marcha por la Secretar\u00eda de Infraestructura (Sinfra) y tendr\u00e1 una inversi\u00f3n de aproximadamente 2,000,000 de pesos"},{"@type":"BreadcrumbList","@id":"https:\/\/centrourbano.com\/revista\/urbanismo\/sinfra-rehabilita-mercados-zacatecas\/#breadcrumb","itemListElement":[{"@type":"ListItem","position":1,"name":"Portada","item":"https:\/\/centrourbano.com\/revista\/"},{"@type":"ListItem","position":2,"name":"Sinfra rehabilita mercados municipales en Zacatecas"}]},{"@type":"WebSite","@id":"https:\/\/centrourbano.com\/revista\/#website","url":"https:\/\/centrourbano.com\/revista\/","name":"Centro Urbano","description":"Medio especializado en los sectores vivienda, inmobiliario, construcci\u00f3n, arquitectura y urbanismo.","publisher":{"@id":"https:\/\/centrourbano.com\/revista\/#organization"},"potentialAction":[{"@type":"SearchAction","target":{"@type":"EntryPoint","urlTemplate":"https:\/\/centrourbano.com\/revista\/?s={search_term_string}"},"query-input":{"@type":"PropertyValueSpecification","valueRequired":true,"valueName":"search_term_string"}}],"inLanguage":"es"},{"@type":"Organization","@id":"https:\/\/centrourbano.com\/revista\/#organization","name":"Centro Urbano","url":"https:\/\/centrourbano.com\/revista\/","logo":{"@type":"ImageObject","inLanguage":"es","@id":"https:\/\/centrourbano.com\/revista\/#\/schema\/logo\/image\/","url":"https:\/\/centrourbano.com\/revista\/wp-content\/uploads\/web_CU_logo-1.png","contentUrl":"https:\/\/centrourbano.com\/revista\/wp-content\/uploads\/web_CU_logo-1.png","width":350,"height":91,"caption":"Centro Urbano"},"image":{"@id":"https:\/\/centrourbano.com\/revista\/#\/schema\/logo\/image\/"},"sameAs":["https:\/\/www.facebook.com\/portalcentrourbano","https:\/\/x.com\/CentroUrbano","https:\/\/www.instagram.com\/centro_urbano\/","https:\/\/www.linkedin.com\/company\/centro-urbano\/","http:\/\/www.youtube.com\/user\/portalcentrourbano"]},{"@type":"Person","@id":"https:\/\/centrourbano.com\/revista\/#\/schema\/person\/9a36a90c9a17a588335bc23c7aa03e3c","name":"Roc\u00edo Garc\u00eda","image":{"@type":"ImageObject","inLanguage":"es","@id":"https:\/\/secure.gravatar.com\/avatar\/a0e2f1ddfed432d8ad4b84b5dc2e19fc4c403753eb7578fd4dca22f8e2538fc8?s=96&d=mm&r=g","url":"https:\/\/secure.gravatar.com\/avatar\/a0e2f1ddfed432d8ad4b84b5dc2e19fc4c403753eb7578fd4dca22f8e2538fc8?s=96&d=mm&r=g","contentUrl":"https:\/\/secure.gravatar.com\/avatar\/a0e2f1ddfed432d8ad4b84b5dc2e19fc4c403753eb7578fd4dca22f8e2538fc8?s=96&d=mm&r=g","caption":"Roc\u00edo Garc\u00eda"},"description":"Estudiante de Comunicaci\u00f3n de la Facultad de Estudios Superiores Acatl\u00e1n, con especialidad en Multimedia y Cultura. Apasionada por la radio, la m\u00fasica y la CDMX. Hablo mucho y r\u00edo m\u00e1s, me gusta la cumbia, las chelas y el rock n\u2019 roll.","sameAs":["facebook.com\/ro.garcia23","https:\/\/www.instagram.com\/ch_chioo\/"],"url":"https:\/\/centrourbano.com\/revista\/author\/rocio-garcia\/"}]}},"_links":{"self":[{"href":"https:\/\/centrourbano.com\/revista\/wp-json\/wp\/v2\/posts\/61259","targetHints":{"allow":["GET"]}}],"collection":[{"href":"https:\/\/centrourbano.com\/revista\/wp-json\/wp\/v2\/posts"}],"about":[{"href":"https:\/\/centrourbano.com\/revista\/wp-json\/wp\/v2\/types\/post"}],"author":[{"embeddable":true,"href":"https:\/\/centrourbano.com\/revista\/wp-json\/wp\/v2\/users\/53"}],"replies":[{"embeddable":true,"href":"https:\/\/centrourbano.com\/revista\/wp-json\/wp\/v2\/comments?post=61259"}],"version-history":[{"count":0,"href":"https:\/\/centrourbano.com\/revista\/wp-json\/wp\/v2\/posts\/61259\/revisions"}],"wp:featuredmedia":[{"embeddable":true,"href":"https:\/\/centrourbano.com\/revista\/wp-json\/wp\/v2\/media\/61260"}],"wp:attachment":[{"href":"https:\/\/centrourbano.com\/revista\/wp-json\/wp\/v2\/media?parent=61259"}],"wp:term":[{"taxonomy":"category","embeddable":true,"href":"https:\/\/centrourbano.com\/revista\/wp-json\/wp\/v2\/categories?post=61259"},{"taxonomy":"post_tag","embeddable":true,"href":"https:\/\/centrourbano.com\/revista\/wp-json\/wp\/v2\/tags?post=61259"}],"curies":[{"name":"wp","href":"https:\/\/api.w.org\/{rel}","templated":true}]}}