{"id":61234,"date":"2017-10-13T09:59:59","date_gmt":"2017-10-13T14:59:59","guid":{"rendered":"https:\/\/centrourbano.com\/?p=61234"},"modified":"2017-10-13T10:00:44","modified_gmt":"2017-10-13T15:00:44","slug":"oxxo-abrio-cedis-abastecera-tres-entidades","status":"publish","type":"post","link":"https:\/\/centrourbano.com\/revista\/inmobiliario\/oxxo-abrio-cedis-abastecera-tres-entidades\/","title":{"rendered":"OXXO abri\u00f3 Cedis que abastecer\u00e1 tres entidades"},"content":{"rendered":"<p><strong>Los servicios log\u00edsticos ocupan la quinta posici\u00f3n en la actividad econ\u00f3mica de Yucat\u00e1n<\/strong><br \/>\n<!--more-->   <\/p>\n<p>La cadena comercial OXXO invirti\u00f3 500 millones de pesos para con construcci\u00f3n de su Centro de Distribuci\u00f3n (Cedis) Peninsular, inmueble que fue inaugurado por Alejandro Cruz, gerente General del Cedis Oxxo M\u00e9rida, y por el gobernador de la entidad, Rolando Zapata. <\/p>\n<p>El Cedis tiene 17,000 metros cuadrados y est\u00e1 en el Parque Industrial Bodeyuc, generar\u00e1 442 empleos, de ah\u00ed saldr\u00e1n productos para abastecer alrededor de 700 tiendas de autoservicio de esta marca en Yucat\u00e1n, Campeche y Quintana Roo. <\/p>\n<p>\u201cLos servicios log\u00edsticos ya son el quinto sector m\u00e1s importante de la actividad econ\u00f3mica estatal, s\u00f3lo detr\u00e1s del comercio, manufacturas, construcci\u00f3n y servicios inmobiliarios, lo que convierte a Yucat\u00e1n en la puerta de entrada y salida para mercanc\u00edas con alcance nacional e internacional, que a su vez significa bienestar y desarrollo\u201d, dijo el gobernador. <\/p>\n<p>Asimismo, dijo que m\u00e1s empresas conf\u00edan en la infraestructura estatal, su capital humano, as\u00ed como en las facilidades del gobierno para establecerse en la entidad, como la firma alemana Leoni, que producir\u00e1 los arneses el\u00e9ctricos que marcas como General Motors, Mercedes Benz y BMW requieren para sus veh\u00edculos.<\/p>\n<p>\u201cWalmart de M\u00e9xico anunci\u00f3 que expandir\u00e1 su apuesta para construir un Centro de Distribuci\u00f3n en nuestro estado, con el objetivo de brindar servicio a sus tiendas de toda la pen\u00ednsula y Centroam\u00e9rica. Las nuevas inversiones significan m\u00e1s y mejores empleos que aprovechan el capital humano existente.<\/p>\n<p>\u201cDe forma particular, agradezco la confianza que Oxxo ha tenido en Yucat\u00e1n. Adem\u00e1s de ser un generador de confianza en la sociedad yucateca, ha ayudado a la promoci\u00f3n de la estrategia Escudo Yucat\u00e1n, dise\u00f1ada para consolidar nuestros logros en seguridad, para difundir la cultura de la prevenci\u00f3n y para fortalecer juntos el tejido social, importante para garantizar la armon\u00eda\u00bb, agreg\u00f3. <\/p>\n<p>Cruz Perera dijo que este nuevo Centro, el n\u00famero 17 de la cadena en el pa\u00eds, generar\u00e1 tambi\u00e9n m\u00e1s de 2,000 empleos indirectos y garantizar\u00e1 el abasto a las tiendas en la regi\u00f3n a trav\u00e9s de 256 proveedores directos y locales con una plataforma eficaz de distribuci\u00f3n. <\/p>\n<p>\u201cEl compromiso del Grupo Femsa con la sostenibilidad se mantiene, pues este Cedis cuenta con una planta de tratamiento de aguas y un sistema inteligente de ahorro de energ\u00eda el\u00e9ctrica y consumo de agua.<\/p>\n<p>\u201cAdem\u00e1s de oficinas administrativas, el sitio tiene un \u00e1rea de comedor y una c\u00e1mara frigor\u00edfica para los insumos que lo requieren, as\u00ed como bandas de operaci\u00f3n el\u00e9ctrica, que facilitan el trabajo del personal para almacenar, seleccionar y embalar productos para su traslado a las tiendas\u201d, concluy\u00f3.<\/p>\n<p>En el evento tambi\u00e9n estuvo la directora Regional de Tiendas OXXO, Lucy Gonz\u00e1lez Denis.<\/p>\n","protected":false},"excerpt":{"rendered":"<p>Los servicios log\u00edsticos ocupan la quinta posici\u00f3n en la actividad econ\u00f3mica de Yucat\u00e1n<\/p>\n","protected":false},"author":37,"featured_media":61235,"comment_status":"open","ping_status":"closed","sticky":false,"template":"","format":"standard","meta":{"om_disable_all_campaigns":false,"inline_featured_image":false,"_monsterinsights_skip_tracking":false,"_monsterinsights_sitenote_active":false,"_monsterinsights_sitenote_note":"","_monsterinsights_sitenote_category":0,"footnotes":""},"categories":[15],"tags":[607,4454,11651,41,5067,68],"class_list":["post-61234","post","type-post","status-publish","format-standard","has-post-thumbnail","hentry","category-inmobiliario","tag-campeche","tag-femsa","tag-oxxo","tag-quintana-roo","tag-rolando-zapata","tag-yucatan"],"yoast_head":"<!-- This site is optimized with the Yoast SEO plugin v27.4 - https:\/\/yoast.com\/product\/yoast-seo-wordpress\/ -->\n<title>OXXO abri\u00f3 Cedis que abastecer\u00e1 tres entidades -<\/title>\n<meta name=\"description\" content=\"La cadena comercial OXXO invirti\u00f3 500 millones de pesos para con construcci\u00f3n de su Centro de Distribuci\u00f3n (Cedis) Peninsular, inmueble que fue inaugurado por Alejandro Cruz, gerente General del Cedis Oxxo M\u00e9rida, y por el gobernador de la entidad, Rolando Zapata.\" \/>\n<meta name=\"robots\" content=\"index, follow, max-snippet:-1, max-image-preview:large, max-video-preview:-1\" \/>\n<link rel=\"canonical\" href=\"https:\/\/centrourbano.com\/revista\/inmobiliario\/oxxo-abrio-cedis-abastecera-tres-entidades\/\" \/>\n<meta property=\"og:locale\" content=\"es_ES\" \/>\n<meta property=\"og:type\" content=\"article\" \/>\n<meta property=\"og:title\" content=\"OXXO abri\u00f3 Cedis que abastecer\u00e1 tres entidades -\" \/>\n<meta property=\"og:description\" content=\"La cadena comercial OXXO invirti\u00f3 500 millones de pesos para con construcci\u00f3n de su Centro de Distribuci\u00f3n (Cedis) Peninsular, inmueble que fue inaugurado por Alejandro Cruz, gerente General del Cedis Oxxo M\u00e9rida, y por el gobernador de la entidad, Rolando Zapata.\" \/>\n<meta property=\"og:url\" content=\"https:\/\/centrourbano.com\/revista\/inmobiliario\/oxxo-abrio-cedis-abastecera-tres-entidades\/\" \/>\n<meta property=\"og:site_name\" content=\"Centro Urbano\" \/>\n<meta property=\"article:publisher\" content=\"https:\/\/www.facebook.com\/portalcentrourbano\" \/>\n<meta property=\"article:published_time\" content=\"2017-10-13T14:59:59+00:00\" \/>\n<meta property=\"article:modified_time\" content=\"2017-10-13T15:00:44+00:00\" \/>\n<meta property=\"og:image\" content=\"https:\/\/centrourbano.com\/revista\/wp-content\/uploads\/oxxo.jpg\" \/>\n\t<meta property=\"og:image:width\" content=\"800\" \/>\n\t<meta property=\"og:image:height\" content=\"533\" \/>\n\t<meta property=\"og:image:type\" content=\"image\/jpeg\" \/>\n<meta name=\"author\" content=\"Diego Rodr\u00edguez\" \/>\n<meta name=\"twitter:card\" content=\"summary_large_image\" \/>\n<meta name=\"twitter:creator\" content=\"@CentroUrbano\" \/>\n<meta name=\"twitter:site\" content=\"@CentroUrbano\" \/>\n<meta name=\"twitter:label1\" content=\"Escrito por\" \/>\n\t<meta name=\"twitter:data1\" content=\"Diego Rodr\u00edguez\" \/>\n\t<meta name=\"twitter:label2\" content=\"Tiempo de lectura\" \/>\n\t<meta name=\"twitter:data2\" content=\"2 minutos\" \/>\n<script type=\"application\/ld+json\" class=\"yoast-schema-graph\">{\"@context\":\"https:\\\/\\\/schema.org\",\"@graph\":[{\"@type\":\"Article\",\"@id\":\"https:\\\/\\\/centrourbano.com\\\/revista\\\/inmobiliario\\\/oxxo-abrio-cedis-abastecera-tres-entidades\\\/#article\",\"isPartOf\":{\"@id\":\"https:\\\/\\\/centrourbano.com\\\/revista\\\/inmobiliario\\\/oxxo-abrio-cedis-abastecera-tres-entidades\\\/\"},\"author\":{\"name\":\"Diego Rodr\u00edguez\",\"@id\":\"https:\\\/\\\/centrourbano.com\\\/revista\\\/#\\\/schema\\\/person\\\/b50192a3cd0e680841b45dc537f53970\"},\"headline\":\"OXXO abri\u00f3 Cedis que abastecer\u00e1 tres entidades\",\"datePublished\":\"2017-10-13T14:59:59+00:00\",\"dateModified\":\"2017-10-13T15:00:44+00:00\",\"mainEntityOfPage\":{\"@id\":\"https:\\\/\\\/centrourbano.com\\\/revista\\\/inmobiliario\\\/oxxo-abrio-cedis-abastecera-tres-entidades\\\/\"},\"wordCount\":489,\"commentCount\":0,\"publisher\":{\"@id\":\"https:\\\/\\\/centrourbano.com\\\/revista\\\/#organization\"},\"image\":{\"@id\":\"https:\\\/\\\/centrourbano.com\\\/revista\\\/inmobiliario\\\/oxxo-abrio-cedis-abastecera-tres-entidades\\\/#primaryimage\"},\"thumbnailUrl\":\"https:\\\/\\\/centrourbano.com\\\/revista\\\/wp-content\\\/uploads\\\/oxxo.jpg\",\"keywords\":[\"campeche\",\"FEMSA\",\"OXXO\",\"Quintana Roo\",\"Rolando Zapata\",\"Yucat\u00e1n\"],\"articleSection\":[\"Inmobiliario\"],\"inLanguage\":\"es\",\"potentialAction\":[{\"@type\":\"CommentAction\",\"name\":\"Comment\",\"target\":[\"https:\\\/\\\/centrourbano.com\\\/revista\\\/inmobiliario\\\/oxxo-abrio-cedis-abastecera-tres-entidades\\\/#respond\"]}]},{\"@type\":\"WebPage\",\"@id\":\"https:\\\/\\\/centrourbano.com\\\/revista\\\/inmobiliario\\\/oxxo-abrio-cedis-abastecera-tres-entidades\\\/\",\"url\":\"https:\\\/\\\/centrourbano.com\\\/revista\\\/inmobiliario\\\/oxxo-abrio-cedis-abastecera-tres-entidades\\\/\",\"name\":\"OXXO abri\u00f3 Cedis que abastecer\u00e1 tres entidades -\",\"isPartOf\":{\"@id\":\"https:\\\/\\\/centrourbano.com\\\/revista\\\/#website\"},\"primaryImageOfPage\":{\"@id\":\"https:\\\/\\\/centrourbano.com\\\/revista\\\/inmobiliario\\\/oxxo-abrio-cedis-abastecera-tres-entidades\\\/#primaryimage\"},\"image\":{\"@id\":\"https:\\\/\\\/centrourbano.com\\\/revista\\\/inmobiliario\\\/oxxo-abrio-cedis-abastecera-tres-entidades\\\/#primaryimage\"},\"thumbnailUrl\":\"https:\\\/\\\/centrourbano.com\\\/revista\\\/wp-content\\\/uploads\\\/oxxo.jpg\",\"datePublished\":\"2017-10-13T14:59:59+00:00\",\"dateModified\":\"2017-10-13T15:00:44+00:00\",\"description\":\"La cadena comercial OXXO invirti\u00f3 500 millones de pesos para con construcci\u00f3n de su Centro de Distribuci\u00f3n (Cedis) Peninsular, inmueble que fue inaugurado por Alejandro Cruz, gerente General del Cedis Oxxo M\u00e9rida, y por el gobernador de la entidad, Rolando Zapata.\",\"breadcrumb\":{\"@id\":\"https:\\\/\\\/centrourbano.com\\\/revista\\\/inmobiliario\\\/oxxo-abrio-cedis-abastecera-tres-entidades\\\/#breadcrumb\"},\"inLanguage\":\"es\",\"potentialAction\":[{\"@type\":\"ReadAction\",\"target\":[\"https:\\\/\\\/centrourbano.com\\\/revista\\\/inmobiliario\\\/oxxo-abrio-cedis-abastecera-tres-entidades\\\/\"]}]},{\"@type\":\"ImageObject\",\"inLanguage\":\"es\",\"@id\":\"https:\\\/\\\/centrourbano.com\\\/revista\\\/inmobiliario\\\/oxxo-abrio-cedis-abastecera-tres-entidades\\\/#primaryimage\",\"url\":\"https:\\\/\\\/centrourbano.com\\\/revista\\\/wp-content\\\/uploads\\\/oxxo.jpg\",\"contentUrl\":\"https:\\\/\\\/centrourbano.com\\\/revista\\\/wp-content\\\/uploads\\\/oxxo.jpg\",\"width\":800,\"height\":533,\"caption\":\"Los servicios log\u00edsticos ocupan la quinta posici\u00f3n en la actividad econ\u00f3mica de Yucat\u00e1n\"},{\"@type\":\"BreadcrumbList\",\"@id\":\"https:\\\/\\\/centrourbano.com\\\/revista\\\/inmobiliario\\\/oxxo-abrio-cedis-abastecera-tres-entidades\\\/#breadcrumb\",\"itemListElement\":[{\"@type\":\"ListItem\",\"position\":1,\"name\":\"Portada\",\"item\":\"https:\\\/\\\/centrourbano.com\\\/revista\\\/\"},{\"@type\":\"ListItem\",\"position\":2,\"name\":\"OXXO abri\u00f3 Cedis que abastecer\u00e1 tres entidades\"}]},{\"@type\":\"WebSite\",\"@id\":\"https:\\\/\\\/centrourbano.com\\\/revista\\\/#website\",\"url\":\"https:\\\/\\\/centrourbano.com\\\/revista\\\/\",\"name\":\"Centro Urbano\",\"description\":\"Medio especializado en los sectores vivienda, inmobiliario, construcci\u00f3n, arquitectura y urbanismo.\",\"publisher\":{\"@id\":\"https:\\\/\\\/centrourbano.com\\\/revista\\\/#organization\"},\"potentialAction\":[{\"@type\":\"SearchAction\",\"target\":{\"@type\":\"EntryPoint\",\"urlTemplate\":\"https:\\\/\\\/centrourbano.com\\\/revista\\\/?s={search_term_string}\"},\"query-input\":{\"@type\":\"PropertyValueSpecification\",\"valueRequired\":true,\"valueName\":\"search_term_string\"}}],\"inLanguage\":\"es\"},{\"@type\":\"Organization\",\"@id\":\"https:\\\/\\\/centrourbano.com\\\/revista\\\/#organization\",\"name\":\"Centro Urbano\",\"url\":\"https:\\\/\\\/centrourbano.com\\\/revista\\\/\",\"logo\":{\"@type\":\"ImageObject\",\"inLanguage\":\"es\",\"@id\":\"https:\\\/\\\/centrourbano.com\\\/revista\\\/#\\\/schema\\\/logo\\\/image\\\/\",\"url\":\"https:\\\/\\\/centrourbano.com\\\/revista\\\/wp-content\\\/uploads\\\/web_CU_logo-1.png\",\"contentUrl\":\"https:\\\/\\\/centrourbano.com\\\/revista\\\/wp-content\\\/uploads\\\/web_CU_logo-1.png\",\"width\":350,\"height\":91,\"caption\":\"Centro Urbano\"},\"image\":{\"@id\":\"https:\\\/\\\/centrourbano.com\\\/revista\\\/#\\\/schema\\\/logo\\\/image\\\/\"},\"sameAs\":[\"https:\\\/\\\/www.facebook.com\\\/portalcentrourbano\",\"https:\\\/\\\/x.com\\\/CentroUrbano\",\"https:\\\/\\\/www.instagram.com\\\/centro_urbano\\\/\",\"https:\\\/\\\/www.linkedin.com\\\/company\\\/centro-urbano\\\/\",\"http:\\\/\\\/www.youtube.com\\\/user\\\/portalcentrourbano\"]},{\"@type\":\"Person\",\"@id\":\"https:\\\/\\\/centrourbano.com\\\/revista\\\/#\\\/schema\\\/person\\\/b50192a3cd0e680841b45dc537f53970\",\"name\":\"Diego Rodr\u00edguez\",\"image\":{\"@type\":\"ImageObject\",\"inLanguage\":\"es\",\"@id\":\"https:\\\/\\\/secure.gravatar.com\\\/avatar\\\/d217565525df2df5d4e7265d47758506f41845ed9529510921a7625d8365789d?s=96&d=mm&r=g\",\"url\":\"https:\\\/\\\/secure.gravatar.com\\\/avatar\\\/d217565525df2df5d4e7265d47758506f41845ed9529510921a7625d8365789d?s=96&d=mm&r=g\",\"contentUrl\":\"https:\\\/\\\/secure.gravatar.com\\\/avatar\\\/d217565525df2df5d4e7265d47758506f41845ed9529510921a7625d8365789d?s=96&d=mm&r=g\",\"caption\":\"Diego Rodr\u00edguez\"},\"description\":\"Egresado de la Facultad de Estudios Superiores Acatl\u00e1n de la carrera en Comunicaci\u00f3n, con especialidad en medios escritos. Reportero del desaparecido peri\u00f3dico Nuestro M\u00e9xico, en donde cubri\u00f3 las fuentes delegacionales y Asamblea Legislativa. Tambi\u00e9n trabaj\u00f3 en la Coordinaci\u00f3n de Comunicaci\u00f3n Social en la delegaci\u00f3n \u00c1lvaro Obreg\u00f3n. Le gusta leer novelas y cuentos.\",\"url\":\"https:\\\/\\\/centrourbano.com\\\/revista\\\/author\\\/diegorodriguez\\\/\"}]}<\/script>\n<!-- \/ Yoast SEO plugin. -->","yoast_head_json":{"title":"OXXO abri\u00f3 Cedis que abastecer\u00e1 tres entidades -","description":"La cadena comercial OXXO invirti\u00f3 500 millones de pesos para con construcci\u00f3n de su Centro de Distribuci\u00f3n (Cedis) Peninsular, inmueble que fue inaugurado por Alejandro Cruz, gerente General del Cedis Oxxo M\u00e9rida, y por el gobernador de la entidad, Rolando Zapata.","robots":{"index":"index","follow":"follow","max-snippet":"max-snippet:-1","max-image-preview":"max-image-preview:large","max-video-preview":"max-video-preview:-1"},"canonical":"https:\/\/centrourbano.com\/revista\/inmobiliario\/oxxo-abrio-cedis-abastecera-tres-entidades\/","og_locale":"es_ES","og_type":"article","og_title":"OXXO abri\u00f3 Cedis que abastecer\u00e1 tres entidades -","og_description":"La cadena comercial OXXO invirti\u00f3 500 millones de pesos para con construcci\u00f3n de su Centro de Distribuci\u00f3n (Cedis) Peninsular, inmueble que fue inaugurado por Alejandro Cruz, gerente General del Cedis Oxxo M\u00e9rida, y por el gobernador de la entidad, Rolando Zapata.","og_url":"https:\/\/centrourbano.com\/revista\/inmobiliario\/oxxo-abrio-cedis-abastecera-tres-entidades\/","og_site_name":"Centro Urbano","article_publisher":"https:\/\/www.facebook.com\/portalcentrourbano","article_published_time":"2017-10-13T14:59:59+00:00","article_modified_time":"2017-10-13T15:00:44+00:00","og_image":[{"width":800,"height":533,"url":"https:\/\/centrourbano.com\/revista\/wp-content\/uploads\/oxxo.jpg","type":"image\/jpeg"}],"author":"Diego Rodr\u00edguez","twitter_card":"summary_large_image","twitter_creator":"@CentroUrbano","twitter_site":"@CentroUrbano","twitter_misc":{"Escrito por":"Diego Rodr\u00edguez","Tiempo de lectura":"2 minutos"},"schema":{"@context":"https:\/\/schema.org","@graph":[{"@type":"Article","@id":"https:\/\/centrourbano.com\/revista\/inmobiliario\/oxxo-abrio-cedis-abastecera-tres-entidades\/#article","isPartOf":{"@id":"https:\/\/centrourbano.com\/revista\/inmobiliario\/oxxo-abrio-cedis-abastecera-tres-entidades\/"},"author":{"name":"Diego Rodr\u00edguez","@id":"https:\/\/centrourbano.com\/revista\/#\/schema\/person\/b50192a3cd0e680841b45dc537f53970"},"headline":"OXXO abri\u00f3 Cedis que abastecer\u00e1 tres entidades","datePublished":"2017-10-13T14:59:59+00:00","dateModified":"2017-10-13T15:00:44+00:00","mainEntityOfPage":{"@id":"https:\/\/centrourbano.com\/revista\/inmobiliario\/oxxo-abrio-cedis-abastecera-tres-entidades\/"},"wordCount":489,"commentCount":0,"publisher":{"@id":"https:\/\/centrourbano.com\/revista\/#organization"},"image":{"@id":"https:\/\/centrourbano.com\/revista\/inmobiliario\/oxxo-abrio-cedis-abastecera-tres-entidades\/#primaryimage"},"thumbnailUrl":"https:\/\/centrourbano.com\/revista\/wp-content\/uploads\/oxxo.jpg","keywords":["campeche","FEMSA","OXXO","Quintana Roo","Rolando Zapata","Yucat\u00e1n"],"articleSection":["Inmobiliario"],"inLanguage":"es","potentialAction":[{"@type":"CommentAction","name":"Comment","target":["https:\/\/centrourbano.com\/revista\/inmobiliario\/oxxo-abrio-cedis-abastecera-tres-entidades\/#respond"]}]},{"@type":"WebPage","@id":"https:\/\/centrourbano.com\/revista\/inmobiliario\/oxxo-abrio-cedis-abastecera-tres-entidades\/","url":"https:\/\/centrourbano.com\/revista\/inmobiliario\/oxxo-abrio-cedis-abastecera-tres-entidades\/","name":"OXXO abri\u00f3 Cedis que abastecer\u00e1 tres entidades -","isPartOf":{"@id":"https:\/\/centrourbano.com\/revista\/#website"},"primaryImageOfPage":{"@id":"https:\/\/centrourbano.com\/revista\/inmobiliario\/oxxo-abrio-cedis-abastecera-tres-entidades\/#primaryimage"},"image":{"@id":"https:\/\/centrourbano.com\/revista\/inmobiliario\/oxxo-abrio-cedis-abastecera-tres-entidades\/#primaryimage"},"thumbnailUrl":"https:\/\/centrourbano.com\/revista\/wp-content\/uploads\/oxxo.jpg","datePublished":"2017-10-13T14:59:59+00:00","dateModified":"2017-10-13T15:00:44+00:00","description":"La cadena comercial OXXO invirti\u00f3 500 millones de pesos para con construcci\u00f3n de su Centro de Distribuci\u00f3n (Cedis) Peninsular, inmueble que fue inaugurado por Alejandro Cruz, gerente General del Cedis Oxxo M\u00e9rida, y por el gobernador de la entidad, Rolando Zapata.","breadcrumb":{"@id":"https:\/\/centrourbano.com\/revista\/inmobiliario\/oxxo-abrio-cedis-abastecera-tres-entidades\/#breadcrumb"},"inLanguage":"es","potentialAction":[{"@type":"ReadAction","target":["https:\/\/centrourbano.com\/revista\/inmobiliario\/oxxo-abrio-cedis-abastecera-tres-entidades\/"]}]},{"@type":"ImageObject","inLanguage":"es","@id":"https:\/\/centrourbano.com\/revista\/inmobiliario\/oxxo-abrio-cedis-abastecera-tres-entidades\/#primaryimage","url":"https:\/\/centrourbano.com\/revista\/wp-content\/uploads\/oxxo.jpg","contentUrl":"https:\/\/centrourbano.com\/revista\/wp-content\/uploads\/oxxo.jpg","width":800,"height":533,"caption":"Los servicios log\u00edsticos ocupan la quinta posici\u00f3n en la actividad econ\u00f3mica de Yucat\u00e1n"},{"@type":"BreadcrumbList","@id":"https:\/\/centrourbano.com\/revista\/inmobiliario\/oxxo-abrio-cedis-abastecera-tres-entidades\/#breadcrumb","itemListElement":[{"@type":"ListItem","position":1,"name":"Portada","item":"https:\/\/centrourbano.com\/revista\/"},{"@type":"ListItem","position":2,"name":"OXXO abri\u00f3 Cedis que abastecer\u00e1 tres entidades"}]},{"@type":"WebSite","@id":"https:\/\/centrourbano.com\/revista\/#website","url":"https:\/\/centrourbano.com\/revista\/","name":"Centro Urbano","description":"Medio especializado en los sectores vivienda, inmobiliario, construcci\u00f3n, arquitectura y urbanismo.","publisher":{"@id":"https:\/\/centrourbano.com\/revista\/#organization"},"potentialAction":[{"@type":"SearchAction","target":{"@type":"EntryPoint","urlTemplate":"https:\/\/centrourbano.com\/revista\/?s={search_term_string}"},"query-input":{"@type":"PropertyValueSpecification","valueRequired":true,"valueName":"search_term_string"}}],"inLanguage":"es"},{"@type":"Organization","@id":"https:\/\/centrourbano.com\/revista\/#organization","name":"Centro Urbano","url":"https:\/\/centrourbano.com\/revista\/","logo":{"@type":"ImageObject","inLanguage":"es","@id":"https:\/\/centrourbano.com\/revista\/#\/schema\/logo\/image\/","url":"https:\/\/centrourbano.com\/revista\/wp-content\/uploads\/web_CU_logo-1.png","contentUrl":"https:\/\/centrourbano.com\/revista\/wp-content\/uploads\/web_CU_logo-1.png","width":350,"height":91,"caption":"Centro Urbano"},"image":{"@id":"https:\/\/centrourbano.com\/revista\/#\/schema\/logo\/image\/"},"sameAs":["https:\/\/www.facebook.com\/portalcentrourbano","https:\/\/x.com\/CentroUrbano","https:\/\/www.instagram.com\/centro_urbano\/","https:\/\/www.linkedin.com\/company\/centro-urbano\/","http:\/\/www.youtube.com\/user\/portalcentrourbano"]},{"@type":"Person","@id":"https:\/\/centrourbano.com\/revista\/#\/schema\/person\/b50192a3cd0e680841b45dc537f53970","name":"Diego Rodr\u00edguez","image":{"@type":"ImageObject","inLanguage":"es","@id":"https:\/\/secure.gravatar.com\/avatar\/d217565525df2df5d4e7265d47758506f41845ed9529510921a7625d8365789d?s=96&d=mm&r=g","url":"https:\/\/secure.gravatar.com\/avatar\/d217565525df2df5d4e7265d47758506f41845ed9529510921a7625d8365789d?s=96&d=mm&r=g","contentUrl":"https:\/\/secure.gravatar.com\/avatar\/d217565525df2df5d4e7265d47758506f41845ed9529510921a7625d8365789d?s=96&d=mm&r=g","caption":"Diego Rodr\u00edguez"},"description":"Egresado de la Facultad de Estudios Superiores Acatl\u00e1n de la carrera en Comunicaci\u00f3n, con especialidad en medios escritos. Reportero del desaparecido peri\u00f3dico Nuestro M\u00e9xico, en donde cubri\u00f3 las fuentes delegacionales y Asamblea Legislativa. Tambi\u00e9n trabaj\u00f3 en la Coordinaci\u00f3n de Comunicaci\u00f3n Social en la delegaci\u00f3n \u00c1lvaro Obreg\u00f3n. Le gusta leer novelas y cuentos.","url":"https:\/\/centrourbano.com\/revista\/author\/diegorodriguez\/"}]}},"_links":{"self":[{"href":"https:\/\/centrourbano.com\/revista\/wp-json\/wp\/v2\/posts\/61234","targetHints":{"allow":["GET"]}}],"collection":[{"href":"https:\/\/centrourbano.com\/revista\/wp-json\/wp\/v2\/posts"}],"about":[{"href":"https:\/\/centrourbano.com\/revista\/wp-json\/wp\/v2\/types\/post"}],"author":[{"embeddable":true,"href":"https:\/\/centrourbano.com\/revista\/wp-json\/wp\/v2\/users\/37"}],"replies":[{"embeddable":true,"href":"https:\/\/centrourbano.com\/revista\/wp-json\/wp\/v2\/comments?post=61234"}],"version-history":[{"count":0,"href":"https:\/\/centrourbano.com\/revista\/wp-json\/wp\/v2\/posts\/61234\/revisions"}],"wp:featuredmedia":[{"embeddable":true,"href":"https:\/\/centrourbano.com\/revista\/wp-json\/wp\/v2\/media\/61235"}],"wp:attachment":[{"href":"https:\/\/centrourbano.com\/revista\/wp-json\/wp\/v2\/media?parent=61234"}],"wp:term":[{"taxonomy":"category","embeddable":true,"href":"https:\/\/centrourbano.com\/revista\/wp-json\/wp\/v2\/categories?post=61234"},{"taxonomy":"post_tag","embeddable":true,"href":"https:\/\/centrourbano.com\/revista\/wp-json\/wp\/v2\/tags?post=61234"}],"curies":[{"name":"wp","href":"https:\/\/api.w.org\/{rel}","templated":true}]}}