{"id":6094,"date":"2014-04-10T05:00:05","date_gmt":"2014-04-10T10:00:05","guid":{"rendered":"http:\/\/centrourbano.com\/?p=6094"},"modified":"2014-04-11T10:11:09","modified_gmt":"2014-04-11T15:11:09","slug":"se-implementara-indice-de-prosperidad-urbana","status":"publish","type":"post","link":"https:\/\/centrourbano.com\/revista\/vivienda\/se-implementara-indice-de-prosperidad-urbana\/","title":{"rendered":"Se implementar\u00e1 \u00cdndice de Prosperidad Urbana"},"content":{"rendered":"<p>&nbsp;<\/p>\n<p><em>El Infonavit y ONU-Habitat firmaron un convenio para medir el progreso de las ciudades en M\u00e9xico<\/em> <em><!--more--><\/em><\/p>\n<p>Durante el s\u00e9ptimo Foro Urbano Mundial, en Medell\u00edn, Colombia, el director general del Instituto del Fondo Nacional de la Vivienda para los Trabajadores (Infonavit), Alejandro Murat Hinojosa y el Jefe de la Divisi\u00f3n de Monitoreo y Evaluaci\u00f3n del Programa de las Naciones Unidas para los Asentamientos Humanos (ONU-Habitat), Eduardo L\u00f3pez Moreno, firmaron un Convenio de Colaboraci\u00f3n para hacer de M\u00e9xico el primer pa\u00eds donde se implemente el \u00cdndice de Prosperidad Urbana (CPI) a nivel nacional.<\/p>\n<p>Lo anterior en presencia del subsecretario de Desarrollo Urbano y Vivienda de la Sedatu, Alejandro Nieto Enr\u00edquez, donde se indic\u00f3 que el CPI forma parte del programa de ONU-Habitat para medir el progreso actual y futuro de las ciudades hacia el camino de la prosperidad en cinco dimensiones: Productividad, Infraestructura Urbana, Calidad de Vida, Equidad y Medio Ambiente Sustentable.<\/p>\n<p>Con dicha alianza el Infonavit podr\u00e1 conocer el nivel de prosperidad de las ciudades donde financia viviendas, con el objetivo de identificar las \u00e1reas de acci\u00f3n prioritarias en el desarrollo de pol\u00edticas urbanas y de mejoramiento de la calidad habitacional del pa\u00eds, en conjunto con autoridades federales, estatales y municipales.<\/p>\n<p>Murat Hinojosa y Joan Clos, compartieron sus perspectivas sobre los retos del desarrollo de vivienda y la formaci\u00f3n de ciudades competitivas en M\u00e9xico, donde destac\u00f3 el compromiso del Infonavit para procurar una mejor calidad de vida para los trabajadores, fomentar el desarrollo urbano sustentable e inteligente y apoyar la formaci\u00f3n de ciudades compactas y competitivas a trav\u00e9s de las viviendas que financia.<\/p>\n<p><b>\u00a0<\/b><\/p>\n<p><b>\u00a0<\/b><\/p>\n","protected":false},"excerpt":{"rendered":"<p>&nbsp; El Infonavit y ONU-Habitat firmaron un convenio para medir el progreso de las ciudades en M\u00e9xico<\/p>\n","protected":false},"author":77,"featured_media":0,"comment_status":"open","ping_status":"closed","sticky":false,"template":"","format":"standard","meta":{"footnotes":""},"categories":[12],"tags":[],"class_list":["post-6094","post","type-post","status-publish","format-standard","hentry","category-vivienda"],"yoast_head":"<!-- This site is optimized with the Yoast SEO plugin v28.4 - https:\/\/yoast.com\/product\/yoast-seo-wordpress\/ -->\n<title>Se implementar\u00e1 \u00cdndice de Prosperidad Urbana -<\/title>\n<meta name=\"description\" content=\"&nbsp; El Infonavit y ONU-Habitat firmaron un convenio para medir el progreso de las ciudades en M\u00e9xico Durante el s\u00e9ptimo Foro Urbano Mundial, en\" \/>\n<meta name=\"robots\" content=\"index, follow, max-snippet:-1, max-image-preview:large, max-video-preview:-1\" \/>\n<link rel=\"canonical\" href=\"https:\/\/centrourbano.com\/revista\/vivienda\/se-implementara-indice-de-prosperidad-urbana\/\" \/>\n<meta property=\"og:locale\" content=\"es_ES\" \/>\n<meta property=\"og:type\" content=\"article\" \/>\n<meta property=\"og:title\" content=\"Se implementar\u00e1 \u00cdndice de Prosperidad Urbana -\" \/>\n<meta property=\"og:description\" content=\"&nbsp; El Infonavit y ONU-Habitat firmaron un convenio para medir el progreso de las ciudades en M\u00e9xico Durante el s\u00e9ptimo Foro Urbano Mundial, en\" \/>\n<meta property=\"og:url\" content=\"https:\/\/centrourbano.com\/revista\/vivienda\/se-implementara-indice-de-prosperidad-urbana\/\" \/>\n<meta property=\"og:site_name\" content=\"Centro Urbano\" \/>\n<meta property=\"article:publisher\" content=\"https:\/\/www.facebook.com\/portalcentrourbano\" \/>\n<meta property=\"article:published_time\" content=\"2014-04-10T10:00:05+00:00\" \/>\n<meta property=\"article:modified_time\" content=\"2014-04-11T15:11:09+00:00\" \/>\n<meta property=\"og:image\" content=\"https:\/\/centrourbano.com\/revista\/wp-content\/uploads\/CU-logo.png\" \/>\n\t<meta property=\"og:image:width\" content=\"350\" \/>\n\t<meta property=\"og:image:height\" content=\"91\" \/>\n\t<meta property=\"og:image:type\" content=\"image\/png\" \/>\n<meta name=\"author\" content=\"G4A\" \/>\n<meta name=\"twitter:card\" content=\"summary_large_image\" \/>\n<meta name=\"twitter:creator\" content=\"@CentroUrbano\" \/>\n<meta name=\"twitter:site\" content=\"@CentroUrbano\" \/>\n<meta name=\"twitter:label1\" content=\"Escrito por\" \/>\n\t<meta name=\"twitter:data1\" content=\"G4A\" \/>\n\t<meta name=\"twitter:label2\" content=\"Tiempo de lectura\" \/>\n\t<meta name=\"twitter:data2\" content=\"1 minuto\" \/>\n<script type=\"application\/ld+json\" class=\"yoast-schema-graph\">{\"@context\":\"https:\\\/\\\/schema.org\",\"@graph\":[{\"@type\":\"Article\",\"@id\":\"https:\\\/\\\/centrourbano.com\\\/revista\\\/vivienda\\\/se-implementara-indice-de-prosperidad-urbana\\\/#article\",\"isPartOf\":{\"@id\":\"https:\\\/\\\/centrourbano.com\\\/revista\\\/vivienda\\\/se-implementara-indice-de-prosperidad-urbana\\\/\"},\"author\":{\"name\":\"G4A\",\"@id\":\"https:\\\/\\\/centrourbano.com\\\/revista\\\/#\\\/schema\\\/person\\\/370fa0ba2d8dd5bde3fdb8b62ad360aa\"},\"headline\":\"Se implementar\u00e1 \u00cdndice de Prosperidad Urbana\",\"datePublished\":\"2014-04-10T10:00:05+00:00\",\"dateModified\":\"2014-04-11T15:11:09+00:00\",\"mainEntityOfPage\":{\"@id\":\"https:\\\/\\\/centrourbano.com\\\/revista\\\/vivienda\\\/se-implementara-indice-de-prosperidad-urbana\\\/\"},\"wordCount\":286,\"commentCount\":0,\"publisher\":{\"@id\":\"https:\\\/\\\/centrourbano.com\\\/revista\\\/#organization\"},\"articleSection\":[\"Vivienda\"],\"inLanguage\":\"es\"},{\"@type\":\"WebPage\",\"@id\":\"https:\\\/\\\/centrourbano.com\\\/revista\\\/vivienda\\\/se-implementara-indice-de-prosperidad-urbana\\\/\",\"url\":\"https:\\\/\\\/centrourbano.com\\\/revista\\\/vivienda\\\/se-implementara-indice-de-prosperidad-urbana\\\/\",\"name\":\"Se implementar\u00e1 \u00cdndice de Prosperidad Urbana -\",\"isPartOf\":{\"@id\":\"https:\\\/\\\/centrourbano.com\\\/revista\\\/#website\"},\"datePublished\":\"2014-04-10T10:00:05+00:00\",\"dateModified\":\"2014-04-11T15:11:09+00:00\",\"description\":\"&nbsp; El Infonavit y ONU-Habitat firmaron un convenio para medir el progreso de las ciudades en M\u00e9xico Durante el s\u00e9ptimo Foro Urbano Mundial, en\",\"breadcrumb\":{\"@id\":\"https:\\\/\\\/centrourbano.com\\\/revista\\\/vivienda\\\/se-implementara-indice-de-prosperidad-urbana\\\/#breadcrumb\"},\"inLanguage\":\"es\",\"potentialAction\":[{\"@type\":\"ReadAction\",\"target\":[\"https:\\\/\\\/centrourbano.com\\\/revista\\\/vivienda\\\/se-implementara-indice-de-prosperidad-urbana\\\/\"]}]},{\"@type\":\"BreadcrumbList\",\"@id\":\"https:\\\/\\\/centrourbano.com\\\/revista\\\/vivienda\\\/se-implementara-indice-de-prosperidad-urbana\\\/#breadcrumb\",\"itemListElement\":[{\"@type\":\"ListItem\",\"position\":1,\"name\":\"Portada\",\"item\":\"https:\\\/\\\/centrourbano.com\\\/revista\\\/\"},{\"@type\":\"ListItem\",\"position\":2,\"name\":\"Se implementar\u00e1 \u00cdndice de Prosperidad Urbana\"}]},{\"@type\":\"WebSite\",\"@id\":\"https:\\\/\\\/centrourbano.com\\\/revista\\\/#website\",\"url\":\"https:\\\/\\\/centrourbano.com\\\/revista\\\/\",\"name\":\"Centro Urbano\",\"description\":\"Medio especializado en los sectores vivienda, inmobiliario, construcci\u00f3n, arquitectura y urbanismo.\",\"publisher\":{\"@id\":\"https:\\\/\\\/centrourbano.com\\\/revista\\\/#organization\"},\"potentialAction\":[{\"@type\":\"SearchAction\",\"target\":{\"@type\":\"EntryPoint\",\"urlTemplate\":\"https:\\\/\\\/centrourbano.com\\\/revista\\\/?s={search_term_string}\"},\"query-input\":{\"@type\":\"PropertyValueSpecification\",\"valueRequired\":true,\"valueName\":\"search_term_string\"}}],\"inLanguage\":\"es\"},{\"@type\":\"Organization\",\"@id\":\"https:\\\/\\\/centrourbano.com\\\/revista\\\/#organization\",\"name\":\"Centro Urbano\",\"url\":\"https:\\\/\\\/centrourbano.com\\\/revista\\\/\",\"logo\":{\"@type\":\"ImageObject\",\"inLanguage\":\"es\",\"@id\":\"https:\\\/\\\/centrourbano.com\\\/revista\\\/#\\\/schema\\\/logo\\\/image\\\/\",\"url\":\"https:\\\/\\\/centrourbano.com\\\/revista\\\/wp-content\\\/uploads\\\/web_CU_logo-1.png\",\"contentUrl\":\"https:\\\/\\\/centrourbano.com\\\/revista\\\/wp-content\\\/uploads\\\/web_CU_logo-1.png\",\"width\":350,\"height\":91,\"caption\":\"Centro Urbano\"},\"image\":{\"@id\":\"https:\\\/\\\/centrourbano.com\\\/revista\\\/#\\\/schema\\\/logo\\\/image\\\/\"},\"sameAs\":[\"https:\\\/\\\/www.facebook.com\\\/portalcentrourbano\",\"https:\\\/\\\/x.com\\\/CentroUrbano\",\"https:\\\/\\\/www.instagram.com\\\/centro_urbano\\\/\",\"https:\\\/\\\/www.linkedin.com\\\/company\\\/centro-urbano\\\/\",\"http:\\\/\\\/www.youtube.com\\\/user\\\/portalcentrourbano\"]},{\"@type\":\"Person\",\"@id\":\"https:\\\/\\\/centrourbano.com\\\/revista\\\/#\\\/schema\\\/person\\\/370fa0ba2d8dd5bde3fdb8b62ad360aa\",\"name\":\"G4A\",\"image\":{\"@type\":\"ImageObject\",\"inLanguage\":\"es\",\"@id\":\"https:\\\/\\\/secure.gravatar.com\\\/avatar\\\/932a97121b13d5de5bbd8193c6c83d3b92c9eda0f39623607d4280e7a5778d97?s=96&d=mm&r=g\",\"url\":\"https:\\\/\\\/secure.gravatar.com\\\/avatar\\\/932a97121b13d5de5bbd8193c6c83d3b92c9eda0f39623607d4280e7a5778d97?s=96&d=mm&r=g\",\"contentUrl\":\"https:\\\/\\\/secure.gravatar.com\\\/avatar\\\/932a97121b13d5de5bbd8193c6c83d3b92c9eda0f39623607d4280e7a5778d97?s=96&d=mm&r=g\",\"caption\":\"G4A\"},\"url\":\"https:\\\/\\\/centrourbano.com\\\/revista\\\/author\\\/admin-g4a\\\/\"}]}<\/script>\n<!-- \/ Yoast SEO plugin. -->","yoast_head_json":{"title":"Se implementar\u00e1 \u00cdndice de Prosperidad Urbana -","description":"&nbsp; El Infonavit y ONU-Habitat firmaron un convenio para medir el progreso de las ciudades en M\u00e9xico Durante el s\u00e9ptimo Foro Urbano Mundial, en","robots":{"index":"index","follow":"follow","max-snippet":"max-snippet:-1","max-image-preview":"max-image-preview:large","max-video-preview":"max-video-preview:-1"},"canonical":"https:\/\/centrourbano.com\/revista\/vivienda\/se-implementara-indice-de-prosperidad-urbana\/","og_locale":"es_ES","og_type":"article","og_title":"Se implementar\u00e1 \u00cdndice de Prosperidad Urbana -","og_description":"&nbsp; El Infonavit y ONU-Habitat firmaron un convenio para medir el progreso de las ciudades en M\u00e9xico Durante el s\u00e9ptimo Foro Urbano Mundial, en","og_url":"https:\/\/centrourbano.com\/revista\/vivienda\/se-implementara-indice-de-prosperidad-urbana\/","og_site_name":"Centro Urbano","article_publisher":"https:\/\/www.facebook.com\/portalcentrourbano","article_published_time":"2014-04-10T10:00:05+00:00","article_modified_time":"2014-04-11T15:11:09+00:00","og_image":[{"width":350,"height":91,"url":"https:\/\/centrourbano.com\/revista\/wp-content\/uploads\/CU-logo.png","type":"image\/png"}],"author":"G4A","twitter_card":"summary_large_image","twitter_creator":"@CentroUrbano","twitter_site":"@CentroUrbano","twitter_misc":{"Escrito por":"G4A","Tiempo de lectura":"1 minuto"},"schema":{"@context":"https:\/\/schema.org","@graph":[{"@type":"Article","@id":"https:\/\/centrourbano.com\/revista\/vivienda\/se-implementara-indice-de-prosperidad-urbana\/#article","isPartOf":{"@id":"https:\/\/centrourbano.com\/revista\/vivienda\/se-implementara-indice-de-prosperidad-urbana\/"},"author":{"name":"G4A","@id":"https:\/\/centrourbano.com\/revista\/#\/schema\/person\/370fa0ba2d8dd5bde3fdb8b62ad360aa"},"headline":"Se implementar\u00e1 \u00cdndice de Prosperidad Urbana","datePublished":"2014-04-10T10:00:05+00:00","dateModified":"2014-04-11T15:11:09+00:00","mainEntityOfPage":{"@id":"https:\/\/centrourbano.com\/revista\/vivienda\/se-implementara-indice-de-prosperidad-urbana\/"},"wordCount":286,"commentCount":0,"publisher":{"@id":"https:\/\/centrourbano.com\/revista\/#organization"},"articleSection":["Vivienda"],"inLanguage":"es"},{"@type":"WebPage","@id":"https:\/\/centrourbano.com\/revista\/vivienda\/se-implementara-indice-de-prosperidad-urbana\/","url":"https:\/\/centrourbano.com\/revista\/vivienda\/se-implementara-indice-de-prosperidad-urbana\/","name":"Se implementar\u00e1 \u00cdndice de Prosperidad Urbana -","isPartOf":{"@id":"https:\/\/centrourbano.com\/revista\/#website"},"datePublished":"2014-04-10T10:00:05+00:00","dateModified":"2014-04-11T15:11:09+00:00","description":"&nbsp; El Infonavit y ONU-Habitat firmaron un convenio para medir el progreso de las ciudades en M\u00e9xico Durante el s\u00e9ptimo Foro Urbano Mundial, en","breadcrumb":{"@id":"https:\/\/centrourbano.com\/revista\/vivienda\/se-implementara-indice-de-prosperidad-urbana\/#breadcrumb"},"inLanguage":"es","potentialAction":[{"@type":"ReadAction","target":["https:\/\/centrourbano.com\/revista\/vivienda\/se-implementara-indice-de-prosperidad-urbana\/"]}]},{"@type":"BreadcrumbList","@id":"https:\/\/centrourbano.com\/revista\/vivienda\/se-implementara-indice-de-prosperidad-urbana\/#breadcrumb","itemListElement":[{"@type":"ListItem","position":1,"name":"Portada","item":"https:\/\/centrourbano.com\/revista\/"},{"@type":"ListItem","position":2,"name":"Se implementar\u00e1 \u00cdndice de Prosperidad Urbana"}]},{"@type":"WebSite","@id":"https:\/\/centrourbano.com\/revista\/#website","url":"https:\/\/centrourbano.com\/revista\/","name":"Centro Urbano","description":"Medio especializado en los sectores vivienda, inmobiliario, construcci\u00f3n, arquitectura y urbanismo.","publisher":{"@id":"https:\/\/centrourbano.com\/revista\/#organization"},"potentialAction":[{"@type":"SearchAction","target":{"@type":"EntryPoint","urlTemplate":"https:\/\/centrourbano.com\/revista\/?s={search_term_string}"},"query-input":{"@type":"PropertyValueSpecification","valueRequired":true,"valueName":"search_term_string"}}],"inLanguage":"es"},{"@type":"Organization","@id":"https:\/\/centrourbano.com\/revista\/#organization","name":"Centro Urbano","url":"https:\/\/centrourbano.com\/revista\/","logo":{"@type":"ImageObject","inLanguage":"es","@id":"https:\/\/centrourbano.com\/revista\/#\/schema\/logo\/image\/","url":"https:\/\/centrourbano.com\/revista\/wp-content\/uploads\/web_CU_logo-1.png","contentUrl":"https:\/\/centrourbano.com\/revista\/wp-content\/uploads\/web_CU_logo-1.png","width":350,"height":91,"caption":"Centro Urbano"},"image":{"@id":"https:\/\/centrourbano.com\/revista\/#\/schema\/logo\/image\/"},"sameAs":["https:\/\/www.facebook.com\/portalcentrourbano","https:\/\/x.com\/CentroUrbano","https:\/\/www.instagram.com\/centro_urbano\/","https:\/\/www.linkedin.com\/company\/centro-urbano\/","http:\/\/www.youtube.com\/user\/portalcentrourbano"]},{"@type":"Person","@id":"https:\/\/centrourbano.com\/revista\/#\/schema\/person\/370fa0ba2d8dd5bde3fdb8b62ad360aa","name":"G4A","image":{"@type":"ImageObject","inLanguage":"es","@id":"https:\/\/secure.gravatar.com\/avatar\/932a97121b13d5de5bbd8193c6c83d3b92c9eda0f39623607d4280e7a5778d97?s=96&d=mm&r=g","url":"https:\/\/secure.gravatar.com\/avatar\/932a97121b13d5de5bbd8193c6c83d3b92c9eda0f39623607d4280e7a5778d97?s=96&d=mm&r=g","contentUrl":"https:\/\/secure.gravatar.com\/avatar\/932a97121b13d5de5bbd8193c6c83d3b92c9eda0f39623607d4280e7a5778d97?s=96&d=mm&r=g","caption":"G4A"},"url":"https:\/\/centrourbano.com\/revista\/author\/admin-g4a\/"}]}},"_links":{"self":[{"href":"https:\/\/centrourbano.com\/revista\/wp-json\/wp\/v2\/posts\/6094","targetHints":{"allow":["GET"]}}],"collection":[{"href":"https:\/\/centrourbano.com\/revista\/wp-json\/wp\/v2\/posts"}],"about":[{"href":"https:\/\/centrourbano.com\/revista\/wp-json\/wp\/v2\/types\/post"}],"author":[{"embeddable":true,"href":"https:\/\/centrourbano.com\/revista\/wp-json\/wp\/v2\/users\/77"}],"replies":[{"embeddable":true,"href":"https:\/\/centrourbano.com\/revista\/wp-json\/wp\/v2\/comments?post=6094"}],"version-history":[{"count":0,"href":"https:\/\/centrourbano.com\/revista\/wp-json\/wp\/v2\/posts\/6094\/revisions"}],"wp:attachment":[{"href":"https:\/\/centrourbano.com\/revista\/wp-json\/wp\/v2\/media?parent=6094"}],"wp:term":[{"taxonomy":"category","embeddable":true,"href":"https:\/\/centrourbano.com\/revista\/wp-json\/wp\/v2\/categories?post=6094"},{"taxonomy":"post_tag","embeddable":true,"href":"https:\/\/centrourbano.com\/revista\/wp-json\/wp\/v2\/tags?post=6094"}],"curies":[{"name":"wp","href":"https:\/\/api.w.org\/{rel}","templated":true}]}}