{"id":60834,"date":"2017-10-05T13:57:58","date_gmt":"2017-10-05T18:57:58","guid":{"rendered":"https:\/\/centrourbano.com\/?p=60834"},"modified":"2017-10-05T15:21:44","modified_gmt":"2017-10-05T20:21:44","slug":"profeco-vigila-precios-materiales-construccion","status":"publish","type":"post","link":"https:\/\/centrourbano.com\/revista\/construccion\/profeco-vigila-precios-materiales-construccion\/","title":{"rendered":"Profeco vigila precios en materiales de construcci\u00f3n"},"content":{"rendered":"<p><em>Sancionar\u00e1 el alza injustificada con multas de hasta 4 millones de pesos<\/em><\/p>\n<p><!--more--><\/p>\n<p>&nbsp;<\/p>\n<p>A trav\u00e9s de un censo solicitado por el Secretario de Econom\u00eda, <strong>Ildefonso Guajardo Villarreal<\/strong>, el Procurador Federal del Consumidor, <strong>Rogelio Cerda P\u00e9rez<\/strong>, dio instrucciones a las delegaciones de la <a href=\"https:\/\/www.gob.mx\/profeco\"><strong>Procuradur\u00eda Federal del Consumidor (Profeco)<\/strong><\/a>, para que realicen un monitoreo en los precios de material de construcci\u00f3n en las zonas afectadas por los sismos de septiembre.<\/p>\n<p>&nbsp;<\/p>\n<p>El censo se llevar\u00e1 a cabo con el fin de revisar que no hayan aumentado los costos en productos como cemento, grava, varilla, tabique, alambre, tuber\u00eda y cableado con base en un estudio previo realizado por la <strong>Subsecretaria de Comercio Interior<\/strong>.<\/p>\n<p>&nbsp;<\/p>\n<p>Desde el 29 de septiembre y hasta el pr\u00f3ximo 6 de octubre, delegados de la Subprocuradur\u00eda de Verificaci\u00f3n realizan recorridos en ferreter\u00edas y comercios de material para la construcci\u00f3n, con el objetivo de identificar y frenar abusos en los precios.<\/p>\n<p>&nbsp;<\/p>\n<p>La Profeco recaba evidencia fotogr\u00e1fica y de video para documentar los precios actuales en el mercado e identificar en el futuro aumentos injustificados.<\/p>\n<p>&nbsp;<\/p>\n<p>Asimismo Rogelio Cerda, advirti\u00f3 que en caso de identificarse irregularidades, las multas a proveedores y distribuidores por el encarecimiento irregular ser\u00e1n de hasta 4 millones de pesos.<\/p>\n<p>&nbsp;<\/p>\n<p>Por \u00faltimo, la Profeco puso a disposici\u00f3n los tel\u00e9fonos para recibir quejas y denuncias de este tipo; 55 68 87 22, en la Ciudad de M\u00e9xico y 01 800 468 8722, sin costo en el resto del pa\u00eds.<\/p>\n<p>&nbsp;<\/p>\n<p>&nbsp;<\/p>\n<p>&nbsp;<\/p>\n","protected":false},"excerpt":{"rendered":"<p>Sancionar\u00e1 el alza injustificada con multas de hasta 4 millones de pesos<\/p>\n","protected":false},"author":77,"featured_media":60839,"comment_status":"open","ping_status":"closed","sticky":false,"template":"","format":"standard","meta":{"inline_featured_image":false,"footnotes":""},"categories":[14],"tags":[11567,1811,11568,11569],"class_list":["post-60834","post","type-post","status-publish","format-standard","has-post-thumbnail","hentry","category-construccion","tag-ildefonso-guajardo-villarreal","tag-profeco","tag-rogelio-cerda-perez","tag-subsecretaria-de-comercio-interior"],"yoast_head":"<!-- This site is optimized with the Yoast SEO plugin v28.4 - https:\/\/yoast.com\/product\/yoast-seo-wordpress\/ -->\n<title>Profeco vigila precios en materiales de construcci\u00f3n -<\/title>\n<meta name=\"description\" content=\"Sancionar\u00e1 el alza injustificada con multas de hasta 4 millones de pesos\" \/>\n<meta name=\"robots\" content=\"index, follow, max-snippet:-1, max-image-preview:large, max-video-preview:-1\" \/>\n<link rel=\"canonical\" href=\"https:\/\/centrourbano.com\/revista\/construccion\/profeco-vigila-precios-materiales-construccion\/\" \/>\n<meta property=\"og:locale\" content=\"es_ES\" \/>\n<meta property=\"og:type\" content=\"article\" \/>\n<meta property=\"og:title\" content=\"Profeco vigila precios en materiales de construcci\u00f3n -\" \/>\n<meta property=\"og:description\" content=\"Sancionar\u00e1 el alza injustificada con multas de hasta 4 millones de pesos\" \/>\n<meta property=\"og:url\" content=\"https:\/\/centrourbano.com\/revista\/construccion\/profeco-vigila-precios-materiales-construccion\/\" \/>\n<meta property=\"og:site_name\" content=\"Centro Urbano\" \/>\n<meta property=\"article:publisher\" content=\"https:\/\/www.facebook.com\/portalcentrourbano\" \/>\n<meta property=\"article:published_time\" content=\"2017-10-05T18:57:58+00:00\" \/>\n<meta property=\"article:modified_time\" content=\"2017-10-05T20:21:44+00:00\" \/>\n<meta property=\"og:image\" content=\"https:\/\/centrourbano.com\/revista\/wp-content\/uploads\/cemento-construccion-concreto-e1486567717291-1.jpg\" \/>\n\t<meta property=\"og:image:width\" content=\"900\" \/>\n\t<meta property=\"og:image:height\" content=\"600\" \/>\n\t<meta property=\"og:image:type\" content=\"image\/jpeg\" \/>\n<meta name=\"author\" content=\"G4A\" \/>\n<meta name=\"twitter:card\" content=\"summary_large_image\" \/>\n<meta name=\"twitter:creator\" content=\"@CentroUrbano\" \/>\n<meta name=\"twitter:site\" content=\"@CentroUrbano\" \/>\n<meta name=\"twitter:label1\" content=\"Escrito por\" \/>\n\t<meta name=\"twitter:data1\" content=\"G4A\" \/>\n\t<meta name=\"twitter:label2\" content=\"Tiempo de lectura\" \/>\n\t<meta name=\"twitter:data2\" content=\"1 minuto\" \/>\n<script type=\"application\/ld+json\" class=\"yoast-schema-graph\">{\"@context\":\"https:\\\/\\\/schema.org\",\"@graph\":[{\"@type\":\"Article\",\"@id\":\"https:\\\/\\\/centrourbano.com\\\/revista\\\/construccion\\\/profeco-vigila-precios-materiales-construccion\\\/#article\",\"isPartOf\":{\"@id\":\"https:\\\/\\\/centrourbano.com\\\/revista\\\/construccion\\\/profeco-vigila-precios-materiales-construccion\\\/\"},\"author\":{\"name\":\"G4A\",\"@id\":\"https:\\\/\\\/centrourbano.com\\\/revista\\\/#\\\/schema\\\/person\\\/370fa0ba2d8dd5bde3fdb8b62ad360aa\"},\"headline\":\"Profeco vigila precios en materiales de construcci\u00f3n\",\"datePublished\":\"2017-10-05T18:57:58+00:00\",\"dateModified\":\"2017-10-05T20:21:44+00:00\",\"mainEntityOfPage\":{\"@id\":\"https:\\\/\\\/centrourbano.com\\\/revista\\\/construccion\\\/profeco-vigila-precios-materiales-construccion\\\/\"},\"wordCount\":258,\"commentCount\":0,\"publisher\":{\"@id\":\"https:\\\/\\\/centrourbano.com\\\/revista\\\/#organization\"},\"image\":{\"@id\":\"https:\\\/\\\/centrourbano.com\\\/revista\\\/construccion\\\/profeco-vigila-precios-materiales-construccion\\\/#primaryimage\"},\"thumbnailUrl\":\"https:\\\/\\\/centrourbano.com\\\/revista\\\/wp-content\\\/uploads\\\/cemento-construccion-concreto-e1486567717291-1.jpg\",\"keywords\":[\"Ildefonso Guajardo Villarreal\",\"Profeco\",\"Rogelio Cerda P\u00e9rez\",\"Subsecretar\u00eda de Comercio Interior\"],\"articleSection\":[\"Construcci\u00f3n\"],\"inLanguage\":\"es\"},{\"@type\":\"WebPage\",\"@id\":\"https:\\\/\\\/centrourbano.com\\\/revista\\\/construccion\\\/profeco-vigila-precios-materiales-construccion\\\/\",\"url\":\"https:\\\/\\\/centrourbano.com\\\/revista\\\/construccion\\\/profeco-vigila-precios-materiales-construccion\\\/\",\"name\":\"Profeco vigila precios en materiales de construcci\u00f3n -\",\"isPartOf\":{\"@id\":\"https:\\\/\\\/centrourbano.com\\\/revista\\\/#website\"},\"primaryImageOfPage\":{\"@id\":\"https:\\\/\\\/centrourbano.com\\\/revista\\\/construccion\\\/profeco-vigila-precios-materiales-construccion\\\/#primaryimage\"},\"image\":{\"@id\":\"https:\\\/\\\/centrourbano.com\\\/revista\\\/construccion\\\/profeco-vigila-precios-materiales-construccion\\\/#primaryimage\"},\"thumbnailUrl\":\"https:\\\/\\\/centrourbano.com\\\/revista\\\/wp-content\\\/uploads\\\/cemento-construccion-concreto-e1486567717291-1.jpg\",\"datePublished\":\"2017-10-05T18:57:58+00:00\",\"dateModified\":\"2017-10-05T20:21:44+00:00\",\"description\":\"Sancionar\u00e1 el alza injustificada con multas de hasta 4 millones de pesos\",\"breadcrumb\":{\"@id\":\"https:\\\/\\\/centrourbano.com\\\/revista\\\/construccion\\\/profeco-vigila-precios-materiales-construccion\\\/#breadcrumb\"},\"inLanguage\":\"es\",\"potentialAction\":[{\"@type\":\"ReadAction\",\"target\":[\"https:\\\/\\\/centrourbano.com\\\/revista\\\/construccion\\\/profeco-vigila-precios-materiales-construccion\\\/\"]}]},{\"@type\":\"ImageObject\",\"inLanguage\":\"es\",\"@id\":\"https:\\\/\\\/centrourbano.com\\\/revista\\\/construccion\\\/profeco-vigila-precios-materiales-construccion\\\/#primaryimage\",\"url\":\"https:\\\/\\\/centrourbano.com\\\/revista\\\/wp-content\\\/uploads\\\/cemento-construccion-concreto-e1486567717291-1.jpg\",\"contentUrl\":\"https:\\\/\\\/centrourbano.com\\\/revista\\\/wp-content\\\/uploads\\\/cemento-construccion-concreto-e1486567717291-1.jpg\",\"width\":900,\"height\":600},{\"@type\":\"BreadcrumbList\",\"@id\":\"https:\\\/\\\/centrourbano.com\\\/revista\\\/construccion\\\/profeco-vigila-precios-materiales-construccion\\\/#breadcrumb\",\"itemListElement\":[{\"@type\":\"ListItem\",\"position\":1,\"name\":\"Portada\",\"item\":\"https:\\\/\\\/centrourbano.com\\\/revista\\\/\"},{\"@type\":\"ListItem\",\"position\":2,\"name\":\"Profeco vigila precios en materiales de construcci\u00f3n\"}]},{\"@type\":\"WebSite\",\"@id\":\"https:\\\/\\\/centrourbano.com\\\/revista\\\/#website\",\"url\":\"https:\\\/\\\/centrourbano.com\\\/revista\\\/\",\"name\":\"Centro Urbano\",\"description\":\"Medio especializado en los sectores vivienda, inmobiliario, construcci\u00f3n, arquitectura y urbanismo.\",\"publisher\":{\"@id\":\"https:\\\/\\\/centrourbano.com\\\/revista\\\/#organization\"},\"potentialAction\":[{\"@type\":\"SearchAction\",\"target\":{\"@type\":\"EntryPoint\",\"urlTemplate\":\"https:\\\/\\\/centrourbano.com\\\/revista\\\/?s={search_term_string}\"},\"query-input\":{\"@type\":\"PropertyValueSpecification\",\"valueRequired\":true,\"valueName\":\"search_term_string\"}}],\"inLanguage\":\"es\"},{\"@type\":\"Organization\",\"@id\":\"https:\\\/\\\/centrourbano.com\\\/revista\\\/#organization\",\"name\":\"Centro Urbano\",\"url\":\"https:\\\/\\\/centrourbano.com\\\/revista\\\/\",\"logo\":{\"@type\":\"ImageObject\",\"inLanguage\":\"es\",\"@id\":\"https:\\\/\\\/centrourbano.com\\\/revista\\\/#\\\/schema\\\/logo\\\/image\\\/\",\"url\":\"https:\\\/\\\/centrourbano.com\\\/revista\\\/wp-content\\\/uploads\\\/web_CU_logo-1.png\",\"contentUrl\":\"https:\\\/\\\/centrourbano.com\\\/revista\\\/wp-content\\\/uploads\\\/web_CU_logo-1.png\",\"width\":350,\"height\":91,\"caption\":\"Centro Urbano\"},\"image\":{\"@id\":\"https:\\\/\\\/centrourbano.com\\\/revista\\\/#\\\/schema\\\/logo\\\/image\\\/\"},\"sameAs\":[\"https:\\\/\\\/www.facebook.com\\\/portalcentrourbano\",\"https:\\\/\\\/x.com\\\/CentroUrbano\",\"https:\\\/\\\/www.instagram.com\\\/centro_urbano\\\/\",\"https:\\\/\\\/www.linkedin.com\\\/company\\\/centro-urbano\\\/\",\"http:\\\/\\\/www.youtube.com\\\/user\\\/portalcentrourbano\"]},{\"@type\":\"Person\",\"@id\":\"https:\\\/\\\/centrourbano.com\\\/revista\\\/#\\\/schema\\\/person\\\/370fa0ba2d8dd5bde3fdb8b62ad360aa\",\"name\":\"G4A\",\"image\":{\"@type\":\"ImageObject\",\"inLanguage\":\"es\",\"@id\":\"https:\\\/\\\/secure.gravatar.com\\\/avatar\\\/932a97121b13d5de5bbd8193c6c83d3b92c9eda0f39623607d4280e7a5778d97?s=96&d=mm&r=g\",\"url\":\"https:\\\/\\\/secure.gravatar.com\\\/avatar\\\/932a97121b13d5de5bbd8193c6c83d3b92c9eda0f39623607d4280e7a5778d97?s=96&d=mm&r=g\",\"contentUrl\":\"https:\\\/\\\/secure.gravatar.com\\\/avatar\\\/932a97121b13d5de5bbd8193c6c83d3b92c9eda0f39623607d4280e7a5778d97?s=96&d=mm&r=g\",\"caption\":\"G4A\"},\"url\":\"https:\\\/\\\/centrourbano.com\\\/revista\\\/author\\\/admin-g4a\\\/\"}]}<\/script>\n<!-- \/ Yoast SEO plugin. -->","yoast_head_json":{"title":"Profeco vigila precios en materiales de construcci\u00f3n -","description":"Sancionar\u00e1 el alza injustificada con multas de hasta 4 millones de pesos","robots":{"index":"index","follow":"follow","max-snippet":"max-snippet:-1","max-image-preview":"max-image-preview:large","max-video-preview":"max-video-preview:-1"},"canonical":"https:\/\/centrourbano.com\/revista\/construccion\/profeco-vigila-precios-materiales-construccion\/","og_locale":"es_ES","og_type":"article","og_title":"Profeco vigila precios en materiales de construcci\u00f3n -","og_description":"Sancionar\u00e1 el alza injustificada con multas de hasta 4 millones de pesos","og_url":"https:\/\/centrourbano.com\/revista\/construccion\/profeco-vigila-precios-materiales-construccion\/","og_site_name":"Centro Urbano","article_publisher":"https:\/\/www.facebook.com\/portalcentrourbano","article_published_time":"2017-10-05T18:57:58+00:00","article_modified_time":"2017-10-05T20:21:44+00:00","og_image":[{"width":900,"height":600,"url":"https:\/\/centrourbano.com\/revista\/wp-content\/uploads\/cemento-construccion-concreto-e1486567717291-1.jpg","type":"image\/jpeg"}],"author":"G4A","twitter_card":"summary_large_image","twitter_creator":"@CentroUrbano","twitter_site":"@CentroUrbano","twitter_misc":{"Escrito por":"G4A","Tiempo de lectura":"1 minuto"},"schema":{"@context":"https:\/\/schema.org","@graph":[{"@type":"Article","@id":"https:\/\/centrourbano.com\/revista\/construccion\/profeco-vigila-precios-materiales-construccion\/#article","isPartOf":{"@id":"https:\/\/centrourbano.com\/revista\/construccion\/profeco-vigila-precios-materiales-construccion\/"},"author":{"name":"G4A","@id":"https:\/\/centrourbano.com\/revista\/#\/schema\/person\/370fa0ba2d8dd5bde3fdb8b62ad360aa"},"headline":"Profeco vigila precios en materiales de construcci\u00f3n","datePublished":"2017-10-05T18:57:58+00:00","dateModified":"2017-10-05T20:21:44+00:00","mainEntityOfPage":{"@id":"https:\/\/centrourbano.com\/revista\/construccion\/profeco-vigila-precios-materiales-construccion\/"},"wordCount":258,"commentCount":0,"publisher":{"@id":"https:\/\/centrourbano.com\/revista\/#organization"},"image":{"@id":"https:\/\/centrourbano.com\/revista\/construccion\/profeco-vigila-precios-materiales-construccion\/#primaryimage"},"thumbnailUrl":"https:\/\/centrourbano.com\/revista\/wp-content\/uploads\/cemento-construccion-concreto-e1486567717291-1.jpg","keywords":["Ildefonso Guajardo Villarreal","Profeco","Rogelio Cerda P\u00e9rez","Subsecretar\u00eda de Comercio Interior"],"articleSection":["Construcci\u00f3n"],"inLanguage":"es"},{"@type":"WebPage","@id":"https:\/\/centrourbano.com\/revista\/construccion\/profeco-vigila-precios-materiales-construccion\/","url":"https:\/\/centrourbano.com\/revista\/construccion\/profeco-vigila-precios-materiales-construccion\/","name":"Profeco vigila precios en materiales de construcci\u00f3n -","isPartOf":{"@id":"https:\/\/centrourbano.com\/revista\/#website"},"primaryImageOfPage":{"@id":"https:\/\/centrourbano.com\/revista\/construccion\/profeco-vigila-precios-materiales-construccion\/#primaryimage"},"image":{"@id":"https:\/\/centrourbano.com\/revista\/construccion\/profeco-vigila-precios-materiales-construccion\/#primaryimage"},"thumbnailUrl":"https:\/\/centrourbano.com\/revista\/wp-content\/uploads\/cemento-construccion-concreto-e1486567717291-1.jpg","datePublished":"2017-10-05T18:57:58+00:00","dateModified":"2017-10-05T20:21:44+00:00","description":"Sancionar\u00e1 el alza injustificada con multas de hasta 4 millones de pesos","breadcrumb":{"@id":"https:\/\/centrourbano.com\/revista\/construccion\/profeco-vigila-precios-materiales-construccion\/#breadcrumb"},"inLanguage":"es","potentialAction":[{"@type":"ReadAction","target":["https:\/\/centrourbano.com\/revista\/construccion\/profeco-vigila-precios-materiales-construccion\/"]}]},{"@type":"ImageObject","inLanguage":"es","@id":"https:\/\/centrourbano.com\/revista\/construccion\/profeco-vigila-precios-materiales-construccion\/#primaryimage","url":"https:\/\/centrourbano.com\/revista\/wp-content\/uploads\/cemento-construccion-concreto-e1486567717291-1.jpg","contentUrl":"https:\/\/centrourbano.com\/revista\/wp-content\/uploads\/cemento-construccion-concreto-e1486567717291-1.jpg","width":900,"height":600},{"@type":"BreadcrumbList","@id":"https:\/\/centrourbano.com\/revista\/construccion\/profeco-vigila-precios-materiales-construccion\/#breadcrumb","itemListElement":[{"@type":"ListItem","position":1,"name":"Portada","item":"https:\/\/centrourbano.com\/revista\/"},{"@type":"ListItem","position":2,"name":"Profeco vigila precios en materiales de construcci\u00f3n"}]},{"@type":"WebSite","@id":"https:\/\/centrourbano.com\/revista\/#website","url":"https:\/\/centrourbano.com\/revista\/","name":"Centro Urbano","description":"Medio especializado en los sectores vivienda, inmobiliario, construcci\u00f3n, arquitectura y urbanismo.","publisher":{"@id":"https:\/\/centrourbano.com\/revista\/#organization"},"potentialAction":[{"@type":"SearchAction","target":{"@type":"EntryPoint","urlTemplate":"https:\/\/centrourbano.com\/revista\/?s={search_term_string}"},"query-input":{"@type":"PropertyValueSpecification","valueRequired":true,"valueName":"search_term_string"}}],"inLanguage":"es"},{"@type":"Organization","@id":"https:\/\/centrourbano.com\/revista\/#organization","name":"Centro Urbano","url":"https:\/\/centrourbano.com\/revista\/","logo":{"@type":"ImageObject","inLanguage":"es","@id":"https:\/\/centrourbano.com\/revista\/#\/schema\/logo\/image\/","url":"https:\/\/centrourbano.com\/revista\/wp-content\/uploads\/web_CU_logo-1.png","contentUrl":"https:\/\/centrourbano.com\/revista\/wp-content\/uploads\/web_CU_logo-1.png","width":350,"height":91,"caption":"Centro Urbano"},"image":{"@id":"https:\/\/centrourbano.com\/revista\/#\/schema\/logo\/image\/"},"sameAs":["https:\/\/www.facebook.com\/portalcentrourbano","https:\/\/x.com\/CentroUrbano","https:\/\/www.instagram.com\/centro_urbano\/","https:\/\/www.linkedin.com\/company\/centro-urbano\/","http:\/\/www.youtube.com\/user\/portalcentrourbano"]},{"@type":"Person","@id":"https:\/\/centrourbano.com\/revista\/#\/schema\/person\/370fa0ba2d8dd5bde3fdb8b62ad360aa","name":"G4A","image":{"@type":"ImageObject","inLanguage":"es","@id":"https:\/\/secure.gravatar.com\/avatar\/932a97121b13d5de5bbd8193c6c83d3b92c9eda0f39623607d4280e7a5778d97?s=96&d=mm&r=g","url":"https:\/\/secure.gravatar.com\/avatar\/932a97121b13d5de5bbd8193c6c83d3b92c9eda0f39623607d4280e7a5778d97?s=96&d=mm&r=g","contentUrl":"https:\/\/secure.gravatar.com\/avatar\/932a97121b13d5de5bbd8193c6c83d3b92c9eda0f39623607d4280e7a5778d97?s=96&d=mm&r=g","caption":"G4A"},"url":"https:\/\/centrourbano.com\/revista\/author\/admin-g4a\/"}]}},"_links":{"self":[{"href":"https:\/\/centrourbano.com\/revista\/wp-json\/wp\/v2\/posts\/60834","targetHints":{"allow":["GET"]}}],"collection":[{"href":"https:\/\/centrourbano.com\/revista\/wp-json\/wp\/v2\/posts"}],"about":[{"href":"https:\/\/centrourbano.com\/revista\/wp-json\/wp\/v2\/types\/post"}],"author":[{"embeddable":true,"href":"https:\/\/centrourbano.com\/revista\/wp-json\/wp\/v2\/users\/77"}],"replies":[{"embeddable":true,"href":"https:\/\/centrourbano.com\/revista\/wp-json\/wp\/v2\/comments?post=60834"}],"version-history":[{"count":0,"href":"https:\/\/centrourbano.com\/revista\/wp-json\/wp\/v2\/posts\/60834\/revisions"}],"wp:featuredmedia":[{"embeddable":true,"href":"https:\/\/centrourbano.com\/revista\/wp-json\/wp\/v2\/media\/60839"}],"wp:attachment":[{"href":"https:\/\/centrourbano.com\/revista\/wp-json\/wp\/v2\/media?parent=60834"}],"wp:term":[{"taxonomy":"category","embeddable":true,"href":"https:\/\/centrourbano.com\/revista\/wp-json\/wp\/v2\/categories?post=60834"},{"taxonomy":"post_tag","embeddable":true,"href":"https:\/\/centrourbano.com\/revista\/wp-json\/wp\/v2\/tags?post=60834"}],"curies":[{"name":"wp","href":"https:\/\/api.w.org\/{rel}","templated":true}]}}