{"id":60321,"date":"2017-09-26T16:53:57","date_gmt":"2017-09-26T21:53:57","guid":{"rendered":"https:\/\/centrourbano.com\/?p=60321"},"modified":"2017-09-26T16:57:28","modified_gmt":"2017-09-26T21:57:28","slug":"inicia-construccion-de-hotel-conceptual-click-clack-en-manzanillo","status":"publish","type":"post","link":"https:\/\/centrourbano.com\/revista\/inmobiliario\/inicia-construccion-de-hotel-conceptual-click-clack-en-manzanillo\/","title":{"rendered":"Inicia construcci\u00f3n de Hotel Conceptual &#8216;Click Clack&#8217; en Manzanillo"},"content":{"rendered":"<p><em>El Gobernador de la entidad resalt\u00f3 que las inversiones nuevas en un sector tan din\u00e1mico como el tur\u00edstico<\/em><!--more--><\/p>\n<p>Dieron inicio las labores de construcci\u00f3n\u00a0del Hotel Conceptual \u201cClick Clack\u201d, en el municipio de Manzanillo, en Colima, obra que fortalecer\u00e1 e incrementar\u00e1\u00a0el nivel de competitividad tur\u00edstica en el plano nacional e internacional.<\/p>\n<p>La obra que se ubicar\u00e1 en Las Brisas, contar\u00e1 con 100 habitaciones (cada una con un concepto) y generar\u00e1 una alternativa m\u00e1s para fortalecer ese sector, que debe ser el verdadero motor de la econom\u00eda; adem\u00e1s, expres\u00f3 que es motivo de alegr\u00eda que se registren inversiones nuevas en un sector tan din\u00e1mico como el tur\u00edstico; adem\u00e1s, el hotel ser\u00e1 construido con tecnolog\u00eda de punta.<\/p>\n<p>As\u00ed lo inform\u00f3\u00a0el gobernador Jos\u00e9 Ignacio Peralta S\u00e1nchez al dar\u00a0el banderazo de inicio de los trabajos, acompa\u00f1ado por el secretario de Turismo, C\u00e9sar Casta\u00f1eda V\u00e1zquez del Mercado, la presidenta municipal, Gabriela Benavides Cobos y el representante de Excellent Groups, Carlos Fres\u00e1n Hern\u00e1ndez.<\/p>\n<p>Durante el evento, el mandatario estatal record\u00f3 que desde finales de los a\u00f1os 90\u2019s no hab\u00eda inversiones significativas, por lo que ponder\u00f3 que se vuelva a reactivar el sector tur\u00edstico, el cual enfatiz\u00f3, es una gran apuesta de su administraci\u00f3n, ya que desea que al concluir su mandato, sea un sector vigorizado.<\/p>\n<p>Por su parte, el secretario de Turismo, C\u00e9sar Casta\u00f1eda V\u00e1zquez del Mercado, destac\u00f3 la importancia de que despu\u00e9s de algunos a\u00f1os, Manzanillo vuelva a ser parte del crecimiento hotelero que se est\u00e1 dando a nivel nacional.<\/p>\n<p>En ese sentido, dijo que en el puerto poco a poco arranca ese c\u00edrculo virtuoso con mayor oferta tur\u00edstica, lo que lo vuelve un destino m\u00e1s interesante, sobre todo en ese nuevo corredor que es el de Las Brisas, al que el nuevo hotel le dar\u00e1 un atractivo importante.<\/p>\n<p>Adelant\u00f3 que ser\u00e1 un hotel ic\u00f3nico con un concepto diferente, ya que presentar\u00e1 las diversas tendencias de la moda nacional e internacional en cada una de sus \u00e1reas compuestas por zonas comunes, bar, restaurante-caf\u00e9 y sal\u00f3n de eventos.<\/p>\n","protected":false},"excerpt":{"rendered":"<p>El Gobernador de la entidad resalt\u00f3 que las inversiones nuevas en un sector tan din\u00e1mico como el tur\u00edstico<\/p>\n","protected":false},"author":9,"featured_media":60323,"comment_status":"open","ping_status":"closed","sticky":false,"template":"","format":"standard","meta":{"om_disable_all_campaigns":false,"inline_featured_image":false,"_monsterinsights_skip_tracking":false,"_monsterinsights_sitenote_active":false,"_monsterinsights_sitenote_note":"","_monsterinsights_sitenote_category":0,"footnotes":""},"categories":[15],"tags":[969,47,11441,970,54],"class_list":["post-60321","post","type-post","status-publish","format-standard","has-post-thumbnail","hentry","category-inmobiliario","tag-colima","tag-hotel","tag-hotel-conceptual","tag-manzanillo","tag-turismo"],"yoast_head":"<!-- This site is optimized with the Yoast SEO plugin v27.4 - https:\/\/yoast.com\/product\/yoast-seo-wordpress\/ -->\n<title>Inicia construcci\u00f3n de Hotel Conceptual &#039;Click Clack&#039; en Manzanillo<\/title>\n<meta name=\"description\" content=\"El Gobernador de la entidad resalt\u00f3 que las inversiones nuevas en un sector tan din\u00e1mico como el tur\u00edstico\" \/>\n<meta name=\"robots\" content=\"index, follow, max-snippet:-1, max-image-preview:large, max-video-preview:-1\" \/>\n<link rel=\"canonical\" href=\"https:\/\/centrourbano.com\/revista\/inmobiliario\/inicia-construccion-de-hotel-conceptual-click-clack-en-manzanillo\/\" \/>\n<meta property=\"og:locale\" content=\"es_ES\" \/>\n<meta property=\"og:type\" content=\"article\" \/>\n<meta property=\"og:title\" content=\"Inicia construcci\u00f3n de Hotel Conceptual &#039;Click Clack&#039; en Manzanillo\" \/>\n<meta property=\"og:description\" content=\"El Gobernador de la entidad resalt\u00f3 que las inversiones nuevas en un sector tan din\u00e1mico como el tur\u00edstico\" \/>\n<meta property=\"og:url\" content=\"https:\/\/centrourbano.com\/revista\/inmobiliario\/inicia-construccion-de-hotel-conceptual-click-clack-en-manzanillo\/\" \/>\n<meta property=\"og:site_name\" content=\"Centro Urbano\" \/>\n<meta property=\"article:publisher\" content=\"https:\/\/www.facebook.com\/portalcentrourbano\" \/>\n<meta property=\"article:published_time\" content=\"2017-09-26T21:53:57+00:00\" \/>\n<meta property=\"article:modified_time\" content=\"2017-09-26T21:57:28+00:00\" \/>\n<meta property=\"og:image\" content=\"https:\/\/centrourbano.com\/revista\/wp-content\/uploads\/JIPS-3.jpeg\" \/>\n\t<meta property=\"og:image:width\" content=\"640\" \/>\n\t<meta property=\"og:image:height\" content=\"427\" \/>\n\t<meta property=\"og:image:type\" content=\"image\/jpeg\" \/>\n<meta name=\"author\" content=\"Dinorah Nava\" \/>\n<meta name=\"twitter:card\" content=\"summary_large_image\" \/>\n<meta name=\"twitter:creator\" content=\"@https:\/\/twitter.com\/Dinorah_Nava28\" \/>\n<meta name=\"twitter:site\" content=\"@CentroUrbano\" \/>\n<meta name=\"twitter:label1\" content=\"Escrito por\" \/>\n\t<meta name=\"twitter:data1\" content=\"Dinorah Nava\" \/>\n\t<meta name=\"twitter:label2\" content=\"Tiempo de lectura\" \/>\n\t<meta name=\"twitter:data2\" content=\"2 minutos\" \/>\n<script type=\"application\/ld+json\" class=\"yoast-schema-graph\">{\"@context\":\"https:\\\/\\\/schema.org\",\"@graph\":[{\"@type\":\"Article\",\"@id\":\"https:\\\/\\\/centrourbano.com\\\/revista\\\/inmobiliario\\\/inicia-construccion-de-hotel-conceptual-click-clack-en-manzanillo\\\/#article\",\"isPartOf\":{\"@id\":\"https:\\\/\\\/centrourbano.com\\\/revista\\\/inmobiliario\\\/inicia-construccion-de-hotel-conceptual-click-clack-en-manzanillo\\\/\"},\"author\":{\"name\":\"Dinorah Nava\",\"@id\":\"https:\\\/\\\/centrourbano.com\\\/revista\\\/#\\\/schema\\\/person\\\/b45db815d96831257ba428a3d5a5fbdc\"},\"headline\":\"Inicia construcci\u00f3n de Hotel Conceptual &#8216;Click Clack&#8217; en Manzanillo\",\"datePublished\":\"2017-09-26T21:53:57+00:00\",\"dateModified\":\"2017-09-26T21:57:28+00:00\",\"mainEntityOfPage\":{\"@id\":\"https:\\\/\\\/centrourbano.com\\\/revista\\\/inmobiliario\\\/inicia-construccion-de-hotel-conceptual-click-clack-en-manzanillo\\\/\"},\"wordCount\":377,\"commentCount\":0,\"publisher\":{\"@id\":\"https:\\\/\\\/centrourbano.com\\\/revista\\\/#organization\"},\"image\":{\"@id\":\"https:\\\/\\\/centrourbano.com\\\/revista\\\/inmobiliario\\\/inicia-construccion-de-hotel-conceptual-click-clack-en-manzanillo\\\/#primaryimage\"},\"thumbnailUrl\":\"https:\\\/\\\/centrourbano.com\\\/revista\\\/wp-content\\\/uploads\\\/JIPS-3.jpeg\",\"keywords\":[\"colima\",\"hotel\",\"Hotel Conceptual\",\"manzanillo\",\"turismo\"],\"articleSection\":[\"Inmobiliario\"],\"inLanguage\":\"es\",\"potentialAction\":[{\"@type\":\"CommentAction\",\"name\":\"Comment\",\"target\":[\"https:\\\/\\\/centrourbano.com\\\/revista\\\/inmobiliario\\\/inicia-construccion-de-hotel-conceptual-click-clack-en-manzanillo\\\/#respond\"]}]},{\"@type\":\"WebPage\",\"@id\":\"https:\\\/\\\/centrourbano.com\\\/revista\\\/inmobiliario\\\/inicia-construccion-de-hotel-conceptual-click-clack-en-manzanillo\\\/\",\"url\":\"https:\\\/\\\/centrourbano.com\\\/revista\\\/inmobiliario\\\/inicia-construccion-de-hotel-conceptual-click-clack-en-manzanillo\\\/\",\"name\":\"Inicia construcci\u00f3n de Hotel Conceptual 'Click Clack' en Manzanillo\",\"isPartOf\":{\"@id\":\"https:\\\/\\\/centrourbano.com\\\/revista\\\/#website\"},\"primaryImageOfPage\":{\"@id\":\"https:\\\/\\\/centrourbano.com\\\/revista\\\/inmobiliario\\\/inicia-construccion-de-hotel-conceptual-click-clack-en-manzanillo\\\/#primaryimage\"},\"image\":{\"@id\":\"https:\\\/\\\/centrourbano.com\\\/revista\\\/inmobiliario\\\/inicia-construccion-de-hotel-conceptual-click-clack-en-manzanillo\\\/#primaryimage\"},\"thumbnailUrl\":\"https:\\\/\\\/centrourbano.com\\\/revista\\\/wp-content\\\/uploads\\\/JIPS-3.jpeg\",\"datePublished\":\"2017-09-26T21:53:57+00:00\",\"dateModified\":\"2017-09-26T21:57:28+00:00\",\"description\":\"El Gobernador de la entidad resalt\u00f3 que las inversiones nuevas en un sector tan din\u00e1mico como el tur\u00edstico\",\"breadcrumb\":{\"@id\":\"https:\\\/\\\/centrourbano.com\\\/revista\\\/inmobiliario\\\/inicia-construccion-de-hotel-conceptual-click-clack-en-manzanillo\\\/#breadcrumb\"},\"inLanguage\":\"es\",\"potentialAction\":[{\"@type\":\"ReadAction\",\"target\":[\"https:\\\/\\\/centrourbano.com\\\/revista\\\/inmobiliario\\\/inicia-construccion-de-hotel-conceptual-click-clack-en-manzanillo\\\/\"]}]},{\"@type\":\"ImageObject\",\"inLanguage\":\"es\",\"@id\":\"https:\\\/\\\/centrourbano.com\\\/revista\\\/inmobiliario\\\/inicia-construccion-de-hotel-conceptual-click-clack-en-manzanillo\\\/#primaryimage\",\"url\":\"https:\\\/\\\/centrourbano.com\\\/revista\\\/wp-content\\\/uploads\\\/JIPS-3.jpeg\",\"contentUrl\":\"https:\\\/\\\/centrourbano.com\\\/revista\\\/wp-content\\\/uploads\\\/JIPS-3.jpeg\",\"width\":640,\"height\":427,\"caption\":\"El Gobernador de la entidad resalt\u00f3 que las inversiones nuevas en un sector tan din\u00e1mico como el tur\u00edstico\"},{\"@type\":\"BreadcrumbList\",\"@id\":\"https:\\\/\\\/centrourbano.com\\\/revista\\\/inmobiliario\\\/inicia-construccion-de-hotel-conceptual-click-clack-en-manzanillo\\\/#breadcrumb\",\"itemListElement\":[{\"@type\":\"ListItem\",\"position\":1,\"name\":\"Portada\",\"item\":\"https:\\\/\\\/centrourbano.com\\\/revista\\\/\"},{\"@type\":\"ListItem\",\"position\":2,\"name\":\"Inicia construcci\u00f3n de Hotel Conceptual &#8216;Click Clack&#8217; en Manzanillo\"}]},{\"@type\":\"WebSite\",\"@id\":\"https:\\\/\\\/centrourbano.com\\\/revista\\\/#website\",\"url\":\"https:\\\/\\\/centrourbano.com\\\/revista\\\/\",\"name\":\"Centro Urbano\",\"description\":\"Medio especializado en los sectores vivienda, inmobiliario, construcci\u00f3n, arquitectura y urbanismo.\",\"publisher\":{\"@id\":\"https:\\\/\\\/centrourbano.com\\\/revista\\\/#organization\"},\"potentialAction\":[{\"@type\":\"SearchAction\",\"target\":{\"@type\":\"EntryPoint\",\"urlTemplate\":\"https:\\\/\\\/centrourbano.com\\\/revista\\\/?s={search_term_string}\"},\"query-input\":{\"@type\":\"PropertyValueSpecification\",\"valueRequired\":true,\"valueName\":\"search_term_string\"}}],\"inLanguage\":\"es\"},{\"@type\":\"Organization\",\"@id\":\"https:\\\/\\\/centrourbano.com\\\/revista\\\/#organization\",\"name\":\"Centro Urbano\",\"url\":\"https:\\\/\\\/centrourbano.com\\\/revista\\\/\",\"logo\":{\"@type\":\"ImageObject\",\"inLanguage\":\"es\",\"@id\":\"https:\\\/\\\/centrourbano.com\\\/revista\\\/#\\\/schema\\\/logo\\\/image\\\/\",\"url\":\"https:\\\/\\\/centrourbano.com\\\/revista\\\/wp-content\\\/uploads\\\/web_CU_logo-1.png\",\"contentUrl\":\"https:\\\/\\\/centrourbano.com\\\/revista\\\/wp-content\\\/uploads\\\/web_CU_logo-1.png\",\"width\":350,\"height\":91,\"caption\":\"Centro Urbano\"},\"image\":{\"@id\":\"https:\\\/\\\/centrourbano.com\\\/revista\\\/#\\\/schema\\\/logo\\\/image\\\/\"},\"sameAs\":[\"https:\\\/\\\/www.facebook.com\\\/portalcentrourbano\",\"https:\\\/\\\/x.com\\\/CentroUrbano\",\"https:\\\/\\\/www.instagram.com\\\/centro_urbano\\\/\",\"https:\\\/\\\/www.linkedin.com\\\/company\\\/centro-urbano\\\/\",\"http:\\\/\\\/www.youtube.com\\\/user\\\/portalcentrourbano\"]},{\"@type\":\"Person\",\"@id\":\"https:\\\/\\\/centrourbano.com\\\/revista\\\/#\\\/schema\\\/person\\\/b45db815d96831257ba428a3d5a5fbdc\",\"name\":\"Dinorah Nava\",\"image\":{\"@type\":\"ImageObject\",\"inLanguage\":\"es\",\"@id\":\"https:\\\/\\\/secure.gravatar.com\\\/avatar\\\/f6ca6430c51d147f363940f84e1225aa4b8183885c11802cc3b042305a4ecc1a?s=96&d=mm&r=g\",\"url\":\"https:\\\/\\\/secure.gravatar.com\\\/avatar\\\/f6ca6430c51d147f363940f84e1225aa4b8183885c11802cc3b042305a4ecc1a?s=96&d=mm&r=g\",\"contentUrl\":\"https:\\\/\\\/secure.gravatar.com\\\/avatar\\\/f6ca6430c51d147f363940f84e1225aa4b8183885c11802cc3b042305a4ecc1a?s=96&d=mm&r=g\",\"caption\":\"Dinorah Nava\"},\"description\":\"Editora de Contenidos y Estrategias Digitales en Centro Urbano y Coeditora en Peri\u00f3dico Mi Casa. Egresada de la licenciatura en Comunicaci\u00f3n y Periodismo de la Facultad de Estudios Superiores Arag\u00f3n (UNAM). Amante de la edici\u00f3n y correcci\u00f3n de estilo, las redes sociales y el mundo digital. Especialista en temas son arquitectura, inmobiliario y urbanismo.\",\"sameAs\":[\"linkedin.com\\\/in\\\/dinorah-nava\",\"https:\\\/\\\/x.com\\\/https:\\\/\\\/twitter.com\\\/Dinorah_Nava28\"],\"url\":\"https:\\\/\\\/centrourbano.com\\\/revista\\\/author\\\/dinorah-nava\\\/\"}]}<\/script>\n<!-- \/ Yoast SEO plugin. -->","yoast_head_json":{"title":"Inicia construcci\u00f3n de Hotel Conceptual 'Click Clack' en Manzanillo","description":"El Gobernador de la entidad resalt\u00f3 que las inversiones nuevas en un sector tan din\u00e1mico como el tur\u00edstico","robots":{"index":"index","follow":"follow","max-snippet":"max-snippet:-1","max-image-preview":"max-image-preview:large","max-video-preview":"max-video-preview:-1"},"canonical":"https:\/\/centrourbano.com\/revista\/inmobiliario\/inicia-construccion-de-hotel-conceptual-click-clack-en-manzanillo\/","og_locale":"es_ES","og_type":"article","og_title":"Inicia construcci\u00f3n de Hotel Conceptual 'Click Clack' en Manzanillo","og_description":"El Gobernador de la entidad resalt\u00f3 que las inversiones nuevas en un sector tan din\u00e1mico como el tur\u00edstico","og_url":"https:\/\/centrourbano.com\/revista\/inmobiliario\/inicia-construccion-de-hotel-conceptual-click-clack-en-manzanillo\/","og_site_name":"Centro Urbano","article_publisher":"https:\/\/www.facebook.com\/portalcentrourbano","article_published_time":"2017-09-26T21:53:57+00:00","article_modified_time":"2017-09-26T21:57:28+00:00","og_image":[{"width":640,"height":427,"url":"https:\/\/centrourbano.com\/revista\/wp-content\/uploads\/JIPS-3.jpeg","type":"image\/jpeg"}],"author":"Dinorah Nava","twitter_card":"summary_large_image","twitter_creator":"@https:\/\/twitter.com\/Dinorah_Nava28","twitter_site":"@CentroUrbano","twitter_misc":{"Escrito por":"Dinorah Nava","Tiempo de lectura":"2 minutos"},"schema":{"@context":"https:\/\/schema.org","@graph":[{"@type":"Article","@id":"https:\/\/centrourbano.com\/revista\/inmobiliario\/inicia-construccion-de-hotel-conceptual-click-clack-en-manzanillo\/#article","isPartOf":{"@id":"https:\/\/centrourbano.com\/revista\/inmobiliario\/inicia-construccion-de-hotel-conceptual-click-clack-en-manzanillo\/"},"author":{"name":"Dinorah Nava","@id":"https:\/\/centrourbano.com\/revista\/#\/schema\/person\/b45db815d96831257ba428a3d5a5fbdc"},"headline":"Inicia construcci\u00f3n de Hotel Conceptual &#8216;Click Clack&#8217; en Manzanillo","datePublished":"2017-09-26T21:53:57+00:00","dateModified":"2017-09-26T21:57:28+00:00","mainEntityOfPage":{"@id":"https:\/\/centrourbano.com\/revista\/inmobiliario\/inicia-construccion-de-hotel-conceptual-click-clack-en-manzanillo\/"},"wordCount":377,"commentCount":0,"publisher":{"@id":"https:\/\/centrourbano.com\/revista\/#organization"},"image":{"@id":"https:\/\/centrourbano.com\/revista\/inmobiliario\/inicia-construccion-de-hotel-conceptual-click-clack-en-manzanillo\/#primaryimage"},"thumbnailUrl":"https:\/\/centrourbano.com\/revista\/wp-content\/uploads\/JIPS-3.jpeg","keywords":["colima","hotel","Hotel Conceptual","manzanillo","turismo"],"articleSection":["Inmobiliario"],"inLanguage":"es","potentialAction":[{"@type":"CommentAction","name":"Comment","target":["https:\/\/centrourbano.com\/revista\/inmobiliario\/inicia-construccion-de-hotel-conceptual-click-clack-en-manzanillo\/#respond"]}]},{"@type":"WebPage","@id":"https:\/\/centrourbano.com\/revista\/inmobiliario\/inicia-construccion-de-hotel-conceptual-click-clack-en-manzanillo\/","url":"https:\/\/centrourbano.com\/revista\/inmobiliario\/inicia-construccion-de-hotel-conceptual-click-clack-en-manzanillo\/","name":"Inicia construcci\u00f3n de Hotel Conceptual 'Click Clack' en Manzanillo","isPartOf":{"@id":"https:\/\/centrourbano.com\/revista\/#website"},"primaryImageOfPage":{"@id":"https:\/\/centrourbano.com\/revista\/inmobiliario\/inicia-construccion-de-hotel-conceptual-click-clack-en-manzanillo\/#primaryimage"},"image":{"@id":"https:\/\/centrourbano.com\/revista\/inmobiliario\/inicia-construccion-de-hotel-conceptual-click-clack-en-manzanillo\/#primaryimage"},"thumbnailUrl":"https:\/\/centrourbano.com\/revista\/wp-content\/uploads\/JIPS-3.jpeg","datePublished":"2017-09-26T21:53:57+00:00","dateModified":"2017-09-26T21:57:28+00:00","description":"El Gobernador de la entidad resalt\u00f3 que las inversiones nuevas en un sector tan din\u00e1mico como el tur\u00edstico","breadcrumb":{"@id":"https:\/\/centrourbano.com\/revista\/inmobiliario\/inicia-construccion-de-hotel-conceptual-click-clack-en-manzanillo\/#breadcrumb"},"inLanguage":"es","potentialAction":[{"@type":"ReadAction","target":["https:\/\/centrourbano.com\/revista\/inmobiliario\/inicia-construccion-de-hotel-conceptual-click-clack-en-manzanillo\/"]}]},{"@type":"ImageObject","inLanguage":"es","@id":"https:\/\/centrourbano.com\/revista\/inmobiliario\/inicia-construccion-de-hotel-conceptual-click-clack-en-manzanillo\/#primaryimage","url":"https:\/\/centrourbano.com\/revista\/wp-content\/uploads\/JIPS-3.jpeg","contentUrl":"https:\/\/centrourbano.com\/revista\/wp-content\/uploads\/JIPS-3.jpeg","width":640,"height":427,"caption":"El Gobernador de la entidad resalt\u00f3 que las inversiones nuevas en un sector tan din\u00e1mico como el tur\u00edstico"},{"@type":"BreadcrumbList","@id":"https:\/\/centrourbano.com\/revista\/inmobiliario\/inicia-construccion-de-hotel-conceptual-click-clack-en-manzanillo\/#breadcrumb","itemListElement":[{"@type":"ListItem","position":1,"name":"Portada","item":"https:\/\/centrourbano.com\/revista\/"},{"@type":"ListItem","position":2,"name":"Inicia construcci\u00f3n de Hotel Conceptual &#8216;Click Clack&#8217; en Manzanillo"}]},{"@type":"WebSite","@id":"https:\/\/centrourbano.com\/revista\/#website","url":"https:\/\/centrourbano.com\/revista\/","name":"Centro Urbano","description":"Medio especializado en los sectores vivienda, inmobiliario, construcci\u00f3n, arquitectura y urbanismo.","publisher":{"@id":"https:\/\/centrourbano.com\/revista\/#organization"},"potentialAction":[{"@type":"SearchAction","target":{"@type":"EntryPoint","urlTemplate":"https:\/\/centrourbano.com\/revista\/?s={search_term_string}"},"query-input":{"@type":"PropertyValueSpecification","valueRequired":true,"valueName":"search_term_string"}}],"inLanguage":"es"},{"@type":"Organization","@id":"https:\/\/centrourbano.com\/revista\/#organization","name":"Centro Urbano","url":"https:\/\/centrourbano.com\/revista\/","logo":{"@type":"ImageObject","inLanguage":"es","@id":"https:\/\/centrourbano.com\/revista\/#\/schema\/logo\/image\/","url":"https:\/\/centrourbano.com\/revista\/wp-content\/uploads\/web_CU_logo-1.png","contentUrl":"https:\/\/centrourbano.com\/revista\/wp-content\/uploads\/web_CU_logo-1.png","width":350,"height":91,"caption":"Centro Urbano"},"image":{"@id":"https:\/\/centrourbano.com\/revista\/#\/schema\/logo\/image\/"},"sameAs":["https:\/\/www.facebook.com\/portalcentrourbano","https:\/\/x.com\/CentroUrbano","https:\/\/www.instagram.com\/centro_urbano\/","https:\/\/www.linkedin.com\/company\/centro-urbano\/","http:\/\/www.youtube.com\/user\/portalcentrourbano"]},{"@type":"Person","@id":"https:\/\/centrourbano.com\/revista\/#\/schema\/person\/b45db815d96831257ba428a3d5a5fbdc","name":"Dinorah Nava","image":{"@type":"ImageObject","inLanguage":"es","@id":"https:\/\/secure.gravatar.com\/avatar\/f6ca6430c51d147f363940f84e1225aa4b8183885c11802cc3b042305a4ecc1a?s=96&d=mm&r=g","url":"https:\/\/secure.gravatar.com\/avatar\/f6ca6430c51d147f363940f84e1225aa4b8183885c11802cc3b042305a4ecc1a?s=96&d=mm&r=g","contentUrl":"https:\/\/secure.gravatar.com\/avatar\/f6ca6430c51d147f363940f84e1225aa4b8183885c11802cc3b042305a4ecc1a?s=96&d=mm&r=g","caption":"Dinorah Nava"},"description":"Editora de Contenidos y Estrategias Digitales en Centro Urbano y Coeditora en Peri\u00f3dico Mi Casa. Egresada de la licenciatura en Comunicaci\u00f3n y Periodismo de la Facultad de Estudios Superiores Arag\u00f3n (UNAM). Amante de la edici\u00f3n y correcci\u00f3n de estilo, las redes sociales y el mundo digital. Especialista en temas son arquitectura, inmobiliario y urbanismo.","sameAs":["linkedin.com\/in\/dinorah-nava","https:\/\/x.com\/https:\/\/twitter.com\/Dinorah_Nava28"],"url":"https:\/\/centrourbano.com\/revista\/author\/dinorah-nava\/"}]}},"_links":{"self":[{"href":"https:\/\/centrourbano.com\/revista\/wp-json\/wp\/v2\/posts\/60321","targetHints":{"allow":["GET"]}}],"collection":[{"href":"https:\/\/centrourbano.com\/revista\/wp-json\/wp\/v2\/posts"}],"about":[{"href":"https:\/\/centrourbano.com\/revista\/wp-json\/wp\/v2\/types\/post"}],"author":[{"embeddable":true,"href":"https:\/\/centrourbano.com\/revista\/wp-json\/wp\/v2\/users\/9"}],"replies":[{"embeddable":true,"href":"https:\/\/centrourbano.com\/revista\/wp-json\/wp\/v2\/comments?post=60321"}],"version-history":[{"count":0,"href":"https:\/\/centrourbano.com\/revista\/wp-json\/wp\/v2\/posts\/60321\/revisions"}],"wp:featuredmedia":[{"embeddable":true,"href":"https:\/\/centrourbano.com\/revista\/wp-json\/wp\/v2\/media\/60323"}],"wp:attachment":[{"href":"https:\/\/centrourbano.com\/revista\/wp-json\/wp\/v2\/media?parent=60321"}],"wp:term":[{"taxonomy":"category","embeddable":true,"href":"https:\/\/centrourbano.com\/revista\/wp-json\/wp\/v2\/categories?post=60321"},{"taxonomy":"post_tag","embeddable":true,"href":"https:\/\/centrourbano.com\/revista\/wp-json\/wp\/v2\/tags?post=60321"}],"curies":[{"name":"wp","href":"https:\/\/api.w.org\/{rel}","templated":true}]}}