{"id":60271,"date":"2017-09-25T18:32:18","date_gmt":"2017-09-25T23:32:18","guid":{"rendered":"https:\/\/centrourbano.com\/?p=60271"},"modified":"2017-09-25T18:32:18","modified_gmt":"2017-09-25T23:32:18","slug":"curso-proteccion-civil-ceda-cdmx","status":"publish","type":"post","link":"https:\/\/centrourbano.com\/revista\/actualidad\/curso-proteccion-civil-ceda-cdmx\/","title":{"rendered":"Imparten curso de Protecci\u00f3n Civil en Central de Abasto de la CDMX"},"content":{"rendered":"<p><em>Se explic\u00f3 la importancia de desarrollar capacidades de sobrevivencia ante un fen\u00f3meno natural o en caso de incendios<\/em><!--more--><\/p>\n<p>La <a href=\"http:\/\/www.cdmx.gob.mx\/vive-cdmx\/post\/central-de-abasto\" target=\"_blank\" rel=\"noopener noreferrer\"><strong>Central de Abasto de la Ciudad de M\u00e9xico<\/strong><\/a> (Ceda) contin\u00faa con el curso en materia de Protecci\u00f3n Civil en las instalaciones de la Uni\u00f3n de Comerciantes y Productores de la Ceda, con el objetivo de promover y capacitar a los comerciantes en tal \u00e1mbito.<\/p>\n<p>El instructor Jorge Garc\u00eda Montes de Oca explic\u00f3 la importancia de desarrollar capacidades de sobrevivencia ante un fen\u00f3meno natural como un sismo o en caso de incendios.<\/p>\n<p>Asimismo, se\u00f1al\u00f3 que s\u00f3lo a trav\u00e9s de la preparaci\u00f3n se evita la desinformaci\u00f3n que en muchos casos s\u00f3lo crea incertidumbre. Record\u00f3 que uno de los primeros pasos es mantener la calma en todo momento, lo cual facilita una eventual evacuaci\u00f3n del inmueble y permite actuar de una forma responsable adem\u00e1s de ubicar los puntos de reuni\u00f3n.<\/p>\n<p>Genaro Israel Anita Guti\u00e9rrez, \u00a0gerente general de Protecci\u00f3n Civil del <a href=\"http:\/\/ficeda.com.mx\/index.html\" target=\"_blank\" rel=\"noopener noreferrer\"><strong>Fideicomiso Central de Abasto<\/strong><\/a> (Ficeda), afirm\u00f3 que los temas tratados en la primera sesi\u00f3n son los procedimientos de evacuaci\u00f3n en caso de sismo e incendio, mientras que en la segunda se abordar\u00e1n primeros auxilios.<\/p>\n<p>Antes de los sismos de los d\u00edas 7 y 19 de septiembre, la Gerencia de Protecci\u00f3n Civil hab\u00eda capacitado a m\u00e1s de cien personas en seis cursos impartidos a diversos sectores de la Central de Abasto. Durante el curso denominado \u2018Introducci\u00f3n a la Protecci\u00f3n Civil y Prevenci\u00f3n, y Combate de Incendios\u2019, los especialistas respondieron a dudas de los participantes y empleados sobre el protocolo en diversas emergencias.<\/p>\n<p>&nbsp;<\/p>\n","protected":false},"excerpt":{"rendered":"<p>Se explic\u00f3 la importancia de desarrollar capacidades de sobrevivencia ante un fen\u00f3meno natural o en caso de incendios<\/p>\n","protected":false},"author":53,"featured_media":60272,"comment_status":"open","ping_status":"closed","sticky":false,"template":"","format":"standard","meta":{"om_disable_all_campaigns":false,"inline_featured_image":false,"_monsterinsights_skip_tracking":false,"_monsterinsights_sitenote_active":false,"_monsterinsights_sitenote_note":"","_monsterinsights_sitenote_category":0,"footnotes":""},"categories":[80],"tags":[606,6313,3090],"class_list":["post-60271","post","type-post","status-publish","format-standard","has-post-thumbnail","hentry","category-actualidad","tag-cdmx","tag-central-de-abasto-de-la-ciudad-de-mexico","tag-proteccion-civil"],"yoast_head":"<!-- This site is optimized with the Yoast SEO plugin v27.4 - https:\/\/yoast.com\/product\/yoast-seo-wordpress\/ -->\n<title>Imparten curso de Protecci\u00f3n Civil en Central de Abasto de la CDMX<\/title>\n<meta name=\"description\" content=\"El gerente de Protecci\u00f3n Civil del Fideicomiso Central de Abasto, afirm\u00f3 que los temas tratados son procedimientos de evacuaci\u00f3n en caso de sismo e incendio\" \/>\n<meta name=\"robots\" content=\"index, follow, max-snippet:-1, max-image-preview:large, max-video-preview:-1\" \/>\n<link rel=\"canonical\" href=\"https:\/\/centrourbano.com\/revista\/actualidad\/curso-proteccion-civil-ceda-cdmx\/\" \/>\n<meta property=\"og:locale\" content=\"es_ES\" \/>\n<meta property=\"og:type\" content=\"article\" \/>\n<meta property=\"og:title\" content=\"Imparten curso de Protecci\u00f3n Civil en Central de Abasto de la CDMX\" \/>\n<meta property=\"og:description\" content=\"El gerente de Protecci\u00f3n Civil del Fideicomiso Central de Abasto, afirm\u00f3 que los temas tratados son procedimientos de evacuaci\u00f3n en caso de sismo e incendio\" \/>\n<meta property=\"og:url\" content=\"https:\/\/centrourbano.com\/revista\/actualidad\/curso-proteccion-civil-ceda-cdmx\/\" \/>\n<meta property=\"og:site_name\" content=\"Centro Urbano\" \/>\n<meta property=\"article:publisher\" content=\"https:\/\/www.facebook.com\/portalcentrourbano\" \/>\n<meta property=\"article:author\" content=\"facebook.com\/ro.garcia23\" \/>\n<meta property=\"article:published_time\" content=\"2017-09-25T23:32:18+00:00\" \/>\n<meta property=\"og:image\" content=\"https:\/\/centrourbano.com\/revista\/wp-content\/uploads\/proteccion-civil-centraldeabasto-e1506382173733.jpg\" \/>\n\t<meta property=\"og:image:width\" content=\"800\" \/>\n\t<meta property=\"og:image:height\" content=\"516\" \/>\n\t<meta property=\"og:image:type\" content=\"image\/jpeg\" \/>\n<meta name=\"author\" content=\"Roc\u00edo Garc\u00eda\" \/>\n<meta name=\"twitter:card\" content=\"summary_large_image\" \/>\n<meta name=\"twitter:creator\" content=\"@CentroUrbano\" \/>\n<meta name=\"twitter:site\" content=\"@CentroUrbano\" \/>\n<meta name=\"twitter:label1\" content=\"Escrito por\" \/>\n\t<meta name=\"twitter:data1\" content=\"Roc\u00edo Garc\u00eda\" \/>\n\t<meta name=\"twitter:label2\" content=\"Tiempo de lectura\" \/>\n\t<meta name=\"twitter:data2\" content=\"1 minuto\" \/>\n<script type=\"application\/ld+json\" class=\"yoast-schema-graph\">{\"@context\":\"https:\\\/\\\/schema.org\",\"@graph\":[{\"@type\":\"Article\",\"@id\":\"https:\\\/\\\/centrourbano.com\\\/revista\\\/actualidad\\\/curso-proteccion-civil-ceda-cdmx\\\/#article\",\"isPartOf\":{\"@id\":\"https:\\\/\\\/centrourbano.com\\\/revista\\\/actualidad\\\/curso-proteccion-civil-ceda-cdmx\\\/\"},\"author\":{\"name\":\"Roc\u00edo Garc\u00eda\",\"@id\":\"https:\\\/\\\/centrourbano.com\\\/revista\\\/#\\\/schema\\\/person\\\/9a36a90c9a17a588335bc23c7aa03e3c\"},\"headline\":\"Imparten curso de Protecci\u00f3n Civil en Central de Abasto de la CDMX\",\"datePublished\":\"2017-09-25T23:32:18+00:00\",\"mainEntityOfPage\":{\"@id\":\"https:\\\/\\\/centrourbano.com\\\/revista\\\/actualidad\\\/curso-proteccion-civil-ceda-cdmx\\\/\"},\"wordCount\":297,\"commentCount\":0,\"publisher\":{\"@id\":\"https:\\\/\\\/centrourbano.com\\\/revista\\\/#organization\"},\"image\":{\"@id\":\"https:\\\/\\\/centrourbano.com\\\/revista\\\/actualidad\\\/curso-proteccion-civil-ceda-cdmx\\\/#primaryimage\"},\"thumbnailUrl\":\"https:\\\/\\\/centrourbano.com\\\/revista\\\/wp-content\\\/uploads\\\/proteccion-civil-centraldeabasto-e1506382173733.jpg\",\"keywords\":[\"CDMX\",\"Central de Abasto de la Ciudad de M\u00e9xico\",\"Protecci\u00f3n Civil\"],\"articleSection\":[\"Actualidad\"],\"inLanguage\":\"es\",\"potentialAction\":[{\"@type\":\"CommentAction\",\"name\":\"Comment\",\"target\":[\"https:\\\/\\\/centrourbano.com\\\/revista\\\/actualidad\\\/curso-proteccion-civil-ceda-cdmx\\\/#respond\"]}]},{\"@type\":\"WebPage\",\"@id\":\"https:\\\/\\\/centrourbano.com\\\/revista\\\/actualidad\\\/curso-proteccion-civil-ceda-cdmx\\\/\",\"url\":\"https:\\\/\\\/centrourbano.com\\\/revista\\\/actualidad\\\/curso-proteccion-civil-ceda-cdmx\\\/\",\"name\":\"Imparten curso de Protecci\u00f3n Civil en Central de Abasto de la CDMX\",\"isPartOf\":{\"@id\":\"https:\\\/\\\/centrourbano.com\\\/revista\\\/#website\"},\"primaryImageOfPage\":{\"@id\":\"https:\\\/\\\/centrourbano.com\\\/revista\\\/actualidad\\\/curso-proteccion-civil-ceda-cdmx\\\/#primaryimage\"},\"image\":{\"@id\":\"https:\\\/\\\/centrourbano.com\\\/revista\\\/actualidad\\\/curso-proteccion-civil-ceda-cdmx\\\/#primaryimage\"},\"thumbnailUrl\":\"https:\\\/\\\/centrourbano.com\\\/revista\\\/wp-content\\\/uploads\\\/proteccion-civil-centraldeabasto-e1506382173733.jpg\",\"datePublished\":\"2017-09-25T23:32:18+00:00\",\"description\":\"El gerente de Protecci\u00f3n Civil del Fideicomiso Central de Abasto, afirm\u00f3 que los temas tratados son procedimientos de evacuaci\u00f3n en caso de sismo e incendio\",\"breadcrumb\":{\"@id\":\"https:\\\/\\\/centrourbano.com\\\/revista\\\/actualidad\\\/curso-proteccion-civil-ceda-cdmx\\\/#breadcrumb\"},\"inLanguage\":\"es\",\"potentialAction\":[{\"@type\":\"ReadAction\",\"target\":[\"https:\\\/\\\/centrourbano.com\\\/revista\\\/actualidad\\\/curso-proteccion-civil-ceda-cdmx\\\/\"]}]},{\"@type\":\"ImageObject\",\"inLanguage\":\"es\",\"@id\":\"https:\\\/\\\/centrourbano.com\\\/revista\\\/actualidad\\\/curso-proteccion-civil-ceda-cdmx\\\/#primaryimage\",\"url\":\"https:\\\/\\\/centrourbano.com\\\/revista\\\/wp-content\\\/uploads\\\/proteccion-civil-centraldeabasto-e1506382173733.jpg\",\"contentUrl\":\"https:\\\/\\\/centrourbano.com\\\/revista\\\/wp-content\\\/uploads\\\/proteccion-civil-centraldeabasto-e1506382173733.jpg\",\"width\":800,\"height\":516,\"caption\":\"El gerente de Protecci\u00f3n Civil del Fideicomiso Central de Abasto, afirm\u00f3 que los temas tratados son procedimientos de evacuaci\u00f3n en caso de sismo e incendio\"},{\"@type\":\"BreadcrumbList\",\"@id\":\"https:\\\/\\\/centrourbano.com\\\/revista\\\/actualidad\\\/curso-proteccion-civil-ceda-cdmx\\\/#breadcrumb\",\"itemListElement\":[{\"@type\":\"ListItem\",\"position\":1,\"name\":\"Portada\",\"item\":\"https:\\\/\\\/centrourbano.com\\\/revista\\\/\"},{\"@type\":\"ListItem\",\"position\":2,\"name\":\"Imparten curso de Protecci\u00f3n Civil en Central de Abasto de la CDMX\"}]},{\"@type\":\"WebSite\",\"@id\":\"https:\\\/\\\/centrourbano.com\\\/revista\\\/#website\",\"url\":\"https:\\\/\\\/centrourbano.com\\\/revista\\\/\",\"name\":\"Centro Urbano\",\"description\":\"Medio especializado en los sectores vivienda, inmobiliario, construcci\u00f3n, arquitectura y urbanismo.\",\"publisher\":{\"@id\":\"https:\\\/\\\/centrourbano.com\\\/revista\\\/#organization\"},\"potentialAction\":[{\"@type\":\"SearchAction\",\"target\":{\"@type\":\"EntryPoint\",\"urlTemplate\":\"https:\\\/\\\/centrourbano.com\\\/revista\\\/?s={search_term_string}\"},\"query-input\":{\"@type\":\"PropertyValueSpecification\",\"valueRequired\":true,\"valueName\":\"search_term_string\"}}],\"inLanguage\":\"es\"},{\"@type\":\"Organization\",\"@id\":\"https:\\\/\\\/centrourbano.com\\\/revista\\\/#organization\",\"name\":\"Centro Urbano\",\"url\":\"https:\\\/\\\/centrourbano.com\\\/revista\\\/\",\"logo\":{\"@type\":\"ImageObject\",\"inLanguage\":\"es\",\"@id\":\"https:\\\/\\\/centrourbano.com\\\/revista\\\/#\\\/schema\\\/logo\\\/image\\\/\",\"url\":\"https:\\\/\\\/centrourbano.com\\\/revista\\\/wp-content\\\/uploads\\\/web_CU_logo-1.png\",\"contentUrl\":\"https:\\\/\\\/centrourbano.com\\\/revista\\\/wp-content\\\/uploads\\\/web_CU_logo-1.png\",\"width\":350,\"height\":91,\"caption\":\"Centro Urbano\"},\"image\":{\"@id\":\"https:\\\/\\\/centrourbano.com\\\/revista\\\/#\\\/schema\\\/logo\\\/image\\\/\"},\"sameAs\":[\"https:\\\/\\\/www.facebook.com\\\/portalcentrourbano\",\"https:\\\/\\\/x.com\\\/CentroUrbano\",\"https:\\\/\\\/www.instagram.com\\\/centro_urbano\\\/\",\"https:\\\/\\\/www.linkedin.com\\\/company\\\/centro-urbano\\\/\",\"http:\\\/\\\/www.youtube.com\\\/user\\\/portalcentrourbano\"]},{\"@type\":\"Person\",\"@id\":\"https:\\\/\\\/centrourbano.com\\\/revista\\\/#\\\/schema\\\/person\\\/9a36a90c9a17a588335bc23c7aa03e3c\",\"name\":\"Roc\u00edo Garc\u00eda\",\"image\":{\"@type\":\"ImageObject\",\"inLanguage\":\"es\",\"@id\":\"https:\\\/\\\/secure.gravatar.com\\\/avatar\\\/a0e2f1ddfed432d8ad4b84b5dc2e19fc4c403753eb7578fd4dca22f8e2538fc8?s=96&d=mm&r=g\",\"url\":\"https:\\\/\\\/secure.gravatar.com\\\/avatar\\\/a0e2f1ddfed432d8ad4b84b5dc2e19fc4c403753eb7578fd4dca22f8e2538fc8?s=96&d=mm&r=g\",\"contentUrl\":\"https:\\\/\\\/secure.gravatar.com\\\/avatar\\\/a0e2f1ddfed432d8ad4b84b5dc2e19fc4c403753eb7578fd4dca22f8e2538fc8?s=96&d=mm&r=g\",\"caption\":\"Roc\u00edo Garc\u00eda\"},\"description\":\"Estudiante de Comunicaci\u00f3n de la Facultad de Estudios Superiores Acatl\u00e1n, con especialidad en Multimedia y Cultura. Apasionada por la radio, la m\u00fasica y la CDMX. Hablo mucho y r\u00edo m\u00e1s, me gusta la cumbia, las chelas y el rock n\u2019 roll.\",\"sameAs\":[\"facebook.com\\\/ro.garcia23\",\"https:\\\/\\\/www.instagram.com\\\/ch_chioo\\\/\"],\"url\":\"https:\\\/\\\/centrourbano.com\\\/revista\\\/author\\\/rocio-garcia\\\/\"}]}<\/script>\n<!-- \/ Yoast SEO plugin. -->","yoast_head_json":{"title":"Imparten curso de Protecci\u00f3n Civil en Central de Abasto de la CDMX","description":"El gerente de Protecci\u00f3n Civil del Fideicomiso Central de Abasto, afirm\u00f3 que los temas tratados son procedimientos de evacuaci\u00f3n en caso de sismo e incendio","robots":{"index":"index","follow":"follow","max-snippet":"max-snippet:-1","max-image-preview":"max-image-preview:large","max-video-preview":"max-video-preview:-1"},"canonical":"https:\/\/centrourbano.com\/revista\/actualidad\/curso-proteccion-civil-ceda-cdmx\/","og_locale":"es_ES","og_type":"article","og_title":"Imparten curso de Protecci\u00f3n Civil en Central de Abasto de la CDMX","og_description":"El gerente de Protecci\u00f3n Civil del Fideicomiso Central de Abasto, afirm\u00f3 que los temas tratados son procedimientos de evacuaci\u00f3n en caso de sismo e incendio","og_url":"https:\/\/centrourbano.com\/revista\/actualidad\/curso-proteccion-civil-ceda-cdmx\/","og_site_name":"Centro Urbano","article_publisher":"https:\/\/www.facebook.com\/portalcentrourbano","article_author":"facebook.com\/ro.garcia23","article_published_time":"2017-09-25T23:32:18+00:00","og_image":[{"width":800,"height":516,"url":"https:\/\/centrourbano.com\/revista\/wp-content\/uploads\/proteccion-civil-centraldeabasto-e1506382173733.jpg","type":"image\/jpeg"}],"author":"Roc\u00edo Garc\u00eda","twitter_card":"summary_large_image","twitter_creator":"@CentroUrbano","twitter_site":"@CentroUrbano","twitter_misc":{"Escrito por":"Roc\u00edo Garc\u00eda","Tiempo de lectura":"1 minuto"},"schema":{"@context":"https:\/\/schema.org","@graph":[{"@type":"Article","@id":"https:\/\/centrourbano.com\/revista\/actualidad\/curso-proteccion-civil-ceda-cdmx\/#article","isPartOf":{"@id":"https:\/\/centrourbano.com\/revista\/actualidad\/curso-proteccion-civil-ceda-cdmx\/"},"author":{"name":"Roc\u00edo Garc\u00eda","@id":"https:\/\/centrourbano.com\/revista\/#\/schema\/person\/9a36a90c9a17a588335bc23c7aa03e3c"},"headline":"Imparten curso de Protecci\u00f3n Civil en Central de Abasto de la CDMX","datePublished":"2017-09-25T23:32:18+00:00","mainEntityOfPage":{"@id":"https:\/\/centrourbano.com\/revista\/actualidad\/curso-proteccion-civil-ceda-cdmx\/"},"wordCount":297,"commentCount":0,"publisher":{"@id":"https:\/\/centrourbano.com\/revista\/#organization"},"image":{"@id":"https:\/\/centrourbano.com\/revista\/actualidad\/curso-proteccion-civil-ceda-cdmx\/#primaryimage"},"thumbnailUrl":"https:\/\/centrourbano.com\/revista\/wp-content\/uploads\/proteccion-civil-centraldeabasto-e1506382173733.jpg","keywords":["CDMX","Central de Abasto de la Ciudad de M\u00e9xico","Protecci\u00f3n Civil"],"articleSection":["Actualidad"],"inLanguage":"es","potentialAction":[{"@type":"CommentAction","name":"Comment","target":["https:\/\/centrourbano.com\/revista\/actualidad\/curso-proteccion-civil-ceda-cdmx\/#respond"]}]},{"@type":"WebPage","@id":"https:\/\/centrourbano.com\/revista\/actualidad\/curso-proteccion-civil-ceda-cdmx\/","url":"https:\/\/centrourbano.com\/revista\/actualidad\/curso-proteccion-civil-ceda-cdmx\/","name":"Imparten curso de Protecci\u00f3n Civil en Central de Abasto de la CDMX","isPartOf":{"@id":"https:\/\/centrourbano.com\/revista\/#website"},"primaryImageOfPage":{"@id":"https:\/\/centrourbano.com\/revista\/actualidad\/curso-proteccion-civil-ceda-cdmx\/#primaryimage"},"image":{"@id":"https:\/\/centrourbano.com\/revista\/actualidad\/curso-proteccion-civil-ceda-cdmx\/#primaryimage"},"thumbnailUrl":"https:\/\/centrourbano.com\/revista\/wp-content\/uploads\/proteccion-civil-centraldeabasto-e1506382173733.jpg","datePublished":"2017-09-25T23:32:18+00:00","description":"El gerente de Protecci\u00f3n Civil del Fideicomiso Central de Abasto, afirm\u00f3 que los temas tratados son procedimientos de evacuaci\u00f3n en caso de sismo e incendio","breadcrumb":{"@id":"https:\/\/centrourbano.com\/revista\/actualidad\/curso-proteccion-civil-ceda-cdmx\/#breadcrumb"},"inLanguage":"es","potentialAction":[{"@type":"ReadAction","target":["https:\/\/centrourbano.com\/revista\/actualidad\/curso-proteccion-civil-ceda-cdmx\/"]}]},{"@type":"ImageObject","inLanguage":"es","@id":"https:\/\/centrourbano.com\/revista\/actualidad\/curso-proteccion-civil-ceda-cdmx\/#primaryimage","url":"https:\/\/centrourbano.com\/revista\/wp-content\/uploads\/proteccion-civil-centraldeabasto-e1506382173733.jpg","contentUrl":"https:\/\/centrourbano.com\/revista\/wp-content\/uploads\/proteccion-civil-centraldeabasto-e1506382173733.jpg","width":800,"height":516,"caption":"El gerente de Protecci\u00f3n Civil del Fideicomiso Central de Abasto, afirm\u00f3 que los temas tratados son procedimientos de evacuaci\u00f3n en caso de sismo e incendio"},{"@type":"BreadcrumbList","@id":"https:\/\/centrourbano.com\/revista\/actualidad\/curso-proteccion-civil-ceda-cdmx\/#breadcrumb","itemListElement":[{"@type":"ListItem","position":1,"name":"Portada","item":"https:\/\/centrourbano.com\/revista\/"},{"@type":"ListItem","position":2,"name":"Imparten curso de Protecci\u00f3n Civil en Central de Abasto de la CDMX"}]},{"@type":"WebSite","@id":"https:\/\/centrourbano.com\/revista\/#website","url":"https:\/\/centrourbano.com\/revista\/","name":"Centro Urbano","description":"Medio especializado en los sectores vivienda, inmobiliario, construcci\u00f3n, arquitectura y urbanismo.","publisher":{"@id":"https:\/\/centrourbano.com\/revista\/#organization"},"potentialAction":[{"@type":"SearchAction","target":{"@type":"EntryPoint","urlTemplate":"https:\/\/centrourbano.com\/revista\/?s={search_term_string}"},"query-input":{"@type":"PropertyValueSpecification","valueRequired":true,"valueName":"search_term_string"}}],"inLanguage":"es"},{"@type":"Organization","@id":"https:\/\/centrourbano.com\/revista\/#organization","name":"Centro Urbano","url":"https:\/\/centrourbano.com\/revista\/","logo":{"@type":"ImageObject","inLanguage":"es","@id":"https:\/\/centrourbano.com\/revista\/#\/schema\/logo\/image\/","url":"https:\/\/centrourbano.com\/revista\/wp-content\/uploads\/web_CU_logo-1.png","contentUrl":"https:\/\/centrourbano.com\/revista\/wp-content\/uploads\/web_CU_logo-1.png","width":350,"height":91,"caption":"Centro Urbano"},"image":{"@id":"https:\/\/centrourbano.com\/revista\/#\/schema\/logo\/image\/"},"sameAs":["https:\/\/www.facebook.com\/portalcentrourbano","https:\/\/x.com\/CentroUrbano","https:\/\/www.instagram.com\/centro_urbano\/","https:\/\/www.linkedin.com\/company\/centro-urbano\/","http:\/\/www.youtube.com\/user\/portalcentrourbano"]},{"@type":"Person","@id":"https:\/\/centrourbano.com\/revista\/#\/schema\/person\/9a36a90c9a17a588335bc23c7aa03e3c","name":"Roc\u00edo Garc\u00eda","image":{"@type":"ImageObject","inLanguage":"es","@id":"https:\/\/secure.gravatar.com\/avatar\/a0e2f1ddfed432d8ad4b84b5dc2e19fc4c403753eb7578fd4dca22f8e2538fc8?s=96&d=mm&r=g","url":"https:\/\/secure.gravatar.com\/avatar\/a0e2f1ddfed432d8ad4b84b5dc2e19fc4c403753eb7578fd4dca22f8e2538fc8?s=96&d=mm&r=g","contentUrl":"https:\/\/secure.gravatar.com\/avatar\/a0e2f1ddfed432d8ad4b84b5dc2e19fc4c403753eb7578fd4dca22f8e2538fc8?s=96&d=mm&r=g","caption":"Roc\u00edo Garc\u00eda"},"description":"Estudiante de Comunicaci\u00f3n de la Facultad de Estudios Superiores Acatl\u00e1n, con especialidad en Multimedia y Cultura. Apasionada por la radio, la m\u00fasica y la CDMX. Hablo mucho y r\u00edo m\u00e1s, me gusta la cumbia, las chelas y el rock n\u2019 roll.","sameAs":["facebook.com\/ro.garcia23","https:\/\/www.instagram.com\/ch_chioo\/"],"url":"https:\/\/centrourbano.com\/revista\/author\/rocio-garcia\/"}]}},"_links":{"self":[{"href":"https:\/\/centrourbano.com\/revista\/wp-json\/wp\/v2\/posts\/60271","targetHints":{"allow":["GET"]}}],"collection":[{"href":"https:\/\/centrourbano.com\/revista\/wp-json\/wp\/v2\/posts"}],"about":[{"href":"https:\/\/centrourbano.com\/revista\/wp-json\/wp\/v2\/types\/post"}],"author":[{"embeddable":true,"href":"https:\/\/centrourbano.com\/revista\/wp-json\/wp\/v2\/users\/53"}],"replies":[{"embeddable":true,"href":"https:\/\/centrourbano.com\/revista\/wp-json\/wp\/v2\/comments?post=60271"}],"version-history":[{"count":0,"href":"https:\/\/centrourbano.com\/revista\/wp-json\/wp\/v2\/posts\/60271\/revisions"}],"wp:featuredmedia":[{"embeddable":true,"href":"https:\/\/centrourbano.com\/revista\/wp-json\/wp\/v2\/media\/60272"}],"wp:attachment":[{"href":"https:\/\/centrourbano.com\/revista\/wp-json\/wp\/v2\/media?parent=60271"}],"wp:term":[{"taxonomy":"category","embeddable":true,"href":"https:\/\/centrourbano.com\/revista\/wp-json\/wp\/v2\/categories?post=60271"},{"taxonomy":"post_tag","embeddable":true,"href":"https:\/\/centrourbano.com\/revista\/wp-json\/wp\/v2\/tags?post=60271"}],"curies":[{"name":"wp","href":"https:\/\/api.w.org\/{rel}","templated":true}]}}