{"id":60250,"date":"2017-09-25T16:46:17","date_gmt":"2017-09-25T21:46:17","guid":{"rendered":"https:\/\/centrourbano.com\/?p=60250"},"modified":"2017-09-25T16:47:01","modified_gmt":"2017-09-25T21:47:01","slug":"alrededor-de-10000-escuelas-resultaron-con-afectaciones-tras-sismos","status":"publish","type":"post","link":"https:\/\/centrourbano.com\/revista\/construccion\/alrededor-de-10000-escuelas-resultaron-con-afectaciones-tras-sismos\/","title":{"rendered":"Alrededor de 10,000 escuelas resultaron con afectaciones tras sismos"},"content":{"rendered":"<p><em>El secretario de Educaci\u00f3n P\u00fablica asegura que se avanza en la revisi\u00f3n de planteles con el objetivo de garantizar seguridad a maestros y alumnos<\/em><!--more--><\/p>\n<p>El d\u00eda de hoy 103 escuelas de la Ciudad de M\u00e9xico reiniciaron clases, pero alrededor de 10,000 planteles contin\u00faan sin operar debido a que resultaron con alg\u00fan\u00a0tipo de da\u00f1o en las entidades afectadas por los sismos, 400 con impactos mayores.<\/p>\n<p>As\u00ed lo inform\u00f3\u00a0El secretario de Educaci\u00f3n P\u00fablica, Aurelio Nu\u00f1o Mayer, quien afirma\u00a0que no se perder\u00e1 el ciclo escolar, ya que los alumnos de escuelas con da\u00f1os mayores ser\u00e1n reubicados en planteles cercanos o en aulas temporales.<\/p>\n<p>Durante un acto realizado en la Escuela Secundaria 263,\u00a0<em>Deporte para Todos<\/em>, donde se record\u00f3 con un minuto de silencio a quienes fallecieron por los sismos, Nu\u00f1o Mayer dijo que se retorna a la normalidad, y que se trabaja con 60 brigadas para determinar la seguridad de las escuelas de la ciudad, a fin de que est\u00e9n en condiciones de reanudar labores.<\/p>\n<p>En ese sentido, descasta\u00f3 que diariamente se informar\u00e1 a trav\u00e9s de la p\u00e1gina web y redes sociales de la Secretar\u00eda de Educaci\u00f3n P\u00fablica sobre las escuelas que ya cuenten con su dictamen de seguridad estructural, y que regresar\u00e1n a clases al d\u00eda siguiente.<\/p>\n<p>Asimismo, reiter\u00f3 que escuelas que no cuenten con el dictamen de seguridad estructural no podr\u00e1n regresar a clases, porque lo m\u00e1s importante es la seguridad de maestros y alumnos, lo que adem\u00e1s da tranquilidad a los padres de familia.<\/p>\n<p>Nu\u00f1o Mayer ratific\u00f3 que se cuenta con recursos para rehabilitar o reconstruir escuelas, que podr\u00edan alcanzar 4,000 millones de pesos, y se captar\u00e1n de las aseguradoras, Fondo de Desastres Naturales y una bolsa de la Secretar\u00eda de Educaci\u00f3n P\u00fablica para reparaciones menores. Indic\u00f3 que las reconstrucciones tardar\u00e1n entre ocho y nueve meses.<\/p>\n","protected":false},"excerpt":{"rendered":"<p>El secretario de Educaci\u00f3n P\u00fablica asegura que se avanza en la revisi\u00f3n de planteles con el objetivo de garantizar seguridad a maestros y alumnos<\/p>\n","protected":false},"author":9,"featured_media":60254,"comment_status":"open","ping_status":"closed","sticky":false,"template":"","format":"standard","meta":{"om_disable_all_campaigns":false,"inline_featured_image":false,"_monsterinsights_skip_tracking":false,"_monsterinsights_sitenote_active":false,"_monsterinsights_sitenote_note":"","_monsterinsights_sitenote_category":0,"footnotes":""},"categories":[14],"tags":[11419,441,1703],"class_list":["post-60250","post","type-post","status-publish","format-standard","has-post-thumbnail","hentry","category-construccion","tag-aurelio-nuno","tag-escuelas","tag-sismos"],"yoast_head":"<!-- This site is optimized with the Yoast SEO plugin v27.4 - https:\/\/yoast.com\/product\/yoast-seo-wordpress\/ -->\n<title>Alrededor de 10,000 escuelas resultaron con afectaciones tras sismos<\/title>\n<meta name=\"description\" content=\"El secretario de Educaci\u00f3n P\u00fablica asegura que se avanza en la revisi\u00f3n de planteles con el objetivo de garantizar seguridad a maestros y alumnos\" \/>\n<meta name=\"robots\" content=\"index, follow, max-snippet:-1, max-image-preview:large, max-video-preview:-1\" \/>\n<link rel=\"canonical\" href=\"https:\/\/centrourbano.com\/revista\/construccion\/alrededor-de-10000-escuelas-resultaron-con-afectaciones-tras-sismos\/\" \/>\n<meta property=\"og:locale\" content=\"es_ES\" \/>\n<meta property=\"og:type\" content=\"article\" \/>\n<meta property=\"og:title\" content=\"Alrededor de 10,000 escuelas resultaron con afectaciones tras sismos\" \/>\n<meta property=\"og:description\" content=\"El secretario de Educaci\u00f3n P\u00fablica asegura que se avanza en la revisi\u00f3n de planteles con el objetivo de garantizar seguridad a maestros y alumnos\" \/>\n<meta property=\"og:url\" content=\"https:\/\/centrourbano.com\/revista\/construccion\/alrededor-de-10000-escuelas-resultaron-con-afectaciones-tras-sismos\/\" \/>\n<meta property=\"og:site_name\" content=\"Centro Urbano\" \/>\n<meta property=\"article:publisher\" content=\"https:\/\/www.facebook.com\/portalcentrourbano\" \/>\n<meta property=\"article:published_time\" content=\"2017-09-25T21:46:17+00:00\" \/>\n<meta property=\"article:modified_time\" content=\"2017-09-25T21:47:01+00:00\" \/>\n<meta property=\"og:image\" content=\"https:\/\/centrourbano.com\/revista\/wp-content\/uploads\/IMG_20170925_091450.jpg\" \/>\n\t<meta property=\"og:image:width\" content=\"1000\" \/>\n\t<meta property=\"og:image:height\" content=\"667\" \/>\n\t<meta property=\"og:image:type\" content=\"image\/jpeg\" \/>\n<meta name=\"author\" content=\"Dinorah Nava\" \/>\n<meta name=\"twitter:card\" content=\"summary_large_image\" \/>\n<meta name=\"twitter:creator\" content=\"@https:\/\/twitter.com\/Dinorah_Nava28\" \/>\n<meta name=\"twitter:site\" content=\"@CentroUrbano\" \/>\n<meta name=\"twitter:label1\" content=\"Escrito por\" \/>\n\t<meta name=\"twitter:data1\" content=\"Dinorah Nava\" \/>\n\t<meta name=\"twitter:label2\" content=\"Tiempo de lectura\" \/>\n\t<meta name=\"twitter:data2\" content=\"2 minutos\" \/>\n<script type=\"application\/ld+json\" class=\"yoast-schema-graph\">{\"@context\":\"https:\\\/\\\/schema.org\",\"@graph\":[{\"@type\":\"Article\",\"@id\":\"https:\\\/\\\/centrourbano.com\\\/revista\\\/construccion\\\/alrededor-de-10000-escuelas-resultaron-con-afectaciones-tras-sismos\\\/#article\",\"isPartOf\":{\"@id\":\"https:\\\/\\\/centrourbano.com\\\/revista\\\/construccion\\\/alrededor-de-10000-escuelas-resultaron-con-afectaciones-tras-sismos\\\/\"},\"author\":{\"name\":\"Dinorah Nava\",\"@id\":\"https:\\\/\\\/centrourbano.com\\\/revista\\\/#\\\/schema\\\/person\\\/b45db815d96831257ba428a3d5a5fbdc\"},\"headline\":\"Alrededor de 10,000 escuelas resultaron con afectaciones tras sismos\",\"datePublished\":\"2017-09-25T21:46:17+00:00\",\"dateModified\":\"2017-09-25T21:47:01+00:00\",\"mainEntityOfPage\":{\"@id\":\"https:\\\/\\\/centrourbano.com\\\/revista\\\/construccion\\\/alrededor-de-10000-escuelas-resultaron-con-afectaciones-tras-sismos\\\/\"},\"wordCount\":333,\"commentCount\":0,\"publisher\":{\"@id\":\"https:\\\/\\\/centrourbano.com\\\/revista\\\/#organization\"},\"image\":{\"@id\":\"https:\\\/\\\/centrourbano.com\\\/revista\\\/construccion\\\/alrededor-de-10000-escuelas-resultaron-con-afectaciones-tras-sismos\\\/#primaryimage\"},\"thumbnailUrl\":\"https:\\\/\\\/centrourbano.com\\\/revista\\\/wp-content\\\/uploads\\\/IMG_20170925_091450.jpg\",\"keywords\":[\"Aurelio Nu\u00f1o\",\"escuelas\",\"sismos\"],\"articleSection\":[\"Construcci\u00f3n\"],\"inLanguage\":\"es\",\"potentialAction\":[{\"@type\":\"CommentAction\",\"name\":\"Comment\",\"target\":[\"https:\\\/\\\/centrourbano.com\\\/revista\\\/construccion\\\/alrededor-de-10000-escuelas-resultaron-con-afectaciones-tras-sismos\\\/#respond\"]}]},{\"@type\":\"WebPage\",\"@id\":\"https:\\\/\\\/centrourbano.com\\\/revista\\\/construccion\\\/alrededor-de-10000-escuelas-resultaron-con-afectaciones-tras-sismos\\\/\",\"url\":\"https:\\\/\\\/centrourbano.com\\\/revista\\\/construccion\\\/alrededor-de-10000-escuelas-resultaron-con-afectaciones-tras-sismos\\\/\",\"name\":\"Alrededor de 10,000 escuelas resultaron con afectaciones tras sismos\",\"isPartOf\":{\"@id\":\"https:\\\/\\\/centrourbano.com\\\/revista\\\/#website\"},\"primaryImageOfPage\":{\"@id\":\"https:\\\/\\\/centrourbano.com\\\/revista\\\/construccion\\\/alrededor-de-10000-escuelas-resultaron-con-afectaciones-tras-sismos\\\/#primaryimage\"},\"image\":{\"@id\":\"https:\\\/\\\/centrourbano.com\\\/revista\\\/construccion\\\/alrededor-de-10000-escuelas-resultaron-con-afectaciones-tras-sismos\\\/#primaryimage\"},\"thumbnailUrl\":\"https:\\\/\\\/centrourbano.com\\\/revista\\\/wp-content\\\/uploads\\\/IMG_20170925_091450.jpg\",\"datePublished\":\"2017-09-25T21:46:17+00:00\",\"dateModified\":\"2017-09-25T21:47:01+00:00\",\"description\":\"El secretario de Educaci\u00f3n P\u00fablica asegura que se avanza en la revisi\u00f3n de planteles con el objetivo de garantizar seguridad a maestros y alumnos\",\"breadcrumb\":{\"@id\":\"https:\\\/\\\/centrourbano.com\\\/revista\\\/construccion\\\/alrededor-de-10000-escuelas-resultaron-con-afectaciones-tras-sismos\\\/#breadcrumb\"},\"inLanguage\":\"es\",\"potentialAction\":[{\"@type\":\"ReadAction\",\"target\":[\"https:\\\/\\\/centrourbano.com\\\/revista\\\/construccion\\\/alrededor-de-10000-escuelas-resultaron-con-afectaciones-tras-sismos\\\/\"]}]},{\"@type\":\"ImageObject\",\"inLanguage\":\"es\",\"@id\":\"https:\\\/\\\/centrourbano.com\\\/revista\\\/construccion\\\/alrededor-de-10000-escuelas-resultaron-con-afectaciones-tras-sismos\\\/#primaryimage\",\"url\":\"https:\\\/\\\/centrourbano.com\\\/revista\\\/wp-content\\\/uploads\\\/IMG_20170925_091450.jpg\",\"contentUrl\":\"https:\\\/\\\/centrourbano.com\\\/revista\\\/wp-content\\\/uploads\\\/IMG_20170925_091450.jpg\",\"width\":1000,\"height\":667,\"caption\":\"El secretario de Educaci\u00f3n P\u00fablica asegura que se avanza en la revisi\u00f3n de planteles con el objetivo de garantizar seguridad a maestros y alumnos\"},{\"@type\":\"BreadcrumbList\",\"@id\":\"https:\\\/\\\/centrourbano.com\\\/revista\\\/construccion\\\/alrededor-de-10000-escuelas-resultaron-con-afectaciones-tras-sismos\\\/#breadcrumb\",\"itemListElement\":[{\"@type\":\"ListItem\",\"position\":1,\"name\":\"Portada\",\"item\":\"https:\\\/\\\/centrourbano.com\\\/revista\\\/\"},{\"@type\":\"ListItem\",\"position\":2,\"name\":\"Alrededor de 10,000 escuelas resultaron con afectaciones tras sismos\"}]},{\"@type\":\"WebSite\",\"@id\":\"https:\\\/\\\/centrourbano.com\\\/revista\\\/#website\",\"url\":\"https:\\\/\\\/centrourbano.com\\\/revista\\\/\",\"name\":\"Centro Urbano\",\"description\":\"Medio especializado en los sectores vivienda, inmobiliario, construcci\u00f3n, arquitectura y urbanismo.\",\"publisher\":{\"@id\":\"https:\\\/\\\/centrourbano.com\\\/revista\\\/#organization\"},\"potentialAction\":[{\"@type\":\"SearchAction\",\"target\":{\"@type\":\"EntryPoint\",\"urlTemplate\":\"https:\\\/\\\/centrourbano.com\\\/revista\\\/?s={search_term_string}\"},\"query-input\":{\"@type\":\"PropertyValueSpecification\",\"valueRequired\":true,\"valueName\":\"search_term_string\"}}],\"inLanguage\":\"es\"},{\"@type\":\"Organization\",\"@id\":\"https:\\\/\\\/centrourbano.com\\\/revista\\\/#organization\",\"name\":\"Centro Urbano\",\"url\":\"https:\\\/\\\/centrourbano.com\\\/revista\\\/\",\"logo\":{\"@type\":\"ImageObject\",\"inLanguage\":\"es\",\"@id\":\"https:\\\/\\\/centrourbano.com\\\/revista\\\/#\\\/schema\\\/logo\\\/image\\\/\",\"url\":\"https:\\\/\\\/centrourbano.com\\\/revista\\\/wp-content\\\/uploads\\\/web_CU_logo-1.png\",\"contentUrl\":\"https:\\\/\\\/centrourbano.com\\\/revista\\\/wp-content\\\/uploads\\\/web_CU_logo-1.png\",\"width\":350,\"height\":91,\"caption\":\"Centro Urbano\"},\"image\":{\"@id\":\"https:\\\/\\\/centrourbano.com\\\/revista\\\/#\\\/schema\\\/logo\\\/image\\\/\"},\"sameAs\":[\"https:\\\/\\\/www.facebook.com\\\/portalcentrourbano\",\"https:\\\/\\\/x.com\\\/CentroUrbano\",\"https:\\\/\\\/www.instagram.com\\\/centro_urbano\\\/\",\"https:\\\/\\\/www.linkedin.com\\\/company\\\/centro-urbano\\\/\",\"http:\\\/\\\/www.youtube.com\\\/user\\\/portalcentrourbano\"]},{\"@type\":\"Person\",\"@id\":\"https:\\\/\\\/centrourbano.com\\\/revista\\\/#\\\/schema\\\/person\\\/b45db815d96831257ba428a3d5a5fbdc\",\"name\":\"Dinorah Nava\",\"image\":{\"@type\":\"ImageObject\",\"inLanguage\":\"es\",\"@id\":\"https:\\\/\\\/secure.gravatar.com\\\/avatar\\\/f6ca6430c51d147f363940f84e1225aa4b8183885c11802cc3b042305a4ecc1a?s=96&d=mm&r=g\",\"url\":\"https:\\\/\\\/secure.gravatar.com\\\/avatar\\\/f6ca6430c51d147f363940f84e1225aa4b8183885c11802cc3b042305a4ecc1a?s=96&d=mm&r=g\",\"contentUrl\":\"https:\\\/\\\/secure.gravatar.com\\\/avatar\\\/f6ca6430c51d147f363940f84e1225aa4b8183885c11802cc3b042305a4ecc1a?s=96&d=mm&r=g\",\"caption\":\"Dinorah Nava\"},\"description\":\"Editora de Contenidos y Estrategias Digitales en Centro Urbano y Coeditora en Peri\u00f3dico Mi Casa. Egresada de la licenciatura en Comunicaci\u00f3n y Periodismo de la Facultad de Estudios Superiores Arag\u00f3n (UNAM). Amante de la edici\u00f3n y correcci\u00f3n de estilo, las redes sociales y el mundo digital. Especialista en temas son arquitectura, inmobiliario y urbanismo.\",\"sameAs\":[\"linkedin.com\\\/in\\\/dinorah-nava\",\"https:\\\/\\\/x.com\\\/https:\\\/\\\/twitter.com\\\/Dinorah_Nava28\"],\"url\":\"https:\\\/\\\/centrourbano.com\\\/revista\\\/author\\\/dinorah-nava\\\/\"}]}<\/script>\n<!-- \/ Yoast SEO plugin. -->","yoast_head_json":{"title":"Alrededor de 10,000 escuelas resultaron con afectaciones tras sismos","description":"El secretario de Educaci\u00f3n P\u00fablica asegura que se avanza en la revisi\u00f3n de planteles con el objetivo de garantizar seguridad a maestros y alumnos","robots":{"index":"index","follow":"follow","max-snippet":"max-snippet:-1","max-image-preview":"max-image-preview:large","max-video-preview":"max-video-preview:-1"},"canonical":"https:\/\/centrourbano.com\/revista\/construccion\/alrededor-de-10000-escuelas-resultaron-con-afectaciones-tras-sismos\/","og_locale":"es_ES","og_type":"article","og_title":"Alrededor de 10,000 escuelas resultaron con afectaciones tras sismos","og_description":"El secretario de Educaci\u00f3n P\u00fablica asegura que se avanza en la revisi\u00f3n de planteles con el objetivo de garantizar seguridad a maestros y alumnos","og_url":"https:\/\/centrourbano.com\/revista\/construccion\/alrededor-de-10000-escuelas-resultaron-con-afectaciones-tras-sismos\/","og_site_name":"Centro Urbano","article_publisher":"https:\/\/www.facebook.com\/portalcentrourbano","article_published_time":"2017-09-25T21:46:17+00:00","article_modified_time":"2017-09-25T21:47:01+00:00","og_image":[{"width":1000,"height":667,"url":"https:\/\/centrourbano.com\/revista\/wp-content\/uploads\/IMG_20170925_091450.jpg","type":"image\/jpeg"}],"author":"Dinorah Nava","twitter_card":"summary_large_image","twitter_creator":"@https:\/\/twitter.com\/Dinorah_Nava28","twitter_site":"@CentroUrbano","twitter_misc":{"Escrito por":"Dinorah Nava","Tiempo de lectura":"2 minutos"},"schema":{"@context":"https:\/\/schema.org","@graph":[{"@type":"Article","@id":"https:\/\/centrourbano.com\/revista\/construccion\/alrededor-de-10000-escuelas-resultaron-con-afectaciones-tras-sismos\/#article","isPartOf":{"@id":"https:\/\/centrourbano.com\/revista\/construccion\/alrededor-de-10000-escuelas-resultaron-con-afectaciones-tras-sismos\/"},"author":{"name":"Dinorah Nava","@id":"https:\/\/centrourbano.com\/revista\/#\/schema\/person\/b45db815d96831257ba428a3d5a5fbdc"},"headline":"Alrededor de 10,000 escuelas resultaron con afectaciones tras sismos","datePublished":"2017-09-25T21:46:17+00:00","dateModified":"2017-09-25T21:47:01+00:00","mainEntityOfPage":{"@id":"https:\/\/centrourbano.com\/revista\/construccion\/alrededor-de-10000-escuelas-resultaron-con-afectaciones-tras-sismos\/"},"wordCount":333,"commentCount":0,"publisher":{"@id":"https:\/\/centrourbano.com\/revista\/#organization"},"image":{"@id":"https:\/\/centrourbano.com\/revista\/construccion\/alrededor-de-10000-escuelas-resultaron-con-afectaciones-tras-sismos\/#primaryimage"},"thumbnailUrl":"https:\/\/centrourbano.com\/revista\/wp-content\/uploads\/IMG_20170925_091450.jpg","keywords":["Aurelio Nu\u00f1o","escuelas","sismos"],"articleSection":["Construcci\u00f3n"],"inLanguage":"es","potentialAction":[{"@type":"CommentAction","name":"Comment","target":["https:\/\/centrourbano.com\/revista\/construccion\/alrededor-de-10000-escuelas-resultaron-con-afectaciones-tras-sismos\/#respond"]}]},{"@type":"WebPage","@id":"https:\/\/centrourbano.com\/revista\/construccion\/alrededor-de-10000-escuelas-resultaron-con-afectaciones-tras-sismos\/","url":"https:\/\/centrourbano.com\/revista\/construccion\/alrededor-de-10000-escuelas-resultaron-con-afectaciones-tras-sismos\/","name":"Alrededor de 10,000 escuelas resultaron con afectaciones tras sismos","isPartOf":{"@id":"https:\/\/centrourbano.com\/revista\/#website"},"primaryImageOfPage":{"@id":"https:\/\/centrourbano.com\/revista\/construccion\/alrededor-de-10000-escuelas-resultaron-con-afectaciones-tras-sismos\/#primaryimage"},"image":{"@id":"https:\/\/centrourbano.com\/revista\/construccion\/alrededor-de-10000-escuelas-resultaron-con-afectaciones-tras-sismos\/#primaryimage"},"thumbnailUrl":"https:\/\/centrourbano.com\/revista\/wp-content\/uploads\/IMG_20170925_091450.jpg","datePublished":"2017-09-25T21:46:17+00:00","dateModified":"2017-09-25T21:47:01+00:00","description":"El secretario de Educaci\u00f3n P\u00fablica asegura que se avanza en la revisi\u00f3n de planteles con el objetivo de garantizar seguridad a maestros y alumnos","breadcrumb":{"@id":"https:\/\/centrourbano.com\/revista\/construccion\/alrededor-de-10000-escuelas-resultaron-con-afectaciones-tras-sismos\/#breadcrumb"},"inLanguage":"es","potentialAction":[{"@type":"ReadAction","target":["https:\/\/centrourbano.com\/revista\/construccion\/alrededor-de-10000-escuelas-resultaron-con-afectaciones-tras-sismos\/"]}]},{"@type":"ImageObject","inLanguage":"es","@id":"https:\/\/centrourbano.com\/revista\/construccion\/alrededor-de-10000-escuelas-resultaron-con-afectaciones-tras-sismos\/#primaryimage","url":"https:\/\/centrourbano.com\/revista\/wp-content\/uploads\/IMG_20170925_091450.jpg","contentUrl":"https:\/\/centrourbano.com\/revista\/wp-content\/uploads\/IMG_20170925_091450.jpg","width":1000,"height":667,"caption":"El secretario de Educaci\u00f3n P\u00fablica asegura que se avanza en la revisi\u00f3n de planteles con el objetivo de garantizar seguridad a maestros y alumnos"},{"@type":"BreadcrumbList","@id":"https:\/\/centrourbano.com\/revista\/construccion\/alrededor-de-10000-escuelas-resultaron-con-afectaciones-tras-sismos\/#breadcrumb","itemListElement":[{"@type":"ListItem","position":1,"name":"Portada","item":"https:\/\/centrourbano.com\/revista\/"},{"@type":"ListItem","position":2,"name":"Alrededor de 10,000 escuelas resultaron con afectaciones tras sismos"}]},{"@type":"WebSite","@id":"https:\/\/centrourbano.com\/revista\/#website","url":"https:\/\/centrourbano.com\/revista\/","name":"Centro Urbano","description":"Medio especializado en los sectores vivienda, inmobiliario, construcci\u00f3n, arquitectura y urbanismo.","publisher":{"@id":"https:\/\/centrourbano.com\/revista\/#organization"},"potentialAction":[{"@type":"SearchAction","target":{"@type":"EntryPoint","urlTemplate":"https:\/\/centrourbano.com\/revista\/?s={search_term_string}"},"query-input":{"@type":"PropertyValueSpecification","valueRequired":true,"valueName":"search_term_string"}}],"inLanguage":"es"},{"@type":"Organization","@id":"https:\/\/centrourbano.com\/revista\/#organization","name":"Centro Urbano","url":"https:\/\/centrourbano.com\/revista\/","logo":{"@type":"ImageObject","inLanguage":"es","@id":"https:\/\/centrourbano.com\/revista\/#\/schema\/logo\/image\/","url":"https:\/\/centrourbano.com\/revista\/wp-content\/uploads\/web_CU_logo-1.png","contentUrl":"https:\/\/centrourbano.com\/revista\/wp-content\/uploads\/web_CU_logo-1.png","width":350,"height":91,"caption":"Centro Urbano"},"image":{"@id":"https:\/\/centrourbano.com\/revista\/#\/schema\/logo\/image\/"},"sameAs":["https:\/\/www.facebook.com\/portalcentrourbano","https:\/\/x.com\/CentroUrbano","https:\/\/www.instagram.com\/centro_urbano\/","https:\/\/www.linkedin.com\/company\/centro-urbano\/","http:\/\/www.youtube.com\/user\/portalcentrourbano"]},{"@type":"Person","@id":"https:\/\/centrourbano.com\/revista\/#\/schema\/person\/b45db815d96831257ba428a3d5a5fbdc","name":"Dinorah Nava","image":{"@type":"ImageObject","inLanguage":"es","@id":"https:\/\/secure.gravatar.com\/avatar\/f6ca6430c51d147f363940f84e1225aa4b8183885c11802cc3b042305a4ecc1a?s=96&d=mm&r=g","url":"https:\/\/secure.gravatar.com\/avatar\/f6ca6430c51d147f363940f84e1225aa4b8183885c11802cc3b042305a4ecc1a?s=96&d=mm&r=g","contentUrl":"https:\/\/secure.gravatar.com\/avatar\/f6ca6430c51d147f363940f84e1225aa4b8183885c11802cc3b042305a4ecc1a?s=96&d=mm&r=g","caption":"Dinorah Nava"},"description":"Editora de Contenidos y Estrategias Digitales en Centro Urbano y Coeditora en Peri\u00f3dico Mi Casa. Egresada de la licenciatura en Comunicaci\u00f3n y Periodismo de la Facultad de Estudios Superiores Arag\u00f3n (UNAM). Amante de la edici\u00f3n y correcci\u00f3n de estilo, las redes sociales y el mundo digital. Especialista en temas son arquitectura, inmobiliario y urbanismo.","sameAs":["linkedin.com\/in\/dinorah-nava","https:\/\/x.com\/https:\/\/twitter.com\/Dinorah_Nava28"],"url":"https:\/\/centrourbano.com\/revista\/author\/dinorah-nava\/"}]}},"_links":{"self":[{"href":"https:\/\/centrourbano.com\/revista\/wp-json\/wp\/v2\/posts\/60250","targetHints":{"allow":["GET"]}}],"collection":[{"href":"https:\/\/centrourbano.com\/revista\/wp-json\/wp\/v2\/posts"}],"about":[{"href":"https:\/\/centrourbano.com\/revista\/wp-json\/wp\/v2\/types\/post"}],"author":[{"embeddable":true,"href":"https:\/\/centrourbano.com\/revista\/wp-json\/wp\/v2\/users\/9"}],"replies":[{"embeddable":true,"href":"https:\/\/centrourbano.com\/revista\/wp-json\/wp\/v2\/comments?post=60250"}],"version-history":[{"count":0,"href":"https:\/\/centrourbano.com\/revista\/wp-json\/wp\/v2\/posts\/60250\/revisions"}],"wp:featuredmedia":[{"embeddable":true,"href":"https:\/\/centrourbano.com\/revista\/wp-json\/wp\/v2\/media\/60254"}],"wp:attachment":[{"href":"https:\/\/centrourbano.com\/revista\/wp-json\/wp\/v2\/media?parent=60250"}],"wp:term":[{"taxonomy":"category","embeddable":true,"href":"https:\/\/centrourbano.com\/revista\/wp-json\/wp\/v2\/categories?post=60250"},{"taxonomy":"post_tag","embeddable":true,"href":"https:\/\/centrourbano.com\/revista\/wp-json\/wp\/v2\/tags?post=60250"}],"curies":[{"name":"wp","href":"https:\/\/api.w.org\/{rel}","templated":true}]}}