{"id":60177,"date":"2017-09-24T13:00:34","date_gmt":"2017-09-24T18:00:34","guid":{"rendered":"https:\/\/centrourbano.com\/?p=60177"},"modified":"2017-09-24T19:24:19","modified_gmt":"2017-09-25T00:24:19","slug":"fovissste-apoyara-la-reconstruccion-vivienda","status":"publish","type":"post","link":"https:\/\/centrourbano.com\/revista\/vivienda\/fovissste-apoyara-la-reconstruccion-vivienda\/","title":{"rendered":"Fovissste apoyar\u00e1 en la reconstrucci\u00f3n de vivienda"},"content":{"rendered":"<p><em>El organismo flexibiliz\u00f3 el esquema del Cr\u00e9dito Tradicional para apoyar a los afectados por el sismo <\/em><!--more--><\/p>\n<p>El Fondo de la Vivienda del Issste (<a href=\"https:\/\/www.gob.mx\/fovissste\" rel=\"noopener\" target=\"_blank\">Fovissste<\/a>) dio a conocer que a partir de este 24 de septiembre el Cr\u00e9dito Tradicional que otorga podr\u00e1 ser utilizado para <strong>reconstrucci\u00f3n<\/strong>, <strong>reparaci\u00f3n <\/strong>o <strong>mejoramiento<\/strong> de vivienda. <\/p>\n<p>A trav\u00e9s de un comunicado, el organismo detall\u00f3 que los trabajadores del Estado que ya cuenta con un financiamiento aprobado, tendr\u00e1n hasta el 6 de octubre para hacer modificaciones y aplicarlo en la modalidad de reparaci\u00f3n. <\/p>\n<p>El Fondo record\u00f3 que los derechohabientes que mantengan cr\u00e9dito vigente cuentan con un seguro de da\u00f1os, el cual podr\u00e1 cubrir las afectaciones causadas por el sismo del martes 19 de septiembre pasado.  <\/p>\n<p>El organismo record\u00f3 que para solicitar un cr\u00e9dito los trabajadores deben cumplir con los siguientes requisitos: <\/p>\n<p>\u2022\tContar con un m\u00ednimo de 18 meses de aportaciones en la Subcuenta de Vivienda del Sistema de Ahorro para el Retiro (SAR).<br \/>\n\u2022\tNo encontrarse en proceso de dictamen para el otorgamiento de pensi\u00f3n temporal o definitiva por invalidez o incapacidad total, parcial o temporal o en proceso de retiro voluntario conforme a la Ley.<\/p>\n<p>Para m\u00e1s informaci\u00f3n, el Fovissste pone a disposici\u00f3n de sus derechohabientes el tel\u00e9fono 01 800 3684 783; adem\u00e1s de invitar a los trabajadores acudir a los departamentos de vivienda para reportar da\u00f1os y hacer efectivo el seguro.<\/p>\n","protected":false},"excerpt":{"rendered":"<p>El organismo flexibiliz\u00f3 el esquema del Cr\u00e9dito Tradicional para apoyar a los afectados por el sismo<\/p>\n","protected":false},"author":47,"featured_media":58373,"comment_status":"open","ping_status":"closed","sticky":false,"template":"","format":"standard","meta":{"om_disable_all_campaigns":false,"inline_featured_image":false,"_monsterinsights_skip_tracking":false,"_monsterinsights_sitenote_active":false,"_monsterinsights_sitenote_note":"","_monsterinsights_sitenote_category":0,"footnotes":""},"categories":[12],"tags":[7424,155,11408,1441,60],"class_list":["post-60177","post","type-post","status-publish","format-standard","has-post-thumbnail","hentry","category-vivienda","tag-credito-tradicional","tag-fovissste","tag-rconstruccion","tag-sismo","tag-vivienda-2"],"yoast_head":"<!-- This site is optimized with the Yoast SEO plugin v27.4 - https:\/\/yoast.com\/product\/yoast-seo-wordpress\/ -->\n<title>Fovissste apoyar\u00e1 en la reconstrucci\u00f3n de vivienda -<\/title>\n<meta name=\"description\" content=\"El Fondo de la Vivienda del Issste (Fovissste) dio a conocer que a partir de este 24 de septiembre el Cr\u00e9dito Tradicional que otorga podr\u00e1 ser utilizado para reconstrucci\u00f3n, reparaci\u00f3n o mejoramiento de vivienda.\" \/>\n<meta name=\"robots\" content=\"index, follow, max-snippet:-1, max-image-preview:large, max-video-preview:-1\" \/>\n<link rel=\"canonical\" href=\"https:\/\/centrourbano.com\/revista\/vivienda\/fovissste-apoyara-la-reconstruccion-vivienda\/\" \/>\n<meta property=\"og:locale\" content=\"es_ES\" \/>\n<meta property=\"og:type\" content=\"article\" \/>\n<meta property=\"og:title\" content=\"Fovissste apoyar\u00e1 en la reconstrucci\u00f3n de vivienda -\" \/>\n<meta property=\"og:description\" content=\"El Fondo de la Vivienda del Issste (Fovissste) dio a conocer que a partir de este 24 de septiembre el Cr\u00e9dito Tradicional que otorga podr\u00e1 ser utilizado para reconstrucci\u00f3n, reparaci\u00f3n o mejoramiento de vivienda.\" \/>\n<meta property=\"og:url\" content=\"https:\/\/centrourbano.com\/revista\/vivienda\/fovissste-apoyara-la-reconstruccion-vivienda\/\" \/>\n<meta property=\"og:site_name\" content=\"Centro Urbano\" \/>\n<meta property=\"article:publisher\" content=\"https:\/\/www.facebook.com\/portalcentrourbano\" \/>\n<meta property=\"article:published_time\" content=\"2017-09-24T18:00:34+00:00\" \/>\n<meta property=\"article:modified_time\" content=\"2017-09-25T00:24:19+00:00\" \/>\n<meta property=\"og:image\" content=\"https:\/\/centrourbano.com\/revista\/wp-content\/uploads\/Godina_ExpoFovissste2.jpeg\" \/>\n\t<meta property=\"og:image:width\" content=\"800\" \/>\n\t<meta property=\"og:image:height\" content=\"533\" \/>\n\t<meta property=\"og:image:type\" content=\"image\/jpeg\" \/>\n<meta name=\"author\" content=\"Edgar Rosas\" \/>\n<meta name=\"twitter:card\" content=\"summary_large_image\" \/>\n<meta name=\"twitter:creator\" content=\"@https:\/\/twitter.com\/ERosasCU?s=09\" \/>\n<meta name=\"twitter:site\" content=\"@CentroUrbano\" \/>\n<meta name=\"twitter:label1\" content=\"Escrito por\" \/>\n\t<meta name=\"twitter:data1\" content=\"Edgar Rosas\" \/>\n\t<meta name=\"twitter:label2\" content=\"Tiempo de lectura\" \/>\n\t<meta name=\"twitter:data2\" content=\"1 minuto\" \/>\n<script type=\"application\/ld+json\" class=\"yoast-schema-graph\">{\"@context\":\"https:\\\/\\\/schema.org\",\"@graph\":[{\"@type\":\"Article\",\"@id\":\"https:\\\/\\\/centrourbano.com\\\/revista\\\/vivienda\\\/fovissste-apoyara-la-reconstruccion-vivienda\\\/#article\",\"isPartOf\":{\"@id\":\"https:\\\/\\\/centrourbano.com\\\/revista\\\/vivienda\\\/fovissste-apoyara-la-reconstruccion-vivienda\\\/\"},\"author\":{\"name\":\"Edgar Rosas\",\"@id\":\"https:\\\/\\\/centrourbano.com\\\/revista\\\/#\\\/schema\\\/person\\\/ff3c00651ce5b1630479d2cd0c2e3ac0\"},\"headline\":\"Fovissste apoyar\u00e1 en la reconstrucci\u00f3n de vivienda\",\"datePublished\":\"2017-09-24T18:00:34+00:00\",\"dateModified\":\"2017-09-25T00:24:19+00:00\",\"mainEntityOfPage\":{\"@id\":\"https:\\\/\\\/centrourbano.com\\\/revista\\\/vivienda\\\/fovissste-apoyara-la-reconstruccion-vivienda\\\/\"},\"wordCount\":243,\"commentCount\":0,\"publisher\":{\"@id\":\"https:\\\/\\\/centrourbano.com\\\/revista\\\/#organization\"},\"image\":{\"@id\":\"https:\\\/\\\/centrourbano.com\\\/revista\\\/vivienda\\\/fovissste-apoyara-la-reconstruccion-vivienda\\\/#primaryimage\"},\"thumbnailUrl\":\"https:\\\/\\\/centrourbano.com\\\/revista\\\/wp-content\\\/uploads\\\/Godina_ExpoFovissste2.jpeg\",\"keywords\":[\"Cr\u00e9dito Tradicional\",\"Fovissste\",\"Rconstrucci\u00f3n\",\"Sismo\",\"vivienda\"],\"articleSection\":[\"Vivienda\"],\"inLanguage\":\"es\",\"potentialAction\":[{\"@type\":\"CommentAction\",\"name\":\"Comment\",\"target\":[\"https:\\\/\\\/centrourbano.com\\\/revista\\\/vivienda\\\/fovissste-apoyara-la-reconstruccion-vivienda\\\/#respond\"]}]},{\"@type\":\"WebPage\",\"@id\":\"https:\\\/\\\/centrourbano.com\\\/revista\\\/vivienda\\\/fovissste-apoyara-la-reconstruccion-vivienda\\\/\",\"url\":\"https:\\\/\\\/centrourbano.com\\\/revista\\\/vivienda\\\/fovissste-apoyara-la-reconstruccion-vivienda\\\/\",\"name\":\"Fovissste apoyar\u00e1 en la reconstrucci\u00f3n de vivienda -\",\"isPartOf\":{\"@id\":\"https:\\\/\\\/centrourbano.com\\\/revista\\\/#website\"},\"primaryImageOfPage\":{\"@id\":\"https:\\\/\\\/centrourbano.com\\\/revista\\\/vivienda\\\/fovissste-apoyara-la-reconstruccion-vivienda\\\/#primaryimage\"},\"image\":{\"@id\":\"https:\\\/\\\/centrourbano.com\\\/revista\\\/vivienda\\\/fovissste-apoyara-la-reconstruccion-vivienda\\\/#primaryimage\"},\"thumbnailUrl\":\"https:\\\/\\\/centrourbano.com\\\/revista\\\/wp-content\\\/uploads\\\/Godina_ExpoFovissste2.jpeg\",\"datePublished\":\"2017-09-24T18:00:34+00:00\",\"dateModified\":\"2017-09-25T00:24:19+00:00\",\"description\":\"El Fondo de la Vivienda del Issste (Fovissste) dio a conocer que a partir de este 24 de septiembre el Cr\u00e9dito Tradicional que otorga podr\u00e1 ser utilizado para reconstrucci\u00f3n, reparaci\u00f3n o mejoramiento de vivienda.\",\"breadcrumb\":{\"@id\":\"https:\\\/\\\/centrourbano.com\\\/revista\\\/vivienda\\\/fovissste-apoyara-la-reconstruccion-vivienda\\\/#breadcrumb\"},\"inLanguage\":\"es\",\"potentialAction\":[{\"@type\":\"ReadAction\",\"target\":[\"https:\\\/\\\/centrourbano.com\\\/revista\\\/vivienda\\\/fovissste-apoyara-la-reconstruccion-vivienda\\\/\"]}]},{\"@type\":\"ImageObject\",\"inLanguage\":\"es\",\"@id\":\"https:\\\/\\\/centrourbano.com\\\/revista\\\/vivienda\\\/fovissste-apoyara-la-reconstruccion-vivienda\\\/#primaryimage\",\"url\":\"https:\\\/\\\/centrourbano.com\\\/revista\\\/wp-content\\\/uploads\\\/Godina_ExpoFovissste2.jpeg\",\"contentUrl\":\"https:\\\/\\\/centrourbano.com\\\/revista\\\/wp-content\\\/uploads\\\/Godina_ExpoFovissste2.jpeg\",\"width\":800,\"height\":533,\"caption\":\"El fondo tambi\u00e9n contempla una aplicaci\u00f3n para detectar la demanda de cr\u00e9dito\"},{\"@type\":\"BreadcrumbList\",\"@id\":\"https:\\\/\\\/centrourbano.com\\\/revista\\\/vivienda\\\/fovissste-apoyara-la-reconstruccion-vivienda\\\/#breadcrumb\",\"itemListElement\":[{\"@type\":\"ListItem\",\"position\":1,\"name\":\"Portada\",\"item\":\"https:\\\/\\\/centrourbano.com\\\/revista\\\/\"},{\"@type\":\"ListItem\",\"position\":2,\"name\":\"Fovissste apoyar\u00e1 en la reconstrucci\u00f3n de vivienda\"}]},{\"@type\":\"WebSite\",\"@id\":\"https:\\\/\\\/centrourbano.com\\\/revista\\\/#website\",\"url\":\"https:\\\/\\\/centrourbano.com\\\/revista\\\/\",\"name\":\"Centro Urbano\",\"description\":\"Medio especializado en los sectores vivienda, inmobiliario, construcci\u00f3n, arquitectura y urbanismo.\",\"publisher\":{\"@id\":\"https:\\\/\\\/centrourbano.com\\\/revista\\\/#organization\"},\"potentialAction\":[{\"@type\":\"SearchAction\",\"target\":{\"@type\":\"EntryPoint\",\"urlTemplate\":\"https:\\\/\\\/centrourbano.com\\\/revista\\\/?s={search_term_string}\"},\"query-input\":{\"@type\":\"PropertyValueSpecification\",\"valueRequired\":true,\"valueName\":\"search_term_string\"}}],\"inLanguage\":\"es\"},{\"@type\":\"Organization\",\"@id\":\"https:\\\/\\\/centrourbano.com\\\/revista\\\/#organization\",\"name\":\"Centro Urbano\",\"url\":\"https:\\\/\\\/centrourbano.com\\\/revista\\\/\",\"logo\":{\"@type\":\"ImageObject\",\"inLanguage\":\"es\",\"@id\":\"https:\\\/\\\/centrourbano.com\\\/revista\\\/#\\\/schema\\\/logo\\\/image\\\/\",\"url\":\"https:\\\/\\\/centrourbano.com\\\/revista\\\/wp-content\\\/uploads\\\/web_CU_logo-1.png\",\"contentUrl\":\"https:\\\/\\\/centrourbano.com\\\/revista\\\/wp-content\\\/uploads\\\/web_CU_logo-1.png\",\"width\":350,\"height\":91,\"caption\":\"Centro Urbano\"},\"image\":{\"@id\":\"https:\\\/\\\/centrourbano.com\\\/revista\\\/#\\\/schema\\\/logo\\\/image\\\/\"},\"sameAs\":[\"https:\\\/\\\/www.facebook.com\\\/portalcentrourbano\",\"https:\\\/\\\/x.com\\\/CentroUrbano\",\"https:\\\/\\\/www.instagram.com\\\/centro_urbano\\\/\",\"https:\\\/\\\/www.linkedin.com\\\/company\\\/centro-urbano\\\/\",\"http:\\\/\\\/www.youtube.com\\\/user\\\/portalcentrourbano\"]},{\"@type\":\"Person\",\"@id\":\"https:\\\/\\\/centrourbano.com\\\/revista\\\/#\\\/schema\\\/person\\\/ff3c00651ce5b1630479d2cd0c2e3ac0\",\"name\":\"Edgar Rosas\",\"image\":{\"@type\":\"ImageObject\",\"inLanguage\":\"es\",\"@id\":\"https:\\\/\\\/secure.gravatar.com\\\/avatar\\\/94440c4283495211faa5300bf85e80061036b83fced868c3783aa1310b350d9c?s=96&d=mm&r=g\",\"url\":\"https:\\\/\\\/secure.gravatar.com\\\/avatar\\\/94440c4283495211faa5300bf85e80061036b83fced868c3783aa1310b350d9c?s=96&d=mm&r=g\",\"contentUrl\":\"https:\\\/\\\/secure.gravatar.com\\\/avatar\\\/94440c4283495211faa5300bf85e80061036b83fced868c3783aa1310b350d9c?s=96&d=mm&r=g\",\"caption\":\"Edgar Rosas\"},\"description\":\"Editor en Jefe de Centro Urbano. Egresado de la maestr\u00eda en Periodismo Pol\u00edtico de la Escuela de Periodismo Carlos Septi\u00e9n Garc\u00eda (EPCSG). Estudi\u00f3 la licenciatura en Comunicaci\u00f3n en la Universidad Mexicana. Amante de la cr\u00f3nica y el reportaje. Admirador de Vicente Le\u00f1ero y Miguel \u00c1ngel Granados Chapa.\",\"sameAs\":[\"https:\\\/\\\/x.com\\\/https:\\\/\\\/twitter.com\\\/ERosasCU?s=09\"],\"url\":\"https:\\\/\\\/centrourbano.com\\\/revista\\\/author\\\/edgar-rosas\\\/\"}]}<\/script>\n<!-- \/ Yoast SEO plugin. -->","yoast_head_json":{"title":"Fovissste apoyar\u00e1 en la reconstrucci\u00f3n de vivienda -","description":"El Fondo de la Vivienda del Issste (Fovissste) dio a conocer que a partir de este 24 de septiembre el Cr\u00e9dito Tradicional que otorga podr\u00e1 ser utilizado para reconstrucci\u00f3n, reparaci\u00f3n o mejoramiento de vivienda.","robots":{"index":"index","follow":"follow","max-snippet":"max-snippet:-1","max-image-preview":"max-image-preview:large","max-video-preview":"max-video-preview:-1"},"canonical":"https:\/\/centrourbano.com\/revista\/vivienda\/fovissste-apoyara-la-reconstruccion-vivienda\/","og_locale":"es_ES","og_type":"article","og_title":"Fovissste apoyar\u00e1 en la reconstrucci\u00f3n de vivienda -","og_description":"El Fondo de la Vivienda del Issste (Fovissste) dio a conocer que a partir de este 24 de septiembre el Cr\u00e9dito Tradicional que otorga podr\u00e1 ser utilizado para reconstrucci\u00f3n, reparaci\u00f3n o mejoramiento de vivienda.","og_url":"https:\/\/centrourbano.com\/revista\/vivienda\/fovissste-apoyara-la-reconstruccion-vivienda\/","og_site_name":"Centro Urbano","article_publisher":"https:\/\/www.facebook.com\/portalcentrourbano","article_published_time":"2017-09-24T18:00:34+00:00","article_modified_time":"2017-09-25T00:24:19+00:00","og_image":[{"width":800,"height":533,"url":"https:\/\/centrourbano.com\/revista\/wp-content\/uploads\/Godina_ExpoFovissste2.jpeg","type":"image\/jpeg"}],"author":"Edgar Rosas","twitter_card":"summary_large_image","twitter_creator":"@https:\/\/twitter.com\/ERosasCU?s=09","twitter_site":"@CentroUrbano","twitter_misc":{"Escrito por":"Edgar Rosas","Tiempo de lectura":"1 minuto"},"schema":{"@context":"https:\/\/schema.org","@graph":[{"@type":"Article","@id":"https:\/\/centrourbano.com\/revista\/vivienda\/fovissste-apoyara-la-reconstruccion-vivienda\/#article","isPartOf":{"@id":"https:\/\/centrourbano.com\/revista\/vivienda\/fovissste-apoyara-la-reconstruccion-vivienda\/"},"author":{"name":"Edgar Rosas","@id":"https:\/\/centrourbano.com\/revista\/#\/schema\/person\/ff3c00651ce5b1630479d2cd0c2e3ac0"},"headline":"Fovissste apoyar\u00e1 en la reconstrucci\u00f3n de vivienda","datePublished":"2017-09-24T18:00:34+00:00","dateModified":"2017-09-25T00:24:19+00:00","mainEntityOfPage":{"@id":"https:\/\/centrourbano.com\/revista\/vivienda\/fovissste-apoyara-la-reconstruccion-vivienda\/"},"wordCount":243,"commentCount":0,"publisher":{"@id":"https:\/\/centrourbano.com\/revista\/#organization"},"image":{"@id":"https:\/\/centrourbano.com\/revista\/vivienda\/fovissste-apoyara-la-reconstruccion-vivienda\/#primaryimage"},"thumbnailUrl":"https:\/\/centrourbano.com\/revista\/wp-content\/uploads\/Godina_ExpoFovissste2.jpeg","keywords":["Cr\u00e9dito Tradicional","Fovissste","Rconstrucci\u00f3n","Sismo","vivienda"],"articleSection":["Vivienda"],"inLanguage":"es","potentialAction":[{"@type":"CommentAction","name":"Comment","target":["https:\/\/centrourbano.com\/revista\/vivienda\/fovissste-apoyara-la-reconstruccion-vivienda\/#respond"]}]},{"@type":"WebPage","@id":"https:\/\/centrourbano.com\/revista\/vivienda\/fovissste-apoyara-la-reconstruccion-vivienda\/","url":"https:\/\/centrourbano.com\/revista\/vivienda\/fovissste-apoyara-la-reconstruccion-vivienda\/","name":"Fovissste apoyar\u00e1 en la reconstrucci\u00f3n de vivienda -","isPartOf":{"@id":"https:\/\/centrourbano.com\/revista\/#website"},"primaryImageOfPage":{"@id":"https:\/\/centrourbano.com\/revista\/vivienda\/fovissste-apoyara-la-reconstruccion-vivienda\/#primaryimage"},"image":{"@id":"https:\/\/centrourbano.com\/revista\/vivienda\/fovissste-apoyara-la-reconstruccion-vivienda\/#primaryimage"},"thumbnailUrl":"https:\/\/centrourbano.com\/revista\/wp-content\/uploads\/Godina_ExpoFovissste2.jpeg","datePublished":"2017-09-24T18:00:34+00:00","dateModified":"2017-09-25T00:24:19+00:00","description":"El Fondo de la Vivienda del Issste (Fovissste) dio a conocer que a partir de este 24 de septiembre el Cr\u00e9dito Tradicional que otorga podr\u00e1 ser utilizado para reconstrucci\u00f3n, reparaci\u00f3n o mejoramiento de vivienda.","breadcrumb":{"@id":"https:\/\/centrourbano.com\/revista\/vivienda\/fovissste-apoyara-la-reconstruccion-vivienda\/#breadcrumb"},"inLanguage":"es","potentialAction":[{"@type":"ReadAction","target":["https:\/\/centrourbano.com\/revista\/vivienda\/fovissste-apoyara-la-reconstruccion-vivienda\/"]}]},{"@type":"ImageObject","inLanguage":"es","@id":"https:\/\/centrourbano.com\/revista\/vivienda\/fovissste-apoyara-la-reconstruccion-vivienda\/#primaryimage","url":"https:\/\/centrourbano.com\/revista\/wp-content\/uploads\/Godina_ExpoFovissste2.jpeg","contentUrl":"https:\/\/centrourbano.com\/revista\/wp-content\/uploads\/Godina_ExpoFovissste2.jpeg","width":800,"height":533,"caption":"El fondo tambi\u00e9n contempla una aplicaci\u00f3n para detectar la demanda de cr\u00e9dito"},{"@type":"BreadcrumbList","@id":"https:\/\/centrourbano.com\/revista\/vivienda\/fovissste-apoyara-la-reconstruccion-vivienda\/#breadcrumb","itemListElement":[{"@type":"ListItem","position":1,"name":"Portada","item":"https:\/\/centrourbano.com\/revista\/"},{"@type":"ListItem","position":2,"name":"Fovissste apoyar\u00e1 en la reconstrucci\u00f3n de vivienda"}]},{"@type":"WebSite","@id":"https:\/\/centrourbano.com\/revista\/#website","url":"https:\/\/centrourbano.com\/revista\/","name":"Centro Urbano","description":"Medio especializado en los sectores vivienda, inmobiliario, construcci\u00f3n, arquitectura y urbanismo.","publisher":{"@id":"https:\/\/centrourbano.com\/revista\/#organization"},"potentialAction":[{"@type":"SearchAction","target":{"@type":"EntryPoint","urlTemplate":"https:\/\/centrourbano.com\/revista\/?s={search_term_string}"},"query-input":{"@type":"PropertyValueSpecification","valueRequired":true,"valueName":"search_term_string"}}],"inLanguage":"es"},{"@type":"Organization","@id":"https:\/\/centrourbano.com\/revista\/#organization","name":"Centro Urbano","url":"https:\/\/centrourbano.com\/revista\/","logo":{"@type":"ImageObject","inLanguage":"es","@id":"https:\/\/centrourbano.com\/revista\/#\/schema\/logo\/image\/","url":"https:\/\/centrourbano.com\/revista\/wp-content\/uploads\/web_CU_logo-1.png","contentUrl":"https:\/\/centrourbano.com\/revista\/wp-content\/uploads\/web_CU_logo-1.png","width":350,"height":91,"caption":"Centro Urbano"},"image":{"@id":"https:\/\/centrourbano.com\/revista\/#\/schema\/logo\/image\/"},"sameAs":["https:\/\/www.facebook.com\/portalcentrourbano","https:\/\/x.com\/CentroUrbano","https:\/\/www.instagram.com\/centro_urbano\/","https:\/\/www.linkedin.com\/company\/centro-urbano\/","http:\/\/www.youtube.com\/user\/portalcentrourbano"]},{"@type":"Person","@id":"https:\/\/centrourbano.com\/revista\/#\/schema\/person\/ff3c00651ce5b1630479d2cd0c2e3ac0","name":"Edgar Rosas","image":{"@type":"ImageObject","inLanguage":"es","@id":"https:\/\/secure.gravatar.com\/avatar\/94440c4283495211faa5300bf85e80061036b83fced868c3783aa1310b350d9c?s=96&d=mm&r=g","url":"https:\/\/secure.gravatar.com\/avatar\/94440c4283495211faa5300bf85e80061036b83fced868c3783aa1310b350d9c?s=96&d=mm&r=g","contentUrl":"https:\/\/secure.gravatar.com\/avatar\/94440c4283495211faa5300bf85e80061036b83fced868c3783aa1310b350d9c?s=96&d=mm&r=g","caption":"Edgar Rosas"},"description":"Editor en Jefe de Centro Urbano. Egresado de la maestr\u00eda en Periodismo Pol\u00edtico de la Escuela de Periodismo Carlos Septi\u00e9n Garc\u00eda (EPCSG). Estudi\u00f3 la licenciatura en Comunicaci\u00f3n en la Universidad Mexicana. Amante de la cr\u00f3nica y el reportaje. Admirador de Vicente Le\u00f1ero y Miguel \u00c1ngel Granados Chapa.","sameAs":["https:\/\/x.com\/https:\/\/twitter.com\/ERosasCU?s=09"],"url":"https:\/\/centrourbano.com\/revista\/author\/edgar-rosas\/"}]}},"_links":{"self":[{"href":"https:\/\/centrourbano.com\/revista\/wp-json\/wp\/v2\/posts\/60177","targetHints":{"allow":["GET"]}}],"collection":[{"href":"https:\/\/centrourbano.com\/revista\/wp-json\/wp\/v2\/posts"}],"about":[{"href":"https:\/\/centrourbano.com\/revista\/wp-json\/wp\/v2\/types\/post"}],"author":[{"embeddable":true,"href":"https:\/\/centrourbano.com\/revista\/wp-json\/wp\/v2\/users\/47"}],"replies":[{"embeddable":true,"href":"https:\/\/centrourbano.com\/revista\/wp-json\/wp\/v2\/comments?post=60177"}],"version-history":[{"count":0,"href":"https:\/\/centrourbano.com\/revista\/wp-json\/wp\/v2\/posts\/60177\/revisions"}],"wp:featuredmedia":[{"embeddable":true,"href":"https:\/\/centrourbano.com\/revista\/wp-json\/wp\/v2\/media\/58373"}],"wp:attachment":[{"href":"https:\/\/centrourbano.com\/revista\/wp-json\/wp\/v2\/media?parent=60177"}],"wp:term":[{"taxonomy":"category","embeddable":true,"href":"https:\/\/centrourbano.com\/revista\/wp-json\/wp\/v2\/categories?post=60177"},{"taxonomy":"post_tag","embeddable":true,"href":"https:\/\/centrourbano.com\/revista\/wp-json\/wp\/v2\/tags?post=60177"}],"curies":[{"name":"wp","href":"https:\/\/api.w.org\/{rel}","templated":true}]}}