{"id":60082,"date":"2017-09-21T18:12:47","date_gmt":"2017-09-21T23:12:47","guid":{"rendered":"https:\/\/centrourbano.com\/?p=60082"},"modified":"2017-09-21T19:17:30","modified_gmt":"2017-09-22T00:17:30","slug":"brigadas-aldf-diagnostico-viviendas","status":"publish","type":"post","link":"https:\/\/centrourbano.com\/revista\/vivienda\/brigadas-aldf-diagnostico-viviendas\/","title":{"rendered":"Brigadas de la ALDF hacen recorrido y diagn\u00f3stico de viviendas"},"content":{"rendered":"<p><em>En colaboraci\u00f3n con el Colegio de Urbanistas de M\u00e9xico se atendieron 32 solicitudes de apoyo, tales como dotaci\u00f3n de equipo para remover escombros\u00a0<\/em><!--more--><\/p>\n<p>Brigadas organizadas por la <a href=\"http:\/\/www.aldf.gob.mx\/comision-vivienda-729-1.html\" target=\"_blank\" rel=\"noopener noreferrer\"><strong>Comisi\u00f3n de Vivienda<\/strong><\/a> en la <a href=\"http:\/\/www.aldf.gob.mx\/\" target=\"_blank\" rel=\"noopener noreferrer\"><strong>Asamblea Legislativa del Distrito Federal<\/strong> <\/a>(ALDF), recorrieron colonias de la Delegaci\u00f3n Cuauht\u00e9moc para realizar un diagn\u00f3stico de las viviendas afectadas.<\/p>\n<p>Una de las brigadas\u00a0se encarg\u00f3 de identificar inmuebles visiblemente da\u00f1ados en la Obrera, Guerrero, Tr\u00e1nsito, Centro Hist\u00f3rico, Roma, Doctores y Condesa, donde los vecinos demandaron la realizaci\u00f3n de un peritaje urgente y un dictamen oficial que permita tener certeza si hay riesgo de colapso de sus viviendas.<\/p>\n<p><a href=\"https:\/\/twitter.com\/dunialudlow?lang=es\" target=\"_blank\" rel=\"noopener noreferrer\"><strong>Dunia Ludlow Deloya<\/strong><\/a>, presidenta de la Comisi\u00f3n, se\u00f1al\u00f3 que si bien hace falta el dictamen oficial, es evidente que muchos de estos edificios representan un alto riesgo para sus habitantes.<\/p>\n<p>Ante ello, la legisladora llam\u00f3 a las autoridades delegacionales, al gobierno capitalino y al sector privado a destinar peritos, estructuristas y directores responsables de obra para realizar los peritajes oficiales que le den certidumbre a la poblaci\u00f3n.<\/p>\n<p>Los brigadistas documentaron da\u00f1os severos en 47 diversos inmuebles, de los cuales 19 est\u00e1n ubicados en la colonia Centro, 15 en la Doctores y 3 en la Roma Norte. Entre otras cosas, se identificaron grietas horizontales en las trabes; desprendimientos de tabiques en los techos, cuarteaduras en castillos y escaleras agrietadas o separadas de las paredes.<\/p>\n<p>Asimismo, otra de las brigadas, en compa\u00f1\u00eda de ocho colaboradores del Colegio de Urbanistas de M\u00e9xico (ECUM), atendi\u00f3 32 solicitudes de apoyo, tales como dotaci\u00f3n de equipo para remover escombros, combustible, torres de luz, palas, l\u00e1mparas, cascos, guantes y picos, as\u00ed como en la realizaci\u00f3n de estudios previos para la identificaci\u00f3n de da\u00f1os estructurales.<\/p>\n<p>Las labores se realizaron con apoyo y colaboraci\u00f3n de la Asociaci\u00f3n de Desarrolladores Inmobiliarios (ADI), que mantendr\u00e1 su participaci\u00f3n a fin de gestionar maquinaria, equipo de rescate y asesor\u00eda t\u00e9cnica.<\/p>\n<p>Con base en cifras de las autoridades delegacionales, en la Cuauht\u00e9moc colapsaron 28 inmuebles y existen otros 27 en riesgo de derrumbe. De estos 55 predios, 14 se encuentran en la Roma Norte; 9 en la Ju\u00e1rez; 9 en la Cuauht\u00e9moc. El resto se encuentran distribuidos en 14 colonias.<\/p>\n<p>\u201cHay gente que se qued\u00f3 sin vivienda, tenemos que echar mano de todos los recursos econ\u00f3micos y t\u00e9cnicos para ayudarles a reponerse de esta tragedia. Una vez superada la emergencia, es necesario ponernos a trabajar en la demanda de vivienda de los afectados\u201d, expres\u00f3 la legisladora.<\/p>\n<p>Por \u00faltimo, la legisladora exhort\u00f3 a la poblaci\u00f3n, a las organizaciones sociales y a los gremios de profesionistas a colaborar con el trabajo de la Comisi\u00f3n de Vivienda o bien a sumarse a los grupos de trabajo que, una vez m\u00e1s, han mostrado la solidaridad excepcional y el esp\u00edritu de colaboraci\u00f3n que tienen los capitalinos.<\/p>\n","protected":false},"excerpt":{"rendered":"<p>En colaboraci\u00f3n con el Colegio de Urbanistas de M\u00e9xico se atendieron 32 solicitudes de apoyo, tales como dotaci\u00f3n de equipo para remover escombros\u00a0<\/p>\n","protected":false},"author":53,"featured_media":60083,"comment_status":"open","ping_status":"closed","sticky":false,"template":"","format":"standard","meta":{"om_disable_all_campaigns":false,"inline_featured_image":false,"_monsterinsights_skip_tracking":false,"_monsterinsights_sitenote_active":false,"_monsterinsights_sitenote_note":"","_monsterinsights_sitenote_category":0,"footnotes":""},"categories":[12],"tags":[332,9095,606,3220,7929,11390],"class_list":["post-60082","post","type-post","status-publish","format-standard","has-post-thumbnail","hentry","category-vivienda","tag-aldf","tag-asamblea-legislativa-del-distrito-federal","tag-cdmx","tag-comision-de-vivienda-de-la-asamblea-legislativa","tag-dunia-ludlow-deloya","tag-sismo-2017"],"yoast_head":"<!-- This site is optimized with the Yoast SEO plugin v27.5 - https:\/\/yoast.com\/product\/yoast-seo-wordpress\/ -->\n<title>Brigadas de la ALDF hacen recorrido y diagn\u00f3stico de viviendas<\/title>\n<meta name=\"description\" content=\"Una de las brigadas, en colaboraci\u00f3n con el Colegio de Urbanistas de M\u00e9xico, atendi\u00f3 32 solicitudes, tales como dotaci\u00f3n de equipo para remover escombros\" \/>\n<meta name=\"robots\" content=\"index, follow, max-snippet:-1, max-image-preview:large, max-video-preview:-1\" \/>\n<link rel=\"canonical\" href=\"https:\/\/centrourbano.com\/revista\/vivienda\/brigadas-aldf-diagnostico-viviendas\/\" \/>\n<meta property=\"og:locale\" content=\"es_ES\" \/>\n<meta property=\"og:type\" content=\"article\" \/>\n<meta property=\"og:title\" content=\"Brigadas de la ALDF hacen recorrido y diagn\u00f3stico de viviendas\" \/>\n<meta property=\"og:description\" content=\"Una de las brigadas, en colaboraci\u00f3n con el Colegio de Urbanistas de M\u00e9xico, atendi\u00f3 32 solicitudes, tales como dotaci\u00f3n de equipo para remover escombros\" \/>\n<meta property=\"og:url\" content=\"https:\/\/centrourbano.com\/revista\/vivienda\/brigadas-aldf-diagnostico-viviendas\/\" \/>\n<meta property=\"og:site_name\" content=\"Centro Urbano\" \/>\n<meta property=\"article:publisher\" content=\"https:\/\/www.facebook.com\/portalcentrourbano\" \/>\n<meta property=\"article:author\" content=\"facebook.com\/ro.garcia23\" \/>\n<meta property=\"article:published_time\" content=\"2017-09-21T23:12:47+00:00\" \/>\n<meta property=\"article:modified_time\" content=\"2017-09-22T00:17:30+00:00\" \/>\n<meta property=\"og:image\" content=\"https:\/\/centrourbano.com\/revista\/wp-content\/uploads\/Briagada_Coahuila-y-Cuauht\u00e9moc-e1506038884122.jpg\" \/>\n\t<meta property=\"og:image:width\" content=\"800\" \/>\n\t<meta property=\"og:image:height\" content=\"533\" \/>\n\t<meta property=\"og:image:type\" content=\"image\/jpeg\" \/>\n<meta name=\"author\" content=\"Roc\u00edo Garc\u00eda\" \/>\n<meta name=\"twitter:card\" content=\"summary_large_image\" \/>\n<meta name=\"twitter:creator\" content=\"@CentroUrbano\" \/>\n<meta name=\"twitter:site\" content=\"@CentroUrbano\" \/>\n<meta name=\"twitter:label1\" content=\"Escrito por\" \/>\n\t<meta name=\"twitter:data1\" content=\"Roc\u00edo Garc\u00eda\" \/>\n\t<meta name=\"twitter:label2\" content=\"Tiempo de lectura\" \/>\n\t<meta name=\"twitter:data2\" content=\"2 minutos\" \/>\n<script type=\"application\/ld+json\" class=\"yoast-schema-graph\">{\"@context\":\"https:\\\/\\\/schema.org\",\"@graph\":[{\"@type\":\"Article\",\"@id\":\"https:\\\/\\\/centrourbano.com\\\/revista\\\/vivienda\\\/brigadas-aldf-diagnostico-viviendas\\\/#article\",\"isPartOf\":{\"@id\":\"https:\\\/\\\/centrourbano.com\\\/revista\\\/vivienda\\\/brigadas-aldf-diagnostico-viviendas\\\/\"},\"author\":{\"name\":\"Roc\u00edo Garc\u00eda\",\"@id\":\"https:\\\/\\\/centrourbano.com\\\/revista\\\/#\\\/schema\\\/person\\\/d448d0434ec4efdd3237fd50ff2f0269\"},\"headline\":\"Brigadas de la ALDF hacen recorrido y diagn\u00f3stico de viviendas\",\"datePublished\":\"2017-09-21T23:12:47+00:00\",\"dateModified\":\"2017-09-22T00:17:30+00:00\",\"mainEntityOfPage\":{\"@id\":\"https:\\\/\\\/centrourbano.com\\\/revista\\\/vivienda\\\/brigadas-aldf-diagnostico-viviendas\\\/\"},\"wordCount\":493,\"commentCount\":0,\"publisher\":{\"@id\":\"https:\\\/\\\/centrourbano.com\\\/revista\\\/#organization\"},\"image\":{\"@id\":\"https:\\\/\\\/centrourbano.com\\\/revista\\\/vivienda\\\/brigadas-aldf-diagnostico-viviendas\\\/#primaryimage\"},\"thumbnailUrl\":\"https:\\\/\\\/centrourbano.com\\\/revista\\\/wp-content\\\/uploads\\\/Briagada_Coahuila-y-Cuauht\u00e9moc-e1506038884122.jpg\",\"keywords\":[\"ALDF\",\"Asamblea Legislativa del Distrito Federal\",\"CDMX\",\"Comisi\u00f3n de Vivienda de la Asamblea Legislativa\",\"Dunia Ludlow Deloya\",\"Sismo 2017\"],\"articleSection\":[\"Vivienda\"],\"inLanguage\":\"es\",\"potentialAction\":[{\"@type\":\"CommentAction\",\"name\":\"Comment\",\"target\":[\"https:\\\/\\\/centrourbano.com\\\/revista\\\/vivienda\\\/brigadas-aldf-diagnostico-viviendas\\\/#respond\"]}]},{\"@type\":\"WebPage\",\"@id\":\"https:\\\/\\\/centrourbano.com\\\/revista\\\/vivienda\\\/brigadas-aldf-diagnostico-viviendas\\\/\",\"url\":\"https:\\\/\\\/centrourbano.com\\\/revista\\\/vivienda\\\/brigadas-aldf-diagnostico-viviendas\\\/\",\"name\":\"Brigadas de la ALDF hacen recorrido y diagn\u00f3stico de viviendas\",\"isPartOf\":{\"@id\":\"https:\\\/\\\/centrourbano.com\\\/revista\\\/#website\"},\"primaryImageOfPage\":{\"@id\":\"https:\\\/\\\/centrourbano.com\\\/revista\\\/vivienda\\\/brigadas-aldf-diagnostico-viviendas\\\/#primaryimage\"},\"image\":{\"@id\":\"https:\\\/\\\/centrourbano.com\\\/revista\\\/vivienda\\\/brigadas-aldf-diagnostico-viviendas\\\/#primaryimage\"},\"thumbnailUrl\":\"https:\\\/\\\/centrourbano.com\\\/revista\\\/wp-content\\\/uploads\\\/Briagada_Coahuila-y-Cuauht\u00e9moc-e1506038884122.jpg\",\"datePublished\":\"2017-09-21T23:12:47+00:00\",\"dateModified\":\"2017-09-22T00:17:30+00:00\",\"description\":\"Una de las brigadas, en colaboraci\u00f3n con el Colegio de Urbanistas de M\u00e9xico, atendi\u00f3 32 solicitudes, tales como dotaci\u00f3n de equipo para remover escombros\",\"breadcrumb\":{\"@id\":\"https:\\\/\\\/centrourbano.com\\\/revista\\\/vivienda\\\/brigadas-aldf-diagnostico-viviendas\\\/#breadcrumb\"},\"inLanguage\":\"es\",\"potentialAction\":[{\"@type\":\"ReadAction\",\"target\":[\"https:\\\/\\\/centrourbano.com\\\/revista\\\/vivienda\\\/brigadas-aldf-diagnostico-viviendas\\\/\"]}]},{\"@type\":\"ImageObject\",\"inLanguage\":\"es\",\"@id\":\"https:\\\/\\\/centrourbano.com\\\/revista\\\/vivienda\\\/brigadas-aldf-diagnostico-viviendas\\\/#primaryimage\",\"url\":\"https:\\\/\\\/centrourbano.com\\\/revista\\\/wp-content\\\/uploads\\\/Briagada_Coahuila-y-Cuauht\u00e9moc-e1506038884122.jpg\",\"contentUrl\":\"https:\\\/\\\/centrourbano.com\\\/revista\\\/wp-content\\\/uploads\\\/Briagada_Coahuila-y-Cuauht\u00e9moc-e1506038884122.jpg\",\"width\":800,\"height\":533,\"caption\":\"Una de las brigadas, en colaboraci\u00f3n con el Colegio de Urbanistas de M\u00e9xico, atendi\u00f3 32 solicitudes, tales como dotaci\u00f3n de equipo para remover escombros\"},{\"@type\":\"BreadcrumbList\",\"@id\":\"https:\\\/\\\/centrourbano.com\\\/revista\\\/vivienda\\\/brigadas-aldf-diagnostico-viviendas\\\/#breadcrumb\",\"itemListElement\":[{\"@type\":\"ListItem\",\"position\":1,\"name\":\"Portada\",\"item\":\"https:\\\/\\\/centrourbano.com\\\/revista\\\/\"},{\"@type\":\"ListItem\",\"position\":2,\"name\":\"Brigadas de la ALDF hacen recorrido y diagn\u00f3stico de viviendas\"}]},{\"@type\":\"WebSite\",\"@id\":\"https:\\\/\\\/centrourbano.com\\\/revista\\\/#website\",\"url\":\"https:\\\/\\\/centrourbano.com\\\/revista\\\/\",\"name\":\"Centro Urbano\",\"description\":\"Medio especializado en los sectores vivienda, inmobiliario, construcci\u00f3n, arquitectura y urbanismo.\",\"publisher\":{\"@id\":\"https:\\\/\\\/centrourbano.com\\\/revista\\\/#organization\"},\"potentialAction\":[{\"@type\":\"SearchAction\",\"target\":{\"@type\":\"EntryPoint\",\"urlTemplate\":\"https:\\\/\\\/centrourbano.com\\\/revista\\\/?s={search_term_string}\"},\"query-input\":{\"@type\":\"PropertyValueSpecification\",\"valueRequired\":true,\"valueName\":\"search_term_string\"}}],\"inLanguage\":\"es\"},{\"@type\":\"Organization\",\"@id\":\"https:\\\/\\\/centrourbano.com\\\/revista\\\/#organization\",\"name\":\"Centro Urbano\",\"url\":\"https:\\\/\\\/centrourbano.com\\\/revista\\\/\",\"logo\":{\"@type\":\"ImageObject\",\"inLanguage\":\"es\",\"@id\":\"https:\\\/\\\/centrourbano.com\\\/revista\\\/#\\\/schema\\\/logo\\\/image\\\/\",\"url\":\"https:\\\/\\\/centrourbano.com\\\/revista\\\/wp-content\\\/uploads\\\/web_CU_logo-1.png\",\"contentUrl\":\"https:\\\/\\\/centrourbano.com\\\/revista\\\/wp-content\\\/uploads\\\/web_CU_logo-1.png\",\"width\":350,\"height\":91,\"caption\":\"Centro Urbano\"},\"image\":{\"@id\":\"https:\\\/\\\/centrourbano.com\\\/revista\\\/#\\\/schema\\\/logo\\\/image\\\/\"},\"sameAs\":[\"https:\\\/\\\/www.facebook.com\\\/portalcentrourbano\",\"https:\\\/\\\/x.com\\\/CentroUrbano\",\"https:\\\/\\\/www.instagram.com\\\/centro_urbano\\\/\",\"https:\\\/\\\/www.linkedin.com\\\/company\\\/centro-urbano\\\/\",\"http:\\\/\\\/www.youtube.com\\\/user\\\/portalcentrourbano\"]},{\"@type\":\"Person\",\"@id\":\"https:\\\/\\\/centrourbano.com\\\/revista\\\/#\\\/schema\\\/person\\\/d448d0434ec4efdd3237fd50ff2f0269\",\"name\":\"Roc\u00edo Garc\u00eda\",\"image\":{\"@type\":\"ImageObject\",\"inLanguage\":\"es\",\"@id\":\"https:\\\/\\\/secure.gravatar.com\\\/avatar\\\/a0e2f1ddfed432d8ad4b84b5dc2e19fc4c403753eb7578fd4dca22f8e2538fc8?s=96&d=mm&r=g\",\"url\":\"https:\\\/\\\/secure.gravatar.com\\\/avatar\\\/a0e2f1ddfed432d8ad4b84b5dc2e19fc4c403753eb7578fd4dca22f8e2538fc8?s=96&d=mm&r=g\",\"contentUrl\":\"https:\\\/\\\/secure.gravatar.com\\\/avatar\\\/a0e2f1ddfed432d8ad4b84b5dc2e19fc4c403753eb7578fd4dca22f8e2538fc8?s=96&d=mm&r=g\",\"caption\":\"Roc\u00edo Garc\u00eda\"},\"description\":\"Estudiante de Comunicaci\u00f3n de la Facultad de Estudios Superiores Acatl\u00e1n, con especialidad en Multimedia y Cultura. Apasionada por la radio, la m\u00fasica y la CDMX. Hablo mucho y r\u00edo m\u00e1s, me gusta la cumbia, las chelas y el rock n\u2019 roll.\",\"sameAs\":[\"facebook.com\\\/ro.garcia23\",\"https:\\\/\\\/www.instagram.com\\\/ch_chioo\\\/\"],\"url\":\"https:\\\/\\\/centrourbano.com\\\/revista\\\/author\\\/rocio-garcia\\\/\"}]}<\/script>\n<!-- \/ Yoast SEO plugin. -->","yoast_head_json":{"title":"Brigadas de la ALDF hacen recorrido y diagn\u00f3stico de viviendas","description":"Una de las brigadas, en colaboraci\u00f3n con el Colegio de Urbanistas de M\u00e9xico, atendi\u00f3 32 solicitudes, tales como dotaci\u00f3n de equipo para remover escombros","robots":{"index":"index","follow":"follow","max-snippet":"max-snippet:-1","max-image-preview":"max-image-preview:large","max-video-preview":"max-video-preview:-1"},"canonical":"https:\/\/centrourbano.com\/revista\/vivienda\/brigadas-aldf-diagnostico-viviendas\/","og_locale":"es_ES","og_type":"article","og_title":"Brigadas de la ALDF hacen recorrido y diagn\u00f3stico de viviendas","og_description":"Una de las brigadas, en colaboraci\u00f3n con el Colegio de Urbanistas de M\u00e9xico, atendi\u00f3 32 solicitudes, tales como dotaci\u00f3n de equipo para remover escombros","og_url":"https:\/\/centrourbano.com\/revista\/vivienda\/brigadas-aldf-diagnostico-viviendas\/","og_site_name":"Centro Urbano","article_publisher":"https:\/\/www.facebook.com\/portalcentrourbano","article_author":"facebook.com\/ro.garcia23","article_published_time":"2017-09-21T23:12:47+00:00","article_modified_time":"2017-09-22T00:17:30+00:00","og_image":[{"width":800,"height":533,"url":"https:\/\/centrourbano.com\/revista\/wp-content\/uploads\/Briagada_Coahuila-y-Cuauht\u00e9moc-e1506038884122.jpg","type":"image\/jpeg"}],"author":"Roc\u00edo Garc\u00eda","twitter_card":"summary_large_image","twitter_creator":"@CentroUrbano","twitter_site":"@CentroUrbano","twitter_misc":{"Escrito por":"Roc\u00edo Garc\u00eda","Tiempo de lectura":"2 minutos"},"schema":{"@context":"https:\/\/schema.org","@graph":[{"@type":"Article","@id":"https:\/\/centrourbano.com\/revista\/vivienda\/brigadas-aldf-diagnostico-viviendas\/#article","isPartOf":{"@id":"https:\/\/centrourbano.com\/revista\/vivienda\/brigadas-aldf-diagnostico-viviendas\/"},"author":{"name":"Roc\u00edo Garc\u00eda","@id":"https:\/\/centrourbano.com\/revista\/#\/schema\/person\/d448d0434ec4efdd3237fd50ff2f0269"},"headline":"Brigadas de la ALDF hacen recorrido y diagn\u00f3stico de viviendas","datePublished":"2017-09-21T23:12:47+00:00","dateModified":"2017-09-22T00:17:30+00:00","mainEntityOfPage":{"@id":"https:\/\/centrourbano.com\/revista\/vivienda\/brigadas-aldf-diagnostico-viviendas\/"},"wordCount":493,"commentCount":0,"publisher":{"@id":"https:\/\/centrourbano.com\/revista\/#organization"},"image":{"@id":"https:\/\/centrourbano.com\/revista\/vivienda\/brigadas-aldf-diagnostico-viviendas\/#primaryimage"},"thumbnailUrl":"https:\/\/centrourbano.com\/revista\/wp-content\/uploads\/Briagada_Coahuila-y-Cuauht\u00e9moc-e1506038884122.jpg","keywords":["ALDF","Asamblea Legislativa del Distrito Federal","CDMX","Comisi\u00f3n de Vivienda de la Asamblea Legislativa","Dunia Ludlow Deloya","Sismo 2017"],"articleSection":["Vivienda"],"inLanguage":"es","potentialAction":[{"@type":"CommentAction","name":"Comment","target":["https:\/\/centrourbano.com\/revista\/vivienda\/brigadas-aldf-diagnostico-viviendas\/#respond"]}]},{"@type":"WebPage","@id":"https:\/\/centrourbano.com\/revista\/vivienda\/brigadas-aldf-diagnostico-viviendas\/","url":"https:\/\/centrourbano.com\/revista\/vivienda\/brigadas-aldf-diagnostico-viviendas\/","name":"Brigadas de la ALDF hacen recorrido y diagn\u00f3stico de viviendas","isPartOf":{"@id":"https:\/\/centrourbano.com\/revista\/#website"},"primaryImageOfPage":{"@id":"https:\/\/centrourbano.com\/revista\/vivienda\/brigadas-aldf-diagnostico-viviendas\/#primaryimage"},"image":{"@id":"https:\/\/centrourbano.com\/revista\/vivienda\/brigadas-aldf-diagnostico-viviendas\/#primaryimage"},"thumbnailUrl":"https:\/\/centrourbano.com\/revista\/wp-content\/uploads\/Briagada_Coahuila-y-Cuauht\u00e9moc-e1506038884122.jpg","datePublished":"2017-09-21T23:12:47+00:00","dateModified":"2017-09-22T00:17:30+00:00","description":"Una de las brigadas, en colaboraci\u00f3n con el Colegio de Urbanistas de M\u00e9xico, atendi\u00f3 32 solicitudes, tales como dotaci\u00f3n de equipo para remover escombros","breadcrumb":{"@id":"https:\/\/centrourbano.com\/revista\/vivienda\/brigadas-aldf-diagnostico-viviendas\/#breadcrumb"},"inLanguage":"es","potentialAction":[{"@type":"ReadAction","target":["https:\/\/centrourbano.com\/revista\/vivienda\/brigadas-aldf-diagnostico-viviendas\/"]}]},{"@type":"ImageObject","inLanguage":"es","@id":"https:\/\/centrourbano.com\/revista\/vivienda\/brigadas-aldf-diagnostico-viviendas\/#primaryimage","url":"https:\/\/centrourbano.com\/revista\/wp-content\/uploads\/Briagada_Coahuila-y-Cuauht\u00e9moc-e1506038884122.jpg","contentUrl":"https:\/\/centrourbano.com\/revista\/wp-content\/uploads\/Briagada_Coahuila-y-Cuauht\u00e9moc-e1506038884122.jpg","width":800,"height":533,"caption":"Una de las brigadas, en colaboraci\u00f3n con el Colegio de Urbanistas de M\u00e9xico, atendi\u00f3 32 solicitudes, tales como dotaci\u00f3n de equipo para remover escombros"},{"@type":"BreadcrumbList","@id":"https:\/\/centrourbano.com\/revista\/vivienda\/brigadas-aldf-diagnostico-viviendas\/#breadcrumb","itemListElement":[{"@type":"ListItem","position":1,"name":"Portada","item":"https:\/\/centrourbano.com\/revista\/"},{"@type":"ListItem","position":2,"name":"Brigadas de la ALDF hacen recorrido y diagn\u00f3stico de viviendas"}]},{"@type":"WebSite","@id":"https:\/\/centrourbano.com\/revista\/#website","url":"https:\/\/centrourbano.com\/revista\/","name":"Centro Urbano","description":"Medio especializado en los sectores vivienda, inmobiliario, construcci\u00f3n, arquitectura y urbanismo.","publisher":{"@id":"https:\/\/centrourbano.com\/revista\/#organization"},"potentialAction":[{"@type":"SearchAction","target":{"@type":"EntryPoint","urlTemplate":"https:\/\/centrourbano.com\/revista\/?s={search_term_string}"},"query-input":{"@type":"PropertyValueSpecification","valueRequired":true,"valueName":"search_term_string"}}],"inLanguage":"es"},{"@type":"Organization","@id":"https:\/\/centrourbano.com\/revista\/#organization","name":"Centro Urbano","url":"https:\/\/centrourbano.com\/revista\/","logo":{"@type":"ImageObject","inLanguage":"es","@id":"https:\/\/centrourbano.com\/revista\/#\/schema\/logo\/image\/","url":"https:\/\/centrourbano.com\/revista\/wp-content\/uploads\/web_CU_logo-1.png","contentUrl":"https:\/\/centrourbano.com\/revista\/wp-content\/uploads\/web_CU_logo-1.png","width":350,"height":91,"caption":"Centro Urbano"},"image":{"@id":"https:\/\/centrourbano.com\/revista\/#\/schema\/logo\/image\/"},"sameAs":["https:\/\/www.facebook.com\/portalcentrourbano","https:\/\/x.com\/CentroUrbano","https:\/\/www.instagram.com\/centro_urbano\/","https:\/\/www.linkedin.com\/company\/centro-urbano\/","http:\/\/www.youtube.com\/user\/portalcentrourbano"]},{"@type":"Person","@id":"https:\/\/centrourbano.com\/revista\/#\/schema\/person\/d448d0434ec4efdd3237fd50ff2f0269","name":"Roc\u00edo Garc\u00eda","image":{"@type":"ImageObject","inLanguage":"es","@id":"https:\/\/secure.gravatar.com\/avatar\/a0e2f1ddfed432d8ad4b84b5dc2e19fc4c403753eb7578fd4dca22f8e2538fc8?s=96&d=mm&r=g","url":"https:\/\/secure.gravatar.com\/avatar\/a0e2f1ddfed432d8ad4b84b5dc2e19fc4c403753eb7578fd4dca22f8e2538fc8?s=96&d=mm&r=g","contentUrl":"https:\/\/secure.gravatar.com\/avatar\/a0e2f1ddfed432d8ad4b84b5dc2e19fc4c403753eb7578fd4dca22f8e2538fc8?s=96&d=mm&r=g","caption":"Roc\u00edo Garc\u00eda"},"description":"Estudiante de Comunicaci\u00f3n de la Facultad de Estudios Superiores Acatl\u00e1n, con especialidad en Multimedia y Cultura. Apasionada por la radio, la m\u00fasica y la CDMX. Hablo mucho y r\u00edo m\u00e1s, me gusta la cumbia, las chelas y el rock n\u2019 roll.","sameAs":["facebook.com\/ro.garcia23","https:\/\/www.instagram.com\/ch_chioo\/"],"url":"https:\/\/centrourbano.com\/revista\/author\/rocio-garcia\/"}]}},"_links":{"self":[{"href":"https:\/\/centrourbano.com\/revista\/wp-json\/wp\/v2\/posts\/60082","targetHints":{"allow":["GET"]}}],"collection":[{"href":"https:\/\/centrourbano.com\/revista\/wp-json\/wp\/v2\/posts"}],"about":[{"href":"https:\/\/centrourbano.com\/revista\/wp-json\/wp\/v2\/types\/post"}],"author":[{"embeddable":true,"href":"https:\/\/centrourbano.com\/revista\/wp-json\/wp\/v2\/users\/53"}],"replies":[{"embeddable":true,"href":"https:\/\/centrourbano.com\/revista\/wp-json\/wp\/v2\/comments?post=60082"}],"version-history":[{"count":0,"href":"https:\/\/centrourbano.com\/revista\/wp-json\/wp\/v2\/posts\/60082\/revisions"}],"wp:featuredmedia":[{"embeddable":true,"href":"https:\/\/centrourbano.com\/revista\/wp-json\/wp\/v2\/media\/60083"}],"wp:attachment":[{"href":"https:\/\/centrourbano.com\/revista\/wp-json\/wp\/v2\/media?parent=60082"}],"wp:term":[{"taxonomy":"category","embeddable":true,"href":"https:\/\/centrourbano.com\/revista\/wp-json\/wp\/v2\/categories?post=60082"},{"taxonomy":"post_tag","embeddable":true,"href":"https:\/\/centrourbano.com\/revista\/wp-json\/wp\/v2\/tags?post=60082"}],"curies":[{"name":"wp","href":"https:\/\/api.w.org\/{rel}","templated":true}]}}