{"id":60051,"date":"2017-09-20T15:17:33","date_gmt":"2017-09-20T20:17:33","guid":{"rendered":"https:\/\/centrourbano.com\/?p=60051"},"modified":"2017-09-20T15:25:34","modified_gmt":"2017-09-20T20:25:34","slug":"canadevi-aporta-equipo-ayudar-rescates","status":"publish","type":"post","link":"https:\/\/centrourbano.com\/revista\/actualidad\/canadevi-aporta-equipo-ayudar-rescates\/","title":{"rendered":"Canadevi aporta equipo para ayudar en rescates"},"content":{"rendered":"<p><em>Tambi\u00e9n invito a los interesados en sumarse a acudir a las instalaciones de la Comercial Mexicana de Pilares<\/em><br \/>\n<!--more--><\/p>\n<p>La C\u00e1mara Nacional de la Industria de Desarrollo y Promoci\u00f3n de la Vivienda (Canadevi) delegaci\u00f3n Valle de M\u00e9xico inform\u00f3 que pone a disposici\u00f3n  herramienta, madera, maquinaria, camiones, diesel, equipos de plantas de energ\u00eda el\u00e9ctrica y equipo de trabajo (cascos, guantes, etc) en Aras de apoyar a los trabajos de rescate en los edificio derrumbados.<\/p>\n<p>La organizaci\u00f3n empresarial destac\u00f3 que abri\u00f3 un centro de coordinaci\u00f3n en las instalaciones de la Comercial Mexicana de Pilares, en donde estar\u00e1 recibiendo apoyos,como equipo, adem\u00e1s de recibir a quienes deseen sumarse como voluntario.<\/p>\n<p>Tambi\u00e9n se\u00f1al\u00f3 que en en coordinaci\u00f3n con el Colegio de Arquitectos se est\u00e1 brindando la ayuda de especialista para la supervisi\u00f3n de estructuras bajo la direcci\u00f3n de arquitectos, ingenieros, estructuristas y DRO. Este apoyo se concentra en la calle de Veracruz 24, colonia Roma.<\/p>\n<p>La Canadevi llam\u00f3 a la ciudadan\u00eda que quiera cooperar como voluntario a acudir a cualquiera de las direcciones anteriores.<\/p>\n","protected":false},"excerpt":{"rendered":"<p>Tambi\u00e9n invito a los interesados en sumarse a acudir a las instalaciones de la Comercial Mexicana de Pilares<\/p>\n","protected":false},"author":47,"featured_media":60053,"comment_status":"open","ping_status":"closed","sticky":false,"template":"","format":"standard","meta":{"om_disable_all_campaigns":false,"inline_featured_image":false,"_monsterinsights_skip_tracking":false,"_monsterinsights_sitenote_active":false,"_monsterinsights_sitenote_note":"","_monsterinsights_sitenote_category":0,"footnotes":""},"categories":[80],"tags":[],"class_list":["post-60051","post","type-post","status-publish","format-standard","has-post-thumbnail","hentry","category-actualidad"],"yoast_head":"<!-- This site is optimized with the Yoast SEO plugin v27.4 - https:\/\/yoast.com\/product\/yoast-seo-wordpress\/ -->\n<title>Canadevi aporta equipo para ayudar en rescates -<\/title>\n<meta name=\"description\" content=\"La C\u00e1mara Nacional de la Industria de Desarrollo y Promoci\u00f3n de la Vivienda (Canadevi) delegaci\u00f3n Valle de M\u00e9xico inform\u00f3 que pone a disposici\u00f3n herramienta, madera, maquinaria, camiones, diesel, equipos de plantas de energ\u00eda el\u00e9ctrica y equipo de trabajo (cascos, guantes, etc) en Aras de apoyar a los trabajos de rescate en los edificio derrumbados.\" \/>\n<meta name=\"robots\" content=\"index, follow, max-snippet:-1, max-image-preview:large, max-video-preview:-1\" \/>\n<link rel=\"canonical\" href=\"https:\/\/centrourbano.com\/revista\/actualidad\/canadevi-aporta-equipo-ayudar-rescates\/\" \/>\n<meta property=\"og:locale\" content=\"es_ES\" \/>\n<meta property=\"og:type\" content=\"article\" \/>\n<meta property=\"og:title\" content=\"Canadevi aporta equipo para ayudar en rescates -\" \/>\n<meta property=\"og:description\" content=\"La C\u00e1mara Nacional de la Industria de Desarrollo y Promoci\u00f3n de la Vivienda (Canadevi) delegaci\u00f3n Valle de M\u00e9xico inform\u00f3 que pone a disposici\u00f3n herramienta, madera, maquinaria, camiones, diesel, equipos de plantas de energ\u00eda el\u00e9ctrica y equipo de trabajo (cascos, guantes, etc) en Aras de apoyar a los trabajos de rescate en los edificio derrumbados.\" \/>\n<meta property=\"og:url\" content=\"https:\/\/centrourbano.com\/revista\/actualidad\/canadevi-aporta-equipo-ayudar-rescates\/\" \/>\n<meta property=\"og:site_name\" content=\"Centro Urbano\" \/>\n<meta property=\"article:publisher\" content=\"https:\/\/www.facebook.com\/portalcentrourbano\" \/>\n<meta property=\"article:published_time\" content=\"2017-09-20T20:17:33+00:00\" \/>\n<meta property=\"article:modified_time\" content=\"2017-09-20T20:25:34+00:00\" \/>\n<meta property=\"og:image\" content=\"https:\/\/centrourbano.com\/revista\/wp-content\/uploads\/issste-e1505938597663.jpg\" \/>\n\t<meta property=\"og:image:width\" content=\"800\" \/>\n\t<meta property=\"og:image:height\" content=\"908\" \/>\n\t<meta property=\"og:image:type\" content=\"image\/jpeg\" \/>\n<meta name=\"author\" content=\"Edgar Rosas\" \/>\n<meta name=\"twitter:card\" content=\"summary_large_image\" \/>\n<meta name=\"twitter:creator\" content=\"@https:\/\/twitter.com\/ERosasCU?s=09\" \/>\n<meta name=\"twitter:site\" content=\"@CentroUrbano\" \/>\n<meta name=\"twitter:label1\" content=\"Escrito por\" \/>\n\t<meta name=\"twitter:data1\" content=\"Edgar Rosas\" \/>\n\t<meta name=\"twitter:label2\" content=\"Tiempo de lectura\" \/>\n\t<meta name=\"twitter:data2\" content=\"1 minuto\" \/>\n<script type=\"application\/ld+json\" class=\"yoast-schema-graph\">{\"@context\":\"https:\\\/\\\/schema.org\",\"@graph\":[{\"@type\":\"Article\",\"@id\":\"https:\\\/\\\/centrourbano.com\\\/revista\\\/actualidad\\\/canadevi-aporta-equipo-ayudar-rescates\\\/#article\",\"isPartOf\":{\"@id\":\"https:\\\/\\\/centrourbano.com\\\/revista\\\/actualidad\\\/canadevi-aporta-equipo-ayudar-rescates\\\/\"},\"author\":{\"name\":\"Edgar Rosas\",\"@id\":\"https:\\\/\\\/centrourbano.com\\\/revista\\\/#\\\/schema\\\/person\\\/ff3c00651ce5b1630479d2cd0c2e3ac0\"},\"headline\":\"Canadevi aporta equipo para ayudar en rescates\",\"datePublished\":\"2017-09-20T20:17:33+00:00\",\"dateModified\":\"2017-09-20T20:25:34+00:00\",\"mainEntityOfPage\":{\"@id\":\"https:\\\/\\\/centrourbano.com\\\/revista\\\/actualidad\\\/canadevi-aporta-equipo-ayudar-rescates\\\/\"},\"wordCount\":193,\"commentCount\":0,\"publisher\":{\"@id\":\"https:\\\/\\\/centrourbano.com\\\/revista\\\/#organization\"},\"image\":{\"@id\":\"https:\\\/\\\/centrourbano.com\\\/revista\\\/actualidad\\\/canadevi-aporta-equipo-ayudar-rescates\\\/#primaryimage\"},\"thumbnailUrl\":\"https:\\\/\\\/centrourbano.com\\\/revista\\\/wp-content\\\/uploads\\\/issste-e1505938597663.jpg\",\"articleSection\":[\"Actualidad\"],\"inLanguage\":\"es\",\"potentialAction\":[{\"@type\":\"CommentAction\",\"name\":\"Comment\",\"target\":[\"https:\\\/\\\/centrourbano.com\\\/revista\\\/actualidad\\\/canadevi-aporta-equipo-ayudar-rescates\\\/#respond\"]}]},{\"@type\":\"WebPage\",\"@id\":\"https:\\\/\\\/centrourbano.com\\\/revista\\\/actualidad\\\/canadevi-aporta-equipo-ayudar-rescates\\\/\",\"url\":\"https:\\\/\\\/centrourbano.com\\\/revista\\\/actualidad\\\/canadevi-aporta-equipo-ayudar-rescates\\\/\",\"name\":\"Canadevi aporta equipo para ayudar en rescates -\",\"isPartOf\":{\"@id\":\"https:\\\/\\\/centrourbano.com\\\/revista\\\/#website\"},\"primaryImageOfPage\":{\"@id\":\"https:\\\/\\\/centrourbano.com\\\/revista\\\/actualidad\\\/canadevi-aporta-equipo-ayudar-rescates\\\/#primaryimage\"},\"image\":{\"@id\":\"https:\\\/\\\/centrourbano.com\\\/revista\\\/actualidad\\\/canadevi-aporta-equipo-ayudar-rescates\\\/#primaryimage\"},\"thumbnailUrl\":\"https:\\\/\\\/centrourbano.com\\\/revista\\\/wp-content\\\/uploads\\\/issste-e1505938597663.jpg\",\"datePublished\":\"2017-09-20T20:17:33+00:00\",\"dateModified\":\"2017-09-20T20:25:34+00:00\",\"description\":\"La C\u00e1mara Nacional de la Industria de Desarrollo y Promoci\u00f3n de la Vivienda (Canadevi) delegaci\u00f3n Valle de M\u00e9xico inform\u00f3 que pone a disposici\u00f3n herramienta, madera, maquinaria, camiones, diesel, equipos de plantas de energ\u00eda el\u00e9ctrica y equipo de trabajo (cascos, guantes, etc) en Aras de apoyar a los trabajos de rescate en los edificio derrumbados.\",\"breadcrumb\":{\"@id\":\"https:\\\/\\\/centrourbano.com\\\/revista\\\/actualidad\\\/canadevi-aporta-equipo-ayudar-rescates\\\/#breadcrumb\"},\"inLanguage\":\"es\",\"potentialAction\":[{\"@type\":\"ReadAction\",\"target\":[\"https:\\\/\\\/centrourbano.com\\\/revista\\\/actualidad\\\/canadevi-aporta-equipo-ayudar-rescates\\\/\"]}]},{\"@type\":\"ImageObject\",\"inLanguage\":\"es\",\"@id\":\"https:\\\/\\\/centrourbano.com\\\/revista\\\/actualidad\\\/canadevi-aporta-equipo-ayudar-rescates\\\/#primaryimage\",\"url\":\"https:\\\/\\\/centrourbano.com\\\/revista\\\/wp-content\\\/uploads\\\/issste-e1505938597663.jpg\",\"contentUrl\":\"https:\\\/\\\/centrourbano.com\\\/revista\\\/wp-content\\\/uploads\\\/issste-e1505938597663.jpg\",\"width\":800,\"height\":908,\"caption\":\"Tambi\u00e9n invito a los interesados en sumarse a acudir a las instalaciones de la Comercial Mexicana de Pilares\"},{\"@type\":\"BreadcrumbList\",\"@id\":\"https:\\\/\\\/centrourbano.com\\\/revista\\\/actualidad\\\/canadevi-aporta-equipo-ayudar-rescates\\\/#breadcrumb\",\"itemListElement\":[{\"@type\":\"ListItem\",\"position\":1,\"name\":\"Portada\",\"item\":\"https:\\\/\\\/centrourbano.com\\\/revista\\\/\"},{\"@type\":\"ListItem\",\"position\":2,\"name\":\"Canadevi aporta equipo para ayudar en rescates\"}]},{\"@type\":\"WebSite\",\"@id\":\"https:\\\/\\\/centrourbano.com\\\/revista\\\/#website\",\"url\":\"https:\\\/\\\/centrourbano.com\\\/revista\\\/\",\"name\":\"Centro Urbano\",\"description\":\"Medio especializado en los sectores vivienda, inmobiliario, construcci\u00f3n, arquitectura y urbanismo.\",\"publisher\":{\"@id\":\"https:\\\/\\\/centrourbano.com\\\/revista\\\/#organization\"},\"potentialAction\":[{\"@type\":\"SearchAction\",\"target\":{\"@type\":\"EntryPoint\",\"urlTemplate\":\"https:\\\/\\\/centrourbano.com\\\/revista\\\/?s={search_term_string}\"},\"query-input\":{\"@type\":\"PropertyValueSpecification\",\"valueRequired\":true,\"valueName\":\"search_term_string\"}}],\"inLanguage\":\"es\"},{\"@type\":\"Organization\",\"@id\":\"https:\\\/\\\/centrourbano.com\\\/revista\\\/#organization\",\"name\":\"Centro Urbano\",\"url\":\"https:\\\/\\\/centrourbano.com\\\/revista\\\/\",\"logo\":{\"@type\":\"ImageObject\",\"inLanguage\":\"es\",\"@id\":\"https:\\\/\\\/centrourbano.com\\\/revista\\\/#\\\/schema\\\/logo\\\/image\\\/\",\"url\":\"https:\\\/\\\/centrourbano.com\\\/revista\\\/wp-content\\\/uploads\\\/web_CU_logo-1.png\",\"contentUrl\":\"https:\\\/\\\/centrourbano.com\\\/revista\\\/wp-content\\\/uploads\\\/web_CU_logo-1.png\",\"width\":350,\"height\":91,\"caption\":\"Centro Urbano\"},\"image\":{\"@id\":\"https:\\\/\\\/centrourbano.com\\\/revista\\\/#\\\/schema\\\/logo\\\/image\\\/\"},\"sameAs\":[\"https:\\\/\\\/www.facebook.com\\\/portalcentrourbano\",\"https:\\\/\\\/x.com\\\/CentroUrbano\",\"https:\\\/\\\/www.instagram.com\\\/centro_urbano\\\/\",\"https:\\\/\\\/www.linkedin.com\\\/company\\\/centro-urbano\\\/\",\"http:\\\/\\\/www.youtube.com\\\/user\\\/portalcentrourbano\"]},{\"@type\":\"Person\",\"@id\":\"https:\\\/\\\/centrourbano.com\\\/revista\\\/#\\\/schema\\\/person\\\/ff3c00651ce5b1630479d2cd0c2e3ac0\",\"name\":\"Edgar Rosas\",\"image\":{\"@type\":\"ImageObject\",\"inLanguage\":\"es\",\"@id\":\"https:\\\/\\\/secure.gravatar.com\\\/avatar\\\/94440c4283495211faa5300bf85e80061036b83fced868c3783aa1310b350d9c?s=96&d=mm&r=g\",\"url\":\"https:\\\/\\\/secure.gravatar.com\\\/avatar\\\/94440c4283495211faa5300bf85e80061036b83fced868c3783aa1310b350d9c?s=96&d=mm&r=g\",\"contentUrl\":\"https:\\\/\\\/secure.gravatar.com\\\/avatar\\\/94440c4283495211faa5300bf85e80061036b83fced868c3783aa1310b350d9c?s=96&d=mm&r=g\",\"caption\":\"Edgar Rosas\"},\"description\":\"Editor en Jefe de Centro Urbano. Egresado de la maestr\u00eda en Periodismo Pol\u00edtico de la Escuela de Periodismo Carlos Septi\u00e9n Garc\u00eda (EPCSG). Estudi\u00f3 la licenciatura en Comunicaci\u00f3n en la Universidad Mexicana. Amante de la cr\u00f3nica y el reportaje. Admirador de Vicente Le\u00f1ero y Miguel \u00c1ngel Granados Chapa.\",\"sameAs\":[\"https:\\\/\\\/x.com\\\/https:\\\/\\\/twitter.com\\\/ERosasCU?s=09\"],\"url\":\"https:\\\/\\\/centrourbano.com\\\/revista\\\/author\\\/edgar-rosas\\\/\"}]}<\/script>\n<!-- \/ Yoast SEO plugin. -->","yoast_head_json":{"title":"Canadevi aporta equipo para ayudar en rescates -","description":"La C\u00e1mara Nacional de la Industria de Desarrollo y Promoci\u00f3n de la Vivienda (Canadevi) delegaci\u00f3n Valle de M\u00e9xico inform\u00f3 que pone a disposici\u00f3n herramienta, madera, maquinaria, camiones, diesel, equipos de plantas de energ\u00eda el\u00e9ctrica y equipo de trabajo (cascos, guantes, etc) en Aras de apoyar a los trabajos de rescate en los edificio derrumbados.","robots":{"index":"index","follow":"follow","max-snippet":"max-snippet:-1","max-image-preview":"max-image-preview:large","max-video-preview":"max-video-preview:-1"},"canonical":"https:\/\/centrourbano.com\/revista\/actualidad\/canadevi-aporta-equipo-ayudar-rescates\/","og_locale":"es_ES","og_type":"article","og_title":"Canadevi aporta equipo para ayudar en rescates -","og_description":"La C\u00e1mara Nacional de la Industria de Desarrollo y Promoci\u00f3n de la Vivienda (Canadevi) delegaci\u00f3n Valle de M\u00e9xico inform\u00f3 que pone a disposici\u00f3n herramienta, madera, maquinaria, camiones, diesel, equipos de plantas de energ\u00eda el\u00e9ctrica y equipo de trabajo (cascos, guantes, etc) en Aras de apoyar a los trabajos de rescate en los edificio derrumbados.","og_url":"https:\/\/centrourbano.com\/revista\/actualidad\/canadevi-aporta-equipo-ayudar-rescates\/","og_site_name":"Centro Urbano","article_publisher":"https:\/\/www.facebook.com\/portalcentrourbano","article_published_time":"2017-09-20T20:17:33+00:00","article_modified_time":"2017-09-20T20:25:34+00:00","og_image":[{"width":800,"height":908,"url":"https:\/\/centrourbano.com\/revista\/wp-content\/uploads\/issste-e1505938597663.jpg","type":"image\/jpeg"}],"author":"Edgar Rosas","twitter_card":"summary_large_image","twitter_creator":"@https:\/\/twitter.com\/ERosasCU?s=09","twitter_site":"@CentroUrbano","twitter_misc":{"Escrito por":"Edgar Rosas","Tiempo de lectura":"1 minuto"},"schema":{"@context":"https:\/\/schema.org","@graph":[{"@type":"Article","@id":"https:\/\/centrourbano.com\/revista\/actualidad\/canadevi-aporta-equipo-ayudar-rescates\/#article","isPartOf":{"@id":"https:\/\/centrourbano.com\/revista\/actualidad\/canadevi-aporta-equipo-ayudar-rescates\/"},"author":{"name":"Edgar Rosas","@id":"https:\/\/centrourbano.com\/revista\/#\/schema\/person\/ff3c00651ce5b1630479d2cd0c2e3ac0"},"headline":"Canadevi aporta equipo para ayudar en rescates","datePublished":"2017-09-20T20:17:33+00:00","dateModified":"2017-09-20T20:25:34+00:00","mainEntityOfPage":{"@id":"https:\/\/centrourbano.com\/revista\/actualidad\/canadevi-aporta-equipo-ayudar-rescates\/"},"wordCount":193,"commentCount":0,"publisher":{"@id":"https:\/\/centrourbano.com\/revista\/#organization"},"image":{"@id":"https:\/\/centrourbano.com\/revista\/actualidad\/canadevi-aporta-equipo-ayudar-rescates\/#primaryimage"},"thumbnailUrl":"https:\/\/centrourbano.com\/revista\/wp-content\/uploads\/issste-e1505938597663.jpg","articleSection":["Actualidad"],"inLanguage":"es","potentialAction":[{"@type":"CommentAction","name":"Comment","target":["https:\/\/centrourbano.com\/revista\/actualidad\/canadevi-aporta-equipo-ayudar-rescates\/#respond"]}]},{"@type":"WebPage","@id":"https:\/\/centrourbano.com\/revista\/actualidad\/canadevi-aporta-equipo-ayudar-rescates\/","url":"https:\/\/centrourbano.com\/revista\/actualidad\/canadevi-aporta-equipo-ayudar-rescates\/","name":"Canadevi aporta equipo para ayudar en rescates -","isPartOf":{"@id":"https:\/\/centrourbano.com\/revista\/#website"},"primaryImageOfPage":{"@id":"https:\/\/centrourbano.com\/revista\/actualidad\/canadevi-aporta-equipo-ayudar-rescates\/#primaryimage"},"image":{"@id":"https:\/\/centrourbano.com\/revista\/actualidad\/canadevi-aporta-equipo-ayudar-rescates\/#primaryimage"},"thumbnailUrl":"https:\/\/centrourbano.com\/revista\/wp-content\/uploads\/issste-e1505938597663.jpg","datePublished":"2017-09-20T20:17:33+00:00","dateModified":"2017-09-20T20:25:34+00:00","description":"La C\u00e1mara Nacional de la Industria de Desarrollo y Promoci\u00f3n de la Vivienda (Canadevi) delegaci\u00f3n Valle de M\u00e9xico inform\u00f3 que pone a disposici\u00f3n herramienta, madera, maquinaria, camiones, diesel, equipos de plantas de energ\u00eda el\u00e9ctrica y equipo de trabajo (cascos, guantes, etc) en Aras de apoyar a los trabajos de rescate en los edificio derrumbados.","breadcrumb":{"@id":"https:\/\/centrourbano.com\/revista\/actualidad\/canadevi-aporta-equipo-ayudar-rescates\/#breadcrumb"},"inLanguage":"es","potentialAction":[{"@type":"ReadAction","target":["https:\/\/centrourbano.com\/revista\/actualidad\/canadevi-aporta-equipo-ayudar-rescates\/"]}]},{"@type":"ImageObject","inLanguage":"es","@id":"https:\/\/centrourbano.com\/revista\/actualidad\/canadevi-aporta-equipo-ayudar-rescates\/#primaryimage","url":"https:\/\/centrourbano.com\/revista\/wp-content\/uploads\/issste-e1505938597663.jpg","contentUrl":"https:\/\/centrourbano.com\/revista\/wp-content\/uploads\/issste-e1505938597663.jpg","width":800,"height":908,"caption":"Tambi\u00e9n invito a los interesados en sumarse a acudir a las instalaciones de la Comercial Mexicana de Pilares"},{"@type":"BreadcrumbList","@id":"https:\/\/centrourbano.com\/revista\/actualidad\/canadevi-aporta-equipo-ayudar-rescates\/#breadcrumb","itemListElement":[{"@type":"ListItem","position":1,"name":"Portada","item":"https:\/\/centrourbano.com\/revista\/"},{"@type":"ListItem","position":2,"name":"Canadevi aporta equipo para ayudar en rescates"}]},{"@type":"WebSite","@id":"https:\/\/centrourbano.com\/revista\/#website","url":"https:\/\/centrourbano.com\/revista\/","name":"Centro Urbano","description":"Medio especializado en los sectores vivienda, inmobiliario, construcci\u00f3n, arquitectura y urbanismo.","publisher":{"@id":"https:\/\/centrourbano.com\/revista\/#organization"},"potentialAction":[{"@type":"SearchAction","target":{"@type":"EntryPoint","urlTemplate":"https:\/\/centrourbano.com\/revista\/?s={search_term_string}"},"query-input":{"@type":"PropertyValueSpecification","valueRequired":true,"valueName":"search_term_string"}}],"inLanguage":"es"},{"@type":"Organization","@id":"https:\/\/centrourbano.com\/revista\/#organization","name":"Centro Urbano","url":"https:\/\/centrourbano.com\/revista\/","logo":{"@type":"ImageObject","inLanguage":"es","@id":"https:\/\/centrourbano.com\/revista\/#\/schema\/logo\/image\/","url":"https:\/\/centrourbano.com\/revista\/wp-content\/uploads\/web_CU_logo-1.png","contentUrl":"https:\/\/centrourbano.com\/revista\/wp-content\/uploads\/web_CU_logo-1.png","width":350,"height":91,"caption":"Centro Urbano"},"image":{"@id":"https:\/\/centrourbano.com\/revista\/#\/schema\/logo\/image\/"},"sameAs":["https:\/\/www.facebook.com\/portalcentrourbano","https:\/\/x.com\/CentroUrbano","https:\/\/www.instagram.com\/centro_urbano\/","https:\/\/www.linkedin.com\/company\/centro-urbano\/","http:\/\/www.youtube.com\/user\/portalcentrourbano"]},{"@type":"Person","@id":"https:\/\/centrourbano.com\/revista\/#\/schema\/person\/ff3c00651ce5b1630479d2cd0c2e3ac0","name":"Edgar Rosas","image":{"@type":"ImageObject","inLanguage":"es","@id":"https:\/\/secure.gravatar.com\/avatar\/94440c4283495211faa5300bf85e80061036b83fced868c3783aa1310b350d9c?s=96&d=mm&r=g","url":"https:\/\/secure.gravatar.com\/avatar\/94440c4283495211faa5300bf85e80061036b83fced868c3783aa1310b350d9c?s=96&d=mm&r=g","contentUrl":"https:\/\/secure.gravatar.com\/avatar\/94440c4283495211faa5300bf85e80061036b83fced868c3783aa1310b350d9c?s=96&d=mm&r=g","caption":"Edgar Rosas"},"description":"Editor en Jefe de Centro Urbano. Egresado de la maestr\u00eda en Periodismo Pol\u00edtico de la Escuela de Periodismo Carlos Septi\u00e9n Garc\u00eda (EPCSG). Estudi\u00f3 la licenciatura en Comunicaci\u00f3n en la Universidad Mexicana. Amante de la cr\u00f3nica y el reportaje. Admirador de Vicente Le\u00f1ero y Miguel \u00c1ngel Granados Chapa.","sameAs":["https:\/\/x.com\/https:\/\/twitter.com\/ERosasCU?s=09"],"url":"https:\/\/centrourbano.com\/revista\/author\/edgar-rosas\/"}]}},"_links":{"self":[{"href":"https:\/\/centrourbano.com\/revista\/wp-json\/wp\/v2\/posts\/60051","targetHints":{"allow":["GET"]}}],"collection":[{"href":"https:\/\/centrourbano.com\/revista\/wp-json\/wp\/v2\/posts"}],"about":[{"href":"https:\/\/centrourbano.com\/revista\/wp-json\/wp\/v2\/types\/post"}],"author":[{"embeddable":true,"href":"https:\/\/centrourbano.com\/revista\/wp-json\/wp\/v2\/users\/47"}],"replies":[{"embeddable":true,"href":"https:\/\/centrourbano.com\/revista\/wp-json\/wp\/v2\/comments?post=60051"}],"version-history":[{"count":0,"href":"https:\/\/centrourbano.com\/revista\/wp-json\/wp\/v2\/posts\/60051\/revisions"}],"wp:featuredmedia":[{"embeddable":true,"href":"https:\/\/centrourbano.com\/revista\/wp-json\/wp\/v2\/media\/60053"}],"wp:attachment":[{"href":"https:\/\/centrourbano.com\/revista\/wp-json\/wp\/v2\/media?parent=60051"}],"wp:term":[{"taxonomy":"category","embeddable":true,"href":"https:\/\/centrourbano.com\/revista\/wp-json\/wp\/v2\/categories?post=60051"},{"taxonomy":"post_tag","embeddable":true,"href":"https:\/\/centrourbano.com\/revista\/wp-json\/wp\/v2\/tags?post=60051"}],"curies":[{"name":"wp","href":"https:\/\/api.w.org\/{rel}","templated":true}]}}