{"id":59937,"date":"2017-09-18T07:47:37","date_gmt":"2017-09-18T12:47:37","guid":{"rendered":"https:\/\/centrourbano.com\/?p=59937"},"modified":"2017-09-18T00:53:02","modified_gmt":"2017-09-18T05:53:02","slug":"sin-problema-construccion-departamentos-altavista","status":"publish","type":"post","link":"https:\/\/centrourbano.com\/revista\/inmobiliario\/sin-problema-construccion-departamentos-altavista\/","title":{"rendered":"Sin problema construcci\u00f3n de departamentos en Altavista"},"content":{"rendered":"<p><em>Pol\u00edgono donde se construye es un bosque inducido, por lo que no se afecta ecosistema<\/em><br \/>\n<!--more--><\/p>\n<p>El desarrollo inmobiliario \u2018Conjunto de Departamentos Altavista\u2019, que se realiza en la delegaci\u00f3n \u00c1lvaro Obreg\u00f3n, en la Ciudad de M\u00e9xico, no tiene ning\u00fan tipo de impedimento para realizarse, as\u00ed lo determin\u00f3 la Procuradur\u00eda Federal de Protecci\u00f3n al Ambiente (Profepa). <\/p>\n<p>Esto despu\u00e9s de una visita que realiz\u00f3 personal de la dependencia federal al predio, ubicado en Altavista 80, Colonia Paseo de las Lomas, con el objeto de verificar la presunta afectaci\u00f3n de cobertura forestal de competencia federal y en atenci\u00f3n a diversas denuncias al respecto. <\/p>\n<p>De acuerdo con la informaci\u00f3n dada a conocer, se verific\u00f3 que el proyecto cuenta con autorizaci\u00f3n, bajo el resolutivo de una Manifestaci\u00f3n de Impacto Ambiental (MIA) local emitida por la Secretar\u00eda del Medio Ambiente de la Ciudad de M\u00e9xico, a favor del Grupo Financiero Invex, con folio SEDEMA\/DGRA\/DEIA\/015839\/2016.<\/p>\n<p>\u201cConforme a la MIA, se autoriz\u00f3 el derribo de 245 \u00e1rboles de diversas especies, algunas de ellas inducidas, como eucalipto, trueno, cedro, capul\u00edn, durazno y acacia. Derivado del levantamiento del pol\u00edgono, a cargo de los inspectores de esta Procuradur\u00eda, se encontr\u00f3 que el \u00e1rea total del predio es de 11,300 metros cuadrados, observ\u00e1ndose una afectaci\u00f3n en 5,701 metros cuadrados\u201d.<\/p>\n<p>Seg\u00fan las cartas topogr\u00e1ficas del Instituto Nacional de Estad\u00edstica y Geograf\u00eda (Inegi) Series IV y V, el pol\u00edgono de afectaci\u00f3n se ubica en la clasificaci\u00f3n denominada \u2018Bosque Cultivado\u2019, que conforme a la Gu\u00eda para la Interpretaci\u00f3n de Cartograf\u00eda de Uso del Suelo y Vegetaci\u00f3n, la define como bosques artificiales, ya que son consecuencia de una reforestaci\u00f3n con \u00e1rboles de distintos g\u00e9neros, con fines recreativos y ornamentales, los cuales ya no forman un ecosistema propiamente.  <\/p>\n<p>\u201cLos tepozanes y los encinos corresponden a vegetaci\u00f3n reminiscente de bosque, la cual ha sido mezclada con vegetaci\u00f3n inducida, de ah\u00ed su clasificaci\u00f3n como bosque cultivado. Se determin\u00f3 que no existe afectaci\u00f3n a ecosistema de bosque natural de competencia federal\u201d.<\/p>\n<p>Por lo que al ser un asunto ambiental de competencia local, se dar\u00e1 vista a la Secretar\u00eda de Medio Ambiente de la Ciudad de M\u00e9xico, a fin de que verifique el cumplimiento de las condicionantes que establece la MIA autorizada para el desarrollo del proyecto de referencia.<\/p>\n","protected":false},"excerpt":{"rendered":"<p>Pol\u00edgono donde se construye es un bosque inducido, por lo que no se afecta ecosistema<\/p>\n","protected":false},"author":37,"featured_media":59938,"comment_status":"open","ping_status":"closed","sticky":false,"template":"","format":"standard","meta":{"om_disable_all_campaigns":false,"inline_featured_image":false,"_monsterinsights_skip_tracking":false,"_monsterinsights_sitenote_active":false,"_monsterinsights_sitenote_note":"","_monsterinsights_sitenote_category":0,"footnotes":""},"categories":[15],"tags":[],"class_list":["post-59937","post","type-post","status-publish","format-standard","has-post-thumbnail","hentry","category-inmobiliario"],"yoast_head":"<!-- This site is optimized with the Yoast SEO plugin v27.4 - https:\/\/yoast.com\/product\/yoast-seo-wordpress\/ -->\n<title>Sin problema construcci\u00f3n de departamentos en Altavista -<\/title>\n<meta name=\"description\" content=\"El desarrollo inmobiliario \u2018Conjunto de Departamentos Altavista\u2019, que se realiza en la delegaci\u00f3n \u00c1lvaro Obreg\u00f3n, en la Ciudad de M\u00e9xico, no tiene ning\u00fan tipo de impedimento para realizarse, as\u00ed lo determin\u00f3 la Procuradur\u00eda Federal de Protecci\u00f3n al Ambiente (Profepa).\" \/>\n<meta name=\"robots\" content=\"index, follow, max-snippet:-1, max-image-preview:large, max-video-preview:-1\" \/>\n<link rel=\"canonical\" href=\"https:\/\/centrourbano.com\/revista\/inmobiliario\/sin-problema-construccion-departamentos-altavista\/\" \/>\n<meta property=\"og:locale\" content=\"es_ES\" \/>\n<meta property=\"og:type\" content=\"article\" \/>\n<meta property=\"og:title\" content=\"Sin problema construcci\u00f3n de departamentos en Altavista -\" \/>\n<meta property=\"og:description\" content=\"El desarrollo inmobiliario \u2018Conjunto de Departamentos Altavista\u2019, que se realiza en la delegaci\u00f3n \u00c1lvaro Obreg\u00f3n, en la Ciudad de M\u00e9xico, no tiene ning\u00fan tipo de impedimento para realizarse, as\u00ed lo determin\u00f3 la Procuradur\u00eda Federal de Protecci\u00f3n al Ambiente (Profepa).\" \/>\n<meta property=\"og:url\" content=\"https:\/\/centrourbano.com\/revista\/inmobiliario\/sin-problema-construccion-departamentos-altavista\/\" \/>\n<meta property=\"og:site_name\" content=\"Centro Urbano\" \/>\n<meta property=\"article:publisher\" content=\"https:\/\/www.facebook.com\/portalcentrourbano\" \/>\n<meta property=\"article:published_time\" content=\"2017-09-18T12:47:37+00:00\" \/>\n<meta property=\"og:image\" content=\"https:\/\/centrourbano.com\/revista\/wp-content\/uploads\/altavista-e1505713878494.jpg\" \/>\n\t<meta property=\"og:image:width\" content=\"800\" \/>\n\t<meta property=\"og:image:height\" content=\"350\" \/>\n\t<meta property=\"og:image:type\" content=\"image\/jpeg\" \/>\n<meta name=\"author\" content=\"Diego Rodr\u00edguez\" \/>\n<meta name=\"twitter:card\" content=\"summary_large_image\" \/>\n<meta name=\"twitter:creator\" content=\"@CentroUrbano\" \/>\n<meta name=\"twitter:site\" content=\"@CentroUrbano\" \/>\n<meta name=\"twitter:label1\" content=\"Escrito por\" \/>\n\t<meta name=\"twitter:data1\" content=\"Diego Rodr\u00edguez\" \/>\n\t<meta name=\"twitter:label2\" content=\"Tiempo de lectura\" \/>\n\t<meta name=\"twitter:data2\" content=\"2 minutos\" \/>\n<script type=\"application\/ld+json\" class=\"yoast-schema-graph\">{\"@context\":\"https:\\\/\\\/schema.org\",\"@graph\":[{\"@type\":\"Article\",\"@id\":\"https:\\\/\\\/centrourbano.com\\\/revista\\\/inmobiliario\\\/sin-problema-construccion-departamentos-altavista\\\/#article\",\"isPartOf\":{\"@id\":\"https:\\\/\\\/centrourbano.com\\\/revista\\\/inmobiliario\\\/sin-problema-construccion-departamentos-altavista\\\/\"},\"author\":{\"name\":\"Diego Rodr\u00edguez\",\"@id\":\"https:\\\/\\\/centrourbano.com\\\/revista\\\/#\\\/schema\\\/person\\\/b50192a3cd0e680841b45dc537f53970\"},\"headline\":\"Sin problema construcci\u00f3n de departamentos en Altavista\",\"datePublished\":\"2017-09-18T12:47:37+00:00\",\"mainEntityOfPage\":{\"@id\":\"https:\\\/\\\/centrourbano.com\\\/revista\\\/inmobiliario\\\/sin-problema-construccion-departamentos-altavista\\\/\"},\"wordCount\":412,\"commentCount\":0,\"publisher\":{\"@id\":\"https:\\\/\\\/centrourbano.com\\\/revista\\\/#organization\"},\"image\":{\"@id\":\"https:\\\/\\\/centrourbano.com\\\/revista\\\/inmobiliario\\\/sin-problema-construccion-departamentos-altavista\\\/#primaryimage\"},\"thumbnailUrl\":\"https:\\\/\\\/centrourbano.com\\\/revista\\\/wp-content\\\/uploads\\\/altavista-e1505713878494.jpg\",\"articleSection\":[\"Inmobiliario\"],\"inLanguage\":\"es\",\"potentialAction\":[{\"@type\":\"CommentAction\",\"name\":\"Comment\",\"target\":[\"https:\\\/\\\/centrourbano.com\\\/revista\\\/inmobiliario\\\/sin-problema-construccion-departamentos-altavista\\\/#respond\"]}]},{\"@type\":\"WebPage\",\"@id\":\"https:\\\/\\\/centrourbano.com\\\/revista\\\/inmobiliario\\\/sin-problema-construccion-departamentos-altavista\\\/\",\"url\":\"https:\\\/\\\/centrourbano.com\\\/revista\\\/inmobiliario\\\/sin-problema-construccion-departamentos-altavista\\\/\",\"name\":\"Sin problema construcci\u00f3n de departamentos en Altavista -\",\"isPartOf\":{\"@id\":\"https:\\\/\\\/centrourbano.com\\\/revista\\\/#website\"},\"primaryImageOfPage\":{\"@id\":\"https:\\\/\\\/centrourbano.com\\\/revista\\\/inmobiliario\\\/sin-problema-construccion-departamentos-altavista\\\/#primaryimage\"},\"image\":{\"@id\":\"https:\\\/\\\/centrourbano.com\\\/revista\\\/inmobiliario\\\/sin-problema-construccion-departamentos-altavista\\\/#primaryimage\"},\"thumbnailUrl\":\"https:\\\/\\\/centrourbano.com\\\/revista\\\/wp-content\\\/uploads\\\/altavista-e1505713878494.jpg\",\"datePublished\":\"2017-09-18T12:47:37+00:00\",\"description\":\"El desarrollo inmobiliario \u2018Conjunto de Departamentos Altavista\u2019, que se realiza en la delegaci\u00f3n \u00c1lvaro Obreg\u00f3n, en la Ciudad de M\u00e9xico, no tiene ning\u00fan tipo de impedimento para realizarse, as\u00ed lo determin\u00f3 la Procuradur\u00eda Federal de Protecci\u00f3n al Ambiente (Profepa).\",\"breadcrumb\":{\"@id\":\"https:\\\/\\\/centrourbano.com\\\/revista\\\/inmobiliario\\\/sin-problema-construccion-departamentos-altavista\\\/#breadcrumb\"},\"inLanguage\":\"es\",\"potentialAction\":[{\"@type\":\"ReadAction\",\"target\":[\"https:\\\/\\\/centrourbano.com\\\/revista\\\/inmobiliario\\\/sin-problema-construccion-departamentos-altavista\\\/\"]}]},{\"@type\":\"ImageObject\",\"inLanguage\":\"es\",\"@id\":\"https:\\\/\\\/centrourbano.com\\\/revista\\\/inmobiliario\\\/sin-problema-construccion-departamentos-altavista\\\/#primaryimage\",\"url\":\"https:\\\/\\\/centrourbano.com\\\/revista\\\/wp-content\\\/uploads\\\/altavista-e1505713878494.jpg\",\"contentUrl\":\"https:\\\/\\\/centrourbano.com\\\/revista\\\/wp-content\\\/uploads\\\/altavista-e1505713878494.jpg\",\"width\":800,\"height\":350,\"caption\":\"Pol\u00edgono donde se construye es un bosque inducido, por lo que no se afecta ecosistema\"},{\"@type\":\"BreadcrumbList\",\"@id\":\"https:\\\/\\\/centrourbano.com\\\/revista\\\/inmobiliario\\\/sin-problema-construccion-departamentos-altavista\\\/#breadcrumb\",\"itemListElement\":[{\"@type\":\"ListItem\",\"position\":1,\"name\":\"Portada\",\"item\":\"https:\\\/\\\/centrourbano.com\\\/revista\\\/\"},{\"@type\":\"ListItem\",\"position\":2,\"name\":\"Sin problema construcci\u00f3n de departamentos en Altavista\"}]},{\"@type\":\"WebSite\",\"@id\":\"https:\\\/\\\/centrourbano.com\\\/revista\\\/#website\",\"url\":\"https:\\\/\\\/centrourbano.com\\\/revista\\\/\",\"name\":\"Centro Urbano\",\"description\":\"Medio especializado en los sectores vivienda, inmobiliario, construcci\u00f3n, arquitectura y urbanismo.\",\"publisher\":{\"@id\":\"https:\\\/\\\/centrourbano.com\\\/revista\\\/#organization\"},\"potentialAction\":[{\"@type\":\"SearchAction\",\"target\":{\"@type\":\"EntryPoint\",\"urlTemplate\":\"https:\\\/\\\/centrourbano.com\\\/revista\\\/?s={search_term_string}\"},\"query-input\":{\"@type\":\"PropertyValueSpecification\",\"valueRequired\":true,\"valueName\":\"search_term_string\"}}],\"inLanguage\":\"es\"},{\"@type\":\"Organization\",\"@id\":\"https:\\\/\\\/centrourbano.com\\\/revista\\\/#organization\",\"name\":\"Centro Urbano\",\"url\":\"https:\\\/\\\/centrourbano.com\\\/revista\\\/\",\"logo\":{\"@type\":\"ImageObject\",\"inLanguage\":\"es\",\"@id\":\"https:\\\/\\\/centrourbano.com\\\/revista\\\/#\\\/schema\\\/logo\\\/image\\\/\",\"url\":\"https:\\\/\\\/centrourbano.com\\\/revista\\\/wp-content\\\/uploads\\\/web_CU_logo-1.png\",\"contentUrl\":\"https:\\\/\\\/centrourbano.com\\\/revista\\\/wp-content\\\/uploads\\\/web_CU_logo-1.png\",\"width\":350,\"height\":91,\"caption\":\"Centro Urbano\"},\"image\":{\"@id\":\"https:\\\/\\\/centrourbano.com\\\/revista\\\/#\\\/schema\\\/logo\\\/image\\\/\"},\"sameAs\":[\"https:\\\/\\\/www.facebook.com\\\/portalcentrourbano\",\"https:\\\/\\\/x.com\\\/CentroUrbano\",\"https:\\\/\\\/www.instagram.com\\\/centro_urbano\\\/\",\"https:\\\/\\\/www.linkedin.com\\\/company\\\/centro-urbano\\\/\",\"http:\\\/\\\/www.youtube.com\\\/user\\\/portalcentrourbano\"]},{\"@type\":\"Person\",\"@id\":\"https:\\\/\\\/centrourbano.com\\\/revista\\\/#\\\/schema\\\/person\\\/b50192a3cd0e680841b45dc537f53970\",\"name\":\"Diego Rodr\u00edguez\",\"image\":{\"@type\":\"ImageObject\",\"inLanguage\":\"es\",\"@id\":\"https:\\\/\\\/secure.gravatar.com\\\/avatar\\\/d217565525df2df5d4e7265d47758506f41845ed9529510921a7625d8365789d?s=96&d=mm&r=g\",\"url\":\"https:\\\/\\\/secure.gravatar.com\\\/avatar\\\/d217565525df2df5d4e7265d47758506f41845ed9529510921a7625d8365789d?s=96&d=mm&r=g\",\"contentUrl\":\"https:\\\/\\\/secure.gravatar.com\\\/avatar\\\/d217565525df2df5d4e7265d47758506f41845ed9529510921a7625d8365789d?s=96&d=mm&r=g\",\"caption\":\"Diego Rodr\u00edguez\"},\"description\":\"Egresado de la Facultad de Estudios Superiores Acatl\u00e1n de la carrera en Comunicaci\u00f3n, con especialidad en medios escritos. Reportero del desaparecido peri\u00f3dico Nuestro M\u00e9xico, en donde cubri\u00f3 las fuentes delegacionales y Asamblea Legislativa. Tambi\u00e9n trabaj\u00f3 en la Coordinaci\u00f3n de Comunicaci\u00f3n Social en la delegaci\u00f3n \u00c1lvaro Obreg\u00f3n. Le gusta leer novelas y cuentos.\",\"url\":\"https:\\\/\\\/centrourbano.com\\\/revista\\\/author\\\/diegorodriguez\\\/\"}]}<\/script>\n<!-- \/ Yoast SEO plugin. -->","yoast_head_json":{"title":"Sin problema construcci\u00f3n de departamentos en Altavista -","description":"El desarrollo inmobiliario \u2018Conjunto de Departamentos Altavista\u2019, que se realiza en la delegaci\u00f3n \u00c1lvaro Obreg\u00f3n, en la Ciudad de M\u00e9xico, no tiene ning\u00fan tipo de impedimento para realizarse, as\u00ed lo determin\u00f3 la Procuradur\u00eda Federal de Protecci\u00f3n al Ambiente (Profepa).","robots":{"index":"index","follow":"follow","max-snippet":"max-snippet:-1","max-image-preview":"max-image-preview:large","max-video-preview":"max-video-preview:-1"},"canonical":"https:\/\/centrourbano.com\/revista\/inmobiliario\/sin-problema-construccion-departamentos-altavista\/","og_locale":"es_ES","og_type":"article","og_title":"Sin problema construcci\u00f3n de departamentos en Altavista -","og_description":"El desarrollo inmobiliario \u2018Conjunto de Departamentos Altavista\u2019, que se realiza en la delegaci\u00f3n \u00c1lvaro Obreg\u00f3n, en la Ciudad de M\u00e9xico, no tiene ning\u00fan tipo de impedimento para realizarse, as\u00ed lo determin\u00f3 la Procuradur\u00eda Federal de Protecci\u00f3n al Ambiente (Profepa).","og_url":"https:\/\/centrourbano.com\/revista\/inmobiliario\/sin-problema-construccion-departamentos-altavista\/","og_site_name":"Centro Urbano","article_publisher":"https:\/\/www.facebook.com\/portalcentrourbano","article_published_time":"2017-09-18T12:47:37+00:00","og_image":[{"width":800,"height":350,"url":"https:\/\/centrourbano.com\/revista\/wp-content\/uploads\/altavista-e1505713878494.jpg","type":"image\/jpeg"}],"author":"Diego Rodr\u00edguez","twitter_card":"summary_large_image","twitter_creator":"@CentroUrbano","twitter_site":"@CentroUrbano","twitter_misc":{"Escrito por":"Diego Rodr\u00edguez","Tiempo de lectura":"2 minutos"},"schema":{"@context":"https:\/\/schema.org","@graph":[{"@type":"Article","@id":"https:\/\/centrourbano.com\/revista\/inmobiliario\/sin-problema-construccion-departamentos-altavista\/#article","isPartOf":{"@id":"https:\/\/centrourbano.com\/revista\/inmobiliario\/sin-problema-construccion-departamentos-altavista\/"},"author":{"name":"Diego Rodr\u00edguez","@id":"https:\/\/centrourbano.com\/revista\/#\/schema\/person\/b50192a3cd0e680841b45dc537f53970"},"headline":"Sin problema construcci\u00f3n de departamentos en Altavista","datePublished":"2017-09-18T12:47:37+00:00","mainEntityOfPage":{"@id":"https:\/\/centrourbano.com\/revista\/inmobiliario\/sin-problema-construccion-departamentos-altavista\/"},"wordCount":412,"commentCount":0,"publisher":{"@id":"https:\/\/centrourbano.com\/revista\/#organization"},"image":{"@id":"https:\/\/centrourbano.com\/revista\/inmobiliario\/sin-problema-construccion-departamentos-altavista\/#primaryimage"},"thumbnailUrl":"https:\/\/centrourbano.com\/revista\/wp-content\/uploads\/altavista-e1505713878494.jpg","articleSection":["Inmobiliario"],"inLanguage":"es","potentialAction":[{"@type":"CommentAction","name":"Comment","target":["https:\/\/centrourbano.com\/revista\/inmobiliario\/sin-problema-construccion-departamentos-altavista\/#respond"]}]},{"@type":"WebPage","@id":"https:\/\/centrourbano.com\/revista\/inmobiliario\/sin-problema-construccion-departamentos-altavista\/","url":"https:\/\/centrourbano.com\/revista\/inmobiliario\/sin-problema-construccion-departamentos-altavista\/","name":"Sin problema construcci\u00f3n de departamentos en Altavista -","isPartOf":{"@id":"https:\/\/centrourbano.com\/revista\/#website"},"primaryImageOfPage":{"@id":"https:\/\/centrourbano.com\/revista\/inmobiliario\/sin-problema-construccion-departamentos-altavista\/#primaryimage"},"image":{"@id":"https:\/\/centrourbano.com\/revista\/inmobiliario\/sin-problema-construccion-departamentos-altavista\/#primaryimage"},"thumbnailUrl":"https:\/\/centrourbano.com\/revista\/wp-content\/uploads\/altavista-e1505713878494.jpg","datePublished":"2017-09-18T12:47:37+00:00","description":"El desarrollo inmobiliario \u2018Conjunto de Departamentos Altavista\u2019, que se realiza en la delegaci\u00f3n \u00c1lvaro Obreg\u00f3n, en la Ciudad de M\u00e9xico, no tiene ning\u00fan tipo de impedimento para realizarse, as\u00ed lo determin\u00f3 la Procuradur\u00eda Federal de Protecci\u00f3n al Ambiente (Profepa).","breadcrumb":{"@id":"https:\/\/centrourbano.com\/revista\/inmobiliario\/sin-problema-construccion-departamentos-altavista\/#breadcrumb"},"inLanguage":"es","potentialAction":[{"@type":"ReadAction","target":["https:\/\/centrourbano.com\/revista\/inmobiliario\/sin-problema-construccion-departamentos-altavista\/"]}]},{"@type":"ImageObject","inLanguage":"es","@id":"https:\/\/centrourbano.com\/revista\/inmobiliario\/sin-problema-construccion-departamentos-altavista\/#primaryimage","url":"https:\/\/centrourbano.com\/revista\/wp-content\/uploads\/altavista-e1505713878494.jpg","contentUrl":"https:\/\/centrourbano.com\/revista\/wp-content\/uploads\/altavista-e1505713878494.jpg","width":800,"height":350,"caption":"Pol\u00edgono donde se construye es un bosque inducido, por lo que no se afecta ecosistema"},{"@type":"BreadcrumbList","@id":"https:\/\/centrourbano.com\/revista\/inmobiliario\/sin-problema-construccion-departamentos-altavista\/#breadcrumb","itemListElement":[{"@type":"ListItem","position":1,"name":"Portada","item":"https:\/\/centrourbano.com\/revista\/"},{"@type":"ListItem","position":2,"name":"Sin problema construcci\u00f3n de departamentos en Altavista"}]},{"@type":"WebSite","@id":"https:\/\/centrourbano.com\/revista\/#website","url":"https:\/\/centrourbano.com\/revista\/","name":"Centro Urbano","description":"Medio especializado en los sectores vivienda, inmobiliario, construcci\u00f3n, arquitectura y urbanismo.","publisher":{"@id":"https:\/\/centrourbano.com\/revista\/#organization"},"potentialAction":[{"@type":"SearchAction","target":{"@type":"EntryPoint","urlTemplate":"https:\/\/centrourbano.com\/revista\/?s={search_term_string}"},"query-input":{"@type":"PropertyValueSpecification","valueRequired":true,"valueName":"search_term_string"}}],"inLanguage":"es"},{"@type":"Organization","@id":"https:\/\/centrourbano.com\/revista\/#organization","name":"Centro Urbano","url":"https:\/\/centrourbano.com\/revista\/","logo":{"@type":"ImageObject","inLanguage":"es","@id":"https:\/\/centrourbano.com\/revista\/#\/schema\/logo\/image\/","url":"https:\/\/centrourbano.com\/revista\/wp-content\/uploads\/web_CU_logo-1.png","contentUrl":"https:\/\/centrourbano.com\/revista\/wp-content\/uploads\/web_CU_logo-1.png","width":350,"height":91,"caption":"Centro Urbano"},"image":{"@id":"https:\/\/centrourbano.com\/revista\/#\/schema\/logo\/image\/"},"sameAs":["https:\/\/www.facebook.com\/portalcentrourbano","https:\/\/x.com\/CentroUrbano","https:\/\/www.instagram.com\/centro_urbano\/","https:\/\/www.linkedin.com\/company\/centro-urbano\/","http:\/\/www.youtube.com\/user\/portalcentrourbano"]},{"@type":"Person","@id":"https:\/\/centrourbano.com\/revista\/#\/schema\/person\/b50192a3cd0e680841b45dc537f53970","name":"Diego Rodr\u00edguez","image":{"@type":"ImageObject","inLanguage":"es","@id":"https:\/\/secure.gravatar.com\/avatar\/d217565525df2df5d4e7265d47758506f41845ed9529510921a7625d8365789d?s=96&d=mm&r=g","url":"https:\/\/secure.gravatar.com\/avatar\/d217565525df2df5d4e7265d47758506f41845ed9529510921a7625d8365789d?s=96&d=mm&r=g","contentUrl":"https:\/\/secure.gravatar.com\/avatar\/d217565525df2df5d4e7265d47758506f41845ed9529510921a7625d8365789d?s=96&d=mm&r=g","caption":"Diego Rodr\u00edguez"},"description":"Egresado de la Facultad de Estudios Superiores Acatl\u00e1n de la carrera en Comunicaci\u00f3n, con especialidad en medios escritos. Reportero del desaparecido peri\u00f3dico Nuestro M\u00e9xico, en donde cubri\u00f3 las fuentes delegacionales y Asamblea Legislativa. Tambi\u00e9n trabaj\u00f3 en la Coordinaci\u00f3n de Comunicaci\u00f3n Social en la delegaci\u00f3n \u00c1lvaro Obreg\u00f3n. Le gusta leer novelas y cuentos.","url":"https:\/\/centrourbano.com\/revista\/author\/diegorodriguez\/"}]}},"_links":{"self":[{"href":"https:\/\/centrourbano.com\/revista\/wp-json\/wp\/v2\/posts\/59937","targetHints":{"allow":["GET"]}}],"collection":[{"href":"https:\/\/centrourbano.com\/revista\/wp-json\/wp\/v2\/posts"}],"about":[{"href":"https:\/\/centrourbano.com\/revista\/wp-json\/wp\/v2\/types\/post"}],"author":[{"embeddable":true,"href":"https:\/\/centrourbano.com\/revista\/wp-json\/wp\/v2\/users\/37"}],"replies":[{"embeddable":true,"href":"https:\/\/centrourbano.com\/revista\/wp-json\/wp\/v2\/comments?post=59937"}],"version-history":[{"count":0,"href":"https:\/\/centrourbano.com\/revista\/wp-json\/wp\/v2\/posts\/59937\/revisions"}],"wp:featuredmedia":[{"embeddable":true,"href":"https:\/\/centrourbano.com\/revista\/wp-json\/wp\/v2\/media\/59938"}],"wp:attachment":[{"href":"https:\/\/centrourbano.com\/revista\/wp-json\/wp\/v2\/media?parent=59937"}],"wp:term":[{"taxonomy":"category","embeddable":true,"href":"https:\/\/centrourbano.com\/revista\/wp-json\/wp\/v2\/categories?post=59937"},{"taxonomy":"post_tag","embeddable":true,"href":"https:\/\/centrourbano.com\/revista\/wp-json\/wp\/v2\/tags?post=59937"}],"curies":[{"name":"wp","href":"https:\/\/api.w.org\/{rel}","templated":true}]}}